{"id":991,"date":"2021-03-29T18:33:58","date_gmt":"2021-03-29T15:33:58","guid":{"rendered":"https:\/\/www.theoxygenproject.com\/es\/?p=991"},"modified":"2021-03-29T18:33:58","modified_gmt":"2021-03-29T15:33:58","slug":"en-un-pais-que-se-incendia-se-levantan-voces-pro-medioambiente","status":"publish","type":"post","link":"https:\/\/www.theoxygenproject.com\/es\/en-un-pais-que-se-incendia-se-levantan-voces-pro-medioambiente\/","title":{"rendered":"En un pa\u00eds que se incendia se levantan voces pro medioambiente"},"content":{"rendered":"<p><span style=\"font-weight: 400;\">Por: Lauren Pezzullo\u00a0<\/span><\/p>\n<p><span style=\"font-weight: 400;\">Lee el art\u00edculo en ingl\u00e9s <\/span><a href=\"https:\/\/www.theoxygenproject.com\/post\/top-influencers-in-australia\/\"><span style=\"font-weight: 400;\">aqu\u00ed\u00a0<\/span><\/a><\/p>\n<p><span style=\"font-weight: 400;\">Aunque Australia experimenta regularmente una temporada de incendios en verano, los incendios forestales estos \u00faltimos a\u00f1os fueron los peores en d\u00e9cadas, arrasando grandes franjas de su impresionante paisaje natural durante meses. Los efectos fueron nefastos ,los incendios destruyeron casas y se cobraron la vida de muchas personas y hasta mil millones de animales, y muchos se\u00f1alan al cambio clim\u00e1tico como la causa que potencia estos desastres ecol\u00f3gicos.<\/span><\/p>\n<p><span style=\"font-weight: 400;\">A medida que el pa\u00eds se recupera, los defensores del medio ambiente est\u00e1n m\u00e1s preocupados que nunca sobre c\u00f3mo nuestras acciones tienen consecuencias que resuenan a lo largo del tiempo. Numerosos j\u00f3venes australianos est\u00e1n utilizando las redes sociales para concientizar sobre los graves problemas medioambientales y para animarnos a cambiar nuestras comunidades. Sigue leyendo para conocer a las 10 voces que lideran el camino de la justicia clim\u00e1tica en Australia.<\/span><\/p>\n<h2><a href=\"https:\/\/www.instagram.com\/mrspress\/\"><b>Clare Press<\/b><\/a><\/h2>\n","protected":false},"excerpt":{"rendered":"<p>Por: Lauren Pezzullo\u00a0 Lee el art\u00edculo en ingl\u00e9s aqu\u00ed\u00a0 Aunque Australia experimenta regularmente una temporada de incendios en verano, los incendios forestales estos \u00faltimos a\u00f1os fueron los peores en d\u00e9cadas,&#8230;<\/p>\n","protected":false},"author":3,"featured_media":1002,"comment_status":"closed","ping_status":"closed","sticky":false,"template":"","format":"standard","meta":{"_mo_disable_npp":"","footnotes":""},"categories":[10,5,12,8,11,1],"tags":[],"class_list":["post-991","post","type-post","status-publish","format-standard","has-post-thumbnail","hentry","category-agua","category-cambio-climatico","category-deforestacion","category-fauna-silvestre","category-politica","category-uncategorized"],"yoast_head":"<!-- This site is optimized with the Yoast SEO plugin v28.3 - https:\/\/yoast.com\/product\/yoast-seo-wordpress\/ -->\n<title>En un pa\u00eds que se incendia se levantan voces pro medioambiente - The Oxygen Project<\/title>\n<meta name=\"robots\" content=\"index, follow, max-snippet:-1, max-image-preview:large, max-video-preview:-1\" \/>\n<link rel=\"canonical\" href=\"https:\/\/www.theoxygenproject.com\/es\/en-un-pais-que-se-incendia-se-levantan-voces-pro-medioambiente\/\" \/>\n<meta property=\"og:locale\" content=\"en_US\" \/>\n<meta property=\"og:type\" content=\"article\" \/>\n<meta property=\"og:title\" content=\"En un pa\u00eds que se incendia se levantan voces pro medioambiente - The Oxygen Project\" \/>\n<meta property=\"og:description\" content=\"Por: Lauren Pezzullo\u00a0 Lee el art\u00edculo en ingl\u00e9s aqu\u00ed\u00a0 Aunque Australia experimenta regularmente una temporada de incendios en verano, los incendios forestales estos \u00faltimos a\u00f1os fueron los peores en d\u00e9cadas,...\" \/>\n<meta property=\"og:url\" content=\"https:\/\/www.theoxygenproject.com\/es\/en-un-pais-que-se-incendia-se-levantan-voces-pro-medioambiente\/\" \/>\n<meta property=\"og:site_name\" content=\"The Oxygen Project\" \/>\n<meta property=\"article:publisher\" content=\"https:\/\/www.facebook.com\/theoxygenproj\" \/>\n<meta property=\"article:published_time\" content=\"2021-03-29T15:33:58+00:00\" \/>\n<meta property=\"og:image\" content=\"https:\/\/www.theoxygenproject.com\/es\/wp-content\/uploads\/2021\/03\/Captura-de-pantalla-2021-03-29-a-las-11.49.49.png\" \/>\n\t<meta property=\"og:image:width\" content=\"599\" \/>\n\t<meta property=\"og:image:height\" content=\"400\" \/>\n\t<meta property=\"og:image:type\" content=\"image\/png\" \/>\n<meta name=\"author\" content=\"Pilar R\u00edos\" \/>\n<meta name=\"twitter:card\" content=\"summary_large_image\" \/>\n<meta name=\"twitter:creator\" content=\"@theoxygenproj\" \/>\n<meta name=\"twitter:site\" content=\"@theoxygenproj\" \/>\n<meta name=\"twitter:label1\" content=\"Written by\" \/>\n\t<meta name=\"twitter:data1\" content=\"Pilar R\u00edos\" \/>\n\t<meta name=\"twitter:label2\" content=\"Est. reading time\" \/>\n\t<meta name=\"twitter:data2\" content=\"1 minute\" \/>\n<script type=\"application\/ld+json\" class=\"yoast-schema-graph\">{\"@context\":\"https:\\\/\\\/schema.org\",\"@graph\":[{\"@type\":\"Article\",\"@id\":\"https:\\\/\\\/www.theoxygenproject.com\\\/es\\\/en-un-pais-que-se-incendia-se-levantan-voces-pro-medioambiente\\\/#article\",\"isPartOf\":{\"@id\":\"https:\\\/\\\/www.theoxygenproject.com\\\/es\\\/en-un-pais-que-se-incendia-se-levantan-voces-pro-medioambiente\\\/\"},\"author\":{\"name\":\"Pilar R\u00edos\",\"@id\":\"https:\\\/\\\/www.theoxygenproject.com\\\/es\\\/#\\\/schema\\\/person\\\/fd1d50a727859a9283fdd988aca8d8fb\"},\"headline\":\"En un pa\u00eds que se incendia se levantan voces pro medioambiente\",\"datePublished\":\"2021-03-29T15:33:58+00:00\",\"mainEntityOfPage\":{\"@id\":\"https:\\\/\\\/www.theoxygenproject.com\\\/es\\\/en-un-pais-que-se-incendia-se-levantan-voces-pro-medioambiente\\\/\"},\"wordCount\":173,\"publisher\":{\"@id\":\"https:\\\/\\\/www.theoxygenproject.com\\\/es\\\/#organization\"},\"image\":{\"@id\":\"https:\\\/\\\/www.theoxygenproject.com\\\/es\\\/en-un-pais-que-se-incendia-se-levantan-voces-pro-medioambiente\\\/#primaryimage\"},\"thumbnailUrl\":\"https:\\\/\\\/www.theoxygenproject.com\\\/es\\\/wp-content\\\/uploads\\\/2021\\\/03\\\/Captura-de-pantalla-2021-03-29-a-las-11.49.49.png\",\"articleSection\":[\"Agua\",\"Cambio clim\u00e1tico\",\"Deforestaci\u00f3n\",\"Fauna silvestre\",\"pol\u00edtica\"],\"inLanguage\":\"en-US\"},{\"@type\":\"WebPage\",\"@id\":\"https:\\\/\\\/www.theoxygenproject.com\\\/es\\\/en-un-pais-que-se-incendia-se-levantan-voces-pro-medioambiente\\\/\",\"url\":\"https:\\\/\\\/www.theoxygenproject.com\\\/es\\\/en-un-pais-que-se-incendia-se-levantan-voces-pro-medioambiente\\\/\",\"name\":\"En un pa\u00eds que se incendia se levantan voces pro medioambiente - The Oxygen Project\",\"isPartOf\":{\"@id\":\"https:\\\/\\\/www.theoxygenproject.com\\\/es\\\/#website\"},\"primaryImageOfPage\":{\"@id\":\"https:\\\/\\\/www.theoxygenproject.com\\\/es\\\/en-un-pais-que-se-incendia-se-levantan-voces-pro-medioambiente\\\/#primaryimage\"},\"image\":{\"@id\":\"https:\\\/\\\/www.theoxygenproject.com\\\/es\\\/en-un-pais-que-se-incendia-se-levantan-voces-pro-medioambiente\\\/#primaryimage\"},\"thumbnailUrl\":\"https:\\\/\\\/www.theoxygenproject.com\\\/es\\\/wp-content\\\/uploads\\\/2021\\\/03\\\/Captura-de-pantalla-2021-03-29-a-las-11.49.49.png\",\"datePublished\":\"2021-03-29T15:33:58+00:00\",\"breadcrumb\":{\"@id\":\"https:\\\/\\\/www.theoxygenproject.com\\\/es\\\/en-un-pais-que-se-incendia-se-levantan-voces-pro-medioambiente\\\/#breadcrumb\"},\"inLanguage\":\"en-US\",\"potentialAction\":[{\"@type\":\"ReadAction\",\"target\":[\"https:\\\/\\\/www.theoxygenproject.com\\\/es\\\/en-un-pais-que-se-incendia-se-levantan-voces-pro-medioambiente\\\/\"]}]},{\"@type\":\"ImageObject\",\"inLanguage\":\"en-US\",\"@id\":\"https:\\\/\\\/www.theoxygenproject.com\\\/es\\\/en-un-pais-que-se-incendia-se-levantan-voces-pro-medioambiente\\\/#primaryimage\",\"url\":\"https:\\\/\\\/www.theoxygenproject.com\\\/es\\\/wp-content\\\/uploads\\\/2021\\\/03\\\/Captura-de-pantalla-2021-03-29-a-las-11.49.49.png\",\"contentUrl\":\"https:\\\/\\\/www.theoxygenproject.com\\\/es\\\/wp-content\\\/uploads\\\/2021\\\/03\\\/Captura-de-pantalla-2021-03-29-a-las-11.49.49.png\",\"width\":599,\"height\":400},{\"@type\":\"BreadcrumbList\",\"@id\":\"https:\\\/\\\/www.theoxygenproject.com\\\/es\\\/en-un-pais-que-se-incendia-se-levantan-voces-pro-medioambiente\\\/#breadcrumb\",\"itemListElement\":[{\"@type\":\"ListItem\",\"position\":1,\"name\":\"Home\",\"item\":\"https:\\\/\\\/www.theoxygenproject.com\\\/es\\\/\"},{\"@type\":\"ListItem\",\"position\":2,\"name\":\"En un pa\u00eds que se incendia se levantan voces pro medioambiente\"}]},{\"@type\":\"WebSite\",\"@id\":\"https:\\\/\\\/www.theoxygenproject.com\\\/es\\\/#website\",\"url\":\"https:\\\/\\\/www.theoxygenproject.com\\\/es\\\/\",\"name\":\"The Oxygen Project\",\"description\":\"\",\"publisher\":{\"@id\":\"https:\\\/\\\/www.theoxygenproject.com\\\/es\\\/#organization\"},\"potentialAction\":[{\"@type\":\"SearchAction\",\"target\":{\"@type\":\"EntryPoint\",\"urlTemplate\":\"https:\\\/\\\/www.theoxygenproject.com\\\/es\\\/?s={search_term_string}\"},\"query-input\":{\"@type\":\"PropertyValueSpecification\",\"valueRequired\":true,\"valueName\":\"search_term_string\"}}],\"inLanguage\":\"en-US\"},{\"@type\":\"Organization\",\"@id\":\"https:\\\/\\\/www.theoxygenproject.com\\\/es\\\/#organization\",\"name\":\"The Oxygen Project\",\"url\":\"https:\\\/\\\/www.theoxygenproject.com\\\/es\\\/\",\"logo\":{\"@type\":\"ImageObject\",\"inLanguage\":\"en-US\",\"@id\":\"https:\\\/\\\/www.theoxygenproject.com\\\/es\\\/#\\\/schema\\\/logo\\\/image\\\/\",\"url\":\"https:\\\/\\\/www.theoxygenproject.com\\\/es\\\/wp-content\\\/uploads\\\/2024\\\/05\\\/top-logo-dark.png\",\"contentUrl\":\"https:\\\/\\\/www.theoxygenproject.com\\\/es\\\/wp-content\\\/uploads\\\/2024\\\/05\\\/top-logo-dark.png\",\"width\":384,\"height\":256,\"caption\":\"The Oxygen Project\"},\"image\":{\"@id\":\"https:\\\/\\\/www.theoxygenproject.com\\\/es\\\/#\\\/schema\\\/logo\\\/image\\\/\"},\"sameAs\":[\"https:\\\/\\\/www.facebook.com\\\/theoxygenproj\",\"https:\\\/\\\/x.com\\\/theoxygenproj\"]},{\"@type\":\"Person\",\"@id\":\"https:\\\/\\\/www.theoxygenproject.com\\\/es\\\/#\\\/schema\\\/person\\\/fd1d50a727859a9283fdd988aca8d8fb\",\"name\":\"Pilar R\u00edos\",\"image\":{\"@type\":\"ImageObject\",\"inLanguage\":\"en-US\",\"@id\":\"https:\\\/\\\/secure.gravatar.com\\\/avatar\\\/cb4cf509d6c8cf9193108e3149294241c2397964dbeb5a2a6e6b0a4a4127fc37?s=96&d=mm&r=g\",\"url\":\"https:\\\/\\\/secure.gravatar.com\\\/avatar\\\/cb4cf509d6c8cf9193108e3149294241c2397964dbeb5a2a6e6b0a4a4127fc37?s=96&d=mm&r=g\",\"contentUrl\":\"https:\\\/\\\/secure.gravatar.com\\\/avatar\\\/cb4cf509d6c8cf9193108e3149294241c2397964dbeb5a2a6e6b0a4a4127fc37?s=96&d=mm&r=g\",\"caption\":\"Pilar R\u00edos\"},\"url\":\"https:\\\/\\\/www.theoxygenproject.com\\\/es\\\/author\\\/admin-2\\\/\"}]}<\/script>\n<!-- \/ Yoast SEO plugin. -->","yoast_head_json":{"title":"En un pa\u00eds que se incendia se levantan voces pro medioambiente - The Oxygen Project","robots":{"index":"index","follow":"follow","max-snippet":"max-snippet:-1","max-image-preview":"max-image-preview:large","max-video-preview":"max-video-preview:-1"},"canonical":"https:\/\/www.theoxygenproject.com\/es\/en-un-pais-que-se-incendia-se-levantan-voces-pro-medioambiente\/","og_locale":"en_US","og_type":"article","og_title":"En un pa\u00eds que se incendia se levantan voces pro medioambiente - The Oxygen Project","og_description":"Por: Lauren Pezzullo\u00a0 Lee el art\u00edculo en ingl\u00e9s aqu\u00ed\u00a0 Aunque Australia experimenta regularmente una temporada de incendios en verano, los incendios forestales estos \u00faltimos a\u00f1os fueron los peores en d\u00e9cadas,...","og_url":"https:\/\/www.theoxygenproject.com\/es\/en-un-pais-que-se-incendia-se-levantan-voces-pro-medioambiente\/","og_site_name":"The Oxygen Project","article_publisher":"https:\/\/www.facebook.com\/theoxygenproj","article_published_time":"2021-03-29T15:33:58+00:00","og_image":[{"width":599,"height":400,"url":"https:\/\/www.theoxygenproject.com\/es\/wp-content\/uploads\/2021\/03\/Captura-de-pantalla-2021-03-29-a-las-11.49.49.png","type":"image\/png"}],"author":"Pilar R\u00edos","twitter_card":"summary_large_image","twitter_creator":"@theoxygenproj","twitter_site":"@theoxygenproj","twitter_misc":{"Written by":"Pilar R\u00edos","Est. reading time":"1 minute"},"schema":{"@context":"https:\/\/schema.org","@graph":[{"@type":"Article","@id":"https:\/\/www.theoxygenproject.com\/es\/en-un-pais-que-se-incendia-se-levantan-voces-pro-medioambiente\/#article","isPartOf":{"@id":"https:\/\/www.theoxygenproject.com\/es\/en-un-pais-que-se-incendia-se-levantan-voces-pro-medioambiente\/"},"author":{"name":"Pilar R\u00edos","@id":"https:\/\/www.theoxygenproject.com\/es\/#\/schema\/person\/fd1d50a727859a9283fdd988aca8d8fb"},"headline":"En un pa\u00eds que se incendia se levantan voces pro medioambiente","datePublished":"2021-03-29T15:33:58+00:00","mainEntityOfPage":{"@id":"https:\/\/www.theoxygenproject.com\/es\/en-un-pais-que-se-incendia-se-levantan-voces-pro-medioambiente\/"},"wordCount":173,"publisher":{"@id":"https:\/\/www.theoxygenproject.com\/es\/#organization"},"image":{"@id":"https:\/\/www.theoxygenproject.com\/es\/en-un-pais-que-se-incendia-se-levantan-voces-pro-medioambiente\/#primaryimage"},"thumbnailUrl":"https:\/\/www.theoxygenproject.com\/es\/wp-content\/uploads\/2021\/03\/Captura-de-pantalla-2021-03-29-a-las-11.49.49.png","articleSection":["Agua","Cambio clim\u00e1tico","Deforestaci\u00f3n","Fauna silvestre","pol\u00edtica"],"inLanguage":"en-US"},{"@type":"WebPage","@id":"https:\/\/www.theoxygenproject.com\/es\/en-un-pais-que-se-incendia-se-levantan-voces-pro-medioambiente\/","url":"https:\/\/www.theoxygenproject.com\/es\/en-un-pais-que-se-incendia-se-levantan-voces-pro-medioambiente\/","name":"En un pa\u00eds que se incendia se levantan voces pro medioambiente - The Oxygen Project","isPartOf":{"@id":"https:\/\/www.theoxygenproject.com\/es\/#website"},"primaryImageOfPage":{"@id":"https:\/\/www.theoxygenproject.com\/es\/en-un-pais-que-se-incendia-se-levantan-voces-pro-medioambiente\/#primaryimage"},"image":{"@id":"https:\/\/www.theoxygenproject.com\/es\/en-un-pais-que-se-incendia-se-levantan-voces-pro-medioambiente\/#primaryimage"},"thumbnailUrl":"https:\/\/www.theoxygenproject.com\/es\/wp-content\/uploads\/2021\/03\/Captura-de-pantalla-2021-03-29-a-las-11.49.49.png","datePublished":"2021-03-29T15:33:58+00:00","breadcrumb":{"@id":"https:\/\/www.theoxygenproject.com\/es\/en-un-pais-que-se-incendia-se-levantan-voces-pro-medioambiente\/#breadcrumb"},"inLanguage":"en-US","potentialAction":[{"@type":"ReadAction","target":["https:\/\/www.theoxygenproject.com\/es\/en-un-pais-que-se-incendia-se-levantan-voces-pro-medioambiente\/"]}]},{"@type":"ImageObject","inLanguage":"en-US","@id":"https:\/\/www.theoxygenproject.com\/es\/en-un-pais-que-se-incendia-se-levantan-voces-pro-medioambiente\/#primaryimage","url":"https:\/\/www.theoxygenproject.com\/es\/wp-content\/uploads\/2021\/03\/Captura-de-pantalla-2021-03-29-a-las-11.49.49.png","contentUrl":"https:\/\/www.theoxygenproject.com\/es\/wp-content\/uploads\/2021\/03\/Captura-de-pantalla-2021-03-29-a-las-11.49.49.png","width":599,"height":400},{"@type":"BreadcrumbList","@id":"https:\/\/www.theoxygenproject.com\/es\/en-un-pais-que-se-incendia-se-levantan-voces-pro-medioambiente\/#breadcrumb","itemListElement":[{"@type":"ListItem","position":1,"name":"Home","item":"https:\/\/www.theoxygenproject.com\/es\/"},{"@type":"ListItem","position":2,"name":"En un pa\u00eds que se incendia se levantan voces pro medioambiente"}]},{"@type":"WebSite","@id":"https:\/\/www.theoxygenproject.com\/es\/#website","url":"https:\/\/www.theoxygenproject.com\/es\/","name":"The Oxygen Project","description":"","publisher":{"@id":"https:\/\/www.theoxygenproject.com\/es\/#organization"},"potentialAction":[{"@type":"SearchAction","target":{"@type":"EntryPoint","urlTemplate":"https:\/\/www.theoxygenproject.com\/es\/?s={search_term_string}"},"query-input":{"@type":"PropertyValueSpecification","valueRequired":true,"valueName":"search_term_string"}}],"inLanguage":"en-US"},{"@type":"Organization","@id":"https:\/\/www.theoxygenproject.com\/es\/#organization","name":"The Oxygen Project","url":"https:\/\/www.theoxygenproject.com\/es\/","logo":{"@type":"ImageObject","inLanguage":"en-US","@id":"https:\/\/www.theoxygenproject.com\/es\/#\/schema\/logo\/image\/","url":"https:\/\/www.theoxygenproject.com\/es\/wp-content\/uploads\/2024\/05\/top-logo-dark.png","contentUrl":"https:\/\/www.theoxygenproject.com\/es\/wp-content\/uploads\/2024\/05\/top-logo-dark.png","width":384,"height":256,"caption":"The Oxygen Project"},"image":{"@id":"https:\/\/www.theoxygenproject.com\/es\/#\/schema\/logo\/image\/"},"sameAs":["https:\/\/www.facebook.com\/theoxygenproj","https:\/\/x.com\/theoxygenproj"]},{"@type":"Person","@id":"https:\/\/www.theoxygenproject.com\/es\/#\/schema\/person\/fd1d50a727859a9283fdd988aca8d8fb","name":"Pilar R\u00edos","image":{"@type":"ImageObject","inLanguage":"en-US","@id":"https:\/\/secure.gravatar.com\/avatar\/cb4cf509d6c8cf9193108e3149294241c2397964dbeb5a2a6e6b0a4a4127fc37?s=96&d=mm&r=g","url":"https:\/\/secure.gravatar.com\/avatar\/cb4cf509d6c8cf9193108e3149294241c2397964dbeb5a2a6e6b0a4a4127fc37?s=96&d=mm&r=g","contentUrl":"https:\/\/secure.gravatar.com\/avatar\/cb4cf509d6c8cf9193108e3149294241c2397964dbeb5a2a6e6b0a4a4127fc37?s=96&d=mm&r=g","caption":"Pilar R\u00edos"},"url":"https:\/\/www.theoxygenproject.com\/es\/author\/admin-2\/"}]}},"_links":{"self":[{"href":"https:\/\/www.theoxygenproject.com\/es\/wp-json\/wp\/v2\/posts\/991","targetHints":{"allow":["GET"]}}],"collection":[{"href":"https:\/\/www.theoxygenproject.com\/es\/wp-json\/wp\/v2\/posts"}],"about":[{"href":"https:\/\/www.theoxygenproject.com\/es\/wp-json\/wp\/v2\/types\/post"}],"author":[{"embeddable":true,"href":"https:\/\/www.theoxygenproject.com\/es\/wp-json\/wp\/v2\/users\/3"}],"replies":[{"embeddable":true,"href":"https:\/\/www.theoxygenproject.com\/es\/wp-json\/wp\/v2\/comments?post=991"}],"version-history":[{"count":0,"href":"https:\/\/www.theoxygenproject.com\/es\/wp-json\/wp\/v2\/posts\/991\/revisions"}],"wp:featuredmedia":[{"embeddable":true,"href":"https:\/\/www.theoxygenproject.com\/es\/wp-json\/wp\/v2\/media\/1002"}],"wp:attachment":[{"href":"https:\/\/www.theoxygenproject.com\/es\/wp-json\/wp\/v2\/media?parent=991"}],"wp:term":[{"taxonomy":"category","embeddable":true,"href":"https:\/\/www.theoxygenproject.com\/es\/wp-json\/wp\/v2\/categories?post=991"},{"taxonomy":"post_tag","embeddable":true,"href":"https:\/\/www.theoxygenproject.com\/es\/wp-json\/wp\/v2\/tags?post=991"}],"curies":[{"name":"wp","href":"https:\/\/api.w.org\/{rel}","templated":true}]}}