{"id":946,"date":"2021-03-12T17:04:44","date_gmt":"2021-03-12T14:04:44","guid":{"rendered":"https:\/\/www.theoxygenproject.com\/es\/?p=946"},"modified":"2021-03-12T17:04:44","modified_gmt":"2021-03-12T14:04:44","slug":"una-bateria-de-agua-de-energia-renovable-termina-con-la-huella-ecologica-de-una-universidad","status":"publish","type":"post","link":"https:\/\/www.theoxygenproject.com\/es\/una-bateria-de-agua-de-energia-renovable-termina-con-la-huella-ecologica-de-una-universidad\/","title":{"rendered":"Una &#8220;bater\u00eda de agua&#8221; de energ\u00eda renovable termina con la huella ecol\u00f3gica de una universidad"},"content":{"rendered":"<p><span style=\"font-weight: 400;\">Por: M\u00f3nica Evans \/ febrero 19, 2021.\u00a0<\/span><\/p>\n<p><span style=\"font-weight: 400;\">No siempre es f\u00e1cil mantenerse fresco. En la actualidad, el aire acondicionado representa casi el 9% del uso global de energ\u00eda y, a medida que los niveles de vida aumentan en las partes m\u00e1s c\u00e1lidas del mundo, se prev\u00e9 que aumente significativamente. Se predice que la demanda mundial de energ\u00eda para el aire acondicionado se <\/span><a href=\"https:\/\/www.iea.org\/news\/air-conditioning-use-emerges-as-one-of-the-key-drivers-of-global-electricity-demand-growth\"><span style=\"font-weight: 400;\">triplique para 2050<\/span><\/a><span style=\"font-weight: 400;\">, lo que la convierte en uno de los principales impulsores de la demanda en las pr\u00f3ximas d\u00e9cadas.<\/span><\/p>\n<p><span style=\"font-weight: 400;\">Pero, \u00bfpodr\u00eda la abundante luz solar en lugares m\u00e1s c\u00e1lidos ayudar realmente a llevar los edificios a temperaturas m\u00e1s confortables, sin la enorme huella de carbono de los sistemas de aire acondicionado convencionales? En Queensland, Australia, el campus insignia de Sippy Downs de la <\/span><a href=\"https:\/\/www.usc.edu.au\/\"><span style=\"font-weight: 400;\">Universidad de la Costa del Sol<\/span><\/a><span style=\"font-weight: 400;\"> (USC), que destina el 60% de su uso de energ\u00eda al aire acondicionado, ha puesto en marcha un sistema eficaz de bajo impacto para aprovechar los rayos del sol para mantener frescos sus edificios.<\/span><\/p>\n<p><span style=\"font-weight: 400;\">El 2019, la instituci\u00f3n instal\u00f3 y comenz\u00f3 a operar con una &#8220;bater\u00eda de agua&#8221; gigante en el campus. Funciona as\u00ed: la energ\u00eda solar es captada por m\u00e1s de 6.500 paneles solares, que se distribuyen por los tejados del campus y las estructuras de los estacionamientos. Los paneles producen suficiente energ\u00eda para enfriar 4,5 megalitros de agua, casi el tama\u00f1o de dos piscinas ol\u00edmpicas, en una &#8220;torre de enfriamiento&#8221; especialmente dise\u00f1ada, que act\u00faa efectivamente como una bater\u00eda de ocho megavatios. El agua enfriada se usa luego para el aire acondicionado.<\/span><\/p>\n","protected":false},"excerpt":{"rendered":"<p>Por: M\u00f3nica Evans \/ febrero 19, 2021.\u00a0 No siempre es f\u00e1cil mantenerse fresco. En la actualidad, el aire acondicionado representa casi el 9% del uso global de energ\u00eda y, a&#8230;<\/p>\n","protected":false},"author":3,"featured_media":949,"comment_status":"closed","ping_status":"closed","sticky":false,"template":"","format":"standard","meta":{"_mo_disable_npp":"","footnotes":""},"categories":[3,5,9],"tags":[],"class_list":["post-946","post","type-post","status-publish","format-standard","has-post-thumbnail","hentry","category-accion-climatica","category-cambio-climatico","category-solutions"],"yoast_head":"<!-- This site is optimized with the Yoast SEO plugin v28.3 - https:\/\/yoast.com\/product\/yoast-seo-wordpress\/ -->\n<title>Una &quot;bater\u00eda de agua&quot; de energ\u00eda renovable termina con la huella ecol\u00f3gica de una universidad - The Oxygen Project<\/title>\n<meta name=\"robots\" content=\"index, follow, max-snippet:-1, max-image-preview:large, max-video-preview:-1\" \/>\n<link rel=\"canonical\" href=\"https:\/\/www.theoxygenproject.com\/es\/una-bateria-de-agua-de-energia-renovable-termina-con-la-huella-ecologica-de-una-universidad\/\" \/>\n<meta property=\"og:locale\" content=\"en_US\" \/>\n<meta property=\"og:type\" content=\"article\" \/>\n<meta property=\"og:title\" content=\"Una &quot;bater\u00eda de agua&quot; de energ\u00eda renovable termina con la huella ecol\u00f3gica de una universidad - The Oxygen Project\" \/>\n<meta property=\"og:description\" content=\"Por: M\u00f3nica Evans \/ febrero 19, 2021.\u00a0 No siempre es f\u00e1cil mantenerse fresco. En la actualidad, el aire acondicionado representa casi el 9% del uso global de energ\u00eda y, a...\" \/>\n<meta property=\"og:url\" content=\"https:\/\/www.theoxygenproject.com\/es\/una-bateria-de-agua-de-energia-renovable-termina-con-la-huella-ecologica-de-una-universidad\/\" \/>\n<meta property=\"og:site_name\" content=\"The Oxygen Project\" \/>\n<meta property=\"article:publisher\" content=\"https:\/\/www.facebook.com\/theoxygenproj\" \/>\n<meta property=\"article:published_time\" content=\"2021-03-12T14:04:44+00:00\" \/>\n<meta property=\"og:image\" content=\"https:\/\/www.theoxygenproject.com\/es\/wp-content\/uploads\/2021\/03\/Captura-de-pantalla-2021-03-12-a-las-10.44.09-e1615556694325.png\" \/>\n\t<meta property=\"og:image:width\" content=\"500\" \/>\n\t<meta property=\"og:image:height\" content=\"272\" \/>\n\t<meta property=\"og:image:type\" content=\"image\/png\" \/>\n<meta name=\"author\" content=\"Pilar R\u00edos\" \/>\n<meta name=\"twitter:card\" content=\"summary_large_image\" \/>\n<meta name=\"twitter:creator\" content=\"@theoxygenproj\" \/>\n<meta name=\"twitter:site\" content=\"@theoxygenproj\" \/>\n<meta name=\"twitter:label1\" content=\"Written by\" \/>\n\t<meta name=\"twitter:data1\" content=\"Pilar R\u00edos\" \/>\n\t<meta name=\"twitter:label2\" content=\"Est. reading time\" \/>\n\t<meta name=\"twitter:data2\" content=\"1 minute\" \/>\n<script type=\"application\/ld+json\" class=\"yoast-schema-graph\">{\"@context\":\"https:\\\/\\\/schema.org\",\"@graph\":[{\"@type\":\"Article\",\"@id\":\"https:\\\/\\\/www.theoxygenproject.com\\\/es\\\/una-bateria-de-agua-de-energia-renovable-termina-con-la-huella-ecologica-de-una-universidad\\\/#article\",\"isPartOf\":{\"@id\":\"https:\\\/\\\/www.theoxygenproject.com\\\/es\\\/una-bateria-de-agua-de-energia-renovable-termina-con-la-huella-ecologica-de-una-universidad\\\/\"},\"author\":{\"name\":\"Pilar R\u00edos\",\"@id\":\"https:\\\/\\\/www.theoxygenproject.com\\\/es\\\/#\\\/schema\\\/person\\\/fd1d50a727859a9283fdd988aca8d8fb\"},\"headline\":\"Una &#8220;bater\u00eda de agua&#8221; de energ\u00eda renovable termina con la huella ecol\u00f3gica de una universidad\",\"datePublished\":\"2021-03-12T14:04:44+00:00\",\"mainEntityOfPage\":{\"@id\":\"https:\\\/\\\/www.theoxygenproject.com\\\/es\\\/una-bateria-de-agua-de-energia-renovable-termina-con-la-huella-ecologica-de-una-universidad\\\/\"},\"wordCount\":287,\"publisher\":{\"@id\":\"https:\\\/\\\/www.theoxygenproject.com\\\/es\\\/#organization\"},\"image\":{\"@id\":\"https:\\\/\\\/www.theoxygenproject.com\\\/es\\\/una-bateria-de-agua-de-energia-renovable-termina-con-la-huella-ecologica-de-una-universidad\\\/#primaryimage\"},\"thumbnailUrl\":\"https:\\\/\\\/www.theoxygenproject.com\\\/es\\\/wp-content\\\/uploads\\\/2021\\\/03\\\/Captura-de-pantalla-2021-03-12-a-las-10.44.09-e1615556694325.png\",\"articleSection\":[\"Acci\u00f3n Clim\u00e1tica\",\"Cambio clim\u00e1tico\",\"Soluciones\"],\"inLanguage\":\"en-US\"},{\"@type\":\"WebPage\",\"@id\":\"https:\\\/\\\/www.theoxygenproject.com\\\/es\\\/una-bateria-de-agua-de-energia-renovable-termina-con-la-huella-ecologica-de-una-universidad\\\/\",\"url\":\"https:\\\/\\\/www.theoxygenproject.com\\\/es\\\/una-bateria-de-agua-de-energia-renovable-termina-con-la-huella-ecologica-de-una-universidad\\\/\",\"name\":\"Una \\\"bater\u00eda de agua\\\" de energ\u00eda renovable termina con la huella ecol\u00f3gica de una universidad - The Oxygen Project\",\"isPartOf\":{\"@id\":\"https:\\\/\\\/www.theoxygenproject.com\\\/es\\\/#website\"},\"primaryImageOfPage\":{\"@id\":\"https:\\\/\\\/www.theoxygenproject.com\\\/es\\\/una-bateria-de-agua-de-energia-renovable-termina-con-la-huella-ecologica-de-una-universidad\\\/#primaryimage\"},\"image\":{\"@id\":\"https:\\\/\\\/www.theoxygenproject.com\\\/es\\\/una-bateria-de-agua-de-energia-renovable-termina-con-la-huella-ecologica-de-una-universidad\\\/#primaryimage\"},\"thumbnailUrl\":\"https:\\\/\\\/www.theoxygenproject.com\\\/es\\\/wp-content\\\/uploads\\\/2021\\\/03\\\/Captura-de-pantalla-2021-03-12-a-las-10.44.09-e1615556694325.png\",\"datePublished\":\"2021-03-12T14:04:44+00:00\",\"breadcrumb\":{\"@id\":\"https:\\\/\\\/www.theoxygenproject.com\\\/es\\\/una-bateria-de-agua-de-energia-renovable-termina-con-la-huella-ecologica-de-una-universidad\\\/#breadcrumb\"},\"inLanguage\":\"en-US\",\"potentialAction\":[{\"@type\":\"ReadAction\",\"target\":[\"https:\\\/\\\/www.theoxygenproject.com\\\/es\\\/una-bateria-de-agua-de-energia-renovable-termina-con-la-huella-ecologica-de-una-universidad\\\/\"]}]},{\"@type\":\"ImageObject\",\"inLanguage\":\"en-US\",\"@id\":\"https:\\\/\\\/www.theoxygenproject.com\\\/es\\\/una-bateria-de-agua-de-energia-renovable-termina-con-la-huella-ecologica-de-una-universidad\\\/#primaryimage\",\"url\":\"https:\\\/\\\/www.theoxygenproject.com\\\/es\\\/wp-content\\\/uploads\\\/2021\\\/03\\\/Captura-de-pantalla-2021-03-12-a-las-10.44.09-e1615556694325.png\",\"contentUrl\":\"https:\\\/\\\/www.theoxygenproject.com\\\/es\\\/wp-content\\\/uploads\\\/2021\\\/03\\\/Captura-de-pantalla-2021-03-12-a-las-10.44.09-e1615556694325.png\",\"width\":500,\"height\":272},{\"@type\":\"BreadcrumbList\",\"@id\":\"https:\\\/\\\/www.theoxygenproject.com\\\/es\\\/una-bateria-de-agua-de-energia-renovable-termina-con-la-huella-ecologica-de-una-universidad\\\/#breadcrumb\",\"itemListElement\":[{\"@type\":\"ListItem\",\"position\":1,\"name\":\"Home\",\"item\":\"https:\\\/\\\/www.theoxygenproject.com\\\/es\\\/\"},{\"@type\":\"ListItem\",\"position\":2,\"name\":\"Una &#8220;bater\u00eda de agua&#8221; de energ\u00eda renovable termina con la huella ecol\u00f3gica de una universidad\"}]},{\"@type\":\"WebSite\",\"@id\":\"https:\\\/\\\/www.theoxygenproject.com\\\/es\\\/#website\",\"url\":\"https:\\\/\\\/www.theoxygenproject.com\\\/es\\\/\",\"name\":\"The Oxygen Project\",\"description\":\"\",\"publisher\":{\"@id\":\"https:\\\/\\\/www.theoxygenproject.com\\\/es\\\/#organization\"},\"potentialAction\":[{\"@type\":\"SearchAction\",\"target\":{\"@type\":\"EntryPoint\",\"urlTemplate\":\"https:\\\/\\\/www.theoxygenproject.com\\\/es\\\/?s={search_term_string}\"},\"query-input\":{\"@type\":\"PropertyValueSpecification\",\"valueRequired\":true,\"valueName\":\"search_term_string\"}}],\"inLanguage\":\"en-US\"},{\"@type\":\"Organization\",\"@id\":\"https:\\\/\\\/www.theoxygenproject.com\\\/es\\\/#organization\",\"name\":\"The Oxygen Project\",\"url\":\"https:\\\/\\\/www.theoxygenproject.com\\\/es\\\/\",\"logo\":{\"@type\":\"ImageObject\",\"inLanguage\":\"en-US\",\"@id\":\"https:\\\/\\\/www.theoxygenproject.com\\\/es\\\/#\\\/schema\\\/logo\\\/image\\\/\",\"url\":\"https:\\\/\\\/www.theoxygenproject.com\\\/es\\\/wp-content\\\/uploads\\\/2024\\\/05\\\/top-logo-dark.png\",\"contentUrl\":\"https:\\\/\\\/www.theoxygenproject.com\\\/es\\\/wp-content\\\/uploads\\\/2024\\\/05\\\/top-logo-dark.png\",\"width\":384,\"height\":256,\"caption\":\"The Oxygen Project\"},\"image\":{\"@id\":\"https:\\\/\\\/www.theoxygenproject.com\\\/es\\\/#\\\/schema\\\/logo\\\/image\\\/\"},\"sameAs\":[\"https:\\\/\\\/www.facebook.com\\\/theoxygenproj\",\"https:\\\/\\\/x.com\\\/theoxygenproj\"]},{\"@type\":\"Person\",\"@id\":\"https:\\\/\\\/www.theoxygenproject.com\\\/es\\\/#\\\/schema\\\/person\\\/fd1d50a727859a9283fdd988aca8d8fb\",\"name\":\"Pilar R\u00edos\",\"image\":{\"@type\":\"ImageObject\",\"inLanguage\":\"en-US\",\"@id\":\"https:\\\/\\\/secure.gravatar.com\\\/avatar\\\/cb4cf509d6c8cf9193108e3149294241c2397964dbeb5a2a6e6b0a4a4127fc37?s=96&d=mm&r=g\",\"url\":\"https:\\\/\\\/secure.gravatar.com\\\/avatar\\\/cb4cf509d6c8cf9193108e3149294241c2397964dbeb5a2a6e6b0a4a4127fc37?s=96&d=mm&r=g\",\"contentUrl\":\"https:\\\/\\\/secure.gravatar.com\\\/avatar\\\/cb4cf509d6c8cf9193108e3149294241c2397964dbeb5a2a6e6b0a4a4127fc37?s=96&d=mm&r=g\",\"caption\":\"Pilar R\u00edos\"},\"url\":\"https:\\\/\\\/www.theoxygenproject.com\\\/es\\\/author\\\/admin-2\\\/\"}]}<\/script>\n<!-- \/ Yoast SEO plugin. -->","yoast_head_json":{"title":"Una \"bater\u00eda de agua\" de energ\u00eda renovable termina con la huella ecol\u00f3gica de una universidad - The Oxygen Project","robots":{"index":"index","follow":"follow","max-snippet":"max-snippet:-1","max-image-preview":"max-image-preview:large","max-video-preview":"max-video-preview:-1"},"canonical":"https:\/\/www.theoxygenproject.com\/es\/una-bateria-de-agua-de-energia-renovable-termina-con-la-huella-ecologica-de-una-universidad\/","og_locale":"en_US","og_type":"article","og_title":"Una \"bater\u00eda de agua\" de energ\u00eda renovable termina con la huella ecol\u00f3gica de una universidad - The Oxygen Project","og_description":"Por: M\u00f3nica Evans \/ febrero 19, 2021.\u00a0 No siempre es f\u00e1cil mantenerse fresco. En la actualidad, el aire acondicionado representa casi el 9% del uso global de energ\u00eda y, a...","og_url":"https:\/\/www.theoxygenproject.com\/es\/una-bateria-de-agua-de-energia-renovable-termina-con-la-huella-ecologica-de-una-universidad\/","og_site_name":"The Oxygen Project","article_publisher":"https:\/\/www.facebook.com\/theoxygenproj","article_published_time":"2021-03-12T14:04:44+00:00","og_image":[{"width":500,"height":272,"url":"https:\/\/www.theoxygenproject.com\/es\/wp-content\/uploads\/2021\/03\/Captura-de-pantalla-2021-03-12-a-las-10.44.09-e1615556694325.png","type":"image\/png"}],"author":"Pilar R\u00edos","twitter_card":"summary_large_image","twitter_creator":"@theoxygenproj","twitter_site":"@theoxygenproj","twitter_misc":{"Written by":"Pilar R\u00edos","Est. reading time":"1 minute"},"schema":{"@context":"https:\/\/schema.org","@graph":[{"@type":"Article","@id":"https:\/\/www.theoxygenproject.com\/es\/una-bateria-de-agua-de-energia-renovable-termina-con-la-huella-ecologica-de-una-universidad\/#article","isPartOf":{"@id":"https:\/\/www.theoxygenproject.com\/es\/una-bateria-de-agua-de-energia-renovable-termina-con-la-huella-ecologica-de-una-universidad\/"},"author":{"name":"Pilar R\u00edos","@id":"https:\/\/www.theoxygenproject.com\/es\/#\/schema\/person\/fd1d50a727859a9283fdd988aca8d8fb"},"headline":"Una &#8220;bater\u00eda de agua&#8221; de energ\u00eda renovable termina con la huella ecol\u00f3gica de una universidad","datePublished":"2021-03-12T14:04:44+00:00","mainEntityOfPage":{"@id":"https:\/\/www.theoxygenproject.com\/es\/una-bateria-de-agua-de-energia-renovable-termina-con-la-huella-ecologica-de-una-universidad\/"},"wordCount":287,"publisher":{"@id":"https:\/\/www.theoxygenproject.com\/es\/#organization"},"image":{"@id":"https:\/\/www.theoxygenproject.com\/es\/una-bateria-de-agua-de-energia-renovable-termina-con-la-huella-ecologica-de-una-universidad\/#primaryimage"},"thumbnailUrl":"https:\/\/www.theoxygenproject.com\/es\/wp-content\/uploads\/2021\/03\/Captura-de-pantalla-2021-03-12-a-las-10.44.09-e1615556694325.png","articleSection":["Acci\u00f3n Clim\u00e1tica","Cambio clim\u00e1tico","Soluciones"],"inLanguage":"en-US"},{"@type":"WebPage","@id":"https:\/\/www.theoxygenproject.com\/es\/una-bateria-de-agua-de-energia-renovable-termina-con-la-huella-ecologica-de-una-universidad\/","url":"https:\/\/www.theoxygenproject.com\/es\/una-bateria-de-agua-de-energia-renovable-termina-con-la-huella-ecologica-de-una-universidad\/","name":"Una \"bater\u00eda de agua\" de energ\u00eda renovable termina con la huella ecol\u00f3gica de una universidad - The Oxygen Project","isPartOf":{"@id":"https:\/\/www.theoxygenproject.com\/es\/#website"},"primaryImageOfPage":{"@id":"https:\/\/www.theoxygenproject.com\/es\/una-bateria-de-agua-de-energia-renovable-termina-con-la-huella-ecologica-de-una-universidad\/#primaryimage"},"image":{"@id":"https:\/\/www.theoxygenproject.com\/es\/una-bateria-de-agua-de-energia-renovable-termina-con-la-huella-ecologica-de-una-universidad\/#primaryimage"},"thumbnailUrl":"https:\/\/www.theoxygenproject.com\/es\/wp-content\/uploads\/2021\/03\/Captura-de-pantalla-2021-03-12-a-las-10.44.09-e1615556694325.png","datePublished":"2021-03-12T14:04:44+00:00","breadcrumb":{"@id":"https:\/\/www.theoxygenproject.com\/es\/una-bateria-de-agua-de-energia-renovable-termina-con-la-huella-ecologica-de-una-universidad\/#breadcrumb"},"inLanguage":"en-US","potentialAction":[{"@type":"ReadAction","target":["https:\/\/www.theoxygenproject.com\/es\/una-bateria-de-agua-de-energia-renovable-termina-con-la-huella-ecologica-de-una-universidad\/"]}]},{"@type":"ImageObject","inLanguage":"en-US","@id":"https:\/\/www.theoxygenproject.com\/es\/una-bateria-de-agua-de-energia-renovable-termina-con-la-huella-ecologica-de-una-universidad\/#primaryimage","url":"https:\/\/www.theoxygenproject.com\/es\/wp-content\/uploads\/2021\/03\/Captura-de-pantalla-2021-03-12-a-las-10.44.09-e1615556694325.png","contentUrl":"https:\/\/www.theoxygenproject.com\/es\/wp-content\/uploads\/2021\/03\/Captura-de-pantalla-2021-03-12-a-las-10.44.09-e1615556694325.png","width":500,"height":272},{"@type":"BreadcrumbList","@id":"https:\/\/www.theoxygenproject.com\/es\/una-bateria-de-agua-de-energia-renovable-termina-con-la-huella-ecologica-de-una-universidad\/#breadcrumb","itemListElement":[{"@type":"ListItem","position":1,"name":"Home","item":"https:\/\/www.theoxygenproject.com\/es\/"},{"@type":"ListItem","position":2,"name":"Una &#8220;bater\u00eda de agua&#8221; de energ\u00eda renovable termina con la huella ecol\u00f3gica de una universidad"}]},{"@type":"WebSite","@id":"https:\/\/www.theoxygenproject.com\/es\/#website","url":"https:\/\/www.theoxygenproject.com\/es\/","name":"The Oxygen Project","description":"","publisher":{"@id":"https:\/\/www.theoxygenproject.com\/es\/#organization"},"potentialAction":[{"@type":"SearchAction","target":{"@type":"EntryPoint","urlTemplate":"https:\/\/www.theoxygenproject.com\/es\/?s={search_term_string}"},"query-input":{"@type":"PropertyValueSpecification","valueRequired":true,"valueName":"search_term_string"}}],"inLanguage":"en-US"},{"@type":"Organization","@id":"https:\/\/www.theoxygenproject.com\/es\/#organization","name":"The Oxygen Project","url":"https:\/\/www.theoxygenproject.com\/es\/","logo":{"@type":"ImageObject","inLanguage":"en-US","@id":"https:\/\/www.theoxygenproject.com\/es\/#\/schema\/logo\/image\/","url":"https:\/\/www.theoxygenproject.com\/es\/wp-content\/uploads\/2024\/05\/top-logo-dark.png","contentUrl":"https:\/\/www.theoxygenproject.com\/es\/wp-content\/uploads\/2024\/05\/top-logo-dark.png","width":384,"height":256,"caption":"The Oxygen Project"},"image":{"@id":"https:\/\/www.theoxygenproject.com\/es\/#\/schema\/logo\/image\/"},"sameAs":["https:\/\/www.facebook.com\/theoxygenproj","https:\/\/x.com\/theoxygenproj"]},{"@type":"Person","@id":"https:\/\/www.theoxygenproject.com\/es\/#\/schema\/person\/fd1d50a727859a9283fdd988aca8d8fb","name":"Pilar R\u00edos","image":{"@type":"ImageObject","inLanguage":"en-US","@id":"https:\/\/secure.gravatar.com\/avatar\/cb4cf509d6c8cf9193108e3149294241c2397964dbeb5a2a6e6b0a4a4127fc37?s=96&d=mm&r=g","url":"https:\/\/secure.gravatar.com\/avatar\/cb4cf509d6c8cf9193108e3149294241c2397964dbeb5a2a6e6b0a4a4127fc37?s=96&d=mm&r=g","contentUrl":"https:\/\/secure.gravatar.com\/avatar\/cb4cf509d6c8cf9193108e3149294241c2397964dbeb5a2a6e6b0a4a4127fc37?s=96&d=mm&r=g","caption":"Pilar R\u00edos"},"url":"https:\/\/www.theoxygenproject.com\/es\/author\/admin-2\/"}]}},"_links":{"self":[{"href":"https:\/\/www.theoxygenproject.com\/es\/wp-json\/wp\/v2\/posts\/946","targetHints":{"allow":["GET"]}}],"collection":[{"href":"https:\/\/www.theoxygenproject.com\/es\/wp-json\/wp\/v2\/posts"}],"about":[{"href":"https:\/\/www.theoxygenproject.com\/es\/wp-json\/wp\/v2\/types\/post"}],"author":[{"embeddable":true,"href":"https:\/\/www.theoxygenproject.com\/es\/wp-json\/wp\/v2\/users\/3"}],"replies":[{"embeddable":true,"href":"https:\/\/www.theoxygenproject.com\/es\/wp-json\/wp\/v2\/comments?post=946"}],"version-history":[{"count":0,"href":"https:\/\/www.theoxygenproject.com\/es\/wp-json\/wp\/v2\/posts\/946\/revisions"}],"wp:featuredmedia":[{"embeddable":true,"href":"https:\/\/www.theoxygenproject.com\/es\/wp-json\/wp\/v2\/media\/949"}],"wp:attachment":[{"href":"https:\/\/www.theoxygenproject.com\/es\/wp-json\/wp\/v2\/media?parent=946"}],"wp:term":[{"taxonomy":"category","embeddable":true,"href":"https:\/\/www.theoxygenproject.com\/es\/wp-json\/wp\/v2\/categories?post=946"},{"taxonomy":"post_tag","embeddable":true,"href":"https:\/\/www.theoxygenproject.com\/es\/wp-json\/wp\/v2\/tags?post=946"}],"curies":[{"name":"wp","href":"https:\/\/api.w.org\/{rel}","templated":true}]}}