{"id":883,"date":"2021-02-18T17:48:47","date_gmt":"2021-02-18T14:48:47","guid":{"rendered":"https:\/\/www.theoxygenproject.com\/es\/?p=883"},"modified":"2021-02-18T17:48:47","modified_gmt":"2021-02-18T14:48:47","slug":"ola-de-candidaturas-verdes-en-latinoamerica","status":"publish","type":"post","link":"https:\/\/www.theoxygenproject.com\/es\/ola-de-candidaturas-verdes-en-latinoamerica\/","title":{"rendered":"Ola de candidaturas verdes en Latinoam\u00e9rica"},"content":{"rendered":"<h5><em><span style=\"font-weight: 400;\">Por: Pilar R\u00edos<\/span><\/em><\/h5>\n<p><span style=\"font-weight: 400;\">La crisis clim\u00e1tica y la protecci\u00f3n del medio ambiente son algunas de las tem\u00e1ticas que se tomaron el debate pol\u00edtico y que han movilizado a la ciudadan\u00eda<\/span><b>.<\/b> <span style=\"font-weight: 400;\">Varios activistas ambientales en Latinoam\u00e9rica cruzaron la vereda de la movilizaci\u00f3n para convertirse en candidatos formales.\u00a0<\/span><\/p>\n<p><span style=\"font-weight: 400;\">En el \u00faltimo tiempo, banderas de lucha ecologistas se han levantado con grandes resultados, un claro ejemplo de esto es Estados Unidos, pa\u00eds que bajo la administraci\u00f3n de Donald Trump neg\u00f3 durante cuatro a\u00f1os la crisis clim\u00e1tica. Luego de este per\u00edodo surge una candidatura contraria, la que hoy tiene como presidente al dem\u00f3crata Joe Biden, quien incluye en su plan de gobierno promesas de pol\u00edticas costosas para ayudar a abordar el calentamiento global.\u00a0<\/span><\/p>\n<p><span style=\"font-weight: 400;\">Propuestas que s\u00f3lo se atribu\u00edan a los pa\u00edses denominados \u201cricos\u201d han estado sucediendo paralelamente en el contexto latinoamericano. As\u00ed es como aparecen nuevas candidaturas pol\u00edticas y procesos de modificaciones en marcos constitucionales que, al igual que el caso de Estados Unidos, tienen un fuerte acento en la causa por la protecci\u00f3n medioambiental.\u00a0<\/span><\/p>\n<p><span style=\"font-weight: 400;\">Te invitamos a dar una mirada a las candidaturas en Latinoam\u00e9rica y sus propuestas verdes:\u00a0 <\/span><b>lo que pas\u00f3, lo que est\u00e1 pasando y lo que vendr\u00e1.<\/b><\/p>\n","protected":false},"excerpt":{"rendered":"<p>Por: Pilar R\u00edos La crisis clim\u00e1tica y la protecci\u00f3n del medio ambiente son algunas de las tem\u00e1ticas que se tomaron el debate pol\u00edtico y que han movilizado a la ciudadan\u00eda&#8230;.<\/p>\n","protected":false},"author":3,"featured_media":887,"comment_status":"closed","ping_status":"closed","sticky":false,"template":"","format":"standard","meta":{"_mo_disable_npp":"","footnotes":""},"categories":[3,5,4,11],"tags":[],"class_list":["post-883","post","type-post","status-publish","format-standard","has-post-thumbnail","hentry","category-accion-climatica","category-cambio-climatico","category-voces","category-politica"],"yoast_head":"<!-- This site is optimized with the Yoast SEO plugin v28.3 - https:\/\/yoast.com\/product\/yoast-seo-wordpress\/ -->\n<title>Ola de candidaturas verdes en Latinoam\u00e9rica - The Oxygen Project<\/title>\n<meta name=\"robots\" content=\"index, follow, max-snippet:-1, max-image-preview:large, max-video-preview:-1\" \/>\n<link rel=\"canonical\" href=\"https:\/\/www.theoxygenproject.com\/es\/ola-de-candidaturas-verdes-en-latinoamerica\/\" \/>\n<meta property=\"og:locale\" content=\"en_US\" \/>\n<meta property=\"og:type\" content=\"article\" \/>\n<meta property=\"og:title\" content=\"Ola de candidaturas verdes en Latinoam\u00e9rica - The Oxygen Project\" \/>\n<meta property=\"og:description\" content=\"Por: Pilar R\u00edos La crisis clim\u00e1tica y la protecci\u00f3n del medio ambiente son algunas de las tem\u00e1ticas que se tomaron el debate pol\u00edtico y que han movilizado a la ciudadan\u00eda....\" \/>\n<meta property=\"og:url\" content=\"https:\/\/www.theoxygenproject.com\/es\/ola-de-candidaturas-verdes-en-latinoamerica\/\" \/>\n<meta property=\"og:site_name\" content=\"The Oxygen Project\" \/>\n<meta property=\"article:publisher\" content=\"https:\/\/www.facebook.com\/theoxygenproj\" \/>\n<meta property=\"article:published_time\" content=\"2021-02-18T14:48:47+00:00\" \/>\n<meta property=\"og:image\" content=\"https:\/\/www.theoxygenproject.com\/es\/wp-content\/uploads\/2021\/02\/fridays-for-future.jpeg\" \/>\n\t<meta property=\"og:image:width\" content=\"1200\" \/>\n\t<meta property=\"og:image:height\" content=\"802\" \/>\n\t<meta property=\"og:image:type\" content=\"image\/jpeg\" \/>\n<meta name=\"author\" content=\"Pilar R\u00edos\" \/>\n<meta name=\"twitter:card\" content=\"summary_large_image\" \/>\n<meta name=\"twitter:creator\" content=\"@theoxygenproj\" \/>\n<meta name=\"twitter:site\" content=\"@theoxygenproj\" \/>\n<meta name=\"twitter:label1\" content=\"Written by\" \/>\n\t<meta name=\"twitter:data1\" content=\"Pilar R\u00edos\" \/>\n\t<meta name=\"twitter:label2\" content=\"Est. reading time\" \/>\n\t<meta name=\"twitter:data2\" content=\"1 minute\" \/>\n<script type=\"application\/ld+json\" class=\"yoast-schema-graph\">{\"@context\":\"https:\\\/\\\/schema.org\",\"@graph\":[{\"@type\":\"Article\",\"@id\":\"https:\\\/\\\/www.theoxygenproject.com\\\/es\\\/ola-de-candidaturas-verdes-en-latinoamerica\\\/#article\",\"isPartOf\":{\"@id\":\"https:\\\/\\\/www.theoxygenproject.com\\\/es\\\/ola-de-candidaturas-verdes-en-latinoamerica\\\/\"},\"author\":{\"name\":\"Pilar R\u00edos\",\"@id\":\"https:\\\/\\\/www.theoxygenproject.com\\\/es\\\/#\\\/schema\\\/person\\\/fd1d50a727859a9283fdd988aca8d8fb\"},\"headline\":\"Ola de candidaturas verdes en Latinoam\u00e9rica\",\"datePublished\":\"2021-02-18T14:48:47+00:00\",\"mainEntityOfPage\":{\"@id\":\"https:\\\/\\\/www.theoxygenproject.com\\\/es\\\/ola-de-candidaturas-verdes-en-latinoamerica\\\/\"},\"wordCount\":225,\"publisher\":{\"@id\":\"https:\\\/\\\/www.theoxygenproject.com\\\/es\\\/#organization\"},\"image\":{\"@id\":\"https:\\\/\\\/www.theoxygenproject.com\\\/es\\\/ola-de-candidaturas-verdes-en-latinoamerica\\\/#primaryimage\"},\"thumbnailUrl\":\"https:\\\/\\\/www.theoxygenproject.com\\\/es\\\/wp-content\\\/uploads\\\/2021\\\/02\\\/fridays-for-future.jpeg\",\"articleSection\":[\"Acci\u00f3n Clim\u00e1tica\",\"Cambio clim\u00e1tico\",\"Defensores\",\"pol\u00edtica\"],\"inLanguage\":\"en-US\"},{\"@type\":\"WebPage\",\"@id\":\"https:\\\/\\\/www.theoxygenproject.com\\\/es\\\/ola-de-candidaturas-verdes-en-latinoamerica\\\/\",\"url\":\"https:\\\/\\\/www.theoxygenproject.com\\\/es\\\/ola-de-candidaturas-verdes-en-latinoamerica\\\/\",\"name\":\"Ola de candidaturas verdes en Latinoam\u00e9rica - The Oxygen Project\",\"isPartOf\":{\"@id\":\"https:\\\/\\\/www.theoxygenproject.com\\\/es\\\/#website\"},\"primaryImageOfPage\":{\"@id\":\"https:\\\/\\\/www.theoxygenproject.com\\\/es\\\/ola-de-candidaturas-verdes-en-latinoamerica\\\/#primaryimage\"},\"image\":{\"@id\":\"https:\\\/\\\/www.theoxygenproject.com\\\/es\\\/ola-de-candidaturas-verdes-en-latinoamerica\\\/#primaryimage\"},\"thumbnailUrl\":\"https:\\\/\\\/www.theoxygenproject.com\\\/es\\\/wp-content\\\/uploads\\\/2021\\\/02\\\/fridays-for-future.jpeg\",\"datePublished\":\"2021-02-18T14:48:47+00:00\",\"breadcrumb\":{\"@id\":\"https:\\\/\\\/www.theoxygenproject.com\\\/es\\\/ola-de-candidaturas-verdes-en-latinoamerica\\\/#breadcrumb\"},\"inLanguage\":\"en-US\",\"potentialAction\":[{\"@type\":\"ReadAction\",\"target\":[\"https:\\\/\\\/www.theoxygenproject.com\\\/es\\\/ola-de-candidaturas-verdes-en-latinoamerica\\\/\"]}]},{\"@type\":\"ImageObject\",\"inLanguage\":\"en-US\",\"@id\":\"https:\\\/\\\/www.theoxygenproject.com\\\/es\\\/ola-de-candidaturas-verdes-en-latinoamerica\\\/#primaryimage\",\"url\":\"https:\\\/\\\/www.theoxygenproject.com\\\/es\\\/wp-content\\\/uploads\\\/2021\\\/02\\\/fridays-for-future.jpeg\",\"contentUrl\":\"https:\\\/\\\/www.theoxygenproject.com\\\/es\\\/wp-content\\\/uploads\\\/2021\\\/02\\\/fridays-for-future.jpeg\",\"width\":1200,\"height\":802},{\"@type\":\"BreadcrumbList\",\"@id\":\"https:\\\/\\\/www.theoxygenproject.com\\\/es\\\/ola-de-candidaturas-verdes-en-latinoamerica\\\/#breadcrumb\",\"itemListElement\":[{\"@type\":\"ListItem\",\"position\":1,\"name\":\"Home\",\"item\":\"https:\\\/\\\/www.theoxygenproject.com\\\/es\\\/\"},{\"@type\":\"ListItem\",\"position\":2,\"name\":\"Ola de candidaturas verdes en Latinoam\u00e9rica\"}]},{\"@type\":\"WebSite\",\"@id\":\"https:\\\/\\\/www.theoxygenproject.com\\\/es\\\/#website\",\"url\":\"https:\\\/\\\/www.theoxygenproject.com\\\/es\\\/\",\"name\":\"The Oxygen Project\",\"description\":\"\",\"publisher\":{\"@id\":\"https:\\\/\\\/www.theoxygenproject.com\\\/es\\\/#organization\"},\"potentialAction\":[{\"@type\":\"SearchAction\",\"target\":{\"@type\":\"EntryPoint\",\"urlTemplate\":\"https:\\\/\\\/www.theoxygenproject.com\\\/es\\\/?s={search_term_string}\"},\"query-input\":{\"@type\":\"PropertyValueSpecification\",\"valueRequired\":true,\"valueName\":\"search_term_string\"}}],\"inLanguage\":\"en-US\"},{\"@type\":\"Organization\",\"@id\":\"https:\\\/\\\/www.theoxygenproject.com\\\/es\\\/#organization\",\"name\":\"The Oxygen Project\",\"url\":\"https:\\\/\\\/www.theoxygenproject.com\\\/es\\\/\",\"logo\":{\"@type\":\"ImageObject\",\"inLanguage\":\"en-US\",\"@id\":\"https:\\\/\\\/www.theoxygenproject.com\\\/es\\\/#\\\/schema\\\/logo\\\/image\\\/\",\"url\":\"https:\\\/\\\/www.theoxygenproject.com\\\/es\\\/wp-content\\\/uploads\\\/2024\\\/05\\\/top-logo-dark.png\",\"contentUrl\":\"https:\\\/\\\/www.theoxygenproject.com\\\/es\\\/wp-content\\\/uploads\\\/2024\\\/05\\\/top-logo-dark.png\",\"width\":384,\"height\":256,\"caption\":\"The Oxygen Project\"},\"image\":{\"@id\":\"https:\\\/\\\/www.theoxygenproject.com\\\/es\\\/#\\\/schema\\\/logo\\\/image\\\/\"},\"sameAs\":[\"https:\\\/\\\/www.facebook.com\\\/theoxygenproj\",\"https:\\\/\\\/x.com\\\/theoxygenproj\"]},{\"@type\":\"Person\",\"@id\":\"https:\\\/\\\/www.theoxygenproject.com\\\/es\\\/#\\\/schema\\\/person\\\/fd1d50a727859a9283fdd988aca8d8fb\",\"name\":\"Pilar R\u00edos\",\"image\":{\"@type\":\"ImageObject\",\"inLanguage\":\"en-US\",\"@id\":\"https:\\\/\\\/secure.gravatar.com\\\/avatar\\\/cb4cf509d6c8cf9193108e3149294241c2397964dbeb5a2a6e6b0a4a4127fc37?s=96&d=mm&r=g\",\"url\":\"https:\\\/\\\/secure.gravatar.com\\\/avatar\\\/cb4cf509d6c8cf9193108e3149294241c2397964dbeb5a2a6e6b0a4a4127fc37?s=96&d=mm&r=g\",\"contentUrl\":\"https:\\\/\\\/secure.gravatar.com\\\/avatar\\\/cb4cf509d6c8cf9193108e3149294241c2397964dbeb5a2a6e6b0a4a4127fc37?s=96&d=mm&r=g\",\"caption\":\"Pilar R\u00edos\"},\"url\":\"https:\\\/\\\/www.theoxygenproject.com\\\/es\\\/author\\\/admin-2\\\/\"}]}<\/script>\n<!-- \/ Yoast SEO plugin. -->","yoast_head_json":{"title":"Ola de candidaturas verdes en Latinoam\u00e9rica - The Oxygen Project","robots":{"index":"index","follow":"follow","max-snippet":"max-snippet:-1","max-image-preview":"max-image-preview:large","max-video-preview":"max-video-preview:-1"},"canonical":"https:\/\/www.theoxygenproject.com\/es\/ola-de-candidaturas-verdes-en-latinoamerica\/","og_locale":"en_US","og_type":"article","og_title":"Ola de candidaturas verdes en Latinoam\u00e9rica - The Oxygen Project","og_description":"Por: Pilar R\u00edos La crisis clim\u00e1tica y la protecci\u00f3n del medio ambiente son algunas de las tem\u00e1ticas que se tomaron el debate pol\u00edtico y que han movilizado a la ciudadan\u00eda....","og_url":"https:\/\/www.theoxygenproject.com\/es\/ola-de-candidaturas-verdes-en-latinoamerica\/","og_site_name":"The Oxygen Project","article_publisher":"https:\/\/www.facebook.com\/theoxygenproj","article_published_time":"2021-02-18T14:48:47+00:00","og_image":[{"width":1200,"height":802,"url":"https:\/\/www.theoxygenproject.com\/es\/wp-content\/uploads\/2021\/02\/fridays-for-future.jpeg","type":"image\/jpeg"}],"author":"Pilar R\u00edos","twitter_card":"summary_large_image","twitter_creator":"@theoxygenproj","twitter_site":"@theoxygenproj","twitter_misc":{"Written by":"Pilar R\u00edos","Est. reading time":"1 minute"},"schema":{"@context":"https:\/\/schema.org","@graph":[{"@type":"Article","@id":"https:\/\/www.theoxygenproject.com\/es\/ola-de-candidaturas-verdes-en-latinoamerica\/#article","isPartOf":{"@id":"https:\/\/www.theoxygenproject.com\/es\/ola-de-candidaturas-verdes-en-latinoamerica\/"},"author":{"name":"Pilar R\u00edos","@id":"https:\/\/www.theoxygenproject.com\/es\/#\/schema\/person\/fd1d50a727859a9283fdd988aca8d8fb"},"headline":"Ola de candidaturas verdes en Latinoam\u00e9rica","datePublished":"2021-02-18T14:48:47+00:00","mainEntityOfPage":{"@id":"https:\/\/www.theoxygenproject.com\/es\/ola-de-candidaturas-verdes-en-latinoamerica\/"},"wordCount":225,"publisher":{"@id":"https:\/\/www.theoxygenproject.com\/es\/#organization"},"image":{"@id":"https:\/\/www.theoxygenproject.com\/es\/ola-de-candidaturas-verdes-en-latinoamerica\/#primaryimage"},"thumbnailUrl":"https:\/\/www.theoxygenproject.com\/es\/wp-content\/uploads\/2021\/02\/fridays-for-future.jpeg","articleSection":["Acci\u00f3n Clim\u00e1tica","Cambio clim\u00e1tico","Defensores","pol\u00edtica"],"inLanguage":"en-US"},{"@type":"WebPage","@id":"https:\/\/www.theoxygenproject.com\/es\/ola-de-candidaturas-verdes-en-latinoamerica\/","url":"https:\/\/www.theoxygenproject.com\/es\/ola-de-candidaturas-verdes-en-latinoamerica\/","name":"Ola de candidaturas verdes en Latinoam\u00e9rica - The Oxygen Project","isPartOf":{"@id":"https:\/\/www.theoxygenproject.com\/es\/#website"},"primaryImageOfPage":{"@id":"https:\/\/www.theoxygenproject.com\/es\/ola-de-candidaturas-verdes-en-latinoamerica\/#primaryimage"},"image":{"@id":"https:\/\/www.theoxygenproject.com\/es\/ola-de-candidaturas-verdes-en-latinoamerica\/#primaryimage"},"thumbnailUrl":"https:\/\/www.theoxygenproject.com\/es\/wp-content\/uploads\/2021\/02\/fridays-for-future.jpeg","datePublished":"2021-02-18T14:48:47+00:00","breadcrumb":{"@id":"https:\/\/www.theoxygenproject.com\/es\/ola-de-candidaturas-verdes-en-latinoamerica\/#breadcrumb"},"inLanguage":"en-US","potentialAction":[{"@type":"ReadAction","target":["https:\/\/www.theoxygenproject.com\/es\/ola-de-candidaturas-verdes-en-latinoamerica\/"]}]},{"@type":"ImageObject","inLanguage":"en-US","@id":"https:\/\/www.theoxygenproject.com\/es\/ola-de-candidaturas-verdes-en-latinoamerica\/#primaryimage","url":"https:\/\/www.theoxygenproject.com\/es\/wp-content\/uploads\/2021\/02\/fridays-for-future.jpeg","contentUrl":"https:\/\/www.theoxygenproject.com\/es\/wp-content\/uploads\/2021\/02\/fridays-for-future.jpeg","width":1200,"height":802},{"@type":"BreadcrumbList","@id":"https:\/\/www.theoxygenproject.com\/es\/ola-de-candidaturas-verdes-en-latinoamerica\/#breadcrumb","itemListElement":[{"@type":"ListItem","position":1,"name":"Home","item":"https:\/\/www.theoxygenproject.com\/es\/"},{"@type":"ListItem","position":2,"name":"Ola de candidaturas verdes en Latinoam\u00e9rica"}]},{"@type":"WebSite","@id":"https:\/\/www.theoxygenproject.com\/es\/#website","url":"https:\/\/www.theoxygenproject.com\/es\/","name":"The Oxygen Project","description":"","publisher":{"@id":"https:\/\/www.theoxygenproject.com\/es\/#organization"},"potentialAction":[{"@type":"SearchAction","target":{"@type":"EntryPoint","urlTemplate":"https:\/\/www.theoxygenproject.com\/es\/?s={search_term_string}"},"query-input":{"@type":"PropertyValueSpecification","valueRequired":true,"valueName":"search_term_string"}}],"inLanguage":"en-US"},{"@type":"Organization","@id":"https:\/\/www.theoxygenproject.com\/es\/#organization","name":"The Oxygen Project","url":"https:\/\/www.theoxygenproject.com\/es\/","logo":{"@type":"ImageObject","inLanguage":"en-US","@id":"https:\/\/www.theoxygenproject.com\/es\/#\/schema\/logo\/image\/","url":"https:\/\/www.theoxygenproject.com\/es\/wp-content\/uploads\/2024\/05\/top-logo-dark.png","contentUrl":"https:\/\/www.theoxygenproject.com\/es\/wp-content\/uploads\/2024\/05\/top-logo-dark.png","width":384,"height":256,"caption":"The Oxygen Project"},"image":{"@id":"https:\/\/www.theoxygenproject.com\/es\/#\/schema\/logo\/image\/"},"sameAs":["https:\/\/www.facebook.com\/theoxygenproj","https:\/\/x.com\/theoxygenproj"]},{"@type":"Person","@id":"https:\/\/www.theoxygenproject.com\/es\/#\/schema\/person\/fd1d50a727859a9283fdd988aca8d8fb","name":"Pilar R\u00edos","image":{"@type":"ImageObject","inLanguage":"en-US","@id":"https:\/\/secure.gravatar.com\/avatar\/cb4cf509d6c8cf9193108e3149294241c2397964dbeb5a2a6e6b0a4a4127fc37?s=96&d=mm&r=g","url":"https:\/\/secure.gravatar.com\/avatar\/cb4cf509d6c8cf9193108e3149294241c2397964dbeb5a2a6e6b0a4a4127fc37?s=96&d=mm&r=g","contentUrl":"https:\/\/secure.gravatar.com\/avatar\/cb4cf509d6c8cf9193108e3149294241c2397964dbeb5a2a6e6b0a4a4127fc37?s=96&d=mm&r=g","caption":"Pilar R\u00edos"},"url":"https:\/\/www.theoxygenproject.com\/es\/author\/admin-2\/"}]}},"_links":{"self":[{"href":"https:\/\/www.theoxygenproject.com\/es\/wp-json\/wp\/v2\/posts\/883","targetHints":{"allow":["GET"]}}],"collection":[{"href":"https:\/\/www.theoxygenproject.com\/es\/wp-json\/wp\/v2\/posts"}],"about":[{"href":"https:\/\/www.theoxygenproject.com\/es\/wp-json\/wp\/v2\/types\/post"}],"author":[{"embeddable":true,"href":"https:\/\/www.theoxygenproject.com\/es\/wp-json\/wp\/v2\/users\/3"}],"replies":[{"embeddable":true,"href":"https:\/\/www.theoxygenproject.com\/es\/wp-json\/wp\/v2\/comments?post=883"}],"version-history":[{"count":0,"href":"https:\/\/www.theoxygenproject.com\/es\/wp-json\/wp\/v2\/posts\/883\/revisions"}],"wp:featuredmedia":[{"embeddable":true,"href":"https:\/\/www.theoxygenproject.com\/es\/wp-json\/wp\/v2\/media\/887"}],"wp:attachment":[{"href":"https:\/\/www.theoxygenproject.com\/es\/wp-json\/wp\/v2\/media?parent=883"}],"wp:term":[{"taxonomy":"category","embeddable":true,"href":"https:\/\/www.theoxygenproject.com\/es\/wp-json\/wp\/v2\/categories?post=883"},{"taxonomy":"post_tag","embeddable":true,"href":"https:\/\/www.theoxygenproject.com\/es\/wp-json\/wp\/v2\/tags?post=883"}],"curies":[{"name":"wp","href":"https:\/\/api.w.org\/{rel}","templated":true}]}}