{"id":849,"date":"2021-01-20T18:46:47","date_gmt":"2021-01-20T15:46:47","guid":{"rendered":"https:\/\/www.theoxygenproject.com\/es\/?p=849"},"modified":"2021-01-20T18:46:47","modified_gmt":"2021-01-20T15:46:47","slug":"daniel-caceres-la-importancia-de-los-jovenes-y-su-participacion-politica","status":"publish","type":"post","link":"https:\/\/www.theoxygenproject.com\/es\/daniel-caceres-la-importancia-de-los-jovenes-y-su-participacion-politica\/","title":{"rendered":"Daniel C\u00e1ceres: La importancia de los j\u00f3venes y su participaci\u00f3n pol\u00edtica"},"content":{"rendered":"<p><span style=\"font-weight: 400;\">Daniel C\u00e1ceres se define como <\/span><span style=\"font-weight: 400;\">un agente de cambio,\u00a0 un joven que a sus 25 a\u00f1os est\u00e1 buscando hacer de su pa\u00eds (Per\u00fa) un mejor lugar para todos los seres vivos que habitan en \u00e9l. Integrante del partido Nuevo Per\u00fa, <\/span><span style=\"font-weight: 400;\">representante regional de Sustainable Ocean Alliance en Latinoam\u00e9rica (SOA), buzo y bi\u00f3logo marino que considera a la pol\u00edtica un eslab\u00f3n fundamental para salvar nuestro planeta.<\/span><\/p>\n<p><span style=\"font-weight: 400;\">Conoce a este activista que desde el oc\u00e9ano y la trinchera pol\u00edtica participa activamente del cambio que necesitamos para salvar el planeta. Un mensaje a la acci\u00f3n para que los j\u00f3venes participen de esta historia con un fundamento irreprochable: El cambio clim\u00e1tico no espera.<\/span><\/p>\n<p><b>\u00bfC\u00f3mo empieza tu activismo por los derechos ambientales en el Per\u00fa?<\/b><\/p>\n<p><span style=\"font-weight: 400;\">Desde que era muy joven me enojaba mucho las injusticias ambientales, siempre yo era el chico que paraba mucho tiempo jugando en la naturaleza. Cuando fu\u00ed creciendo siempre quise estudiar algo relacionado con la naturaleza, siempre tuve bastante\u00a0 empat\u00eda con la fauna que con el pasar del tiempo se traspas\u00f3 a la flora tambi\u00e9n.\u00a0<\/span><\/p>\n<p><span style=\"font-weight: 400;\">Empec\u00e9 a estudiar biolog\u00eda marina y me di cuenta que si ten\u00eda un enfoque hacia la conservaci\u00f3n pero tambi\u00e9n hacia la acuicultura para la alimentaci\u00f3n humana, entonces not\u00e9 que hab\u00eda un vac\u00edo bastante grande en lo que era la conservaci\u00f3n, un vac\u00edo que la academia, los grupos cient\u00edficos quer\u00edan atribuirse para poder hablar. Como si fueran las \u00fanicas personas que ten\u00edan la posibilidad de hablar sobre el tema, sobre defenderlos y los activistas eran mal vistos, lo mismo con la participaci\u00f3n pol\u00edtica.<\/span><\/p>\n<p><b>\u00bfQu\u00e9 consejo recibiste en el camino de convertirte en un activista ambiental?<\/b><\/p>\n<p><span style=\"font-weight: 400;\">Cuando fu\u00ed a Noruega, un profesor de la universidad me dijo que deber\u00eda esperar a terminar la universidad y tener mi maestr\u00eda para poder reci\u00e9n empezar a hablar de los temas clim\u00e1ticos. Despu\u00e9s conoc\u00ed a un se\u00f1or de naciones unidas y le pregunt\u00e9 si \u00e9l cre\u00eda que yo deber\u00eda esperar y el me dijo que era:\u00a0 \u201cabsurdo que un profesor te haya dicho eso, por que el cambio clim\u00e1tico no puede esperar, la p\u00e9rdida de biodiversidad no est\u00e1 esperando, ustedes los j\u00f3venes no deben esperar\u201d y desde ah\u00ed empec\u00e9 el tema del activismo por los derechos ambientales en el Per\u00fa.\u00a0<\/span><\/p>\n<p><b>\u00bfC\u00f3mo manejas tu activismo pol\u00edtico con el medioambiental?<\/b><\/p>\n<p><span style=\"font-weight: 400;\">En la clausura de la cumbre Our Ocean 2017 dijeron algo que se me qued\u00f3 pegado, \u201ctodos los problemas ambientales son problemas pol\u00edticos\u201d y es muy cierto, siempre he tenido una participaci\u00f3n pol\u00edtica bastante activa, de hecho una de las personas que me motiv\u00f3 mucho a participar en la pol\u00edtica fue Ver\u00f3nica Mendoza que es una candidata presidencial en Per\u00fa.<\/span><\/p>\n<p><span style=\"font-weight: 400;\">Estamos llevando al planeta al caos y tenemos que participar en eso, como j\u00f3venes tenemos que meternos a defender a la naturaleza dentro de la pol\u00edtica que gestiona y administra el dinero del estado. Es la pol\u00edtica la que incide en los proyectos, tenemos que participar, y darnos cuenta de la importancia de la participaci\u00f3n pol\u00edtica, de tomar lados, de tomar posturas, de defender agendas e ideales y propuestas de personas que vayan a generar un mundo mejor para nosotros los j\u00f3venes y para el planeta en s\u00ed.<\/span><\/p>\n<p><b>\u00bfQu\u00e9 rescatas de la Primera Cumbre Virtual de J\u00f3venes L\u00edderes?\u00a0<\/b><\/p>\n<p><span style=\"font-weight: 400;\">Yo creo que la Primera Cumbre Virtual de J\u00f3venes L\u00edderes dej\u00f3 bastante en claro que a pesar de las tensiones hist\u00f3ricas, que han dividido a nuestros pa\u00edses, Latinoam\u00e9rica es una latinoam\u00e9rica unida y tenemos que mantenernos unidos y que la manera de salir de la crisis es manteni\u00e9ndonos juntos. Soy un firme creyente de que las propuestas de desarrollo sostenible, las propuestas ideales que necesita el planeta van a venir de nuestra regi\u00f3n. B\u00e1sicamente por el desarrollo desmedido que ha existido ac\u00e1 por tanto tiempo y todav\u00eda sigue existiendo en tantas comunidades que\u00a0 queremos colonizar. Por eso creo importante que que nuestra regi\u00f3n sea la que lleve adelante las propuestas,\u00a0<\/span><\/p>\n<p><b>Tips para que otros j\u00f3venes se conviertan en l\u00edderes ambientales.<\/b><\/p>\n<p><span style=\"font-weight: 400;\">El primer tip para que otros j\u00f3venes se conviertan en l\u00edderes ambientales es cuidarnos entre nosotros y escucharnos, no solamente hablar, hay que valorar lo que dicen los otros j\u00f3venes y en verdad darnos cuenta que el oc\u00e9ano necesita una defensa fuerte. Que no podemos conformarnos con cambios peque\u00f1os, necesitamos una reforma fuerte en nuestro oc\u00e9ano.<\/span><\/p>\n<p><b>\u00bfC\u00f3mo ves la intervenci\u00f3n minera en los fondos marinos?<\/b><\/p>\n<p><span style=\"font-weight: 400;\">Sinceramente me da mucho miedo el tema de la miner\u00eda submarina, porque conozco mucha gente que va a escuchar la idea y le va a parecer un buen negocio, especialmente ac\u00e1 en el Per\u00fa donde la miner\u00eda es algo tan fuerte.\u00a0<\/span><\/p>\n<p><span style=\"font-weight: 400;\">Tenemos que trabajar con difusi\u00f3n, buscar llegar a los l\u00edderes pol\u00edticos. Este tema lo hemos llevado a los partidos pol\u00edticos y espero que lo levanten y sea mencionado en las elecciones ac\u00e1 en el Per\u00fa del 2021.<\/span><\/p>\n","protected":false},"excerpt":{"rendered":"<p>Daniel C\u00e1ceres se define como un agente de cambio,\u00a0 un joven que a sus 25 a\u00f1os est\u00e1 buscando hacer de su pa\u00eds (Per\u00fa) un mejor lugar para todos los seres&#8230;<\/p>\n","protected":false},"author":3,"featured_media":851,"comment_status":"closed","ping_status":"closed","sticky":false,"template":"","format":"standard","meta":{"_mo_disable_npp":"","footnotes":""},"categories":[3,10,7,4,13],"tags":[],"class_list":["post-849","post","type-post","status-publish","format-standard","has-post-thumbnail","hentry","category-accion-climatica","category-agua","category-fondo-marino","category-voces","category-health-and-lifestyle"],"yoast_head":"<!-- This site is optimized with the Yoast SEO plugin v28.3 - https:\/\/yoast.com\/product\/yoast-seo-wordpress\/ -->\n<title>Daniel C\u00e1ceres: La importancia de los j\u00f3venes y su participaci\u00f3n pol\u00edtica - The Oxygen Project<\/title>\n<meta name=\"robots\" content=\"index, follow, max-snippet:-1, max-image-preview:large, max-video-preview:-1\" \/>\n<link rel=\"canonical\" href=\"https:\/\/www.theoxygenproject.com\/es\/daniel-caceres-la-importancia-de-los-jovenes-y-su-participacion-politica\/\" \/>\n<meta property=\"og:locale\" content=\"en_US\" \/>\n<meta property=\"og:type\" content=\"article\" \/>\n<meta property=\"og:title\" content=\"Daniel C\u00e1ceres: La importancia de los j\u00f3venes y su participaci\u00f3n pol\u00edtica - The Oxygen Project\" \/>\n<meta property=\"og:description\" content=\"Daniel C\u00e1ceres se define como un agente de cambio,\u00a0 un joven que a sus 25 a\u00f1os est\u00e1 buscando hacer de su pa\u00eds (Per\u00fa) un mejor lugar para todos los seres...\" \/>\n<meta property=\"og:url\" content=\"https:\/\/www.theoxygenproject.com\/es\/daniel-caceres-la-importancia-de-los-jovenes-y-su-participacion-politica\/\" \/>\n<meta property=\"og:site_name\" content=\"The Oxygen Project\" \/>\n<meta property=\"article:publisher\" content=\"https:\/\/www.facebook.com\/theoxygenproj\" \/>\n<meta property=\"article:published_time\" content=\"2021-01-20T15:46:47+00:00\" \/>\n<meta property=\"og:image\" content=\"https:\/\/www.theoxygenproject.com\/es\/wp-content\/uploads\/2021\/01\/01_Mesa-de-trabajo-1.png\" \/>\n\t<meta property=\"og:image:width\" content=\"1182\" \/>\n\t<meta property=\"og:image:height\" content=\"1182\" \/>\n\t<meta property=\"og:image:type\" content=\"image\/png\" \/>\n<meta name=\"author\" content=\"Pilar R\u00edos\" \/>\n<meta name=\"twitter:card\" content=\"summary_large_image\" \/>\n<meta name=\"twitter:creator\" content=\"@theoxygenproj\" \/>\n<meta name=\"twitter:site\" content=\"@theoxygenproj\" \/>\n<meta name=\"twitter:label1\" content=\"Written by\" \/>\n\t<meta name=\"twitter:data1\" content=\"Pilar R\u00edos\" \/>\n\t<meta name=\"twitter:label2\" content=\"Est. reading time\" \/>\n\t<meta name=\"twitter:data2\" content=\"4 minutes\" \/>\n<script type=\"application\/ld+json\" class=\"yoast-schema-graph\">{\"@context\":\"https:\\\/\\\/schema.org\",\"@graph\":[{\"@type\":\"Article\",\"@id\":\"https:\\\/\\\/www.theoxygenproject.com\\\/es\\\/daniel-caceres-la-importancia-de-los-jovenes-y-su-participacion-politica\\\/#article\",\"isPartOf\":{\"@id\":\"https:\\\/\\\/www.theoxygenproject.com\\\/es\\\/daniel-caceres-la-importancia-de-los-jovenes-y-su-participacion-politica\\\/\"},\"author\":{\"name\":\"Pilar R\u00edos\",\"@id\":\"https:\\\/\\\/www.theoxygenproject.com\\\/es\\\/#\\\/schema\\\/person\\\/fd1d50a727859a9283fdd988aca8d8fb\"},\"headline\":\"Daniel C\u00e1ceres: La importancia de los j\u00f3venes y su participaci\u00f3n pol\u00edtica\",\"datePublished\":\"2021-01-20T15:46:47+00:00\",\"mainEntityOfPage\":{\"@id\":\"https:\\\/\\\/www.theoxygenproject.com\\\/es\\\/daniel-caceres-la-importancia-de-los-jovenes-y-su-participacion-politica\\\/\"},\"wordCount\":891,\"publisher\":{\"@id\":\"https:\\\/\\\/www.theoxygenproject.com\\\/es\\\/#organization\"},\"image\":{\"@id\":\"https:\\\/\\\/www.theoxygenproject.com\\\/es\\\/daniel-caceres-la-importancia-de-los-jovenes-y-su-participacion-politica\\\/#primaryimage\"},\"thumbnailUrl\":\"https:\\\/\\\/www.theoxygenproject.com\\\/es\\\/wp-content\\\/uploads\\\/2021\\\/01\\\/01_Mesa-de-trabajo-1.png\",\"articleSection\":[\"Acci\u00f3n Clim\u00e1tica\",\"Agua\",\"Defend The Deep\",\"Defensores\",\"Noticias Ambientales\"],\"inLanguage\":\"en-US\"},{\"@type\":\"WebPage\",\"@id\":\"https:\\\/\\\/www.theoxygenproject.com\\\/es\\\/daniel-caceres-la-importancia-de-los-jovenes-y-su-participacion-politica\\\/\",\"url\":\"https:\\\/\\\/www.theoxygenproject.com\\\/es\\\/daniel-caceres-la-importancia-de-los-jovenes-y-su-participacion-politica\\\/\",\"name\":\"Daniel C\u00e1ceres: La importancia de los j\u00f3venes y su participaci\u00f3n pol\u00edtica - The Oxygen Project\",\"isPartOf\":{\"@id\":\"https:\\\/\\\/www.theoxygenproject.com\\\/es\\\/#website\"},\"primaryImageOfPage\":{\"@id\":\"https:\\\/\\\/www.theoxygenproject.com\\\/es\\\/daniel-caceres-la-importancia-de-los-jovenes-y-su-participacion-politica\\\/#primaryimage\"},\"image\":{\"@id\":\"https:\\\/\\\/www.theoxygenproject.com\\\/es\\\/daniel-caceres-la-importancia-de-los-jovenes-y-su-participacion-politica\\\/#primaryimage\"},\"thumbnailUrl\":\"https:\\\/\\\/www.theoxygenproject.com\\\/es\\\/wp-content\\\/uploads\\\/2021\\\/01\\\/01_Mesa-de-trabajo-1.png\",\"datePublished\":\"2021-01-20T15:46:47+00:00\",\"breadcrumb\":{\"@id\":\"https:\\\/\\\/www.theoxygenproject.com\\\/es\\\/daniel-caceres-la-importancia-de-los-jovenes-y-su-participacion-politica\\\/#breadcrumb\"},\"inLanguage\":\"en-US\",\"potentialAction\":[{\"@type\":\"ReadAction\",\"target\":[\"https:\\\/\\\/www.theoxygenproject.com\\\/es\\\/daniel-caceres-la-importancia-de-los-jovenes-y-su-participacion-politica\\\/\"]}]},{\"@type\":\"ImageObject\",\"inLanguage\":\"en-US\",\"@id\":\"https:\\\/\\\/www.theoxygenproject.com\\\/es\\\/daniel-caceres-la-importancia-de-los-jovenes-y-su-participacion-politica\\\/#primaryimage\",\"url\":\"https:\\\/\\\/www.theoxygenproject.com\\\/es\\\/wp-content\\\/uploads\\\/2021\\\/01\\\/01_Mesa-de-trabajo-1.png\",\"contentUrl\":\"https:\\\/\\\/www.theoxygenproject.com\\\/es\\\/wp-content\\\/uploads\\\/2021\\\/01\\\/01_Mesa-de-trabajo-1.png\",\"width\":1182,\"height\":1182},{\"@type\":\"BreadcrumbList\",\"@id\":\"https:\\\/\\\/www.theoxygenproject.com\\\/es\\\/daniel-caceres-la-importancia-de-los-jovenes-y-su-participacion-politica\\\/#breadcrumb\",\"itemListElement\":[{\"@type\":\"ListItem\",\"position\":1,\"name\":\"Home\",\"item\":\"https:\\\/\\\/www.theoxygenproject.com\\\/es\\\/\"},{\"@type\":\"ListItem\",\"position\":2,\"name\":\"Daniel C\u00e1ceres: La importancia de los j\u00f3venes y su participaci\u00f3n pol\u00edtica\"}]},{\"@type\":\"WebSite\",\"@id\":\"https:\\\/\\\/www.theoxygenproject.com\\\/es\\\/#website\",\"url\":\"https:\\\/\\\/www.theoxygenproject.com\\\/es\\\/\",\"name\":\"The Oxygen Project\",\"description\":\"\",\"publisher\":{\"@id\":\"https:\\\/\\\/www.theoxygenproject.com\\\/es\\\/#organization\"},\"potentialAction\":[{\"@type\":\"SearchAction\",\"target\":{\"@type\":\"EntryPoint\",\"urlTemplate\":\"https:\\\/\\\/www.theoxygenproject.com\\\/es\\\/?s={search_term_string}\"},\"query-input\":{\"@type\":\"PropertyValueSpecification\",\"valueRequired\":true,\"valueName\":\"search_term_string\"}}],\"inLanguage\":\"en-US\"},{\"@type\":\"Organization\",\"@id\":\"https:\\\/\\\/www.theoxygenproject.com\\\/es\\\/#organization\",\"name\":\"The Oxygen Project\",\"url\":\"https:\\\/\\\/www.theoxygenproject.com\\\/es\\\/\",\"logo\":{\"@type\":\"ImageObject\",\"inLanguage\":\"en-US\",\"@id\":\"https:\\\/\\\/www.theoxygenproject.com\\\/es\\\/#\\\/schema\\\/logo\\\/image\\\/\",\"url\":\"https:\\\/\\\/www.theoxygenproject.com\\\/es\\\/wp-content\\\/uploads\\\/2024\\\/05\\\/top-logo-dark.png\",\"contentUrl\":\"https:\\\/\\\/www.theoxygenproject.com\\\/es\\\/wp-content\\\/uploads\\\/2024\\\/05\\\/top-logo-dark.png\",\"width\":384,\"height\":256,\"caption\":\"The Oxygen Project\"},\"image\":{\"@id\":\"https:\\\/\\\/www.theoxygenproject.com\\\/es\\\/#\\\/schema\\\/logo\\\/image\\\/\"},\"sameAs\":[\"https:\\\/\\\/www.facebook.com\\\/theoxygenproj\",\"https:\\\/\\\/x.com\\\/theoxygenproj\"]},{\"@type\":\"Person\",\"@id\":\"https:\\\/\\\/www.theoxygenproject.com\\\/es\\\/#\\\/schema\\\/person\\\/fd1d50a727859a9283fdd988aca8d8fb\",\"name\":\"Pilar R\u00edos\",\"image\":{\"@type\":\"ImageObject\",\"inLanguage\":\"en-US\",\"@id\":\"https:\\\/\\\/secure.gravatar.com\\\/avatar\\\/cb4cf509d6c8cf9193108e3149294241c2397964dbeb5a2a6e6b0a4a4127fc37?s=96&d=mm&r=g\",\"url\":\"https:\\\/\\\/secure.gravatar.com\\\/avatar\\\/cb4cf509d6c8cf9193108e3149294241c2397964dbeb5a2a6e6b0a4a4127fc37?s=96&d=mm&r=g\",\"contentUrl\":\"https:\\\/\\\/secure.gravatar.com\\\/avatar\\\/cb4cf509d6c8cf9193108e3149294241c2397964dbeb5a2a6e6b0a4a4127fc37?s=96&d=mm&r=g\",\"caption\":\"Pilar R\u00edos\"},\"url\":\"https:\\\/\\\/www.theoxygenproject.com\\\/es\\\/author\\\/admin-2\\\/\"}]}<\/script>\n<!-- \/ Yoast SEO plugin. -->","yoast_head_json":{"title":"Daniel C\u00e1ceres: La importancia de los j\u00f3venes y su participaci\u00f3n pol\u00edtica - The Oxygen Project","robots":{"index":"index","follow":"follow","max-snippet":"max-snippet:-1","max-image-preview":"max-image-preview:large","max-video-preview":"max-video-preview:-1"},"canonical":"https:\/\/www.theoxygenproject.com\/es\/daniel-caceres-la-importancia-de-los-jovenes-y-su-participacion-politica\/","og_locale":"en_US","og_type":"article","og_title":"Daniel C\u00e1ceres: La importancia de los j\u00f3venes y su participaci\u00f3n pol\u00edtica - The Oxygen Project","og_description":"Daniel C\u00e1ceres se define como un agente de cambio,\u00a0 un joven que a sus 25 a\u00f1os est\u00e1 buscando hacer de su pa\u00eds (Per\u00fa) un mejor lugar para todos los seres...","og_url":"https:\/\/www.theoxygenproject.com\/es\/daniel-caceres-la-importancia-de-los-jovenes-y-su-participacion-politica\/","og_site_name":"The Oxygen Project","article_publisher":"https:\/\/www.facebook.com\/theoxygenproj","article_published_time":"2021-01-20T15:46:47+00:00","og_image":[{"width":1182,"height":1182,"url":"https:\/\/www.theoxygenproject.com\/es\/wp-content\/uploads\/2021\/01\/01_Mesa-de-trabajo-1.png","type":"image\/png"}],"author":"Pilar R\u00edos","twitter_card":"summary_large_image","twitter_creator":"@theoxygenproj","twitter_site":"@theoxygenproj","twitter_misc":{"Written by":"Pilar R\u00edos","Est. reading time":"4 minutes"},"schema":{"@context":"https:\/\/schema.org","@graph":[{"@type":"Article","@id":"https:\/\/www.theoxygenproject.com\/es\/daniel-caceres-la-importancia-de-los-jovenes-y-su-participacion-politica\/#article","isPartOf":{"@id":"https:\/\/www.theoxygenproject.com\/es\/daniel-caceres-la-importancia-de-los-jovenes-y-su-participacion-politica\/"},"author":{"name":"Pilar R\u00edos","@id":"https:\/\/www.theoxygenproject.com\/es\/#\/schema\/person\/fd1d50a727859a9283fdd988aca8d8fb"},"headline":"Daniel C\u00e1ceres: La importancia de los j\u00f3venes y su participaci\u00f3n pol\u00edtica","datePublished":"2021-01-20T15:46:47+00:00","mainEntityOfPage":{"@id":"https:\/\/www.theoxygenproject.com\/es\/daniel-caceres-la-importancia-de-los-jovenes-y-su-participacion-politica\/"},"wordCount":891,"publisher":{"@id":"https:\/\/www.theoxygenproject.com\/es\/#organization"},"image":{"@id":"https:\/\/www.theoxygenproject.com\/es\/daniel-caceres-la-importancia-de-los-jovenes-y-su-participacion-politica\/#primaryimage"},"thumbnailUrl":"https:\/\/www.theoxygenproject.com\/es\/wp-content\/uploads\/2021\/01\/01_Mesa-de-trabajo-1.png","articleSection":["Acci\u00f3n Clim\u00e1tica","Agua","Defend The Deep","Defensores","Noticias Ambientales"],"inLanguage":"en-US"},{"@type":"WebPage","@id":"https:\/\/www.theoxygenproject.com\/es\/daniel-caceres-la-importancia-de-los-jovenes-y-su-participacion-politica\/","url":"https:\/\/www.theoxygenproject.com\/es\/daniel-caceres-la-importancia-de-los-jovenes-y-su-participacion-politica\/","name":"Daniel C\u00e1ceres: La importancia de los j\u00f3venes y su participaci\u00f3n pol\u00edtica - The Oxygen Project","isPartOf":{"@id":"https:\/\/www.theoxygenproject.com\/es\/#website"},"primaryImageOfPage":{"@id":"https:\/\/www.theoxygenproject.com\/es\/daniel-caceres-la-importancia-de-los-jovenes-y-su-participacion-politica\/#primaryimage"},"image":{"@id":"https:\/\/www.theoxygenproject.com\/es\/daniel-caceres-la-importancia-de-los-jovenes-y-su-participacion-politica\/#primaryimage"},"thumbnailUrl":"https:\/\/www.theoxygenproject.com\/es\/wp-content\/uploads\/2021\/01\/01_Mesa-de-trabajo-1.png","datePublished":"2021-01-20T15:46:47+00:00","breadcrumb":{"@id":"https:\/\/www.theoxygenproject.com\/es\/daniel-caceres-la-importancia-de-los-jovenes-y-su-participacion-politica\/#breadcrumb"},"inLanguage":"en-US","potentialAction":[{"@type":"ReadAction","target":["https:\/\/www.theoxygenproject.com\/es\/daniel-caceres-la-importancia-de-los-jovenes-y-su-participacion-politica\/"]}]},{"@type":"ImageObject","inLanguage":"en-US","@id":"https:\/\/www.theoxygenproject.com\/es\/daniel-caceres-la-importancia-de-los-jovenes-y-su-participacion-politica\/#primaryimage","url":"https:\/\/www.theoxygenproject.com\/es\/wp-content\/uploads\/2021\/01\/01_Mesa-de-trabajo-1.png","contentUrl":"https:\/\/www.theoxygenproject.com\/es\/wp-content\/uploads\/2021\/01\/01_Mesa-de-trabajo-1.png","width":1182,"height":1182},{"@type":"BreadcrumbList","@id":"https:\/\/www.theoxygenproject.com\/es\/daniel-caceres-la-importancia-de-los-jovenes-y-su-participacion-politica\/#breadcrumb","itemListElement":[{"@type":"ListItem","position":1,"name":"Home","item":"https:\/\/www.theoxygenproject.com\/es\/"},{"@type":"ListItem","position":2,"name":"Daniel C\u00e1ceres: La importancia de los j\u00f3venes y su participaci\u00f3n pol\u00edtica"}]},{"@type":"WebSite","@id":"https:\/\/www.theoxygenproject.com\/es\/#website","url":"https:\/\/www.theoxygenproject.com\/es\/","name":"The Oxygen Project","description":"","publisher":{"@id":"https:\/\/www.theoxygenproject.com\/es\/#organization"},"potentialAction":[{"@type":"SearchAction","target":{"@type":"EntryPoint","urlTemplate":"https:\/\/www.theoxygenproject.com\/es\/?s={search_term_string}"},"query-input":{"@type":"PropertyValueSpecification","valueRequired":true,"valueName":"search_term_string"}}],"inLanguage":"en-US"},{"@type":"Organization","@id":"https:\/\/www.theoxygenproject.com\/es\/#organization","name":"The Oxygen Project","url":"https:\/\/www.theoxygenproject.com\/es\/","logo":{"@type":"ImageObject","inLanguage":"en-US","@id":"https:\/\/www.theoxygenproject.com\/es\/#\/schema\/logo\/image\/","url":"https:\/\/www.theoxygenproject.com\/es\/wp-content\/uploads\/2024\/05\/top-logo-dark.png","contentUrl":"https:\/\/www.theoxygenproject.com\/es\/wp-content\/uploads\/2024\/05\/top-logo-dark.png","width":384,"height":256,"caption":"The Oxygen Project"},"image":{"@id":"https:\/\/www.theoxygenproject.com\/es\/#\/schema\/logo\/image\/"},"sameAs":["https:\/\/www.facebook.com\/theoxygenproj","https:\/\/x.com\/theoxygenproj"]},{"@type":"Person","@id":"https:\/\/www.theoxygenproject.com\/es\/#\/schema\/person\/fd1d50a727859a9283fdd988aca8d8fb","name":"Pilar R\u00edos","image":{"@type":"ImageObject","inLanguage":"en-US","@id":"https:\/\/secure.gravatar.com\/avatar\/cb4cf509d6c8cf9193108e3149294241c2397964dbeb5a2a6e6b0a4a4127fc37?s=96&d=mm&r=g","url":"https:\/\/secure.gravatar.com\/avatar\/cb4cf509d6c8cf9193108e3149294241c2397964dbeb5a2a6e6b0a4a4127fc37?s=96&d=mm&r=g","contentUrl":"https:\/\/secure.gravatar.com\/avatar\/cb4cf509d6c8cf9193108e3149294241c2397964dbeb5a2a6e6b0a4a4127fc37?s=96&d=mm&r=g","caption":"Pilar R\u00edos"},"url":"https:\/\/www.theoxygenproject.com\/es\/author\/admin-2\/"}]}},"_links":{"self":[{"href":"https:\/\/www.theoxygenproject.com\/es\/wp-json\/wp\/v2\/posts\/849","targetHints":{"allow":["GET"]}}],"collection":[{"href":"https:\/\/www.theoxygenproject.com\/es\/wp-json\/wp\/v2\/posts"}],"about":[{"href":"https:\/\/www.theoxygenproject.com\/es\/wp-json\/wp\/v2\/types\/post"}],"author":[{"embeddable":true,"href":"https:\/\/www.theoxygenproject.com\/es\/wp-json\/wp\/v2\/users\/3"}],"replies":[{"embeddable":true,"href":"https:\/\/www.theoxygenproject.com\/es\/wp-json\/wp\/v2\/comments?post=849"}],"version-history":[{"count":0,"href":"https:\/\/www.theoxygenproject.com\/es\/wp-json\/wp\/v2\/posts\/849\/revisions"}],"wp:featuredmedia":[{"embeddable":true,"href":"https:\/\/www.theoxygenproject.com\/es\/wp-json\/wp\/v2\/media\/851"}],"wp:attachment":[{"href":"https:\/\/www.theoxygenproject.com\/es\/wp-json\/wp\/v2\/media?parent=849"}],"wp:term":[{"taxonomy":"category","embeddable":true,"href":"https:\/\/www.theoxygenproject.com\/es\/wp-json\/wp\/v2\/categories?post=849"},{"taxonomy":"post_tag","embeddable":true,"href":"https:\/\/www.theoxygenproject.com\/es\/wp-json\/wp\/v2\/tags?post=849"}],"curies":[{"name":"wp","href":"https:\/\/api.w.org\/{rel}","templated":true}]}}