{"id":824,"date":"2021-01-07T01:46:07","date_gmt":"2021-01-06T22:46:07","guid":{"rendered":"https:\/\/www.theoxygenproject.com\/es\/?p=824"},"modified":"2021-01-07T01:46:07","modified_gmt":"2021-01-06T22:46:07","slug":"ilan-zugman-presion-a-la-industria-de-los-combustibles-fosiles","status":"publish","type":"post","link":"https:\/\/www.theoxygenproject.com\/es\/ilan-zugman-presion-a-la-industria-de-los-combustibles-fosiles\/","title":{"rendered":"Ilan Zugman: Presi\u00f3n a la industria de los combustibles f\u00f3siles"},"content":{"rendered":"<h3><strong><i>&#8220;\u00a1El conocimiento es poder! Debemos detener la expansi\u00f3n de la industria de los combustibles f\u00f3siles en el mundo y acelerar la transici\u00f3n a una energ\u00eda justa y de bajo impacto!&#8221;<\/i><\/strong><\/h3>\n<p><span style=\"font-weight: 400;\">Ilan Zugman es un activista medioambiental y organizador de la <\/span><a href=\"https:\/\/www.instagram.com\/350americalatina\/\"><span style=\"font-weight: 400;\">ONG 350.org Am\u00e9rica Latina<\/span><\/a><span style=\"font-weight: 400;\">. Su misi\u00f3n es luchar contra la industria de los combustibles f\u00f3siles y sus efectos devastadores en nuestros ecosistemas mundiales. Desde las denuncias sobre el sector energ\u00e9tico hasta las protestas contra el propio gobierno brasile\u00f1o, Ilan est\u00e1 &#8220;presionando&#8221; a un sistema que est\u00e1 quebrado y responsabilizando a sus l\u00edderes.<\/span><\/p>\n<p><span style=\"font-weight: 400;\">Hablamos con Ilan sobre los cambios que le gustar\u00eda ver en Brasil y en el mundo para\u00a0 sobrevivir a la crisis clim\u00e1tica:<\/span><\/p>\n<ol>\n<li><b> H\u00e1blenos de ti y de lo que te impuls\u00f3 a luchar contra el cambio clim\u00e1tico.<\/b><\/li>\n<\/ol>\n<p><span style=\"font-weight: 400;\">Mi nombre es Ilan Zugman. Soy un activista medioambiental de 31 a\u00f1os de edad de Brasil.<\/span><\/p>\n<p><span style=\"font-weight: 400;\">Sue\u00f1o con el d\u00eda en que podamos dar a la naturaleza tanto como ella nos da a nosotros. Llevo m\u00e1s de seis a\u00f1os luchando contra el cambio clim\u00e1tico, pero el verdadero punto de partida para m\u00ed fue durante mi maestr\u00eda en Australia. All\u00ed, vi con mis propios ojos todo el blanqueamiento de los corales que el cambio clim\u00e1tico estaba causando en la Gran Barrera de Coral. Era muy triste darse cuenta de que las generaciones futuras no iban a poder ver uno de los ecosistemas m\u00e1s asombrosos de la Tierra.<\/span><\/p>\n<ol start=\"2\">\n<li><span style=\"font-weight: 400;\"> \u00bfQu\u00e9 aspecto del cambio clim\u00e1tico crees que no se habla lo suficiente?<\/span><\/li>\n<\/ol>\n<p><span style=\"font-weight: 400;\">Creo que no estamos incluyendo dos aspectos muy importantes en el debate sobre el cambio clim\u00e1tico: uno es la perspectiva de las regiones que ya est\u00e1n sufriendo los impactos del cambio clim\u00e1tico. El otro es el punto de vista de las personas que tienen una mejor comprensi\u00f3n de la Madre Naturaleza que nosotros. Me refiero a los pueblos originarios y a todas las dem\u00e1s comunidades tradicionales que viven en este planeta.<\/span><\/p>\n<ol start=\"3\">\n<li><span style=\"font-weight: 400;\"> Si tuvieras un mill\u00f3n de d\u00f3lares para donar a una causa, \u00bfCu\u00e1l ser\u00eda?<\/span><\/li>\n<\/ol>\n<p><span style=\"font-weight: 400;\">Lo donar\u00eda a la conservaci\u00f3n de los tiburones. Los tiburones son mi animal favorito en la tierra, y, desafortunadamente, siempre se confunden con bestias asesinas. Los humanos matan alrededor de 11.000 tiburones por hora (principalmente para las aletas), mientras que los tiburones matan alrededor de seis humanos por a\u00f1o.<\/span><\/p>\n<p><b>Los tiburones son tan importantes para el equilibrio de nuestro planeta. Quiero compartir algo interesante sobre ellos que no mucha gente conoce: \u00a1la protecci\u00f3n de los tiburones puede reducir los impactos del cambio clim\u00e1tico! La disminuci\u00f3n de la poblaci\u00f3n de tiburones permite que sus presas se vuelvan sobreabundantes y coman vegetaci\u00f3n que almacena carbono (pastos marinos, marismas saladas y manglares) en mayores cantidades. Este tipo de vegetaci\u00f3n captura y almacena el carbono cuarenta veces m\u00e1s eficientemente que las selvas tropicales, como el Amazonas.<\/b><\/p>\n<ol start=\"4\">\n<li><span style=\"font-weight: 400;\"> \u00bfC\u00f3mo se aborda el tema del cambio clim\u00e1tico en tu pa\u00eds? Lo bueno, lo malo y lo feo.<\/span><\/li>\n<\/ol>\n<p><span style=\"font-weight: 400;\">En Brasil, como en la mayor parte del mundo, sol\u00edamos tener discusiones sobre el clima (aunque no mucha acci\u00f3n), y un gobierno que cre\u00eda que el cambio clim\u00e1tico era real. Con la nueva administraci\u00f3n, que comenz\u00f3 en 2019, esa postura ha cambiado. Nuestro actual Presidente no cree en el cambio clim\u00e1tico y opina que la conservaci\u00f3n de la naturaleza y las comunidades tradicionales son la mayor amenaza para el progreso en el mundo. As\u00ed que, para m\u00ed, definitivamente el malo es Jair Bolsonaro, y el feo Ricardo Salles (Ministro de Medio Ambiente).<\/span><\/p>\n<p><span style=\"font-weight: 400;\">Han aumentado los incendios y la Amazonas llega a las mayores tasas de deforestaci\u00f3n (Bolsonaro culp\u00f3 a las ONG y a Leonardo DiCaprio por ello). Tambi\u00e9n tuvimos el mayor derrame de petr\u00f3leo, que todav\u00eda est\u00e1 da\u00f1ando casi la mitad de la costa brasile\u00f1a, y la mayor tasa de asesinatos de defensores del clima (activistas, ind\u00edgenas, pescadores artesanales, etc.). El bien es el gran trabajo que las pocas ONGs, comunidades, movimientos, voluntarios y grupos est\u00e1n haciendo acerca de las cuestiones socio-ambientales en nuestro pa\u00eds. Si no fuera por ellos, la situaci\u00f3n ser\u00eda a\u00fan peor.<\/span><\/p>\n<p><span style=\"font-weight: 400;\">La entrevista de Ilan Zugman es la \u00faltima entrega de una serie que documenta a los l\u00edderes de pensamiento m\u00e1s influyentes del movimiento ambientalista mundial.\u00a0<\/span><\/p>\n<p><span style=\"font-weight: 400;\">Mira el trabajo de los activistas medioambientales y su aporte en todo el mundo! <\/span><a href=\"https:\/\/www.theoxygenproject.com\/es\/blog\/voces\/#posts\"><span style=\"font-weight: 400;\">Aqu\u00ed<\/span><\/a><\/p>\n<p><span style=\"font-weight: 400;\">Mira el IGTV con Ilan Zugman y Ryon Harms <\/span><a href=\"https:\/\/www.instagram.com\/tv\/CGsqxognHro\/\"><span style=\"font-weight: 400;\">aqu\u00ed<\/span><\/a><\/p>\n","protected":false},"excerpt":{"rendered":"<p>&#8220;\u00a1El conocimiento es poder! Debemos detener la expansi\u00f3n de la industria de los combustibles f\u00f3siles en el mundo y acelerar la transici\u00f3n a una energ\u00eda justa y de bajo impacto!&#8221;&#8230;<\/p>\n","protected":false},"author":3,"featured_media":825,"comment_status":"closed","ping_status":"closed","sticky":false,"template":"","format":"standard","meta":{"_mo_disable_npp":"","footnotes":""},"categories":[3,10,4],"tags":[],"class_list":["post-824","post","type-post","status-publish","format-standard","has-post-thumbnail","hentry","category-accion-climatica","category-agua","category-voces"],"yoast_head":"<!-- This site is optimized with the Yoast SEO plugin v28.3 - https:\/\/yoast.com\/product\/yoast-seo-wordpress\/ -->\n<title>Ilan Zugman: Presi\u00f3n a la industria de los combustibles f\u00f3siles - The Oxygen Project<\/title>\n<meta name=\"robots\" content=\"index, follow, max-snippet:-1, max-image-preview:large, max-video-preview:-1\" \/>\n<link rel=\"canonical\" href=\"https:\/\/www.theoxygenproject.com\/es\/ilan-zugman-presion-a-la-industria-de-los-combustibles-fosiles\/\" \/>\n<meta property=\"og:locale\" content=\"en_US\" \/>\n<meta property=\"og:type\" content=\"article\" \/>\n<meta property=\"og:title\" content=\"Ilan Zugman: Presi\u00f3n a la industria de los combustibles f\u00f3siles - The Oxygen Project\" \/>\n<meta property=\"og:description\" content=\"&#8220;\u00a1El conocimiento es poder! Debemos detener la expansi\u00f3n de la industria de los combustibles f\u00f3siles en el mundo y acelerar la transici\u00f3n a una energ\u00eda justa y de bajo impacto!&#8221;...\" \/>\n<meta property=\"og:url\" content=\"https:\/\/www.theoxygenproject.com\/es\/ilan-zugman-presion-a-la-industria-de-los-combustibles-fosiles\/\" \/>\n<meta property=\"og:site_name\" content=\"The Oxygen Project\" \/>\n<meta property=\"article:publisher\" content=\"https:\/\/www.facebook.com\/theoxygenproj\" \/>\n<meta property=\"article:published_time\" content=\"2021-01-06T22:46:07+00:00\" \/>\n<meta property=\"og:image\" content=\"https:\/\/www.theoxygenproject.com\/es\/wp-content\/uploads\/2021\/01\/ilan_color_Mesa-de-trabajo-1.png\" \/>\n\t<meta property=\"og:image:width\" content=\"1086\" \/>\n\t<meta property=\"og:image:height\" content=\"1105\" \/>\n\t<meta property=\"og:image:type\" content=\"image\/png\" \/>\n<meta name=\"author\" content=\"Pilar R\u00edos\" \/>\n<meta name=\"twitter:card\" content=\"summary_large_image\" \/>\n<meta name=\"twitter:creator\" content=\"@theoxygenproj\" \/>\n<meta name=\"twitter:site\" content=\"@theoxygenproj\" \/>\n<meta name=\"twitter:label1\" content=\"Written by\" \/>\n\t<meta name=\"twitter:data1\" content=\"Pilar R\u00edos\" \/>\n\t<meta name=\"twitter:label2\" content=\"Est. reading time\" \/>\n\t<meta name=\"twitter:data2\" content=\"4 minutes\" \/>\n<script type=\"application\/ld+json\" class=\"yoast-schema-graph\">{\"@context\":\"https:\\\/\\\/schema.org\",\"@graph\":[{\"@type\":\"Article\",\"@id\":\"https:\\\/\\\/www.theoxygenproject.com\\\/es\\\/ilan-zugman-presion-a-la-industria-de-los-combustibles-fosiles\\\/#article\",\"isPartOf\":{\"@id\":\"https:\\\/\\\/www.theoxygenproject.com\\\/es\\\/ilan-zugman-presion-a-la-industria-de-los-combustibles-fosiles\\\/\"},\"author\":{\"name\":\"Pilar R\u00edos\",\"@id\":\"https:\\\/\\\/www.theoxygenproject.com\\\/es\\\/#\\\/schema\\\/person\\\/fd1d50a727859a9283fdd988aca8d8fb\"},\"headline\":\"Ilan Zugman: Presi\u00f3n a la industria de los combustibles f\u00f3siles\",\"datePublished\":\"2021-01-06T22:46:07+00:00\",\"mainEntityOfPage\":{\"@id\":\"https:\\\/\\\/www.theoxygenproject.com\\\/es\\\/ilan-zugman-presion-a-la-industria-de-los-combustibles-fosiles\\\/\"},\"wordCount\":792,\"publisher\":{\"@id\":\"https:\\\/\\\/www.theoxygenproject.com\\\/es\\\/#organization\"},\"image\":{\"@id\":\"https:\\\/\\\/www.theoxygenproject.com\\\/es\\\/ilan-zugman-presion-a-la-industria-de-los-combustibles-fosiles\\\/#primaryimage\"},\"thumbnailUrl\":\"https:\\\/\\\/www.theoxygenproject.com\\\/es\\\/wp-content\\\/uploads\\\/2021\\\/01\\\/ilan_color_Mesa-de-trabajo-1.png\",\"articleSection\":[\"Acci\u00f3n Clim\u00e1tica\",\"Agua\",\"Defensores\"],\"inLanguage\":\"en-US\"},{\"@type\":\"WebPage\",\"@id\":\"https:\\\/\\\/www.theoxygenproject.com\\\/es\\\/ilan-zugman-presion-a-la-industria-de-los-combustibles-fosiles\\\/\",\"url\":\"https:\\\/\\\/www.theoxygenproject.com\\\/es\\\/ilan-zugman-presion-a-la-industria-de-los-combustibles-fosiles\\\/\",\"name\":\"Ilan Zugman: Presi\u00f3n a la industria de los combustibles f\u00f3siles - The Oxygen Project\",\"isPartOf\":{\"@id\":\"https:\\\/\\\/www.theoxygenproject.com\\\/es\\\/#website\"},\"primaryImageOfPage\":{\"@id\":\"https:\\\/\\\/www.theoxygenproject.com\\\/es\\\/ilan-zugman-presion-a-la-industria-de-los-combustibles-fosiles\\\/#primaryimage\"},\"image\":{\"@id\":\"https:\\\/\\\/www.theoxygenproject.com\\\/es\\\/ilan-zugman-presion-a-la-industria-de-los-combustibles-fosiles\\\/#primaryimage\"},\"thumbnailUrl\":\"https:\\\/\\\/www.theoxygenproject.com\\\/es\\\/wp-content\\\/uploads\\\/2021\\\/01\\\/ilan_color_Mesa-de-trabajo-1.png\",\"datePublished\":\"2021-01-06T22:46:07+00:00\",\"breadcrumb\":{\"@id\":\"https:\\\/\\\/www.theoxygenproject.com\\\/es\\\/ilan-zugman-presion-a-la-industria-de-los-combustibles-fosiles\\\/#breadcrumb\"},\"inLanguage\":\"en-US\",\"potentialAction\":[{\"@type\":\"ReadAction\",\"target\":[\"https:\\\/\\\/www.theoxygenproject.com\\\/es\\\/ilan-zugman-presion-a-la-industria-de-los-combustibles-fosiles\\\/\"]}]},{\"@type\":\"ImageObject\",\"inLanguage\":\"en-US\",\"@id\":\"https:\\\/\\\/www.theoxygenproject.com\\\/es\\\/ilan-zugman-presion-a-la-industria-de-los-combustibles-fosiles\\\/#primaryimage\",\"url\":\"https:\\\/\\\/www.theoxygenproject.com\\\/es\\\/wp-content\\\/uploads\\\/2021\\\/01\\\/ilan_color_Mesa-de-trabajo-1.png\",\"contentUrl\":\"https:\\\/\\\/www.theoxygenproject.com\\\/es\\\/wp-content\\\/uploads\\\/2021\\\/01\\\/ilan_color_Mesa-de-trabajo-1.png\",\"width\":1086,\"height\":1105},{\"@type\":\"BreadcrumbList\",\"@id\":\"https:\\\/\\\/www.theoxygenproject.com\\\/es\\\/ilan-zugman-presion-a-la-industria-de-los-combustibles-fosiles\\\/#breadcrumb\",\"itemListElement\":[{\"@type\":\"ListItem\",\"position\":1,\"name\":\"Home\",\"item\":\"https:\\\/\\\/www.theoxygenproject.com\\\/es\\\/\"},{\"@type\":\"ListItem\",\"position\":2,\"name\":\"Ilan Zugman: Presi\u00f3n a la industria de los combustibles f\u00f3siles\"}]},{\"@type\":\"WebSite\",\"@id\":\"https:\\\/\\\/www.theoxygenproject.com\\\/es\\\/#website\",\"url\":\"https:\\\/\\\/www.theoxygenproject.com\\\/es\\\/\",\"name\":\"The Oxygen Project\",\"description\":\"\",\"publisher\":{\"@id\":\"https:\\\/\\\/www.theoxygenproject.com\\\/es\\\/#organization\"},\"potentialAction\":[{\"@type\":\"SearchAction\",\"target\":{\"@type\":\"EntryPoint\",\"urlTemplate\":\"https:\\\/\\\/www.theoxygenproject.com\\\/es\\\/?s={search_term_string}\"},\"query-input\":{\"@type\":\"PropertyValueSpecification\",\"valueRequired\":true,\"valueName\":\"search_term_string\"}}],\"inLanguage\":\"en-US\"},{\"@type\":\"Organization\",\"@id\":\"https:\\\/\\\/www.theoxygenproject.com\\\/es\\\/#organization\",\"name\":\"The Oxygen Project\",\"url\":\"https:\\\/\\\/www.theoxygenproject.com\\\/es\\\/\",\"logo\":{\"@type\":\"ImageObject\",\"inLanguage\":\"en-US\",\"@id\":\"https:\\\/\\\/www.theoxygenproject.com\\\/es\\\/#\\\/schema\\\/logo\\\/image\\\/\",\"url\":\"https:\\\/\\\/www.theoxygenproject.com\\\/es\\\/wp-content\\\/uploads\\\/2024\\\/05\\\/top-logo-dark.png\",\"contentUrl\":\"https:\\\/\\\/www.theoxygenproject.com\\\/es\\\/wp-content\\\/uploads\\\/2024\\\/05\\\/top-logo-dark.png\",\"width\":384,\"height\":256,\"caption\":\"The Oxygen Project\"},\"image\":{\"@id\":\"https:\\\/\\\/www.theoxygenproject.com\\\/es\\\/#\\\/schema\\\/logo\\\/image\\\/\"},\"sameAs\":[\"https:\\\/\\\/www.facebook.com\\\/theoxygenproj\",\"https:\\\/\\\/x.com\\\/theoxygenproj\"]},{\"@type\":\"Person\",\"@id\":\"https:\\\/\\\/www.theoxygenproject.com\\\/es\\\/#\\\/schema\\\/person\\\/fd1d50a727859a9283fdd988aca8d8fb\",\"name\":\"Pilar R\u00edos\",\"image\":{\"@type\":\"ImageObject\",\"inLanguage\":\"en-US\",\"@id\":\"https:\\\/\\\/secure.gravatar.com\\\/avatar\\\/cb4cf509d6c8cf9193108e3149294241c2397964dbeb5a2a6e6b0a4a4127fc37?s=96&d=mm&r=g\",\"url\":\"https:\\\/\\\/secure.gravatar.com\\\/avatar\\\/cb4cf509d6c8cf9193108e3149294241c2397964dbeb5a2a6e6b0a4a4127fc37?s=96&d=mm&r=g\",\"contentUrl\":\"https:\\\/\\\/secure.gravatar.com\\\/avatar\\\/cb4cf509d6c8cf9193108e3149294241c2397964dbeb5a2a6e6b0a4a4127fc37?s=96&d=mm&r=g\",\"caption\":\"Pilar R\u00edos\"},\"url\":\"https:\\\/\\\/www.theoxygenproject.com\\\/es\\\/author\\\/admin-2\\\/\"}]}<\/script>\n<!-- \/ Yoast SEO plugin. -->","yoast_head_json":{"title":"Ilan Zugman: Presi\u00f3n a la industria de los combustibles f\u00f3siles - The Oxygen Project","robots":{"index":"index","follow":"follow","max-snippet":"max-snippet:-1","max-image-preview":"max-image-preview:large","max-video-preview":"max-video-preview:-1"},"canonical":"https:\/\/www.theoxygenproject.com\/es\/ilan-zugman-presion-a-la-industria-de-los-combustibles-fosiles\/","og_locale":"en_US","og_type":"article","og_title":"Ilan Zugman: Presi\u00f3n a la industria de los combustibles f\u00f3siles - The Oxygen Project","og_description":"&#8220;\u00a1El conocimiento es poder! Debemos detener la expansi\u00f3n de la industria de los combustibles f\u00f3siles en el mundo y acelerar la transici\u00f3n a una energ\u00eda justa y de bajo impacto!&#8221;...","og_url":"https:\/\/www.theoxygenproject.com\/es\/ilan-zugman-presion-a-la-industria-de-los-combustibles-fosiles\/","og_site_name":"The Oxygen Project","article_publisher":"https:\/\/www.facebook.com\/theoxygenproj","article_published_time":"2021-01-06T22:46:07+00:00","og_image":[{"width":1086,"height":1105,"url":"https:\/\/www.theoxygenproject.com\/es\/wp-content\/uploads\/2021\/01\/ilan_color_Mesa-de-trabajo-1.png","type":"image\/png"}],"author":"Pilar R\u00edos","twitter_card":"summary_large_image","twitter_creator":"@theoxygenproj","twitter_site":"@theoxygenproj","twitter_misc":{"Written by":"Pilar R\u00edos","Est. reading time":"4 minutes"},"schema":{"@context":"https:\/\/schema.org","@graph":[{"@type":"Article","@id":"https:\/\/www.theoxygenproject.com\/es\/ilan-zugman-presion-a-la-industria-de-los-combustibles-fosiles\/#article","isPartOf":{"@id":"https:\/\/www.theoxygenproject.com\/es\/ilan-zugman-presion-a-la-industria-de-los-combustibles-fosiles\/"},"author":{"name":"Pilar R\u00edos","@id":"https:\/\/www.theoxygenproject.com\/es\/#\/schema\/person\/fd1d50a727859a9283fdd988aca8d8fb"},"headline":"Ilan Zugman: Presi\u00f3n a la industria de los combustibles f\u00f3siles","datePublished":"2021-01-06T22:46:07+00:00","mainEntityOfPage":{"@id":"https:\/\/www.theoxygenproject.com\/es\/ilan-zugman-presion-a-la-industria-de-los-combustibles-fosiles\/"},"wordCount":792,"publisher":{"@id":"https:\/\/www.theoxygenproject.com\/es\/#organization"},"image":{"@id":"https:\/\/www.theoxygenproject.com\/es\/ilan-zugman-presion-a-la-industria-de-los-combustibles-fosiles\/#primaryimage"},"thumbnailUrl":"https:\/\/www.theoxygenproject.com\/es\/wp-content\/uploads\/2021\/01\/ilan_color_Mesa-de-trabajo-1.png","articleSection":["Acci\u00f3n Clim\u00e1tica","Agua","Defensores"],"inLanguage":"en-US"},{"@type":"WebPage","@id":"https:\/\/www.theoxygenproject.com\/es\/ilan-zugman-presion-a-la-industria-de-los-combustibles-fosiles\/","url":"https:\/\/www.theoxygenproject.com\/es\/ilan-zugman-presion-a-la-industria-de-los-combustibles-fosiles\/","name":"Ilan Zugman: Presi\u00f3n a la industria de los combustibles f\u00f3siles - The Oxygen Project","isPartOf":{"@id":"https:\/\/www.theoxygenproject.com\/es\/#website"},"primaryImageOfPage":{"@id":"https:\/\/www.theoxygenproject.com\/es\/ilan-zugman-presion-a-la-industria-de-los-combustibles-fosiles\/#primaryimage"},"image":{"@id":"https:\/\/www.theoxygenproject.com\/es\/ilan-zugman-presion-a-la-industria-de-los-combustibles-fosiles\/#primaryimage"},"thumbnailUrl":"https:\/\/www.theoxygenproject.com\/es\/wp-content\/uploads\/2021\/01\/ilan_color_Mesa-de-trabajo-1.png","datePublished":"2021-01-06T22:46:07+00:00","breadcrumb":{"@id":"https:\/\/www.theoxygenproject.com\/es\/ilan-zugman-presion-a-la-industria-de-los-combustibles-fosiles\/#breadcrumb"},"inLanguage":"en-US","potentialAction":[{"@type":"ReadAction","target":["https:\/\/www.theoxygenproject.com\/es\/ilan-zugman-presion-a-la-industria-de-los-combustibles-fosiles\/"]}]},{"@type":"ImageObject","inLanguage":"en-US","@id":"https:\/\/www.theoxygenproject.com\/es\/ilan-zugman-presion-a-la-industria-de-los-combustibles-fosiles\/#primaryimage","url":"https:\/\/www.theoxygenproject.com\/es\/wp-content\/uploads\/2021\/01\/ilan_color_Mesa-de-trabajo-1.png","contentUrl":"https:\/\/www.theoxygenproject.com\/es\/wp-content\/uploads\/2021\/01\/ilan_color_Mesa-de-trabajo-1.png","width":1086,"height":1105},{"@type":"BreadcrumbList","@id":"https:\/\/www.theoxygenproject.com\/es\/ilan-zugman-presion-a-la-industria-de-los-combustibles-fosiles\/#breadcrumb","itemListElement":[{"@type":"ListItem","position":1,"name":"Home","item":"https:\/\/www.theoxygenproject.com\/es\/"},{"@type":"ListItem","position":2,"name":"Ilan Zugman: Presi\u00f3n a la industria de los combustibles f\u00f3siles"}]},{"@type":"WebSite","@id":"https:\/\/www.theoxygenproject.com\/es\/#website","url":"https:\/\/www.theoxygenproject.com\/es\/","name":"The Oxygen Project","description":"","publisher":{"@id":"https:\/\/www.theoxygenproject.com\/es\/#organization"},"potentialAction":[{"@type":"SearchAction","target":{"@type":"EntryPoint","urlTemplate":"https:\/\/www.theoxygenproject.com\/es\/?s={search_term_string}"},"query-input":{"@type":"PropertyValueSpecification","valueRequired":true,"valueName":"search_term_string"}}],"inLanguage":"en-US"},{"@type":"Organization","@id":"https:\/\/www.theoxygenproject.com\/es\/#organization","name":"The Oxygen Project","url":"https:\/\/www.theoxygenproject.com\/es\/","logo":{"@type":"ImageObject","inLanguage":"en-US","@id":"https:\/\/www.theoxygenproject.com\/es\/#\/schema\/logo\/image\/","url":"https:\/\/www.theoxygenproject.com\/es\/wp-content\/uploads\/2024\/05\/top-logo-dark.png","contentUrl":"https:\/\/www.theoxygenproject.com\/es\/wp-content\/uploads\/2024\/05\/top-logo-dark.png","width":384,"height":256,"caption":"The Oxygen Project"},"image":{"@id":"https:\/\/www.theoxygenproject.com\/es\/#\/schema\/logo\/image\/"},"sameAs":["https:\/\/www.facebook.com\/theoxygenproj","https:\/\/x.com\/theoxygenproj"]},{"@type":"Person","@id":"https:\/\/www.theoxygenproject.com\/es\/#\/schema\/person\/fd1d50a727859a9283fdd988aca8d8fb","name":"Pilar R\u00edos","image":{"@type":"ImageObject","inLanguage":"en-US","@id":"https:\/\/secure.gravatar.com\/avatar\/cb4cf509d6c8cf9193108e3149294241c2397964dbeb5a2a6e6b0a4a4127fc37?s=96&d=mm&r=g","url":"https:\/\/secure.gravatar.com\/avatar\/cb4cf509d6c8cf9193108e3149294241c2397964dbeb5a2a6e6b0a4a4127fc37?s=96&d=mm&r=g","contentUrl":"https:\/\/secure.gravatar.com\/avatar\/cb4cf509d6c8cf9193108e3149294241c2397964dbeb5a2a6e6b0a4a4127fc37?s=96&d=mm&r=g","caption":"Pilar R\u00edos"},"url":"https:\/\/www.theoxygenproject.com\/es\/author\/admin-2\/"}]}},"_links":{"self":[{"href":"https:\/\/www.theoxygenproject.com\/es\/wp-json\/wp\/v2\/posts\/824","targetHints":{"allow":["GET"]}}],"collection":[{"href":"https:\/\/www.theoxygenproject.com\/es\/wp-json\/wp\/v2\/posts"}],"about":[{"href":"https:\/\/www.theoxygenproject.com\/es\/wp-json\/wp\/v2\/types\/post"}],"author":[{"embeddable":true,"href":"https:\/\/www.theoxygenproject.com\/es\/wp-json\/wp\/v2\/users\/3"}],"replies":[{"embeddable":true,"href":"https:\/\/www.theoxygenproject.com\/es\/wp-json\/wp\/v2\/comments?post=824"}],"version-history":[{"count":0,"href":"https:\/\/www.theoxygenproject.com\/es\/wp-json\/wp\/v2\/posts\/824\/revisions"}],"wp:featuredmedia":[{"embeddable":true,"href":"https:\/\/www.theoxygenproject.com\/es\/wp-json\/wp\/v2\/media\/825"}],"wp:attachment":[{"href":"https:\/\/www.theoxygenproject.com\/es\/wp-json\/wp\/v2\/media?parent=824"}],"wp:term":[{"taxonomy":"category","embeddable":true,"href":"https:\/\/www.theoxygenproject.com\/es\/wp-json\/wp\/v2\/categories?post=824"},{"taxonomy":"post_tag","embeddable":true,"href":"https:\/\/www.theoxygenproject.com\/es\/wp-json\/wp\/v2\/tags?post=824"}],"curies":[{"name":"wp","href":"https:\/\/api.w.org\/{rel}","templated":true}]}}