{"id":813,"date":"2020-12-26T16:42:36","date_gmt":"2020-12-26T13:42:36","guid":{"rendered":"https:\/\/www.theoxygenproject.com\/es\/?p=813"},"modified":"2020-12-26T16:42:36","modified_gmt":"2020-12-26T13:42:36","slug":"qa-phanor-montoya-el-buceo-como-herramienta-de-conservacion-y-movimiento-social","status":"publish","type":"post","link":"https:\/\/www.theoxygenproject.com\/es\/qa-phanor-montoya-el-buceo-como-herramienta-de-conservacion-y-movimiento-social\/","title":{"rendered":"Q&#038;A: Phanor Montoya &#8220;El buceo como herramienta de conservaci\u00f3n y movimiento social&#8221;"},"content":{"rendered":"<p><span style=\"font-weight: 400;\">Nombre: Phanor Montoya<\/span><\/p>\n<p><span style=\"font-weight: 400;\">IG: <\/span><span style=\"font-weight: 400;\">phmontoyamaya<\/span><\/p>\n<p><span style=\"font-weight: 400;\">Pa\u00eds: Colombia<\/span><\/p>\n<p><span style=\"font-weight: 400;\">El encuentro con un pescador local que lo llev\u00f3 a ver un arrecife de coral complet\u00f3 su pasi\u00f3n familiar por el paisaje submarino lleno de colores y de vida. Esa fue la se\u00f1al para que Phanor Montoya sea hoy reconocido como el promotor de los arrecifes de coral sostenibles a trav\u00e9s de la ciencia, la educaci\u00f3n, la rehabilitaci\u00f3n y la participaci\u00f3n.<\/span><\/p>\n<p><span style=\"font-weight: 400;\">Director de Corales de Paz, ONG que surgi\u00f3 como una estrategia para unir a las comunidades, para cambiar el conflicto por el trabajo en equipo. Su inspiraci\u00f3n es hacer del buceo una herramienta de conservaci\u00f3n, de movimiento social y de motivaci\u00f3n al cambio necesario para la construcci\u00f3n de arrecifes de coral sostenibles.<\/span><\/p>\n<p><span style=\"font-weight: 400;\">En entrevista con The Oxygen Project.es\u00a0 Phanor desde Colombia nos cuenta acerca de su pasi\u00f3n por el oc\u00e9ano, los corales, medioambiente, cambio clim\u00e1tico y deja algunos consejos para que los j\u00f3venes levanten la voz por un futuro y un planeta mejor.<\/span><\/p>\n<p><b>\u00bfC\u00f3mo comienza tu pasi\u00f3n por el oc\u00e9ano?\u00a0<\/b><\/p>\n<p><span style=\"font-weight: 400;\">Mi familia fue siempre interesada en la pesca deportiva en el Pac\u00edfico Colombiano. En uno de los viajes a Bah\u00eda Solano, tuve la oportunidad de nadar con un pescador local, excelente apneista, quien me llev\u00f3 a ver un peque\u00f1o arrecife de coral. En esa visita logr\u00e9 ver ese paisaje submarino lleno de color, de vida y en particular de un pez mero gigante. La curiosidad y ganas de entender lo que ve\u00edan mis ojos me llevaron a realizar un curso de buceo recreativo. Me certifiqu\u00e9 en la isla Gorgona y desde entonces, me enamor\u00e9 del mar y sus criaturas.<\/span><\/p>\n<p><b>\u00bfC\u00f3mo se une la Biolog\u00eda Marina con el buceo?<\/b><\/p>\n<p><span style=\"font-weight: 400;\">El buceo es una de las herramientas m\u00e1s valiosas para el bi\u00f3logo marino. Con el puedes explorar, estudiar y disfrutar los ecosistemas marinos. Poder respirar bajo el agua a trav\u00e9s del buceo te permite estar en un ambiente que de otra forma pasar\u00eda desapercibido.<\/span><\/p>\n<p><b>\u00bfPor qu\u00e9 Corales de la Paz?\u00a0<\/b><\/p>\n<p><span style=\"font-weight: 400;\">Hace mucho tiempo entend\u00ed que los arrecifes de coral proveen de servicios a diferentes grupos o comunidades. En alg\u00fan momento experiment\u00e9 como dos comunidades diferentes, buzos y pescadores, se peleaban por usar\/explorar ese recurso. Ese conflicto me record\u00f3 muchos de los conflictos que suced\u00edan en mi pa\u00eds Colombia.\u00a0 Corales de Paz surgi\u00f3 entonces como una estrategia para unir a las comunidades, para cambiar el conflicto por el trabajo en equipo que contrarreste el deterioro de un recurso vital para todos, los arrecifes de coral.<\/span><\/p>\n<p><b>H\u00e1blanos del premio que acaban de ganar<\/b><\/p>\n<p><span style=\"font-weight: 400;\">El premio Riqueza Natural de Colombia Productiva y USAID es un reconocimiento al trabajo que venimos realizando desde Noviembre de 2016, por hacer del buceo una herramienta de conservaci\u00f3n, de movimiento social y de motivaci\u00f3n al cambio necesario para la construcci\u00f3n de arrecifes de coral sostenibles. Gracias al premio podremos ahora promover y realizar de manera constante buceo con prop\u00f3sito de conservaci\u00f3n y restauraci\u00f3n de este ecosistema vital para el Archipi\u00e9lago de San Andr\u00e9s, Providencia y Santa Catalina.<\/span><\/p>\n<p>&nbsp;<\/p>\n<p><b>\u00bfDe qu\u00e9 aspectos del cambio clim\u00e1tico consideras que no se habla lo suficiente?<\/b><\/p>\n<p><span style=\"font-weight: 400;\">Considero que a\u00fan nos falta hablar mucho del rol individual que tenemos en la tarea de mitigar el cambio clim\u00e1tico. Se habla mucho del papel que juegan las industrias pero no del papel que nosotros los individuos tenemos en parar el da\u00f1o que hacen ellas. Es nuestro consumo el que motiva la producci\u00f3n. <\/span><em><strong>Hasta que no tomemos conciencia de la necesidad de reducir la demanda a nivel individual de productos o servicios que contribuyen al cambio clim\u00e1tico, las industrias seguir\u00e1n ofreciendo sus productos y servicios.<\/strong><\/em><\/p>\n<p><b>\u00bfEst\u00e1s trabajando en un proyecto que quieres que el mundo se entere?<\/b><\/p>\n<p><span style=\"font-weight: 400;\">Siempre hay un proyecto en el que trabajo que se beneficiaria del reconocimiento en el mundo. Hoy, hay un proyecto en particular. El paso de los huracanes Era e Iota por el Archipi\u00e9lago de San Andr\u00e9s, Providencia y Santa Catalina dej\u00f3 destrucci\u00f3n ambiental y social en las islas . Queremos ahora iniciar la restauraci\u00f3n de los arrecifes coralinos, manglares y pastos marinos. Sumado a ellos, queremos tambi\u00e9n asistir a la comunidad isle\u00f1a en la restauraci\u00f3n de sus casas.<\/span><\/p>\n<p><b>\u00bfCu\u00e1les son los dolores ambientales de tu pa\u00eds?<\/b><\/p>\n<p><span style=\"font-weight: 400;\">Como te mencion\u00e9, el paso de los huracanes Era e Iota dej\u00f3 al Archipi\u00e9lago muy afectado ambientalmente, tanto en tierra como bajo el agua. La tarea ahora es tratar de realizar la restauraci\u00f3n ecol\u00f3gica de las islas del Archipi\u00e9lago. Tambi\u00e9n se suma la degradaci\u00f3n y amenaza a la que se enfrentan los arrecifes coralinos de la costa Caribe Colombiana. La sobrepesca y contaminaci\u00f3n son dos amenazas que se deben tratar prontamente.<\/span><\/p>\n<p><b>\u00bfQu\u00e9 consejo le dar\u00edas a los j\u00f3venes con respecto al cuidado de los oc\u00e9anos?<\/b><\/p>\n<p><span style=\"font-weight: 400;\">Las generaciones j\u00f3venes deben entender que su vida misma depende de la salud de los oc\u00e9anos. No se trata de conservar por conservar, se trata de conservar para proteger nuestra vida. Las generaciones pasadas dejaron la tecnolog\u00eda, el conocimiento y la inteligencia para cuidar y restaurar nuestros oc\u00e9anos. Los j\u00f3venes tienen la responsabilidad de ser la generaci\u00f3n que encontr\u00f3 la voluntad para hacerlo.<\/span><\/p>\n","protected":false},"excerpt":{"rendered":"<p>Nombre: Phanor Montoya IG: phmontoyamaya Pa\u00eds: Colombia El encuentro con un pescador local que lo llev\u00f3 a ver un arrecife de coral complet\u00f3 su pasi\u00f3n familiar por el paisaje submarino&#8230;<\/p>\n","protected":false},"author":3,"featured_media":815,"comment_status":"closed","ping_status":"closed","sticky":false,"template":"","format":"standard","meta":{"_mo_disable_npp":"","footnotes":""},"categories":[3,10,7,4],"tags":[],"class_list":["post-813","post","type-post","status-publish","format-standard","has-post-thumbnail","hentry","category-accion-climatica","category-agua","category-fondo-marino","category-voces"],"yoast_head":"<!-- This site is optimized with the Yoast SEO plugin v28.3 - https:\/\/yoast.com\/product\/yoast-seo-wordpress\/ -->\n<title>Q&amp;A: Phanor Montoya &quot;El buceo como herramienta de conservaci\u00f3n y movimiento social&quot; - The Oxygen Project<\/title>\n<meta name=\"robots\" content=\"index, follow, max-snippet:-1, max-image-preview:large, max-video-preview:-1\" \/>\n<link rel=\"canonical\" href=\"https:\/\/www.theoxygenproject.com\/es\/qa-phanor-montoya-el-buceo-como-herramienta-de-conservacion-y-movimiento-social\/\" \/>\n<meta property=\"og:locale\" content=\"en_US\" \/>\n<meta property=\"og:type\" content=\"article\" \/>\n<meta property=\"og:title\" content=\"Q&amp;A: Phanor Montoya &quot;El buceo como herramienta de conservaci\u00f3n y movimiento social&quot; - The Oxygen Project\" \/>\n<meta property=\"og:description\" content=\"Nombre: Phanor Montoya IG: phmontoyamaya Pa\u00eds: Colombia El encuentro con un pescador local que lo llev\u00f3 a ver un arrecife de coral complet\u00f3 su pasi\u00f3n familiar por el paisaje submarino...\" \/>\n<meta property=\"og:url\" content=\"https:\/\/www.theoxygenproject.com\/es\/qa-phanor-montoya-el-buceo-como-herramienta-de-conservacion-y-movimiento-social\/\" \/>\n<meta property=\"og:site_name\" content=\"The Oxygen Project\" \/>\n<meta property=\"article:publisher\" content=\"https:\/\/www.facebook.com\/theoxygenproj\" \/>\n<meta property=\"article:published_time\" content=\"2020-12-26T13:42:36+00:00\" \/>\n<meta property=\"og:image\" content=\"https:\/\/www.theoxygenproject.com\/es\/wp-content\/uploads\/2020\/12\/ph-01.png\" \/>\n\t<meta property=\"og:image:width\" content=\"886\" \/>\n\t<meta property=\"og:image:height\" content=\"886\" \/>\n\t<meta property=\"og:image:type\" content=\"image\/png\" \/>\n<meta name=\"author\" content=\"Pilar R\u00edos\" \/>\n<meta name=\"twitter:card\" content=\"summary_large_image\" \/>\n<meta name=\"twitter:creator\" content=\"@theoxygenproj\" \/>\n<meta name=\"twitter:site\" content=\"@theoxygenproj\" \/>\n<meta name=\"twitter:label1\" content=\"Written by\" \/>\n\t<meta name=\"twitter:data1\" content=\"Pilar R\u00edos\" \/>\n\t<meta name=\"twitter:label2\" content=\"Est. reading time\" \/>\n\t<meta name=\"twitter:data2\" content=\"5 minutes\" \/>\n<script type=\"application\/ld+json\" class=\"yoast-schema-graph\">{\"@context\":\"https:\\\/\\\/schema.org\",\"@graph\":[{\"@type\":\"Article\",\"@id\":\"https:\\\/\\\/www.theoxygenproject.com\\\/es\\\/qa-phanor-montoya-el-buceo-como-herramienta-de-conservacion-y-movimiento-social\\\/#article\",\"isPartOf\":{\"@id\":\"https:\\\/\\\/www.theoxygenproject.com\\\/es\\\/qa-phanor-montoya-el-buceo-como-herramienta-de-conservacion-y-movimiento-social\\\/\"},\"author\":{\"name\":\"Pilar R\u00edos\",\"@id\":\"https:\\\/\\\/www.theoxygenproject.com\\\/es\\\/#\\\/schema\\\/person\\\/fd1d50a727859a9283fdd988aca8d8fb\"},\"headline\":\"Q&#038;A: Phanor Montoya &#8220;El buceo como herramienta de conservaci\u00f3n y movimiento social&#8221;\",\"datePublished\":\"2020-12-26T13:42:36+00:00\",\"mainEntityOfPage\":{\"@id\":\"https:\\\/\\\/www.theoxygenproject.com\\\/es\\\/qa-phanor-montoya-el-buceo-como-herramienta-de-conservacion-y-movimiento-social\\\/\"},\"wordCount\":927,\"publisher\":{\"@id\":\"https:\\\/\\\/www.theoxygenproject.com\\\/es\\\/#organization\"},\"image\":{\"@id\":\"https:\\\/\\\/www.theoxygenproject.com\\\/es\\\/qa-phanor-montoya-el-buceo-como-herramienta-de-conservacion-y-movimiento-social\\\/#primaryimage\"},\"thumbnailUrl\":\"https:\\\/\\\/www.theoxygenproject.com\\\/es\\\/wp-content\\\/uploads\\\/2020\\\/12\\\/ph-01.png\",\"articleSection\":[\"Acci\u00f3n Clim\u00e1tica\",\"Agua\",\"Defend The Deep\",\"Defensores\"],\"inLanguage\":\"en-US\"},{\"@type\":\"WebPage\",\"@id\":\"https:\\\/\\\/www.theoxygenproject.com\\\/es\\\/qa-phanor-montoya-el-buceo-como-herramienta-de-conservacion-y-movimiento-social\\\/\",\"url\":\"https:\\\/\\\/www.theoxygenproject.com\\\/es\\\/qa-phanor-montoya-el-buceo-como-herramienta-de-conservacion-y-movimiento-social\\\/\",\"name\":\"Q&A: Phanor Montoya \\\"El buceo como herramienta de conservaci\u00f3n y movimiento social\\\" - The Oxygen Project\",\"isPartOf\":{\"@id\":\"https:\\\/\\\/www.theoxygenproject.com\\\/es\\\/#website\"},\"primaryImageOfPage\":{\"@id\":\"https:\\\/\\\/www.theoxygenproject.com\\\/es\\\/qa-phanor-montoya-el-buceo-como-herramienta-de-conservacion-y-movimiento-social\\\/#primaryimage\"},\"image\":{\"@id\":\"https:\\\/\\\/www.theoxygenproject.com\\\/es\\\/qa-phanor-montoya-el-buceo-como-herramienta-de-conservacion-y-movimiento-social\\\/#primaryimage\"},\"thumbnailUrl\":\"https:\\\/\\\/www.theoxygenproject.com\\\/es\\\/wp-content\\\/uploads\\\/2020\\\/12\\\/ph-01.png\",\"datePublished\":\"2020-12-26T13:42:36+00:00\",\"breadcrumb\":{\"@id\":\"https:\\\/\\\/www.theoxygenproject.com\\\/es\\\/qa-phanor-montoya-el-buceo-como-herramienta-de-conservacion-y-movimiento-social\\\/#breadcrumb\"},\"inLanguage\":\"en-US\",\"potentialAction\":[{\"@type\":\"ReadAction\",\"target\":[\"https:\\\/\\\/www.theoxygenproject.com\\\/es\\\/qa-phanor-montoya-el-buceo-como-herramienta-de-conservacion-y-movimiento-social\\\/\"]}]},{\"@type\":\"ImageObject\",\"inLanguage\":\"en-US\",\"@id\":\"https:\\\/\\\/www.theoxygenproject.com\\\/es\\\/qa-phanor-montoya-el-buceo-como-herramienta-de-conservacion-y-movimiento-social\\\/#primaryimage\",\"url\":\"https:\\\/\\\/www.theoxygenproject.com\\\/es\\\/wp-content\\\/uploads\\\/2020\\\/12\\\/ph-01.png\",\"contentUrl\":\"https:\\\/\\\/www.theoxygenproject.com\\\/es\\\/wp-content\\\/uploads\\\/2020\\\/12\\\/ph-01.png\",\"width\":886,\"height\":886},{\"@type\":\"BreadcrumbList\",\"@id\":\"https:\\\/\\\/www.theoxygenproject.com\\\/es\\\/qa-phanor-montoya-el-buceo-como-herramienta-de-conservacion-y-movimiento-social\\\/#breadcrumb\",\"itemListElement\":[{\"@type\":\"ListItem\",\"position\":1,\"name\":\"Home\",\"item\":\"https:\\\/\\\/www.theoxygenproject.com\\\/es\\\/\"},{\"@type\":\"ListItem\",\"position\":2,\"name\":\"Q&#038;A: Phanor Montoya &#8220;El buceo como herramienta de conservaci\u00f3n y movimiento social&#8221;\"}]},{\"@type\":\"WebSite\",\"@id\":\"https:\\\/\\\/www.theoxygenproject.com\\\/es\\\/#website\",\"url\":\"https:\\\/\\\/www.theoxygenproject.com\\\/es\\\/\",\"name\":\"The Oxygen Project\",\"description\":\"\",\"publisher\":{\"@id\":\"https:\\\/\\\/www.theoxygenproject.com\\\/es\\\/#organization\"},\"potentialAction\":[{\"@type\":\"SearchAction\",\"target\":{\"@type\":\"EntryPoint\",\"urlTemplate\":\"https:\\\/\\\/www.theoxygenproject.com\\\/es\\\/?s={search_term_string}\"},\"query-input\":{\"@type\":\"PropertyValueSpecification\",\"valueRequired\":true,\"valueName\":\"search_term_string\"}}],\"inLanguage\":\"en-US\"},{\"@type\":\"Organization\",\"@id\":\"https:\\\/\\\/www.theoxygenproject.com\\\/es\\\/#organization\",\"name\":\"The Oxygen Project\",\"url\":\"https:\\\/\\\/www.theoxygenproject.com\\\/es\\\/\",\"logo\":{\"@type\":\"ImageObject\",\"inLanguage\":\"en-US\",\"@id\":\"https:\\\/\\\/www.theoxygenproject.com\\\/es\\\/#\\\/schema\\\/logo\\\/image\\\/\",\"url\":\"https:\\\/\\\/www.theoxygenproject.com\\\/es\\\/wp-content\\\/uploads\\\/2024\\\/05\\\/top-logo-dark.png\",\"contentUrl\":\"https:\\\/\\\/www.theoxygenproject.com\\\/es\\\/wp-content\\\/uploads\\\/2024\\\/05\\\/top-logo-dark.png\",\"width\":384,\"height\":256,\"caption\":\"The Oxygen Project\"},\"image\":{\"@id\":\"https:\\\/\\\/www.theoxygenproject.com\\\/es\\\/#\\\/schema\\\/logo\\\/image\\\/\"},\"sameAs\":[\"https:\\\/\\\/www.facebook.com\\\/theoxygenproj\",\"https:\\\/\\\/x.com\\\/theoxygenproj\"]},{\"@type\":\"Person\",\"@id\":\"https:\\\/\\\/www.theoxygenproject.com\\\/es\\\/#\\\/schema\\\/person\\\/fd1d50a727859a9283fdd988aca8d8fb\",\"name\":\"Pilar R\u00edos\",\"image\":{\"@type\":\"ImageObject\",\"inLanguage\":\"en-US\",\"@id\":\"https:\\\/\\\/secure.gravatar.com\\\/avatar\\\/cb4cf509d6c8cf9193108e3149294241c2397964dbeb5a2a6e6b0a4a4127fc37?s=96&d=mm&r=g\",\"url\":\"https:\\\/\\\/secure.gravatar.com\\\/avatar\\\/cb4cf509d6c8cf9193108e3149294241c2397964dbeb5a2a6e6b0a4a4127fc37?s=96&d=mm&r=g\",\"contentUrl\":\"https:\\\/\\\/secure.gravatar.com\\\/avatar\\\/cb4cf509d6c8cf9193108e3149294241c2397964dbeb5a2a6e6b0a4a4127fc37?s=96&d=mm&r=g\",\"caption\":\"Pilar R\u00edos\"},\"url\":\"https:\\\/\\\/www.theoxygenproject.com\\\/es\\\/author\\\/admin-2\\\/\"}]}<\/script>\n<!-- \/ Yoast SEO plugin. -->","yoast_head_json":{"title":"Q&A: Phanor Montoya \"El buceo como herramienta de conservaci\u00f3n y movimiento social\" - The Oxygen Project","robots":{"index":"index","follow":"follow","max-snippet":"max-snippet:-1","max-image-preview":"max-image-preview:large","max-video-preview":"max-video-preview:-1"},"canonical":"https:\/\/www.theoxygenproject.com\/es\/qa-phanor-montoya-el-buceo-como-herramienta-de-conservacion-y-movimiento-social\/","og_locale":"en_US","og_type":"article","og_title":"Q&A: Phanor Montoya \"El buceo como herramienta de conservaci\u00f3n y movimiento social\" - The Oxygen Project","og_description":"Nombre: Phanor Montoya IG: phmontoyamaya Pa\u00eds: Colombia El encuentro con un pescador local que lo llev\u00f3 a ver un arrecife de coral complet\u00f3 su pasi\u00f3n familiar por el paisaje submarino...","og_url":"https:\/\/www.theoxygenproject.com\/es\/qa-phanor-montoya-el-buceo-como-herramienta-de-conservacion-y-movimiento-social\/","og_site_name":"The Oxygen Project","article_publisher":"https:\/\/www.facebook.com\/theoxygenproj","article_published_time":"2020-12-26T13:42:36+00:00","og_image":[{"width":886,"height":886,"url":"https:\/\/www.theoxygenproject.com\/es\/wp-content\/uploads\/2020\/12\/ph-01.png","type":"image\/png"}],"author":"Pilar R\u00edos","twitter_card":"summary_large_image","twitter_creator":"@theoxygenproj","twitter_site":"@theoxygenproj","twitter_misc":{"Written by":"Pilar R\u00edos","Est. reading time":"5 minutes"},"schema":{"@context":"https:\/\/schema.org","@graph":[{"@type":"Article","@id":"https:\/\/www.theoxygenproject.com\/es\/qa-phanor-montoya-el-buceo-como-herramienta-de-conservacion-y-movimiento-social\/#article","isPartOf":{"@id":"https:\/\/www.theoxygenproject.com\/es\/qa-phanor-montoya-el-buceo-como-herramienta-de-conservacion-y-movimiento-social\/"},"author":{"name":"Pilar R\u00edos","@id":"https:\/\/www.theoxygenproject.com\/es\/#\/schema\/person\/fd1d50a727859a9283fdd988aca8d8fb"},"headline":"Q&#038;A: Phanor Montoya &#8220;El buceo como herramienta de conservaci\u00f3n y movimiento social&#8221;","datePublished":"2020-12-26T13:42:36+00:00","mainEntityOfPage":{"@id":"https:\/\/www.theoxygenproject.com\/es\/qa-phanor-montoya-el-buceo-como-herramienta-de-conservacion-y-movimiento-social\/"},"wordCount":927,"publisher":{"@id":"https:\/\/www.theoxygenproject.com\/es\/#organization"},"image":{"@id":"https:\/\/www.theoxygenproject.com\/es\/qa-phanor-montoya-el-buceo-como-herramienta-de-conservacion-y-movimiento-social\/#primaryimage"},"thumbnailUrl":"https:\/\/www.theoxygenproject.com\/es\/wp-content\/uploads\/2020\/12\/ph-01.png","articleSection":["Acci\u00f3n Clim\u00e1tica","Agua","Defend The Deep","Defensores"],"inLanguage":"en-US"},{"@type":"WebPage","@id":"https:\/\/www.theoxygenproject.com\/es\/qa-phanor-montoya-el-buceo-como-herramienta-de-conservacion-y-movimiento-social\/","url":"https:\/\/www.theoxygenproject.com\/es\/qa-phanor-montoya-el-buceo-como-herramienta-de-conservacion-y-movimiento-social\/","name":"Q&A: Phanor Montoya \"El buceo como herramienta de conservaci\u00f3n y movimiento social\" - The Oxygen Project","isPartOf":{"@id":"https:\/\/www.theoxygenproject.com\/es\/#website"},"primaryImageOfPage":{"@id":"https:\/\/www.theoxygenproject.com\/es\/qa-phanor-montoya-el-buceo-como-herramienta-de-conservacion-y-movimiento-social\/#primaryimage"},"image":{"@id":"https:\/\/www.theoxygenproject.com\/es\/qa-phanor-montoya-el-buceo-como-herramienta-de-conservacion-y-movimiento-social\/#primaryimage"},"thumbnailUrl":"https:\/\/www.theoxygenproject.com\/es\/wp-content\/uploads\/2020\/12\/ph-01.png","datePublished":"2020-12-26T13:42:36+00:00","breadcrumb":{"@id":"https:\/\/www.theoxygenproject.com\/es\/qa-phanor-montoya-el-buceo-como-herramienta-de-conservacion-y-movimiento-social\/#breadcrumb"},"inLanguage":"en-US","potentialAction":[{"@type":"ReadAction","target":["https:\/\/www.theoxygenproject.com\/es\/qa-phanor-montoya-el-buceo-como-herramienta-de-conservacion-y-movimiento-social\/"]}]},{"@type":"ImageObject","inLanguage":"en-US","@id":"https:\/\/www.theoxygenproject.com\/es\/qa-phanor-montoya-el-buceo-como-herramienta-de-conservacion-y-movimiento-social\/#primaryimage","url":"https:\/\/www.theoxygenproject.com\/es\/wp-content\/uploads\/2020\/12\/ph-01.png","contentUrl":"https:\/\/www.theoxygenproject.com\/es\/wp-content\/uploads\/2020\/12\/ph-01.png","width":886,"height":886},{"@type":"BreadcrumbList","@id":"https:\/\/www.theoxygenproject.com\/es\/qa-phanor-montoya-el-buceo-como-herramienta-de-conservacion-y-movimiento-social\/#breadcrumb","itemListElement":[{"@type":"ListItem","position":1,"name":"Home","item":"https:\/\/www.theoxygenproject.com\/es\/"},{"@type":"ListItem","position":2,"name":"Q&#038;A: Phanor Montoya &#8220;El buceo como herramienta de conservaci\u00f3n y movimiento social&#8221;"}]},{"@type":"WebSite","@id":"https:\/\/www.theoxygenproject.com\/es\/#website","url":"https:\/\/www.theoxygenproject.com\/es\/","name":"The Oxygen Project","description":"","publisher":{"@id":"https:\/\/www.theoxygenproject.com\/es\/#organization"},"potentialAction":[{"@type":"SearchAction","target":{"@type":"EntryPoint","urlTemplate":"https:\/\/www.theoxygenproject.com\/es\/?s={search_term_string}"},"query-input":{"@type":"PropertyValueSpecification","valueRequired":true,"valueName":"search_term_string"}}],"inLanguage":"en-US"},{"@type":"Organization","@id":"https:\/\/www.theoxygenproject.com\/es\/#organization","name":"The Oxygen Project","url":"https:\/\/www.theoxygenproject.com\/es\/","logo":{"@type":"ImageObject","inLanguage":"en-US","@id":"https:\/\/www.theoxygenproject.com\/es\/#\/schema\/logo\/image\/","url":"https:\/\/www.theoxygenproject.com\/es\/wp-content\/uploads\/2024\/05\/top-logo-dark.png","contentUrl":"https:\/\/www.theoxygenproject.com\/es\/wp-content\/uploads\/2024\/05\/top-logo-dark.png","width":384,"height":256,"caption":"The Oxygen Project"},"image":{"@id":"https:\/\/www.theoxygenproject.com\/es\/#\/schema\/logo\/image\/"},"sameAs":["https:\/\/www.facebook.com\/theoxygenproj","https:\/\/x.com\/theoxygenproj"]},{"@type":"Person","@id":"https:\/\/www.theoxygenproject.com\/es\/#\/schema\/person\/fd1d50a727859a9283fdd988aca8d8fb","name":"Pilar R\u00edos","image":{"@type":"ImageObject","inLanguage":"en-US","@id":"https:\/\/secure.gravatar.com\/avatar\/cb4cf509d6c8cf9193108e3149294241c2397964dbeb5a2a6e6b0a4a4127fc37?s=96&d=mm&r=g","url":"https:\/\/secure.gravatar.com\/avatar\/cb4cf509d6c8cf9193108e3149294241c2397964dbeb5a2a6e6b0a4a4127fc37?s=96&d=mm&r=g","contentUrl":"https:\/\/secure.gravatar.com\/avatar\/cb4cf509d6c8cf9193108e3149294241c2397964dbeb5a2a6e6b0a4a4127fc37?s=96&d=mm&r=g","caption":"Pilar R\u00edos"},"url":"https:\/\/www.theoxygenproject.com\/es\/author\/admin-2\/"}]}},"_links":{"self":[{"href":"https:\/\/www.theoxygenproject.com\/es\/wp-json\/wp\/v2\/posts\/813","targetHints":{"allow":["GET"]}}],"collection":[{"href":"https:\/\/www.theoxygenproject.com\/es\/wp-json\/wp\/v2\/posts"}],"about":[{"href":"https:\/\/www.theoxygenproject.com\/es\/wp-json\/wp\/v2\/types\/post"}],"author":[{"embeddable":true,"href":"https:\/\/www.theoxygenproject.com\/es\/wp-json\/wp\/v2\/users\/3"}],"replies":[{"embeddable":true,"href":"https:\/\/www.theoxygenproject.com\/es\/wp-json\/wp\/v2\/comments?post=813"}],"version-history":[{"count":0,"href":"https:\/\/www.theoxygenproject.com\/es\/wp-json\/wp\/v2\/posts\/813\/revisions"}],"wp:featuredmedia":[{"embeddable":true,"href":"https:\/\/www.theoxygenproject.com\/es\/wp-json\/wp\/v2\/media\/815"}],"wp:attachment":[{"href":"https:\/\/www.theoxygenproject.com\/es\/wp-json\/wp\/v2\/media?parent=813"}],"wp:term":[{"taxonomy":"category","embeddable":true,"href":"https:\/\/www.theoxygenproject.com\/es\/wp-json\/wp\/v2\/categories?post=813"},{"taxonomy":"post_tag","embeddable":true,"href":"https:\/\/www.theoxygenproject.com\/es\/wp-json\/wp\/v2\/tags?post=813"}],"curies":[{"name":"wp","href":"https:\/\/api.w.org\/{rel}","templated":true}]}}