{"id":803,"date":"2020-12-21T14:37:54","date_gmt":"2020-12-21T11:37:54","guid":{"rendered":"https:\/\/www.theoxygenproject.com\/es\/?p=803"},"modified":"2020-12-21T14:37:54","modified_gmt":"2020-12-21T11:37:54","slug":"seamos-consumidores-circulares","status":"publish","type":"post","link":"https:\/\/www.theoxygenproject.com\/es\/seamos-consumidores-circulares\/","title":{"rendered":"Seamos consumidores circulares"},"content":{"rendered":"<h5><em>Por Pilar R\u00edos F.<\/em><\/h5>\n<p><span style=\"font-weight: 400;\">Queremos hacer de tu viaje hacia un saludable estilo de vida circular m\u00e1s f\u00e1cil en estas fiestas:<\/span><\/p>\n<p><span style=\"font-weight: 400;\">alquilemos, reparemos y reutilicemos m\u00e1s, \u00a1y mot\u00edvate con la econom\u00eda circular! Entonces, te vamos a ense\u00f1ar a \u00bfc\u00f3mo ser circular en tu vida cotidiana? Aqu\u00ed tres preguntas base:<\/span><\/p>\n<p><b>\u00bfEres anti consumo?<\/b><\/p>\n<p><span style=\"font-weight: 400;\">Bueno, en realidad no. Puedes pensar en ello as\u00ed;<\/span><\/p>\n<p><span style=\"font-weight: 400;\">Por un lado tienes el <\/span><i><span style=\"font-weight: 400;\">Black Friday<\/span><\/i><span style=\"font-weight: 400;\">, conocido por su consumo lineal e histeria colectiva que se traduce en compras. Por otro lado tenemos el &#8220;D\u00eda de no comprar nada&#8221;, que naci\u00f3 como un ant\u00eddoto para el Black Friday. Creemos que el futuro est\u00e1 justo entre estos dos polos, justo en la frontera entre el Yin y el Yang. Aqu\u00ed se encuentra el consumo circular, lo que significa que <\/span><b>se puede consumir pr\u00e1cticamente todo lo que se quiera, pero no requiere nuevos recursos de la Madre Tierra.\u00a0<\/b><\/p>\n<p><span style=\"font-weight: 400;\">\u00a1La eficiencia de los recursos es el crecimiento econ\u00f3mico!<\/span><\/p>\n<p><span style=\"font-weight: 400;\">M\u00edralo de esta manera. Un \u00e1rbol crece y crece hasta que alcanza una cierta altura, como la mayor\u00eda de las econom\u00edas de esta tierra en el \u00faltimo siglo. Despu\u00e9s de que el crecimiento se completa y se establecen los cimientos del \u00e1rbol, se vuelve tan eficiente en cuanto a recursos como puede ser. El agua y la nutrici\u00f3n circulan alrededor para mantener el \u00e1rbol vivo. Dicho esto, \u00bfpor qu\u00e9 cultivar algod\u00f3n y producir ropa nueva, cuando ya tenemos miles de millones de toneladas en los vertederos?<\/span><\/p>\n<p><span style=\"font-weight: 400;\">De manera similar a los \u00e1rboles, primero nuestras econom\u00edas crecieron, ahora tenemos que ser eficientes con los recursos que ya se han producido. De esta manera, la econom\u00eda circular es el seguimiento natural de una econom\u00eda lineal que se ha demostrado que ya no da para m\u00e1s.<\/span><\/p>\n","protected":false},"excerpt":{"rendered":"<p>Por Pilar R\u00edos F. Queremos hacer de tu viaje hacia un saludable estilo de vida circular m\u00e1s f\u00e1cil en estas fiestas: alquilemos, reparemos y reutilicemos m\u00e1s, \u00a1y mot\u00edvate con la&#8230;<\/p>\n","protected":false},"author":3,"featured_media":805,"comment_status":"closed","ping_status":"closed","sticky":false,"template":"","format":"standard","meta":{"_mo_disable_npp":"","footnotes":""},"categories":[3,13,9],"tags":[],"class_list":["post-803","post","type-post","status-publish","format-standard","has-post-thumbnail","hentry","category-accion-climatica","category-health-and-lifestyle","category-solutions"],"yoast_head":"<!-- This site is optimized with the Yoast SEO plugin v28.3 - https:\/\/yoast.com\/product\/yoast-seo-wordpress\/ -->\n<title>Seamos consumidores circulares - The Oxygen Project<\/title>\n<meta name=\"robots\" content=\"index, follow, max-snippet:-1, max-image-preview:large, max-video-preview:-1\" \/>\n<link rel=\"canonical\" href=\"https:\/\/www.theoxygenproject.com\/es\/seamos-consumidores-circulares\/\" \/>\n<meta property=\"og:locale\" content=\"en_US\" \/>\n<meta property=\"og:type\" content=\"article\" \/>\n<meta property=\"og:title\" content=\"Seamos consumidores circulares - The Oxygen Project\" \/>\n<meta property=\"og:description\" content=\"Por Pilar R\u00edos F. Queremos hacer de tu viaje hacia un saludable estilo de vida circular m\u00e1s f\u00e1cil en estas fiestas: alquilemos, reparemos y reutilicemos m\u00e1s, \u00a1y mot\u00edvate con la...\" \/>\n<meta property=\"og:url\" content=\"https:\/\/www.theoxygenproject.com\/es\/seamos-consumidores-circulares\/\" \/>\n<meta property=\"og:site_name\" content=\"The Oxygen Project\" \/>\n<meta property=\"article:publisher\" content=\"https:\/\/www.facebook.com\/theoxygenproj\" \/>\n<meta property=\"article:published_time\" content=\"2020-12-21T11:37:54+00:00\" \/>\n<meta property=\"og:image\" content=\"https:\/\/www.theoxygenproject.com\/es\/wp-content\/uploads\/2020\/12\/unnamed.jpg\" \/>\n\t<meta property=\"og:image:width\" content=\"290\" \/>\n\t<meta property=\"og:image:height\" content=\"250\" \/>\n\t<meta property=\"og:image:type\" content=\"image\/jpeg\" \/>\n<meta name=\"author\" content=\"Pilar R\u00edos\" \/>\n<meta name=\"twitter:card\" content=\"summary_large_image\" \/>\n<meta name=\"twitter:creator\" content=\"@theoxygenproj\" \/>\n<meta name=\"twitter:site\" content=\"@theoxygenproj\" \/>\n<meta name=\"twitter:label1\" content=\"Written by\" \/>\n\t<meta name=\"twitter:data1\" content=\"Pilar R\u00edos\" \/>\n\t<meta name=\"twitter:label2\" content=\"Est. reading time\" \/>\n\t<meta name=\"twitter:data2\" content=\"2 minutes\" \/>\n<script type=\"application\/ld+json\" class=\"yoast-schema-graph\">{\"@context\":\"https:\\\/\\\/schema.org\",\"@graph\":[{\"@type\":\"Article\",\"@id\":\"https:\\\/\\\/www.theoxygenproject.com\\\/es\\\/seamos-consumidores-circulares\\\/#article\",\"isPartOf\":{\"@id\":\"https:\\\/\\\/www.theoxygenproject.com\\\/es\\\/seamos-consumidores-circulares\\\/\"},\"author\":{\"name\":\"Pilar R\u00edos\",\"@id\":\"https:\\\/\\\/www.theoxygenproject.com\\\/es\\\/#\\\/schema\\\/person\\\/fd1d50a727859a9283fdd988aca8d8fb\"},\"headline\":\"Seamos consumidores circulares\",\"datePublished\":\"2020-12-21T11:37:54+00:00\",\"mainEntityOfPage\":{\"@id\":\"https:\\\/\\\/www.theoxygenproject.com\\\/es\\\/seamos-consumidores-circulares\\\/\"},\"wordCount\":315,\"publisher\":{\"@id\":\"https:\\\/\\\/www.theoxygenproject.com\\\/es\\\/#organization\"},\"image\":{\"@id\":\"https:\\\/\\\/www.theoxygenproject.com\\\/es\\\/seamos-consumidores-circulares\\\/#primaryimage\"},\"thumbnailUrl\":\"https:\\\/\\\/www.theoxygenproject.com\\\/es\\\/wp-content\\\/uploads\\\/2020\\\/12\\\/unnamed.jpg\",\"articleSection\":[\"Acci\u00f3n Clim\u00e1tica\",\"Noticias Ambientales\",\"Soluciones\"],\"inLanguage\":\"en-US\"},{\"@type\":\"WebPage\",\"@id\":\"https:\\\/\\\/www.theoxygenproject.com\\\/es\\\/seamos-consumidores-circulares\\\/\",\"url\":\"https:\\\/\\\/www.theoxygenproject.com\\\/es\\\/seamos-consumidores-circulares\\\/\",\"name\":\"Seamos consumidores circulares - The Oxygen Project\",\"isPartOf\":{\"@id\":\"https:\\\/\\\/www.theoxygenproject.com\\\/es\\\/#website\"},\"primaryImageOfPage\":{\"@id\":\"https:\\\/\\\/www.theoxygenproject.com\\\/es\\\/seamos-consumidores-circulares\\\/#primaryimage\"},\"image\":{\"@id\":\"https:\\\/\\\/www.theoxygenproject.com\\\/es\\\/seamos-consumidores-circulares\\\/#primaryimage\"},\"thumbnailUrl\":\"https:\\\/\\\/www.theoxygenproject.com\\\/es\\\/wp-content\\\/uploads\\\/2020\\\/12\\\/unnamed.jpg\",\"datePublished\":\"2020-12-21T11:37:54+00:00\",\"breadcrumb\":{\"@id\":\"https:\\\/\\\/www.theoxygenproject.com\\\/es\\\/seamos-consumidores-circulares\\\/#breadcrumb\"},\"inLanguage\":\"en-US\",\"potentialAction\":[{\"@type\":\"ReadAction\",\"target\":[\"https:\\\/\\\/www.theoxygenproject.com\\\/es\\\/seamos-consumidores-circulares\\\/\"]}]},{\"@type\":\"ImageObject\",\"inLanguage\":\"en-US\",\"@id\":\"https:\\\/\\\/www.theoxygenproject.com\\\/es\\\/seamos-consumidores-circulares\\\/#primaryimage\",\"url\":\"https:\\\/\\\/www.theoxygenproject.com\\\/es\\\/wp-content\\\/uploads\\\/2020\\\/12\\\/unnamed.jpg\",\"contentUrl\":\"https:\\\/\\\/www.theoxygenproject.com\\\/es\\\/wp-content\\\/uploads\\\/2020\\\/12\\\/unnamed.jpg\",\"width\":290,\"height\":250},{\"@type\":\"BreadcrumbList\",\"@id\":\"https:\\\/\\\/www.theoxygenproject.com\\\/es\\\/seamos-consumidores-circulares\\\/#breadcrumb\",\"itemListElement\":[{\"@type\":\"ListItem\",\"position\":1,\"name\":\"Home\",\"item\":\"https:\\\/\\\/www.theoxygenproject.com\\\/es\\\/\"},{\"@type\":\"ListItem\",\"position\":2,\"name\":\"Seamos consumidores circulares\"}]},{\"@type\":\"WebSite\",\"@id\":\"https:\\\/\\\/www.theoxygenproject.com\\\/es\\\/#website\",\"url\":\"https:\\\/\\\/www.theoxygenproject.com\\\/es\\\/\",\"name\":\"The Oxygen Project\",\"description\":\"\",\"publisher\":{\"@id\":\"https:\\\/\\\/www.theoxygenproject.com\\\/es\\\/#organization\"},\"potentialAction\":[{\"@type\":\"SearchAction\",\"target\":{\"@type\":\"EntryPoint\",\"urlTemplate\":\"https:\\\/\\\/www.theoxygenproject.com\\\/es\\\/?s={search_term_string}\"},\"query-input\":{\"@type\":\"PropertyValueSpecification\",\"valueRequired\":true,\"valueName\":\"search_term_string\"}}],\"inLanguage\":\"en-US\"},{\"@type\":\"Organization\",\"@id\":\"https:\\\/\\\/www.theoxygenproject.com\\\/es\\\/#organization\",\"name\":\"The Oxygen Project\",\"url\":\"https:\\\/\\\/www.theoxygenproject.com\\\/es\\\/\",\"logo\":{\"@type\":\"ImageObject\",\"inLanguage\":\"en-US\",\"@id\":\"https:\\\/\\\/www.theoxygenproject.com\\\/es\\\/#\\\/schema\\\/logo\\\/image\\\/\",\"url\":\"https:\\\/\\\/www.theoxygenproject.com\\\/es\\\/wp-content\\\/uploads\\\/2024\\\/05\\\/top-logo-dark.png\",\"contentUrl\":\"https:\\\/\\\/www.theoxygenproject.com\\\/es\\\/wp-content\\\/uploads\\\/2024\\\/05\\\/top-logo-dark.png\",\"width\":384,\"height\":256,\"caption\":\"The Oxygen Project\"},\"image\":{\"@id\":\"https:\\\/\\\/www.theoxygenproject.com\\\/es\\\/#\\\/schema\\\/logo\\\/image\\\/\"},\"sameAs\":[\"https:\\\/\\\/www.facebook.com\\\/theoxygenproj\",\"https:\\\/\\\/x.com\\\/theoxygenproj\"]},{\"@type\":\"Person\",\"@id\":\"https:\\\/\\\/www.theoxygenproject.com\\\/es\\\/#\\\/schema\\\/person\\\/fd1d50a727859a9283fdd988aca8d8fb\",\"name\":\"Pilar R\u00edos\",\"image\":{\"@type\":\"ImageObject\",\"inLanguage\":\"en-US\",\"@id\":\"https:\\\/\\\/secure.gravatar.com\\\/avatar\\\/cb4cf509d6c8cf9193108e3149294241c2397964dbeb5a2a6e6b0a4a4127fc37?s=96&d=mm&r=g\",\"url\":\"https:\\\/\\\/secure.gravatar.com\\\/avatar\\\/cb4cf509d6c8cf9193108e3149294241c2397964dbeb5a2a6e6b0a4a4127fc37?s=96&d=mm&r=g\",\"contentUrl\":\"https:\\\/\\\/secure.gravatar.com\\\/avatar\\\/cb4cf509d6c8cf9193108e3149294241c2397964dbeb5a2a6e6b0a4a4127fc37?s=96&d=mm&r=g\",\"caption\":\"Pilar R\u00edos\"},\"url\":\"https:\\\/\\\/www.theoxygenproject.com\\\/es\\\/author\\\/admin-2\\\/\"}]}<\/script>\n<!-- \/ Yoast SEO plugin. -->","yoast_head_json":{"title":"Seamos consumidores circulares - The Oxygen Project","robots":{"index":"index","follow":"follow","max-snippet":"max-snippet:-1","max-image-preview":"max-image-preview:large","max-video-preview":"max-video-preview:-1"},"canonical":"https:\/\/www.theoxygenproject.com\/es\/seamos-consumidores-circulares\/","og_locale":"en_US","og_type":"article","og_title":"Seamos consumidores circulares - The Oxygen Project","og_description":"Por Pilar R\u00edos F. Queremos hacer de tu viaje hacia un saludable estilo de vida circular m\u00e1s f\u00e1cil en estas fiestas: alquilemos, reparemos y reutilicemos m\u00e1s, \u00a1y mot\u00edvate con la...","og_url":"https:\/\/www.theoxygenproject.com\/es\/seamos-consumidores-circulares\/","og_site_name":"The Oxygen Project","article_publisher":"https:\/\/www.facebook.com\/theoxygenproj","article_published_time":"2020-12-21T11:37:54+00:00","og_image":[{"width":290,"height":250,"url":"https:\/\/www.theoxygenproject.com\/es\/wp-content\/uploads\/2020\/12\/unnamed.jpg","type":"image\/jpeg"}],"author":"Pilar R\u00edos","twitter_card":"summary_large_image","twitter_creator":"@theoxygenproj","twitter_site":"@theoxygenproj","twitter_misc":{"Written by":"Pilar R\u00edos","Est. reading time":"2 minutes"},"schema":{"@context":"https:\/\/schema.org","@graph":[{"@type":"Article","@id":"https:\/\/www.theoxygenproject.com\/es\/seamos-consumidores-circulares\/#article","isPartOf":{"@id":"https:\/\/www.theoxygenproject.com\/es\/seamos-consumidores-circulares\/"},"author":{"name":"Pilar R\u00edos","@id":"https:\/\/www.theoxygenproject.com\/es\/#\/schema\/person\/fd1d50a727859a9283fdd988aca8d8fb"},"headline":"Seamos consumidores circulares","datePublished":"2020-12-21T11:37:54+00:00","mainEntityOfPage":{"@id":"https:\/\/www.theoxygenproject.com\/es\/seamos-consumidores-circulares\/"},"wordCount":315,"publisher":{"@id":"https:\/\/www.theoxygenproject.com\/es\/#organization"},"image":{"@id":"https:\/\/www.theoxygenproject.com\/es\/seamos-consumidores-circulares\/#primaryimage"},"thumbnailUrl":"https:\/\/www.theoxygenproject.com\/es\/wp-content\/uploads\/2020\/12\/unnamed.jpg","articleSection":["Acci\u00f3n Clim\u00e1tica","Noticias Ambientales","Soluciones"],"inLanguage":"en-US"},{"@type":"WebPage","@id":"https:\/\/www.theoxygenproject.com\/es\/seamos-consumidores-circulares\/","url":"https:\/\/www.theoxygenproject.com\/es\/seamos-consumidores-circulares\/","name":"Seamos consumidores circulares - The Oxygen Project","isPartOf":{"@id":"https:\/\/www.theoxygenproject.com\/es\/#website"},"primaryImageOfPage":{"@id":"https:\/\/www.theoxygenproject.com\/es\/seamos-consumidores-circulares\/#primaryimage"},"image":{"@id":"https:\/\/www.theoxygenproject.com\/es\/seamos-consumidores-circulares\/#primaryimage"},"thumbnailUrl":"https:\/\/www.theoxygenproject.com\/es\/wp-content\/uploads\/2020\/12\/unnamed.jpg","datePublished":"2020-12-21T11:37:54+00:00","breadcrumb":{"@id":"https:\/\/www.theoxygenproject.com\/es\/seamos-consumidores-circulares\/#breadcrumb"},"inLanguage":"en-US","potentialAction":[{"@type":"ReadAction","target":["https:\/\/www.theoxygenproject.com\/es\/seamos-consumidores-circulares\/"]}]},{"@type":"ImageObject","inLanguage":"en-US","@id":"https:\/\/www.theoxygenproject.com\/es\/seamos-consumidores-circulares\/#primaryimage","url":"https:\/\/www.theoxygenproject.com\/es\/wp-content\/uploads\/2020\/12\/unnamed.jpg","contentUrl":"https:\/\/www.theoxygenproject.com\/es\/wp-content\/uploads\/2020\/12\/unnamed.jpg","width":290,"height":250},{"@type":"BreadcrumbList","@id":"https:\/\/www.theoxygenproject.com\/es\/seamos-consumidores-circulares\/#breadcrumb","itemListElement":[{"@type":"ListItem","position":1,"name":"Home","item":"https:\/\/www.theoxygenproject.com\/es\/"},{"@type":"ListItem","position":2,"name":"Seamos consumidores circulares"}]},{"@type":"WebSite","@id":"https:\/\/www.theoxygenproject.com\/es\/#website","url":"https:\/\/www.theoxygenproject.com\/es\/","name":"The Oxygen Project","description":"","publisher":{"@id":"https:\/\/www.theoxygenproject.com\/es\/#organization"},"potentialAction":[{"@type":"SearchAction","target":{"@type":"EntryPoint","urlTemplate":"https:\/\/www.theoxygenproject.com\/es\/?s={search_term_string}"},"query-input":{"@type":"PropertyValueSpecification","valueRequired":true,"valueName":"search_term_string"}}],"inLanguage":"en-US"},{"@type":"Organization","@id":"https:\/\/www.theoxygenproject.com\/es\/#organization","name":"The Oxygen Project","url":"https:\/\/www.theoxygenproject.com\/es\/","logo":{"@type":"ImageObject","inLanguage":"en-US","@id":"https:\/\/www.theoxygenproject.com\/es\/#\/schema\/logo\/image\/","url":"https:\/\/www.theoxygenproject.com\/es\/wp-content\/uploads\/2024\/05\/top-logo-dark.png","contentUrl":"https:\/\/www.theoxygenproject.com\/es\/wp-content\/uploads\/2024\/05\/top-logo-dark.png","width":384,"height":256,"caption":"The Oxygen Project"},"image":{"@id":"https:\/\/www.theoxygenproject.com\/es\/#\/schema\/logo\/image\/"},"sameAs":["https:\/\/www.facebook.com\/theoxygenproj","https:\/\/x.com\/theoxygenproj"]},{"@type":"Person","@id":"https:\/\/www.theoxygenproject.com\/es\/#\/schema\/person\/fd1d50a727859a9283fdd988aca8d8fb","name":"Pilar R\u00edos","image":{"@type":"ImageObject","inLanguage":"en-US","@id":"https:\/\/secure.gravatar.com\/avatar\/cb4cf509d6c8cf9193108e3149294241c2397964dbeb5a2a6e6b0a4a4127fc37?s=96&d=mm&r=g","url":"https:\/\/secure.gravatar.com\/avatar\/cb4cf509d6c8cf9193108e3149294241c2397964dbeb5a2a6e6b0a4a4127fc37?s=96&d=mm&r=g","contentUrl":"https:\/\/secure.gravatar.com\/avatar\/cb4cf509d6c8cf9193108e3149294241c2397964dbeb5a2a6e6b0a4a4127fc37?s=96&d=mm&r=g","caption":"Pilar R\u00edos"},"url":"https:\/\/www.theoxygenproject.com\/es\/author\/admin-2\/"}]}},"_links":{"self":[{"href":"https:\/\/www.theoxygenproject.com\/es\/wp-json\/wp\/v2\/posts\/803","targetHints":{"allow":["GET"]}}],"collection":[{"href":"https:\/\/www.theoxygenproject.com\/es\/wp-json\/wp\/v2\/posts"}],"about":[{"href":"https:\/\/www.theoxygenproject.com\/es\/wp-json\/wp\/v2\/types\/post"}],"author":[{"embeddable":true,"href":"https:\/\/www.theoxygenproject.com\/es\/wp-json\/wp\/v2\/users\/3"}],"replies":[{"embeddable":true,"href":"https:\/\/www.theoxygenproject.com\/es\/wp-json\/wp\/v2\/comments?post=803"}],"version-history":[{"count":0,"href":"https:\/\/www.theoxygenproject.com\/es\/wp-json\/wp\/v2\/posts\/803\/revisions"}],"wp:featuredmedia":[{"embeddable":true,"href":"https:\/\/www.theoxygenproject.com\/es\/wp-json\/wp\/v2\/media\/805"}],"wp:attachment":[{"href":"https:\/\/www.theoxygenproject.com\/es\/wp-json\/wp\/v2\/media?parent=803"}],"wp:term":[{"taxonomy":"category","embeddable":true,"href":"https:\/\/www.theoxygenproject.com\/es\/wp-json\/wp\/v2\/categories?post=803"},{"taxonomy":"post_tag","embeddable":true,"href":"https:\/\/www.theoxygenproject.com\/es\/wp-json\/wp\/v2\/tags?post=803"}],"curies":[{"name":"wp","href":"https:\/\/api.w.org\/{rel}","templated":true}]}}