{"id":799,"date":"2020-12-19T19:24:25","date_gmt":"2020-12-19T16:24:25","guid":{"rendered":"https:\/\/www.theoxygenproject.com\/es\/?p=799"},"modified":"2020-12-19T19:24:25","modified_gmt":"2020-12-19T16:24:25","slug":"qa-joseph-julca-mendoza-no-estamos-solos-en-la-lucha-medioambiental","status":"publish","type":"post","link":"https:\/\/www.theoxygenproject.com\/es\/qa-joseph-julca-mendoza-no-estamos-solos-en-la-lucha-medioambiental\/","title":{"rendered":"Q&#038;A: Joseph Julca Mendoza &#8220;No estamos solos en la lucha medioambiental&#8221;"},"content":{"rendered":"<p><span style=\"font-weight: 400;\">Pa\u00eds: Chile<\/span><\/p>\n<p><span style=\"font-weight: 400;\">Profesi\u00f3n o actividad: Bi\u00f3logo Marino<\/span><\/p>\n<p><span style=\"font-weight: 400;\">Mail: <\/span><a href=\"mailto:jjulca@uc.cl\"><span style=\"font-weight: 400;\">jjulca@uc.cl<\/span><\/a><\/p>\n<p>&nbsp;<\/p>\n<p><span style=\"font-weight: 400;\">La curiosidad de Joseph Julca lo llev\u00f3 a promover los movimientos ambientales a trav\u00e9s de la comunicaci\u00f3n develando las problem\u00e1ticas que se est\u00e1n abordando en el mundo. Hoy divide su labor entre la comunidad SOA (Sustainable Ocean Alliance) y una serie de fundaciones y ONGs a las que pertenece, donde participa de charlas, conversatorios, limpiezas de playas y mucho m\u00e1s, con el fin de transmitir su conocimiento cient\u00edfico y generar conciencia en el resto de la sociedad.\u00a0<\/span><\/p>\n<p>&nbsp;<\/p>\n<p><span style=\"font-weight: 400;\">Un activista que desde la academia mete las manos a la arena y se sumerge en el oc\u00e9ano para cambiar el destino de nuestro planeta. Afirma que por lo general \u201c<\/span><i><span style=\"font-weight: 400;\">Debido al poco conocimiento que tenemos del oc\u00e9ano y su rol en el cambio clim\u00e1tico es que simplemente se opta por no hablar de ello&#8221;, <\/span><\/i><span style=\"font-weight: 400;\">transform\u00e1ndose esto en un problema\u00a0 que no permite involucrar al resto en iniciativas que protejan y preserven este gran y \u00fanico ecosistema.\u00a0 Como recomendaci\u00f3n para los j\u00f3venes interesados en el cuidado y protecci\u00f3n del medioambiente aconseja <\/span><i><span style=\"font-weight: 400;\">\u201cque se atrevan a ser parte de alguna organizaci\u00f3n de su inter\u00e9s o crear una iniciativa propia con la que logren generar un cambio real\u201d <\/span><\/i><span style=\"font-weight: 400;\">agrega que es fundamental saber que<\/span> <b><i>\u201cno est\u00e1n solos y que su gran objetivo es lograr no un medio ambiente, sino uno completo\u201d<\/i><\/b><b>.<\/b><\/p>\n<p>&nbsp;<\/p>\n<p><b>\u00bfC\u00f3mo empieza tu activismo ambiental?<\/b><\/p>\n<p>&nbsp;<\/p>\n<p><span style=\"font-weight: 400;\">Mi activismo ambiental comienza a trav\u00e9s de una limpieza de playas a la que fui invitado a participar por una amiga, que en ese entonces y hasta ahora, dirige una fundaci\u00f3n por el medio ambiente y de la que hoy soy parte. Fue bastante interesante como ocurri\u00f3 aquello, ya que nos hab\u00edamos conocido en un campamento cient\u00edfico donde estuvimos trabajando como monitores de diferentes grupos de estudiantes escolares, fue all\u00ed que al irme hablando acerca del trabajo de su fundaci\u00f3n, que reci\u00e9n hab\u00eda empezado por lo dem\u00e1s, me llam\u00f3 la atenci\u00f3n su labor y quedamos en contacto. Con el tiempo el contacto se qued\u00f3 all\u00ed y ya despu\u00e9s de un par de a\u00f1os volvimos a reencontrarnos, momento en el que me invit\u00f3 a participar de dicha limpieza de playas en el marco de una actividad que involucraba a much\u00edsima gente, desde varios otros integrantes de la fundaci\u00f3n pasando por un enorme grupo de estudiantes hasta la marina y otras organizaciones afines. De all\u00ed en adelante no par\u00e9 m\u00e1s y pas\u00e9 a participar en limpiezas de playas, en conferencias, congresos y manifestaciones que buscaban lograr un llamado de atenci\u00f3n a las autoridades de Chile y el mundo sobre nuestro compromiso con el medio ambiente.<\/span><\/p>\n<p>&nbsp;<\/p>\n<p><b>\u00bfA qu\u00e9 organizaciones perteneces?\u00a0<\/b><\/p>\n<p><b>\u00bfC\u00f3mo promueves a los movimientos ambientales en el mundo?<\/b><\/p>\n<p>&nbsp;<\/p>\n<p><span style=\"font-weight: 400;\">Hoy en d\u00eda pertenezco, como bien te comentaba, a la Fundaci\u00f3n <\/span><b>Cidemar<\/b><span style=\"font-weight: 400;\">, una organizaci\u00f3n no gubernamental (ONG) que busca aportar a la conservaci\u00f3n y valoraci\u00f3n de los ecosistemas acu\u00e1ticos a trav\u00e9s de un trabajo de concientizaci\u00f3n por medio de la ciencia y la educaci\u00f3n. Tambi\u00e9n pertenezco a otra ONG llamada <\/span><b>Qarapara <\/b><span style=\"font-weight: 400;\">y que busca promover la conservaci\u00f3n de las tortugas marinas en Chile a partir de la investigaci\u00f3n y la educaci\u00f3n en colaboraci\u00f3n con la sociedad en general y las comunidades locales que conviven en torno al h\u00e1bitat de estas especies marinas. Adem\u00e1s soy parte del directorio de otra fundaci\u00f3n llamada <\/span><b>Fudaci\u00f3n Portas <\/b><span style=\"font-weight: 400;\">que si bien no tiene que ver con el medioambiente si apunta a lograr cambios en la sociedad a partir del apoyo que brinda ya sea econ\u00f3mica y socialmente a j\u00f3venes que est\u00e1n por ingresar a la universidad y que no cuentan con los medios suficientes para salir adelante. Finalmente puedo agregar que he sido parte de los embajadores en Chile por el Acuerdo de Escaz\u00fa, acuerdo regional a nivel latinoamericano que busca que todas las personas sin ning\u00fan tipo de distinci\u00f3n tenga acceso a la informaci\u00f3n, a la justicia y a la participaci\u00f3n p\u00fablica en los asuntos ambientales que involucren a Am\u00e9rica Latina y El Caribe y tambi\u00e9n y algo que me llena de orgullo y alegr\u00eda es haberme incorporado recientemente a la comunidad<\/span><b> SOA<\/b><span style=\"font-weight: 400;\"> (Sustainable Ocean Alliance), la red de j\u00f3venes l\u00edderes m\u00e1s grande del mundo que busca apoyar y desarrollar soluciones provenientes de personas de todo el mundo a las diferentes y diversas problem\u00e1ticas que est\u00e1n hoy por hoy afectando la salud y sostenibilidad del oc\u00e9ano, como presidente del equipo en Chile.<\/span><\/p>\n<p>&nbsp;<\/p>\n<p><span style=\"font-weight: 400;\">Por su parte, busco promover los movimientos ambientales a trav\u00e9s de la comunicaci\u00f3n y divulgaci\u00f3n de su existencia y de las problem\u00e1ticas que estas est\u00e1n abordando en el mundo, para ello me he visto involucrado en much\u00edsimos tipos de actividades, ya sea desde como te comentaba en un principio, ir a limpiar a una playa y hablar con las personas all\u00ed como tambi\u00e9n a partir de charlas, conversatorios, entrevistas que he tenido la oportunidad de brindar y que finalmente son una v\u00eda para tambi\u00e9n acercar todo el trabajo que realizan estos movimientos hacia la sociedad.<\/span><\/p>\n<p>&nbsp;<\/p>\n<p><b>\u00bfC\u00f3mo comienza tu pasi\u00f3n por el oc\u00e9ano?<\/b><\/p>\n<p>&nbsp;<\/p>\n<p><span style=\"font-weight: 400;\">Mi pasi\u00f3n por el oc\u00e9ano empieza cuando ten\u00eda 12 a\u00f1os y estaba participando de un programa en una universidad aqu\u00ed en Chile, all\u00ed tuve la fortuna de participar de varios cursos, pero justo ese a\u00f1o qued\u00e9 seleccionado en uno de biolog\u00eda marina en el que aprendimos much\u00edsimo sobre un grupo de animales marinos para nada lindos ni del gusto de la gente seguramente, pero definitivamente desconocidos por muchos. Siempre he sido una persona bastante curiosa y esa vez no fue la excepci\u00f3n, ya que ten\u00eda ganas de saber de donde proven\u00edan esos animales, porque eran de esa forma, como lograban vivir bajo el mar, en fin, me hice miles de preguntas hasta que finalmente y hablando con el profesor me empez\u00f3 a contar acerca de las maravillas que esconden las profundidades del oc\u00e9ano y si bien nac\u00ed y crec\u00ed durante mis primeros a\u00f1os en Lima, una ciudad que ten\u00eda el mar al lado, no fue sino hasta llegar a vivir a Chile que me interes\u00e9 por estos animales y todo lo que habitaba el oc\u00e9ano, fue entonces que con el tiempo decid\u00ed estudiar biolog\u00eda marina y dedicar mi vida a esta hermosa profesi\u00f3n y a las ciencias del mar.<\/span><\/p>\n<p>&nbsp;<\/p>\n<p><b>\u00bfDe qu\u00e9 aspectos del cambio clim\u00e1tico consideras que no se habla lo suficiente?<\/b><\/p>\n<p>&nbsp;<\/p>\n<p><span style=\"font-weight: 400;\">Personalmente considero que no se habla lo suficiente de todo el da\u00f1o que como humanidad le provocamos al medio ambiente a trav\u00e9s de la destrucci\u00f3n de los ecosistemas que conforman la Tierra, lo que a su vez incide directamente en el avance del cambio clim\u00e1tico. Y particularmente creo que tampoco se habla del da\u00f1o y la destrucci\u00f3n que se est\u00e1 produciendo a nivel del oc\u00e9ano, ya que como seres humanos nos quedamos con la idea de que lo que ocurre a nivel terrestre es lo \u00fanico preocupante para nuestra supervivencia, cuando en realidad se torna igual o m\u00e1s importante lo que est\u00e1 ocurriendo all\u00ed abajo, en las profundidades del oc\u00e9ano. Sin duda que es un tema que se podr\u00eda discutir en extenso, pero me gustar\u00eda representar este, mi punto de vista a trav\u00e9s de un hecho y una frase que personalmente me hacen much\u00edsimo sentido, primero el hecho de que gracias y en su gran mayor\u00eda es gracias al oc\u00e9ano que todo el resto del planeta respira, ya que m\u00e1s del 50% del ox\u00edgeno en la Tierra proviene de all\u00ed, debido a un peque\u00f1o y microsc\u00f3pico grupo de organismos como lo es el plancton, capaces de realizar fotos\u00edntesis y liberar ox\u00edgeno al medio, y segundo, la frase que dice que conocemos m\u00e1s de Marte y el espacio que el oc\u00e9ano profundo, entonces ahora los y las invito a sacar sus propias conclusiones y es que debido al poco conocimiento que tenemos del oc\u00e9ano y su rol en el cambio clim\u00e1tico es que simplemente optamos por no hablar de ello, por lo que resulta ser un tema y aspecto fundamental del que no se habla lo suficiente.<\/span><\/p>\n<p>&nbsp;<\/p>\n<p><b>\u00bfCu\u00e1l es el dolor medioambiental de tu pa\u00eds?<\/b><\/p>\n<p>&nbsp;<\/p>\n<p><span style=\"font-weight: 400;\">Me atrever\u00eda a decir que el dolor medioambiental en Chile reside en el desconocimiento que como sociedad se tiene de lo que ocurre en temas ambientales en nuestro entorno, pero porque el acceso a la informaci\u00f3n no es del todo transparente, ya que si bien hay much\u00edsimas personas interesadas en contarle al resto de la sociedad que es lo que est\u00e1 ocurriendo a trav\u00e9s de la educaci\u00f3n y de herramientas como la comunicaci\u00f3n y la divulgaci\u00f3n del conocimiento y que ya lo hacen, no debieran haber barreras de ning\u00fan tipo para acceder a ella, lo que a su vez e indirectamente incide en la participaci\u00f3n ciudadana de la sociedad en estos temas, que al no tener conocimiento de un tema deciden no participar de \u00e9l. Y tampoco quiero olvidarme de los intereses que existen en grandes empresarios y privados que tambi\u00e9n contribuyen de una forma u otra a que este dolor se mantenga potenciando que el acceso a la informaci\u00f3n y la poca o nula participaci\u00f3n de la ciudadan\u00eda permanezca as\u00ed.<\/span><\/p>\n<p>&nbsp;<\/p>\n<p><b>\u00bfC\u00f3mo ves la intervenci\u00f3n minera en los fondos marinos?<\/b><\/p>\n<p>&nbsp;<\/p>\n<p><span style=\"font-weight: 400;\">Considero que la intervenci\u00f3n minera en los fondos marinos es un problema que se torna cada vez peor, ya que si bien por ahora se han estado otorgando permisos solo de exploraci\u00f3n se est\u00e1 gestionando que estos se conviertan en permisos de explotaci\u00f3n en un corto per\u00edodo de tiempo, con lo cual se estar\u00e1 produciendo un gran da\u00f1o a los fondos marinos y todo lo que ellos suponen, desde la p\u00e9rdida de h\u00e1bitats para una gran cantidad de especies marinas que all\u00ed existen hasta la misma p\u00e9rdida de gran parte de la biodiversidad marina que se encuentra en esos sitios. Ante tal escenario tengo claro que aquellos quienes tienen en sus manos la posibilidad de dar o no luz verde a la explotaci\u00f3n marina se est\u00e1n dejando llevar por intereses m\u00e1s del tipo econ\u00f3mico, pol\u00edtico u otros que medioambiental. Con ello no quiero decir que los fondos marinos no deban ser intervenidos, pero si ello ha de ocurrir que sea con fines de protecci\u00f3n y conservaci\u00f3n de ellos, a\u00fan hay much\u00edsimo que se desconoce de aquellos sitios alrededor del mundo y que por la misma raz\u00f3n requieren ser estudiados e investigados con el fin de asegurar su cuidado y preservaci\u00f3n ante escenarios como el que se est\u00e1 presentando en estos momentos donde el inter\u00e9s de los gobiernos por los recursos minerales que existen en los fondos est\u00e1 conllevando a que se tomen las decisiones equivocadas.<\/span><\/p>\n<p>&nbsp;<\/p>\n<p><b>Tips para que otros j\u00f3venes se conviertan en l\u00edderes ambientales<\/b><\/p>\n<p>&nbsp;<\/p>\n<p><span style=\"font-weight: 400;\">Creo que podr\u00eda entregar much\u00edsimos tips, pero fundamentalmente quiero quedarme con aquellos que a mi me han convertido en gran parte en la persona preocupada por el medioambiente que soy y esos son el informarse permanentemente de lo que est\u00e1 ocurriendo a nuestro alrededor, porque de esa forma podremos tomar las decisiones m\u00e1s acertadas, ya que como dicen por ah\u00ed, el conocimiento es poder y as\u00ed debe ser, al informarnos de forma adecuada estamos aprendiendo y al aprender nos estamos educando y como dec\u00eda el gran abogado y activista Nelson Mandela: \u201cLa educaci\u00f3n es el arma m\u00e1s poderosa que puedes usar para cambiar el mundo\u201d.\u00a0 Tambi\u00e9n le aconsejo a todos aquellos j\u00f3venes interesados en el cuidado y protecci\u00f3n del medioambiente que se atrevan a ser parte de alguna organizaci\u00f3n de su inter\u00e9s o desde la simple curiosidad tal y como me pas\u00f3 a m\u00ed, cr\u00e9anme que van a descubrir grupos de personas incre\u00edbles con gran motivaci\u00f3n y compromiso por el medioambiente, el trabajo en equipo todo lo vence, lamentablemente vivimos en un mundo que tiende al individualismo y a la competencia por ser mejor que el otro, pero ello no debe ser as\u00ed, sino todo lo contrario, debemos ser capaces de pensar en el otro y colaborar con otros, dejar de lado nuestras diferencias y de competir, porque al final si han de buscar convertirse en l\u00edderes medioambientales deben creer que no est\u00e1n solos y que su gran objetivo es lograr no un medio ambiente, sino uno completo.<\/span><\/p>\n","protected":false},"excerpt":{"rendered":"<p>Pa\u00eds: Chile Profesi\u00f3n o actividad: Bi\u00f3logo Marino Mail: jjulca@uc.cl &nbsp; La curiosidad de Joseph Julca lo llev\u00f3 a promover los movimientos ambientales a trav\u00e9s de la comunicaci\u00f3n develando las problem\u00e1ticas&#8230;<\/p>\n","protected":false},"author":3,"featured_media":800,"comment_status":"closed","ping_status":"closed","sticky":false,"template":"","format":"standard","meta":{"_mo_disable_npp":"","footnotes":""},"categories":[3,10,5,4,13],"tags":[],"class_list":["post-799","post","type-post","status-publish","format-standard","has-post-thumbnail","hentry","category-accion-climatica","category-agua","category-cambio-climatico","category-voces","category-health-and-lifestyle"],"yoast_head":"<!-- This site is optimized with the Yoast SEO plugin v28.3 - https:\/\/yoast.com\/product\/yoast-seo-wordpress\/ -->\n<title>Q&amp;A: Joseph Julca Mendoza &quot;No estamos solos en la lucha medioambiental&quot; - The Oxygen Project<\/title>\n<meta name=\"robots\" content=\"index, follow, max-snippet:-1, max-image-preview:large, max-video-preview:-1\" \/>\n<link rel=\"canonical\" href=\"https:\/\/www.theoxygenproject.com\/es\/qa-joseph-julca-mendoza-no-estamos-solos-en-la-lucha-medioambiental\/\" \/>\n<meta property=\"og:locale\" content=\"en_US\" \/>\n<meta property=\"og:type\" content=\"article\" \/>\n<meta property=\"og:title\" content=\"Q&amp;A: Joseph Julca Mendoza &quot;No estamos solos en la lucha medioambiental&quot; - The Oxygen Project\" \/>\n<meta property=\"og:description\" content=\"Pa\u00eds: Chile Profesi\u00f3n o actividad: Bi\u00f3logo Marino Mail: jjulca@uc.cl &nbsp; La curiosidad de Joseph Julca lo llev\u00f3 a promover los movimientos ambientales a trav\u00e9s de la comunicaci\u00f3n develando las problem\u00e1ticas...\" \/>\n<meta property=\"og:url\" content=\"https:\/\/www.theoxygenproject.com\/es\/qa-joseph-julca-mendoza-no-estamos-solos-en-la-lucha-medioambiental\/\" \/>\n<meta property=\"og:site_name\" content=\"The Oxygen Project\" \/>\n<meta property=\"article:publisher\" content=\"https:\/\/www.facebook.com\/theoxygenproj\" \/>\n<meta property=\"article:published_time\" content=\"2020-12-19T16:24:25+00:00\" \/>\n<meta property=\"og:image\" content=\"https:\/\/www.theoxygenproject.com\/es\/wp-content\/uploads\/2020\/12\/Joseph-Julca-2-01.png\" \/>\n\t<meta property=\"og:image:width\" content=\"886\" \/>\n\t<meta property=\"og:image:height\" content=\"886\" \/>\n\t<meta property=\"og:image:type\" content=\"image\/png\" \/>\n<meta name=\"author\" content=\"Pilar R\u00edos\" \/>\n<meta name=\"twitter:card\" content=\"summary_large_image\" \/>\n<meta name=\"twitter:creator\" content=\"@theoxygenproj\" \/>\n<meta name=\"twitter:site\" content=\"@theoxygenproj\" \/>\n<meta name=\"twitter:label1\" content=\"Written by\" \/>\n\t<meta name=\"twitter:data1\" content=\"Pilar R\u00edos\" \/>\n\t<meta name=\"twitter:label2\" content=\"Est. reading time\" \/>\n\t<meta name=\"twitter:data2\" content=\"11 minutes\" \/>\n<script type=\"application\/ld+json\" class=\"yoast-schema-graph\">{\"@context\":\"https:\\\/\\\/schema.org\",\"@graph\":[{\"@type\":\"Article\",\"@id\":\"https:\\\/\\\/www.theoxygenproject.com\\\/es\\\/qa-joseph-julca-mendoza-no-estamos-solos-en-la-lucha-medioambiental\\\/#article\",\"isPartOf\":{\"@id\":\"https:\\\/\\\/www.theoxygenproject.com\\\/es\\\/qa-joseph-julca-mendoza-no-estamos-solos-en-la-lucha-medioambiental\\\/\"},\"author\":{\"name\":\"Pilar R\u00edos\",\"@id\":\"https:\\\/\\\/www.theoxygenproject.com\\\/es\\\/#\\\/schema\\\/person\\\/fd1d50a727859a9283fdd988aca8d8fb\"},\"headline\":\"Q&#038;A: Joseph Julca Mendoza &#8220;No estamos solos en la lucha medioambiental&#8221;\",\"datePublished\":\"2020-12-19T16:24:25+00:00\",\"mainEntityOfPage\":{\"@id\":\"https:\\\/\\\/www.theoxygenproject.com\\\/es\\\/qa-joseph-julca-mendoza-no-estamos-solos-en-la-lucha-medioambiental\\\/\"},\"wordCount\":2204,\"publisher\":{\"@id\":\"https:\\\/\\\/www.theoxygenproject.com\\\/es\\\/#organization\"},\"image\":{\"@id\":\"https:\\\/\\\/www.theoxygenproject.com\\\/es\\\/qa-joseph-julca-mendoza-no-estamos-solos-en-la-lucha-medioambiental\\\/#primaryimage\"},\"thumbnailUrl\":\"https:\\\/\\\/www.theoxygenproject.com\\\/es\\\/wp-content\\\/uploads\\\/2020\\\/12\\\/Joseph-Julca-2-01.png\",\"articleSection\":[\"Acci\u00f3n Clim\u00e1tica\",\"Agua\",\"Cambio clim\u00e1tico\",\"Defensores\",\"Noticias Ambientales\"],\"inLanguage\":\"en-US\"},{\"@type\":\"WebPage\",\"@id\":\"https:\\\/\\\/www.theoxygenproject.com\\\/es\\\/qa-joseph-julca-mendoza-no-estamos-solos-en-la-lucha-medioambiental\\\/\",\"url\":\"https:\\\/\\\/www.theoxygenproject.com\\\/es\\\/qa-joseph-julca-mendoza-no-estamos-solos-en-la-lucha-medioambiental\\\/\",\"name\":\"Q&A: Joseph Julca Mendoza \\\"No estamos solos en la lucha medioambiental\\\" - The Oxygen Project\",\"isPartOf\":{\"@id\":\"https:\\\/\\\/www.theoxygenproject.com\\\/es\\\/#website\"},\"primaryImageOfPage\":{\"@id\":\"https:\\\/\\\/www.theoxygenproject.com\\\/es\\\/qa-joseph-julca-mendoza-no-estamos-solos-en-la-lucha-medioambiental\\\/#primaryimage\"},\"image\":{\"@id\":\"https:\\\/\\\/www.theoxygenproject.com\\\/es\\\/qa-joseph-julca-mendoza-no-estamos-solos-en-la-lucha-medioambiental\\\/#primaryimage\"},\"thumbnailUrl\":\"https:\\\/\\\/www.theoxygenproject.com\\\/es\\\/wp-content\\\/uploads\\\/2020\\\/12\\\/Joseph-Julca-2-01.png\",\"datePublished\":\"2020-12-19T16:24:25+00:00\",\"breadcrumb\":{\"@id\":\"https:\\\/\\\/www.theoxygenproject.com\\\/es\\\/qa-joseph-julca-mendoza-no-estamos-solos-en-la-lucha-medioambiental\\\/#breadcrumb\"},\"inLanguage\":\"en-US\",\"potentialAction\":[{\"@type\":\"ReadAction\",\"target\":[\"https:\\\/\\\/www.theoxygenproject.com\\\/es\\\/qa-joseph-julca-mendoza-no-estamos-solos-en-la-lucha-medioambiental\\\/\"]}]},{\"@type\":\"ImageObject\",\"inLanguage\":\"en-US\",\"@id\":\"https:\\\/\\\/www.theoxygenproject.com\\\/es\\\/qa-joseph-julca-mendoza-no-estamos-solos-en-la-lucha-medioambiental\\\/#primaryimage\",\"url\":\"https:\\\/\\\/www.theoxygenproject.com\\\/es\\\/wp-content\\\/uploads\\\/2020\\\/12\\\/Joseph-Julca-2-01.png\",\"contentUrl\":\"https:\\\/\\\/www.theoxygenproject.com\\\/es\\\/wp-content\\\/uploads\\\/2020\\\/12\\\/Joseph-Julca-2-01.png\",\"width\":886,\"height\":886},{\"@type\":\"BreadcrumbList\",\"@id\":\"https:\\\/\\\/www.theoxygenproject.com\\\/es\\\/qa-joseph-julca-mendoza-no-estamos-solos-en-la-lucha-medioambiental\\\/#breadcrumb\",\"itemListElement\":[{\"@type\":\"ListItem\",\"position\":1,\"name\":\"Home\",\"item\":\"https:\\\/\\\/www.theoxygenproject.com\\\/es\\\/\"},{\"@type\":\"ListItem\",\"position\":2,\"name\":\"Q&#038;A: Joseph Julca Mendoza &#8220;No estamos solos en la lucha medioambiental&#8221;\"}]},{\"@type\":\"WebSite\",\"@id\":\"https:\\\/\\\/www.theoxygenproject.com\\\/es\\\/#website\",\"url\":\"https:\\\/\\\/www.theoxygenproject.com\\\/es\\\/\",\"name\":\"The Oxygen Project\",\"description\":\"\",\"publisher\":{\"@id\":\"https:\\\/\\\/www.theoxygenproject.com\\\/es\\\/#organization\"},\"potentialAction\":[{\"@type\":\"SearchAction\",\"target\":{\"@type\":\"EntryPoint\",\"urlTemplate\":\"https:\\\/\\\/www.theoxygenproject.com\\\/es\\\/?s={search_term_string}\"},\"query-input\":{\"@type\":\"PropertyValueSpecification\",\"valueRequired\":true,\"valueName\":\"search_term_string\"}}],\"inLanguage\":\"en-US\"},{\"@type\":\"Organization\",\"@id\":\"https:\\\/\\\/www.theoxygenproject.com\\\/es\\\/#organization\",\"name\":\"The Oxygen Project\",\"url\":\"https:\\\/\\\/www.theoxygenproject.com\\\/es\\\/\",\"logo\":{\"@type\":\"ImageObject\",\"inLanguage\":\"en-US\",\"@id\":\"https:\\\/\\\/www.theoxygenproject.com\\\/es\\\/#\\\/schema\\\/logo\\\/image\\\/\",\"url\":\"https:\\\/\\\/www.theoxygenproject.com\\\/es\\\/wp-content\\\/uploads\\\/2024\\\/05\\\/top-logo-dark.png\",\"contentUrl\":\"https:\\\/\\\/www.theoxygenproject.com\\\/es\\\/wp-content\\\/uploads\\\/2024\\\/05\\\/top-logo-dark.png\",\"width\":384,\"height\":256,\"caption\":\"The Oxygen Project\"},\"image\":{\"@id\":\"https:\\\/\\\/www.theoxygenproject.com\\\/es\\\/#\\\/schema\\\/logo\\\/image\\\/\"},\"sameAs\":[\"https:\\\/\\\/www.facebook.com\\\/theoxygenproj\",\"https:\\\/\\\/x.com\\\/theoxygenproj\"]},{\"@type\":\"Person\",\"@id\":\"https:\\\/\\\/www.theoxygenproject.com\\\/es\\\/#\\\/schema\\\/person\\\/fd1d50a727859a9283fdd988aca8d8fb\",\"name\":\"Pilar R\u00edos\",\"image\":{\"@type\":\"ImageObject\",\"inLanguage\":\"en-US\",\"@id\":\"https:\\\/\\\/secure.gravatar.com\\\/avatar\\\/cb4cf509d6c8cf9193108e3149294241c2397964dbeb5a2a6e6b0a4a4127fc37?s=96&d=mm&r=g\",\"url\":\"https:\\\/\\\/secure.gravatar.com\\\/avatar\\\/cb4cf509d6c8cf9193108e3149294241c2397964dbeb5a2a6e6b0a4a4127fc37?s=96&d=mm&r=g\",\"contentUrl\":\"https:\\\/\\\/secure.gravatar.com\\\/avatar\\\/cb4cf509d6c8cf9193108e3149294241c2397964dbeb5a2a6e6b0a4a4127fc37?s=96&d=mm&r=g\",\"caption\":\"Pilar R\u00edos\"},\"url\":\"https:\\\/\\\/www.theoxygenproject.com\\\/es\\\/author\\\/admin-2\\\/\"}]}<\/script>\n<!-- \/ Yoast SEO plugin. -->","yoast_head_json":{"title":"Q&A: Joseph Julca Mendoza \"No estamos solos en la lucha medioambiental\" - The Oxygen Project","robots":{"index":"index","follow":"follow","max-snippet":"max-snippet:-1","max-image-preview":"max-image-preview:large","max-video-preview":"max-video-preview:-1"},"canonical":"https:\/\/www.theoxygenproject.com\/es\/qa-joseph-julca-mendoza-no-estamos-solos-en-la-lucha-medioambiental\/","og_locale":"en_US","og_type":"article","og_title":"Q&A: Joseph Julca Mendoza \"No estamos solos en la lucha medioambiental\" - The Oxygen Project","og_description":"Pa\u00eds: Chile Profesi\u00f3n o actividad: Bi\u00f3logo Marino Mail: jjulca@uc.cl &nbsp; La curiosidad de Joseph Julca lo llev\u00f3 a promover los movimientos ambientales a trav\u00e9s de la comunicaci\u00f3n develando las problem\u00e1ticas...","og_url":"https:\/\/www.theoxygenproject.com\/es\/qa-joseph-julca-mendoza-no-estamos-solos-en-la-lucha-medioambiental\/","og_site_name":"The Oxygen Project","article_publisher":"https:\/\/www.facebook.com\/theoxygenproj","article_published_time":"2020-12-19T16:24:25+00:00","og_image":[{"width":886,"height":886,"url":"https:\/\/www.theoxygenproject.com\/es\/wp-content\/uploads\/2020\/12\/Joseph-Julca-2-01.png","type":"image\/png"}],"author":"Pilar R\u00edos","twitter_card":"summary_large_image","twitter_creator":"@theoxygenproj","twitter_site":"@theoxygenproj","twitter_misc":{"Written by":"Pilar R\u00edos","Est. reading time":"11 minutes"},"schema":{"@context":"https:\/\/schema.org","@graph":[{"@type":"Article","@id":"https:\/\/www.theoxygenproject.com\/es\/qa-joseph-julca-mendoza-no-estamos-solos-en-la-lucha-medioambiental\/#article","isPartOf":{"@id":"https:\/\/www.theoxygenproject.com\/es\/qa-joseph-julca-mendoza-no-estamos-solos-en-la-lucha-medioambiental\/"},"author":{"name":"Pilar R\u00edos","@id":"https:\/\/www.theoxygenproject.com\/es\/#\/schema\/person\/fd1d50a727859a9283fdd988aca8d8fb"},"headline":"Q&#038;A: Joseph Julca Mendoza &#8220;No estamos solos en la lucha medioambiental&#8221;","datePublished":"2020-12-19T16:24:25+00:00","mainEntityOfPage":{"@id":"https:\/\/www.theoxygenproject.com\/es\/qa-joseph-julca-mendoza-no-estamos-solos-en-la-lucha-medioambiental\/"},"wordCount":2204,"publisher":{"@id":"https:\/\/www.theoxygenproject.com\/es\/#organization"},"image":{"@id":"https:\/\/www.theoxygenproject.com\/es\/qa-joseph-julca-mendoza-no-estamos-solos-en-la-lucha-medioambiental\/#primaryimage"},"thumbnailUrl":"https:\/\/www.theoxygenproject.com\/es\/wp-content\/uploads\/2020\/12\/Joseph-Julca-2-01.png","articleSection":["Acci\u00f3n Clim\u00e1tica","Agua","Cambio clim\u00e1tico","Defensores","Noticias Ambientales"],"inLanguage":"en-US"},{"@type":"WebPage","@id":"https:\/\/www.theoxygenproject.com\/es\/qa-joseph-julca-mendoza-no-estamos-solos-en-la-lucha-medioambiental\/","url":"https:\/\/www.theoxygenproject.com\/es\/qa-joseph-julca-mendoza-no-estamos-solos-en-la-lucha-medioambiental\/","name":"Q&A: Joseph Julca Mendoza \"No estamos solos en la lucha medioambiental\" - The Oxygen Project","isPartOf":{"@id":"https:\/\/www.theoxygenproject.com\/es\/#website"},"primaryImageOfPage":{"@id":"https:\/\/www.theoxygenproject.com\/es\/qa-joseph-julca-mendoza-no-estamos-solos-en-la-lucha-medioambiental\/#primaryimage"},"image":{"@id":"https:\/\/www.theoxygenproject.com\/es\/qa-joseph-julca-mendoza-no-estamos-solos-en-la-lucha-medioambiental\/#primaryimage"},"thumbnailUrl":"https:\/\/www.theoxygenproject.com\/es\/wp-content\/uploads\/2020\/12\/Joseph-Julca-2-01.png","datePublished":"2020-12-19T16:24:25+00:00","breadcrumb":{"@id":"https:\/\/www.theoxygenproject.com\/es\/qa-joseph-julca-mendoza-no-estamos-solos-en-la-lucha-medioambiental\/#breadcrumb"},"inLanguage":"en-US","potentialAction":[{"@type":"ReadAction","target":["https:\/\/www.theoxygenproject.com\/es\/qa-joseph-julca-mendoza-no-estamos-solos-en-la-lucha-medioambiental\/"]}]},{"@type":"ImageObject","inLanguage":"en-US","@id":"https:\/\/www.theoxygenproject.com\/es\/qa-joseph-julca-mendoza-no-estamos-solos-en-la-lucha-medioambiental\/#primaryimage","url":"https:\/\/www.theoxygenproject.com\/es\/wp-content\/uploads\/2020\/12\/Joseph-Julca-2-01.png","contentUrl":"https:\/\/www.theoxygenproject.com\/es\/wp-content\/uploads\/2020\/12\/Joseph-Julca-2-01.png","width":886,"height":886},{"@type":"BreadcrumbList","@id":"https:\/\/www.theoxygenproject.com\/es\/qa-joseph-julca-mendoza-no-estamos-solos-en-la-lucha-medioambiental\/#breadcrumb","itemListElement":[{"@type":"ListItem","position":1,"name":"Home","item":"https:\/\/www.theoxygenproject.com\/es\/"},{"@type":"ListItem","position":2,"name":"Q&#038;A: Joseph Julca Mendoza &#8220;No estamos solos en la lucha medioambiental&#8221;"}]},{"@type":"WebSite","@id":"https:\/\/www.theoxygenproject.com\/es\/#website","url":"https:\/\/www.theoxygenproject.com\/es\/","name":"The Oxygen Project","description":"","publisher":{"@id":"https:\/\/www.theoxygenproject.com\/es\/#organization"},"potentialAction":[{"@type":"SearchAction","target":{"@type":"EntryPoint","urlTemplate":"https:\/\/www.theoxygenproject.com\/es\/?s={search_term_string}"},"query-input":{"@type":"PropertyValueSpecification","valueRequired":true,"valueName":"search_term_string"}}],"inLanguage":"en-US"},{"@type":"Organization","@id":"https:\/\/www.theoxygenproject.com\/es\/#organization","name":"The Oxygen Project","url":"https:\/\/www.theoxygenproject.com\/es\/","logo":{"@type":"ImageObject","inLanguage":"en-US","@id":"https:\/\/www.theoxygenproject.com\/es\/#\/schema\/logo\/image\/","url":"https:\/\/www.theoxygenproject.com\/es\/wp-content\/uploads\/2024\/05\/top-logo-dark.png","contentUrl":"https:\/\/www.theoxygenproject.com\/es\/wp-content\/uploads\/2024\/05\/top-logo-dark.png","width":384,"height":256,"caption":"The Oxygen Project"},"image":{"@id":"https:\/\/www.theoxygenproject.com\/es\/#\/schema\/logo\/image\/"},"sameAs":["https:\/\/www.facebook.com\/theoxygenproj","https:\/\/x.com\/theoxygenproj"]},{"@type":"Person","@id":"https:\/\/www.theoxygenproject.com\/es\/#\/schema\/person\/fd1d50a727859a9283fdd988aca8d8fb","name":"Pilar R\u00edos","image":{"@type":"ImageObject","inLanguage":"en-US","@id":"https:\/\/secure.gravatar.com\/avatar\/cb4cf509d6c8cf9193108e3149294241c2397964dbeb5a2a6e6b0a4a4127fc37?s=96&d=mm&r=g","url":"https:\/\/secure.gravatar.com\/avatar\/cb4cf509d6c8cf9193108e3149294241c2397964dbeb5a2a6e6b0a4a4127fc37?s=96&d=mm&r=g","contentUrl":"https:\/\/secure.gravatar.com\/avatar\/cb4cf509d6c8cf9193108e3149294241c2397964dbeb5a2a6e6b0a4a4127fc37?s=96&d=mm&r=g","caption":"Pilar R\u00edos"},"url":"https:\/\/www.theoxygenproject.com\/es\/author\/admin-2\/"}]}},"_links":{"self":[{"href":"https:\/\/www.theoxygenproject.com\/es\/wp-json\/wp\/v2\/posts\/799","targetHints":{"allow":["GET"]}}],"collection":[{"href":"https:\/\/www.theoxygenproject.com\/es\/wp-json\/wp\/v2\/posts"}],"about":[{"href":"https:\/\/www.theoxygenproject.com\/es\/wp-json\/wp\/v2\/types\/post"}],"author":[{"embeddable":true,"href":"https:\/\/www.theoxygenproject.com\/es\/wp-json\/wp\/v2\/users\/3"}],"replies":[{"embeddable":true,"href":"https:\/\/www.theoxygenproject.com\/es\/wp-json\/wp\/v2\/comments?post=799"}],"version-history":[{"count":0,"href":"https:\/\/www.theoxygenproject.com\/es\/wp-json\/wp\/v2\/posts\/799\/revisions"}],"wp:featuredmedia":[{"embeddable":true,"href":"https:\/\/www.theoxygenproject.com\/es\/wp-json\/wp\/v2\/media\/800"}],"wp:attachment":[{"href":"https:\/\/www.theoxygenproject.com\/es\/wp-json\/wp\/v2\/media?parent=799"}],"wp:term":[{"taxonomy":"category","embeddable":true,"href":"https:\/\/www.theoxygenproject.com\/es\/wp-json\/wp\/v2\/categories?post=799"},{"taxonomy":"post_tag","embeddable":true,"href":"https:\/\/www.theoxygenproject.com\/es\/wp-json\/wp\/v2\/tags?post=799"}],"curies":[{"name":"wp","href":"https:\/\/api.w.org\/{rel}","templated":true}]}}