{"id":796,"date":"2020-12-15T16:58:19","date_gmt":"2020-12-15T13:58:19","guid":{"rendered":"https:\/\/www.theoxygenproject.com\/es\/?p=796"},"modified":"2020-12-15T16:58:19","modified_gmt":"2020-12-15T13:58:19","slug":"los-cientificos-advierten-sobre-el-impacto-de-la-mineria-submarina","status":"publish","type":"post","link":"https:\/\/www.theoxygenproject.com\/es\/los-cientificos-advierten-sobre-el-impacto-de-la-mineria-submarina\/","title":{"rendered":"Los cient\u00edficos advierten sobre el impacto de la miner\u00eda submarina"},"content":{"rendered":"<h5><em><strong>Por JENNIFER KENNEDY<\/strong><\/em><\/h5>\n<h5><em><strong>Traducido por TOPus<\/strong><\/em><\/h5>\n<h5><em><strong>Lee el art\u00edculo en ingl\u00e9s <a href=\"https:\/\/www.theoxygenproject.com\/post\/scientists-warn-of-potential-impacts-of-deep-sea-mining-on-midwater-ecosystems\/\">aqu\u00ed<\/a> <\/strong><\/em><\/h5>\n<p><span style=\"font-weight: 400;\">Ubicados entre el lecho marino y la zona iluminada por el sol cerca de la superficie del oc\u00e9ano, los vastos ecosistemas de aguas medias y profundas son el hogar para una gran cantidad de extra\u00f1as criaturas de otro mundo.<\/span><\/p>\n<p><span style=\"font-weight: 400;\">Estas criaturas incluyen a los gusanos erizados del g\u00e9nero Tomopteris, t\u00edpicamente transparentes que asumen el color de la presa que han comido. O crust\u00e1ceos cuya cabeza tiene forma de lanza. Estos inusuales animales se adaptan de manera \u00fanica a la vida en las aguas medias que representan el 90 por ciento de la bi\u00f3sfera, contienen una biomasa de peces 100 veces mayor que el total de la captura anual en el mundo y es uno de los lugares menos conocidos del planeta.<\/span><\/p>\n<p><span style=\"font-weight: 400;\">Sin embargo, un art\u00edculo publicado en el mes de julio en las Actas de la Academia Nacional de Ciencias (PNAS) sostiene que la miner\u00eda submarina presenta importantes riesgos para los ecosistemas de aguas medias que deben evaluarse adecuadamente. Aunque la extracci\u00f3n minera de aguas profundas a\u00fan no es una realidad, si es una posibilidad que se acerca cada d\u00eda m\u00e1s a una realidad. La Autoridad Internacional de los fondos Marinos ( ISA), el organismo intergubernamental responsable de regular la miner\u00eda submarina en \u00e1reas fuera de las jurisdicciones nacionales, est\u00e1 desarrollando regulaciones de explotaci\u00f3n de minerales que culminar\u00edan a finales de este a\u00f1o.<\/span><\/p>\n","protected":false},"excerpt":{"rendered":"<p>Por JENNIFER KENNEDY Traducido por TOPus Lee el art\u00edculo en ingl\u00e9s aqu\u00ed Ubicados entre el lecho marino y la zona iluminada por el sol cerca de la superficie del oc\u00e9ano,&#8230;<\/p>\n","protected":false},"author":3,"featured_media":797,"comment_status":"closed","ping_status":"closed","sticky":false,"template":"","format":"standard","meta":{"_mo_disable_npp":"","footnotes":""},"categories":[3,10,7],"tags":[],"class_list":["post-796","post","type-post","status-publish","format-standard","has-post-thumbnail","hentry","category-accion-climatica","category-agua","category-fondo-marino"],"yoast_head":"<!-- This site is optimized with the Yoast SEO plugin v28.3 - https:\/\/yoast.com\/product\/yoast-seo-wordpress\/ -->\n<title>Los cient\u00edficos advierten sobre el impacto de la miner\u00eda submarina - The Oxygen Project<\/title>\n<meta name=\"robots\" content=\"index, follow, max-snippet:-1, max-image-preview:large, max-video-preview:-1\" \/>\n<link rel=\"canonical\" href=\"https:\/\/www.theoxygenproject.com\/es\/los-cientificos-advierten-sobre-el-impacto-de-la-mineria-submarina\/\" \/>\n<meta property=\"og:locale\" content=\"en_US\" \/>\n<meta property=\"og:type\" content=\"article\" \/>\n<meta property=\"og:title\" content=\"Los cient\u00edficos advierten sobre el impacto de la miner\u00eda submarina - The Oxygen Project\" \/>\n<meta property=\"og:description\" content=\"Por JENNIFER KENNEDY Traducido por TOPus Lee el art\u00edculo en ingl\u00e9s aqu\u00ed Ubicados entre el lecho marino y la zona iluminada por el sol cerca de la superficie del oc\u00e9ano,...\" \/>\n<meta property=\"og:url\" content=\"https:\/\/www.theoxygenproject.com\/es\/los-cientificos-advierten-sobre-el-impacto-de-la-mineria-submarina\/\" \/>\n<meta property=\"og:site_name\" content=\"The Oxygen Project\" \/>\n<meta property=\"article:publisher\" content=\"https:\/\/www.facebook.com\/theoxygenproj\" \/>\n<meta property=\"article:published_time\" content=\"2020-12-15T13:58:19+00:00\" \/>\n<meta property=\"og:image\" content=\"https:\/\/www.theoxygenproject.com\/es\/wp-content\/uploads\/2020\/12\/la-mas.png\" \/>\n\t<meta property=\"og:image:width\" content=\"1109\" \/>\n\t<meta property=\"og:image:height\" content=\"739\" \/>\n\t<meta property=\"og:image:type\" content=\"image\/png\" \/>\n<meta name=\"author\" content=\"Pilar R\u00edos\" \/>\n<meta name=\"twitter:card\" content=\"summary_large_image\" \/>\n<meta name=\"twitter:creator\" content=\"@theoxygenproj\" \/>\n<meta name=\"twitter:site\" content=\"@theoxygenproj\" \/>\n<meta name=\"twitter:label1\" content=\"Written by\" \/>\n\t<meta name=\"twitter:data1\" content=\"Pilar R\u00edos\" \/>\n\t<meta name=\"twitter:label2\" content=\"Est. reading time\" \/>\n\t<meta name=\"twitter:data2\" content=\"1 minute\" \/>\n<script type=\"application\/ld+json\" class=\"yoast-schema-graph\">{\"@context\":\"https:\\\/\\\/schema.org\",\"@graph\":[{\"@type\":\"Article\",\"@id\":\"https:\\\/\\\/www.theoxygenproject.com\\\/es\\\/los-cientificos-advierten-sobre-el-impacto-de-la-mineria-submarina\\\/#article\",\"isPartOf\":{\"@id\":\"https:\\\/\\\/www.theoxygenproject.com\\\/es\\\/los-cientificos-advierten-sobre-el-impacto-de-la-mineria-submarina\\\/\"},\"author\":{\"name\":\"Pilar R\u00edos\",\"@id\":\"https:\\\/\\\/www.theoxygenproject.com\\\/es\\\/#\\\/schema\\\/person\\\/fd1d50a727859a9283fdd988aca8d8fb\"},\"headline\":\"Los cient\u00edficos advierten sobre el impacto de la miner\u00eda submarina\",\"datePublished\":\"2020-12-15T13:58:19+00:00\",\"mainEntityOfPage\":{\"@id\":\"https:\\\/\\\/www.theoxygenproject.com\\\/es\\\/los-cientificos-advierten-sobre-el-impacto-de-la-mineria-submarina\\\/\"},\"wordCount\":262,\"publisher\":{\"@id\":\"https:\\\/\\\/www.theoxygenproject.com\\\/es\\\/#organization\"},\"image\":{\"@id\":\"https:\\\/\\\/www.theoxygenproject.com\\\/es\\\/los-cientificos-advierten-sobre-el-impacto-de-la-mineria-submarina\\\/#primaryimage\"},\"thumbnailUrl\":\"https:\\\/\\\/www.theoxygenproject.com\\\/es\\\/wp-content\\\/uploads\\\/2020\\\/12\\\/la-mas.png\",\"articleSection\":[\"Acci\u00f3n Clim\u00e1tica\",\"Agua\",\"Defend The Deep\"],\"inLanguage\":\"en-US\"},{\"@type\":\"WebPage\",\"@id\":\"https:\\\/\\\/www.theoxygenproject.com\\\/es\\\/los-cientificos-advierten-sobre-el-impacto-de-la-mineria-submarina\\\/\",\"url\":\"https:\\\/\\\/www.theoxygenproject.com\\\/es\\\/los-cientificos-advierten-sobre-el-impacto-de-la-mineria-submarina\\\/\",\"name\":\"Los cient\u00edficos advierten sobre el impacto de la miner\u00eda submarina - The Oxygen Project\",\"isPartOf\":{\"@id\":\"https:\\\/\\\/www.theoxygenproject.com\\\/es\\\/#website\"},\"primaryImageOfPage\":{\"@id\":\"https:\\\/\\\/www.theoxygenproject.com\\\/es\\\/los-cientificos-advierten-sobre-el-impacto-de-la-mineria-submarina\\\/#primaryimage\"},\"image\":{\"@id\":\"https:\\\/\\\/www.theoxygenproject.com\\\/es\\\/los-cientificos-advierten-sobre-el-impacto-de-la-mineria-submarina\\\/#primaryimage\"},\"thumbnailUrl\":\"https:\\\/\\\/www.theoxygenproject.com\\\/es\\\/wp-content\\\/uploads\\\/2020\\\/12\\\/la-mas.png\",\"datePublished\":\"2020-12-15T13:58:19+00:00\",\"breadcrumb\":{\"@id\":\"https:\\\/\\\/www.theoxygenproject.com\\\/es\\\/los-cientificos-advierten-sobre-el-impacto-de-la-mineria-submarina\\\/#breadcrumb\"},\"inLanguage\":\"en-US\",\"potentialAction\":[{\"@type\":\"ReadAction\",\"target\":[\"https:\\\/\\\/www.theoxygenproject.com\\\/es\\\/los-cientificos-advierten-sobre-el-impacto-de-la-mineria-submarina\\\/\"]}]},{\"@type\":\"ImageObject\",\"inLanguage\":\"en-US\",\"@id\":\"https:\\\/\\\/www.theoxygenproject.com\\\/es\\\/los-cientificos-advierten-sobre-el-impacto-de-la-mineria-submarina\\\/#primaryimage\",\"url\":\"https:\\\/\\\/www.theoxygenproject.com\\\/es\\\/wp-content\\\/uploads\\\/2020\\\/12\\\/la-mas.png\",\"contentUrl\":\"https:\\\/\\\/www.theoxygenproject.com\\\/es\\\/wp-content\\\/uploads\\\/2020\\\/12\\\/la-mas.png\",\"width\":1109,\"height\":739},{\"@type\":\"BreadcrumbList\",\"@id\":\"https:\\\/\\\/www.theoxygenproject.com\\\/es\\\/los-cientificos-advierten-sobre-el-impacto-de-la-mineria-submarina\\\/#breadcrumb\",\"itemListElement\":[{\"@type\":\"ListItem\",\"position\":1,\"name\":\"Home\",\"item\":\"https:\\\/\\\/www.theoxygenproject.com\\\/es\\\/\"},{\"@type\":\"ListItem\",\"position\":2,\"name\":\"Los cient\u00edficos advierten sobre el impacto de la miner\u00eda submarina\"}]},{\"@type\":\"WebSite\",\"@id\":\"https:\\\/\\\/www.theoxygenproject.com\\\/es\\\/#website\",\"url\":\"https:\\\/\\\/www.theoxygenproject.com\\\/es\\\/\",\"name\":\"The Oxygen Project\",\"description\":\"\",\"publisher\":{\"@id\":\"https:\\\/\\\/www.theoxygenproject.com\\\/es\\\/#organization\"},\"potentialAction\":[{\"@type\":\"SearchAction\",\"target\":{\"@type\":\"EntryPoint\",\"urlTemplate\":\"https:\\\/\\\/www.theoxygenproject.com\\\/es\\\/?s={search_term_string}\"},\"query-input\":{\"@type\":\"PropertyValueSpecification\",\"valueRequired\":true,\"valueName\":\"search_term_string\"}}],\"inLanguage\":\"en-US\"},{\"@type\":\"Organization\",\"@id\":\"https:\\\/\\\/www.theoxygenproject.com\\\/es\\\/#organization\",\"name\":\"The Oxygen Project\",\"url\":\"https:\\\/\\\/www.theoxygenproject.com\\\/es\\\/\",\"logo\":{\"@type\":\"ImageObject\",\"inLanguage\":\"en-US\",\"@id\":\"https:\\\/\\\/www.theoxygenproject.com\\\/es\\\/#\\\/schema\\\/logo\\\/image\\\/\",\"url\":\"https:\\\/\\\/www.theoxygenproject.com\\\/es\\\/wp-content\\\/uploads\\\/2024\\\/05\\\/top-logo-dark.png\",\"contentUrl\":\"https:\\\/\\\/www.theoxygenproject.com\\\/es\\\/wp-content\\\/uploads\\\/2024\\\/05\\\/top-logo-dark.png\",\"width\":384,\"height\":256,\"caption\":\"The Oxygen Project\"},\"image\":{\"@id\":\"https:\\\/\\\/www.theoxygenproject.com\\\/es\\\/#\\\/schema\\\/logo\\\/image\\\/\"},\"sameAs\":[\"https:\\\/\\\/www.facebook.com\\\/theoxygenproj\",\"https:\\\/\\\/x.com\\\/theoxygenproj\"]},{\"@type\":\"Person\",\"@id\":\"https:\\\/\\\/www.theoxygenproject.com\\\/es\\\/#\\\/schema\\\/person\\\/fd1d50a727859a9283fdd988aca8d8fb\",\"name\":\"Pilar R\u00edos\",\"image\":{\"@type\":\"ImageObject\",\"inLanguage\":\"en-US\",\"@id\":\"https:\\\/\\\/secure.gravatar.com\\\/avatar\\\/cb4cf509d6c8cf9193108e3149294241c2397964dbeb5a2a6e6b0a4a4127fc37?s=96&d=mm&r=g\",\"url\":\"https:\\\/\\\/secure.gravatar.com\\\/avatar\\\/cb4cf509d6c8cf9193108e3149294241c2397964dbeb5a2a6e6b0a4a4127fc37?s=96&d=mm&r=g\",\"contentUrl\":\"https:\\\/\\\/secure.gravatar.com\\\/avatar\\\/cb4cf509d6c8cf9193108e3149294241c2397964dbeb5a2a6e6b0a4a4127fc37?s=96&d=mm&r=g\",\"caption\":\"Pilar R\u00edos\"},\"url\":\"https:\\\/\\\/www.theoxygenproject.com\\\/es\\\/author\\\/admin-2\\\/\"}]}<\/script>\n<!-- \/ Yoast SEO plugin. -->","yoast_head_json":{"title":"Los cient\u00edficos advierten sobre el impacto de la miner\u00eda submarina - The Oxygen Project","robots":{"index":"index","follow":"follow","max-snippet":"max-snippet:-1","max-image-preview":"max-image-preview:large","max-video-preview":"max-video-preview:-1"},"canonical":"https:\/\/www.theoxygenproject.com\/es\/los-cientificos-advierten-sobre-el-impacto-de-la-mineria-submarina\/","og_locale":"en_US","og_type":"article","og_title":"Los cient\u00edficos advierten sobre el impacto de la miner\u00eda submarina - The Oxygen Project","og_description":"Por JENNIFER KENNEDY Traducido por TOPus Lee el art\u00edculo en ingl\u00e9s aqu\u00ed Ubicados entre el lecho marino y la zona iluminada por el sol cerca de la superficie del oc\u00e9ano,...","og_url":"https:\/\/www.theoxygenproject.com\/es\/los-cientificos-advierten-sobre-el-impacto-de-la-mineria-submarina\/","og_site_name":"The Oxygen Project","article_publisher":"https:\/\/www.facebook.com\/theoxygenproj","article_published_time":"2020-12-15T13:58:19+00:00","og_image":[{"width":1109,"height":739,"url":"https:\/\/www.theoxygenproject.com\/es\/wp-content\/uploads\/2020\/12\/la-mas.png","type":"image\/png"}],"author":"Pilar R\u00edos","twitter_card":"summary_large_image","twitter_creator":"@theoxygenproj","twitter_site":"@theoxygenproj","twitter_misc":{"Written by":"Pilar R\u00edos","Est. reading time":"1 minute"},"schema":{"@context":"https:\/\/schema.org","@graph":[{"@type":"Article","@id":"https:\/\/www.theoxygenproject.com\/es\/los-cientificos-advierten-sobre-el-impacto-de-la-mineria-submarina\/#article","isPartOf":{"@id":"https:\/\/www.theoxygenproject.com\/es\/los-cientificos-advierten-sobre-el-impacto-de-la-mineria-submarina\/"},"author":{"name":"Pilar R\u00edos","@id":"https:\/\/www.theoxygenproject.com\/es\/#\/schema\/person\/fd1d50a727859a9283fdd988aca8d8fb"},"headline":"Los cient\u00edficos advierten sobre el impacto de la miner\u00eda submarina","datePublished":"2020-12-15T13:58:19+00:00","mainEntityOfPage":{"@id":"https:\/\/www.theoxygenproject.com\/es\/los-cientificos-advierten-sobre-el-impacto-de-la-mineria-submarina\/"},"wordCount":262,"publisher":{"@id":"https:\/\/www.theoxygenproject.com\/es\/#organization"},"image":{"@id":"https:\/\/www.theoxygenproject.com\/es\/los-cientificos-advierten-sobre-el-impacto-de-la-mineria-submarina\/#primaryimage"},"thumbnailUrl":"https:\/\/www.theoxygenproject.com\/es\/wp-content\/uploads\/2020\/12\/la-mas.png","articleSection":["Acci\u00f3n Clim\u00e1tica","Agua","Defend The Deep"],"inLanguage":"en-US"},{"@type":"WebPage","@id":"https:\/\/www.theoxygenproject.com\/es\/los-cientificos-advierten-sobre-el-impacto-de-la-mineria-submarina\/","url":"https:\/\/www.theoxygenproject.com\/es\/los-cientificos-advierten-sobre-el-impacto-de-la-mineria-submarina\/","name":"Los cient\u00edficos advierten sobre el impacto de la miner\u00eda submarina - The Oxygen Project","isPartOf":{"@id":"https:\/\/www.theoxygenproject.com\/es\/#website"},"primaryImageOfPage":{"@id":"https:\/\/www.theoxygenproject.com\/es\/los-cientificos-advierten-sobre-el-impacto-de-la-mineria-submarina\/#primaryimage"},"image":{"@id":"https:\/\/www.theoxygenproject.com\/es\/los-cientificos-advierten-sobre-el-impacto-de-la-mineria-submarina\/#primaryimage"},"thumbnailUrl":"https:\/\/www.theoxygenproject.com\/es\/wp-content\/uploads\/2020\/12\/la-mas.png","datePublished":"2020-12-15T13:58:19+00:00","breadcrumb":{"@id":"https:\/\/www.theoxygenproject.com\/es\/los-cientificos-advierten-sobre-el-impacto-de-la-mineria-submarina\/#breadcrumb"},"inLanguage":"en-US","potentialAction":[{"@type":"ReadAction","target":["https:\/\/www.theoxygenproject.com\/es\/los-cientificos-advierten-sobre-el-impacto-de-la-mineria-submarina\/"]}]},{"@type":"ImageObject","inLanguage":"en-US","@id":"https:\/\/www.theoxygenproject.com\/es\/los-cientificos-advierten-sobre-el-impacto-de-la-mineria-submarina\/#primaryimage","url":"https:\/\/www.theoxygenproject.com\/es\/wp-content\/uploads\/2020\/12\/la-mas.png","contentUrl":"https:\/\/www.theoxygenproject.com\/es\/wp-content\/uploads\/2020\/12\/la-mas.png","width":1109,"height":739},{"@type":"BreadcrumbList","@id":"https:\/\/www.theoxygenproject.com\/es\/los-cientificos-advierten-sobre-el-impacto-de-la-mineria-submarina\/#breadcrumb","itemListElement":[{"@type":"ListItem","position":1,"name":"Home","item":"https:\/\/www.theoxygenproject.com\/es\/"},{"@type":"ListItem","position":2,"name":"Los cient\u00edficos advierten sobre el impacto de la miner\u00eda submarina"}]},{"@type":"WebSite","@id":"https:\/\/www.theoxygenproject.com\/es\/#website","url":"https:\/\/www.theoxygenproject.com\/es\/","name":"The Oxygen Project","description":"","publisher":{"@id":"https:\/\/www.theoxygenproject.com\/es\/#organization"},"potentialAction":[{"@type":"SearchAction","target":{"@type":"EntryPoint","urlTemplate":"https:\/\/www.theoxygenproject.com\/es\/?s={search_term_string}"},"query-input":{"@type":"PropertyValueSpecification","valueRequired":true,"valueName":"search_term_string"}}],"inLanguage":"en-US"},{"@type":"Organization","@id":"https:\/\/www.theoxygenproject.com\/es\/#organization","name":"The Oxygen Project","url":"https:\/\/www.theoxygenproject.com\/es\/","logo":{"@type":"ImageObject","inLanguage":"en-US","@id":"https:\/\/www.theoxygenproject.com\/es\/#\/schema\/logo\/image\/","url":"https:\/\/www.theoxygenproject.com\/es\/wp-content\/uploads\/2024\/05\/top-logo-dark.png","contentUrl":"https:\/\/www.theoxygenproject.com\/es\/wp-content\/uploads\/2024\/05\/top-logo-dark.png","width":384,"height":256,"caption":"The Oxygen Project"},"image":{"@id":"https:\/\/www.theoxygenproject.com\/es\/#\/schema\/logo\/image\/"},"sameAs":["https:\/\/www.facebook.com\/theoxygenproj","https:\/\/x.com\/theoxygenproj"]},{"@type":"Person","@id":"https:\/\/www.theoxygenproject.com\/es\/#\/schema\/person\/fd1d50a727859a9283fdd988aca8d8fb","name":"Pilar R\u00edos","image":{"@type":"ImageObject","inLanguage":"en-US","@id":"https:\/\/secure.gravatar.com\/avatar\/cb4cf509d6c8cf9193108e3149294241c2397964dbeb5a2a6e6b0a4a4127fc37?s=96&d=mm&r=g","url":"https:\/\/secure.gravatar.com\/avatar\/cb4cf509d6c8cf9193108e3149294241c2397964dbeb5a2a6e6b0a4a4127fc37?s=96&d=mm&r=g","contentUrl":"https:\/\/secure.gravatar.com\/avatar\/cb4cf509d6c8cf9193108e3149294241c2397964dbeb5a2a6e6b0a4a4127fc37?s=96&d=mm&r=g","caption":"Pilar R\u00edos"},"url":"https:\/\/www.theoxygenproject.com\/es\/author\/admin-2\/"}]}},"_links":{"self":[{"href":"https:\/\/www.theoxygenproject.com\/es\/wp-json\/wp\/v2\/posts\/796","targetHints":{"allow":["GET"]}}],"collection":[{"href":"https:\/\/www.theoxygenproject.com\/es\/wp-json\/wp\/v2\/posts"}],"about":[{"href":"https:\/\/www.theoxygenproject.com\/es\/wp-json\/wp\/v2\/types\/post"}],"author":[{"embeddable":true,"href":"https:\/\/www.theoxygenproject.com\/es\/wp-json\/wp\/v2\/users\/3"}],"replies":[{"embeddable":true,"href":"https:\/\/www.theoxygenproject.com\/es\/wp-json\/wp\/v2\/comments?post=796"}],"version-history":[{"count":0,"href":"https:\/\/www.theoxygenproject.com\/es\/wp-json\/wp\/v2\/posts\/796\/revisions"}],"wp:featuredmedia":[{"embeddable":true,"href":"https:\/\/www.theoxygenproject.com\/es\/wp-json\/wp\/v2\/media\/797"}],"wp:attachment":[{"href":"https:\/\/www.theoxygenproject.com\/es\/wp-json\/wp\/v2\/media?parent=796"}],"wp:term":[{"taxonomy":"category","embeddable":true,"href":"https:\/\/www.theoxygenproject.com\/es\/wp-json\/wp\/v2\/categories?post=796"},{"taxonomy":"post_tag","embeddable":true,"href":"https:\/\/www.theoxygenproject.com\/es\/wp-json\/wp\/v2\/tags?post=796"}],"curies":[{"name":"wp","href":"https:\/\/api.w.org\/{rel}","templated":true}]}}