{"id":793,"date":"2020-12-13T18:30:56","date_gmt":"2020-12-13T15:30:56","guid":{"rendered":"https:\/\/www.theoxygenproject.com\/es\/?p=793"},"modified":"2020-12-13T18:30:56","modified_gmt":"2020-12-13T15:30:56","slug":"dia-del-juicio-final-por-el-impacto-medioambiental-de-la-mineria-submarina","status":"publish","type":"post","link":"https:\/\/www.theoxygenproject.com\/es\/dia-del-juicio-final-por-el-impacto-medioambiental-de-la-mineria-submarina\/","title":{"rendered":"D\u00eda del juicio final por el impacto medioambiental de la miner\u00eda submarina"},"content":{"rendered":"<h5><em><strong>Por CATHERINE EARLY<\/strong><\/em><\/h5>\n<h5><em><strong>Traducido por el equipo TOPus<\/strong><\/em><\/h5>\n<h5><em><strong>Lee el art\u00edculo en ingl\u00e9s <a href=\"https:\/\/www.theoxygenproject.com\/post\/judgement-day-for-deep-seabed-minings-environmental-impact\/\">aqu\u00ed<\/a><\/strong><\/em><\/h5>\n<p>&nbsp;<\/p>\n<p><span style=\"font-weight: 400;\">El impacto medioambiental de la miner\u00eda submarina es incierto, mientras sus partidarios y oponentes siguen discutiendo.<\/span><\/p>\n<p><span style=\"font-weight: 400;\">Los activistas medioambientales temen que parte importante del h\u00e1bitat de la vida silvestre podr\u00eda ser da\u00f1ado irreparablemente, mientras los oponentes defienden que es mejor para el ambiente el seguir con el trabajo minero en el mar que en la tierra, muchos de los cuales son necesarios para la creaci\u00f3n de energ\u00edas verdes.<\/span><\/p>\n<p><span style=\"font-weight: 400;\">Pruebas de exploraci\u00f3n en equipamiento y procesos est\u00e1n\u00a0 planeados por varios pa\u00edses y compa\u00f1\u00edas privadas para que el impacto pueda ser mejor entendido. La Autoridad Internacional de los Fondos Marinos (ISA), que regula <\/span><span style=\"font-weight: 400;\">\u00a0exploraci\u00f3n y la explotaci\u00f3n de los recursos minerales de los fondos marinos<\/span><span style=\"font-weight: 400;\">, ha aprobado 30 contratos de exploraci\u00f3n que envuelven a 22 pa\u00edses y que cubren m\u00e1s de 1.3 millones de kil\u00f3metros cuadrados- alrededor del 0,7 por ciento del \u00e1rea internacional de suelo marino.<\/span><\/p>\n<p><span style=\"font-weight: 400;\">Las pautas y regulaciones que gobiernan la miner\u00eda de suelo marino que se han llevado a cabo, todav\u00eda est\u00e1n en proceso de finalizarse. En marzo de este a\u00f1o, ISA public\u00f3 pautas revisadas para actividades de exploraci\u00f3n. Esto afirma que cualquier pa\u00eds o compa\u00f1\u00eda que quiera realizar pruebas, debe enviar una declaraci\u00f3n de impacto ambiental (EIA)\u00a0 a su equipo legal y t\u00e9cnico al menos un a\u00f1o antes. Luego, el equipo legal y t\u00e9cnico de ISA revisar\u00e1 la declaraci\u00f3n de impacto ambiental (EIA) para juzgar su \u2018integridad, precisi\u00f3n y confiabilidad estad\u00edstica\u201d de acuerdo con las pautas.<\/span><\/p>\n<p><span style=\"font-weight: 400;\">Sin embargo, Code Project- una coalici\u00f3n de activistas ambientales, cient\u00edficos, abogados y especialistas regulatorios que revisaron el desarrollo de las reglas de\u00a0 ISA para la miner\u00eda- temen que este criterio no de ni siquiera una idea general de los impactos ambientales.<\/span><\/p>\n<p><span style=\"font-weight: 400;\">Adem\u00e1s, desde que hay pautas y no reglas, estas no son vinculantes, por lo que no queda claro qui\u00e9n sabr\u00eda si un contratista realiz\u00f3 alguna actividad da\u00f1ina sin haber presentado un EIA, o que podr\u00edan hacer al respecto.<\/span><\/p>\n<p><span style=\"font-weight: 400;\">En enero pasado, el gobierno de la India public\u00f3 una consulta sobre su EIA para exploraci\u00f3n y pruebas t\u00e9cnicas de una m\u00e1quina que recolectar\u00e1 \u201cn\u00f3dulos\u201d, que son unas formaciones parecidas a una papa en el fondo del oc\u00e9ano que conten\u00edan ricas concentraciones de manganeso, cobre, cobalto y n\u00edquel. Estos son materiales esenciales para pilas y energ\u00eda t\u00e9cnica renovable.<\/span><\/p>\n<p><span style=\"font-weight: 400;\">La prueba evaluar\u00e1 el movimiento del veh\u00edculo colector y su habilidad para chocar, bombear y descargar el desecho de material n\u00f3dulo dentro de un \u00e1rea limitada del fondo marino, que se encuentra a 5000 metros de profundidad. El veh\u00edculo colector operar\u00e1 a trav\u00e9s de una distancia total de 1000 metros y recolectar\u00e1 n\u00f3dulos desde una capa de sedimento de 15 a 30 cms. Datos medioambientales ser\u00e1n\u00a0 recogidos antes y despu\u00e9s de las pruebas y por\u00a0 un per\u00edodo de tiempo para evaluar el alcance del impacto, de acuerdo con la EIA.<\/span><\/p>\n<p><span style=\"font-weight: 400;\">Se estima que el \u00e1rea contendr\u00e1 m\u00e1s de un bill\u00f3n de n\u00f3dulos, todos los cuales forman un h\u00e1bitat para la vida silvestre, incluyendo a pepinos de mar, esponjas, peces en abanico, estrellas de mar, crust\u00e1ceos, an\u00e9monas de mar y corales. Poco se sabe de las especies encontradas en el \u00e1rea y los activistas temen que especies a\u00fan no encontradas existan ah\u00ed. Este ha sido recientemente el caso en otra \u00e1rea de inter\u00e9s para la miner\u00eda submarina, la zona llamada Clari\u00f3n-Clipperton en el este del Oc\u00e9ano Pac\u00edfico.<\/span><\/p>\n<p><span style=\"font-weight: 400;\">La vida silvestre en o cerca de los n\u00f3dulos ha evolucionado y ha florecido en el fr\u00edo y oscuro oc\u00e9ano profundo, y podr\u00eda ser da\u00f1ada por el ruido y la luz de las actividades mineras, dice el gobierno Indio. El equipamiento minero podr\u00eda remover o degradar h\u00e1bitats, mientras que las plumas de sedimento podr\u00edan asfixiar\u00a0 a la vida cercana, dicen.\u00a0<\/span><\/p>\n<p><span style=\"font-weight: 400;\">El EIA es por lo tanto esencial para asegurar que ninguna actividad minera ocurra en el fondo del mar hasta que la protecci\u00f3n del ambiente marino pueda ser asegurado.<\/span><\/p>\n<p><span style=\"font-weight: 400;\">\u201c Lo importante de los n\u00f3dulos es que descansan sobre un fondo marino limoso, por lo que forman el \u00fanico sustrato rocoso duro en el que la vida marina se puede anclar\u201d dice Andrew Friedman, jefe del programa de miner\u00eda en Pew Trust, que lidera el Code Project. \u201cCuando succionas los n\u00f3dulos, est\u00e1s recolectando h\u00e1bitat.\u201d<\/span><\/p>\n<p><span style=\"font-weight: 400;\">El proyecto ha se\u00f1alado varios problemas con el EIA Indio. Por ejemplo, dice que hay una falta de planes claros por parte del gobierno Indio en el monitoreo del impacto que tienen las plumas de sedimento, las que se forman\u00a0 de polvo y escombros del veh\u00edculo minero, y podr\u00edan da\u00f1ar la vida marina en el fondo marino y en la columna de agua. El EIA debiese incluir un modelo que luego podr\u00eda verificarse durante la prueba.<\/span><\/p>\n<p><span style=\"font-weight: 400;\">En general, se lleg\u00f3 a la conclusi\u00f3n de que el EIA conten\u00eda bastantes lagunas que hac\u00edan imposible evaluar si la prueba del pa\u00eds causar\u00eda un da\u00f1o ambiental significativo, o proporcionar informaci\u00f3n \u00fatil sobre los efectos de futuras operaciones a escala comercial.<\/span><\/p>\n<p><span style=\"font-weight: 400;\">Sin embargo, la verdadera preocupaci\u00f3n radica en el proceso con el que se realizan las declaraciones, y si esto sucede a nivel nacional o a nivel internacional por\u00a0 ISA. El regulador asegura que el uso de estas \u00e1reas de alta mar se haga en beneficio de toda la humanidad. Sin embargo, anteriormente adopt\u00f3 la posici\u00f3n de que corresponde a los gobiernos nacionales tomar la decisi\u00f3n final sobre si se pueden llevar a cabo actividades de exploraci\u00f3n, dice Friedman.<\/span><\/p>\n<p><span style=\"font-weight: 400;\">Aunque ISA ha introducido el requisito de que los contratistas env\u00eden un EIA a su equipo legal y t\u00e9cnico, todav\u00eda no est\u00e1 claro exactamente c\u00f3mo funcionar\u00e1 esto y c\u00f3mo se tomar\u00e1n las decisiones finales.<\/span><\/p>\n<p><span style=\"font-weight: 400;\">\u201c Existe una falta de claridad suficiente sobre c\u00faal es el rol y las responsabilidades de ISA\u201d, dice Friedman.<\/span><\/p>\n<p><span style=\"font-weight: 400;\">El Code project quiere que\u00a0 ISA exija que las evaluaciones proporcionen informaci\u00f3n de referencia a trav\u00e9s de un muestreo preciso y completo por varios a\u00f1os. Este acto identificar\u00eda los cambios causados por humanos que probablemente resultado de la extracci\u00f3n minera; describir los esfuerzos\u00a0 para mitigar los riesgos hacia las especies, h\u00e1bitats y los ecosistemas, y detallar la metodolog\u00eda para estudiar los impactos de una actividad durante su duraci\u00f3n. Tambi\u00e9n proporcionar\u00e1 datos para ayudar a predecir los impactos de las actividades comerciales futuras.<\/span><\/p>\n<p><span style=\"font-weight: 400;\">El EIA de la India es s\u00f3lo el segundo que se presenta a\u00a0 ISA por actividades mineras. El Proyecto Code cre\u00eda que el primero, de una compa\u00f1\u00eda belga, Global Sea Mineral Resources (GRS) que deseaba realizar una prueba de su veh\u00edculo en la zona Clarion Clipperton, ten\u00eda fallas similares y que sin revisiones sustanciales, estas dos declaraciones establecer\u00e1n \u201c precedente profundamente problem\u00e1tico\u201d para futuras pruebas.<\/span><\/p>\n<p><span style=\"font-weight: 400;\">Por ahora, los problemas t\u00e9cnicos y el Covid 19 han retrasado la prueba de GRS. Siempre que se lleve a cabo, la compa\u00f1\u00eda planea llevar a cient\u00edficos independientes a la prueba para monitorear sus actividades, y sus hallazgos se har\u00e1n p\u00fablicos, seg\u00fan un comunicado en su sitio web.<\/span><\/p>\n<p><span style=\"font-weight: 400;\">Pero Friedman afirma que la falta de claridad y las lagunas en el proceso fueron una \u201creceta para una gobernanza fragmentada y abusos medioambientales sin control.<\/span><\/p>\n<p><span style=\"font-weight: 400;\">ISA y la GRS declinaron una invitaci\u00f3n para comentar en este art\u00edculo. No se recibi\u00f3 respuesta a las solicitudes de informaci\u00f3n del Ministerio de Ciencias de la Tierra del Gobierno Indio y del grupo industrial Deep Sea Mining Alliance.<\/span><\/p>\n","protected":false},"excerpt":{"rendered":"<p>Por CATHERINE EARLY Traducido por el equipo TOPus Lee el art\u00edculo en ingl\u00e9s aqu\u00ed &nbsp; El impacto medioambiental de la miner\u00eda submarina es incierto, mientras sus partidarios y oponentes siguen&#8230;<\/p>\n","protected":false},"author":3,"featured_media":795,"comment_status":"closed","ping_status":"closed","sticky":false,"template":"","format":"standard","meta":{"_mo_disable_npp":"","footnotes":""},"categories":[10,7],"tags":[],"class_list":["post-793","post","type-post","status-publish","format-standard","has-post-thumbnail","hentry","category-agua","category-fondo-marino"],"yoast_head":"<!-- This site is optimized with the Yoast SEO plugin v28.3 - https:\/\/yoast.com\/product\/yoast-seo-wordpress\/ -->\n<title>D\u00eda del juicio final por el impacto medioambiental de la miner\u00eda submarina - The Oxygen Project<\/title>\n<meta name=\"robots\" content=\"index, follow, max-snippet:-1, max-image-preview:large, max-video-preview:-1\" \/>\n<link rel=\"canonical\" href=\"https:\/\/www.theoxygenproject.com\/es\/dia-del-juicio-final-por-el-impacto-medioambiental-de-la-mineria-submarina\/\" \/>\n<meta property=\"og:locale\" content=\"en_US\" \/>\n<meta property=\"og:type\" content=\"article\" \/>\n<meta property=\"og:title\" content=\"D\u00eda del juicio final por el impacto medioambiental de la miner\u00eda submarina - The Oxygen Project\" \/>\n<meta property=\"og:description\" content=\"Por CATHERINE EARLY Traducido por el equipo TOPus Lee el art\u00edculo en ingl\u00e9s aqu\u00ed &nbsp; El impacto medioambiental de la miner\u00eda submarina es incierto, mientras sus partidarios y oponentes siguen...\" \/>\n<meta property=\"og:url\" content=\"https:\/\/www.theoxygenproject.com\/es\/dia-del-juicio-final-por-el-impacto-medioambiental-de-la-mineria-submarina\/\" \/>\n<meta property=\"og:site_name\" content=\"The Oxygen Project\" \/>\n<meta property=\"article:publisher\" content=\"https:\/\/www.facebook.com\/theoxygenproj\" \/>\n<meta property=\"article:published_time\" content=\"2020-12-13T15:30:56+00:00\" \/>\n<meta property=\"og:image\" content=\"https:\/\/www.theoxygenproject.com\/es\/wp-content\/uploads\/2020\/12\/mineria_marina11-770x356.80.jpg\" \/>\n\t<meta property=\"og:image:width\" content=\"770\" \/>\n\t<meta property=\"og:image:height\" content=\"356\" \/>\n\t<meta property=\"og:image:type\" content=\"image\/jpeg\" \/>\n<meta name=\"author\" content=\"Pilar R\u00edos\" \/>\n<meta name=\"twitter:card\" content=\"summary_large_image\" \/>\n<meta name=\"twitter:creator\" content=\"@theoxygenproj\" \/>\n<meta name=\"twitter:site\" content=\"@theoxygenproj\" \/>\n<meta name=\"twitter:label1\" content=\"Written by\" \/>\n\t<meta name=\"twitter:data1\" content=\"Pilar R\u00edos\" \/>\n\t<meta name=\"twitter:label2\" content=\"Est. reading time\" \/>\n\t<meta name=\"twitter:data2\" content=\"7 minutes\" \/>\n<script type=\"application\/ld+json\" class=\"yoast-schema-graph\">{\"@context\":\"https:\\\/\\\/schema.org\",\"@graph\":[{\"@type\":\"Article\",\"@id\":\"https:\\\/\\\/www.theoxygenproject.com\\\/es\\\/dia-del-juicio-final-por-el-impacto-medioambiental-de-la-mineria-submarina\\\/#article\",\"isPartOf\":{\"@id\":\"https:\\\/\\\/www.theoxygenproject.com\\\/es\\\/dia-del-juicio-final-por-el-impacto-medioambiental-de-la-mineria-submarina\\\/\"},\"author\":{\"name\":\"Pilar R\u00edos\",\"@id\":\"https:\\\/\\\/www.theoxygenproject.com\\\/es\\\/#\\\/schema\\\/person\\\/fd1d50a727859a9283fdd988aca8d8fb\"},\"headline\":\"D\u00eda del juicio final por el impacto medioambiental de la miner\u00eda submarina\",\"datePublished\":\"2020-12-13T15:30:56+00:00\",\"mainEntityOfPage\":{\"@id\":\"https:\\\/\\\/www.theoxygenproject.com\\\/es\\\/dia-del-juicio-final-por-el-impacto-medioambiental-de-la-mineria-submarina\\\/\"},\"wordCount\":1352,\"publisher\":{\"@id\":\"https:\\\/\\\/www.theoxygenproject.com\\\/es\\\/#organization\"},\"image\":{\"@id\":\"https:\\\/\\\/www.theoxygenproject.com\\\/es\\\/dia-del-juicio-final-por-el-impacto-medioambiental-de-la-mineria-submarina\\\/#primaryimage\"},\"thumbnailUrl\":\"https:\\\/\\\/www.theoxygenproject.com\\\/es\\\/wp-content\\\/uploads\\\/2020\\\/12\\\/mineria_marina11-770x356.80.jpg\",\"articleSection\":[\"Agua\",\"Defend The Deep\"],\"inLanguage\":\"en-US\"},{\"@type\":\"WebPage\",\"@id\":\"https:\\\/\\\/www.theoxygenproject.com\\\/es\\\/dia-del-juicio-final-por-el-impacto-medioambiental-de-la-mineria-submarina\\\/\",\"url\":\"https:\\\/\\\/www.theoxygenproject.com\\\/es\\\/dia-del-juicio-final-por-el-impacto-medioambiental-de-la-mineria-submarina\\\/\",\"name\":\"D\u00eda del juicio final por el impacto medioambiental de la miner\u00eda submarina - The Oxygen Project\",\"isPartOf\":{\"@id\":\"https:\\\/\\\/www.theoxygenproject.com\\\/es\\\/#website\"},\"primaryImageOfPage\":{\"@id\":\"https:\\\/\\\/www.theoxygenproject.com\\\/es\\\/dia-del-juicio-final-por-el-impacto-medioambiental-de-la-mineria-submarina\\\/#primaryimage\"},\"image\":{\"@id\":\"https:\\\/\\\/www.theoxygenproject.com\\\/es\\\/dia-del-juicio-final-por-el-impacto-medioambiental-de-la-mineria-submarina\\\/#primaryimage\"},\"thumbnailUrl\":\"https:\\\/\\\/www.theoxygenproject.com\\\/es\\\/wp-content\\\/uploads\\\/2020\\\/12\\\/mineria_marina11-770x356.80.jpg\",\"datePublished\":\"2020-12-13T15:30:56+00:00\",\"breadcrumb\":{\"@id\":\"https:\\\/\\\/www.theoxygenproject.com\\\/es\\\/dia-del-juicio-final-por-el-impacto-medioambiental-de-la-mineria-submarina\\\/#breadcrumb\"},\"inLanguage\":\"en-US\",\"potentialAction\":[{\"@type\":\"ReadAction\",\"target\":[\"https:\\\/\\\/www.theoxygenproject.com\\\/es\\\/dia-del-juicio-final-por-el-impacto-medioambiental-de-la-mineria-submarina\\\/\"]}]},{\"@type\":\"ImageObject\",\"inLanguage\":\"en-US\",\"@id\":\"https:\\\/\\\/www.theoxygenproject.com\\\/es\\\/dia-del-juicio-final-por-el-impacto-medioambiental-de-la-mineria-submarina\\\/#primaryimage\",\"url\":\"https:\\\/\\\/www.theoxygenproject.com\\\/es\\\/wp-content\\\/uploads\\\/2020\\\/12\\\/mineria_marina11-770x356.80.jpg\",\"contentUrl\":\"https:\\\/\\\/www.theoxygenproject.com\\\/es\\\/wp-content\\\/uploads\\\/2020\\\/12\\\/mineria_marina11-770x356.80.jpg\",\"width\":770,\"height\":356},{\"@type\":\"BreadcrumbList\",\"@id\":\"https:\\\/\\\/www.theoxygenproject.com\\\/es\\\/dia-del-juicio-final-por-el-impacto-medioambiental-de-la-mineria-submarina\\\/#breadcrumb\",\"itemListElement\":[{\"@type\":\"ListItem\",\"position\":1,\"name\":\"Home\",\"item\":\"https:\\\/\\\/www.theoxygenproject.com\\\/es\\\/\"},{\"@type\":\"ListItem\",\"position\":2,\"name\":\"D\u00eda del juicio final por el impacto medioambiental de la miner\u00eda submarina\"}]},{\"@type\":\"WebSite\",\"@id\":\"https:\\\/\\\/www.theoxygenproject.com\\\/es\\\/#website\",\"url\":\"https:\\\/\\\/www.theoxygenproject.com\\\/es\\\/\",\"name\":\"The Oxygen Project\",\"description\":\"\",\"publisher\":{\"@id\":\"https:\\\/\\\/www.theoxygenproject.com\\\/es\\\/#organization\"},\"potentialAction\":[{\"@type\":\"SearchAction\",\"target\":{\"@type\":\"EntryPoint\",\"urlTemplate\":\"https:\\\/\\\/www.theoxygenproject.com\\\/es\\\/?s={search_term_string}\"},\"query-input\":{\"@type\":\"PropertyValueSpecification\",\"valueRequired\":true,\"valueName\":\"search_term_string\"}}],\"inLanguage\":\"en-US\"},{\"@type\":\"Organization\",\"@id\":\"https:\\\/\\\/www.theoxygenproject.com\\\/es\\\/#organization\",\"name\":\"The Oxygen Project\",\"url\":\"https:\\\/\\\/www.theoxygenproject.com\\\/es\\\/\",\"logo\":{\"@type\":\"ImageObject\",\"inLanguage\":\"en-US\",\"@id\":\"https:\\\/\\\/www.theoxygenproject.com\\\/es\\\/#\\\/schema\\\/logo\\\/image\\\/\",\"url\":\"https:\\\/\\\/www.theoxygenproject.com\\\/es\\\/wp-content\\\/uploads\\\/2024\\\/05\\\/top-logo-dark.png\",\"contentUrl\":\"https:\\\/\\\/www.theoxygenproject.com\\\/es\\\/wp-content\\\/uploads\\\/2024\\\/05\\\/top-logo-dark.png\",\"width\":384,\"height\":256,\"caption\":\"The Oxygen Project\"},\"image\":{\"@id\":\"https:\\\/\\\/www.theoxygenproject.com\\\/es\\\/#\\\/schema\\\/logo\\\/image\\\/\"},\"sameAs\":[\"https:\\\/\\\/www.facebook.com\\\/theoxygenproj\",\"https:\\\/\\\/x.com\\\/theoxygenproj\"]},{\"@type\":\"Person\",\"@id\":\"https:\\\/\\\/www.theoxygenproject.com\\\/es\\\/#\\\/schema\\\/person\\\/fd1d50a727859a9283fdd988aca8d8fb\",\"name\":\"Pilar R\u00edos\",\"image\":{\"@type\":\"ImageObject\",\"inLanguage\":\"en-US\",\"@id\":\"https:\\\/\\\/secure.gravatar.com\\\/avatar\\\/cb4cf509d6c8cf9193108e3149294241c2397964dbeb5a2a6e6b0a4a4127fc37?s=96&d=mm&r=g\",\"url\":\"https:\\\/\\\/secure.gravatar.com\\\/avatar\\\/cb4cf509d6c8cf9193108e3149294241c2397964dbeb5a2a6e6b0a4a4127fc37?s=96&d=mm&r=g\",\"contentUrl\":\"https:\\\/\\\/secure.gravatar.com\\\/avatar\\\/cb4cf509d6c8cf9193108e3149294241c2397964dbeb5a2a6e6b0a4a4127fc37?s=96&d=mm&r=g\",\"caption\":\"Pilar R\u00edos\"},\"url\":\"https:\\\/\\\/www.theoxygenproject.com\\\/es\\\/author\\\/admin-2\\\/\"}]}<\/script>\n<!-- \/ Yoast SEO plugin. -->","yoast_head_json":{"title":"D\u00eda del juicio final por el impacto medioambiental de la miner\u00eda submarina - The Oxygen Project","robots":{"index":"index","follow":"follow","max-snippet":"max-snippet:-1","max-image-preview":"max-image-preview:large","max-video-preview":"max-video-preview:-1"},"canonical":"https:\/\/www.theoxygenproject.com\/es\/dia-del-juicio-final-por-el-impacto-medioambiental-de-la-mineria-submarina\/","og_locale":"en_US","og_type":"article","og_title":"D\u00eda del juicio final por el impacto medioambiental de la miner\u00eda submarina - The Oxygen Project","og_description":"Por CATHERINE EARLY Traducido por el equipo TOPus Lee el art\u00edculo en ingl\u00e9s aqu\u00ed &nbsp; El impacto medioambiental de la miner\u00eda submarina es incierto, mientras sus partidarios y oponentes siguen...","og_url":"https:\/\/www.theoxygenproject.com\/es\/dia-del-juicio-final-por-el-impacto-medioambiental-de-la-mineria-submarina\/","og_site_name":"The Oxygen Project","article_publisher":"https:\/\/www.facebook.com\/theoxygenproj","article_published_time":"2020-12-13T15:30:56+00:00","og_image":[{"width":770,"height":356,"url":"https:\/\/www.theoxygenproject.com\/es\/wp-content\/uploads\/2020\/12\/mineria_marina11-770x356.80.jpg","type":"image\/jpeg"}],"author":"Pilar R\u00edos","twitter_card":"summary_large_image","twitter_creator":"@theoxygenproj","twitter_site":"@theoxygenproj","twitter_misc":{"Written by":"Pilar R\u00edos","Est. reading time":"7 minutes"},"schema":{"@context":"https:\/\/schema.org","@graph":[{"@type":"Article","@id":"https:\/\/www.theoxygenproject.com\/es\/dia-del-juicio-final-por-el-impacto-medioambiental-de-la-mineria-submarina\/#article","isPartOf":{"@id":"https:\/\/www.theoxygenproject.com\/es\/dia-del-juicio-final-por-el-impacto-medioambiental-de-la-mineria-submarina\/"},"author":{"name":"Pilar R\u00edos","@id":"https:\/\/www.theoxygenproject.com\/es\/#\/schema\/person\/fd1d50a727859a9283fdd988aca8d8fb"},"headline":"D\u00eda del juicio final por el impacto medioambiental de la miner\u00eda submarina","datePublished":"2020-12-13T15:30:56+00:00","mainEntityOfPage":{"@id":"https:\/\/www.theoxygenproject.com\/es\/dia-del-juicio-final-por-el-impacto-medioambiental-de-la-mineria-submarina\/"},"wordCount":1352,"publisher":{"@id":"https:\/\/www.theoxygenproject.com\/es\/#organization"},"image":{"@id":"https:\/\/www.theoxygenproject.com\/es\/dia-del-juicio-final-por-el-impacto-medioambiental-de-la-mineria-submarina\/#primaryimage"},"thumbnailUrl":"https:\/\/www.theoxygenproject.com\/es\/wp-content\/uploads\/2020\/12\/mineria_marina11-770x356.80.jpg","articleSection":["Agua","Defend The Deep"],"inLanguage":"en-US"},{"@type":"WebPage","@id":"https:\/\/www.theoxygenproject.com\/es\/dia-del-juicio-final-por-el-impacto-medioambiental-de-la-mineria-submarina\/","url":"https:\/\/www.theoxygenproject.com\/es\/dia-del-juicio-final-por-el-impacto-medioambiental-de-la-mineria-submarina\/","name":"D\u00eda del juicio final por el impacto medioambiental de la miner\u00eda submarina - The Oxygen Project","isPartOf":{"@id":"https:\/\/www.theoxygenproject.com\/es\/#website"},"primaryImageOfPage":{"@id":"https:\/\/www.theoxygenproject.com\/es\/dia-del-juicio-final-por-el-impacto-medioambiental-de-la-mineria-submarina\/#primaryimage"},"image":{"@id":"https:\/\/www.theoxygenproject.com\/es\/dia-del-juicio-final-por-el-impacto-medioambiental-de-la-mineria-submarina\/#primaryimage"},"thumbnailUrl":"https:\/\/www.theoxygenproject.com\/es\/wp-content\/uploads\/2020\/12\/mineria_marina11-770x356.80.jpg","datePublished":"2020-12-13T15:30:56+00:00","breadcrumb":{"@id":"https:\/\/www.theoxygenproject.com\/es\/dia-del-juicio-final-por-el-impacto-medioambiental-de-la-mineria-submarina\/#breadcrumb"},"inLanguage":"en-US","potentialAction":[{"@type":"ReadAction","target":["https:\/\/www.theoxygenproject.com\/es\/dia-del-juicio-final-por-el-impacto-medioambiental-de-la-mineria-submarina\/"]}]},{"@type":"ImageObject","inLanguage":"en-US","@id":"https:\/\/www.theoxygenproject.com\/es\/dia-del-juicio-final-por-el-impacto-medioambiental-de-la-mineria-submarina\/#primaryimage","url":"https:\/\/www.theoxygenproject.com\/es\/wp-content\/uploads\/2020\/12\/mineria_marina11-770x356.80.jpg","contentUrl":"https:\/\/www.theoxygenproject.com\/es\/wp-content\/uploads\/2020\/12\/mineria_marina11-770x356.80.jpg","width":770,"height":356},{"@type":"BreadcrumbList","@id":"https:\/\/www.theoxygenproject.com\/es\/dia-del-juicio-final-por-el-impacto-medioambiental-de-la-mineria-submarina\/#breadcrumb","itemListElement":[{"@type":"ListItem","position":1,"name":"Home","item":"https:\/\/www.theoxygenproject.com\/es\/"},{"@type":"ListItem","position":2,"name":"D\u00eda del juicio final por el impacto medioambiental de la miner\u00eda submarina"}]},{"@type":"WebSite","@id":"https:\/\/www.theoxygenproject.com\/es\/#website","url":"https:\/\/www.theoxygenproject.com\/es\/","name":"The Oxygen Project","description":"","publisher":{"@id":"https:\/\/www.theoxygenproject.com\/es\/#organization"},"potentialAction":[{"@type":"SearchAction","target":{"@type":"EntryPoint","urlTemplate":"https:\/\/www.theoxygenproject.com\/es\/?s={search_term_string}"},"query-input":{"@type":"PropertyValueSpecification","valueRequired":true,"valueName":"search_term_string"}}],"inLanguage":"en-US"},{"@type":"Organization","@id":"https:\/\/www.theoxygenproject.com\/es\/#organization","name":"The Oxygen Project","url":"https:\/\/www.theoxygenproject.com\/es\/","logo":{"@type":"ImageObject","inLanguage":"en-US","@id":"https:\/\/www.theoxygenproject.com\/es\/#\/schema\/logo\/image\/","url":"https:\/\/www.theoxygenproject.com\/es\/wp-content\/uploads\/2024\/05\/top-logo-dark.png","contentUrl":"https:\/\/www.theoxygenproject.com\/es\/wp-content\/uploads\/2024\/05\/top-logo-dark.png","width":384,"height":256,"caption":"The Oxygen Project"},"image":{"@id":"https:\/\/www.theoxygenproject.com\/es\/#\/schema\/logo\/image\/"},"sameAs":["https:\/\/www.facebook.com\/theoxygenproj","https:\/\/x.com\/theoxygenproj"]},{"@type":"Person","@id":"https:\/\/www.theoxygenproject.com\/es\/#\/schema\/person\/fd1d50a727859a9283fdd988aca8d8fb","name":"Pilar R\u00edos","image":{"@type":"ImageObject","inLanguage":"en-US","@id":"https:\/\/secure.gravatar.com\/avatar\/cb4cf509d6c8cf9193108e3149294241c2397964dbeb5a2a6e6b0a4a4127fc37?s=96&d=mm&r=g","url":"https:\/\/secure.gravatar.com\/avatar\/cb4cf509d6c8cf9193108e3149294241c2397964dbeb5a2a6e6b0a4a4127fc37?s=96&d=mm&r=g","contentUrl":"https:\/\/secure.gravatar.com\/avatar\/cb4cf509d6c8cf9193108e3149294241c2397964dbeb5a2a6e6b0a4a4127fc37?s=96&d=mm&r=g","caption":"Pilar R\u00edos"},"url":"https:\/\/www.theoxygenproject.com\/es\/author\/admin-2\/"}]}},"_links":{"self":[{"href":"https:\/\/www.theoxygenproject.com\/es\/wp-json\/wp\/v2\/posts\/793","targetHints":{"allow":["GET"]}}],"collection":[{"href":"https:\/\/www.theoxygenproject.com\/es\/wp-json\/wp\/v2\/posts"}],"about":[{"href":"https:\/\/www.theoxygenproject.com\/es\/wp-json\/wp\/v2\/types\/post"}],"author":[{"embeddable":true,"href":"https:\/\/www.theoxygenproject.com\/es\/wp-json\/wp\/v2\/users\/3"}],"replies":[{"embeddable":true,"href":"https:\/\/www.theoxygenproject.com\/es\/wp-json\/wp\/v2\/comments?post=793"}],"version-history":[{"count":0,"href":"https:\/\/www.theoxygenproject.com\/es\/wp-json\/wp\/v2\/posts\/793\/revisions"}],"wp:featuredmedia":[{"embeddable":true,"href":"https:\/\/www.theoxygenproject.com\/es\/wp-json\/wp\/v2\/media\/795"}],"wp:attachment":[{"href":"https:\/\/www.theoxygenproject.com\/es\/wp-json\/wp\/v2\/media?parent=793"}],"wp:term":[{"taxonomy":"category","embeddable":true,"href":"https:\/\/www.theoxygenproject.com\/es\/wp-json\/wp\/v2\/categories?post=793"},{"taxonomy":"post_tag","embeddable":true,"href":"https:\/\/www.theoxygenproject.com\/es\/wp-json\/wp\/v2\/tags?post=793"}],"curies":[{"name":"wp","href":"https:\/\/api.w.org\/{rel}","templated":true}]}}