{"id":778,"date":"2020-12-02T19:31:37","date_gmt":"2020-12-02T16:31:37","guid":{"rendered":"https:\/\/www.theoxygenproject.com\/es\/?p=778"},"modified":"2020-12-02T19:31:37","modified_gmt":"2020-12-02T16:31:37","slug":"hasta-las-profundidades-puede-la-musica-salvar-nuestro-oceano","status":"publish","type":"post","link":"https:\/\/www.theoxygenproject.com\/es\/hasta-las-profundidades-puede-la-musica-salvar-nuestro-oceano\/","title":{"rendered":"Hasta las profundidades: \u00bfPuede la m\u00fasica cambiar nuestro oc\u00e9ano?"},"content":{"rendered":"<h3><em>Por <span style=\"font-weight: 400;\">Santiago Rodriguez Tarditi<\/span><\/em><\/h3>\n<p><span style=\"font-weight: 400;\">Considerado el padre de la m\u00fasica cl\u00e1sica impresionista, el compositor franc\u00e9s Claude Debussy, odiaba dicho t\u00e9rmino \u201cimpresionista\u201d. Sin embargo, era dif\u00edcil no comparar sus obras maestras con las de sus contempor\u00e1neos &#8211; como Turner y Whistler &#8211; que se inspiraban en los r\u00edos y playas europeas donde el sol ofrec\u00eda una paleta infinita que brillaba en los cuerpos de agua de sus pinturas. Debussy probablemente se humill\u00f3 cuando rechaz\u00f3 el premio; en octubre de 1905, lanz\u00f3 La Mer (El Mar), una composici\u00f3n considerada como &#8220;el mayor ejemplo de una obra impresionista orquestal&#8221;.\u00a0<\/span><\/p>\n<p><span style=\"font-weight: 400;\">&#8220;Las ondas sonoras y las olas del oc\u00e9ano son manifestaciones f\u00edsicas de las mismas leyes que rigen toda nuestra experiencia&#8221;, dijo Benjamin Schultz, parte del d\u00fao detr\u00e1s de Effortless Audio, una productora musical especializada en Lo-Fi Hip Hop, Soul, RnB y Jazz Rap. La conexi\u00f3n entre la cultura y la naturaleza es innegable.<\/span><\/p>\n<p><span style=\"font-weight: 400;\">&#8220;Yo dir\u00eda que incluso la creatividad tiende a llegar a nosotros en oleadas&#8221;, dijo su socio Kevin Zimmerman de Miami, donde tiene su sede el sello.<\/span><\/p>\n<p><span style=\"font-weight: 400;\">Esta conexi\u00f3n les hizo pensar: \u00bfqu\u00e9 tal si creamos un \u00e1lbum sobre el oc\u00e9ano y donamos todas las ganancias a una causa que lo proteja? Fue entonces cuando Effortless Audio se acerc\u00f3 a The Oxygen project (TOP), nuestra organizaci\u00f3n dedicada a defender los ecosistemas que producen nuestro ox\u00edgeno.<\/span><\/p>\n","protected":false},"excerpt":{"rendered":"<p>Por Santiago Rodriguez Tarditi Considerado el padre de la m\u00fasica cl\u00e1sica impresionista, el compositor franc\u00e9s Claude Debussy, odiaba dicho t\u00e9rmino \u201cimpresionista\u201d. Sin embargo, era dif\u00edcil no comparar sus obras maestras&#8230;<\/p>\n","protected":false},"author":3,"featured_media":779,"comment_status":"closed","ping_status":"closed","sticky":false,"template":"","format":"standard","meta":{"_mo_disable_npp":"","footnotes":""},"categories":[3,10,7,9],"tags":[],"class_list":["post-778","post","type-post","status-publish","format-standard","has-post-thumbnail","hentry","category-accion-climatica","category-agua","category-fondo-marino","category-solutions"],"yoast_head":"<!-- This site is optimized with the Yoast SEO plugin v28.3 - https:\/\/yoast.com\/product\/yoast-seo-wordpress\/ -->\n<title>Hasta las profundidades: \u00bfPuede la m\u00fasica cambiar nuestro oc\u00e9ano? - The Oxygen Project<\/title>\n<meta name=\"robots\" content=\"index, follow, max-snippet:-1, max-image-preview:large, max-video-preview:-1\" \/>\n<link rel=\"canonical\" href=\"https:\/\/www.theoxygenproject.com\/es\/hasta-las-profundidades-puede-la-musica-salvar-nuestro-oceano\/\" \/>\n<meta property=\"og:locale\" content=\"en_US\" \/>\n<meta property=\"og:type\" content=\"article\" \/>\n<meta property=\"og:title\" content=\"Hasta las profundidades: \u00bfPuede la m\u00fasica cambiar nuestro oc\u00e9ano? - The Oxygen Project\" \/>\n<meta property=\"og:description\" content=\"Por Santiago Rodriguez Tarditi Considerado el padre de la m\u00fasica cl\u00e1sica impresionista, el compositor franc\u00e9s Claude Debussy, odiaba dicho t\u00e9rmino \u201cimpresionista\u201d. Sin embargo, era dif\u00edcil no comparar sus obras maestras...\" \/>\n<meta property=\"og:url\" content=\"https:\/\/www.theoxygenproject.com\/es\/hasta-las-profundidades-puede-la-musica-salvar-nuestro-oceano\/\" \/>\n<meta property=\"og:site_name\" content=\"The Oxygen Project\" \/>\n<meta property=\"article:publisher\" content=\"https:\/\/www.facebook.com\/theoxygenproj\" \/>\n<meta property=\"article:published_time\" content=\"2020-12-02T16:31:37+00:00\" \/>\n<meta property=\"og:image\" content=\"https:\/\/www.theoxygenproject.com\/es\/wp-content\/uploads\/2020\/12\/vinilo.png\" \/>\n\t<meta property=\"og:image:width\" content=\"770\" \/>\n\t<meta property=\"og:image:height\" content=\"450\" \/>\n\t<meta property=\"og:image:type\" content=\"image\/png\" \/>\n<meta name=\"author\" content=\"Pilar R\u00edos\" \/>\n<meta name=\"twitter:card\" content=\"summary_large_image\" \/>\n<meta name=\"twitter:creator\" content=\"@theoxygenproj\" \/>\n<meta name=\"twitter:site\" content=\"@theoxygenproj\" \/>\n<meta name=\"twitter:label1\" content=\"Written by\" \/>\n\t<meta name=\"twitter:data1\" content=\"Pilar R\u00edos\" \/>\n\t<meta name=\"twitter:label2\" content=\"Est. reading time\" \/>\n\t<meta name=\"twitter:data2\" content=\"1 minute\" \/>\n<script type=\"application\/ld+json\" class=\"yoast-schema-graph\">{\"@context\":\"https:\\\/\\\/schema.org\",\"@graph\":[{\"@type\":\"Article\",\"@id\":\"https:\\\/\\\/www.theoxygenproject.com\\\/es\\\/hasta-las-profundidades-puede-la-musica-salvar-nuestro-oceano\\\/#article\",\"isPartOf\":{\"@id\":\"https:\\\/\\\/www.theoxygenproject.com\\\/es\\\/hasta-las-profundidades-puede-la-musica-salvar-nuestro-oceano\\\/\"},\"author\":{\"name\":\"Pilar R\u00edos\",\"@id\":\"https:\\\/\\\/www.theoxygenproject.com\\\/es\\\/#\\\/schema\\\/person\\\/fd1d50a727859a9283fdd988aca8d8fb\"},\"headline\":\"Hasta las profundidades: \u00bfPuede la m\u00fasica cambiar nuestro oc\u00e9ano?\",\"datePublished\":\"2020-12-02T16:31:37+00:00\",\"mainEntityOfPage\":{\"@id\":\"https:\\\/\\\/www.theoxygenproject.com\\\/es\\\/hasta-las-profundidades-puede-la-musica-salvar-nuestro-oceano\\\/\"},\"wordCount\":252,\"publisher\":{\"@id\":\"https:\\\/\\\/www.theoxygenproject.com\\\/es\\\/#organization\"},\"image\":{\"@id\":\"https:\\\/\\\/www.theoxygenproject.com\\\/es\\\/hasta-las-profundidades-puede-la-musica-salvar-nuestro-oceano\\\/#primaryimage\"},\"thumbnailUrl\":\"https:\\\/\\\/www.theoxygenproject.com\\\/es\\\/wp-content\\\/uploads\\\/2020\\\/12\\\/vinilo.png\",\"articleSection\":[\"Acci\u00f3n Clim\u00e1tica\",\"Agua\",\"Defend The Deep\",\"Soluciones\"],\"inLanguage\":\"en-US\"},{\"@type\":\"WebPage\",\"@id\":\"https:\\\/\\\/www.theoxygenproject.com\\\/es\\\/hasta-las-profundidades-puede-la-musica-salvar-nuestro-oceano\\\/\",\"url\":\"https:\\\/\\\/www.theoxygenproject.com\\\/es\\\/hasta-las-profundidades-puede-la-musica-salvar-nuestro-oceano\\\/\",\"name\":\"Hasta las profundidades: \u00bfPuede la m\u00fasica cambiar nuestro oc\u00e9ano? - The Oxygen Project\",\"isPartOf\":{\"@id\":\"https:\\\/\\\/www.theoxygenproject.com\\\/es\\\/#website\"},\"primaryImageOfPage\":{\"@id\":\"https:\\\/\\\/www.theoxygenproject.com\\\/es\\\/hasta-las-profundidades-puede-la-musica-salvar-nuestro-oceano\\\/#primaryimage\"},\"image\":{\"@id\":\"https:\\\/\\\/www.theoxygenproject.com\\\/es\\\/hasta-las-profundidades-puede-la-musica-salvar-nuestro-oceano\\\/#primaryimage\"},\"thumbnailUrl\":\"https:\\\/\\\/www.theoxygenproject.com\\\/es\\\/wp-content\\\/uploads\\\/2020\\\/12\\\/vinilo.png\",\"datePublished\":\"2020-12-02T16:31:37+00:00\",\"breadcrumb\":{\"@id\":\"https:\\\/\\\/www.theoxygenproject.com\\\/es\\\/hasta-las-profundidades-puede-la-musica-salvar-nuestro-oceano\\\/#breadcrumb\"},\"inLanguage\":\"en-US\",\"potentialAction\":[{\"@type\":\"ReadAction\",\"target\":[\"https:\\\/\\\/www.theoxygenproject.com\\\/es\\\/hasta-las-profundidades-puede-la-musica-salvar-nuestro-oceano\\\/\"]}]},{\"@type\":\"ImageObject\",\"inLanguage\":\"en-US\",\"@id\":\"https:\\\/\\\/www.theoxygenproject.com\\\/es\\\/hasta-las-profundidades-puede-la-musica-salvar-nuestro-oceano\\\/#primaryimage\",\"url\":\"https:\\\/\\\/www.theoxygenproject.com\\\/es\\\/wp-content\\\/uploads\\\/2020\\\/12\\\/vinilo.png\",\"contentUrl\":\"https:\\\/\\\/www.theoxygenproject.com\\\/es\\\/wp-content\\\/uploads\\\/2020\\\/12\\\/vinilo.png\",\"width\":770,\"height\":450},{\"@type\":\"BreadcrumbList\",\"@id\":\"https:\\\/\\\/www.theoxygenproject.com\\\/es\\\/hasta-las-profundidades-puede-la-musica-salvar-nuestro-oceano\\\/#breadcrumb\",\"itemListElement\":[{\"@type\":\"ListItem\",\"position\":1,\"name\":\"Home\",\"item\":\"https:\\\/\\\/www.theoxygenproject.com\\\/es\\\/\"},{\"@type\":\"ListItem\",\"position\":2,\"name\":\"Hasta las profundidades: \u00bfPuede la m\u00fasica cambiar nuestro oc\u00e9ano?\"}]},{\"@type\":\"WebSite\",\"@id\":\"https:\\\/\\\/www.theoxygenproject.com\\\/es\\\/#website\",\"url\":\"https:\\\/\\\/www.theoxygenproject.com\\\/es\\\/\",\"name\":\"The Oxygen Project\",\"description\":\"\",\"publisher\":{\"@id\":\"https:\\\/\\\/www.theoxygenproject.com\\\/es\\\/#organization\"},\"potentialAction\":[{\"@type\":\"SearchAction\",\"target\":{\"@type\":\"EntryPoint\",\"urlTemplate\":\"https:\\\/\\\/www.theoxygenproject.com\\\/es\\\/?s={search_term_string}\"},\"query-input\":{\"@type\":\"PropertyValueSpecification\",\"valueRequired\":true,\"valueName\":\"search_term_string\"}}],\"inLanguage\":\"en-US\"},{\"@type\":\"Organization\",\"@id\":\"https:\\\/\\\/www.theoxygenproject.com\\\/es\\\/#organization\",\"name\":\"The Oxygen Project\",\"url\":\"https:\\\/\\\/www.theoxygenproject.com\\\/es\\\/\",\"logo\":{\"@type\":\"ImageObject\",\"inLanguage\":\"en-US\",\"@id\":\"https:\\\/\\\/www.theoxygenproject.com\\\/es\\\/#\\\/schema\\\/logo\\\/image\\\/\",\"url\":\"https:\\\/\\\/www.theoxygenproject.com\\\/es\\\/wp-content\\\/uploads\\\/2024\\\/05\\\/top-logo-dark.png\",\"contentUrl\":\"https:\\\/\\\/www.theoxygenproject.com\\\/es\\\/wp-content\\\/uploads\\\/2024\\\/05\\\/top-logo-dark.png\",\"width\":384,\"height\":256,\"caption\":\"The Oxygen Project\"},\"image\":{\"@id\":\"https:\\\/\\\/www.theoxygenproject.com\\\/es\\\/#\\\/schema\\\/logo\\\/image\\\/\"},\"sameAs\":[\"https:\\\/\\\/www.facebook.com\\\/theoxygenproj\",\"https:\\\/\\\/x.com\\\/theoxygenproj\"]},{\"@type\":\"Person\",\"@id\":\"https:\\\/\\\/www.theoxygenproject.com\\\/es\\\/#\\\/schema\\\/person\\\/fd1d50a727859a9283fdd988aca8d8fb\",\"name\":\"Pilar R\u00edos\",\"image\":{\"@type\":\"ImageObject\",\"inLanguage\":\"en-US\",\"@id\":\"https:\\\/\\\/secure.gravatar.com\\\/avatar\\\/cb4cf509d6c8cf9193108e3149294241c2397964dbeb5a2a6e6b0a4a4127fc37?s=96&d=mm&r=g\",\"url\":\"https:\\\/\\\/secure.gravatar.com\\\/avatar\\\/cb4cf509d6c8cf9193108e3149294241c2397964dbeb5a2a6e6b0a4a4127fc37?s=96&d=mm&r=g\",\"contentUrl\":\"https:\\\/\\\/secure.gravatar.com\\\/avatar\\\/cb4cf509d6c8cf9193108e3149294241c2397964dbeb5a2a6e6b0a4a4127fc37?s=96&d=mm&r=g\",\"caption\":\"Pilar R\u00edos\"},\"url\":\"https:\\\/\\\/www.theoxygenproject.com\\\/es\\\/author\\\/admin-2\\\/\"}]}<\/script>\n<!-- \/ Yoast SEO plugin. -->","yoast_head_json":{"title":"Hasta las profundidades: \u00bfPuede la m\u00fasica cambiar nuestro oc\u00e9ano? - The Oxygen Project","robots":{"index":"index","follow":"follow","max-snippet":"max-snippet:-1","max-image-preview":"max-image-preview:large","max-video-preview":"max-video-preview:-1"},"canonical":"https:\/\/www.theoxygenproject.com\/es\/hasta-las-profundidades-puede-la-musica-salvar-nuestro-oceano\/","og_locale":"en_US","og_type":"article","og_title":"Hasta las profundidades: \u00bfPuede la m\u00fasica cambiar nuestro oc\u00e9ano? - The Oxygen Project","og_description":"Por Santiago Rodriguez Tarditi Considerado el padre de la m\u00fasica cl\u00e1sica impresionista, el compositor franc\u00e9s Claude Debussy, odiaba dicho t\u00e9rmino \u201cimpresionista\u201d. Sin embargo, era dif\u00edcil no comparar sus obras maestras...","og_url":"https:\/\/www.theoxygenproject.com\/es\/hasta-las-profundidades-puede-la-musica-salvar-nuestro-oceano\/","og_site_name":"The Oxygen Project","article_publisher":"https:\/\/www.facebook.com\/theoxygenproj","article_published_time":"2020-12-02T16:31:37+00:00","og_image":[{"width":770,"height":450,"url":"https:\/\/www.theoxygenproject.com\/es\/wp-content\/uploads\/2020\/12\/vinilo.png","type":"image\/png"}],"author":"Pilar R\u00edos","twitter_card":"summary_large_image","twitter_creator":"@theoxygenproj","twitter_site":"@theoxygenproj","twitter_misc":{"Written by":"Pilar R\u00edos","Est. reading time":"1 minute"},"schema":{"@context":"https:\/\/schema.org","@graph":[{"@type":"Article","@id":"https:\/\/www.theoxygenproject.com\/es\/hasta-las-profundidades-puede-la-musica-salvar-nuestro-oceano\/#article","isPartOf":{"@id":"https:\/\/www.theoxygenproject.com\/es\/hasta-las-profundidades-puede-la-musica-salvar-nuestro-oceano\/"},"author":{"name":"Pilar R\u00edos","@id":"https:\/\/www.theoxygenproject.com\/es\/#\/schema\/person\/fd1d50a727859a9283fdd988aca8d8fb"},"headline":"Hasta las profundidades: \u00bfPuede la m\u00fasica cambiar nuestro oc\u00e9ano?","datePublished":"2020-12-02T16:31:37+00:00","mainEntityOfPage":{"@id":"https:\/\/www.theoxygenproject.com\/es\/hasta-las-profundidades-puede-la-musica-salvar-nuestro-oceano\/"},"wordCount":252,"publisher":{"@id":"https:\/\/www.theoxygenproject.com\/es\/#organization"},"image":{"@id":"https:\/\/www.theoxygenproject.com\/es\/hasta-las-profundidades-puede-la-musica-salvar-nuestro-oceano\/#primaryimage"},"thumbnailUrl":"https:\/\/www.theoxygenproject.com\/es\/wp-content\/uploads\/2020\/12\/vinilo.png","articleSection":["Acci\u00f3n Clim\u00e1tica","Agua","Defend The Deep","Soluciones"],"inLanguage":"en-US"},{"@type":"WebPage","@id":"https:\/\/www.theoxygenproject.com\/es\/hasta-las-profundidades-puede-la-musica-salvar-nuestro-oceano\/","url":"https:\/\/www.theoxygenproject.com\/es\/hasta-las-profundidades-puede-la-musica-salvar-nuestro-oceano\/","name":"Hasta las profundidades: \u00bfPuede la m\u00fasica cambiar nuestro oc\u00e9ano? - The Oxygen Project","isPartOf":{"@id":"https:\/\/www.theoxygenproject.com\/es\/#website"},"primaryImageOfPage":{"@id":"https:\/\/www.theoxygenproject.com\/es\/hasta-las-profundidades-puede-la-musica-salvar-nuestro-oceano\/#primaryimage"},"image":{"@id":"https:\/\/www.theoxygenproject.com\/es\/hasta-las-profundidades-puede-la-musica-salvar-nuestro-oceano\/#primaryimage"},"thumbnailUrl":"https:\/\/www.theoxygenproject.com\/es\/wp-content\/uploads\/2020\/12\/vinilo.png","datePublished":"2020-12-02T16:31:37+00:00","breadcrumb":{"@id":"https:\/\/www.theoxygenproject.com\/es\/hasta-las-profundidades-puede-la-musica-salvar-nuestro-oceano\/#breadcrumb"},"inLanguage":"en-US","potentialAction":[{"@type":"ReadAction","target":["https:\/\/www.theoxygenproject.com\/es\/hasta-las-profundidades-puede-la-musica-salvar-nuestro-oceano\/"]}]},{"@type":"ImageObject","inLanguage":"en-US","@id":"https:\/\/www.theoxygenproject.com\/es\/hasta-las-profundidades-puede-la-musica-salvar-nuestro-oceano\/#primaryimage","url":"https:\/\/www.theoxygenproject.com\/es\/wp-content\/uploads\/2020\/12\/vinilo.png","contentUrl":"https:\/\/www.theoxygenproject.com\/es\/wp-content\/uploads\/2020\/12\/vinilo.png","width":770,"height":450},{"@type":"BreadcrumbList","@id":"https:\/\/www.theoxygenproject.com\/es\/hasta-las-profundidades-puede-la-musica-salvar-nuestro-oceano\/#breadcrumb","itemListElement":[{"@type":"ListItem","position":1,"name":"Home","item":"https:\/\/www.theoxygenproject.com\/es\/"},{"@type":"ListItem","position":2,"name":"Hasta las profundidades: \u00bfPuede la m\u00fasica cambiar nuestro oc\u00e9ano?"}]},{"@type":"WebSite","@id":"https:\/\/www.theoxygenproject.com\/es\/#website","url":"https:\/\/www.theoxygenproject.com\/es\/","name":"The Oxygen Project","description":"","publisher":{"@id":"https:\/\/www.theoxygenproject.com\/es\/#organization"},"potentialAction":[{"@type":"SearchAction","target":{"@type":"EntryPoint","urlTemplate":"https:\/\/www.theoxygenproject.com\/es\/?s={search_term_string}"},"query-input":{"@type":"PropertyValueSpecification","valueRequired":true,"valueName":"search_term_string"}}],"inLanguage":"en-US"},{"@type":"Organization","@id":"https:\/\/www.theoxygenproject.com\/es\/#organization","name":"The Oxygen Project","url":"https:\/\/www.theoxygenproject.com\/es\/","logo":{"@type":"ImageObject","inLanguage":"en-US","@id":"https:\/\/www.theoxygenproject.com\/es\/#\/schema\/logo\/image\/","url":"https:\/\/www.theoxygenproject.com\/es\/wp-content\/uploads\/2024\/05\/top-logo-dark.png","contentUrl":"https:\/\/www.theoxygenproject.com\/es\/wp-content\/uploads\/2024\/05\/top-logo-dark.png","width":384,"height":256,"caption":"The Oxygen Project"},"image":{"@id":"https:\/\/www.theoxygenproject.com\/es\/#\/schema\/logo\/image\/"},"sameAs":["https:\/\/www.facebook.com\/theoxygenproj","https:\/\/x.com\/theoxygenproj"]},{"@type":"Person","@id":"https:\/\/www.theoxygenproject.com\/es\/#\/schema\/person\/fd1d50a727859a9283fdd988aca8d8fb","name":"Pilar R\u00edos","image":{"@type":"ImageObject","inLanguage":"en-US","@id":"https:\/\/secure.gravatar.com\/avatar\/cb4cf509d6c8cf9193108e3149294241c2397964dbeb5a2a6e6b0a4a4127fc37?s=96&d=mm&r=g","url":"https:\/\/secure.gravatar.com\/avatar\/cb4cf509d6c8cf9193108e3149294241c2397964dbeb5a2a6e6b0a4a4127fc37?s=96&d=mm&r=g","contentUrl":"https:\/\/secure.gravatar.com\/avatar\/cb4cf509d6c8cf9193108e3149294241c2397964dbeb5a2a6e6b0a4a4127fc37?s=96&d=mm&r=g","caption":"Pilar R\u00edos"},"url":"https:\/\/www.theoxygenproject.com\/es\/author\/admin-2\/"}]}},"_links":{"self":[{"href":"https:\/\/www.theoxygenproject.com\/es\/wp-json\/wp\/v2\/posts\/778","targetHints":{"allow":["GET"]}}],"collection":[{"href":"https:\/\/www.theoxygenproject.com\/es\/wp-json\/wp\/v2\/posts"}],"about":[{"href":"https:\/\/www.theoxygenproject.com\/es\/wp-json\/wp\/v2\/types\/post"}],"author":[{"embeddable":true,"href":"https:\/\/www.theoxygenproject.com\/es\/wp-json\/wp\/v2\/users\/3"}],"replies":[{"embeddable":true,"href":"https:\/\/www.theoxygenproject.com\/es\/wp-json\/wp\/v2\/comments?post=778"}],"version-history":[{"count":0,"href":"https:\/\/www.theoxygenproject.com\/es\/wp-json\/wp\/v2\/posts\/778\/revisions"}],"wp:featuredmedia":[{"embeddable":true,"href":"https:\/\/www.theoxygenproject.com\/es\/wp-json\/wp\/v2\/media\/779"}],"wp:attachment":[{"href":"https:\/\/www.theoxygenproject.com\/es\/wp-json\/wp\/v2\/media?parent=778"}],"wp:term":[{"taxonomy":"category","embeddable":true,"href":"https:\/\/www.theoxygenproject.com\/es\/wp-json\/wp\/v2\/categories?post=778"},{"taxonomy":"post_tag","embeddable":true,"href":"https:\/\/www.theoxygenproject.com\/es\/wp-json\/wp\/v2\/tags?post=778"}],"curies":[{"name":"wp","href":"https:\/\/api.w.org\/{rel}","templated":true}]}}