{"id":770,"date":"2020-11-20T22:38:49","date_gmt":"2020-11-20T19:38:49","guid":{"rendered":"https:\/\/www.theoxygenproject.com\/es\/?p=770"},"modified":"2020-11-20T22:38:49","modified_gmt":"2020-11-20T19:38:49","slug":"conversaciones-para-que-la-mineria-submarina-no-se-convierta-en-una-catastrofe-planetaria","status":"publish","type":"post","link":"https:\/\/www.theoxygenproject.com\/es\/conversaciones-para-que-la-mineria-submarina-no-se-convierta-en-una-catastrofe-planetaria\/","title":{"rendered":"Conversaciones para que la miner\u00eda submarina no se convierta en una cat\u00e1strofe planetaria"},"content":{"rendered":"<h5><em>Por Pilar R\u00edos F.<\/em><\/h5>\n<p><span style=\"font-weight: 400;\">Esta semana hemos participado de la Primera Cumbre Latinoamericana de J\u00f3venes L\u00edderes SOA, para seguir trabajando por la conservaci\u00f3n de nuestros oc\u00e9anos y despertar el liderazgo de otros, y de esta manera estar m\u00e1s unidos y conectados que nunca. Con grandes expositores de diferentes pa\u00edses, se trataron problem\u00e1ticas oce\u00e1nicas y c\u00f3mo los j\u00f3venes est\u00e1n enfrentando esta crisis.\u00a0<\/span><\/p>\n<p><span style=\"font-weight: 400;\">En este contexto The Oxygen Project no pod\u00eda faltar, integrando el panel de miner\u00eda submarina con Ryon Harms, nuestro director de redes sociales. Los temas centrales fueron 1) la problem\u00e1tica que supone la miner\u00eda submarina a nivel global, 2) la importancia de priorizar el cuidado y protecci\u00f3n de los fondos marinos por sobre cualquier tipo de exploraci\u00f3n y explotaci\u00f3n; y 3) c\u00f3mo esta industria extractiva puede terminar con la biodiversidad de los fondos marinos.<\/span><\/p>\n<p><span style=\"font-weight: 400;\">El panel moderado por Joseph Julca Mendoza, bi\u00f3logo marino, fue integrado por Emily Tewes, administradora de la comunidad SOA, Sandor Mulsow profesor de la Universidad Austral de Chile y nuestro representante de The Oxygen Project Ryon Harms.<\/span><\/p>\n<p>&nbsp;<\/p>\n","protected":false},"excerpt":{"rendered":"<p>Por Pilar R\u00edos F. Esta semana hemos participado de la Primera Cumbre Latinoamericana de J\u00f3venes L\u00edderes SOA, para seguir trabajando por la conservaci\u00f3n de nuestros oc\u00e9anos y despertar el liderazgo&#8230;<\/p>\n","protected":false},"author":3,"featured_media":772,"comment_status":"closed","ping_status":"closed","sticky":false,"template":"","format":"standard","meta":{"_mo_disable_npp":"","footnotes":""},"categories":[3,10,7,4],"tags":[],"class_list":["post-770","post","type-post","status-publish","format-standard","has-post-thumbnail","hentry","category-accion-climatica","category-agua","category-fondo-marino","category-voces"],"yoast_head":"<!-- This site is optimized with the Yoast SEO plugin v28.3 - https:\/\/yoast.com\/product\/yoast-seo-wordpress\/ -->\n<title>Conversaciones para que la miner\u00eda submarina no se convierta en una cat\u00e1strofe planetaria - The Oxygen Project<\/title>\n<meta name=\"robots\" content=\"index, follow, max-snippet:-1, max-image-preview:large, max-video-preview:-1\" \/>\n<link rel=\"canonical\" href=\"https:\/\/www.theoxygenproject.com\/es\/conversaciones-para-que-la-mineria-submarina-no-se-convierta-en-una-catastrofe-planetaria\/\" \/>\n<meta property=\"og:locale\" content=\"en_US\" \/>\n<meta property=\"og:type\" content=\"article\" \/>\n<meta property=\"og:title\" content=\"Conversaciones para que la miner\u00eda submarina no se convierta en una cat\u00e1strofe planetaria - The Oxygen Project\" \/>\n<meta property=\"og:description\" content=\"Por Pilar R\u00edos F. Esta semana hemos participado de la Primera Cumbre Latinoamericana de J\u00f3venes L\u00edderes SOA, para seguir trabajando por la conservaci\u00f3n de nuestros oc\u00e9anos y despertar el liderazgo...\" \/>\n<meta property=\"og:url\" content=\"https:\/\/www.theoxygenproject.com\/es\/conversaciones-para-que-la-mineria-submarina-no-se-convierta-en-una-catastrofe-planetaria\/\" \/>\n<meta property=\"og:site_name\" content=\"The Oxygen Project\" \/>\n<meta property=\"article:publisher\" content=\"https:\/\/www.facebook.com\/theoxygenproj\" \/>\n<meta property=\"article:published_time\" content=\"2020-11-20T19:38:49+00:00\" \/>\n<meta property=\"og:image\" content=\"https:\/\/www.theoxygenproject.com\/es\/wp-content\/uploads\/2020\/11\/ryon-2_Mesa-de-trabajo-1.png\" \/>\n\t<meta property=\"og:image:width\" content=\"591\" \/>\n\t<meta property=\"og:image:height\" content=\"591\" \/>\n\t<meta property=\"og:image:type\" content=\"image\/png\" \/>\n<meta name=\"author\" content=\"Pilar R\u00edos\" \/>\n<meta name=\"twitter:card\" content=\"summary_large_image\" \/>\n<meta name=\"twitter:creator\" content=\"@theoxygenproj\" \/>\n<meta name=\"twitter:site\" content=\"@theoxygenproj\" \/>\n<meta name=\"twitter:label1\" content=\"Written by\" \/>\n\t<meta name=\"twitter:data1\" content=\"Pilar R\u00edos\" \/>\n\t<meta name=\"twitter:label2\" content=\"Est. reading time\" \/>\n\t<meta name=\"twitter:data2\" content=\"1 minute\" \/>\n<script type=\"application\/ld+json\" class=\"yoast-schema-graph\">{\"@context\":\"https:\\\/\\\/schema.org\",\"@graph\":[{\"@type\":\"Article\",\"@id\":\"https:\\\/\\\/www.theoxygenproject.com\\\/es\\\/conversaciones-para-que-la-mineria-submarina-no-se-convierta-en-una-catastrofe-planetaria\\\/#article\",\"isPartOf\":{\"@id\":\"https:\\\/\\\/www.theoxygenproject.com\\\/es\\\/conversaciones-para-que-la-mineria-submarina-no-se-convierta-en-una-catastrofe-planetaria\\\/\"},\"author\":{\"name\":\"Pilar R\u00edos\",\"@id\":\"https:\\\/\\\/www.theoxygenproject.com\\\/es\\\/#\\\/schema\\\/person\\\/fd1d50a727859a9283fdd988aca8d8fb\"},\"headline\":\"Conversaciones para que la miner\u00eda submarina no se convierta en una cat\u00e1strofe planetaria\",\"datePublished\":\"2020-11-20T19:38:49+00:00\",\"mainEntityOfPage\":{\"@id\":\"https:\\\/\\\/www.theoxygenproject.com\\\/es\\\/conversaciones-para-que-la-mineria-submarina-no-se-convierta-en-una-catastrofe-planetaria\\\/\"},\"wordCount\":206,\"publisher\":{\"@id\":\"https:\\\/\\\/www.theoxygenproject.com\\\/es\\\/#organization\"},\"image\":{\"@id\":\"https:\\\/\\\/www.theoxygenproject.com\\\/es\\\/conversaciones-para-que-la-mineria-submarina-no-se-convierta-en-una-catastrofe-planetaria\\\/#primaryimage\"},\"thumbnailUrl\":\"https:\\\/\\\/www.theoxygenproject.com\\\/es\\\/wp-content\\\/uploads\\\/2020\\\/11\\\/ryon-2_Mesa-de-trabajo-1.png\",\"articleSection\":[\"Acci\u00f3n Clim\u00e1tica\",\"Agua\",\"Defend The Deep\",\"Defensores\"],\"inLanguage\":\"en-US\"},{\"@type\":\"WebPage\",\"@id\":\"https:\\\/\\\/www.theoxygenproject.com\\\/es\\\/conversaciones-para-que-la-mineria-submarina-no-se-convierta-en-una-catastrofe-planetaria\\\/\",\"url\":\"https:\\\/\\\/www.theoxygenproject.com\\\/es\\\/conversaciones-para-que-la-mineria-submarina-no-se-convierta-en-una-catastrofe-planetaria\\\/\",\"name\":\"Conversaciones para que la miner\u00eda submarina no se convierta en una cat\u00e1strofe planetaria - The Oxygen Project\",\"isPartOf\":{\"@id\":\"https:\\\/\\\/www.theoxygenproject.com\\\/es\\\/#website\"},\"primaryImageOfPage\":{\"@id\":\"https:\\\/\\\/www.theoxygenproject.com\\\/es\\\/conversaciones-para-que-la-mineria-submarina-no-se-convierta-en-una-catastrofe-planetaria\\\/#primaryimage\"},\"image\":{\"@id\":\"https:\\\/\\\/www.theoxygenproject.com\\\/es\\\/conversaciones-para-que-la-mineria-submarina-no-se-convierta-en-una-catastrofe-planetaria\\\/#primaryimage\"},\"thumbnailUrl\":\"https:\\\/\\\/www.theoxygenproject.com\\\/es\\\/wp-content\\\/uploads\\\/2020\\\/11\\\/ryon-2_Mesa-de-trabajo-1.png\",\"datePublished\":\"2020-11-20T19:38:49+00:00\",\"breadcrumb\":{\"@id\":\"https:\\\/\\\/www.theoxygenproject.com\\\/es\\\/conversaciones-para-que-la-mineria-submarina-no-se-convierta-en-una-catastrofe-planetaria\\\/#breadcrumb\"},\"inLanguage\":\"en-US\",\"potentialAction\":[{\"@type\":\"ReadAction\",\"target\":[\"https:\\\/\\\/www.theoxygenproject.com\\\/es\\\/conversaciones-para-que-la-mineria-submarina-no-se-convierta-en-una-catastrofe-planetaria\\\/\"]}]},{\"@type\":\"ImageObject\",\"inLanguage\":\"en-US\",\"@id\":\"https:\\\/\\\/www.theoxygenproject.com\\\/es\\\/conversaciones-para-que-la-mineria-submarina-no-se-convierta-en-una-catastrofe-planetaria\\\/#primaryimage\",\"url\":\"https:\\\/\\\/www.theoxygenproject.com\\\/es\\\/wp-content\\\/uploads\\\/2020\\\/11\\\/ryon-2_Mesa-de-trabajo-1.png\",\"contentUrl\":\"https:\\\/\\\/www.theoxygenproject.com\\\/es\\\/wp-content\\\/uploads\\\/2020\\\/11\\\/ryon-2_Mesa-de-trabajo-1.png\",\"width\":591,\"height\":591},{\"@type\":\"BreadcrumbList\",\"@id\":\"https:\\\/\\\/www.theoxygenproject.com\\\/es\\\/conversaciones-para-que-la-mineria-submarina-no-se-convierta-en-una-catastrofe-planetaria\\\/#breadcrumb\",\"itemListElement\":[{\"@type\":\"ListItem\",\"position\":1,\"name\":\"Home\",\"item\":\"https:\\\/\\\/www.theoxygenproject.com\\\/es\\\/\"},{\"@type\":\"ListItem\",\"position\":2,\"name\":\"Conversaciones para que la miner\u00eda submarina no se convierta en una cat\u00e1strofe planetaria\"}]},{\"@type\":\"WebSite\",\"@id\":\"https:\\\/\\\/www.theoxygenproject.com\\\/es\\\/#website\",\"url\":\"https:\\\/\\\/www.theoxygenproject.com\\\/es\\\/\",\"name\":\"The Oxygen Project\",\"description\":\"\",\"publisher\":{\"@id\":\"https:\\\/\\\/www.theoxygenproject.com\\\/es\\\/#organization\"},\"potentialAction\":[{\"@type\":\"SearchAction\",\"target\":{\"@type\":\"EntryPoint\",\"urlTemplate\":\"https:\\\/\\\/www.theoxygenproject.com\\\/es\\\/?s={search_term_string}\"},\"query-input\":{\"@type\":\"PropertyValueSpecification\",\"valueRequired\":true,\"valueName\":\"search_term_string\"}}],\"inLanguage\":\"en-US\"},{\"@type\":\"Organization\",\"@id\":\"https:\\\/\\\/www.theoxygenproject.com\\\/es\\\/#organization\",\"name\":\"The Oxygen Project\",\"url\":\"https:\\\/\\\/www.theoxygenproject.com\\\/es\\\/\",\"logo\":{\"@type\":\"ImageObject\",\"inLanguage\":\"en-US\",\"@id\":\"https:\\\/\\\/www.theoxygenproject.com\\\/es\\\/#\\\/schema\\\/logo\\\/image\\\/\",\"url\":\"https:\\\/\\\/www.theoxygenproject.com\\\/es\\\/wp-content\\\/uploads\\\/2024\\\/05\\\/top-logo-dark.png\",\"contentUrl\":\"https:\\\/\\\/www.theoxygenproject.com\\\/es\\\/wp-content\\\/uploads\\\/2024\\\/05\\\/top-logo-dark.png\",\"width\":384,\"height\":256,\"caption\":\"The Oxygen Project\"},\"image\":{\"@id\":\"https:\\\/\\\/www.theoxygenproject.com\\\/es\\\/#\\\/schema\\\/logo\\\/image\\\/\"},\"sameAs\":[\"https:\\\/\\\/www.facebook.com\\\/theoxygenproj\",\"https:\\\/\\\/x.com\\\/theoxygenproj\"]},{\"@type\":\"Person\",\"@id\":\"https:\\\/\\\/www.theoxygenproject.com\\\/es\\\/#\\\/schema\\\/person\\\/fd1d50a727859a9283fdd988aca8d8fb\",\"name\":\"Pilar R\u00edos\",\"image\":{\"@type\":\"ImageObject\",\"inLanguage\":\"en-US\",\"@id\":\"https:\\\/\\\/secure.gravatar.com\\\/avatar\\\/cb4cf509d6c8cf9193108e3149294241c2397964dbeb5a2a6e6b0a4a4127fc37?s=96&d=mm&r=g\",\"url\":\"https:\\\/\\\/secure.gravatar.com\\\/avatar\\\/cb4cf509d6c8cf9193108e3149294241c2397964dbeb5a2a6e6b0a4a4127fc37?s=96&d=mm&r=g\",\"contentUrl\":\"https:\\\/\\\/secure.gravatar.com\\\/avatar\\\/cb4cf509d6c8cf9193108e3149294241c2397964dbeb5a2a6e6b0a4a4127fc37?s=96&d=mm&r=g\",\"caption\":\"Pilar R\u00edos\"},\"url\":\"https:\\\/\\\/www.theoxygenproject.com\\\/es\\\/author\\\/admin-2\\\/\"}]}<\/script>\n<!-- \/ Yoast SEO plugin. -->","yoast_head_json":{"title":"Conversaciones para que la miner\u00eda submarina no se convierta en una cat\u00e1strofe planetaria - The Oxygen Project","robots":{"index":"index","follow":"follow","max-snippet":"max-snippet:-1","max-image-preview":"max-image-preview:large","max-video-preview":"max-video-preview:-1"},"canonical":"https:\/\/www.theoxygenproject.com\/es\/conversaciones-para-que-la-mineria-submarina-no-se-convierta-en-una-catastrofe-planetaria\/","og_locale":"en_US","og_type":"article","og_title":"Conversaciones para que la miner\u00eda submarina no se convierta en una cat\u00e1strofe planetaria - The Oxygen Project","og_description":"Por Pilar R\u00edos F. Esta semana hemos participado de la Primera Cumbre Latinoamericana de J\u00f3venes L\u00edderes SOA, para seguir trabajando por la conservaci\u00f3n de nuestros oc\u00e9anos y despertar el liderazgo...","og_url":"https:\/\/www.theoxygenproject.com\/es\/conversaciones-para-que-la-mineria-submarina-no-se-convierta-en-una-catastrofe-planetaria\/","og_site_name":"The Oxygen Project","article_publisher":"https:\/\/www.facebook.com\/theoxygenproj","article_published_time":"2020-11-20T19:38:49+00:00","og_image":[{"width":591,"height":591,"url":"https:\/\/www.theoxygenproject.com\/es\/wp-content\/uploads\/2020\/11\/ryon-2_Mesa-de-trabajo-1.png","type":"image\/png"}],"author":"Pilar R\u00edos","twitter_card":"summary_large_image","twitter_creator":"@theoxygenproj","twitter_site":"@theoxygenproj","twitter_misc":{"Written by":"Pilar R\u00edos","Est. reading time":"1 minute"},"schema":{"@context":"https:\/\/schema.org","@graph":[{"@type":"Article","@id":"https:\/\/www.theoxygenproject.com\/es\/conversaciones-para-que-la-mineria-submarina-no-se-convierta-en-una-catastrofe-planetaria\/#article","isPartOf":{"@id":"https:\/\/www.theoxygenproject.com\/es\/conversaciones-para-que-la-mineria-submarina-no-se-convierta-en-una-catastrofe-planetaria\/"},"author":{"name":"Pilar R\u00edos","@id":"https:\/\/www.theoxygenproject.com\/es\/#\/schema\/person\/fd1d50a727859a9283fdd988aca8d8fb"},"headline":"Conversaciones para que la miner\u00eda submarina no se convierta en una cat\u00e1strofe planetaria","datePublished":"2020-11-20T19:38:49+00:00","mainEntityOfPage":{"@id":"https:\/\/www.theoxygenproject.com\/es\/conversaciones-para-que-la-mineria-submarina-no-se-convierta-en-una-catastrofe-planetaria\/"},"wordCount":206,"publisher":{"@id":"https:\/\/www.theoxygenproject.com\/es\/#organization"},"image":{"@id":"https:\/\/www.theoxygenproject.com\/es\/conversaciones-para-que-la-mineria-submarina-no-se-convierta-en-una-catastrofe-planetaria\/#primaryimage"},"thumbnailUrl":"https:\/\/www.theoxygenproject.com\/es\/wp-content\/uploads\/2020\/11\/ryon-2_Mesa-de-trabajo-1.png","articleSection":["Acci\u00f3n Clim\u00e1tica","Agua","Defend The Deep","Defensores"],"inLanguage":"en-US"},{"@type":"WebPage","@id":"https:\/\/www.theoxygenproject.com\/es\/conversaciones-para-que-la-mineria-submarina-no-se-convierta-en-una-catastrofe-planetaria\/","url":"https:\/\/www.theoxygenproject.com\/es\/conversaciones-para-que-la-mineria-submarina-no-se-convierta-en-una-catastrofe-planetaria\/","name":"Conversaciones para que la miner\u00eda submarina no se convierta en una cat\u00e1strofe planetaria - The Oxygen Project","isPartOf":{"@id":"https:\/\/www.theoxygenproject.com\/es\/#website"},"primaryImageOfPage":{"@id":"https:\/\/www.theoxygenproject.com\/es\/conversaciones-para-que-la-mineria-submarina-no-se-convierta-en-una-catastrofe-planetaria\/#primaryimage"},"image":{"@id":"https:\/\/www.theoxygenproject.com\/es\/conversaciones-para-que-la-mineria-submarina-no-se-convierta-en-una-catastrofe-planetaria\/#primaryimage"},"thumbnailUrl":"https:\/\/www.theoxygenproject.com\/es\/wp-content\/uploads\/2020\/11\/ryon-2_Mesa-de-trabajo-1.png","datePublished":"2020-11-20T19:38:49+00:00","breadcrumb":{"@id":"https:\/\/www.theoxygenproject.com\/es\/conversaciones-para-que-la-mineria-submarina-no-se-convierta-en-una-catastrofe-planetaria\/#breadcrumb"},"inLanguage":"en-US","potentialAction":[{"@type":"ReadAction","target":["https:\/\/www.theoxygenproject.com\/es\/conversaciones-para-que-la-mineria-submarina-no-se-convierta-en-una-catastrofe-planetaria\/"]}]},{"@type":"ImageObject","inLanguage":"en-US","@id":"https:\/\/www.theoxygenproject.com\/es\/conversaciones-para-que-la-mineria-submarina-no-se-convierta-en-una-catastrofe-planetaria\/#primaryimage","url":"https:\/\/www.theoxygenproject.com\/es\/wp-content\/uploads\/2020\/11\/ryon-2_Mesa-de-trabajo-1.png","contentUrl":"https:\/\/www.theoxygenproject.com\/es\/wp-content\/uploads\/2020\/11\/ryon-2_Mesa-de-trabajo-1.png","width":591,"height":591},{"@type":"BreadcrumbList","@id":"https:\/\/www.theoxygenproject.com\/es\/conversaciones-para-que-la-mineria-submarina-no-se-convierta-en-una-catastrofe-planetaria\/#breadcrumb","itemListElement":[{"@type":"ListItem","position":1,"name":"Home","item":"https:\/\/www.theoxygenproject.com\/es\/"},{"@type":"ListItem","position":2,"name":"Conversaciones para que la miner\u00eda submarina no se convierta en una cat\u00e1strofe planetaria"}]},{"@type":"WebSite","@id":"https:\/\/www.theoxygenproject.com\/es\/#website","url":"https:\/\/www.theoxygenproject.com\/es\/","name":"The Oxygen Project","description":"","publisher":{"@id":"https:\/\/www.theoxygenproject.com\/es\/#organization"},"potentialAction":[{"@type":"SearchAction","target":{"@type":"EntryPoint","urlTemplate":"https:\/\/www.theoxygenproject.com\/es\/?s={search_term_string}"},"query-input":{"@type":"PropertyValueSpecification","valueRequired":true,"valueName":"search_term_string"}}],"inLanguage":"en-US"},{"@type":"Organization","@id":"https:\/\/www.theoxygenproject.com\/es\/#organization","name":"The Oxygen Project","url":"https:\/\/www.theoxygenproject.com\/es\/","logo":{"@type":"ImageObject","inLanguage":"en-US","@id":"https:\/\/www.theoxygenproject.com\/es\/#\/schema\/logo\/image\/","url":"https:\/\/www.theoxygenproject.com\/es\/wp-content\/uploads\/2024\/05\/top-logo-dark.png","contentUrl":"https:\/\/www.theoxygenproject.com\/es\/wp-content\/uploads\/2024\/05\/top-logo-dark.png","width":384,"height":256,"caption":"The Oxygen Project"},"image":{"@id":"https:\/\/www.theoxygenproject.com\/es\/#\/schema\/logo\/image\/"},"sameAs":["https:\/\/www.facebook.com\/theoxygenproj","https:\/\/x.com\/theoxygenproj"]},{"@type":"Person","@id":"https:\/\/www.theoxygenproject.com\/es\/#\/schema\/person\/fd1d50a727859a9283fdd988aca8d8fb","name":"Pilar R\u00edos","image":{"@type":"ImageObject","inLanguage":"en-US","@id":"https:\/\/secure.gravatar.com\/avatar\/cb4cf509d6c8cf9193108e3149294241c2397964dbeb5a2a6e6b0a4a4127fc37?s=96&d=mm&r=g","url":"https:\/\/secure.gravatar.com\/avatar\/cb4cf509d6c8cf9193108e3149294241c2397964dbeb5a2a6e6b0a4a4127fc37?s=96&d=mm&r=g","contentUrl":"https:\/\/secure.gravatar.com\/avatar\/cb4cf509d6c8cf9193108e3149294241c2397964dbeb5a2a6e6b0a4a4127fc37?s=96&d=mm&r=g","caption":"Pilar R\u00edos"},"url":"https:\/\/www.theoxygenproject.com\/es\/author\/admin-2\/"}]}},"_links":{"self":[{"href":"https:\/\/www.theoxygenproject.com\/es\/wp-json\/wp\/v2\/posts\/770","targetHints":{"allow":["GET"]}}],"collection":[{"href":"https:\/\/www.theoxygenproject.com\/es\/wp-json\/wp\/v2\/posts"}],"about":[{"href":"https:\/\/www.theoxygenproject.com\/es\/wp-json\/wp\/v2\/types\/post"}],"author":[{"embeddable":true,"href":"https:\/\/www.theoxygenproject.com\/es\/wp-json\/wp\/v2\/users\/3"}],"replies":[{"embeddable":true,"href":"https:\/\/www.theoxygenproject.com\/es\/wp-json\/wp\/v2\/comments?post=770"}],"version-history":[{"count":0,"href":"https:\/\/www.theoxygenproject.com\/es\/wp-json\/wp\/v2\/posts\/770\/revisions"}],"wp:featuredmedia":[{"embeddable":true,"href":"https:\/\/www.theoxygenproject.com\/es\/wp-json\/wp\/v2\/media\/772"}],"wp:attachment":[{"href":"https:\/\/www.theoxygenproject.com\/es\/wp-json\/wp\/v2\/media?parent=770"}],"wp:term":[{"taxonomy":"category","embeddable":true,"href":"https:\/\/www.theoxygenproject.com\/es\/wp-json\/wp\/v2\/categories?post=770"},{"taxonomy":"post_tag","embeddable":true,"href":"https:\/\/www.theoxygenproject.com\/es\/wp-json\/wp\/v2\/tags?post=770"}],"curies":[{"name":"wp","href":"https:\/\/api.w.org\/{rel}","templated":true}]}}