{"id":746,"date":"2020-10-04T04:29:42","date_gmt":"2020-10-04T01:29:42","guid":{"rendered":"https:\/\/www.theoxygenproject.com\/es\/?p=746"},"modified":"2020-10-04T04:29:42","modified_gmt":"2020-10-04T01:29:42","slug":"las-tribus-indigenas-se-preparan-para-la-degradacion-cultural-a-causa-de-la-mineria-submarina","status":"publish","type":"post","link":"https:\/\/www.theoxygenproject.com\/es\/las-tribus-indigenas-se-preparan-para-la-degradacion-cultural-a-causa-de-la-mineria-submarina\/","title":{"rendered":"Las tribus ind\u00edgenas se preparan para la degradaci\u00f3n cultural a causa de la miner\u00eda submarina\u00a0\u00a0"},"content":{"rendered":"<h5>By: Fidelis Zvomuya<\/h5>\n<h6><b>Lee el art\u00edculo en ingles: <\/b><a href=\"https:\/\/www.theoxygenproject.com\/post\/indigenous-tribes-prepare-for-deep-sea-minings-cultural-degradation\/\"><b>https:\/\/www.theoxygenproject.com\/post\/indigenous-tribes-prepare-for-deep-sea-minings-cultural-degradation\/<\/b><\/a><\/h6>\n<p><span style=\"font-weight: 400;\">Las tribus ind\u00edgenas de Sud\u00e1frica tienen una premonici\u00f3n sobre la miner\u00eda submarina\u00a0 pr\u00f3xima a realizarse en sus aguas costeras. La predicci\u00f3n: <\/span><b>La miner\u00eda destruir\u00e1 la vida marina, amenazando su identidad cultural.\u00a0<\/b><\/p>\n<p><span style=\"font-weight: 400;\">&#8220;Cuando la vida marina muere, nuestros esp\u00edritus tambi\u00e9n mueren&#8221;, explic\u00f3 Peterson Englebrecht,\u00a0 l\u00edder khoisan. &#8220;La creencia en la vida marina despu\u00e9s de la muerte es nuestra creencia.&#8221; El cielo no est\u00e1 arriba, sino que est\u00e1 en el mar. Estas creencias son una verdad para Englebrecht y toda la comunidad de la aldea de Kassiesbaai en Arniston del Cabo Occidental en Sud\u00e1frica.\u00a0<\/span><\/p>\n<p><span style=\"font-weight: 400;\">La miner\u00eda en aguas profundas es un golpe a nuestra identidad cultural, a\u00f1adi\u00f3 Englebrecht. Es un hecho, a pesar de la advertencia de los cient\u00edficos, los activistas culturales y las organizaciones no gubernamentales.\u00a0\u00a0<\/span><\/p>\n<p><span style=\"font-weight: 400;\">La aldea de Kassiesbaai est\u00e1 incluida en los derechos de prospecci\u00f3n de fosfato marino y se asign\u00f3 a tres empresas en 2012 y 2014. Estas compa\u00f1\u00edas incluyen Green Flash Trading 251 (Pty) Ltd (GFT 251), Green Flash Trading 257 (Pty) Ltd (GFT 257) y Diamond Fields International Ltd (DFI Ltd).\u00a0<\/span><\/p>\n<p><span style=\"font-weight: 400;\">La aldea es el \u00fanico pueblo pesquero hist\u00f3rico que queda en el pa\u00eds, el cual data de 1905. Tiene una poblaci\u00f3n de 1.677 habitantes y m\u00e1s del 90 por ciento de los hogares dependen al 100 por ciento de los recursos marinos. El nombre &#8220;Kassiesbaai&#8221; en afrikaans significa &#8220;bah\u00eda de las cajitas&#8221;, porque las casas de los pescadores, cubiertas de paja intercaladas, parecen cajas desde lejos.<\/span><\/p>\n<p><span style=\"font-weight: 400;\">Las ceremonias tradicionales refuerzan la conexi\u00f3n entre los pobladores y el mar, a\u00f1adi\u00f3 Englebrecht. El pueblo Khoisan tiene una creencia compleja con respecto al agua. Ven el agua de mar como la esencia de la vida espiritual y f\u00edsica. Es un elemento importante para llevar a cabo rituales que ayuden a la comunicaci\u00f3n con el mundo de los esp\u00edritus. El mar, seg\u00fan Englebrecht, &#8220;es una fuerza viva que tiene el poder de transformar a la gente de un estado a otro a nivel espiritual y f\u00edsico&#8221;.<\/span><\/p>\n<p><span style=\"font-weight: 400;\">&#8220;Esto es desarmonizar a nuestra cultura. Este mar es nuestra cultura. S\u00e9 que suena cursi, pero es verdad. Primero ser\u00e1 la p\u00e9rdida de alimentos. Luego la relaci\u00f3n con el agua&#8221;, dijo Englebrecht.<\/span><\/p>\n<p><span style=\"font-weight: 400;\">El total de las zonas de explotaci\u00f3n asignadas es de aproximadamente 150.000 km, lo que representa el 10% de la zona econ\u00f3mica exclusiva de Sud\u00e1frica. Esta zona tiene varias huellas de pesca existentes, ecosistemas en peligro cr\u00edtico y h\u00e1bitats destinados a la protecci\u00f3n en zonas marinas protegidas en alta mar.\u00a0\u00a0<\/span><\/p>\n<p><span style=\"font-weight: 400;\">Sud\u00e1frica tiene 8.050 pescadores de peque\u00f1a escala y 1.660 est\u00e1n localizados en esta zona. Estos pescadores dependen directamente de los ecosistemas marinos sanos para su subsistencia, nutrici\u00f3n, seguridad alimentaria e ingresos. Tambi\u00e9n desempe\u00f1an un papel fundamental en la creaci\u00f3n de empleo y el acceso a las prote\u00ednas en las comunidades costeras.\u00a0<\/span><\/p>\n<p><b>La extracci\u00f3n de fosfatos y su da\u00f1o al ecosistema<\/b><span style=\"font-weight: 400;\">\u00a0<\/span><\/p>\n<p><span style=\"font-weight: 400;\">La extracci\u00f3n minera del fosfato ha dejado un grave problema de contaminaci\u00f3n. Seg\u00fan los cient\u00edficos, esto se debe a que la roca de fosfato contiene varios metales y elementos radiactivos.\u00a0<\/span><\/p>\n<p><span style=\"font-weight: 400;\">Es necesario invertir m\u00e1s en la ciencia relacionada con el oc\u00e9ano para apoyar la toma de decisiones acertadas con respecto a las profundidades marinas. Se sabe muy poco sobre los oc\u00e9anos. Sin embargo, se est\u00e1 considerando nuevas actividades en alta mar, como la extracci\u00f3n de fosfatos, nunca antes prevista.<\/span><\/p>\n<p><span style=\"font-weight: 400;\">La miner\u00eda es una actividad de car\u00e1cter no renovable. Una vez que se ha extra\u00eddo el fosfato, no se trabaja ni preserva m\u00e1s esa zona. Por el contrario, si la pesca se gestiona de forma sostenible, la seguridad alimentaria y laboral que proporciona puede durar muchas generaciones, seg\u00fan el cient\u00edfico marino Even Lunsche.<\/span><\/p>\n<p><span style=\"font-weight: 400;\">Lunsche dijo que la extracci\u00f3n de fosfatos del fondo marino es una gran preocupaci\u00f3n y debe ser considerada una amenaza. Declar\u00f3 que se deber\u00eda imponer una moratoria mientras se realizan nuevas evaluaciones ambientales y de riesgos.<\/span><\/p>\n<p><span style=\"font-weight: 400;\">&#8220;Los impactos ambientales de la miner\u00eda en el fondo marino podr\u00edan incluir la destrucci\u00f3n de los h\u00e1bitats bent\u00f3nicos o del fondo marino, la liberaci\u00f3n de metales pesados y otros materiales peligrosos como el sulfuro de hidr\u00f3geno atrapado en el fondo marino, la proliferaci\u00f3n de algas por la movilizaci\u00f3n de fosfatos, la contaminaci\u00f3n ac\u00fastica submarina y la reducci\u00f3n de la fotos\u00edntesis por la reducci\u00f3n de la penetraci\u00f3n de la luz&#8221;, dijo Lunsche.<\/span><\/p>\n<p><b>La miner\u00eda en Sud\u00e1frica<\/b><\/p>\n<p><span style=\"font-weight: 400;\">La miner\u00eda en general no ha sido amable con el ecosistema, las comunidades y la cultura del pueblo de Sud\u00e1frica. Desde las tierras secas de Limpopo hasta las franjas v\u00edrgenes de las zonas costeras, los seres humanos han esculpido la superficie terrestre en busca de minerales y metales.<\/span><\/p>\n<p><span style=\"font-weight: 400;\">Adem\u00e1s, el sector minero del pa\u00eds est\u00e1 manchado con sangre. Varios activistas han sido asesinados. En un informe conjunto publicado por el Centro de Derechos Ambientales, los activistas comunitarios de GroundWork, Earthjustice y Human Rights Watch se enfrentan al acoso, la intimidaci\u00f3n y la violencia.<\/span><\/p>\n<p><span style=\"font-weight: 400;\">El informe de 74 p\u00e1ginas, &#8220;Sabemos que nuestras vidas est\u00e1n en peligro: <\/span><a href=\"https:\/\/www.hrw.org\/es\/news\/2019\/04\/16\/sudafrica-hostigamiento-contra-activistas-en-zonas-mineras\"><span style=\"font-weight: 400;\">Environment of Fear in South Africa&#8217;s Mining-Affected Communities<\/span><\/a><span style=\"font-weight: 400;\">&#8220;, revela que los ataques y el acoso han creado una atm\u00f3sfera de temor para los miembros de la comunidad que se movilizan por el da\u00f1o a sus medios de vida debido a los riesgos ambientales y sanitarios de la miner\u00eda y las centrales el\u00e9ctricas de carb\u00f3n.<\/span><\/p>\n<p><b>La gente de Africa y su relaci\u00f3n con el oc\u00e9ano\u00a0<\/b><\/p>\n<p><span style=\"font-weight: 400;\">Aeneas Chigwedere es un pol\u00edtico, historiador, pedagogo y l\u00edder tradicional que dijo que el oc\u00e9ano es una tradici\u00f3n para los pueblos de \u00c1frica, quienes mantienen su cultura centrada en relaciones de larga data que permanecen arraigadas en la vida cotidiana.<\/span><b>\u00a0<\/b><\/p>\n<p><span style=\"font-weight: 400;\">Chigwedere dijo que el pueblo depende del mar para la pesca y las actividades culturales. &#8220;Muchas culturas de \u00c1frica tienen un fuerte sentido de administraci\u00f3n, orgullo y v\u00ednculo espiritual con el mar&#8221;, explic\u00f3 Chigwedere. &#8220;Comparten una conexi\u00f3n sagrada con \u00e9l y sus criaturas, de la que dependen para cumplir con su herencia cultural y espiritual. Los pueblos africanos y el oc\u00e9ano est\u00e1n vinculados ya que dependen del mar para la comida, el agua y el aire para nuestra supervivencia&#8221;.<\/span><b>\u00a0\u00a0<\/b><\/p>\n<p><span style=\"font-weight: 400;\">Disfrutan de la belleza del mar y utilizan el oc\u00e9ano para el transporte, los recursos y la recreaci\u00f3n.<\/span><\/p>\n<p><b>Preocupaciones y conclusiones de las organizaciones ambientales<\/b><\/p>\n<p><span style=\"font-weight: 400;\">La ciencia es clara. La miner\u00eda en aguas profundas impone una serie de amenazas a la sostenibilidad. En lugar de la miner\u00eda submarina, el pa\u00eds necesita una econom\u00eda circular que ponga el ecodise\u00f1o, la reutilizaci\u00f3n, la reparaci\u00f3n, el intercambio y el reciclaje.<\/span><\/p>\n<p><span style=\"font-weight: 400;\">Los estudios encargados por la Safeguard our Seabed Coalition (SOSC), una alianza de organizaciones no gubernamentales, advirtieron que la extracci\u00f3n de fosfatos marinos &#8220;tendr\u00eda efectos graves e irreversibles en los ecosistemas marinos y en los beneficios para los medios de subsistencia y la seguridad alimentaria de nuestra industria pesquera&#8221;.<\/span><\/p>\n<p><span style=\"font-weight: 400;\">La SOSC est\u00e1 tratando de conseguir una moratoria para la extracci\u00f3n de sedimentos marinos a granel en la zona econ\u00f3mica exclusiva de Sud\u00e1frica, hasta que se conozcan mejor sus repercusiones ambientales y sus efectos en las industrias renovables, como la pesca. <\/span><\/p>\n","protected":false},"excerpt":{"rendered":"<p>By: Fidelis Zvomuya Lee el art\u00edculo en ingles: https:\/\/www.theoxygenproject.com\/post\/indigenous-tribes-prepare-for-deep-sea-minings-cultural-degradation\/ Las tribus ind\u00edgenas de Sud\u00e1frica tienen una premonici\u00f3n sobre la miner\u00eda submarina\u00a0 pr\u00f3xima a realizarse en sus aguas costeras. La predicci\u00f3n:&#8230;<\/p>\n","protected":false},"author":3,"featured_media":310,"comment_status":"closed","ping_status":"closed","sticky":false,"template":"","format":"standard","meta":{"_mo_disable_npp":"","footnotes":""},"categories":[10,7],"tags":[],"class_list":["post-746","post","type-post","status-publish","format-standard","has-post-thumbnail","hentry","category-agua","category-fondo-marino"],"yoast_head":"<!-- This site is optimized with the Yoast SEO plugin v28.3 - https:\/\/yoast.com\/product\/yoast-seo-wordpress\/ -->\n<title>Las tribus ind\u00edgenas se preparan para la degradaci\u00f3n cultural a causa de la miner\u00eda submarina\u00a0\u00a0 - The Oxygen Project<\/title>\n<meta name=\"robots\" content=\"index, follow, max-snippet:-1, max-image-preview:large, max-video-preview:-1\" \/>\n<link rel=\"canonical\" href=\"https:\/\/www.theoxygenproject.com\/es\/las-tribus-indigenas-se-preparan-para-la-degradacion-cultural-a-causa-de-la-mineria-submarina\/\" \/>\n<meta property=\"og:locale\" content=\"en_US\" \/>\n<meta property=\"og:type\" content=\"article\" \/>\n<meta property=\"og:title\" content=\"Las tribus ind\u00edgenas se preparan para la degradaci\u00f3n cultural a causa de la miner\u00eda submarina\u00a0\u00a0 - The Oxygen Project\" \/>\n<meta property=\"og:description\" content=\"By: Fidelis Zvomuya Lee el art\u00edculo en ingles: https:\/\/www.theoxygenproject.com\/post\/indigenous-tribes-prepare-for-deep-sea-minings-cultural-degradation\/ Las tribus ind\u00edgenas de Sud\u00e1frica tienen una premonici\u00f3n sobre la miner\u00eda submarina\u00a0 pr\u00f3xima a realizarse en sus aguas costeras. La predicci\u00f3n:...\" \/>\n<meta property=\"og:url\" content=\"https:\/\/www.theoxygenproject.com\/es\/las-tribus-indigenas-se-preparan-para-la-degradacion-cultural-a-causa-de-la-mineria-submarina\/\" \/>\n<meta property=\"og:site_name\" content=\"The Oxygen Project\" \/>\n<meta property=\"article:publisher\" content=\"https:\/\/www.facebook.com\/theoxygenproj\" \/>\n<meta property=\"article:published_time\" content=\"2020-10-04T01:29:42+00:00\" \/>\n<meta property=\"og:image\" content=\"https:\/\/www.theoxygenproject.com\/es\/wp-content\/uploads\/2020\/05\/a27d24_0e388816e217452bafbbfff42000803bmv2.jpg\" \/>\n\t<meta property=\"og:image:width\" content=\"717\" \/>\n\t<meta property=\"og:image:height\" content=\"423\" \/>\n\t<meta property=\"og:image:type\" content=\"image\/jpeg\" \/>\n<meta name=\"author\" content=\"Pilar R\u00edos\" \/>\n<meta name=\"twitter:card\" content=\"summary_large_image\" \/>\n<meta name=\"twitter:creator\" content=\"@theoxygenproj\" \/>\n<meta name=\"twitter:site\" content=\"@theoxygenproj\" \/>\n<meta name=\"twitter:label1\" content=\"Written by\" \/>\n\t<meta name=\"twitter:data1\" content=\"Pilar R\u00edos\" \/>\n\t<meta name=\"twitter:label2\" content=\"Est. reading time\" \/>\n\t<meta name=\"twitter:data2\" content=\"6 minutes\" \/>\n<script type=\"application\/ld+json\" class=\"yoast-schema-graph\">{\"@context\":\"https:\\\/\\\/schema.org\",\"@graph\":[{\"@type\":\"Article\",\"@id\":\"https:\\\/\\\/www.theoxygenproject.com\\\/es\\\/las-tribus-indigenas-se-preparan-para-la-degradacion-cultural-a-causa-de-la-mineria-submarina\\\/#article\",\"isPartOf\":{\"@id\":\"https:\\\/\\\/www.theoxygenproject.com\\\/es\\\/las-tribus-indigenas-se-preparan-para-la-degradacion-cultural-a-causa-de-la-mineria-submarina\\\/\"},\"author\":{\"name\":\"Pilar R\u00edos\",\"@id\":\"https:\\\/\\\/www.theoxygenproject.com\\\/es\\\/#\\\/schema\\\/person\\\/fd1d50a727859a9283fdd988aca8d8fb\"},\"headline\":\"Las tribus ind\u00edgenas se preparan para la degradaci\u00f3n cultural a causa de la miner\u00eda submarina\u00a0\u00a0\",\"datePublished\":\"2020-10-04T01:29:42+00:00\",\"mainEntityOfPage\":{\"@id\":\"https:\\\/\\\/www.theoxygenproject.com\\\/es\\\/las-tribus-indigenas-se-preparan-para-la-degradacion-cultural-a-causa-de-la-mineria-submarina\\\/\"},\"wordCount\":1295,\"publisher\":{\"@id\":\"https:\\\/\\\/www.theoxygenproject.com\\\/es\\\/#organization\"},\"image\":{\"@id\":\"https:\\\/\\\/www.theoxygenproject.com\\\/es\\\/las-tribus-indigenas-se-preparan-para-la-degradacion-cultural-a-causa-de-la-mineria-submarina\\\/#primaryimage\"},\"thumbnailUrl\":\"https:\\\/\\\/www.theoxygenproject.com\\\/es\\\/wp-content\\\/uploads\\\/2020\\\/05\\\/a27d24_0e388816e217452bafbbfff42000803bmv2.jpg\",\"articleSection\":[\"Agua\",\"Defend The Deep\"],\"inLanguage\":\"en-US\"},{\"@type\":\"WebPage\",\"@id\":\"https:\\\/\\\/www.theoxygenproject.com\\\/es\\\/las-tribus-indigenas-se-preparan-para-la-degradacion-cultural-a-causa-de-la-mineria-submarina\\\/\",\"url\":\"https:\\\/\\\/www.theoxygenproject.com\\\/es\\\/las-tribus-indigenas-se-preparan-para-la-degradacion-cultural-a-causa-de-la-mineria-submarina\\\/\",\"name\":\"Las tribus ind\u00edgenas se preparan para la degradaci\u00f3n cultural a causa de la miner\u00eda submarina\u00a0\u00a0 - The Oxygen Project\",\"isPartOf\":{\"@id\":\"https:\\\/\\\/www.theoxygenproject.com\\\/es\\\/#website\"},\"primaryImageOfPage\":{\"@id\":\"https:\\\/\\\/www.theoxygenproject.com\\\/es\\\/las-tribus-indigenas-se-preparan-para-la-degradacion-cultural-a-causa-de-la-mineria-submarina\\\/#primaryimage\"},\"image\":{\"@id\":\"https:\\\/\\\/www.theoxygenproject.com\\\/es\\\/las-tribus-indigenas-se-preparan-para-la-degradacion-cultural-a-causa-de-la-mineria-submarina\\\/#primaryimage\"},\"thumbnailUrl\":\"https:\\\/\\\/www.theoxygenproject.com\\\/es\\\/wp-content\\\/uploads\\\/2020\\\/05\\\/a27d24_0e388816e217452bafbbfff42000803bmv2.jpg\",\"datePublished\":\"2020-10-04T01:29:42+00:00\",\"breadcrumb\":{\"@id\":\"https:\\\/\\\/www.theoxygenproject.com\\\/es\\\/las-tribus-indigenas-se-preparan-para-la-degradacion-cultural-a-causa-de-la-mineria-submarina\\\/#breadcrumb\"},\"inLanguage\":\"en-US\",\"potentialAction\":[{\"@type\":\"ReadAction\",\"target\":[\"https:\\\/\\\/www.theoxygenproject.com\\\/es\\\/las-tribus-indigenas-se-preparan-para-la-degradacion-cultural-a-causa-de-la-mineria-submarina\\\/\"]}]},{\"@type\":\"ImageObject\",\"inLanguage\":\"en-US\",\"@id\":\"https:\\\/\\\/www.theoxygenproject.com\\\/es\\\/las-tribus-indigenas-se-preparan-para-la-degradacion-cultural-a-causa-de-la-mineria-submarina\\\/#primaryimage\",\"url\":\"https:\\\/\\\/www.theoxygenproject.com\\\/es\\\/wp-content\\\/uploads\\\/2020\\\/05\\\/a27d24_0e388816e217452bafbbfff42000803bmv2.jpg\",\"contentUrl\":\"https:\\\/\\\/www.theoxygenproject.com\\\/es\\\/wp-content\\\/uploads\\\/2020\\\/05\\\/a27d24_0e388816e217452bafbbfff42000803bmv2.jpg\",\"width\":717,\"height\":423},{\"@type\":\"BreadcrumbList\",\"@id\":\"https:\\\/\\\/www.theoxygenproject.com\\\/es\\\/las-tribus-indigenas-se-preparan-para-la-degradacion-cultural-a-causa-de-la-mineria-submarina\\\/#breadcrumb\",\"itemListElement\":[{\"@type\":\"ListItem\",\"position\":1,\"name\":\"Home\",\"item\":\"https:\\\/\\\/www.theoxygenproject.com\\\/es\\\/\"},{\"@type\":\"ListItem\",\"position\":2,\"name\":\"Las tribus ind\u00edgenas se preparan para la degradaci\u00f3n cultural a causa de la miner\u00eda submarina\u00a0\u00a0\"}]},{\"@type\":\"WebSite\",\"@id\":\"https:\\\/\\\/www.theoxygenproject.com\\\/es\\\/#website\",\"url\":\"https:\\\/\\\/www.theoxygenproject.com\\\/es\\\/\",\"name\":\"The Oxygen Project\",\"description\":\"\",\"publisher\":{\"@id\":\"https:\\\/\\\/www.theoxygenproject.com\\\/es\\\/#organization\"},\"potentialAction\":[{\"@type\":\"SearchAction\",\"target\":{\"@type\":\"EntryPoint\",\"urlTemplate\":\"https:\\\/\\\/www.theoxygenproject.com\\\/es\\\/?s={search_term_string}\"},\"query-input\":{\"@type\":\"PropertyValueSpecification\",\"valueRequired\":true,\"valueName\":\"search_term_string\"}}],\"inLanguage\":\"en-US\"},{\"@type\":\"Organization\",\"@id\":\"https:\\\/\\\/www.theoxygenproject.com\\\/es\\\/#organization\",\"name\":\"The Oxygen Project\",\"url\":\"https:\\\/\\\/www.theoxygenproject.com\\\/es\\\/\",\"logo\":{\"@type\":\"ImageObject\",\"inLanguage\":\"en-US\",\"@id\":\"https:\\\/\\\/www.theoxygenproject.com\\\/es\\\/#\\\/schema\\\/logo\\\/image\\\/\",\"url\":\"https:\\\/\\\/www.theoxygenproject.com\\\/es\\\/wp-content\\\/uploads\\\/2024\\\/05\\\/top-logo-dark.png\",\"contentUrl\":\"https:\\\/\\\/www.theoxygenproject.com\\\/es\\\/wp-content\\\/uploads\\\/2024\\\/05\\\/top-logo-dark.png\",\"width\":384,\"height\":256,\"caption\":\"The Oxygen Project\"},\"image\":{\"@id\":\"https:\\\/\\\/www.theoxygenproject.com\\\/es\\\/#\\\/schema\\\/logo\\\/image\\\/\"},\"sameAs\":[\"https:\\\/\\\/www.facebook.com\\\/theoxygenproj\",\"https:\\\/\\\/x.com\\\/theoxygenproj\"]},{\"@type\":\"Person\",\"@id\":\"https:\\\/\\\/www.theoxygenproject.com\\\/es\\\/#\\\/schema\\\/person\\\/fd1d50a727859a9283fdd988aca8d8fb\",\"name\":\"Pilar R\u00edos\",\"image\":{\"@type\":\"ImageObject\",\"inLanguage\":\"en-US\",\"@id\":\"https:\\\/\\\/secure.gravatar.com\\\/avatar\\\/cb4cf509d6c8cf9193108e3149294241c2397964dbeb5a2a6e6b0a4a4127fc37?s=96&d=mm&r=g\",\"url\":\"https:\\\/\\\/secure.gravatar.com\\\/avatar\\\/cb4cf509d6c8cf9193108e3149294241c2397964dbeb5a2a6e6b0a4a4127fc37?s=96&d=mm&r=g\",\"contentUrl\":\"https:\\\/\\\/secure.gravatar.com\\\/avatar\\\/cb4cf509d6c8cf9193108e3149294241c2397964dbeb5a2a6e6b0a4a4127fc37?s=96&d=mm&r=g\",\"caption\":\"Pilar R\u00edos\"},\"url\":\"https:\\\/\\\/www.theoxygenproject.com\\\/es\\\/author\\\/admin-2\\\/\"}]}<\/script>\n<!-- \/ Yoast SEO plugin. -->","yoast_head_json":{"title":"Las tribus ind\u00edgenas se preparan para la degradaci\u00f3n cultural a causa de la miner\u00eda submarina\u00a0\u00a0 - The Oxygen Project","robots":{"index":"index","follow":"follow","max-snippet":"max-snippet:-1","max-image-preview":"max-image-preview:large","max-video-preview":"max-video-preview:-1"},"canonical":"https:\/\/www.theoxygenproject.com\/es\/las-tribus-indigenas-se-preparan-para-la-degradacion-cultural-a-causa-de-la-mineria-submarina\/","og_locale":"en_US","og_type":"article","og_title":"Las tribus ind\u00edgenas se preparan para la degradaci\u00f3n cultural a causa de la miner\u00eda submarina\u00a0\u00a0 - The Oxygen Project","og_description":"By: Fidelis Zvomuya Lee el art\u00edculo en ingles: https:\/\/www.theoxygenproject.com\/post\/indigenous-tribes-prepare-for-deep-sea-minings-cultural-degradation\/ Las tribus ind\u00edgenas de Sud\u00e1frica tienen una premonici\u00f3n sobre la miner\u00eda submarina\u00a0 pr\u00f3xima a realizarse en sus aguas costeras. La predicci\u00f3n:...","og_url":"https:\/\/www.theoxygenproject.com\/es\/las-tribus-indigenas-se-preparan-para-la-degradacion-cultural-a-causa-de-la-mineria-submarina\/","og_site_name":"The Oxygen Project","article_publisher":"https:\/\/www.facebook.com\/theoxygenproj","article_published_time":"2020-10-04T01:29:42+00:00","og_image":[{"width":717,"height":423,"url":"https:\/\/www.theoxygenproject.com\/es\/wp-content\/uploads\/2020\/05\/a27d24_0e388816e217452bafbbfff42000803bmv2.jpg","type":"image\/jpeg"}],"author":"Pilar R\u00edos","twitter_card":"summary_large_image","twitter_creator":"@theoxygenproj","twitter_site":"@theoxygenproj","twitter_misc":{"Written by":"Pilar R\u00edos","Est. reading time":"6 minutes"},"schema":{"@context":"https:\/\/schema.org","@graph":[{"@type":"Article","@id":"https:\/\/www.theoxygenproject.com\/es\/las-tribus-indigenas-se-preparan-para-la-degradacion-cultural-a-causa-de-la-mineria-submarina\/#article","isPartOf":{"@id":"https:\/\/www.theoxygenproject.com\/es\/las-tribus-indigenas-se-preparan-para-la-degradacion-cultural-a-causa-de-la-mineria-submarina\/"},"author":{"name":"Pilar R\u00edos","@id":"https:\/\/www.theoxygenproject.com\/es\/#\/schema\/person\/fd1d50a727859a9283fdd988aca8d8fb"},"headline":"Las tribus ind\u00edgenas se preparan para la degradaci\u00f3n cultural a causa de la miner\u00eda submarina\u00a0\u00a0","datePublished":"2020-10-04T01:29:42+00:00","mainEntityOfPage":{"@id":"https:\/\/www.theoxygenproject.com\/es\/las-tribus-indigenas-se-preparan-para-la-degradacion-cultural-a-causa-de-la-mineria-submarina\/"},"wordCount":1295,"publisher":{"@id":"https:\/\/www.theoxygenproject.com\/es\/#organization"},"image":{"@id":"https:\/\/www.theoxygenproject.com\/es\/las-tribus-indigenas-se-preparan-para-la-degradacion-cultural-a-causa-de-la-mineria-submarina\/#primaryimage"},"thumbnailUrl":"https:\/\/www.theoxygenproject.com\/es\/wp-content\/uploads\/2020\/05\/a27d24_0e388816e217452bafbbfff42000803bmv2.jpg","articleSection":["Agua","Defend The Deep"],"inLanguage":"en-US"},{"@type":"WebPage","@id":"https:\/\/www.theoxygenproject.com\/es\/las-tribus-indigenas-se-preparan-para-la-degradacion-cultural-a-causa-de-la-mineria-submarina\/","url":"https:\/\/www.theoxygenproject.com\/es\/las-tribus-indigenas-se-preparan-para-la-degradacion-cultural-a-causa-de-la-mineria-submarina\/","name":"Las tribus ind\u00edgenas se preparan para la degradaci\u00f3n cultural a causa de la miner\u00eda submarina\u00a0\u00a0 - The Oxygen Project","isPartOf":{"@id":"https:\/\/www.theoxygenproject.com\/es\/#website"},"primaryImageOfPage":{"@id":"https:\/\/www.theoxygenproject.com\/es\/las-tribus-indigenas-se-preparan-para-la-degradacion-cultural-a-causa-de-la-mineria-submarina\/#primaryimage"},"image":{"@id":"https:\/\/www.theoxygenproject.com\/es\/las-tribus-indigenas-se-preparan-para-la-degradacion-cultural-a-causa-de-la-mineria-submarina\/#primaryimage"},"thumbnailUrl":"https:\/\/www.theoxygenproject.com\/es\/wp-content\/uploads\/2020\/05\/a27d24_0e388816e217452bafbbfff42000803bmv2.jpg","datePublished":"2020-10-04T01:29:42+00:00","breadcrumb":{"@id":"https:\/\/www.theoxygenproject.com\/es\/las-tribus-indigenas-se-preparan-para-la-degradacion-cultural-a-causa-de-la-mineria-submarina\/#breadcrumb"},"inLanguage":"en-US","potentialAction":[{"@type":"ReadAction","target":["https:\/\/www.theoxygenproject.com\/es\/las-tribus-indigenas-se-preparan-para-la-degradacion-cultural-a-causa-de-la-mineria-submarina\/"]}]},{"@type":"ImageObject","inLanguage":"en-US","@id":"https:\/\/www.theoxygenproject.com\/es\/las-tribus-indigenas-se-preparan-para-la-degradacion-cultural-a-causa-de-la-mineria-submarina\/#primaryimage","url":"https:\/\/www.theoxygenproject.com\/es\/wp-content\/uploads\/2020\/05\/a27d24_0e388816e217452bafbbfff42000803bmv2.jpg","contentUrl":"https:\/\/www.theoxygenproject.com\/es\/wp-content\/uploads\/2020\/05\/a27d24_0e388816e217452bafbbfff42000803bmv2.jpg","width":717,"height":423},{"@type":"BreadcrumbList","@id":"https:\/\/www.theoxygenproject.com\/es\/las-tribus-indigenas-se-preparan-para-la-degradacion-cultural-a-causa-de-la-mineria-submarina\/#breadcrumb","itemListElement":[{"@type":"ListItem","position":1,"name":"Home","item":"https:\/\/www.theoxygenproject.com\/es\/"},{"@type":"ListItem","position":2,"name":"Las tribus ind\u00edgenas se preparan para la degradaci\u00f3n cultural a causa de la miner\u00eda submarina\u00a0\u00a0"}]},{"@type":"WebSite","@id":"https:\/\/www.theoxygenproject.com\/es\/#website","url":"https:\/\/www.theoxygenproject.com\/es\/","name":"The Oxygen Project","description":"","publisher":{"@id":"https:\/\/www.theoxygenproject.com\/es\/#organization"},"potentialAction":[{"@type":"SearchAction","target":{"@type":"EntryPoint","urlTemplate":"https:\/\/www.theoxygenproject.com\/es\/?s={search_term_string}"},"query-input":{"@type":"PropertyValueSpecification","valueRequired":true,"valueName":"search_term_string"}}],"inLanguage":"en-US"},{"@type":"Organization","@id":"https:\/\/www.theoxygenproject.com\/es\/#organization","name":"The Oxygen Project","url":"https:\/\/www.theoxygenproject.com\/es\/","logo":{"@type":"ImageObject","inLanguage":"en-US","@id":"https:\/\/www.theoxygenproject.com\/es\/#\/schema\/logo\/image\/","url":"https:\/\/www.theoxygenproject.com\/es\/wp-content\/uploads\/2024\/05\/top-logo-dark.png","contentUrl":"https:\/\/www.theoxygenproject.com\/es\/wp-content\/uploads\/2024\/05\/top-logo-dark.png","width":384,"height":256,"caption":"The Oxygen Project"},"image":{"@id":"https:\/\/www.theoxygenproject.com\/es\/#\/schema\/logo\/image\/"},"sameAs":["https:\/\/www.facebook.com\/theoxygenproj","https:\/\/x.com\/theoxygenproj"]},{"@type":"Person","@id":"https:\/\/www.theoxygenproject.com\/es\/#\/schema\/person\/fd1d50a727859a9283fdd988aca8d8fb","name":"Pilar R\u00edos","image":{"@type":"ImageObject","inLanguage":"en-US","@id":"https:\/\/secure.gravatar.com\/avatar\/cb4cf509d6c8cf9193108e3149294241c2397964dbeb5a2a6e6b0a4a4127fc37?s=96&d=mm&r=g","url":"https:\/\/secure.gravatar.com\/avatar\/cb4cf509d6c8cf9193108e3149294241c2397964dbeb5a2a6e6b0a4a4127fc37?s=96&d=mm&r=g","contentUrl":"https:\/\/secure.gravatar.com\/avatar\/cb4cf509d6c8cf9193108e3149294241c2397964dbeb5a2a6e6b0a4a4127fc37?s=96&d=mm&r=g","caption":"Pilar R\u00edos"},"url":"https:\/\/www.theoxygenproject.com\/es\/author\/admin-2\/"}]}},"_links":{"self":[{"href":"https:\/\/www.theoxygenproject.com\/es\/wp-json\/wp\/v2\/posts\/746","targetHints":{"allow":["GET"]}}],"collection":[{"href":"https:\/\/www.theoxygenproject.com\/es\/wp-json\/wp\/v2\/posts"}],"about":[{"href":"https:\/\/www.theoxygenproject.com\/es\/wp-json\/wp\/v2\/types\/post"}],"author":[{"embeddable":true,"href":"https:\/\/www.theoxygenproject.com\/es\/wp-json\/wp\/v2\/users\/3"}],"replies":[{"embeddable":true,"href":"https:\/\/www.theoxygenproject.com\/es\/wp-json\/wp\/v2\/comments?post=746"}],"version-history":[{"count":0,"href":"https:\/\/www.theoxygenproject.com\/es\/wp-json\/wp\/v2\/posts\/746\/revisions"}],"wp:featuredmedia":[{"embeddable":true,"href":"https:\/\/www.theoxygenproject.com\/es\/wp-json\/wp\/v2\/media\/310"}],"wp:attachment":[{"href":"https:\/\/www.theoxygenproject.com\/es\/wp-json\/wp\/v2\/media?parent=746"}],"wp:term":[{"taxonomy":"category","embeddable":true,"href":"https:\/\/www.theoxygenproject.com\/es\/wp-json\/wp\/v2\/categories?post=746"},{"taxonomy":"post_tag","embeddable":true,"href":"https:\/\/www.theoxygenproject.com\/es\/wp-json\/wp\/v2\/tags?post=746"}],"curies":[{"name":"wp","href":"https:\/\/api.w.org\/{rel}","templated":true}]}}