{"id":738,"date":"2021-02-16T15:30:19","date_gmt":"2021-02-16T12:30:19","guid":{"rendered":"https:\/\/www.theoxygenproject.com\/es\/?p=738"},"modified":"2021-02-16T15:30:19","modified_gmt":"2021-02-16T12:30:19","slug":"pueblos-originarios-y-poder-femenino-en-accion-climatica","status":"publish","type":"post","link":"https:\/\/www.theoxygenproject.com\/es\/pueblos-originarios-y-poder-femenino-en-accion-climatica\/","title":{"rendered":"Pueblos originarios y poder femenino en acci\u00f3n clim\u00e1tica"},"content":{"rendered":"<h5><span style=\"font-weight: 400;\">Por Pilar R\u00edos<\/span><\/h5>\n<p><span style=\"font-weight: 400;\">&#8220;S\u00f3lo despu\u00e9s de que el \u00faltimo \u00e1rbol sea cortado, s\u00f3lo despu\u00e9s de que el \u00faltimo r\u00edo haya sido envenenado, s\u00f3lo despu\u00e9s de que el \u00faltimo pez haya sido atrapado, s\u00f3lo entonces nos daremos cuenta de que no nos podemos comer el dinero&#8221;. Esta frase atribuida al pueblo Cree de Am\u00e9rica del Norte puede ser apocal\u00edptica pero a su vez cada vez m\u00e1s cercana.<\/span><\/p>\n<p><span style=\"font-weight: 400;\">Del amor a la tierra y de no dejar que esta profec\u00eda se cumpla es que emerge el poder femenino pro medioambiente. <\/span><span style=\"font-weight: 400;\">Donde los\u00a0 procesos de defensa de la tierra est\u00e1n directamente conectados con vivir vidas \u201cque merezca la pena vivir\u201d.\u00a0 Para las mujeres que lideran las luchas medioambientales, la reivindicaci\u00f3n de la vida es, en muchas ocasiones, indivisible de la reivindicaci\u00f3n de la soberan\u00eda sobre su propio cuerpo.<\/span><\/p>\n<p><span style=\"font-weight: 400;\">Presentamos ahora a cuatro incansables mujeres pertenecientes a comunidades ind\u00edgenas que por amor a sus ra\u00edces y a su tierra, libran una batalla incansable por su territorio.<\/span><\/p>\n<p>&nbsp;<\/p>\n<p><span style=\"font-weight: 400;\">1.- Nina Hualinga (Ecuador)<\/span><\/p>\n<p><span style=\"font-weight: 400;\">Activista ind\u00edgena que toma la batalla medioambiental y de violencia de g\u00e9nero. Nacida en la comunidad Kichwa de Sarayaku en la Amazon\u00eda ecuatoriana, es la ganadora del International President&#8217;s Youth Award de WWF, otorgado por el presidente de WWF Internacional.<\/span><\/p>\n<p><span style=\"font-weight: 400;\">Cuando ten\u00eda unos 8 a\u00f1os vivenci\u00f3 la decisi\u00f3n que tom\u00f3 su madre, su familia y su comunidad, de no aceptar el ingreso de las compa\u00f1\u00edas petroleras a su territorio. Sinti\u00f3 en ese momento que deb\u00eda continuar el legado familiar y seguir luchando por el planeta.<\/span><\/p>\n<p><span style=\"font-weight: 400;\">Este \u00faltimo tiempo sus declaraciones contra la violencia femenina han hecho eco en los medios de comunicaci\u00f3n, en los que declara haber sido agredida y amenazada por su ex pareja, lo que la tiene levantando una misma bandera por el medioambiente y por la lucha feminista.<\/span><\/p>\n","protected":false},"excerpt":{"rendered":"<p>Por Pilar R\u00edos &#8220;S\u00f3lo despu\u00e9s de que el \u00faltimo \u00e1rbol sea cortado, s\u00f3lo despu\u00e9s de que el \u00faltimo r\u00edo haya sido envenenado, s\u00f3lo despu\u00e9s de que el \u00faltimo pez haya&#8230;<\/p>\n","protected":false},"author":3,"featured_media":742,"comment_status":"closed","ping_status":"closed","sticky":false,"template":"","format":"standard","meta":{"_mo_disable_npp":"","footnotes":""},"categories":[3,4],"tags":[],"class_list":["post-738","post","type-post","status-publish","format-standard","has-post-thumbnail","hentry","category-accion-climatica","category-voces"],"yoast_head":"<!-- This site is optimized with the Yoast SEO plugin v28.3 - https:\/\/yoast.com\/product\/yoast-seo-wordpress\/ -->\n<title>Pueblos originarios y poder femenino en acci\u00f3n clim\u00e1tica - The Oxygen Project<\/title>\n<meta name=\"robots\" content=\"index, follow, max-snippet:-1, max-image-preview:large, max-video-preview:-1\" \/>\n<link rel=\"canonical\" href=\"https:\/\/www.theoxygenproject.com\/es\/pueblos-originarios-y-poder-femenino-en-accion-climatica\/\" \/>\n<meta property=\"og:locale\" content=\"en_US\" \/>\n<meta property=\"og:type\" content=\"article\" \/>\n<meta property=\"og:title\" content=\"Pueblos originarios y poder femenino en acci\u00f3n clim\u00e1tica - The Oxygen Project\" \/>\n<meta property=\"og:description\" content=\"Por Pilar R\u00edos &#8220;S\u00f3lo despu\u00e9s de que el \u00faltimo \u00e1rbol sea cortado, s\u00f3lo despu\u00e9s de que el \u00faltimo r\u00edo haya sido envenenado, s\u00f3lo despu\u00e9s de que el \u00faltimo pez haya...\" \/>\n<meta property=\"og:url\" content=\"https:\/\/www.theoxygenproject.com\/es\/pueblos-originarios-y-poder-femenino-en-accion-climatica\/\" \/>\n<meta property=\"og:site_name\" content=\"The Oxygen Project\" \/>\n<meta property=\"article:publisher\" content=\"https:\/\/www.facebook.com\/theoxygenproj\" \/>\n<meta property=\"article:published_time\" content=\"2021-02-16T12:30:19+00:00\" \/>\n<meta property=\"og:image\" content=\"https:\/\/www.theoxygenproject.com\/es\/wp-content\/uploads\/2020\/10\/WAYAKU-01-e1601664869558.png\" \/>\n\t<meta property=\"og:image:width\" content=\"400\" \/>\n\t<meta property=\"og:image:height\" content=\"400\" \/>\n\t<meta property=\"og:image:type\" content=\"image\/png\" \/>\n<meta name=\"author\" content=\"Pilar R\u00edos\" \/>\n<meta name=\"twitter:card\" content=\"summary_large_image\" \/>\n<meta name=\"twitter:creator\" content=\"@theoxygenproj\" \/>\n<meta name=\"twitter:site\" content=\"@theoxygenproj\" \/>\n<meta name=\"twitter:label1\" content=\"Written by\" \/>\n\t<meta name=\"twitter:data1\" content=\"Pilar R\u00edos\" \/>\n\t<meta name=\"twitter:label2\" content=\"Est. reading time\" \/>\n\t<meta name=\"twitter:data2\" content=\"2 minutes\" \/>\n<script type=\"application\/ld+json\" class=\"yoast-schema-graph\">{\"@context\":\"https:\\\/\\\/schema.org\",\"@graph\":[{\"@type\":\"Article\",\"@id\":\"https:\\\/\\\/www.theoxygenproject.com\\\/es\\\/pueblos-originarios-y-poder-femenino-en-accion-climatica\\\/#article\",\"isPartOf\":{\"@id\":\"https:\\\/\\\/www.theoxygenproject.com\\\/es\\\/pueblos-originarios-y-poder-femenino-en-accion-climatica\\\/\"},\"author\":{\"name\":\"Pilar R\u00edos\",\"@id\":\"https:\\\/\\\/www.theoxygenproject.com\\\/es\\\/#\\\/schema\\\/person\\\/fd1d50a727859a9283fdd988aca8d8fb\"},\"headline\":\"Pueblos originarios y poder femenino en acci\u00f3n clim\u00e1tica\",\"datePublished\":\"2021-02-16T12:30:19+00:00\",\"mainEntityOfPage\":{\"@id\":\"https:\\\/\\\/www.theoxygenproject.com\\\/es\\\/pueblos-originarios-y-poder-femenino-en-accion-climatica\\\/\"},\"wordCount\":336,\"publisher\":{\"@id\":\"https:\\\/\\\/www.theoxygenproject.com\\\/es\\\/#organization\"},\"image\":{\"@id\":\"https:\\\/\\\/www.theoxygenproject.com\\\/es\\\/pueblos-originarios-y-poder-femenino-en-accion-climatica\\\/#primaryimage\"},\"thumbnailUrl\":\"https:\\\/\\\/www.theoxygenproject.com\\\/es\\\/wp-content\\\/uploads\\\/2020\\\/10\\\/WAYAKU-01-e1601664869558.png\",\"articleSection\":[\"Acci\u00f3n Clim\u00e1tica\",\"Defensores\"],\"inLanguage\":\"en-US\"},{\"@type\":\"WebPage\",\"@id\":\"https:\\\/\\\/www.theoxygenproject.com\\\/es\\\/pueblos-originarios-y-poder-femenino-en-accion-climatica\\\/\",\"url\":\"https:\\\/\\\/www.theoxygenproject.com\\\/es\\\/pueblos-originarios-y-poder-femenino-en-accion-climatica\\\/\",\"name\":\"Pueblos originarios y poder femenino en acci\u00f3n clim\u00e1tica - The Oxygen Project\",\"isPartOf\":{\"@id\":\"https:\\\/\\\/www.theoxygenproject.com\\\/es\\\/#website\"},\"primaryImageOfPage\":{\"@id\":\"https:\\\/\\\/www.theoxygenproject.com\\\/es\\\/pueblos-originarios-y-poder-femenino-en-accion-climatica\\\/#primaryimage\"},\"image\":{\"@id\":\"https:\\\/\\\/www.theoxygenproject.com\\\/es\\\/pueblos-originarios-y-poder-femenino-en-accion-climatica\\\/#primaryimage\"},\"thumbnailUrl\":\"https:\\\/\\\/www.theoxygenproject.com\\\/es\\\/wp-content\\\/uploads\\\/2020\\\/10\\\/WAYAKU-01-e1601664869558.png\",\"datePublished\":\"2021-02-16T12:30:19+00:00\",\"breadcrumb\":{\"@id\":\"https:\\\/\\\/www.theoxygenproject.com\\\/es\\\/pueblos-originarios-y-poder-femenino-en-accion-climatica\\\/#breadcrumb\"},\"inLanguage\":\"en-US\",\"potentialAction\":[{\"@type\":\"ReadAction\",\"target\":[\"https:\\\/\\\/www.theoxygenproject.com\\\/es\\\/pueblos-originarios-y-poder-femenino-en-accion-climatica\\\/\"]}]},{\"@type\":\"ImageObject\",\"inLanguage\":\"en-US\",\"@id\":\"https:\\\/\\\/www.theoxygenproject.com\\\/es\\\/pueblos-originarios-y-poder-femenino-en-accion-climatica\\\/#primaryimage\",\"url\":\"https:\\\/\\\/www.theoxygenproject.com\\\/es\\\/wp-content\\\/uploads\\\/2020\\\/10\\\/WAYAKU-01-e1601664869558.png\",\"contentUrl\":\"https:\\\/\\\/www.theoxygenproject.com\\\/es\\\/wp-content\\\/uploads\\\/2020\\\/10\\\/WAYAKU-01-e1601664869558.png\",\"width\":400,\"height\":400},{\"@type\":\"BreadcrumbList\",\"@id\":\"https:\\\/\\\/www.theoxygenproject.com\\\/es\\\/pueblos-originarios-y-poder-femenino-en-accion-climatica\\\/#breadcrumb\",\"itemListElement\":[{\"@type\":\"ListItem\",\"position\":1,\"name\":\"Home\",\"item\":\"https:\\\/\\\/www.theoxygenproject.com\\\/es\\\/\"},{\"@type\":\"ListItem\",\"position\":2,\"name\":\"Pueblos originarios y poder femenino en acci\u00f3n clim\u00e1tica\"}]},{\"@type\":\"WebSite\",\"@id\":\"https:\\\/\\\/www.theoxygenproject.com\\\/es\\\/#website\",\"url\":\"https:\\\/\\\/www.theoxygenproject.com\\\/es\\\/\",\"name\":\"The Oxygen Project\",\"description\":\"\",\"publisher\":{\"@id\":\"https:\\\/\\\/www.theoxygenproject.com\\\/es\\\/#organization\"},\"potentialAction\":[{\"@type\":\"SearchAction\",\"target\":{\"@type\":\"EntryPoint\",\"urlTemplate\":\"https:\\\/\\\/www.theoxygenproject.com\\\/es\\\/?s={search_term_string}\"},\"query-input\":{\"@type\":\"PropertyValueSpecification\",\"valueRequired\":true,\"valueName\":\"search_term_string\"}}],\"inLanguage\":\"en-US\"},{\"@type\":\"Organization\",\"@id\":\"https:\\\/\\\/www.theoxygenproject.com\\\/es\\\/#organization\",\"name\":\"The Oxygen Project\",\"url\":\"https:\\\/\\\/www.theoxygenproject.com\\\/es\\\/\",\"logo\":{\"@type\":\"ImageObject\",\"inLanguage\":\"en-US\",\"@id\":\"https:\\\/\\\/www.theoxygenproject.com\\\/es\\\/#\\\/schema\\\/logo\\\/image\\\/\",\"url\":\"https:\\\/\\\/www.theoxygenproject.com\\\/es\\\/wp-content\\\/uploads\\\/2024\\\/05\\\/top-logo-dark.png\",\"contentUrl\":\"https:\\\/\\\/www.theoxygenproject.com\\\/es\\\/wp-content\\\/uploads\\\/2024\\\/05\\\/top-logo-dark.png\",\"width\":384,\"height\":256,\"caption\":\"The Oxygen Project\"},\"image\":{\"@id\":\"https:\\\/\\\/www.theoxygenproject.com\\\/es\\\/#\\\/schema\\\/logo\\\/image\\\/\"},\"sameAs\":[\"https:\\\/\\\/www.facebook.com\\\/theoxygenproj\",\"https:\\\/\\\/x.com\\\/theoxygenproj\"]},{\"@type\":\"Person\",\"@id\":\"https:\\\/\\\/www.theoxygenproject.com\\\/es\\\/#\\\/schema\\\/person\\\/fd1d50a727859a9283fdd988aca8d8fb\",\"name\":\"Pilar R\u00edos\",\"image\":{\"@type\":\"ImageObject\",\"inLanguage\":\"en-US\",\"@id\":\"https:\\\/\\\/secure.gravatar.com\\\/avatar\\\/cb4cf509d6c8cf9193108e3149294241c2397964dbeb5a2a6e6b0a4a4127fc37?s=96&d=mm&r=g\",\"url\":\"https:\\\/\\\/secure.gravatar.com\\\/avatar\\\/cb4cf509d6c8cf9193108e3149294241c2397964dbeb5a2a6e6b0a4a4127fc37?s=96&d=mm&r=g\",\"contentUrl\":\"https:\\\/\\\/secure.gravatar.com\\\/avatar\\\/cb4cf509d6c8cf9193108e3149294241c2397964dbeb5a2a6e6b0a4a4127fc37?s=96&d=mm&r=g\",\"caption\":\"Pilar R\u00edos\"},\"url\":\"https:\\\/\\\/www.theoxygenproject.com\\\/es\\\/author\\\/admin-2\\\/\"}]}<\/script>\n<!-- \/ Yoast SEO plugin. -->","yoast_head_json":{"title":"Pueblos originarios y poder femenino en acci\u00f3n clim\u00e1tica - The Oxygen Project","robots":{"index":"index","follow":"follow","max-snippet":"max-snippet:-1","max-image-preview":"max-image-preview:large","max-video-preview":"max-video-preview:-1"},"canonical":"https:\/\/www.theoxygenproject.com\/es\/pueblos-originarios-y-poder-femenino-en-accion-climatica\/","og_locale":"en_US","og_type":"article","og_title":"Pueblos originarios y poder femenino en acci\u00f3n clim\u00e1tica - The Oxygen Project","og_description":"Por Pilar R\u00edos &#8220;S\u00f3lo despu\u00e9s de que el \u00faltimo \u00e1rbol sea cortado, s\u00f3lo despu\u00e9s de que el \u00faltimo r\u00edo haya sido envenenado, s\u00f3lo despu\u00e9s de que el \u00faltimo pez haya...","og_url":"https:\/\/www.theoxygenproject.com\/es\/pueblos-originarios-y-poder-femenino-en-accion-climatica\/","og_site_name":"The Oxygen Project","article_publisher":"https:\/\/www.facebook.com\/theoxygenproj","article_published_time":"2021-02-16T12:30:19+00:00","og_image":[{"width":400,"height":400,"url":"https:\/\/www.theoxygenproject.com\/es\/wp-content\/uploads\/2020\/10\/WAYAKU-01-e1601664869558.png","type":"image\/png"}],"author":"Pilar R\u00edos","twitter_card":"summary_large_image","twitter_creator":"@theoxygenproj","twitter_site":"@theoxygenproj","twitter_misc":{"Written by":"Pilar R\u00edos","Est. reading time":"2 minutes"},"schema":{"@context":"https:\/\/schema.org","@graph":[{"@type":"Article","@id":"https:\/\/www.theoxygenproject.com\/es\/pueblos-originarios-y-poder-femenino-en-accion-climatica\/#article","isPartOf":{"@id":"https:\/\/www.theoxygenproject.com\/es\/pueblos-originarios-y-poder-femenino-en-accion-climatica\/"},"author":{"name":"Pilar R\u00edos","@id":"https:\/\/www.theoxygenproject.com\/es\/#\/schema\/person\/fd1d50a727859a9283fdd988aca8d8fb"},"headline":"Pueblos originarios y poder femenino en acci\u00f3n clim\u00e1tica","datePublished":"2021-02-16T12:30:19+00:00","mainEntityOfPage":{"@id":"https:\/\/www.theoxygenproject.com\/es\/pueblos-originarios-y-poder-femenino-en-accion-climatica\/"},"wordCount":336,"publisher":{"@id":"https:\/\/www.theoxygenproject.com\/es\/#organization"},"image":{"@id":"https:\/\/www.theoxygenproject.com\/es\/pueblos-originarios-y-poder-femenino-en-accion-climatica\/#primaryimage"},"thumbnailUrl":"https:\/\/www.theoxygenproject.com\/es\/wp-content\/uploads\/2020\/10\/WAYAKU-01-e1601664869558.png","articleSection":["Acci\u00f3n Clim\u00e1tica","Defensores"],"inLanguage":"en-US"},{"@type":"WebPage","@id":"https:\/\/www.theoxygenproject.com\/es\/pueblos-originarios-y-poder-femenino-en-accion-climatica\/","url":"https:\/\/www.theoxygenproject.com\/es\/pueblos-originarios-y-poder-femenino-en-accion-climatica\/","name":"Pueblos originarios y poder femenino en acci\u00f3n clim\u00e1tica - The Oxygen Project","isPartOf":{"@id":"https:\/\/www.theoxygenproject.com\/es\/#website"},"primaryImageOfPage":{"@id":"https:\/\/www.theoxygenproject.com\/es\/pueblos-originarios-y-poder-femenino-en-accion-climatica\/#primaryimage"},"image":{"@id":"https:\/\/www.theoxygenproject.com\/es\/pueblos-originarios-y-poder-femenino-en-accion-climatica\/#primaryimage"},"thumbnailUrl":"https:\/\/www.theoxygenproject.com\/es\/wp-content\/uploads\/2020\/10\/WAYAKU-01-e1601664869558.png","datePublished":"2021-02-16T12:30:19+00:00","breadcrumb":{"@id":"https:\/\/www.theoxygenproject.com\/es\/pueblos-originarios-y-poder-femenino-en-accion-climatica\/#breadcrumb"},"inLanguage":"en-US","potentialAction":[{"@type":"ReadAction","target":["https:\/\/www.theoxygenproject.com\/es\/pueblos-originarios-y-poder-femenino-en-accion-climatica\/"]}]},{"@type":"ImageObject","inLanguage":"en-US","@id":"https:\/\/www.theoxygenproject.com\/es\/pueblos-originarios-y-poder-femenino-en-accion-climatica\/#primaryimage","url":"https:\/\/www.theoxygenproject.com\/es\/wp-content\/uploads\/2020\/10\/WAYAKU-01-e1601664869558.png","contentUrl":"https:\/\/www.theoxygenproject.com\/es\/wp-content\/uploads\/2020\/10\/WAYAKU-01-e1601664869558.png","width":400,"height":400},{"@type":"BreadcrumbList","@id":"https:\/\/www.theoxygenproject.com\/es\/pueblos-originarios-y-poder-femenino-en-accion-climatica\/#breadcrumb","itemListElement":[{"@type":"ListItem","position":1,"name":"Home","item":"https:\/\/www.theoxygenproject.com\/es\/"},{"@type":"ListItem","position":2,"name":"Pueblos originarios y poder femenino en acci\u00f3n clim\u00e1tica"}]},{"@type":"WebSite","@id":"https:\/\/www.theoxygenproject.com\/es\/#website","url":"https:\/\/www.theoxygenproject.com\/es\/","name":"The Oxygen Project","description":"","publisher":{"@id":"https:\/\/www.theoxygenproject.com\/es\/#organization"},"potentialAction":[{"@type":"SearchAction","target":{"@type":"EntryPoint","urlTemplate":"https:\/\/www.theoxygenproject.com\/es\/?s={search_term_string}"},"query-input":{"@type":"PropertyValueSpecification","valueRequired":true,"valueName":"search_term_string"}}],"inLanguage":"en-US"},{"@type":"Organization","@id":"https:\/\/www.theoxygenproject.com\/es\/#organization","name":"The Oxygen Project","url":"https:\/\/www.theoxygenproject.com\/es\/","logo":{"@type":"ImageObject","inLanguage":"en-US","@id":"https:\/\/www.theoxygenproject.com\/es\/#\/schema\/logo\/image\/","url":"https:\/\/www.theoxygenproject.com\/es\/wp-content\/uploads\/2024\/05\/top-logo-dark.png","contentUrl":"https:\/\/www.theoxygenproject.com\/es\/wp-content\/uploads\/2024\/05\/top-logo-dark.png","width":384,"height":256,"caption":"The Oxygen Project"},"image":{"@id":"https:\/\/www.theoxygenproject.com\/es\/#\/schema\/logo\/image\/"},"sameAs":["https:\/\/www.facebook.com\/theoxygenproj","https:\/\/x.com\/theoxygenproj"]},{"@type":"Person","@id":"https:\/\/www.theoxygenproject.com\/es\/#\/schema\/person\/fd1d50a727859a9283fdd988aca8d8fb","name":"Pilar R\u00edos","image":{"@type":"ImageObject","inLanguage":"en-US","@id":"https:\/\/secure.gravatar.com\/avatar\/cb4cf509d6c8cf9193108e3149294241c2397964dbeb5a2a6e6b0a4a4127fc37?s=96&d=mm&r=g","url":"https:\/\/secure.gravatar.com\/avatar\/cb4cf509d6c8cf9193108e3149294241c2397964dbeb5a2a6e6b0a4a4127fc37?s=96&d=mm&r=g","contentUrl":"https:\/\/secure.gravatar.com\/avatar\/cb4cf509d6c8cf9193108e3149294241c2397964dbeb5a2a6e6b0a4a4127fc37?s=96&d=mm&r=g","caption":"Pilar R\u00edos"},"url":"https:\/\/www.theoxygenproject.com\/es\/author\/admin-2\/"}]}},"_links":{"self":[{"href":"https:\/\/www.theoxygenproject.com\/es\/wp-json\/wp\/v2\/posts\/738","targetHints":{"allow":["GET"]}}],"collection":[{"href":"https:\/\/www.theoxygenproject.com\/es\/wp-json\/wp\/v2\/posts"}],"about":[{"href":"https:\/\/www.theoxygenproject.com\/es\/wp-json\/wp\/v2\/types\/post"}],"author":[{"embeddable":true,"href":"https:\/\/www.theoxygenproject.com\/es\/wp-json\/wp\/v2\/users\/3"}],"replies":[{"embeddable":true,"href":"https:\/\/www.theoxygenproject.com\/es\/wp-json\/wp\/v2\/comments?post=738"}],"version-history":[{"count":0,"href":"https:\/\/www.theoxygenproject.com\/es\/wp-json\/wp\/v2\/posts\/738\/revisions"}],"wp:featuredmedia":[{"embeddable":true,"href":"https:\/\/www.theoxygenproject.com\/es\/wp-json\/wp\/v2\/media\/742"}],"wp:attachment":[{"href":"https:\/\/www.theoxygenproject.com\/es\/wp-json\/wp\/v2\/media?parent=738"}],"wp:term":[{"taxonomy":"category","embeddable":true,"href":"https:\/\/www.theoxygenproject.com\/es\/wp-json\/wp\/v2\/categories?post=738"},{"taxonomy":"post_tag","embeddable":true,"href":"https:\/\/www.theoxygenproject.com\/es\/wp-json\/wp\/v2\/tags?post=738"}],"curies":[{"name":"wp","href":"https:\/\/api.w.org\/{rel}","templated":true}]}}