{"id":722,"date":"2020-12-11T04:55:48","date_gmt":"2020-12-11T01:55:48","guid":{"rendered":"https:\/\/www.theoxygenproject.com\/es\/?p=722"},"modified":"2020-12-11T04:55:48","modified_gmt":"2020-12-11T01:55:48","slug":"causas-medioambientales-de-latinoamerica-urbanizacion-zonas-de-sacrificio-ambiental-y-maltrato-animal","status":"publish","type":"post","link":"https:\/\/www.theoxygenproject.com\/es\/causas-medioambientales-de-latinoamerica-urbanizacion-zonas-de-sacrificio-ambiental-y-maltrato-animal\/","title":{"rendered":"Causas medioambientales de Latinoam\u00e9rica: Urbanizaci\u00f3n, zonas de sacrificio ambiental y maltrato animal"},"content":{"rendered":"<h5><strong>Por Pilar R\u00edos<\/strong><\/h5>\n<p><span style=\"font-weight: 400;\">En Latinoam\u00e9rica las causas, o \u201cluchas medioambientales\u201d, est\u00e1n relacionadas con importantes conflictos en este \u00e1mbito, determinados principalmente por\u00a0 patrones de uso de los recursos naturales, sistemas de producci\u00f3n, h\u00e1bitos de consumo de las poblaciones humanas y gobernanza ambiental.<\/span><\/p>\n<p><span style=\"font-weight: 400;\">Los problemas medioambientales, poco atendidos por sus gobiernos, deben ser tomados por la sociedad civil quien alza la voz dando origen a movimientos masivos y campa\u00f1as virtuales representadas a trav\u00e9s de <\/span><i><span style=\"font-weight: 400;\">hashtags<\/span><\/i><span style=\"font-weight: 400;\"> compartidos por millones de personas quienes buscan influir en la toma de consciencia y entregar a las nuevas generaciones un futuro mejor.<\/span><\/p>\n<p><span style=\"font-weight: 400;\">Aqu\u00ed te mostramos las \u00faltimas causas que han dado de qu\u00e9 hablar a nivel mundial<\/span><\/p>\n<p><b>\u00a0#noaaltrenmaya <\/b><b>#zonadesacrificio y <\/b><b>#noalacuerdoconchina\u00a0\u00a0<\/b><\/p>\n<p><b>No al tren Maya (M\u00e9xico)<\/b><\/p>\n<p><span style=\"font-weight: 400;\">En los medios mexicanos lo anuncian como <\/span><span style=\"font-weight: 400;\">una oportunidad para potenciar el desarrollo social, cultural y econ\u00f3mico de la pen\u00ednsula de Yucat\u00e1n. Pero, \u00bfqu\u00e9 es lo que representa realmente este proyecto para el medioambiente?\u00a0<\/span><\/p>\n<p><span style=\"font-weight: 400;\">Su nombre es Tren Maya, desarrollo que se proyecta con un total de\u00a0 1.460 kil\u00f3metros de v\u00edas divididas en siete tramos, dentro de los cuales aparecen estas tres categor\u00edas: Tramos Selva, Tramos Caribe y Tramos Golfo. La preocupaci\u00f3n est\u00e1 en que, como se anuncia en el nombre de sus estaciones, el proyecto\u00a0 fragmentar\u00eda el h\u00e1bitat natural, afectando directamente un corredor biol\u00f3gico conformado por \u00e1reas naturales protegidas.<\/span><\/p>\n","protected":false},"excerpt":{"rendered":"<p>Por Pilar R\u00edos En Latinoam\u00e9rica las causas, o \u201cluchas medioambientales\u201d, est\u00e1n relacionadas con importantes conflictos en este \u00e1mbito, determinados principalmente por\u00a0 patrones de uso de los recursos naturales, sistemas de&#8230;<\/p>\n","protected":false},"author":3,"featured_media":734,"comment_status":"closed","ping_status":"closed","sticky":false,"template":"","format":"standard","meta":{"_mo_disable_npp":"","footnotes":""},"categories":[3,5,4],"tags":[],"class_list":["post-722","post","type-post","status-publish","format-standard","has-post-thumbnail","hentry","category-accion-climatica","category-cambio-climatico","category-voces"],"yoast_head":"<!-- This site is optimized with the Yoast SEO plugin v28.3 - https:\/\/yoast.com\/product\/yoast-seo-wordpress\/ -->\n<title>Causas medioambientales de Latinoam\u00e9rica: Urbanizaci\u00f3n, zonas de sacrificio ambiental y maltrato animal - The Oxygen Project<\/title>\n<meta name=\"robots\" content=\"index, follow, max-snippet:-1, max-image-preview:large, max-video-preview:-1\" \/>\n<link rel=\"canonical\" href=\"https:\/\/www.theoxygenproject.com\/es\/causas-medioambientales-de-latinoamerica-urbanizacion-zonas-de-sacrificio-ambiental-y-maltrato-animal\/\" \/>\n<meta property=\"og:locale\" content=\"en_US\" \/>\n<meta property=\"og:type\" content=\"article\" \/>\n<meta property=\"og:title\" content=\"Causas medioambientales de Latinoam\u00e9rica: Urbanizaci\u00f3n, zonas de sacrificio ambiental y maltrato animal - The Oxygen Project\" \/>\n<meta property=\"og:description\" content=\"Por Pilar R\u00edos En Latinoam\u00e9rica las causas, o \u201cluchas medioambientales\u201d, est\u00e1n relacionadas con importantes conflictos en este \u00e1mbito, determinados principalmente por\u00a0 patrones de uso de los recursos naturales, sistemas de...\" \/>\n<meta property=\"og:url\" content=\"https:\/\/www.theoxygenproject.com\/es\/causas-medioambientales-de-latinoamerica-urbanizacion-zonas-de-sacrificio-ambiental-y-maltrato-animal\/\" \/>\n<meta property=\"og:site_name\" content=\"The Oxygen Project\" \/>\n<meta property=\"article:publisher\" content=\"https:\/\/www.facebook.com\/theoxygenproj\" \/>\n<meta property=\"article:published_time\" content=\"2020-12-11T01:55:48+00:00\" \/>\n<meta property=\"og:image\" content=\"https:\/\/www.theoxygenproject.com\/es\/wp-content\/uploads\/2020\/10\/no_Mesa-de-trabajo-1-e1601517647716.png\" \/>\n\t<meta property=\"og:image:width\" content=\"300\" \/>\n\t<meta property=\"og:image:height\" content=\"300\" \/>\n\t<meta property=\"og:image:type\" content=\"image\/png\" \/>\n<meta name=\"author\" content=\"Pilar R\u00edos\" \/>\n<meta name=\"twitter:card\" content=\"summary_large_image\" \/>\n<meta name=\"twitter:creator\" content=\"@theoxygenproj\" \/>\n<meta name=\"twitter:site\" content=\"@theoxygenproj\" \/>\n<meta name=\"twitter:label1\" content=\"Written by\" \/>\n\t<meta name=\"twitter:data1\" content=\"Pilar R\u00edos\" \/>\n\t<meta name=\"twitter:label2\" content=\"Est. reading time\" \/>\n\t<meta name=\"twitter:data2\" content=\"1 minute\" \/>\n<script type=\"application\/ld+json\" class=\"yoast-schema-graph\">{\"@context\":\"https:\\\/\\\/schema.org\",\"@graph\":[{\"@type\":\"Article\",\"@id\":\"https:\\\/\\\/www.theoxygenproject.com\\\/es\\\/causas-medioambientales-de-latinoamerica-urbanizacion-zonas-de-sacrificio-ambiental-y-maltrato-animal\\\/#article\",\"isPartOf\":{\"@id\":\"https:\\\/\\\/www.theoxygenproject.com\\\/es\\\/causas-medioambientales-de-latinoamerica-urbanizacion-zonas-de-sacrificio-ambiental-y-maltrato-animal\\\/\"},\"author\":{\"name\":\"Pilar R\u00edos\",\"@id\":\"https:\\\/\\\/www.theoxygenproject.com\\\/es\\\/#\\\/schema\\\/person\\\/fd1d50a727859a9283fdd988aca8d8fb\"},\"headline\":\"Causas medioambientales de Latinoam\u00e9rica: Urbanizaci\u00f3n, zonas de sacrificio ambiental y maltrato animal\",\"datePublished\":\"2020-12-11T01:55:48+00:00\",\"mainEntityOfPage\":{\"@id\":\"https:\\\/\\\/www.theoxygenproject.com\\\/es\\\/causas-medioambientales-de-latinoamerica-urbanizacion-zonas-de-sacrificio-ambiental-y-maltrato-animal\\\/\"},\"wordCount\":250,\"publisher\":{\"@id\":\"https:\\\/\\\/www.theoxygenproject.com\\\/es\\\/#organization\"},\"image\":{\"@id\":\"https:\\\/\\\/www.theoxygenproject.com\\\/es\\\/causas-medioambientales-de-latinoamerica-urbanizacion-zonas-de-sacrificio-ambiental-y-maltrato-animal\\\/#primaryimage\"},\"thumbnailUrl\":\"https:\\\/\\\/www.theoxygenproject.com\\\/es\\\/wp-content\\\/uploads\\\/2020\\\/10\\\/no_Mesa-de-trabajo-1-e1601517647716.png\",\"articleSection\":[\"Acci\u00f3n Clim\u00e1tica\",\"Cambio clim\u00e1tico\",\"Defensores\"],\"inLanguage\":\"en-US\"},{\"@type\":\"WebPage\",\"@id\":\"https:\\\/\\\/www.theoxygenproject.com\\\/es\\\/causas-medioambientales-de-latinoamerica-urbanizacion-zonas-de-sacrificio-ambiental-y-maltrato-animal\\\/\",\"url\":\"https:\\\/\\\/www.theoxygenproject.com\\\/es\\\/causas-medioambientales-de-latinoamerica-urbanizacion-zonas-de-sacrificio-ambiental-y-maltrato-animal\\\/\",\"name\":\"Causas medioambientales de Latinoam\u00e9rica: Urbanizaci\u00f3n, zonas de sacrificio ambiental y maltrato animal - The Oxygen Project\",\"isPartOf\":{\"@id\":\"https:\\\/\\\/www.theoxygenproject.com\\\/es\\\/#website\"},\"primaryImageOfPage\":{\"@id\":\"https:\\\/\\\/www.theoxygenproject.com\\\/es\\\/causas-medioambientales-de-latinoamerica-urbanizacion-zonas-de-sacrificio-ambiental-y-maltrato-animal\\\/#primaryimage\"},\"image\":{\"@id\":\"https:\\\/\\\/www.theoxygenproject.com\\\/es\\\/causas-medioambientales-de-latinoamerica-urbanizacion-zonas-de-sacrificio-ambiental-y-maltrato-animal\\\/#primaryimage\"},\"thumbnailUrl\":\"https:\\\/\\\/www.theoxygenproject.com\\\/es\\\/wp-content\\\/uploads\\\/2020\\\/10\\\/no_Mesa-de-trabajo-1-e1601517647716.png\",\"datePublished\":\"2020-12-11T01:55:48+00:00\",\"breadcrumb\":{\"@id\":\"https:\\\/\\\/www.theoxygenproject.com\\\/es\\\/causas-medioambientales-de-latinoamerica-urbanizacion-zonas-de-sacrificio-ambiental-y-maltrato-animal\\\/#breadcrumb\"},\"inLanguage\":\"en-US\",\"potentialAction\":[{\"@type\":\"ReadAction\",\"target\":[\"https:\\\/\\\/www.theoxygenproject.com\\\/es\\\/causas-medioambientales-de-latinoamerica-urbanizacion-zonas-de-sacrificio-ambiental-y-maltrato-animal\\\/\"]}]},{\"@type\":\"ImageObject\",\"inLanguage\":\"en-US\",\"@id\":\"https:\\\/\\\/www.theoxygenproject.com\\\/es\\\/causas-medioambientales-de-latinoamerica-urbanizacion-zonas-de-sacrificio-ambiental-y-maltrato-animal\\\/#primaryimage\",\"url\":\"https:\\\/\\\/www.theoxygenproject.com\\\/es\\\/wp-content\\\/uploads\\\/2020\\\/10\\\/no_Mesa-de-trabajo-1-e1601517647716.png\",\"contentUrl\":\"https:\\\/\\\/www.theoxygenproject.com\\\/es\\\/wp-content\\\/uploads\\\/2020\\\/10\\\/no_Mesa-de-trabajo-1-e1601517647716.png\",\"width\":300,\"height\":300},{\"@type\":\"BreadcrumbList\",\"@id\":\"https:\\\/\\\/www.theoxygenproject.com\\\/es\\\/causas-medioambientales-de-latinoamerica-urbanizacion-zonas-de-sacrificio-ambiental-y-maltrato-animal\\\/#breadcrumb\",\"itemListElement\":[{\"@type\":\"ListItem\",\"position\":1,\"name\":\"Home\",\"item\":\"https:\\\/\\\/www.theoxygenproject.com\\\/es\\\/\"},{\"@type\":\"ListItem\",\"position\":2,\"name\":\"Causas medioambientales de Latinoam\u00e9rica: Urbanizaci\u00f3n, zonas de sacrificio ambiental y maltrato animal\"}]},{\"@type\":\"WebSite\",\"@id\":\"https:\\\/\\\/www.theoxygenproject.com\\\/es\\\/#website\",\"url\":\"https:\\\/\\\/www.theoxygenproject.com\\\/es\\\/\",\"name\":\"The Oxygen Project\",\"description\":\"\",\"publisher\":{\"@id\":\"https:\\\/\\\/www.theoxygenproject.com\\\/es\\\/#organization\"},\"potentialAction\":[{\"@type\":\"SearchAction\",\"target\":{\"@type\":\"EntryPoint\",\"urlTemplate\":\"https:\\\/\\\/www.theoxygenproject.com\\\/es\\\/?s={search_term_string}\"},\"query-input\":{\"@type\":\"PropertyValueSpecification\",\"valueRequired\":true,\"valueName\":\"search_term_string\"}}],\"inLanguage\":\"en-US\"},{\"@type\":\"Organization\",\"@id\":\"https:\\\/\\\/www.theoxygenproject.com\\\/es\\\/#organization\",\"name\":\"The Oxygen Project\",\"url\":\"https:\\\/\\\/www.theoxygenproject.com\\\/es\\\/\",\"logo\":{\"@type\":\"ImageObject\",\"inLanguage\":\"en-US\",\"@id\":\"https:\\\/\\\/www.theoxygenproject.com\\\/es\\\/#\\\/schema\\\/logo\\\/image\\\/\",\"url\":\"https:\\\/\\\/www.theoxygenproject.com\\\/es\\\/wp-content\\\/uploads\\\/2024\\\/05\\\/top-logo-dark.png\",\"contentUrl\":\"https:\\\/\\\/www.theoxygenproject.com\\\/es\\\/wp-content\\\/uploads\\\/2024\\\/05\\\/top-logo-dark.png\",\"width\":384,\"height\":256,\"caption\":\"The Oxygen Project\"},\"image\":{\"@id\":\"https:\\\/\\\/www.theoxygenproject.com\\\/es\\\/#\\\/schema\\\/logo\\\/image\\\/\"},\"sameAs\":[\"https:\\\/\\\/www.facebook.com\\\/theoxygenproj\",\"https:\\\/\\\/x.com\\\/theoxygenproj\"]},{\"@type\":\"Person\",\"@id\":\"https:\\\/\\\/www.theoxygenproject.com\\\/es\\\/#\\\/schema\\\/person\\\/fd1d50a727859a9283fdd988aca8d8fb\",\"name\":\"Pilar R\u00edos\",\"image\":{\"@type\":\"ImageObject\",\"inLanguage\":\"en-US\",\"@id\":\"https:\\\/\\\/secure.gravatar.com\\\/avatar\\\/cb4cf509d6c8cf9193108e3149294241c2397964dbeb5a2a6e6b0a4a4127fc37?s=96&d=mm&r=g\",\"url\":\"https:\\\/\\\/secure.gravatar.com\\\/avatar\\\/cb4cf509d6c8cf9193108e3149294241c2397964dbeb5a2a6e6b0a4a4127fc37?s=96&d=mm&r=g\",\"contentUrl\":\"https:\\\/\\\/secure.gravatar.com\\\/avatar\\\/cb4cf509d6c8cf9193108e3149294241c2397964dbeb5a2a6e6b0a4a4127fc37?s=96&d=mm&r=g\",\"caption\":\"Pilar R\u00edos\"},\"url\":\"https:\\\/\\\/www.theoxygenproject.com\\\/es\\\/author\\\/admin-2\\\/\"}]}<\/script>\n<!-- \/ Yoast SEO plugin. -->","yoast_head_json":{"title":"Causas medioambientales de Latinoam\u00e9rica: Urbanizaci\u00f3n, zonas de sacrificio ambiental y maltrato animal - The Oxygen Project","robots":{"index":"index","follow":"follow","max-snippet":"max-snippet:-1","max-image-preview":"max-image-preview:large","max-video-preview":"max-video-preview:-1"},"canonical":"https:\/\/www.theoxygenproject.com\/es\/causas-medioambientales-de-latinoamerica-urbanizacion-zonas-de-sacrificio-ambiental-y-maltrato-animal\/","og_locale":"en_US","og_type":"article","og_title":"Causas medioambientales de Latinoam\u00e9rica: Urbanizaci\u00f3n, zonas de sacrificio ambiental y maltrato animal - The Oxygen Project","og_description":"Por Pilar R\u00edos En Latinoam\u00e9rica las causas, o \u201cluchas medioambientales\u201d, est\u00e1n relacionadas con importantes conflictos en este \u00e1mbito, determinados principalmente por\u00a0 patrones de uso de los recursos naturales, sistemas de...","og_url":"https:\/\/www.theoxygenproject.com\/es\/causas-medioambientales-de-latinoamerica-urbanizacion-zonas-de-sacrificio-ambiental-y-maltrato-animal\/","og_site_name":"The Oxygen Project","article_publisher":"https:\/\/www.facebook.com\/theoxygenproj","article_published_time":"2020-12-11T01:55:48+00:00","og_image":[{"width":300,"height":300,"url":"https:\/\/www.theoxygenproject.com\/es\/wp-content\/uploads\/2020\/10\/no_Mesa-de-trabajo-1-e1601517647716.png","type":"image\/png"}],"author":"Pilar R\u00edos","twitter_card":"summary_large_image","twitter_creator":"@theoxygenproj","twitter_site":"@theoxygenproj","twitter_misc":{"Written by":"Pilar R\u00edos","Est. reading time":"1 minute"},"schema":{"@context":"https:\/\/schema.org","@graph":[{"@type":"Article","@id":"https:\/\/www.theoxygenproject.com\/es\/causas-medioambientales-de-latinoamerica-urbanizacion-zonas-de-sacrificio-ambiental-y-maltrato-animal\/#article","isPartOf":{"@id":"https:\/\/www.theoxygenproject.com\/es\/causas-medioambientales-de-latinoamerica-urbanizacion-zonas-de-sacrificio-ambiental-y-maltrato-animal\/"},"author":{"name":"Pilar R\u00edos","@id":"https:\/\/www.theoxygenproject.com\/es\/#\/schema\/person\/fd1d50a727859a9283fdd988aca8d8fb"},"headline":"Causas medioambientales de Latinoam\u00e9rica: Urbanizaci\u00f3n, zonas de sacrificio ambiental y maltrato animal","datePublished":"2020-12-11T01:55:48+00:00","mainEntityOfPage":{"@id":"https:\/\/www.theoxygenproject.com\/es\/causas-medioambientales-de-latinoamerica-urbanizacion-zonas-de-sacrificio-ambiental-y-maltrato-animal\/"},"wordCount":250,"publisher":{"@id":"https:\/\/www.theoxygenproject.com\/es\/#organization"},"image":{"@id":"https:\/\/www.theoxygenproject.com\/es\/causas-medioambientales-de-latinoamerica-urbanizacion-zonas-de-sacrificio-ambiental-y-maltrato-animal\/#primaryimage"},"thumbnailUrl":"https:\/\/www.theoxygenproject.com\/es\/wp-content\/uploads\/2020\/10\/no_Mesa-de-trabajo-1-e1601517647716.png","articleSection":["Acci\u00f3n Clim\u00e1tica","Cambio clim\u00e1tico","Defensores"],"inLanguage":"en-US"},{"@type":"WebPage","@id":"https:\/\/www.theoxygenproject.com\/es\/causas-medioambientales-de-latinoamerica-urbanizacion-zonas-de-sacrificio-ambiental-y-maltrato-animal\/","url":"https:\/\/www.theoxygenproject.com\/es\/causas-medioambientales-de-latinoamerica-urbanizacion-zonas-de-sacrificio-ambiental-y-maltrato-animal\/","name":"Causas medioambientales de Latinoam\u00e9rica: Urbanizaci\u00f3n, zonas de sacrificio ambiental y maltrato animal - The Oxygen Project","isPartOf":{"@id":"https:\/\/www.theoxygenproject.com\/es\/#website"},"primaryImageOfPage":{"@id":"https:\/\/www.theoxygenproject.com\/es\/causas-medioambientales-de-latinoamerica-urbanizacion-zonas-de-sacrificio-ambiental-y-maltrato-animal\/#primaryimage"},"image":{"@id":"https:\/\/www.theoxygenproject.com\/es\/causas-medioambientales-de-latinoamerica-urbanizacion-zonas-de-sacrificio-ambiental-y-maltrato-animal\/#primaryimage"},"thumbnailUrl":"https:\/\/www.theoxygenproject.com\/es\/wp-content\/uploads\/2020\/10\/no_Mesa-de-trabajo-1-e1601517647716.png","datePublished":"2020-12-11T01:55:48+00:00","breadcrumb":{"@id":"https:\/\/www.theoxygenproject.com\/es\/causas-medioambientales-de-latinoamerica-urbanizacion-zonas-de-sacrificio-ambiental-y-maltrato-animal\/#breadcrumb"},"inLanguage":"en-US","potentialAction":[{"@type":"ReadAction","target":["https:\/\/www.theoxygenproject.com\/es\/causas-medioambientales-de-latinoamerica-urbanizacion-zonas-de-sacrificio-ambiental-y-maltrato-animal\/"]}]},{"@type":"ImageObject","inLanguage":"en-US","@id":"https:\/\/www.theoxygenproject.com\/es\/causas-medioambientales-de-latinoamerica-urbanizacion-zonas-de-sacrificio-ambiental-y-maltrato-animal\/#primaryimage","url":"https:\/\/www.theoxygenproject.com\/es\/wp-content\/uploads\/2020\/10\/no_Mesa-de-trabajo-1-e1601517647716.png","contentUrl":"https:\/\/www.theoxygenproject.com\/es\/wp-content\/uploads\/2020\/10\/no_Mesa-de-trabajo-1-e1601517647716.png","width":300,"height":300},{"@type":"BreadcrumbList","@id":"https:\/\/www.theoxygenproject.com\/es\/causas-medioambientales-de-latinoamerica-urbanizacion-zonas-de-sacrificio-ambiental-y-maltrato-animal\/#breadcrumb","itemListElement":[{"@type":"ListItem","position":1,"name":"Home","item":"https:\/\/www.theoxygenproject.com\/es\/"},{"@type":"ListItem","position":2,"name":"Causas medioambientales de Latinoam\u00e9rica: Urbanizaci\u00f3n, zonas de sacrificio ambiental y maltrato animal"}]},{"@type":"WebSite","@id":"https:\/\/www.theoxygenproject.com\/es\/#website","url":"https:\/\/www.theoxygenproject.com\/es\/","name":"The Oxygen Project","description":"","publisher":{"@id":"https:\/\/www.theoxygenproject.com\/es\/#organization"},"potentialAction":[{"@type":"SearchAction","target":{"@type":"EntryPoint","urlTemplate":"https:\/\/www.theoxygenproject.com\/es\/?s={search_term_string}"},"query-input":{"@type":"PropertyValueSpecification","valueRequired":true,"valueName":"search_term_string"}}],"inLanguage":"en-US"},{"@type":"Organization","@id":"https:\/\/www.theoxygenproject.com\/es\/#organization","name":"The Oxygen Project","url":"https:\/\/www.theoxygenproject.com\/es\/","logo":{"@type":"ImageObject","inLanguage":"en-US","@id":"https:\/\/www.theoxygenproject.com\/es\/#\/schema\/logo\/image\/","url":"https:\/\/www.theoxygenproject.com\/es\/wp-content\/uploads\/2024\/05\/top-logo-dark.png","contentUrl":"https:\/\/www.theoxygenproject.com\/es\/wp-content\/uploads\/2024\/05\/top-logo-dark.png","width":384,"height":256,"caption":"The Oxygen Project"},"image":{"@id":"https:\/\/www.theoxygenproject.com\/es\/#\/schema\/logo\/image\/"},"sameAs":["https:\/\/www.facebook.com\/theoxygenproj","https:\/\/x.com\/theoxygenproj"]},{"@type":"Person","@id":"https:\/\/www.theoxygenproject.com\/es\/#\/schema\/person\/fd1d50a727859a9283fdd988aca8d8fb","name":"Pilar R\u00edos","image":{"@type":"ImageObject","inLanguage":"en-US","@id":"https:\/\/secure.gravatar.com\/avatar\/cb4cf509d6c8cf9193108e3149294241c2397964dbeb5a2a6e6b0a4a4127fc37?s=96&d=mm&r=g","url":"https:\/\/secure.gravatar.com\/avatar\/cb4cf509d6c8cf9193108e3149294241c2397964dbeb5a2a6e6b0a4a4127fc37?s=96&d=mm&r=g","contentUrl":"https:\/\/secure.gravatar.com\/avatar\/cb4cf509d6c8cf9193108e3149294241c2397964dbeb5a2a6e6b0a4a4127fc37?s=96&d=mm&r=g","caption":"Pilar R\u00edos"},"url":"https:\/\/www.theoxygenproject.com\/es\/author\/admin-2\/"}]}},"_links":{"self":[{"href":"https:\/\/www.theoxygenproject.com\/es\/wp-json\/wp\/v2\/posts\/722","targetHints":{"allow":["GET"]}}],"collection":[{"href":"https:\/\/www.theoxygenproject.com\/es\/wp-json\/wp\/v2\/posts"}],"about":[{"href":"https:\/\/www.theoxygenproject.com\/es\/wp-json\/wp\/v2\/types\/post"}],"author":[{"embeddable":true,"href":"https:\/\/www.theoxygenproject.com\/es\/wp-json\/wp\/v2\/users\/3"}],"replies":[{"embeddable":true,"href":"https:\/\/www.theoxygenproject.com\/es\/wp-json\/wp\/v2\/comments?post=722"}],"version-history":[{"count":0,"href":"https:\/\/www.theoxygenproject.com\/es\/wp-json\/wp\/v2\/posts\/722\/revisions"}],"wp:featuredmedia":[{"embeddable":true,"href":"https:\/\/www.theoxygenproject.com\/es\/wp-json\/wp\/v2\/media\/734"}],"wp:attachment":[{"href":"https:\/\/www.theoxygenproject.com\/es\/wp-json\/wp\/v2\/media?parent=722"}],"wp:term":[{"taxonomy":"category","embeddable":true,"href":"https:\/\/www.theoxygenproject.com\/es\/wp-json\/wp\/v2\/categories?post=722"},{"taxonomy":"post_tag","embeddable":true,"href":"https:\/\/www.theoxygenproject.com\/es\/wp-json\/wp\/v2\/tags?post=722"}],"curies":[{"name":"wp","href":"https:\/\/api.w.org\/{rel}","templated":true}]}}