{"id":714,"date":"2020-11-18T15:07:47","date_gmt":"2020-11-18T12:07:47","guid":{"rendered":"https:\/\/www.theoxygenproject.com\/es\/?p=714"},"modified":"2020-11-18T15:07:47","modified_gmt":"2020-11-18T12:07:47","slug":"cinco-voces-latinoamericanas-del-cambio-climatico-traducido-a-espanol-por-topes-team","status":"publish","type":"post","link":"https:\/\/www.theoxygenproject.com\/es\/cinco-voces-latinoamericanas-del-cambio-climatico-traducido-a-espanol-por-topes-team\/","title":{"rendered":"Cinco voces latinoamericanas del cambio clim\u00e1tico"},"content":{"rendered":"<h5><em><strong>Traducido a espa\u00f1ol por TOPes team<\/strong><\/em><\/h5>\n<p><span style=\"font-weight: 400;\">La abundante biodiversidad y la falta de compromiso de los Estados con el medioambiente hace de Latinoam\u00e9rica un lugar muy vulnerable. Desde las sequ\u00edas hist\u00f3ricas en Chile, pasando por los da\u00f1os &#8220;irreversibles&#8221; del Amazonas, hasta la reducci\u00f3n del 30% de los glaciares peruanos y el 84% de las pesquer\u00edas mexicanas en peligro.<\/span><\/p>\n<p><span style=\"font-weight: 400;\">Algunas estimaciones calculan que los da\u00f1os del cambio clim\u00e1tico en la regi\u00f3n se acercar\u00e1n a los 100.000 millones de d\u00f3lares para 2050. Se considera que Am\u00e9rica Latina es un continente en v\u00edas de desarrollo, donde las econom\u00edas de la regi\u00f3n han hecho grandes inversiones para cumplir sus compromisos con el Acuerdo de Par\u00eds.\u00a0<\/span><\/p>\n<p><span style=\"font-weight: 400;\">M\u00e1s all\u00e1 de los pol\u00edticos y las empresas, hay una creciente consciencia sobre los efectos del cambio clim\u00e1tico entre la gente, en parte gracias al trabajo creativo y apasionado de algunas voces que se han transformado en representantes entre los j\u00f3venes en la defensa del medioambiente, quienes difunden en las redes sociales sus luchas y preocupaciones. A continuaci\u00f3n encuentra cinco perfiles que puedes seguir para mantenerte informado de los principales problemas y causas por las que abogan estos j\u00f3venes apasionados por salvar al planeta:<\/span><\/p>\n<p>&nbsp;<\/p>\n<ol>\n<li><span style=\"font-weight: 400;\"> Helena Gualinga &#8211; Ecuador\u00a0<\/span><\/li>\n<\/ol>\n","protected":false},"excerpt":{"rendered":"<p>Traducido a espa\u00f1ol por TOPes team La abundante biodiversidad y la falta de compromiso de los Estados con el medioambiente hace de Latinoam\u00e9rica un lugar muy vulnerable. Desde las sequ\u00edas&#8230;<\/p>\n","protected":false},"author":3,"featured_media":719,"comment_status":"closed","ping_status":"closed","sticky":false,"template":"","format":"standard","meta":{"_mo_disable_npp":"","footnotes":""},"categories":[3,4],"tags":[],"class_list":["post-714","post","type-post","status-publish","format-standard","has-post-thumbnail","hentry","category-accion-climatica","category-voces"],"yoast_head":"<!-- This site is optimized with the Yoast SEO plugin v28.3 - https:\/\/yoast.com\/product\/yoast-seo-wordpress\/ -->\n<title>Cinco voces latinoamericanas del cambio clim\u00e1tico - The Oxygen Project<\/title>\n<meta name=\"robots\" content=\"index, follow, max-snippet:-1, max-image-preview:large, max-video-preview:-1\" \/>\n<link rel=\"canonical\" href=\"https:\/\/www.theoxygenproject.com\/es\/cinco-voces-latinoamericanas-del-cambio-climatico-traducido-a-espanol-por-topes-team\/\" \/>\n<meta property=\"og:locale\" content=\"en_US\" \/>\n<meta property=\"og:type\" content=\"article\" \/>\n<meta property=\"og:title\" content=\"Cinco voces latinoamericanas del cambio clim\u00e1tico - The Oxygen Project\" \/>\n<meta property=\"og:description\" content=\"Traducido a espa\u00f1ol por TOPes team La abundante biodiversidad y la falta de compromiso de los Estados con el medioambiente hace de Latinoam\u00e9rica un lugar muy vulnerable. Desde las sequ\u00edas...\" \/>\n<meta property=\"og:url\" content=\"https:\/\/www.theoxygenproject.com\/es\/cinco-voces-latinoamericanas-del-cambio-climatico-traducido-a-espanol-por-topes-team\/\" \/>\n<meta property=\"og:site_name\" content=\"The Oxygen Project\" \/>\n<meta property=\"article:publisher\" content=\"https:\/\/www.facebook.com\/theoxygenproj\" \/>\n<meta property=\"article:published_time\" content=\"2020-11-18T12:07:47+00:00\" \/>\n<meta property=\"og:image\" content=\"https:\/\/www.theoxygenproject.com\/es\/wp-content\/uploads\/2020\/09\/helena_bn_color-e1601219324545.png\" \/>\n\t<meta property=\"og:image:width\" content=\"400\" \/>\n\t<meta property=\"og:image:height\" content=\"425\" \/>\n\t<meta property=\"og:image:type\" content=\"image\/png\" \/>\n<meta name=\"author\" content=\"Pilar R\u00edos\" \/>\n<meta name=\"twitter:card\" content=\"summary_large_image\" \/>\n<meta name=\"twitter:creator\" content=\"@theoxygenproj\" \/>\n<meta name=\"twitter:site\" content=\"@theoxygenproj\" \/>\n<meta name=\"twitter:label1\" content=\"Written by\" \/>\n\t<meta name=\"twitter:data1\" content=\"Pilar R\u00edos\" \/>\n\t<meta name=\"twitter:label2\" content=\"Est. reading time\" \/>\n\t<meta name=\"twitter:data2\" content=\"1 minute\" \/>\n<script type=\"application\/ld+json\" class=\"yoast-schema-graph\">{\"@context\":\"https:\\\/\\\/schema.org\",\"@graph\":[{\"@type\":\"Article\",\"@id\":\"https:\\\/\\\/www.theoxygenproject.com\\\/es\\\/cinco-voces-latinoamericanas-del-cambio-climatico-traducido-a-espanol-por-topes-team\\\/#article\",\"isPartOf\":{\"@id\":\"https:\\\/\\\/www.theoxygenproject.com\\\/es\\\/cinco-voces-latinoamericanas-del-cambio-climatico-traducido-a-espanol-por-topes-team\\\/\"},\"author\":{\"name\":\"Pilar R\u00edos\",\"@id\":\"https:\\\/\\\/www.theoxygenproject.com\\\/es\\\/#\\\/schema\\\/person\\\/fd1d50a727859a9283fdd988aca8d8fb\"},\"headline\":\"Cinco voces latinoamericanas del cambio clim\u00e1tico\",\"datePublished\":\"2020-11-18T12:07:47+00:00\",\"mainEntityOfPage\":{\"@id\":\"https:\\\/\\\/www.theoxygenproject.com\\\/es\\\/cinco-voces-latinoamericanas-del-cambio-climatico-traducido-a-espanol-por-topes-team\\\/\"},\"wordCount\":226,\"publisher\":{\"@id\":\"https:\\\/\\\/www.theoxygenproject.com\\\/es\\\/#organization\"},\"image\":{\"@id\":\"https:\\\/\\\/www.theoxygenproject.com\\\/es\\\/cinco-voces-latinoamericanas-del-cambio-climatico-traducido-a-espanol-por-topes-team\\\/#primaryimage\"},\"thumbnailUrl\":\"https:\\\/\\\/www.theoxygenproject.com\\\/es\\\/wp-content\\\/uploads\\\/2020\\\/09\\\/helena_bn_color-e1601219324545.png\",\"articleSection\":[\"Acci\u00f3n Clim\u00e1tica\",\"Defensores\"],\"inLanguage\":\"en-US\"},{\"@type\":\"WebPage\",\"@id\":\"https:\\\/\\\/www.theoxygenproject.com\\\/es\\\/cinco-voces-latinoamericanas-del-cambio-climatico-traducido-a-espanol-por-topes-team\\\/\",\"url\":\"https:\\\/\\\/www.theoxygenproject.com\\\/es\\\/cinco-voces-latinoamericanas-del-cambio-climatico-traducido-a-espanol-por-topes-team\\\/\",\"name\":\"Cinco voces latinoamericanas del cambio clim\u00e1tico - The Oxygen Project\",\"isPartOf\":{\"@id\":\"https:\\\/\\\/www.theoxygenproject.com\\\/es\\\/#website\"},\"primaryImageOfPage\":{\"@id\":\"https:\\\/\\\/www.theoxygenproject.com\\\/es\\\/cinco-voces-latinoamericanas-del-cambio-climatico-traducido-a-espanol-por-topes-team\\\/#primaryimage\"},\"image\":{\"@id\":\"https:\\\/\\\/www.theoxygenproject.com\\\/es\\\/cinco-voces-latinoamericanas-del-cambio-climatico-traducido-a-espanol-por-topes-team\\\/#primaryimage\"},\"thumbnailUrl\":\"https:\\\/\\\/www.theoxygenproject.com\\\/es\\\/wp-content\\\/uploads\\\/2020\\\/09\\\/helena_bn_color-e1601219324545.png\",\"datePublished\":\"2020-11-18T12:07:47+00:00\",\"breadcrumb\":{\"@id\":\"https:\\\/\\\/www.theoxygenproject.com\\\/es\\\/cinco-voces-latinoamericanas-del-cambio-climatico-traducido-a-espanol-por-topes-team\\\/#breadcrumb\"},\"inLanguage\":\"en-US\",\"potentialAction\":[{\"@type\":\"ReadAction\",\"target\":[\"https:\\\/\\\/www.theoxygenproject.com\\\/es\\\/cinco-voces-latinoamericanas-del-cambio-climatico-traducido-a-espanol-por-topes-team\\\/\"]}]},{\"@type\":\"ImageObject\",\"inLanguage\":\"en-US\",\"@id\":\"https:\\\/\\\/www.theoxygenproject.com\\\/es\\\/cinco-voces-latinoamericanas-del-cambio-climatico-traducido-a-espanol-por-topes-team\\\/#primaryimage\",\"url\":\"https:\\\/\\\/www.theoxygenproject.com\\\/es\\\/wp-content\\\/uploads\\\/2020\\\/09\\\/helena_bn_color-e1601219324545.png\",\"contentUrl\":\"https:\\\/\\\/www.theoxygenproject.com\\\/es\\\/wp-content\\\/uploads\\\/2020\\\/09\\\/helena_bn_color-e1601219324545.png\",\"width\":400,\"height\":425},{\"@type\":\"BreadcrumbList\",\"@id\":\"https:\\\/\\\/www.theoxygenproject.com\\\/es\\\/cinco-voces-latinoamericanas-del-cambio-climatico-traducido-a-espanol-por-topes-team\\\/#breadcrumb\",\"itemListElement\":[{\"@type\":\"ListItem\",\"position\":1,\"name\":\"Home\",\"item\":\"https:\\\/\\\/www.theoxygenproject.com\\\/es\\\/\"},{\"@type\":\"ListItem\",\"position\":2,\"name\":\"Cinco voces latinoamericanas del cambio clim\u00e1tico\"}]},{\"@type\":\"WebSite\",\"@id\":\"https:\\\/\\\/www.theoxygenproject.com\\\/es\\\/#website\",\"url\":\"https:\\\/\\\/www.theoxygenproject.com\\\/es\\\/\",\"name\":\"The Oxygen Project\",\"description\":\"\",\"publisher\":{\"@id\":\"https:\\\/\\\/www.theoxygenproject.com\\\/es\\\/#organization\"},\"potentialAction\":[{\"@type\":\"SearchAction\",\"target\":{\"@type\":\"EntryPoint\",\"urlTemplate\":\"https:\\\/\\\/www.theoxygenproject.com\\\/es\\\/?s={search_term_string}\"},\"query-input\":{\"@type\":\"PropertyValueSpecification\",\"valueRequired\":true,\"valueName\":\"search_term_string\"}}],\"inLanguage\":\"en-US\"},{\"@type\":\"Organization\",\"@id\":\"https:\\\/\\\/www.theoxygenproject.com\\\/es\\\/#organization\",\"name\":\"The Oxygen Project\",\"url\":\"https:\\\/\\\/www.theoxygenproject.com\\\/es\\\/\",\"logo\":{\"@type\":\"ImageObject\",\"inLanguage\":\"en-US\",\"@id\":\"https:\\\/\\\/www.theoxygenproject.com\\\/es\\\/#\\\/schema\\\/logo\\\/image\\\/\",\"url\":\"https:\\\/\\\/www.theoxygenproject.com\\\/es\\\/wp-content\\\/uploads\\\/2024\\\/05\\\/top-logo-dark.png\",\"contentUrl\":\"https:\\\/\\\/www.theoxygenproject.com\\\/es\\\/wp-content\\\/uploads\\\/2024\\\/05\\\/top-logo-dark.png\",\"width\":384,\"height\":256,\"caption\":\"The Oxygen Project\"},\"image\":{\"@id\":\"https:\\\/\\\/www.theoxygenproject.com\\\/es\\\/#\\\/schema\\\/logo\\\/image\\\/\"},\"sameAs\":[\"https:\\\/\\\/www.facebook.com\\\/theoxygenproj\",\"https:\\\/\\\/x.com\\\/theoxygenproj\"]},{\"@type\":\"Person\",\"@id\":\"https:\\\/\\\/www.theoxygenproject.com\\\/es\\\/#\\\/schema\\\/person\\\/fd1d50a727859a9283fdd988aca8d8fb\",\"name\":\"Pilar R\u00edos\",\"image\":{\"@type\":\"ImageObject\",\"inLanguage\":\"en-US\",\"@id\":\"https:\\\/\\\/secure.gravatar.com\\\/avatar\\\/cb4cf509d6c8cf9193108e3149294241c2397964dbeb5a2a6e6b0a4a4127fc37?s=96&d=mm&r=g\",\"url\":\"https:\\\/\\\/secure.gravatar.com\\\/avatar\\\/cb4cf509d6c8cf9193108e3149294241c2397964dbeb5a2a6e6b0a4a4127fc37?s=96&d=mm&r=g\",\"contentUrl\":\"https:\\\/\\\/secure.gravatar.com\\\/avatar\\\/cb4cf509d6c8cf9193108e3149294241c2397964dbeb5a2a6e6b0a4a4127fc37?s=96&d=mm&r=g\",\"caption\":\"Pilar R\u00edos\"},\"url\":\"https:\\\/\\\/www.theoxygenproject.com\\\/es\\\/author\\\/admin-2\\\/\"}]}<\/script>\n<!-- \/ Yoast SEO plugin. -->","yoast_head_json":{"title":"Cinco voces latinoamericanas del cambio clim\u00e1tico - The Oxygen Project","robots":{"index":"index","follow":"follow","max-snippet":"max-snippet:-1","max-image-preview":"max-image-preview:large","max-video-preview":"max-video-preview:-1"},"canonical":"https:\/\/www.theoxygenproject.com\/es\/cinco-voces-latinoamericanas-del-cambio-climatico-traducido-a-espanol-por-topes-team\/","og_locale":"en_US","og_type":"article","og_title":"Cinco voces latinoamericanas del cambio clim\u00e1tico - The Oxygen Project","og_description":"Traducido a espa\u00f1ol por TOPes team La abundante biodiversidad y la falta de compromiso de los Estados con el medioambiente hace de Latinoam\u00e9rica un lugar muy vulnerable. Desde las sequ\u00edas...","og_url":"https:\/\/www.theoxygenproject.com\/es\/cinco-voces-latinoamericanas-del-cambio-climatico-traducido-a-espanol-por-topes-team\/","og_site_name":"The Oxygen Project","article_publisher":"https:\/\/www.facebook.com\/theoxygenproj","article_published_time":"2020-11-18T12:07:47+00:00","og_image":[{"width":400,"height":425,"url":"https:\/\/www.theoxygenproject.com\/es\/wp-content\/uploads\/2020\/09\/helena_bn_color-e1601219324545.png","type":"image\/png"}],"author":"Pilar R\u00edos","twitter_card":"summary_large_image","twitter_creator":"@theoxygenproj","twitter_site":"@theoxygenproj","twitter_misc":{"Written by":"Pilar R\u00edos","Est. reading time":"1 minute"},"schema":{"@context":"https:\/\/schema.org","@graph":[{"@type":"Article","@id":"https:\/\/www.theoxygenproject.com\/es\/cinco-voces-latinoamericanas-del-cambio-climatico-traducido-a-espanol-por-topes-team\/#article","isPartOf":{"@id":"https:\/\/www.theoxygenproject.com\/es\/cinco-voces-latinoamericanas-del-cambio-climatico-traducido-a-espanol-por-topes-team\/"},"author":{"name":"Pilar R\u00edos","@id":"https:\/\/www.theoxygenproject.com\/es\/#\/schema\/person\/fd1d50a727859a9283fdd988aca8d8fb"},"headline":"Cinco voces latinoamericanas del cambio clim\u00e1tico","datePublished":"2020-11-18T12:07:47+00:00","mainEntityOfPage":{"@id":"https:\/\/www.theoxygenproject.com\/es\/cinco-voces-latinoamericanas-del-cambio-climatico-traducido-a-espanol-por-topes-team\/"},"wordCount":226,"publisher":{"@id":"https:\/\/www.theoxygenproject.com\/es\/#organization"},"image":{"@id":"https:\/\/www.theoxygenproject.com\/es\/cinco-voces-latinoamericanas-del-cambio-climatico-traducido-a-espanol-por-topes-team\/#primaryimage"},"thumbnailUrl":"https:\/\/www.theoxygenproject.com\/es\/wp-content\/uploads\/2020\/09\/helena_bn_color-e1601219324545.png","articleSection":["Acci\u00f3n Clim\u00e1tica","Defensores"],"inLanguage":"en-US"},{"@type":"WebPage","@id":"https:\/\/www.theoxygenproject.com\/es\/cinco-voces-latinoamericanas-del-cambio-climatico-traducido-a-espanol-por-topes-team\/","url":"https:\/\/www.theoxygenproject.com\/es\/cinco-voces-latinoamericanas-del-cambio-climatico-traducido-a-espanol-por-topes-team\/","name":"Cinco voces latinoamericanas del cambio clim\u00e1tico - The Oxygen Project","isPartOf":{"@id":"https:\/\/www.theoxygenproject.com\/es\/#website"},"primaryImageOfPage":{"@id":"https:\/\/www.theoxygenproject.com\/es\/cinco-voces-latinoamericanas-del-cambio-climatico-traducido-a-espanol-por-topes-team\/#primaryimage"},"image":{"@id":"https:\/\/www.theoxygenproject.com\/es\/cinco-voces-latinoamericanas-del-cambio-climatico-traducido-a-espanol-por-topes-team\/#primaryimage"},"thumbnailUrl":"https:\/\/www.theoxygenproject.com\/es\/wp-content\/uploads\/2020\/09\/helena_bn_color-e1601219324545.png","datePublished":"2020-11-18T12:07:47+00:00","breadcrumb":{"@id":"https:\/\/www.theoxygenproject.com\/es\/cinco-voces-latinoamericanas-del-cambio-climatico-traducido-a-espanol-por-topes-team\/#breadcrumb"},"inLanguage":"en-US","potentialAction":[{"@type":"ReadAction","target":["https:\/\/www.theoxygenproject.com\/es\/cinco-voces-latinoamericanas-del-cambio-climatico-traducido-a-espanol-por-topes-team\/"]}]},{"@type":"ImageObject","inLanguage":"en-US","@id":"https:\/\/www.theoxygenproject.com\/es\/cinco-voces-latinoamericanas-del-cambio-climatico-traducido-a-espanol-por-topes-team\/#primaryimage","url":"https:\/\/www.theoxygenproject.com\/es\/wp-content\/uploads\/2020\/09\/helena_bn_color-e1601219324545.png","contentUrl":"https:\/\/www.theoxygenproject.com\/es\/wp-content\/uploads\/2020\/09\/helena_bn_color-e1601219324545.png","width":400,"height":425},{"@type":"BreadcrumbList","@id":"https:\/\/www.theoxygenproject.com\/es\/cinco-voces-latinoamericanas-del-cambio-climatico-traducido-a-espanol-por-topes-team\/#breadcrumb","itemListElement":[{"@type":"ListItem","position":1,"name":"Home","item":"https:\/\/www.theoxygenproject.com\/es\/"},{"@type":"ListItem","position":2,"name":"Cinco voces latinoamericanas del cambio clim\u00e1tico"}]},{"@type":"WebSite","@id":"https:\/\/www.theoxygenproject.com\/es\/#website","url":"https:\/\/www.theoxygenproject.com\/es\/","name":"The Oxygen Project","description":"","publisher":{"@id":"https:\/\/www.theoxygenproject.com\/es\/#organization"},"potentialAction":[{"@type":"SearchAction","target":{"@type":"EntryPoint","urlTemplate":"https:\/\/www.theoxygenproject.com\/es\/?s={search_term_string}"},"query-input":{"@type":"PropertyValueSpecification","valueRequired":true,"valueName":"search_term_string"}}],"inLanguage":"en-US"},{"@type":"Organization","@id":"https:\/\/www.theoxygenproject.com\/es\/#organization","name":"The Oxygen Project","url":"https:\/\/www.theoxygenproject.com\/es\/","logo":{"@type":"ImageObject","inLanguage":"en-US","@id":"https:\/\/www.theoxygenproject.com\/es\/#\/schema\/logo\/image\/","url":"https:\/\/www.theoxygenproject.com\/es\/wp-content\/uploads\/2024\/05\/top-logo-dark.png","contentUrl":"https:\/\/www.theoxygenproject.com\/es\/wp-content\/uploads\/2024\/05\/top-logo-dark.png","width":384,"height":256,"caption":"The Oxygen Project"},"image":{"@id":"https:\/\/www.theoxygenproject.com\/es\/#\/schema\/logo\/image\/"},"sameAs":["https:\/\/www.facebook.com\/theoxygenproj","https:\/\/x.com\/theoxygenproj"]},{"@type":"Person","@id":"https:\/\/www.theoxygenproject.com\/es\/#\/schema\/person\/fd1d50a727859a9283fdd988aca8d8fb","name":"Pilar R\u00edos","image":{"@type":"ImageObject","inLanguage":"en-US","@id":"https:\/\/secure.gravatar.com\/avatar\/cb4cf509d6c8cf9193108e3149294241c2397964dbeb5a2a6e6b0a4a4127fc37?s=96&d=mm&r=g","url":"https:\/\/secure.gravatar.com\/avatar\/cb4cf509d6c8cf9193108e3149294241c2397964dbeb5a2a6e6b0a4a4127fc37?s=96&d=mm&r=g","contentUrl":"https:\/\/secure.gravatar.com\/avatar\/cb4cf509d6c8cf9193108e3149294241c2397964dbeb5a2a6e6b0a4a4127fc37?s=96&d=mm&r=g","caption":"Pilar R\u00edos"},"url":"https:\/\/www.theoxygenproject.com\/es\/author\/admin-2\/"}]}},"_links":{"self":[{"href":"https:\/\/www.theoxygenproject.com\/es\/wp-json\/wp\/v2\/posts\/714","targetHints":{"allow":["GET"]}}],"collection":[{"href":"https:\/\/www.theoxygenproject.com\/es\/wp-json\/wp\/v2\/posts"}],"about":[{"href":"https:\/\/www.theoxygenproject.com\/es\/wp-json\/wp\/v2\/types\/post"}],"author":[{"embeddable":true,"href":"https:\/\/www.theoxygenproject.com\/es\/wp-json\/wp\/v2\/users\/3"}],"replies":[{"embeddable":true,"href":"https:\/\/www.theoxygenproject.com\/es\/wp-json\/wp\/v2\/comments?post=714"}],"version-history":[{"count":0,"href":"https:\/\/www.theoxygenproject.com\/es\/wp-json\/wp\/v2\/posts\/714\/revisions"}],"wp:featuredmedia":[{"embeddable":true,"href":"https:\/\/www.theoxygenproject.com\/es\/wp-json\/wp\/v2\/media\/719"}],"wp:attachment":[{"href":"https:\/\/www.theoxygenproject.com\/es\/wp-json\/wp\/v2\/media?parent=714"}],"wp:term":[{"taxonomy":"category","embeddable":true,"href":"https:\/\/www.theoxygenproject.com\/es\/wp-json\/wp\/v2\/categories?post=714"},{"taxonomy":"post_tag","embeddable":true,"href":"https:\/\/www.theoxygenproject.com\/es\/wp-json\/wp\/v2\/tags?post=714"}],"curies":[{"name":"wp","href":"https:\/\/api.w.org\/{rel}","templated":true}]}}