{"id":706,"date":"2020-11-30T10:18:05","date_gmt":"2020-11-30T07:18:05","guid":{"rendered":"https:\/\/www.theoxygenproject.com\/es\/?p=706"},"modified":"2020-11-30T10:18:05","modified_gmt":"2020-11-30T07:18:05","slug":"la-herencia-de-la-causa-medioambiental-por-la-muerte-de-una-madre-defensora","status":"publish","type":"post","link":"https:\/\/www.theoxygenproject.com\/es\/la-herencia-de-la-causa-medioambiental-por-la-muerte-de-una-madre-defensora\/","title":{"rendered":"La herencia de la causa medioambiental por la muerte de una madre defensora"},"content":{"rendered":"<h5><b>Por: Pilar R\u00edos<\/b><\/h5>\n<p><span style=\"font-weight: 400;\">El a\u00f1o 2019 fue nefasto para los l\u00edderes ambientales; 274 asesinatos por defender <\/span><span style=\"font-weight: 400;\">sus montes, el agua, los bosques, los r\u00edos o el aire. Muchas muertes quedar\u00e1n impunes porque se ocultan bajo la palabra progreso, desarrollo, rentabilidad e inversi\u00f3n. De esas voces apagadas surgen hijos, padres, hermanos, parejas que contin\u00faan el legado de una lucha que no para, de una sentencia de muerte nace la fuerza y de la fuerza el amor perpetuo por la tierra.<\/span><\/p>\n<p><span style=\"font-weight: 400;\">En Honduras un nombre que pas\u00f3 a la historia es el de Berta C\u00e1ceres, asesinada el 3 de marzo de 2016, una <\/span><span style=\"font-weight: 400;\">mujer ind\u00edgena Lenca defensora de los derechos. Activista por 20 a\u00f1os del territorio y de los derechos del pueblo Lenca. En 1993 co-fund\u00f3 el Consejo C\u00edvico de Organizaciones Ind\u00edgenas Populares (COPINH), desde el cual organiz\u00f3 feroces campa\u00f1as contra los megaproyectos que violaban los derechos ambientales y la tierra de las comunidades locales. Berta se enfrent\u00f3 &#8211; y, a menudo derrot\u00f3 &#8211; a madereros ilegales, due\u00f1os de las plantaciones, corporaciones multinacionales y proyectos de represas que cortaban los suministros de alimentos y agua a las comunidades ind\u00edgenas.<\/span><\/p>\n<p><span style=\"font-weight: 400;\">De la muerte nace una herencia encarnada en un mismo nombre, sangre y pasi\u00f3n. <\/span><span style=\"font-weight: 400;\">Berta Z\u00fa\u00f1iga, hija de C\u00e1ceres, a sus 29 a\u00f1os contin\u00faa el legado de su madre en <\/span><span style=\"font-weight: 400;\">su b\u00fasqueda por descubrir el autor intelectual de su muerte.<\/span> <span style=\"font-weight: 400;\">Asume las riendas del Consejo C\u00edvico de Organizaciones Populares e Ind\u00edgenas de Honduras (COPINH), la organizaci\u00f3n que su progenitora ayud\u00f3 a fundar.\u00a0<\/span><\/p>\n","protected":false},"excerpt":{"rendered":"<p>Por: Pilar R\u00edos El a\u00f1o 2019 fue nefasto para los l\u00edderes ambientales; 274 asesinatos por defender sus montes, el agua, los bosques, los r\u00edos o el aire. Muchas muertes quedar\u00e1n&#8230;<\/p>\n","protected":false},"author":3,"featured_media":708,"comment_status":"closed","ping_status":"closed","sticky":false,"template":"","format":"standard","meta":{"_mo_disable_npp":"","footnotes":""},"categories":[3,4],"tags":[],"class_list":["post-706","post","type-post","status-publish","format-standard","has-post-thumbnail","hentry","category-accion-climatica","category-voces"],"yoast_head":"<!-- This site is optimized with the Yoast SEO plugin v28.3 - https:\/\/yoast.com\/product\/yoast-seo-wordpress\/ -->\n<title>La herencia de la causa medioambiental por la muerte de una madre defensora - The Oxygen Project<\/title>\n<meta name=\"robots\" content=\"index, follow, max-snippet:-1, max-image-preview:large, max-video-preview:-1\" \/>\n<link rel=\"canonical\" href=\"https:\/\/www.theoxygenproject.com\/es\/la-herencia-de-la-causa-medioambiental-por-la-muerte-de-una-madre-defensora\/\" \/>\n<meta property=\"og:locale\" content=\"en_US\" \/>\n<meta property=\"og:type\" content=\"article\" \/>\n<meta property=\"og:title\" content=\"La herencia de la causa medioambiental por la muerte de una madre defensora - The Oxygen Project\" \/>\n<meta property=\"og:description\" content=\"Por: Pilar R\u00edos El a\u00f1o 2019 fue nefasto para los l\u00edderes ambientales; 274 asesinatos por defender sus montes, el agua, los bosques, los r\u00edos o el aire. Muchas muertes quedar\u00e1n...\" \/>\n<meta property=\"og:url\" content=\"https:\/\/www.theoxygenproject.com\/es\/la-herencia-de-la-causa-medioambiental-por-la-muerte-de-una-madre-defensora\/\" \/>\n<meta property=\"og:site_name\" content=\"The Oxygen Project\" \/>\n<meta property=\"article:publisher\" content=\"https:\/\/www.facebook.com\/theoxygenproj\" \/>\n<meta property=\"article:published_time\" content=\"2020-11-30T07:18:05+00:00\" \/>\n<meta property=\"og:image\" content=\"https:\/\/www.theoxygenproject.com\/es\/wp-content\/uploads\/2020\/09\/Berta-ilustracion.jpg\" \/>\n\t<meta property=\"og:image:width\" content=\"325\" \/>\n\t<meta property=\"og:image:height\" content=\"350\" \/>\n\t<meta property=\"og:image:type\" content=\"image\/jpeg\" \/>\n<meta name=\"author\" content=\"Pilar R\u00edos\" \/>\n<meta name=\"twitter:card\" content=\"summary_large_image\" \/>\n<meta name=\"twitter:creator\" content=\"@theoxygenproj\" \/>\n<meta name=\"twitter:site\" content=\"@theoxygenproj\" \/>\n<meta name=\"twitter:label1\" content=\"Written by\" \/>\n\t<meta name=\"twitter:data1\" content=\"Pilar R\u00edos\" \/>\n\t<meta name=\"twitter:label2\" content=\"Est. reading time\" \/>\n\t<meta name=\"twitter:data2\" content=\"1 minute\" \/>\n<script type=\"application\/ld+json\" class=\"yoast-schema-graph\">{\"@context\":\"https:\\\/\\\/schema.org\",\"@graph\":[{\"@type\":\"Article\",\"@id\":\"https:\\\/\\\/www.theoxygenproject.com\\\/es\\\/la-herencia-de-la-causa-medioambiental-por-la-muerte-de-una-madre-defensora\\\/#article\",\"isPartOf\":{\"@id\":\"https:\\\/\\\/www.theoxygenproject.com\\\/es\\\/la-herencia-de-la-causa-medioambiental-por-la-muerte-de-una-madre-defensora\\\/\"},\"author\":{\"name\":\"Pilar R\u00edos\",\"@id\":\"https:\\\/\\\/www.theoxygenproject.com\\\/es\\\/#\\\/schema\\\/person\\\/fd1d50a727859a9283fdd988aca8d8fb\"},\"headline\":\"La herencia de la causa medioambiental por la muerte de una madre defensora\",\"datePublished\":\"2020-11-30T07:18:05+00:00\",\"mainEntityOfPage\":{\"@id\":\"https:\\\/\\\/www.theoxygenproject.com\\\/es\\\/la-herencia-de-la-causa-medioambiental-por-la-muerte-de-una-madre-defensora\\\/\"},\"wordCount\":279,\"publisher\":{\"@id\":\"https:\\\/\\\/www.theoxygenproject.com\\\/es\\\/#organization\"},\"image\":{\"@id\":\"https:\\\/\\\/www.theoxygenproject.com\\\/es\\\/la-herencia-de-la-causa-medioambiental-por-la-muerte-de-una-madre-defensora\\\/#primaryimage\"},\"thumbnailUrl\":\"https:\\\/\\\/www.theoxygenproject.com\\\/es\\\/wp-content\\\/uploads\\\/2020\\\/09\\\/Berta-ilustracion.jpg\",\"articleSection\":[\"Acci\u00f3n Clim\u00e1tica\",\"Defensores\"],\"inLanguage\":\"en-US\"},{\"@type\":\"WebPage\",\"@id\":\"https:\\\/\\\/www.theoxygenproject.com\\\/es\\\/la-herencia-de-la-causa-medioambiental-por-la-muerte-de-una-madre-defensora\\\/\",\"url\":\"https:\\\/\\\/www.theoxygenproject.com\\\/es\\\/la-herencia-de-la-causa-medioambiental-por-la-muerte-de-una-madre-defensora\\\/\",\"name\":\"La herencia de la causa medioambiental por la muerte de una madre defensora - The Oxygen Project\",\"isPartOf\":{\"@id\":\"https:\\\/\\\/www.theoxygenproject.com\\\/es\\\/#website\"},\"primaryImageOfPage\":{\"@id\":\"https:\\\/\\\/www.theoxygenproject.com\\\/es\\\/la-herencia-de-la-causa-medioambiental-por-la-muerte-de-una-madre-defensora\\\/#primaryimage\"},\"image\":{\"@id\":\"https:\\\/\\\/www.theoxygenproject.com\\\/es\\\/la-herencia-de-la-causa-medioambiental-por-la-muerte-de-una-madre-defensora\\\/#primaryimage\"},\"thumbnailUrl\":\"https:\\\/\\\/www.theoxygenproject.com\\\/es\\\/wp-content\\\/uploads\\\/2020\\\/09\\\/Berta-ilustracion.jpg\",\"datePublished\":\"2020-11-30T07:18:05+00:00\",\"breadcrumb\":{\"@id\":\"https:\\\/\\\/www.theoxygenproject.com\\\/es\\\/la-herencia-de-la-causa-medioambiental-por-la-muerte-de-una-madre-defensora\\\/#breadcrumb\"},\"inLanguage\":\"en-US\",\"potentialAction\":[{\"@type\":\"ReadAction\",\"target\":[\"https:\\\/\\\/www.theoxygenproject.com\\\/es\\\/la-herencia-de-la-causa-medioambiental-por-la-muerte-de-una-madre-defensora\\\/\"]}]},{\"@type\":\"ImageObject\",\"inLanguage\":\"en-US\",\"@id\":\"https:\\\/\\\/www.theoxygenproject.com\\\/es\\\/la-herencia-de-la-causa-medioambiental-por-la-muerte-de-una-madre-defensora\\\/#primaryimage\",\"url\":\"https:\\\/\\\/www.theoxygenproject.com\\\/es\\\/wp-content\\\/uploads\\\/2020\\\/09\\\/Berta-ilustracion.jpg\",\"contentUrl\":\"https:\\\/\\\/www.theoxygenproject.com\\\/es\\\/wp-content\\\/uploads\\\/2020\\\/09\\\/Berta-ilustracion.jpg\",\"width\":325,\"height\":350},{\"@type\":\"BreadcrumbList\",\"@id\":\"https:\\\/\\\/www.theoxygenproject.com\\\/es\\\/la-herencia-de-la-causa-medioambiental-por-la-muerte-de-una-madre-defensora\\\/#breadcrumb\",\"itemListElement\":[{\"@type\":\"ListItem\",\"position\":1,\"name\":\"Home\",\"item\":\"https:\\\/\\\/www.theoxygenproject.com\\\/es\\\/\"},{\"@type\":\"ListItem\",\"position\":2,\"name\":\"La herencia de la causa medioambiental por la muerte de una madre defensora\"}]},{\"@type\":\"WebSite\",\"@id\":\"https:\\\/\\\/www.theoxygenproject.com\\\/es\\\/#website\",\"url\":\"https:\\\/\\\/www.theoxygenproject.com\\\/es\\\/\",\"name\":\"The Oxygen Project\",\"description\":\"\",\"publisher\":{\"@id\":\"https:\\\/\\\/www.theoxygenproject.com\\\/es\\\/#organization\"},\"potentialAction\":[{\"@type\":\"SearchAction\",\"target\":{\"@type\":\"EntryPoint\",\"urlTemplate\":\"https:\\\/\\\/www.theoxygenproject.com\\\/es\\\/?s={search_term_string}\"},\"query-input\":{\"@type\":\"PropertyValueSpecification\",\"valueRequired\":true,\"valueName\":\"search_term_string\"}}],\"inLanguage\":\"en-US\"},{\"@type\":\"Organization\",\"@id\":\"https:\\\/\\\/www.theoxygenproject.com\\\/es\\\/#organization\",\"name\":\"The Oxygen Project\",\"url\":\"https:\\\/\\\/www.theoxygenproject.com\\\/es\\\/\",\"logo\":{\"@type\":\"ImageObject\",\"inLanguage\":\"en-US\",\"@id\":\"https:\\\/\\\/www.theoxygenproject.com\\\/es\\\/#\\\/schema\\\/logo\\\/image\\\/\",\"url\":\"https:\\\/\\\/www.theoxygenproject.com\\\/es\\\/wp-content\\\/uploads\\\/2024\\\/05\\\/top-logo-dark.png\",\"contentUrl\":\"https:\\\/\\\/www.theoxygenproject.com\\\/es\\\/wp-content\\\/uploads\\\/2024\\\/05\\\/top-logo-dark.png\",\"width\":384,\"height\":256,\"caption\":\"The Oxygen Project\"},\"image\":{\"@id\":\"https:\\\/\\\/www.theoxygenproject.com\\\/es\\\/#\\\/schema\\\/logo\\\/image\\\/\"},\"sameAs\":[\"https:\\\/\\\/www.facebook.com\\\/theoxygenproj\",\"https:\\\/\\\/x.com\\\/theoxygenproj\"]},{\"@type\":\"Person\",\"@id\":\"https:\\\/\\\/www.theoxygenproject.com\\\/es\\\/#\\\/schema\\\/person\\\/fd1d50a727859a9283fdd988aca8d8fb\",\"name\":\"Pilar R\u00edos\",\"image\":{\"@type\":\"ImageObject\",\"inLanguage\":\"en-US\",\"@id\":\"https:\\\/\\\/secure.gravatar.com\\\/avatar\\\/cb4cf509d6c8cf9193108e3149294241c2397964dbeb5a2a6e6b0a4a4127fc37?s=96&d=mm&r=g\",\"url\":\"https:\\\/\\\/secure.gravatar.com\\\/avatar\\\/cb4cf509d6c8cf9193108e3149294241c2397964dbeb5a2a6e6b0a4a4127fc37?s=96&d=mm&r=g\",\"contentUrl\":\"https:\\\/\\\/secure.gravatar.com\\\/avatar\\\/cb4cf509d6c8cf9193108e3149294241c2397964dbeb5a2a6e6b0a4a4127fc37?s=96&d=mm&r=g\",\"caption\":\"Pilar R\u00edos\"},\"url\":\"https:\\\/\\\/www.theoxygenproject.com\\\/es\\\/author\\\/admin-2\\\/\"}]}<\/script>\n<!-- \/ Yoast SEO plugin. -->","yoast_head_json":{"title":"La herencia de la causa medioambiental por la muerte de una madre defensora - The Oxygen Project","robots":{"index":"index","follow":"follow","max-snippet":"max-snippet:-1","max-image-preview":"max-image-preview:large","max-video-preview":"max-video-preview:-1"},"canonical":"https:\/\/www.theoxygenproject.com\/es\/la-herencia-de-la-causa-medioambiental-por-la-muerte-de-una-madre-defensora\/","og_locale":"en_US","og_type":"article","og_title":"La herencia de la causa medioambiental por la muerte de una madre defensora - The Oxygen Project","og_description":"Por: Pilar R\u00edos El a\u00f1o 2019 fue nefasto para los l\u00edderes ambientales; 274 asesinatos por defender sus montes, el agua, los bosques, los r\u00edos o el aire. Muchas muertes quedar\u00e1n...","og_url":"https:\/\/www.theoxygenproject.com\/es\/la-herencia-de-la-causa-medioambiental-por-la-muerte-de-una-madre-defensora\/","og_site_name":"The Oxygen Project","article_publisher":"https:\/\/www.facebook.com\/theoxygenproj","article_published_time":"2020-11-30T07:18:05+00:00","og_image":[{"width":325,"height":350,"url":"https:\/\/www.theoxygenproject.com\/es\/wp-content\/uploads\/2020\/09\/Berta-ilustracion.jpg","type":"image\/jpeg"}],"author":"Pilar R\u00edos","twitter_card":"summary_large_image","twitter_creator":"@theoxygenproj","twitter_site":"@theoxygenproj","twitter_misc":{"Written by":"Pilar R\u00edos","Est. reading time":"1 minute"},"schema":{"@context":"https:\/\/schema.org","@graph":[{"@type":"Article","@id":"https:\/\/www.theoxygenproject.com\/es\/la-herencia-de-la-causa-medioambiental-por-la-muerte-de-una-madre-defensora\/#article","isPartOf":{"@id":"https:\/\/www.theoxygenproject.com\/es\/la-herencia-de-la-causa-medioambiental-por-la-muerte-de-una-madre-defensora\/"},"author":{"name":"Pilar R\u00edos","@id":"https:\/\/www.theoxygenproject.com\/es\/#\/schema\/person\/fd1d50a727859a9283fdd988aca8d8fb"},"headline":"La herencia de la causa medioambiental por la muerte de una madre defensora","datePublished":"2020-11-30T07:18:05+00:00","mainEntityOfPage":{"@id":"https:\/\/www.theoxygenproject.com\/es\/la-herencia-de-la-causa-medioambiental-por-la-muerte-de-una-madre-defensora\/"},"wordCount":279,"publisher":{"@id":"https:\/\/www.theoxygenproject.com\/es\/#organization"},"image":{"@id":"https:\/\/www.theoxygenproject.com\/es\/la-herencia-de-la-causa-medioambiental-por-la-muerte-de-una-madre-defensora\/#primaryimage"},"thumbnailUrl":"https:\/\/www.theoxygenproject.com\/es\/wp-content\/uploads\/2020\/09\/Berta-ilustracion.jpg","articleSection":["Acci\u00f3n Clim\u00e1tica","Defensores"],"inLanguage":"en-US"},{"@type":"WebPage","@id":"https:\/\/www.theoxygenproject.com\/es\/la-herencia-de-la-causa-medioambiental-por-la-muerte-de-una-madre-defensora\/","url":"https:\/\/www.theoxygenproject.com\/es\/la-herencia-de-la-causa-medioambiental-por-la-muerte-de-una-madre-defensora\/","name":"La herencia de la causa medioambiental por la muerte de una madre defensora - The Oxygen Project","isPartOf":{"@id":"https:\/\/www.theoxygenproject.com\/es\/#website"},"primaryImageOfPage":{"@id":"https:\/\/www.theoxygenproject.com\/es\/la-herencia-de-la-causa-medioambiental-por-la-muerte-de-una-madre-defensora\/#primaryimage"},"image":{"@id":"https:\/\/www.theoxygenproject.com\/es\/la-herencia-de-la-causa-medioambiental-por-la-muerte-de-una-madre-defensora\/#primaryimage"},"thumbnailUrl":"https:\/\/www.theoxygenproject.com\/es\/wp-content\/uploads\/2020\/09\/Berta-ilustracion.jpg","datePublished":"2020-11-30T07:18:05+00:00","breadcrumb":{"@id":"https:\/\/www.theoxygenproject.com\/es\/la-herencia-de-la-causa-medioambiental-por-la-muerte-de-una-madre-defensora\/#breadcrumb"},"inLanguage":"en-US","potentialAction":[{"@type":"ReadAction","target":["https:\/\/www.theoxygenproject.com\/es\/la-herencia-de-la-causa-medioambiental-por-la-muerte-de-una-madre-defensora\/"]}]},{"@type":"ImageObject","inLanguage":"en-US","@id":"https:\/\/www.theoxygenproject.com\/es\/la-herencia-de-la-causa-medioambiental-por-la-muerte-de-una-madre-defensora\/#primaryimage","url":"https:\/\/www.theoxygenproject.com\/es\/wp-content\/uploads\/2020\/09\/Berta-ilustracion.jpg","contentUrl":"https:\/\/www.theoxygenproject.com\/es\/wp-content\/uploads\/2020\/09\/Berta-ilustracion.jpg","width":325,"height":350},{"@type":"BreadcrumbList","@id":"https:\/\/www.theoxygenproject.com\/es\/la-herencia-de-la-causa-medioambiental-por-la-muerte-de-una-madre-defensora\/#breadcrumb","itemListElement":[{"@type":"ListItem","position":1,"name":"Home","item":"https:\/\/www.theoxygenproject.com\/es\/"},{"@type":"ListItem","position":2,"name":"La herencia de la causa medioambiental por la muerte de una madre defensora"}]},{"@type":"WebSite","@id":"https:\/\/www.theoxygenproject.com\/es\/#website","url":"https:\/\/www.theoxygenproject.com\/es\/","name":"The Oxygen Project","description":"","publisher":{"@id":"https:\/\/www.theoxygenproject.com\/es\/#organization"},"potentialAction":[{"@type":"SearchAction","target":{"@type":"EntryPoint","urlTemplate":"https:\/\/www.theoxygenproject.com\/es\/?s={search_term_string}"},"query-input":{"@type":"PropertyValueSpecification","valueRequired":true,"valueName":"search_term_string"}}],"inLanguage":"en-US"},{"@type":"Organization","@id":"https:\/\/www.theoxygenproject.com\/es\/#organization","name":"The Oxygen Project","url":"https:\/\/www.theoxygenproject.com\/es\/","logo":{"@type":"ImageObject","inLanguage":"en-US","@id":"https:\/\/www.theoxygenproject.com\/es\/#\/schema\/logo\/image\/","url":"https:\/\/www.theoxygenproject.com\/es\/wp-content\/uploads\/2024\/05\/top-logo-dark.png","contentUrl":"https:\/\/www.theoxygenproject.com\/es\/wp-content\/uploads\/2024\/05\/top-logo-dark.png","width":384,"height":256,"caption":"The Oxygen Project"},"image":{"@id":"https:\/\/www.theoxygenproject.com\/es\/#\/schema\/logo\/image\/"},"sameAs":["https:\/\/www.facebook.com\/theoxygenproj","https:\/\/x.com\/theoxygenproj"]},{"@type":"Person","@id":"https:\/\/www.theoxygenproject.com\/es\/#\/schema\/person\/fd1d50a727859a9283fdd988aca8d8fb","name":"Pilar R\u00edos","image":{"@type":"ImageObject","inLanguage":"en-US","@id":"https:\/\/secure.gravatar.com\/avatar\/cb4cf509d6c8cf9193108e3149294241c2397964dbeb5a2a6e6b0a4a4127fc37?s=96&d=mm&r=g","url":"https:\/\/secure.gravatar.com\/avatar\/cb4cf509d6c8cf9193108e3149294241c2397964dbeb5a2a6e6b0a4a4127fc37?s=96&d=mm&r=g","contentUrl":"https:\/\/secure.gravatar.com\/avatar\/cb4cf509d6c8cf9193108e3149294241c2397964dbeb5a2a6e6b0a4a4127fc37?s=96&d=mm&r=g","caption":"Pilar R\u00edos"},"url":"https:\/\/www.theoxygenproject.com\/es\/author\/admin-2\/"}]}},"_links":{"self":[{"href":"https:\/\/www.theoxygenproject.com\/es\/wp-json\/wp\/v2\/posts\/706","targetHints":{"allow":["GET"]}}],"collection":[{"href":"https:\/\/www.theoxygenproject.com\/es\/wp-json\/wp\/v2\/posts"}],"about":[{"href":"https:\/\/www.theoxygenproject.com\/es\/wp-json\/wp\/v2\/types\/post"}],"author":[{"embeddable":true,"href":"https:\/\/www.theoxygenproject.com\/es\/wp-json\/wp\/v2\/users\/3"}],"replies":[{"embeddable":true,"href":"https:\/\/www.theoxygenproject.com\/es\/wp-json\/wp\/v2\/comments?post=706"}],"version-history":[{"count":0,"href":"https:\/\/www.theoxygenproject.com\/es\/wp-json\/wp\/v2\/posts\/706\/revisions"}],"wp:featuredmedia":[{"embeddable":true,"href":"https:\/\/www.theoxygenproject.com\/es\/wp-json\/wp\/v2\/media\/708"}],"wp:attachment":[{"href":"https:\/\/www.theoxygenproject.com\/es\/wp-json\/wp\/v2\/media?parent=706"}],"wp:term":[{"taxonomy":"category","embeddable":true,"href":"https:\/\/www.theoxygenproject.com\/es\/wp-json\/wp\/v2\/categories?post=706"},{"taxonomy":"post_tag","embeddable":true,"href":"https:\/\/www.theoxygenproject.com\/es\/wp-json\/wp\/v2\/tags?post=706"}],"curies":[{"name":"wp","href":"https:\/\/api.w.org\/{rel}","templated":true}]}}