{"id":668,"date":"2020-09-13T22:54:33","date_gmt":"2020-09-13T19:54:33","guid":{"rendered":"https:\/\/www.theoxygenproject.com\/es\/?p=668"},"modified":"2020-09-13T22:54:33","modified_gmt":"2020-09-13T19:54:33","slug":"usando-la-ideologia-de-las-3-r-reusar-reducir-y-reciclar","status":"publish","type":"post","link":"https:\/\/www.theoxygenproject.com\/es\/usando-la-ideologia-de-las-3-r-reusar-reducir-y-reciclar\/","title":{"rendered":"Usando la ideolog\u00eda de las 3 R (reusar, reducir y reciclar)"},"content":{"rendered":"<h5><span style=\"font-weight: 400;\">Por Pilar R\u00edos<\/span><\/h5>\n<p><span style=\"font-weight: 400;\">\u00bfCu\u00e1ntas veces has escuchado hablar del <\/span><i><span style=\"font-weight: 400;\">upcycling<\/span><\/i><span style=\"font-weight: 400;\">?, tambi\u00e9n conocido como la reutilizaci\u00f3n creativa, es el proceso de rehusar toda clase de objetos; como telas o muebles desechados, para crear productos nuevos con un valor m\u00e1s alto que el original.\u00a0<\/span><\/p>\n<p><span style=\"font-weight: 400;\">El upcycling le da un valor especial a los objetos desechados. Primero en el precio y segundo en la exclusividad, porque aqu\u00ed no existen las repeticiones, todo es \u00fanico y original. En Latinoam\u00e9rica existen varios proyectos que han consolidado el upcycling en una gran lista de disciplinas como el vestuario, objetos, mobiliario y todo lo que se te ocurra, usando la ideolog\u00eda de las 3 R (reusar, reducir y reciclar ). Te mostramos algunas para que te hagas una idea de lo que se est\u00e1 haciendo en latinoamerica en este \u00e1mbito.<\/span><\/p>\n<p><span style=\"font-weight: 400;\">DOCENA (Argentina)<\/span><\/p>\n<p><span style=\"font-weight: 400;\">\u00a0\u201cBuscamos generar experiencias que responden a proyectos integrales que vinculan el reciclaje material con el espiritual\u201d<\/span><\/p>\n<p><span style=\"font-weight: 400;\">Toma el reciclaje como hilo conductor para ejercer el activismo textil: con un concepto que denominan <\/span><b>doce\u00f1ar<\/b><span style=\"font-weight: 400;\">. Docena es <\/span><span style=\"font-weight: 400;\">una plataforma creativa que tiene el reciclaje textil como eje central. Su trabajo toma m\u00faltiples formatos, desde la producci\u00f3n de ropa y objetos hasta el desarrollo de workshops y talleres, as\u00ed como instalaciones y productos audiovisuales.<\/span><\/p>\n","protected":false},"excerpt":{"rendered":"<p>Por Pilar R\u00edos \u00bfCu\u00e1ntas veces has escuchado hablar del upcycling?, tambi\u00e9n conocido como la reutilizaci\u00f3n creativa, es el proceso de rehusar toda clase de objetos; como telas o muebles desechados,&#8230;<\/p>\n","protected":false},"author":3,"featured_media":671,"comment_status":"closed","ping_status":"closed","sticky":false,"template":"","format":"standard","meta":{"_mo_disable_npp":"","footnotes":""},"categories":[9],"tags":[],"class_list":["post-668","post","type-post","status-publish","format-standard","has-post-thumbnail","hentry","category-solutions"],"yoast_head":"<!-- This site is optimized with the Yoast SEO plugin v28.3 - https:\/\/yoast.com\/product\/yoast-seo-wordpress\/ -->\n<title>Usando la ideolog\u00eda de las 3 R (reusar, reducir y reciclar) - The Oxygen Project<\/title>\n<meta name=\"robots\" content=\"index, follow, max-snippet:-1, max-image-preview:large, max-video-preview:-1\" \/>\n<link rel=\"canonical\" href=\"https:\/\/www.theoxygenproject.com\/es\/usando-la-ideologia-de-las-3-r-reusar-reducir-y-reciclar\/\" \/>\n<meta property=\"og:locale\" content=\"en_US\" \/>\n<meta property=\"og:type\" content=\"article\" \/>\n<meta property=\"og:title\" content=\"Usando la ideolog\u00eda de las 3 R (reusar, reducir y reciclar) - The Oxygen Project\" \/>\n<meta property=\"og:description\" content=\"Por Pilar R\u00edos \u00bfCu\u00e1ntas veces has escuchado hablar del upcycling?, tambi\u00e9n conocido como la reutilizaci\u00f3n creativa, es el proceso de rehusar toda clase de objetos; como telas o muebles desechados,...\" \/>\n<meta property=\"og:url\" content=\"https:\/\/www.theoxygenproject.com\/es\/usando-la-ideologia-de-las-3-r-reusar-reducir-y-reciclar\/\" \/>\n<meta property=\"og:site_name\" content=\"The Oxygen Project\" \/>\n<meta property=\"article:publisher\" content=\"https:\/\/www.facebook.com\/theoxygenproj\" \/>\n<meta property=\"article:published_time\" content=\"2020-09-13T19:54:33+00:00\" \/>\n<meta property=\"og:image\" content=\"https:\/\/www.theoxygenproject.com\/es\/wp-content\/uploads\/2020\/09\/2.png\" \/>\n\t<meta property=\"og:image:width\" content=\"963\" \/>\n\t<meta property=\"og:image:height\" content=\"649\" \/>\n\t<meta property=\"og:image:type\" content=\"image\/png\" \/>\n<meta name=\"author\" content=\"Pilar R\u00edos\" \/>\n<meta name=\"twitter:card\" content=\"summary_large_image\" \/>\n<meta name=\"twitter:creator\" content=\"@theoxygenproj\" \/>\n<meta name=\"twitter:site\" content=\"@theoxygenproj\" \/>\n<meta name=\"twitter:label1\" content=\"Written by\" \/>\n\t<meta name=\"twitter:data1\" content=\"Pilar R\u00edos\" \/>\n\t<meta name=\"twitter:label2\" content=\"Est. reading time\" \/>\n\t<meta name=\"twitter:data2\" content=\"1 minute\" \/>\n<script type=\"application\/ld+json\" class=\"yoast-schema-graph\">{\"@context\":\"https:\\\/\\\/schema.org\",\"@graph\":[{\"@type\":\"Article\",\"@id\":\"https:\\\/\\\/www.theoxygenproject.com\\\/es\\\/usando-la-ideologia-de-las-3-r-reusar-reducir-y-reciclar\\\/#article\",\"isPartOf\":{\"@id\":\"https:\\\/\\\/www.theoxygenproject.com\\\/es\\\/usando-la-ideologia-de-las-3-r-reusar-reducir-y-reciclar\\\/\"},\"author\":{\"name\":\"Pilar R\u00edos\",\"@id\":\"https:\\\/\\\/www.theoxygenproject.com\\\/es\\\/#\\\/schema\\\/person\\\/fd1d50a727859a9283fdd988aca8d8fb\"},\"headline\":\"Usando la ideolog\u00eda de las 3 R (reusar, reducir y reciclar)\",\"datePublished\":\"2020-09-13T19:54:33+00:00\",\"mainEntityOfPage\":{\"@id\":\"https:\\\/\\\/www.theoxygenproject.com\\\/es\\\/usando-la-ideologia-de-las-3-r-reusar-reducir-y-reciclar\\\/\"},\"wordCount\":225,\"publisher\":{\"@id\":\"https:\\\/\\\/www.theoxygenproject.com\\\/es\\\/#organization\"},\"image\":{\"@id\":\"https:\\\/\\\/www.theoxygenproject.com\\\/es\\\/usando-la-ideologia-de-las-3-r-reusar-reducir-y-reciclar\\\/#primaryimage\"},\"thumbnailUrl\":\"https:\\\/\\\/www.theoxygenproject.com\\\/es\\\/wp-content\\\/uploads\\\/2020\\\/09\\\/2.png\",\"articleSection\":[\"Soluciones\"],\"inLanguage\":\"en-US\"},{\"@type\":\"WebPage\",\"@id\":\"https:\\\/\\\/www.theoxygenproject.com\\\/es\\\/usando-la-ideologia-de-las-3-r-reusar-reducir-y-reciclar\\\/\",\"url\":\"https:\\\/\\\/www.theoxygenproject.com\\\/es\\\/usando-la-ideologia-de-las-3-r-reusar-reducir-y-reciclar\\\/\",\"name\":\"Usando la ideolog\u00eda de las 3 R (reusar, reducir y reciclar) - The Oxygen Project\",\"isPartOf\":{\"@id\":\"https:\\\/\\\/www.theoxygenproject.com\\\/es\\\/#website\"},\"primaryImageOfPage\":{\"@id\":\"https:\\\/\\\/www.theoxygenproject.com\\\/es\\\/usando-la-ideologia-de-las-3-r-reusar-reducir-y-reciclar\\\/#primaryimage\"},\"image\":{\"@id\":\"https:\\\/\\\/www.theoxygenproject.com\\\/es\\\/usando-la-ideologia-de-las-3-r-reusar-reducir-y-reciclar\\\/#primaryimage\"},\"thumbnailUrl\":\"https:\\\/\\\/www.theoxygenproject.com\\\/es\\\/wp-content\\\/uploads\\\/2020\\\/09\\\/2.png\",\"datePublished\":\"2020-09-13T19:54:33+00:00\",\"breadcrumb\":{\"@id\":\"https:\\\/\\\/www.theoxygenproject.com\\\/es\\\/usando-la-ideologia-de-las-3-r-reusar-reducir-y-reciclar\\\/#breadcrumb\"},\"inLanguage\":\"en-US\",\"potentialAction\":[{\"@type\":\"ReadAction\",\"target\":[\"https:\\\/\\\/www.theoxygenproject.com\\\/es\\\/usando-la-ideologia-de-las-3-r-reusar-reducir-y-reciclar\\\/\"]}]},{\"@type\":\"ImageObject\",\"inLanguage\":\"en-US\",\"@id\":\"https:\\\/\\\/www.theoxygenproject.com\\\/es\\\/usando-la-ideologia-de-las-3-r-reusar-reducir-y-reciclar\\\/#primaryimage\",\"url\":\"https:\\\/\\\/www.theoxygenproject.com\\\/es\\\/wp-content\\\/uploads\\\/2020\\\/09\\\/2.png\",\"contentUrl\":\"https:\\\/\\\/www.theoxygenproject.com\\\/es\\\/wp-content\\\/uploads\\\/2020\\\/09\\\/2.png\",\"width\":963,\"height\":649},{\"@type\":\"BreadcrumbList\",\"@id\":\"https:\\\/\\\/www.theoxygenproject.com\\\/es\\\/usando-la-ideologia-de-las-3-r-reusar-reducir-y-reciclar\\\/#breadcrumb\",\"itemListElement\":[{\"@type\":\"ListItem\",\"position\":1,\"name\":\"Home\",\"item\":\"https:\\\/\\\/www.theoxygenproject.com\\\/es\\\/\"},{\"@type\":\"ListItem\",\"position\":2,\"name\":\"Usando la ideolog\u00eda de las 3 R (reusar, reducir y reciclar)\"}]},{\"@type\":\"WebSite\",\"@id\":\"https:\\\/\\\/www.theoxygenproject.com\\\/es\\\/#website\",\"url\":\"https:\\\/\\\/www.theoxygenproject.com\\\/es\\\/\",\"name\":\"The Oxygen Project\",\"description\":\"\",\"publisher\":{\"@id\":\"https:\\\/\\\/www.theoxygenproject.com\\\/es\\\/#organization\"},\"potentialAction\":[{\"@type\":\"SearchAction\",\"target\":{\"@type\":\"EntryPoint\",\"urlTemplate\":\"https:\\\/\\\/www.theoxygenproject.com\\\/es\\\/?s={search_term_string}\"},\"query-input\":{\"@type\":\"PropertyValueSpecification\",\"valueRequired\":true,\"valueName\":\"search_term_string\"}}],\"inLanguage\":\"en-US\"},{\"@type\":\"Organization\",\"@id\":\"https:\\\/\\\/www.theoxygenproject.com\\\/es\\\/#organization\",\"name\":\"The Oxygen Project\",\"url\":\"https:\\\/\\\/www.theoxygenproject.com\\\/es\\\/\",\"logo\":{\"@type\":\"ImageObject\",\"inLanguage\":\"en-US\",\"@id\":\"https:\\\/\\\/www.theoxygenproject.com\\\/es\\\/#\\\/schema\\\/logo\\\/image\\\/\",\"url\":\"https:\\\/\\\/www.theoxygenproject.com\\\/es\\\/wp-content\\\/uploads\\\/2024\\\/05\\\/top-logo-dark.png\",\"contentUrl\":\"https:\\\/\\\/www.theoxygenproject.com\\\/es\\\/wp-content\\\/uploads\\\/2024\\\/05\\\/top-logo-dark.png\",\"width\":384,\"height\":256,\"caption\":\"The Oxygen Project\"},\"image\":{\"@id\":\"https:\\\/\\\/www.theoxygenproject.com\\\/es\\\/#\\\/schema\\\/logo\\\/image\\\/\"},\"sameAs\":[\"https:\\\/\\\/www.facebook.com\\\/theoxygenproj\",\"https:\\\/\\\/x.com\\\/theoxygenproj\"]},{\"@type\":\"Person\",\"@id\":\"https:\\\/\\\/www.theoxygenproject.com\\\/es\\\/#\\\/schema\\\/person\\\/fd1d50a727859a9283fdd988aca8d8fb\",\"name\":\"Pilar R\u00edos\",\"image\":{\"@type\":\"ImageObject\",\"inLanguage\":\"en-US\",\"@id\":\"https:\\\/\\\/secure.gravatar.com\\\/avatar\\\/cb4cf509d6c8cf9193108e3149294241c2397964dbeb5a2a6e6b0a4a4127fc37?s=96&d=mm&r=g\",\"url\":\"https:\\\/\\\/secure.gravatar.com\\\/avatar\\\/cb4cf509d6c8cf9193108e3149294241c2397964dbeb5a2a6e6b0a4a4127fc37?s=96&d=mm&r=g\",\"contentUrl\":\"https:\\\/\\\/secure.gravatar.com\\\/avatar\\\/cb4cf509d6c8cf9193108e3149294241c2397964dbeb5a2a6e6b0a4a4127fc37?s=96&d=mm&r=g\",\"caption\":\"Pilar R\u00edos\"},\"url\":\"https:\\\/\\\/www.theoxygenproject.com\\\/es\\\/author\\\/admin-2\\\/\"}]}<\/script>\n<!-- \/ Yoast SEO plugin. -->","yoast_head_json":{"title":"Usando la ideolog\u00eda de las 3 R (reusar, reducir y reciclar) - The Oxygen Project","robots":{"index":"index","follow":"follow","max-snippet":"max-snippet:-1","max-image-preview":"max-image-preview:large","max-video-preview":"max-video-preview:-1"},"canonical":"https:\/\/www.theoxygenproject.com\/es\/usando-la-ideologia-de-las-3-r-reusar-reducir-y-reciclar\/","og_locale":"en_US","og_type":"article","og_title":"Usando la ideolog\u00eda de las 3 R (reusar, reducir y reciclar) - The Oxygen Project","og_description":"Por Pilar R\u00edos \u00bfCu\u00e1ntas veces has escuchado hablar del upcycling?, tambi\u00e9n conocido como la reutilizaci\u00f3n creativa, es el proceso de rehusar toda clase de objetos; como telas o muebles desechados,...","og_url":"https:\/\/www.theoxygenproject.com\/es\/usando-la-ideologia-de-las-3-r-reusar-reducir-y-reciclar\/","og_site_name":"The Oxygen Project","article_publisher":"https:\/\/www.facebook.com\/theoxygenproj","article_published_time":"2020-09-13T19:54:33+00:00","og_image":[{"width":963,"height":649,"url":"https:\/\/www.theoxygenproject.com\/es\/wp-content\/uploads\/2020\/09\/2.png","type":"image\/png"}],"author":"Pilar R\u00edos","twitter_card":"summary_large_image","twitter_creator":"@theoxygenproj","twitter_site":"@theoxygenproj","twitter_misc":{"Written by":"Pilar R\u00edos","Est. reading time":"1 minute"},"schema":{"@context":"https:\/\/schema.org","@graph":[{"@type":"Article","@id":"https:\/\/www.theoxygenproject.com\/es\/usando-la-ideologia-de-las-3-r-reusar-reducir-y-reciclar\/#article","isPartOf":{"@id":"https:\/\/www.theoxygenproject.com\/es\/usando-la-ideologia-de-las-3-r-reusar-reducir-y-reciclar\/"},"author":{"name":"Pilar R\u00edos","@id":"https:\/\/www.theoxygenproject.com\/es\/#\/schema\/person\/fd1d50a727859a9283fdd988aca8d8fb"},"headline":"Usando la ideolog\u00eda de las 3 R (reusar, reducir y reciclar)","datePublished":"2020-09-13T19:54:33+00:00","mainEntityOfPage":{"@id":"https:\/\/www.theoxygenproject.com\/es\/usando-la-ideologia-de-las-3-r-reusar-reducir-y-reciclar\/"},"wordCount":225,"publisher":{"@id":"https:\/\/www.theoxygenproject.com\/es\/#organization"},"image":{"@id":"https:\/\/www.theoxygenproject.com\/es\/usando-la-ideologia-de-las-3-r-reusar-reducir-y-reciclar\/#primaryimage"},"thumbnailUrl":"https:\/\/www.theoxygenproject.com\/es\/wp-content\/uploads\/2020\/09\/2.png","articleSection":["Soluciones"],"inLanguage":"en-US"},{"@type":"WebPage","@id":"https:\/\/www.theoxygenproject.com\/es\/usando-la-ideologia-de-las-3-r-reusar-reducir-y-reciclar\/","url":"https:\/\/www.theoxygenproject.com\/es\/usando-la-ideologia-de-las-3-r-reusar-reducir-y-reciclar\/","name":"Usando la ideolog\u00eda de las 3 R (reusar, reducir y reciclar) - The Oxygen Project","isPartOf":{"@id":"https:\/\/www.theoxygenproject.com\/es\/#website"},"primaryImageOfPage":{"@id":"https:\/\/www.theoxygenproject.com\/es\/usando-la-ideologia-de-las-3-r-reusar-reducir-y-reciclar\/#primaryimage"},"image":{"@id":"https:\/\/www.theoxygenproject.com\/es\/usando-la-ideologia-de-las-3-r-reusar-reducir-y-reciclar\/#primaryimage"},"thumbnailUrl":"https:\/\/www.theoxygenproject.com\/es\/wp-content\/uploads\/2020\/09\/2.png","datePublished":"2020-09-13T19:54:33+00:00","breadcrumb":{"@id":"https:\/\/www.theoxygenproject.com\/es\/usando-la-ideologia-de-las-3-r-reusar-reducir-y-reciclar\/#breadcrumb"},"inLanguage":"en-US","potentialAction":[{"@type":"ReadAction","target":["https:\/\/www.theoxygenproject.com\/es\/usando-la-ideologia-de-las-3-r-reusar-reducir-y-reciclar\/"]}]},{"@type":"ImageObject","inLanguage":"en-US","@id":"https:\/\/www.theoxygenproject.com\/es\/usando-la-ideologia-de-las-3-r-reusar-reducir-y-reciclar\/#primaryimage","url":"https:\/\/www.theoxygenproject.com\/es\/wp-content\/uploads\/2020\/09\/2.png","contentUrl":"https:\/\/www.theoxygenproject.com\/es\/wp-content\/uploads\/2020\/09\/2.png","width":963,"height":649},{"@type":"BreadcrumbList","@id":"https:\/\/www.theoxygenproject.com\/es\/usando-la-ideologia-de-las-3-r-reusar-reducir-y-reciclar\/#breadcrumb","itemListElement":[{"@type":"ListItem","position":1,"name":"Home","item":"https:\/\/www.theoxygenproject.com\/es\/"},{"@type":"ListItem","position":2,"name":"Usando la ideolog\u00eda de las 3 R (reusar, reducir y reciclar)"}]},{"@type":"WebSite","@id":"https:\/\/www.theoxygenproject.com\/es\/#website","url":"https:\/\/www.theoxygenproject.com\/es\/","name":"The Oxygen Project","description":"","publisher":{"@id":"https:\/\/www.theoxygenproject.com\/es\/#organization"},"potentialAction":[{"@type":"SearchAction","target":{"@type":"EntryPoint","urlTemplate":"https:\/\/www.theoxygenproject.com\/es\/?s={search_term_string}"},"query-input":{"@type":"PropertyValueSpecification","valueRequired":true,"valueName":"search_term_string"}}],"inLanguage":"en-US"},{"@type":"Organization","@id":"https:\/\/www.theoxygenproject.com\/es\/#organization","name":"The Oxygen Project","url":"https:\/\/www.theoxygenproject.com\/es\/","logo":{"@type":"ImageObject","inLanguage":"en-US","@id":"https:\/\/www.theoxygenproject.com\/es\/#\/schema\/logo\/image\/","url":"https:\/\/www.theoxygenproject.com\/es\/wp-content\/uploads\/2024\/05\/top-logo-dark.png","contentUrl":"https:\/\/www.theoxygenproject.com\/es\/wp-content\/uploads\/2024\/05\/top-logo-dark.png","width":384,"height":256,"caption":"The Oxygen Project"},"image":{"@id":"https:\/\/www.theoxygenproject.com\/es\/#\/schema\/logo\/image\/"},"sameAs":["https:\/\/www.facebook.com\/theoxygenproj","https:\/\/x.com\/theoxygenproj"]},{"@type":"Person","@id":"https:\/\/www.theoxygenproject.com\/es\/#\/schema\/person\/fd1d50a727859a9283fdd988aca8d8fb","name":"Pilar R\u00edos","image":{"@type":"ImageObject","inLanguage":"en-US","@id":"https:\/\/secure.gravatar.com\/avatar\/cb4cf509d6c8cf9193108e3149294241c2397964dbeb5a2a6e6b0a4a4127fc37?s=96&d=mm&r=g","url":"https:\/\/secure.gravatar.com\/avatar\/cb4cf509d6c8cf9193108e3149294241c2397964dbeb5a2a6e6b0a4a4127fc37?s=96&d=mm&r=g","contentUrl":"https:\/\/secure.gravatar.com\/avatar\/cb4cf509d6c8cf9193108e3149294241c2397964dbeb5a2a6e6b0a4a4127fc37?s=96&d=mm&r=g","caption":"Pilar R\u00edos"},"url":"https:\/\/www.theoxygenproject.com\/es\/author\/admin-2\/"}]}},"_links":{"self":[{"href":"https:\/\/www.theoxygenproject.com\/es\/wp-json\/wp\/v2\/posts\/668","targetHints":{"allow":["GET"]}}],"collection":[{"href":"https:\/\/www.theoxygenproject.com\/es\/wp-json\/wp\/v2\/posts"}],"about":[{"href":"https:\/\/www.theoxygenproject.com\/es\/wp-json\/wp\/v2\/types\/post"}],"author":[{"embeddable":true,"href":"https:\/\/www.theoxygenproject.com\/es\/wp-json\/wp\/v2\/users\/3"}],"replies":[{"embeddable":true,"href":"https:\/\/www.theoxygenproject.com\/es\/wp-json\/wp\/v2\/comments?post=668"}],"version-history":[{"count":0,"href":"https:\/\/www.theoxygenproject.com\/es\/wp-json\/wp\/v2\/posts\/668\/revisions"}],"wp:featuredmedia":[{"embeddable":true,"href":"https:\/\/www.theoxygenproject.com\/es\/wp-json\/wp\/v2\/media\/671"}],"wp:attachment":[{"href":"https:\/\/www.theoxygenproject.com\/es\/wp-json\/wp\/v2\/media?parent=668"}],"wp:term":[{"taxonomy":"category","embeddable":true,"href":"https:\/\/www.theoxygenproject.com\/es\/wp-json\/wp\/v2\/categories?post=668"},{"taxonomy":"post_tag","embeddable":true,"href":"https:\/\/www.theoxygenproject.com\/es\/wp-json\/wp\/v2\/tags?post=668"}],"curies":[{"name":"wp","href":"https:\/\/api.w.org\/{rel}","templated":true}]}}