{"id":653,"date":"2020-09-10T17:28:36","date_gmt":"2020-09-10T14:28:36","guid":{"rendered":"https:\/\/www.theoxygenproject.com\/es\/?p=653"},"modified":"2020-09-10T17:28:36","modified_gmt":"2020-09-10T14:28:36","slug":"para-que-alzar-la-voz-por-el-medioambiente-no-cueste-la-vida-escazu-ahora","status":"publish","type":"post","link":"https:\/\/www.theoxygenproject.com\/es\/para-que-alzar-la-voz-por-el-medioambiente-no-cueste-la-vida-escazu-ahora\/","title":{"rendered":"Para que alzar la voz por el medioambiente no cueste la vida \u00a1Escaz\u00fa Ahora!"},"content":{"rendered":"<h5>Por Pilar R\u00edos<\/h5>\n<p><span style=\"font-weight: 400;\">La batalla contra el medioambiente por lo general es solitaria, contra un gigante peligroso. Afortunadamente hoy existen j\u00f3venes <\/span><span style=\"font-weight: 400;\">intentando revertir las duras posiciones de los gobiernos latinoamericanos, y emplazando a los l\u00edderes de Estado a firmar un nuevo pacto llamado \u201c<\/span><span style=\"font-weight: 400;\">El acuerdo de Escaz\u00fa\u201d el m\u00e1s importante de la regi\u00f3n.<\/span><\/p>\n<p>&nbsp;<\/p>\n<p><b>Qu\u00e9 busca este acuerdo<\/b><\/p>\n<p><span style=\"font-weight: 400;\">Este acuerdo busca garantizar los derechos de acceso a la informaci\u00f3n ambiental, afianzando la participaci\u00f3n p\u00fablica en las decisiones medioambientales, y asegurando justicia en la materia, con el objetivo de <\/span><span style=\"font-weight: 400;\">reducir el n\u00famero de conflictos socio ambientales presentes en muchos pa\u00edses de la regi\u00f3n.\u00a0<\/span><\/p>\n","protected":false},"excerpt":{"rendered":"<p>Por Pilar R\u00edos La batalla contra el medioambiente por lo general es solitaria, contra un gigante peligroso. Afortunadamente hoy existen j\u00f3venes intentando revertir las duras posiciones de los gobiernos latinoamericanos,&#8230;<\/p>\n","protected":false},"author":3,"featured_media":661,"comment_status":"closed","ping_status":"closed","sticky":false,"template":"","format":"standard","meta":{"_mo_disable_npp":"","footnotes":""},"categories":[3,5,4,11],"tags":[],"class_list":["post-653","post","type-post","status-publish","format-standard","has-post-thumbnail","hentry","category-accion-climatica","category-cambio-climatico","category-voces","category-politica"],"yoast_head":"<!-- This site is optimized with the Yoast SEO plugin v28.3 - https:\/\/yoast.com\/product\/yoast-seo-wordpress\/ -->\n<title>Para que alzar la voz por el medioambiente no cueste la vida \u00a1Escaz\u00fa Ahora! - The Oxygen Project<\/title>\n<meta name=\"robots\" content=\"index, follow, max-snippet:-1, max-image-preview:large, max-video-preview:-1\" \/>\n<link rel=\"canonical\" href=\"https:\/\/www.theoxygenproject.com\/es\/para-que-alzar-la-voz-por-el-medioambiente-no-cueste-la-vida-escazu-ahora\/\" \/>\n<meta property=\"og:locale\" content=\"en_US\" \/>\n<meta property=\"og:type\" content=\"article\" \/>\n<meta property=\"og:title\" content=\"Para que alzar la voz por el medioambiente no cueste la vida \u00a1Escaz\u00fa Ahora! - The Oxygen Project\" \/>\n<meta property=\"og:description\" content=\"Por Pilar R\u00edos La batalla contra el medioambiente por lo general es solitaria, contra un gigante peligroso. Afortunadamente hoy existen j\u00f3venes intentando revertir las duras posiciones de los gobiernos latinoamericanos,...\" \/>\n<meta property=\"og:url\" content=\"https:\/\/www.theoxygenproject.com\/es\/para-que-alzar-la-voz-por-el-medioambiente-no-cueste-la-vida-escazu-ahora\/\" \/>\n<meta property=\"og:site_name\" content=\"The Oxygen Project\" \/>\n<meta property=\"article:publisher\" content=\"https:\/\/www.facebook.com\/theoxygenproj\" \/>\n<meta property=\"article:published_time\" content=\"2020-09-10T14:28:36+00:00\" \/>\n<meta property=\"og:image\" content=\"https:\/\/www.theoxygenproject.com\/es\/wp-content\/uploads\/2020\/09\/ESCAZUAHORA-02-02.png\" \/>\n\t<meta property=\"og:image:width\" content=\"2410\" \/>\n\t<meta property=\"og:image:height\" content=\"2104\" \/>\n\t<meta property=\"og:image:type\" content=\"image\/png\" \/>\n<meta name=\"author\" content=\"Pilar R\u00edos\" \/>\n<meta name=\"twitter:card\" content=\"summary_large_image\" \/>\n<meta name=\"twitter:creator\" content=\"@theoxygenproj\" \/>\n<meta name=\"twitter:site\" content=\"@theoxygenproj\" \/>\n<meta name=\"twitter:label1\" content=\"Written by\" \/>\n\t<meta name=\"twitter:data1\" content=\"Pilar R\u00edos\" \/>\n\t<meta name=\"twitter:label2\" content=\"Est. reading time\" \/>\n\t<meta name=\"twitter:data2\" content=\"1 minute\" \/>\n<script type=\"application\/ld+json\" class=\"yoast-schema-graph\">{\"@context\":\"https:\\\/\\\/schema.org\",\"@graph\":[{\"@type\":\"Article\",\"@id\":\"https:\\\/\\\/www.theoxygenproject.com\\\/es\\\/para-que-alzar-la-voz-por-el-medioambiente-no-cueste-la-vida-escazu-ahora\\\/#article\",\"isPartOf\":{\"@id\":\"https:\\\/\\\/www.theoxygenproject.com\\\/es\\\/para-que-alzar-la-voz-por-el-medioambiente-no-cueste-la-vida-escazu-ahora\\\/\"},\"author\":{\"name\":\"Pilar R\u00edos\",\"@id\":\"https:\\\/\\\/www.theoxygenproject.com\\\/es\\\/#\\\/schema\\\/person\\\/fd1d50a727859a9283fdd988aca8d8fb\"},\"headline\":\"Para que alzar la voz por el medioambiente no cueste la vida \u00a1Escaz\u00fa Ahora!\",\"datePublished\":\"2020-09-10T14:28:36+00:00\",\"mainEntityOfPage\":{\"@id\":\"https:\\\/\\\/www.theoxygenproject.com\\\/es\\\/para-que-alzar-la-voz-por-el-medioambiente-no-cueste-la-vida-escazu-ahora\\\/\"},\"wordCount\":127,\"publisher\":{\"@id\":\"https:\\\/\\\/www.theoxygenproject.com\\\/es\\\/#organization\"},\"image\":{\"@id\":\"https:\\\/\\\/www.theoxygenproject.com\\\/es\\\/para-que-alzar-la-voz-por-el-medioambiente-no-cueste-la-vida-escazu-ahora\\\/#primaryimage\"},\"thumbnailUrl\":\"https:\\\/\\\/www.theoxygenproject.com\\\/es\\\/wp-content\\\/uploads\\\/2020\\\/09\\\/ESCAZUAHORA-02-02.png\",\"articleSection\":[\"Acci\u00f3n Clim\u00e1tica\",\"Cambio clim\u00e1tico\",\"Defensores\",\"pol\u00edtica\"],\"inLanguage\":\"en-US\"},{\"@type\":\"WebPage\",\"@id\":\"https:\\\/\\\/www.theoxygenproject.com\\\/es\\\/para-que-alzar-la-voz-por-el-medioambiente-no-cueste-la-vida-escazu-ahora\\\/\",\"url\":\"https:\\\/\\\/www.theoxygenproject.com\\\/es\\\/para-que-alzar-la-voz-por-el-medioambiente-no-cueste-la-vida-escazu-ahora\\\/\",\"name\":\"Para que alzar la voz por el medioambiente no cueste la vida \u00a1Escaz\u00fa Ahora! - The Oxygen Project\",\"isPartOf\":{\"@id\":\"https:\\\/\\\/www.theoxygenproject.com\\\/es\\\/#website\"},\"primaryImageOfPage\":{\"@id\":\"https:\\\/\\\/www.theoxygenproject.com\\\/es\\\/para-que-alzar-la-voz-por-el-medioambiente-no-cueste-la-vida-escazu-ahora\\\/#primaryimage\"},\"image\":{\"@id\":\"https:\\\/\\\/www.theoxygenproject.com\\\/es\\\/para-que-alzar-la-voz-por-el-medioambiente-no-cueste-la-vida-escazu-ahora\\\/#primaryimage\"},\"thumbnailUrl\":\"https:\\\/\\\/www.theoxygenproject.com\\\/es\\\/wp-content\\\/uploads\\\/2020\\\/09\\\/ESCAZUAHORA-02-02.png\",\"datePublished\":\"2020-09-10T14:28:36+00:00\",\"breadcrumb\":{\"@id\":\"https:\\\/\\\/www.theoxygenproject.com\\\/es\\\/para-que-alzar-la-voz-por-el-medioambiente-no-cueste-la-vida-escazu-ahora\\\/#breadcrumb\"},\"inLanguage\":\"en-US\",\"potentialAction\":[{\"@type\":\"ReadAction\",\"target\":[\"https:\\\/\\\/www.theoxygenproject.com\\\/es\\\/para-que-alzar-la-voz-por-el-medioambiente-no-cueste-la-vida-escazu-ahora\\\/\"]}]},{\"@type\":\"ImageObject\",\"inLanguage\":\"en-US\",\"@id\":\"https:\\\/\\\/www.theoxygenproject.com\\\/es\\\/para-que-alzar-la-voz-por-el-medioambiente-no-cueste-la-vida-escazu-ahora\\\/#primaryimage\",\"url\":\"https:\\\/\\\/www.theoxygenproject.com\\\/es\\\/wp-content\\\/uploads\\\/2020\\\/09\\\/ESCAZUAHORA-02-02.png\",\"contentUrl\":\"https:\\\/\\\/www.theoxygenproject.com\\\/es\\\/wp-content\\\/uploads\\\/2020\\\/09\\\/ESCAZUAHORA-02-02.png\",\"width\":2410,\"height\":2104},{\"@type\":\"BreadcrumbList\",\"@id\":\"https:\\\/\\\/www.theoxygenproject.com\\\/es\\\/para-que-alzar-la-voz-por-el-medioambiente-no-cueste-la-vida-escazu-ahora\\\/#breadcrumb\",\"itemListElement\":[{\"@type\":\"ListItem\",\"position\":1,\"name\":\"Home\",\"item\":\"https:\\\/\\\/www.theoxygenproject.com\\\/es\\\/\"},{\"@type\":\"ListItem\",\"position\":2,\"name\":\"Para que alzar la voz por el medioambiente no cueste la vida \u00a1Escaz\u00fa Ahora!\"}]},{\"@type\":\"WebSite\",\"@id\":\"https:\\\/\\\/www.theoxygenproject.com\\\/es\\\/#website\",\"url\":\"https:\\\/\\\/www.theoxygenproject.com\\\/es\\\/\",\"name\":\"The Oxygen Project\",\"description\":\"\",\"publisher\":{\"@id\":\"https:\\\/\\\/www.theoxygenproject.com\\\/es\\\/#organization\"},\"potentialAction\":[{\"@type\":\"SearchAction\",\"target\":{\"@type\":\"EntryPoint\",\"urlTemplate\":\"https:\\\/\\\/www.theoxygenproject.com\\\/es\\\/?s={search_term_string}\"},\"query-input\":{\"@type\":\"PropertyValueSpecification\",\"valueRequired\":true,\"valueName\":\"search_term_string\"}}],\"inLanguage\":\"en-US\"},{\"@type\":\"Organization\",\"@id\":\"https:\\\/\\\/www.theoxygenproject.com\\\/es\\\/#organization\",\"name\":\"The Oxygen Project\",\"url\":\"https:\\\/\\\/www.theoxygenproject.com\\\/es\\\/\",\"logo\":{\"@type\":\"ImageObject\",\"inLanguage\":\"en-US\",\"@id\":\"https:\\\/\\\/www.theoxygenproject.com\\\/es\\\/#\\\/schema\\\/logo\\\/image\\\/\",\"url\":\"https:\\\/\\\/www.theoxygenproject.com\\\/es\\\/wp-content\\\/uploads\\\/2024\\\/05\\\/top-logo-dark.png\",\"contentUrl\":\"https:\\\/\\\/www.theoxygenproject.com\\\/es\\\/wp-content\\\/uploads\\\/2024\\\/05\\\/top-logo-dark.png\",\"width\":384,\"height\":256,\"caption\":\"The Oxygen Project\"},\"image\":{\"@id\":\"https:\\\/\\\/www.theoxygenproject.com\\\/es\\\/#\\\/schema\\\/logo\\\/image\\\/\"},\"sameAs\":[\"https:\\\/\\\/www.facebook.com\\\/theoxygenproj\",\"https:\\\/\\\/x.com\\\/theoxygenproj\"]},{\"@type\":\"Person\",\"@id\":\"https:\\\/\\\/www.theoxygenproject.com\\\/es\\\/#\\\/schema\\\/person\\\/fd1d50a727859a9283fdd988aca8d8fb\",\"name\":\"Pilar R\u00edos\",\"image\":{\"@type\":\"ImageObject\",\"inLanguage\":\"en-US\",\"@id\":\"https:\\\/\\\/secure.gravatar.com\\\/avatar\\\/cb4cf509d6c8cf9193108e3149294241c2397964dbeb5a2a6e6b0a4a4127fc37?s=96&d=mm&r=g\",\"url\":\"https:\\\/\\\/secure.gravatar.com\\\/avatar\\\/cb4cf509d6c8cf9193108e3149294241c2397964dbeb5a2a6e6b0a4a4127fc37?s=96&d=mm&r=g\",\"contentUrl\":\"https:\\\/\\\/secure.gravatar.com\\\/avatar\\\/cb4cf509d6c8cf9193108e3149294241c2397964dbeb5a2a6e6b0a4a4127fc37?s=96&d=mm&r=g\",\"caption\":\"Pilar R\u00edos\"},\"url\":\"https:\\\/\\\/www.theoxygenproject.com\\\/es\\\/author\\\/admin-2\\\/\"}]}<\/script>\n<!-- \/ Yoast SEO plugin. -->","yoast_head_json":{"title":"Para que alzar la voz por el medioambiente no cueste la vida \u00a1Escaz\u00fa Ahora! - The Oxygen Project","robots":{"index":"index","follow":"follow","max-snippet":"max-snippet:-1","max-image-preview":"max-image-preview:large","max-video-preview":"max-video-preview:-1"},"canonical":"https:\/\/www.theoxygenproject.com\/es\/para-que-alzar-la-voz-por-el-medioambiente-no-cueste-la-vida-escazu-ahora\/","og_locale":"en_US","og_type":"article","og_title":"Para que alzar la voz por el medioambiente no cueste la vida \u00a1Escaz\u00fa Ahora! - The Oxygen Project","og_description":"Por Pilar R\u00edos La batalla contra el medioambiente por lo general es solitaria, contra un gigante peligroso. Afortunadamente hoy existen j\u00f3venes intentando revertir las duras posiciones de los gobiernos latinoamericanos,...","og_url":"https:\/\/www.theoxygenproject.com\/es\/para-que-alzar-la-voz-por-el-medioambiente-no-cueste-la-vida-escazu-ahora\/","og_site_name":"The Oxygen Project","article_publisher":"https:\/\/www.facebook.com\/theoxygenproj","article_published_time":"2020-09-10T14:28:36+00:00","og_image":[{"width":2410,"height":2104,"url":"https:\/\/www.theoxygenproject.com\/es\/wp-content\/uploads\/2020\/09\/ESCAZUAHORA-02-02.png","type":"image\/png"}],"author":"Pilar R\u00edos","twitter_card":"summary_large_image","twitter_creator":"@theoxygenproj","twitter_site":"@theoxygenproj","twitter_misc":{"Written by":"Pilar R\u00edos","Est. reading time":"1 minute"},"schema":{"@context":"https:\/\/schema.org","@graph":[{"@type":"Article","@id":"https:\/\/www.theoxygenproject.com\/es\/para-que-alzar-la-voz-por-el-medioambiente-no-cueste-la-vida-escazu-ahora\/#article","isPartOf":{"@id":"https:\/\/www.theoxygenproject.com\/es\/para-que-alzar-la-voz-por-el-medioambiente-no-cueste-la-vida-escazu-ahora\/"},"author":{"name":"Pilar R\u00edos","@id":"https:\/\/www.theoxygenproject.com\/es\/#\/schema\/person\/fd1d50a727859a9283fdd988aca8d8fb"},"headline":"Para que alzar la voz por el medioambiente no cueste la vida \u00a1Escaz\u00fa Ahora!","datePublished":"2020-09-10T14:28:36+00:00","mainEntityOfPage":{"@id":"https:\/\/www.theoxygenproject.com\/es\/para-que-alzar-la-voz-por-el-medioambiente-no-cueste-la-vida-escazu-ahora\/"},"wordCount":127,"publisher":{"@id":"https:\/\/www.theoxygenproject.com\/es\/#organization"},"image":{"@id":"https:\/\/www.theoxygenproject.com\/es\/para-que-alzar-la-voz-por-el-medioambiente-no-cueste-la-vida-escazu-ahora\/#primaryimage"},"thumbnailUrl":"https:\/\/www.theoxygenproject.com\/es\/wp-content\/uploads\/2020\/09\/ESCAZUAHORA-02-02.png","articleSection":["Acci\u00f3n Clim\u00e1tica","Cambio clim\u00e1tico","Defensores","pol\u00edtica"],"inLanguage":"en-US"},{"@type":"WebPage","@id":"https:\/\/www.theoxygenproject.com\/es\/para-que-alzar-la-voz-por-el-medioambiente-no-cueste-la-vida-escazu-ahora\/","url":"https:\/\/www.theoxygenproject.com\/es\/para-que-alzar-la-voz-por-el-medioambiente-no-cueste-la-vida-escazu-ahora\/","name":"Para que alzar la voz por el medioambiente no cueste la vida \u00a1Escaz\u00fa Ahora! - The Oxygen Project","isPartOf":{"@id":"https:\/\/www.theoxygenproject.com\/es\/#website"},"primaryImageOfPage":{"@id":"https:\/\/www.theoxygenproject.com\/es\/para-que-alzar-la-voz-por-el-medioambiente-no-cueste-la-vida-escazu-ahora\/#primaryimage"},"image":{"@id":"https:\/\/www.theoxygenproject.com\/es\/para-que-alzar-la-voz-por-el-medioambiente-no-cueste-la-vida-escazu-ahora\/#primaryimage"},"thumbnailUrl":"https:\/\/www.theoxygenproject.com\/es\/wp-content\/uploads\/2020\/09\/ESCAZUAHORA-02-02.png","datePublished":"2020-09-10T14:28:36+00:00","breadcrumb":{"@id":"https:\/\/www.theoxygenproject.com\/es\/para-que-alzar-la-voz-por-el-medioambiente-no-cueste-la-vida-escazu-ahora\/#breadcrumb"},"inLanguage":"en-US","potentialAction":[{"@type":"ReadAction","target":["https:\/\/www.theoxygenproject.com\/es\/para-que-alzar-la-voz-por-el-medioambiente-no-cueste-la-vida-escazu-ahora\/"]}]},{"@type":"ImageObject","inLanguage":"en-US","@id":"https:\/\/www.theoxygenproject.com\/es\/para-que-alzar-la-voz-por-el-medioambiente-no-cueste-la-vida-escazu-ahora\/#primaryimage","url":"https:\/\/www.theoxygenproject.com\/es\/wp-content\/uploads\/2020\/09\/ESCAZUAHORA-02-02.png","contentUrl":"https:\/\/www.theoxygenproject.com\/es\/wp-content\/uploads\/2020\/09\/ESCAZUAHORA-02-02.png","width":2410,"height":2104},{"@type":"BreadcrumbList","@id":"https:\/\/www.theoxygenproject.com\/es\/para-que-alzar-la-voz-por-el-medioambiente-no-cueste-la-vida-escazu-ahora\/#breadcrumb","itemListElement":[{"@type":"ListItem","position":1,"name":"Home","item":"https:\/\/www.theoxygenproject.com\/es\/"},{"@type":"ListItem","position":2,"name":"Para que alzar la voz por el medioambiente no cueste la vida \u00a1Escaz\u00fa Ahora!"}]},{"@type":"WebSite","@id":"https:\/\/www.theoxygenproject.com\/es\/#website","url":"https:\/\/www.theoxygenproject.com\/es\/","name":"The Oxygen Project","description":"","publisher":{"@id":"https:\/\/www.theoxygenproject.com\/es\/#organization"},"potentialAction":[{"@type":"SearchAction","target":{"@type":"EntryPoint","urlTemplate":"https:\/\/www.theoxygenproject.com\/es\/?s={search_term_string}"},"query-input":{"@type":"PropertyValueSpecification","valueRequired":true,"valueName":"search_term_string"}}],"inLanguage":"en-US"},{"@type":"Organization","@id":"https:\/\/www.theoxygenproject.com\/es\/#organization","name":"The Oxygen Project","url":"https:\/\/www.theoxygenproject.com\/es\/","logo":{"@type":"ImageObject","inLanguage":"en-US","@id":"https:\/\/www.theoxygenproject.com\/es\/#\/schema\/logo\/image\/","url":"https:\/\/www.theoxygenproject.com\/es\/wp-content\/uploads\/2024\/05\/top-logo-dark.png","contentUrl":"https:\/\/www.theoxygenproject.com\/es\/wp-content\/uploads\/2024\/05\/top-logo-dark.png","width":384,"height":256,"caption":"The Oxygen Project"},"image":{"@id":"https:\/\/www.theoxygenproject.com\/es\/#\/schema\/logo\/image\/"},"sameAs":["https:\/\/www.facebook.com\/theoxygenproj","https:\/\/x.com\/theoxygenproj"]},{"@type":"Person","@id":"https:\/\/www.theoxygenproject.com\/es\/#\/schema\/person\/fd1d50a727859a9283fdd988aca8d8fb","name":"Pilar R\u00edos","image":{"@type":"ImageObject","inLanguage":"en-US","@id":"https:\/\/secure.gravatar.com\/avatar\/cb4cf509d6c8cf9193108e3149294241c2397964dbeb5a2a6e6b0a4a4127fc37?s=96&d=mm&r=g","url":"https:\/\/secure.gravatar.com\/avatar\/cb4cf509d6c8cf9193108e3149294241c2397964dbeb5a2a6e6b0a4a4127fc37?s=96&d=mm&r=g","contentUrl":"https:\/\/secure.gravatar.com\/avatar\/cb4cf509d6c8cf9193108e3149294241c2397964dbeb5a2a6e6b0a4a4127fc37?s=96&d=mm&r=g","caption":"Pilar R\u00edos"},"url":"https:\/\/www.theoxygenproject.com\/es\/author\/admin-2\/"}]}},"_links":{"self":[{"href":"https:\/\/www.theoxygenproject.com\/es\/wp-json\/wp\/v2\/posts\/653","targetHints":{"allow":["GET"]}}],"collection":[{"href":"https:\/\/www.theoxygenproject.com\/es\/wp-json\/wp\/v2\/posts"}],"about":[{"href":"https:\/\/www.theoxygenproject.com\/es\/wp-json\/wp\/v2\/types\/post"}],"author":[{"embeddable":true,"href":"https:\/\/www.theoxygenproject.com\/es\/wp-json\/wp\/v2\/users\/3"}],"replies":[{"embeddable":true,"href":"https:\/\/www.theoxygenproject.com\/es\/wp-json\/wp\/v2\/comments?post=653"}],"version-history":[{"count":0,"href":"https:\/\/www.theoxygenproject.com\/es\/wp-json\/wp\/v2\/posts\/653\/revisions"}],"wp:featuredmedia":[{"embeddable":true,"href":"https:\/\/www.theoxygenproject.com\/es\/wp-json\/wp\/v2\/media\/661"}],"wp:attachment":[{"href":"https:\/\/www.theoxygenproject.com\/es\/wp-json\/wp\/v2\/media?parent=653"}],"wp:term":[{"taxonomy":"category","embeddable":true,"href":"https:\/\/www.theoxygenproject.com\/es\/wp-json\/wp\/v2\/categories?post=653"},{"taxonomy":"post_tag","embeddable":true,"href":"https:\/\/www.theoxygenproject.com\/es\/wp-json\/wp\/v2\/tags?post=653"}],"curies":[{"name":"wp","href":"https:\/\/api.w.org\/{rel}","templated":true}]}}