{"id":611,"date":"2020-10-05T04:26:57","date_gmt":"2020-10-05T01:26:57","guid":{"rendered":"https:\/\/www.theoxygenproject.com\/es\/?p=611"},"modified":"2020-10-05T04:26:57","modified_gmt":"2020-10-05T01:26:57","slug":"los-5-fotografos-latinoamericanos-que-muestran-nuestra-riqueza-natural","status":"publish","type":"post","link":"https:\/\/www.theoxygenproject.com\/es\/los-5-fotografos-latinoamericanos-que-muestran-nuestra-riqueza-natural\/","title":{"rendered":"Los 5 fot\u00f3grafos latinoamericanos que muestran nuestra riqueza natural"},"content":{"rendered":"<h5><strong>Por Nicole Chiffelle<\/strong><\/h5>\n<p><span style=\"font-weight: 400;\">Latinoam\u00e9rica y el Caribe son una de las regiones con mayor biodiversidad del planeta, la abundancia se respira por todas partes y a trav\u00e9s de la mirada de estos 5 f\u00f3tografos puedes navegar por su riqueza, flora,\u00a0 fauna nativa y diversidad end\u00e9mica.<\/span><\/p>\n<p><b>Luciano Canisani<\/b><span style=\"font-weight: 400;\">;\u00a0 destacado fot\u00f3grafo brasilero que ha tomado como causa salvaguardar los ambientes y culturas en riesgo dentro del contexto mundial y de Brasil. Su fotograf\u00eda es una invitaci\u00f3n a penetrar en el mundo salvaje y ser testigos de la relaci\u00f3n de las especies con su entorno. Dentro de sus series destacan <\/span><a href=\"https:\/\/lucianocandisani.com\/galerias\/#gallery\/9__2961863347\/329\"><span style=\"font-weight: 400;\">\u201cA volta do Jacar\u00e9, Pantanal, Brasil\u201d<\/span><\/a><span style=\"font-weight: 400;\"> y <\/span><a href=\"https:\/\/lucianocandisani.com\/galerias\/#gallery\/9__2961863347\/329\"><span style=\"font-weight: 400;\">\u201cMuriqui, o maior macaco das am\u00e9rcias, Brasil\u201d<\/span><\/a><span style=\"font-weight: 400;\">, ambas sobre\u00a0 animales end\u00e9micos amenazados por la caza ilegal, tr\u00e1fico de mascotas y destrucci\u00f3n de sus h\u00e1bitats.<\/span><\/p>\n<p><span style=\"font-weight: 400;\">M\u00e1s de su trabajo:<\/span><\/p>\n<p><a href=\"https:\/\/lucianocandisani.com\/\"><b>https:\/\/lucianocandisani.com\/<\/b><\/a><\/p>\n<p><a href=\"https:\/\/www.instagram.com\/lucianocandisani\/?hl=es-la\"><b>@lucianocandisani<\/b><\/a><\/p>\n","protected":false},"excerpt":{"rendered":"<p>Por Nicole Chiffelle Latinoam\u00e9rica y el Caribe son una de las regiones con mayor biodiversidad del planeta, la abundancia se respira por todas partes y a trav\u00e9s de la mirada&#8230;<\/p>\n","protected":false},"author":3,"featured_media":614,"comment_status":"closed","ping_status":"closed","sticky":false,"template":"","format":"standard","meta":{"_mo_disable_npp":"","footnotes":""},"categories":[8,6],"tags":[],"class_list":["post-611","post","type-post","status-publish","format-standard","has-post-thumbnail","hentry","category-fauna-silvestre","category-land"],"yoast_head":"<!-- This site is optimized with the Yoast SEO plugin v28.3 - https:\/\/yoast.com\/product\/yoast-seo-wordpress\/ -->\n<title>Los 5 fot\u00f3grafos latinoamericanos que muestran nuestra riqueza natural - The Oxygen Project<\/title>\n<meta name=\"robots\" content=\"index, follow, max-snippet:-1, max-image-preview:large, max-video-preview:-1\" \/>\n<link rel=\"canonical\" href=\"https:\/\/www.theoxygenproject.com\/es\/los-5-fotografos-latinoamericanos-que-muestran-nuestra-riqueza-natural\/\" \/>\n<meta property=\"og:locale\" content=\"en_US\" \/>\n<meta property=\"og:type\" content=\"article\" \/>\n<meta property=\"og:title\" content=\"Los 5 fot\u00f3grafos latinoamericanos que muestran nuestra riqueza natural - The Oxygen Project\" \/>\n<meta property=\"og:description\" content=\"Por Nicole Chiffelle Latinoam\u00e9rica y el Caribe son una de las regiones con mayor biodiversidad del planeta, la abundancia se respira por todas partes y a trav\u00e9s de la mirada...\" \/>\n<meta property=\"og:url\" content=\"https:\/\/www.theoxygenproject.com\/es\/los-5-fotografos-latinoamericanos-que-muestran-nuestra-riqueza-natural\/\" \/>\n<meta property=\"og:site_name\" content=\"The Oxygen Project\" \/>\n<meta property=\"article:publisher\" content=\"https:\/\/www.facebook.com\/theoxygenproj\" \/>\n<meta property=\"article:published_time\" content=\"2020-10-05T01:26:57+00:00\" \/>\n<meta property=\"og:image\" content=\"https:\/\/www.theoxygenproject.com\/es\/wp-content\/uploads\/2020\/08\/jaime-culebras-2.png\" \/>\n\t<meta property=\"og:image:width\" content=\"480\" \/>\n\t<meta property=\"og:image:height\" content=\"600\" \/>\n\t<meta property=\"og:image:type\" content=\"image\/png\" \/>\n<meta name=\"author\" content=\"Pilar R\u00edos\" \/>\n<meta name=\"twitter:card\" content=\"summary_large_image\" \/>\n<meta name=\"twitter:creator\" content=\"@theoxygenproj\" \/>\n<meta name=\"twitter:site\" content=\"@theoxygenproj\" \/>\n<meta name=\"twitter:label1\" content=\"Written by\" \/>\n\t<meta name=\"twitter:data1\" content=\"Pilar R\u00edos\" \/>\n\t<meta name=\"twitter:label2\" content=\"Est. reading time\" \/>\n\t<meta name=\"twitter:data2\" content=\"1 minute\" \/>\n<script type=\"application\/ld+json\" class=\"yoast-schema-graph\">{\"@context\":\"https:\\\/\\\/schema.org\",\"@graph\":[{\"@type\":\"Article\",\"@id\":\"https:\\\/\\\/www.theoxygenproject.com\\\/es\\\/los-5-fotografos-latinoamericanos-que-muestran-nuestra-riqueza-natural\\\/#article\",\"isPartOf\":{\"@id\":\"https:\\\/\\\/www.theoxygenproject.com\\\/es\\\/los-5-fotografos-latinoamericanos-que-muestran-nuestra-riqueza-natural\\\/\"},\"author\":{\"name\":\"Pilar R\u00edos\",\"@id\":\"https:\\\/\\\/www.theoxygenproject.com\\\/es\\\/#\\\/schema\\\/person\\\/fd1d50a727859a9283fdd988aca8d8fb\"},\"headline\":\"Los 5 fot\u00f3grafos latinoamericanos que muestran nuestra riqueza natural\",\"datePublished\":\"2020-10-05T01:26:57+00:00\",\"mainEntityOfPage\":{\"@id\":\"https:\\\/\\\/www.theoxygenproject.com\\\/es\\\/los-5-fotografos-latinoamericanos-que-muestran-nuestra-riqueza-natural\\\/\"},\"wordCount\":158,\"publisher\":{\"@id\":\"https:\\\/\\\/www.theoxygenproject.com\\\/es\\\/#organization\"},\"image\":{\"@id\":\"https:\\\/\\\/www.theoxygenproject.com\\\/es\\\/los-5-fotografos-latinoamericanos-que-muestran-nuestra-riqueza-natural\\\/#primaryimage\"},\"thumbnailUrl\":\"https:\\\/\\\/www.theoxygenproject.com\\\/es\\\/wp-content\\\/uploads\\\/2020\\\/08\\\/jaime-culebras-2.png\",\"articleSection\":[\"Fauna silvestre\",\"Regeneraci\u00f3n\"],\"inLanguage\":\"en-US\"},{\"@type\":\"WebPage\",\"@id\":\"https:\\\/\\\/www.theoxygenproject.com\\\/es\\\/los-5-fotografos-latinoamericanos-que-muestran-nuestra-riqueza-natural\\\/\",\"url\":\"https:\\\/\\\/www.theoxygenproject.com\\\/es\\\/los-5-fotografos-latinoamericanos-que-muestran-nuestra-riqueza-natural\\\/\",\"name\":\"Los 5 fot\u00f3grafos latinoamericanos que muestran nuestra riqueza natural - The Oxygen Project\",\"isPartOf\":{\"@id\":\"https:\\\/\\\/www.theoxygenproject.com\\\/es\\\/#website\"},\"primaryImageOfPage\":{\"@id\":\"https:\\\/\\\/www.theoxygenproject.com\\\/es\\\/los-5-fotografos-latinoamericanos-que-muestran-nuestra-riqueza-natural\\\/#primaryimage\"},\"image\":{\"@id\":\"https:\\\/\\\/www.theoxygenproject.com\\\/es\\\/los-5-fotografos-latinoamericanos-que-muestran-nuestra-riqueza-natural\\\/#primaryimage\"},\"thumbnailUrl\":\"https:\\\/\\\/www.theoxygenproject.com\\\/es\\\/wp-content\\\/uploads\\\/2020\\\/08\\\/jaime-culebras-2.png\",\"datePublished\":\"2020-10-05T01:26:57+00:00\",\"breadcrumb\":{\"@id\":\"https:\\\/\\\/www.theoxygenproject.com\\\/es\\\/los-5-fotografos-latinoamericanos-que-muestran-nuestra-riqueza-natural\\\/#breadcrumb\"},\"inLanguage\":\"en-US\",\"potentialAction\":[{\"@type\":\"ReadAction\",\"target\":[\"https:\\\/\\\/www.theoxygenproject.com\\\/es\\\/los-5-fotografos-latinoamericanos-que-muestran-nuestra-riqueza-natural\\\/\"]}]},{\"@type\":\"ImageObject\",\"inLanguage\":\"en-US\",\"@id\":\"https:\\\/\\\/www.theoxygenproject.com\\\/es\\\/los-5-fotografos-latinoamericanos-que-muestran-nuestra-riqueza-natural\\\/#primaryimage\",\"url\":\"https:\\\/\\\/www.theoxygenproject.com\\\/es\\\/wp-content\\\/uploads\\\/2020\\\/08\\\/jaime-culebras-2.png\",\"contentUrl\":\"https:\\\/\\\/www.theoxygenproject.com\\\/es\\\/wp-content\\\/uploads\\\/2020\\\/08\\\/jaime-culebras-2.png\",\"width\":480,\"height\":600},{\"@type\":\"BreadcrumbList\",\"@id\":\"https:\\\/\\\/www.theoxygenproject.com\\\/es\\\/los-5-fotografos-latinoamericanos-que-muestran-nuestra-riqueza-natural\\\/#breadcrumb\",\"itemListElement\":[{\"@type\":\"ListItem\",\"position\":1,\"name\":\"Home\",\"item\":\"https:\\\/\\\/www.theoxygenproject.com\\\/es\\\/\"},{\"@type\":\"ListItem\",\"position\":2,\"name\":\"Los 5 fot\u00f3grafos latinoamericanos que muestran nuestra riqueza natural\"}]},{\"@type\":\"WebSite\",\"@id\":\"https:\\\/\\\/www.theoxygenproject.com\\\/es\\\/#website\",\"url\":\"https:\\\/\\\/www.theoxygenproject.com\\\/es\\\/\",\"name\":\"The Oxygen Project\",\"description\":\"\",\"publisher\":{\"@id\":\"https:\\\/\\\/www.theoxygenproject.com\\\/es\\\/#organization\"},\"potentialAction\":[{\"@type\":\"SearchAction\",\"target\":{\"@type\":\"EntryPoint\",\"urlTemplate\":\"https:\\\/\\\/www.theoxygenproject.com\\\/es\\\/?s={search_term_string}\"},\"query-input\":{\"@type\":\"PropertyValueSpecification\",\"valueRequired\":true,\"valueName\":\"search_term_string\"}}],\"inLanguage\":\"en-US\"},{\"@type\":\"Organization\",\"@id\":\"https:\\\/\\\/www.theoxygenproject.com\\\/es\\\/#organization\",\"name\":\"The Oxygen Project\",\"url\":\"https:\\\/\\\/www.theoxygenproject.com\\\/es\\\/\",\"logo\":{\"@type\":\"ImageObject\",\"inLanguage\":\"en-US\",\"@id\":\"https:\\\/\\\/www.theoxygenproject.com\\\/es\\\/#\\\/schema\\\/logo\\\/image\\\/\",\"url\":\"https:\\\/\\\/www.theoxygenproject.com\\\/es\\\/wp-content\\\/uploads\\\/2024\\\/05\\\/top-logo-dark.png\",\"contentUrl\":\"https:\\\/\\\/www.theoxygenproject.com\\\/es\\\/wp-content\\\/uploads\\\/2024\\\/05\\\/top-logo-dark.png\",\"width\":384,\"height\":256,\"caption\":\"The Oxygen Project\"},\"image\":{\"@id\":\"https:\\\/\\\/www.theoxygenproject.com\\\/es\\\/#\\\/schema\\\/logo\\\/image\\\/\"},\"sameAs\":[\"https:\\\/\\\/www.facebook.com\\\/theoxygenproj\",\"https:\\\/\\\/x.com\\\/theoxygenproj\"]},{\"@type\":\"Person\",\"@id\":\"https:\\\/\\\/www.theoxygenproject.com\\\/es\\\/#\\\/schema\\\/person\\\/fd1d50a727859a9283fdd988aca8d8fb\",\"name\":\"Pilar R\u00edos\",\"image\":{\"@type\":\"ImageObject\",\"inLanguage\":\"en-US\",\"@id\":\"https:\\\/\\\/secure.gravatar.com\\\/avatar\\\/cb4cf509d6c8cf9193108e3149294241c2397964dbeb5a2a6e6b0a4a4127fc37?s=96&d=mm&r=g\",\"url\":\"https:\\\/\\\/secure.gravatar.com\\\/avatar\\\/cb4cf509d6c8cf9193108e3149294241c2397964dbeb5a2a6e6b0a4a4127fc37?s=96&d=mm&r=g\",\"contentUrl\":\"https:\\\/\\\/secure.gravatar.com\\\/avatar\\\/cb4cf509d6c8cf9193108e3149294241c2397964dbeb5a2a6e6b0a4a4127fc37?s=96&d=mm&r=g\",\"caption\":\"Pilar R\u00edos\"},\"url\":\"https:\\\/\\\/www.theoxygenproject.com\\\/es\\\/author\\\/admin-2\\\/\"}]}<\/script>\n<!-- \/ Yoast SEO plugin. -->","yoast_head_json":{"title":"Los 5 fot\u00f3grafos latinoamericanos que muestran nuestra riqueza natural - The Oxygen Project","robots":{"index":"index","follow":"follow","max-snippet":"max-snippet:-1","max-image-preview":"max-image-preview:large","max-video-preview":"max-video-preview:-1"},"canonical":"https:\/\/www.theoxygenproject.com\/es\/los-5-fotografos-latinoamericanos-que-muestran-nuestra-riqueza-natural\/","og_locale":"en_US","og_type":"article","og_title":"Los 5 fot\u00f3grafos latinoamericanos que muestran nuestra riqueza natural - The Oxygen Project","og_description":"Por Nicole Chiffelle Latinoam\u00e9rica y el Caribe son una de las regiones con mayor biodiversidad del planeta, la abundancia se respira por todas partes y a trav\u00e9s de la mirada...","og_url":"https:\/\/www.theoxygenproject.com\/es\/los-5-fotografos-latinoamericanos-que-muestran-nuestra-riqueza-natural\/","og_site_name":"The Oxygen Project","article_publisher":"https:\/\/www.facebook.com\/theoxygenproj","article_published_time":"2020-10-05T01:26:57+00:00","og_image":[{"width":480,"height":600,"url":"https:\/\/www.theoxygenproject.com\/es\/wp-content\/uploads\/2020\/08\/jaime-culebras-2.png","type":"image\/png"}],"author":"Pilar R\u00edos","twitter_card":"summary_large_image","twitter_creator":"@theoxygenproj","twitter_site":"@theoxygenproj","twitter_misc":{"Written by":"Pilar R\u00edos","Est. reading time":"1 minute"},"schema":{"@context":"https:\/\/schema.org","@graph":[{"@type":"Article","@id":"https:\/\/www.theoxygenproject.com\/es\/los-5-fotografos-latinoamericanos-que-muestran-nuestra-riqueza-natural\/#article","isPartOf":{"@id":"https:\/\/www.theoxygenproject.com\/es\/los-5-fotografos-latinoamericanos-que-muestran-nuestra-riqueza-natural\/"},"author":{"name":"Pilar R\u00edos","@id":"https:\/\/www.theoxygenproject.com\/es\/#\/schema\/person\/fd1d50a727859a9283fdd988aca8d8fb"},"headline":"Los 5 fot\u00f3grafos latinoamericanos que muestran nuestra riqueza natural","datePublished":"2020-10-05T01:26:57+00:00","mainEntityOfPage":{"@id":"https:\/\/www.theoxygenproject.com\/es\/los-5-fotografos-latinoamericanos-que-muestran-nuestra-riqueza-natural\/"},"wordCount":158,"publisher":{"@id":"https:\/\/www.theoxygenproject.com\/es\/#organization"},"image":{"@id":"https:\/\/www.theoxygenproject.com\/es\/los-5-fotografos-latinoamericanos-que-muestran-nuestra-riqueza-natural\/#primaryimage"},"thumbnailUrl":"https:\/\/www.theoxygenproject.com\/es\/wp-content\/uploads\/2020\/08\/jaime-culebras-2.png","articleSection":["Fauna silvestre","Regeneraci\u00f3n"],"inLanguage":"en-US"},{"@type":"WebPage","@id":"https:\/\/www.theoxygenproject.com\/es\/los-5-fotografos-latinoamericanos-que-muestran-nuestra-riqueza-natural\/","url":"https:\/\/www.theoxygenproject.com\/es\/los-5-fotografos-latinoamericanos-que-muestran-nuestra-riqueza-natural\/","name":"Los 5 fot\u00f3grafos latinoamericanos que muestran nuestra riqueza natural - The Oxygen Project","isPartOf":{"@id":"https:\/\/www.theoxygenproject.com\/es\/#website"},"primaryImageOfPage":{"@id":"https:\/\/www.theoxygenproject.com\/es\/los-5-fotografos-latinoamericanos-que-muestran-nuestra-riqueza-natural\/#primaryimage"},"image":{"@id":"https:\/\/www.theoxygenproject.com\/es\/los-5-fotografos-latinoamericanos-que-muestran-nuestra-riqueza-natural\/#primaryimage"},"thumbnailUrl":"https:\/\/www.theoxygenproject.com\/es\/wp-content\/uploads\/2020\/08\/jaime-culebras-2.png","datePublished":"2020-10-05T01:26:57+00:00","breadcrumb":{"@id":"https:\/\/www.theoxygenproject.com\/es\/los-5-fotografos-latinoamericanos-que-muestran-nuestra-riqueza-natural\/#breadcrumb"},"inLanguage":"en-US","potentialAction":[{"@type":"ReadAction","target":["https:\/\/www.theoxygenproject.com\/es\/los-5-fotografos-latinoamericanos-que-muestran-nuestra-riqueza-natural\/"]}]},{"@type":"ImageObject","inLanguage":"en-US","@id":"https:\/\/www.theoxygenproject.com\/es\/los-5-fotografos-latinoamericanos-que-muestran-nuestra-riqueza-natural\/#primaryimage","url":"https:\/\/www.theoxygenproject.com\/es\/wp-content\/uploads\/2020\/08\/jaime-culebras-2.png","contentUrl":"https:\/\/www.theoxygenproject.com\/es\/wp-content\/uploads\/2020\/08\/jaime-culebras-2.png","width":480,"height":600},{"@type":"BreadcrumbList","@id":"https:\/\/www.theoxygenproject.com\/es\/los-5-fotografos-latinoamericanos-que-muestran-nuestra-riqueza-natural\/#breadcrumb","itemListElement":[{"@type":"ListItem","position":1,"name":"Home","item":"https:\/\/www.theoxygenproject.com\/es\/"},{"@type":"ListItem","position":2,"name":"Los 5 fot\u00f3grafos latinoamericanos que muestran nuestra riqueza natural"}]},{"@type":"WebSite","@id":"https:\/\/www.theoxygenproject.com\/es\/#website","url":"https:\/\/www.theoxygenproject.com\/es\/","name":"The Oxygen Project","description":"","publisher":{"@id":"https:\/\/www.theoxygenproject.com\/es\/#organization"},"potentialAction":[{"@type":"SearchAction","target":{"@type":"EntryPoint","urlTemplate":"https:\/\/www.theoxygenproject.com\/es\/?s={search_term_string}"},"query-input":{"@type":"PropertyValueSpecification","valueRequired":true,"valueName":"search_term_string"}}],"inLanguage":"en-US"},{"@type":"Organization","@id":"https:\/\/www.theoxygenproject.com\/es\/#organization","name":"The Oxygen Project","url":"https:\/\/www.theoxygenproject.com\/es\/","logo":{"@type":"ImageObject","inLanguage":"en-US","@id":"https:\/\/www.theoxygenproject.com\/es\/#\/schema\/logo\/image\/","url":"https:\/\/www.theoxygenproject.com\/es\/wp-content\/uploads\/2024\/05\/top-logo-dark.png","contentUrl":"https:\/\/www.theoxygenproject.com\/es\/wp-content\/uploads\/2024\/05\/top-logo-dark.png","width":384,"height":256,"caption":"The Oxygen Project"},"image":{"@id":"https:\/\/www.theoxygenproject.com\/es\/#\/schema\/logo\/image\/"},"sameAs":["https:\/\/www.facebook.com\/theoxygenproj","https:\/\/x.com\/theoxygenproj"]},{"@type":"Person","@id":"https:\/\/www.theoxygenproject.com\/es\/#\/schema\/person\/fd1d50a727859a9283fdd988aca8d8fb","name":"Pilar R\u00edos","image":{"@type":"ImageObject","inLanguage":"en-US","@id":"https:\/\/secure.gravatar.com\/avatar\/cb4cf509d6c8cf9193108e3149294241c2397964dbeb5a2a6e6b0a4a4127fc37?s=96&d=mm&r=g","url":"https:\/\/secure.gravatar.com\/avatar\/cb4cf509d6c8cf9193108e3149294241c2397964dbeb5a2a6e6b0a4a4127fc37?s=96&d=mm&r=g","contentUrl":"https:\/\/secure.gravatar.com\/avatar\/cb4cf509d6c8cf9193108e3149294241c2397964dbeb5a2a6e6b0a4a4127fc37?s=96&d=mm&r=g","caption":"Pilar R\u00edos"},"url":"https:\/\/www.theoxygenproject.com\/es\/author\/admin-2\/"}]}},"_links":{"self":[{"href":"https:\/\/www.theoxygenproject.com\/es\/wp-json\/wp\/v2\/posts\/611","targetHints":{"allow":["GET"]}}],"collection":[{"href":"https:\/\/www.theoxygenproject.com\/es\/wp-json\/wp\/v2\/posts"}],"about":[{"href":"https:\/\/www.theoxygenproject.com\/es\/wp-json\/wp\/v2\/types\/post"}],"author":[{"embeddable":true,"href":"https:\/\/www.theoxygenproject.com\/es\/wp-json\/wp\/v2\/users\/3"}],"replies":[{"embeddable":true,"href":"https:\/\/www.theoxygenproject.com\/es\/wp-json\/wp\/v2\/comments?post=611"}],"version-history":[{"count":0,"href":"https:\/\/www.theoxygenproject.com\/es\/wp-json\/wp\/v2\/posts\/611\/revisions"}],"wp:featuredmedia":[{"embeddable":true,"href":"https:\/\/www.theoxygenproject.com\/es\/wp-json\/wp\/v2\/media\/614"}],"wp:attachment":[{"href":"https:\/\/www.theoxygenproject.com\/es\/wp-json\/wp\/v2\/media?parent=611"}],"wp:term":[{"taxonomy":"category","embeddable":true,"href":"https:\/\/www.theoxygenproject.com\/es\/wp-json\/wp\/v2\/categories?post=611"},{"taxonomy":"post_tag","embeddable":true,"href":"https:\/\/www.theoxygenproject.com\/es\/wp-json\/wp\/v2\/tags?post=611"}],"curies":[{"name":"wp","href":"https:\/\/api.w.org\/{rel}","templated":true}]}}