{"id":2210,"date":"2026-03-27T11:07:04","date_gmt":"2026-03-27T11:07:04","guid":{"rendered":"https:\/\/www.theoxygenproject.com\/es\/?p=2210"},"modified":"2026-03-27T11:33:17","modified_gmt":"2026-03-27T11:33:17","slug":"el-ano-en-que-el-mundo-decide-proteger-lo-que-no-puede-reemplazar","status":"publish","type":"post","link":"https:\/\/www.theoxygenproject.com\/es\/el-ano-en-que-el-mundo-decide-proteger-lo-que-no-puede-reemplazar\/","title":{"rendered":"Proteger lo que no se puede reemplazar"},"content":{"rendered":"<p><span style=\"font-weight: 400;\">Durante d\u00e9cadas, la humanidad avanz\u00f3 con una idea equivocada, que todo pod\u00eda reconstruirse. Despu\u00e9s de guerras, ciudades destruidas y una industrializaci\u00f3n acelerada, el planeta comenz\u00f3 a mostrar cicatrices profundas, fue entonces cuando surgi\u00f3 una comprensi\u00f3n fundamental: <\/span><b>no todo puede reemplazarse<\/b><span style=\"font-weight: 400;\">.<\/span><\/p>\n<p><span style=\"font-weight: 400;\">Ese punto de inflexi\u00f3n no ocurri\u00f3 de un d\u00eda para otro. En los a\u00f1os 60, dos procesos marcaron un cambio de conciencia global. Por un lado, la campa\u00f1a internacional para salvar los templos de Abu Simbel en Egipto, por otro, el crecimiento de una preocupaci\u00f3n ambiental que empezaba a reconocer que algunos lugares no pertenecen solo a un pa\u00eds, pertenecen a la humanidad.<\/span><\/p>\n<p><b>Un acuerdo global para proteger lo irreemplazable<\/b><\/p>\n<p><span style=\"font-weight: 400;\">En 1972, los Estados Miembros de la UNESCO adoptaron la Convenci\u00f3n sobre la Protecci\u00f3n del Patrimonio Mundial Cultural y Natural. Por primera vez en la historia, los pa\u00edses acordaron proteger juntos los lugares m\u00e1s valiosos del planeta.<\/span><\/p>\n<p><span style=\"font-weight: 400;\">La Convenci\u00f3n estableci\u00f3 una idea revolucionaria: existen sitios con <\/span><b>Valor Universal Excepcional<\/b><span style=\"font-weight: 400;\">, lugares cuya p\u00e9rdida no ser\u00eda local, sino global, lugares que deben ser protegidos colectivamente, m\u00e1s all\u00e1 de las fronteras pol\u00edticas. Desde entonces, el concepto de patrimonio cambi\u00f3.<\/span><\/p>\n<p><span style=\"font-weight: 400;\">El patrimonio ya no es solo aquello que heredamos, es tambi\u00e9n aquello que estamos obligados a proteger. Como lo resume Kevin G\u00f3mez, de SOA Panam\u00e1, \u201ccuando un lugar es Patrimonio Natural de la Humanidad, su valor es tan grande que pertenece a todos\u201d.<\/span><\/p>\n<p><b>M\u00e1s que un t\u00edtulo: una responsabilidad compartida<\/b><\/p>\n<p><span style=\"font-weight: 400;\">Ser declarado Patrimonio de la Humanidad no es un reconocimiento simb\u00f3lico, es un compromiso. Implica que el desarrollo no puede imponerse sobre lo irreemplazable, que el progreso no puede justificarse a costa de sistemas que sostienen la vida.<\/span><\/p>\n<p><span style=\"font-weight: 400;\">El patrimonio natural es mucho m\u00e1s que un paisaje, es futuro, es herencia, es aquello que recibimos sin haberlo creado. Lo que sostiene nuestra historia y nuestra posibilidad de existir, no es posesi\u00f3n, es responsabilidad.<\/span><\/p>\n<p><span style=\"font-weight: 400;\">En t\u00e9rminos ecol\u00f3gicos, el patrimonio natural es la vida organizada en equilibrio: oc\u00e9anos que respiran, bosques que regulan el clima, manglares que protegen comunidades. Es, en muchos sentidos, la infraestructura invisible del planeta.<\/span><\/p>\n<p><b>Cuando la conexi\u00f3n se vuelve visible<\/b><\/p>\n<p><span style=\"font-weight: 400;\">Uno de los principios m\u00e1s importantes, y a menudo menos comprendidos, es que los ecosistemas no est\u00e1n aislados, est\u00e1n conectados por corrientes oce\u00e1nicas, por especies migratorias y por ciclos ecol\u00f3gicos que operan a escala global, esto es particularmente relevante hoy.<\/span><\/p>\n<p><span style=\"font-weight: 400;\">En Panam\u00e1, el <\/span><b>Parque Nacional Coiba<\/b><span style=\"font-weight: 400;\">, declarado Patrimonio de la Humanidad en 2005, se encuentra bajo evaluaci\u00f3n del Comit\u00e9 de Patrimonio Mundial. La raz\u00f3n: la necesidad de analizar los posibles impactos de un proyecto portuario llamado Puerto Bar\u00fa.<\/span><\/p>\n<p><span style=\"font-weight: 400;\">La preocupaci\u00f3n no es abstracta, como explica la cient\u00edfica peruana Rosa V\u00e1squez Espinoza, \u201cla evidencia cient\u00edfica es clara: actividades como el dragado remueven sedimentos del fondo marino, alterando la calidad del agua, los ciclos ecol\u00f3gicos y los h\u00e1bitats de m\u00faltiples especies\u201d.<\/span><\/p>\n<p><span style=\"font-weight: 400;\">En el oc\u00e9ano, estos efectos no se quedan en un solo lugar, los sedimentos pueden desplazarse a trav\u00e9s de corrientes, afectando ecosistemas a kil\u00f3metros de distancia. Porque en el mar, todo est\u00e1 conectado.<\/span><\/p>\n<p><b>Una discusi\u00f3n que ya no es local<\/b><\/p>\n<p><span style=\"font-weight: 400;\">Lo que ocurre en Panam\u00e1 es un ejemplo de un debate global m\u00e1s amplio que tiene que ver con c\u00f3mo equilibrar desarrollo y protecci\u00f3n en un planeta finito. La activista clim\u00e1tica Clara Tom\u00e9 lo plantea con claridad: \u201cde qu\u00e9 sirve reconocer los derechos de la naturaleza cuando estos se vulneran en cuanto hay intereses econ\u00f3micos de por medio\u201d. Esa tensi\u00f3n no es nueva, como se\u00f1ala la actriz Ana Wills, \u201cla historia vuelve a repetirse, mientras el planeta arde, seguimos poniendo en riesgo lo irreemplazable\u201d.<\/span><\/p>\n<p><span style=\"font-weight: 400;\">La pregunta, entonces, no es solo qu\u00e9 ocurre en un territorio espec\u00edfico, sino qu\u00e9 decisiones estamos tomando como sociedad global.<\/span><\/p>\n<p><b>El valor de lo que a\u00fan podemos proteger<\/b><\/p>\n<p><span style=\"font-weight: 400;\">Los manglares, por ejemplo, no suelen ocupar titulares internacionales sin embargo, cumplen funciones cr\u00edticas: protegen comunidades costeras, almacenan carbono y sostienen biodiversidad.<\/span><\/p>\n<p><span style=\"font-weight: 400;\">En palabras de Camila Aybar, \u201cen Panam\u00e1, el bosque de manglares m\u00e1s grande de Latinoam\u00e9rica podr\u00eda estar en riesgo\u201d proteger estos ecosistemas no es solo una cuesti\u00f3n ambiental, es una decisi\u00f3n sobre el tipo de futuro que queremos construir.<\/span><\/p>\n<p><b>El a\u00f1o en que decidimos<\/b><\/p>\n<p><span style=\"font-weight: 400;\">Hoy, m\u00e1s de 50 a\u00f1os despu\u00e9s de la Convenci\u00f3n de la UNESCO, el principio sigue siendo el mismo, pero el contexto es m\u00e1s urgente.<\/span><\/p>\n<p><span style=\"font-weight: 400;\">Nunca hab\u00edamos tenido tanta informaci\u00f3n sobre los l\u00edmites del planeta.<\/span><span style=\"font-weight: 400;\"><br \/>\n<\/span><span style=\"font-weight: 400;\">Nunca hab\u00eda sido tan evidente la interdependencia de los sistemas naturales.<\/span><span style=\"font-weight: 400;\"><br \/>\n<\/span><span style=\"font-weight: 400;\">Y nunca hab\u00eda sido tan claro que algunas p\u00e9rdidas son irreversibles.<\/span><\/p>\n<p><span style=\"font-weight: 400;\">El llamado es simple, pero profundo:<\/span><\/p>\n<p><b>Proteger nuestra herencia es defender el futuro.<\/b><\/p>\n<p><span style=\"font-weight: 400;\">No importa d\u00f3nde est\u00e9n estos lugares, importa lo que significan para el mundo. Porque cuando un ecosistema se debilita, el sistema completo lo siente. La naturaleza no reconoce fronteras, tal vez nosotros tampoco deber\u00edamos hacerlo cuando se trata de protegerla.<\/span><span style=\"font-weight: 400;\"><br \/>\n<\/span><span style=\"font-weight: 400;\"><br \/>\n<\/span><span style=\"font-weight: 400;\">Parte hoy protegiendo<a href=\"https:\/\/secure.avaaz.org\/community_petitions\/es\/todos_salvemos_los_manglares_de_panama\/\"> ACT\u00daA firma la petici\u00f3n<\/a> para proteger los manglares y as\u00ed proteger tambi\u00e9n un Patrimonio de la Humanidad.\u00a0<\/span><\/p>\n<p>&nbsp;<\/p>\n","protected":false},"excerpt":{"rendered":"<p>Durante d\u00e9cadas, la humanidad avanz\u00f3 con una idea equivocada, que todo pod\u00eda reconstruirse. Despu\u00e9s de guerras, ciudades destruidas y una industrializaci\u00f3n acelerada, el planeta comenz\u00f3 a mostrar cicatrices profundas, fue&#8230;<\/p>\n","protected":false},"author":1,"featured_media":2212,"comment_status":"open","ping_status":"open","sticky":false,"template":"","format":"standard","meta":{"_mo_disable_npp":"","footnotes":""},"categories":[3,5,4,9],"tags":[],"class_list":["post-2210","post","type-post","status-publish","format-standard","has-post-thumbnail","hentry","category-accion-climatica","category-cambio-climatico","category-voces","category-solutions"],"yoast_head":"<!-- This site is optimized with the Yoast SEO plugin v28.3 - https:\/\/yoast.com\/product\/yoast-seo-wordpress\/ -->\n<title>Proteger lo que no se puede reemplazar - The Oxygen Project<\/title>\n<meta name=\"robots\" content=\"index, follow, max-snippet:-1, max-image-preview:large, max-video-preview:-1\" \/>\n<link rel=\"canonical\" href=\"https:\/\/www.theoxygenproject.com\/es\/el-ano-en-que-el-mundo-decide-proteger-lo-que-no-puede-reemplazar\/\" \/>\n<meta property=\"og:locale\" content=\"en_US\" \/>\n<meta property=\"og:type\" content=\"article\" \/>\n<meta property=\"og:title\" content=\"Proteger lo que no se puede reemplazar - The Oxygen Project\" \/>\n<meta property=\"og:description\" content=\"Durante d\u00e9cadas, la humanidad avanz\u00f3 con una idea equivocada, que todo pod\u00eda reconstruirse. Despu\u00e9s de guerras, ciudades destruidas y una industrializaci\u00f3n acelerada, el planeta comenz\u00f3 a mostrar cicatrices profundas, fue...\" \/>\n<meta property=\"og:url\" content=\"https:\/\/www.theoxygenproject.com\/es\/el-ano-en-que-el-mundo-decide-proteger-lo-que-no-puede-reemplazar\/\" \/>\n<meta property=\"og:site_name\" content=\"The Oxygen Project\" \/>\n<meta property=\"article:publisher\" content=\"https:\/\/www.facebook.com\/theoxygenproj\" \/>\n<meta property=\"article:published_time\" content=\"2026-03-27T11:07:04+00:00\" \/>\n<meta property=\"article:modified_time\" content=\"2026-03-27T11:33:17+00:00\" \/>\n<meta property=\"og:image\" content=\"https:\/\/www.theoxygenproject.com\/es\/wp-content\/uploads\/2026\/03\/Website-1.jpg\" \/>\n\t<meta property=\"og:image:width\" content=\"1280\" \/>\n\t<meta property=\"og:image:height\" content=\"720\" \/>\n\t<meta property=\"og:image:type\" content=\"image\/jpeg\" \/>\n<meta name=\"author\" content=\"Admin\" \/>\n<meta name=\"twitter:card\" content=\"summary_large_image\" \/>\n<meta name=\"twitter:creator\" content=\"@theoxygenproj\" \/>\n<meta name=\"twitter:site\" content=\"@theoxygenproj\" \/>\n<meta name=\"twitter:label1\" content=\"Written by\" \/>\n\t<meta name=\"twitter:data1\" content=\"Admin\" \/>\n\t<meta name=\"twitter:label2\" content=\"Est. reading time\" \/>\n\t<meta name=\"twitter:data2\" content=\"4 minutes\" \/>\n<script type=\"application\/ld+json\" class=\"yoast-schema-graph\">{\"@context\":\"https:\\\/\\\/schema.org\",\"@graph\":[{\"@type\":\"Article\",\"@id\":\"https:\\\/\\\/www.theoxygenproject.com\\\/es\\\/el-ano-en-que-el-mundo-decide-proteger-lo-que-no-puede-reemplazar\\\/#article\",\"isPartOf\":{\"@id\":\"https:\\\/\\\/www.theoxygenproject.com\\\/es\\\/el-ano-en-que-el-mundo-decide-proteger-lo-que-no-puede-reemplazar\\\/\"},\"author\":{\"name\":\"Admin\",\"@id\":\"https:\\\/\\\/www.theoxygenproject.com\\\/es\\\/#\\\/schema\\\/person\\\/a3ab3bd14f9a6a7a3429093a0391c7c6\"},\"headline\":\"Proteger lo que no se puede reemplazar\",\"datePublished\":\"2026-03-27T11:07:04+00:00\",\"dateModified\":\"2026-03-27T11:33:17+00:00\",\"mainEntityOfPage\":{\"@id\":\"https:\\\/\\\/www.theoxygenproject.com\\\/es\\\/el-ano-en-que-el-mundo-decide-proteger-lo-que-no-puede-reemplazar\\\/\"},\"wordCount\":900,\"commentCount\":0,\"publisher\":{\"@id\":\"https:\\\/\\\/www.theoxygenproject.com\\\/es\\\/#organization\"},\"image\":{\"@id\":\"https:\\\/\\\/www.theoxygenproject.com\\\/es\\\/el-ano-en-que-el-mundo-decide-proteger-lo-que-no-puede-reemplazar\\\/#primaryimage\"},\"thumbnailUrl\":\"https:\\\/\\\/www.theoxygenproject.com\\\/es\\\/wp-content\\\/uploads\\\/2026\\\/03\\\/Website-1.jpg\",\"articleSection\":[\"Acci\u00f3n Clim\u00e1tica\",\"Cambio clim\u00e1tico\",\"Defensores\",\"Soluciones\"],\"inLanguage\":\"en-US\",\"potentialAction\":[{\"@type\":\"CommentAction\",\"name\":\"Comment\",\"target\":[\"https:\\\/\\\/www.theoxygenproject.com\\\/es\\\/el-ano-en-que-el-mundo-decide-proteger-lo-que-no-puede-reemplazar\\\/#respond\"]}]},{\"@type\":\"WebPage\",\"@id\":\"https:\\\/\\\/www.theoxygenproject.com\\\/es\\\/el-ano-en-que-el-mundo-decide-proteger-lo-que-no-puede-reemplazar\\\/\",\"url\":\"https:\\\/\\\/www.theoxygenproject.com\\\/es\\\/el-ano-en-que-el-mundo-decide-proteger-lo-que-no-puede-reemplazar\\\/\",\"name\":\"Proteger lo que no se puede reemplazar - The Oxygen Project\",\"isPartOf\":{\"@id\":\"https:\\\/\\\/www.theoxygenproject.com\\\/es\\\/#website\"},\"primaryImageOfPage\":{\"@id\":\"https:\\\/\\\/www.theoxygenproject.com\\\/es\\\/el-ano-en-que-el-mundo-decide-proteger-lo-que-no-puede-reemplazar\\\/#primaryimage\"},\"image\":{\"@id\":\"https:\\\/\\\/www.theoxygenproject.com\\\/es\\\/el-ano-en-que-el-mundo-decide-proteger-lo-que-no-puede-reemplazar\\\/#primaryimage\"},\"thumbnailUrl\":\"https:\\\/\\\/www.theoxygenproject.com\\\/es\\\/wp-content\\\/uploads\\\/2026\\\/03\\\/Website-1.jpg\",\"datePublished\":\"2026-03-27T11:07:04+00:00\",\"dateModified\":\"2026-03-27T11:33:17+00:00\",\"breadcrumb\":{\"@id\":\"https:\\\/\\\/www.theoxygenproject.com\\\/es\\\/el-ano-en-que-el-mundo-decide-proteger-lo-que-no-puede-reemplazar\\\/#breadcrumb\"},\"inLanguage\":\"en-US\",\"potentialAction\":[{\"@type\":\"ReadAction\",\"target\":[\"https:\\\/\\\/www.theoxygenproject.com\\\/es\\\/el-ano-en-que-el-mundo-decide-proteger-lo-que-no-puede-reemplazar\\\/\"]}]},{\"@type\":\"ImageObject\",\"inLanguage\":\"en-US\",\"@id\":\"https:\\\/\\\/www.theoxygenproject.com\\\/es\\\/el-ano-en-que-el-mundo-decide-proteger-lo-que-no-puede-reemplazar\\\/#primaryimage\",\"url\":\"https:\\\/\\\/www.theoxygenproject.com\\\/es\\\/wp-content\\\/uploads\\\/2026\\\/03\\\/Website-1.jpg\",\"contentUrl\":\"https:\\\/\\\/www.theoxygenproject.com\\\/es\\\/wp-content\\\/uploads\\\/2026\\\/03\\\/Website-1.jpg\",\"width\":1280,\"height\":720},{\"@type\":\"BreadcrumbList\",\"@id\":\"https:\\\/\\\/www.theoxygenproject.com\\\/es\\\/el-ano-en-que-el-mundo-decide-proteger-lo-que-no-puede-reemplazar\\\/#breadcrumb\",\"itemListElement\":[{\"@type\":\"ListItem\",\"position\":1,\"name\":\"Home\",\"item\":\"https:\\\/\\\/www.theoxygenproject.com\\\/es\\\/\"},{\"@type\":\"ListItem\",\"position\":2,\"name\":\"Proteger lo que no se puede reemplazar\"}]},{\"@type\":\"WebSite\",\"@id\":\"https:\\\/\\\/www.theoxygenproject.com\\\/es\\\/#website\",\"url\":\"https:\\\/\\\/www.theoxygenproject.com\\\/es\\\/\",\"name\":\"The Oxygen Project\",\"description\":\"\",\"publisher\":{\"@id\":\"https:\\\/\\\/www.theoxygenproject.com\\\/es\\\/#organization\"},\"potentialAction\":[{\"@type\":\"SearchAction\",\"target\":{\"@type\":\"EntryPoint\",\"urlTemplate\":\"https:\\\/\\\/www.theoxygenproject.com\\\/es\\\/?s={search_term_string}\"},\"query-input\":{\"@type\":\"PropertyValueSpecification\",\"valueRequired\":true,\"valueName\":\"search_term_string\"}}],\"inLanguage\":\"en-US\"},{\"@type\":\"Organization\",\"@id\":\"https:\\\/\\\/www.theoxygenproject.com\\\/es\\\/#organization\",\"name\":\"The Oxygen Project\",\"url\":\"https:\\\/\\\/www.theoxygenproject.com\\\/es\\\/\",\"logo\":{\"@type\":\"ImageObject\",\"inLanguage\":\"en-US\",\"@id\":\"https:\\\/\\\/www.theoxygenproject.com\\\/es\\\/#\\\/schema\\\/logo\\\/image\\\/\",\"url\":\"https:\\\/\\\/www.theoxygenproject.com\\\/es\\\/wp-content\\\/uploads\\\/2024\\\/05\\\/top-logo-dark.png\",\"contentUrl\":\"https:\\\/\\\/www.theoxygenproject.com\\\/es\\\/wp-content\\\/uploads\\\/2024\\\/05\\\/top-logo-dark.png\",\"width\":384,\"height\":256,\"caption\":\"The Oxygen Project\"},\"image\":{\"@id\":\"https:\\\/\\\/www.theoxygenproject.com\\\/es\\\/#\\\/schema\\\/logo\\\/image\\\/\"},\"sameAs\":[\"https:\\\/\\\/www.facebook.com\\\/theoxygenproj\",\"https:\\\/\\\/x.com\\\/theoxygenproj\"]},{\"@type\":\"Person\",\"@id\":\"https:\\\/\\\/www.theoxygenproject.com\\\/es\\\/#\\\/schema\\\/person\\\/a3ab3bd14f9a6a7a3429093a0391c7c6\",\"name\":\"Admin\",\"image\":{\"@type\":\"ImageObject\",\"inLanguage\":\"en-US\",\"@id\":\"https:\\\/\\\/secure.gravatar.com\\\/avatar\\\/e05e5e99ed894912be8f1a82d897d3c5531f0271d24053a43648c3269855bdfe?s=96&d=mm&r=g\",\"url\":\"https:\\\/\\\/secure.gravatar.com\\\/avatar\\\/e05e5e99ed894912be8f1a82d897d3c5531f0271d24053a43648c3269855bdfe?s=96&d=mm&r=g\",\"contentUrl\":\"https:\\\/\\\/secure.gravatar.com\\\/avatar\\\/e05e5e99ed894912be8f1a82d897d3c5531f0271d24053a43648c3269855bdfe?s=96&d=mm&r=g\",\"caption\":\"Admin\"},\"sameAs\":[\"https:\\\/\\\/www.theoxygenproject.com\\\/op\"],\"url\":\"https:\\\/\\\/www.theoxygenproject.com\\\/es\\\/author\\\/admin\\\/\"}]}<\/script>\n<!-- \/ Yoast SEO plugin. -->","yoast_head_json":{"title":"Proteger lo que no se puede reemplazar - The Oxygen Project","robots":{"index":"index","follow":"follow","max-snippet":"max-snippet:-1","max-image-preview":"max-image-preview:large","max-video-preview":"max-video-preview:-1"},"canonical":"https:\/\/www.theoxygenproject.com\/es\/el-ano-en-que-el-mundo-decide-proteger-lo-que-no-puede-reemplazar\/","og_locale":"en_US","og_type":"article","og_title":"Proteger lo que no se puede reemplazar - The Oxygen Project","og_description":"Durante d\u00e9cadas, la humanidad avanz\u00f3 con una idea equivocada, que todo pod\u00eda reconstruirse. Despu\u00e9s de guerras, ciudades destruidas y una industrializaci\u00f3n acelerada, el planeta comenz\u00f3 a mostrar cicatrices profundas, fue...","og_url":"https:\/\/www.theoxygenproject.com\/es\/el-ano-en-que-el-mundo-decide-proteger-lo-que-no-puede-reemplazar\/","og_site_name":"The Oxygen Project","article_publisher":"https:\/\/www.facebook.com\/theoxygenproj","article_published_time":"2026-03-27T11:07:04+00:00","article_modified_time":"2026-03-27T11:33:17+00:00","og_image":[{"width":1280,"height":720,"url":"https:\/\/www.theoxygenproject.com\/es\/wp-content\/uploads\/2026\/03\/Website-1.jpg","type":"image\/jpeg"}],"author":"Admin","twitter_card":"summary_large_image","twitter_creator":"@theoxygenproj","twitter_site":"@theoxygenproj","twitter_misc":{"Written by":"Admin","Est. reading time":"4 minutes"},"schema":{"@context":"https:\/\/schema.org","@graph":[{"@type":"Article","@id":"https:\/\/www.theoxygenproject.com\/es\/el-ano-en-que-el-mundo-decide-proteger-lo-que-no-puede-reemplazar\/#article","isPartOf":{"@id":"https:\/\/www.theoxygenproject.com\/es\/el-ano-en-que-el-mundo-decide-proteger-lo-que-no-puede-reemplazar\/"},"author":{"name":"Admin","@id":"https:\/\/www.theoxygenproject.com\/es\/#\/schema\/person\/a3ab3bd14f9a6a7a3429093a0391c7c6"},"headline":"Proteger lo que no se puede reemplazar","datePublished":"2026-03-27T11:07:04+00:00","dateModified":"2026-03-27T11:33:17+00:00","mainEntityOfPage":{"@id":"https:\/\/www.theoxygenproject.com\/es\/el-ano-en-que-el-mundo-decide-proteger-lo-que-no-puede-reemplazar\/"},"wordCount":900,"commentCount":0,"publisher":{"@id":"https:\/\/www.theoxygenproject.com\/es\/#organization"},"image":{"@id":"https:\/\/www.theoxygenproject.com\/es\/el-ano-en-que-el-mundo-decide-proteger-lo-que-no-puede-reemplazar\/#primaryimage"},"thumbnailUrl":"https:\/\/www.theoxygenproject.com\/es\/wp-content\/uploads\/2026\/03\/Website-1.jpg","articleSection":["Acci\u00f3n Clim\u00e1tica","Cambio clim\u00e1tico","Defensores","Soluciones"],"inLanguage":"en-US","potentialAction":[{"@type":"CommentAction","name":"Comment","target":["https:\/\/www.theoxygenproject.com\/es\/el-ano-en-que-el-mundo-decide-proteger-lo-que-no-puede-reemplazar\/#respond"]}]},{"@type":"WebPage","@id":"https:\/\/www.theoxygenproject.com\/es\/el-ano-en-que-el-mundo-decide-proteger-lo-que-no-puede-reemplazar\/","url":"https:\/\/www.theoxygenproject.com\/es\/el-ano-en-que-el-mundo-decide-proteger-lo-que-no-puede-reemplazar\/","name":"Proteger lo que no se puede reemplazar - The Oxygen Project","isPartOf":{"@id":"https:\/\/www.theoxygenproject.com\/es\/#website"},"primaryImageOfPage":{"@id":"https:\/\/www.theoxygenproject.com\/es\/el-ano-en-que-el-mundo-decide-proteger-lo-que-no-puede-reemplazar\/#primaryimage"},"image":{"@id":"https:\/\/www.theoxygenproject.com\/es\/el-ano-en-que-el-mundo-decide-proteger-lo-que-no-puede-reemplazar\/#primaryimage"},"thumbnailUrl":"https:\/\/www.theoxygenproject.com\/es\/wp-content\/uploads\/2026\/03\/Website-1.jpg","datePublished":"2026-03-27T11:07:04+00:00","dateModified":"2026-03-27T11:33:17+00:00","breadcrumb":{"@id":"https:\/\/www.theoxygenproject.com\/es\/el-ano-en-que-el-mundo-decide-proteger-lo-que-no-puede-reemplazar\/#breadcrumb"},"inLanguage":"en-US","potentialAction":[{"@type":"ReadAction","target":["https:\/\/www.theoxygenproject.com\/es\/el-ano-en-que-el-mundo-decide-proteger-lo-que-no-puede-reemplazar\/"]}]},{"@type":"ImageObject","inLanguage":"en-US","@id":"https:\/\/www.theoxygenproject.com\/es\/el-ano-en-que-el-mundo-decide-proteger-lo-que-no-puede-reemplazar\/#primaryimage","url":"https:\/\/www.theoxygenproject.com\/es\/wp-content\/uploads\/2026\/03\/Website-1.jpg","contentUrl":"https:\/\/www.theoxygenproject.com\/es\/wp-content\/uploads\/2026\/03\/Website-1.jpg","width":1280,"height":720},{"@type":"BreadcrumbList","@id":"https:\/\/www.theoxygenproject.com\/es\/el-ano-en-que-el-mundo-decide-proteger-lo-que-no-puede-reemplazar\/#breadcrumb","itemListElement":[{"@type":"ListItem","position":1,"name":"Home","item":"https:\/\/www.theoxygenproject.com\/es\/"},{"@type":"ListItem","position":2,"name":"Proteger lo que no se puede reemplazar"}]},{"@type":"WebSite","@id":"https:\/\/www.theoxygenproject.com\/es\/#website","url":"https:\/\/www.theoxygenproject.com\/es\/","name":"The Oxygen Project","description":"","publisher":{"@id":"https:\/\/www.theoxygenproject.com\/es\/#organization"},"potentialAction":[{"@type":"SearchAction","target":{"@type":"EntryPoint","urlTemplate":"https:\/\/www.theoxygenproject.com\/es\/?s={search_term_string}"},"query-input":{"@type":"PropertyValueSpecification","valueRequired":true,"valueName":"search_term_string"}}],"inLanguage":"en-US"},{"@type":"Organization","@id":"https:\/\/www.theoxygenproject.com\/es\/#organization","name":"The Oxygen Project","url":"https:\/\/www.theoxygenproject.com\/es\/","logo":{"@type":"ImageObject","inLanguage":"en-US","@id":"https:\/\/www.theoxygenproject.com\/es\/#\/schema\/logo\/image\/","url":"https:\/\/www.theoxygenproject.com\/es\/wp-content\/uploads\/2024\/05\/top-logo-dark.png","contentUrl":"https:\/\/www.theoxygenproject.com\/es\/wp-content\/uploads\/2024\/05\/top-logo-dark.png","width":384,"height":256,"caption":"The Oxygen Project"},"image":{"@id":"https:\/\/www.theoxygenproject.com\/es\/#\/schema\/logo\/image\/"},"sameAs":["https:\/\/www.facebook.com\/theoxygenproj","https:\/\/x.com\/theoxygenproj"]},{"@type":"Person","@id":"https:\/\/www.theoxygenproject.com\/es\/#\/schema\/person\/a3ab3bd14f9a6a7a3429093a0391c7c6","name":"Admin","image":{"@type":"ImageObject","inLanguage":"en-US","@id":"https:\/\/secure.gravatar.com\/avatar\/e05e5e99ed894912be8f1a82d897d3c5531f0271d24053a43648c3269855bdfe?s=96&d=mm&r=g","url":"https:\/\/secure.gravatar.com\/avatar\/e05e5e99ed894912be8f1a82d897d3c5531f0271d24053a43648c3269855bdfe?s=96&d=mm&r=g","contentUrl":"https:\/\/secure.gravatar.com\/avatar\/e05e5e99ed894912be8f1a82d897d3c5531f0271d24053a43648c3269855bdfe?s=96&d=mm&r=g","caption":"Admin"},"sameAs":["https:\/\/www.theoxygenproject.com\/op"],"url":"https:\/\/www.theoxygenproject.com\/es\/author\/admin\/"}]}},"_links":{"self":[{"href":"https:\/\/www.theoxygenproject.com\/es\/wp-json\/wp\/v2\/posts\/2210","targetHints":{"allow":["GET"]}}],"collection":[{"href":"https:\/\/www.theoxygenproject.com\/es\/wp-json\/wp\/v2\/posts"}],"about":[{"href":"https:\/\/www.theoxygenproject.com\/es\/wp-json\/wp\/v2\/types\/post"}],"author":[{"embeddable":true,"href":"https:\/\/www.theoxygenproject.com\/es\/wp-json\/wp\/v2\/users\/1"}],"replies":[{"embeddable":true,"href":"https:\/\/www.theoxygenproject.com\/es\/wp-json\/wp\/v2\/comments?post=2210"}],"version-history":[{"count":4,"href":"https:\/\/www.theoxygenproject.com\/es\/wp-json\/wp\/v2\/posts\/2210\/revisions"}],"predecessor-version":[{"id":2218,"href":"https:\/\/www.theoxygenproject.com\/es\/wp-json\/wp\/v2\/posts\/2210\/revisions\/2218"}],"wp:featuredmedia":[{"embeddable":true,"href":"https:\/\/www.theoxygenproject.com\/es\/wp-json\/wp\/v2\/media\/2212"}],"wp:attachment":[{"href":"https:\/\/www.theoxygenproject.com\/es\/wp-json\/wp\/v2\/media?parent=2210"}],"wp:term":[{"taxonomy":"category","embeddable":true,"href":"https:\/\/www.theoxygenproject.com\/es\/wp-json\/wp\/v2\/categories?post=2210"},{"taxonomy":"post_tag","embeddable":true,"href":"https:\/\/www.theoxygenproject.com\/es\/wp-json\/wp\/v2\/tags?post=2210"}],"curies":[{"name":"wp","href":"https:\/\/api.w.org\/{rel}","templated":true}]}}