{"id":2205,"date":"2025-08-06T11:02:00","date_gmt":"2025-08-06T11:02:00","guid":{"rendered":"https:\/\/www.theoxygenproject.com\/es\/?p=2205"},"modified":"2025-08-06T11:02:00","modified_gmt":"2025-08-06T11:02:00","slug":"resistir-el-silencio","status":"publish","type":"post","link":"https:\/\/www.theoxygenproject.com\/es\/resistir-el-silencio\/","title":{"rendered":"Resistir el silencio"},"content":{"rendered":"<p><span style=\"font-weight: 400;\">\u00daltimamente todo duele. Como si estuvi\u00e9ramos en un luto constante. No por alguien en particular, sino por todo. Por la humanidad, por la dignidad, por el sentido. Como si el dolor se arrastrara bajo la piel de la Tierra misma. Y lo m\u00e1s terrible es que ese duelo parece estar ocurriendo en silencio. Como si nos hubi\u00e9ramos resignado. Como si la p\u00e9rdida fuera algo inevitable y no el resultado de decisiones concretas, de estructuras de poder, de indiferencias cuidadosamente cultivadas.<\/span><\/p>\n<p><span style=\"font-weight: 400;\">En estos d\u00edas, me cuesta encontrar aire. Leer las noticias es como dejar que el mundo me atraviese sin anestesia:<\/span><\/p>\n<p><span style=\"font-weight: 400;\">Gaza\u2026 A Gaza la est\u00e1n matando de hambre. A prop\u00f3sito. No son solo los ataques. Es la inanici\u00f3n como arma, la infancia como objetivo, el genocidio como estrategia. La masacre se transmite en vivo. M\u00e1s de 17 mil ni\u00f1xs asesinadxs mientras el mundo debate si es \u201cproporcional\u201d. Se impone el terror como castigo colectivo. \u00bfD\u00f3nde qued\u00f3 la humanidad? \u00bfEn qu\u00e9 rinc\u00f3n escondieron la compasi\u00f3n? \u00bfCu\u00e1ntos cad\u00e1veres hacen falta para que alguien mire sin pesta\u00f1ear?<\/span><\/p>\n<p><span style=\"font-weight: 400;\">Sud\u00e1n, otro epicentro del olvido. Sud\u00e1n est\u00e1 ardiendo y casi nadie est\u00e1 mirando. M\u00e1s de 25 millones de personas necesitan ayuda humanitaria mientras el pa\u00eds se desangra entre masacres, desplazamientos y hambruna. En Darfur se est\u00e1n cometiendo cr\u00edmenes atroces, limpiezas \u00e9tnicas, violaciones sistem\u00e1ticas. Un exterminio que al parecer no vende, porque \u00bfD\u00f3nde est\u00e1n los titulares? \u00bfD\u00f3nde est\u00e1 la condena global?\u00bfC\u00f3mo se silencia una guerra as\u00ed?<\/span><\/p>\n<p><span style=\"font-weight: 400;\">Tuvalu, una peque\u00f1a isla del Pac\u00edfico, se convierte en la primera naci\u00f3n en ser evacuada por completo por el cambio clim\u00e1tico. No por una cat\u00e1strofe puntual, sino por una suma de omisiones, d\u00e9cadas de advertencias ignoradas, decisiones negligentes, emisiones persistentes y promesas rotas. M\u00e1s del 80% de sus habitantes ya pidi\u00f3 visado para Australia, antes de que sus islas desaparezcan. \u00bfD\u00f3nde va una cultura entera cuando pierde su tierra? \u00bfQui\u00e9n llora por un pa\u00eds que se hunde?<\/span><\/p>\n<p><span style=\"font-weight: 400;\">En el fondo marino, los gobiernos negocian la destrucci\u00f3n de los ecosistemas m\u00e1s pr\u00edstinos del planeta. La miner\u00eda submarina avanza en nombre de una \u201ctransici\u00f3n verde\u201d que no es m\u00e1s que otro extractivismo, otro sacrificio, otra promesa de futuro hecha por quienes ya lo vendieron todo. Un neocolonialismo geopol\u00edtico: la presi\u00f3n por estos minerales no busca sostenibilidad, sino alimentar la carrera armamentista, sostener hegemon\u00edas y perpetuar un modelo donde el poder militar y econ\u00f3mico vale m\u00e1s que la vida misma.<\/span><\/p>\n<p><span style=\"font-weight: 400;\">Y podr\u00eda seguir, pero entonces este blog se convertir\u00eda en un libro.<\/span><\/p>\n<p><span style=\"font-weight: 400;\">Todo se conecta: La crisis clim\u00e1tica, las guerras, el colapso social, el desarraigo, el autoritarismo, la p\u00e9rdida de sentido. Lo que est\u00e1 en juego es la vida misma y, sin embargo, actuamos como si nada.<\/span><\/p>\n<p><span style=\"font-weight: 400;\">Y lo entiendo. Porque duele.<\/span><\/p>\n<p><span style=\"font-weight: 400;\">Porque cuando una trata de ver el cuadro completo, lo que se asoma es un vac\u00edo brutal. Un mundo gobernado por quienes solo buscan proteger sus fortunas. Personas que no aman nada. Que no lloran por nadie. Que ven la vida ajena como un obst\u00e1culo y el sufrimiento como da\u00f1o colateral.<\/span><\/p>\n<p><span style=\"font-weight: 400;\">Lo dijo Eduardo Matte P\u00e9rez, sin pudor alguno en 1892: <\/span><i><span style=\"font-weight: 400;\">\u201cLos due\u00f1os de Chile somos nosotros, los due\u00f1os del capital y del suelo. Lo dem\u00e1s es masa influenciable y vendible; ella no pesa ni como opini\u00f3n ni como prestigio.\u201d<\/span><\/i><\/p>\n<p><span style=\"font-weight: 400;\">Esa frase sigue vigente. No solo en Chile. Sino en cada rinc\u00f3n donde el poder se sostiene sobre el desprecio.<\/span><\/p>\n<p><span style=\"font-weight: 400;\">Nos est\u00e1n arrancando la empat\u00eda. A fuerza de saturaci\u00f3n, de velocidad, de algoritmos que nos anestesian. Nos ense\u00f1an a consumir el horror como parte del paisaje, a naturalizarlo en medio del <\/span><i><span style=\"font-weight: 400;\">scroll<\/span><\/i><span style=\"font-weight: 400;\">. A creer que no se puede hacer nada. A pensar que resistir es un acto simb\u00f3lico, que el amor es ingenuo, que la rabia es improductiva.<\/span><\/p>\n<p><span style=\"font-weight: 400;\">Pero la rabia tambi\u00e9n es un lenguaje.<\/span><\/p>\n<p><span style=\"font-weight: 400;\">Porque s\u00ed, hay rabia. Miedo. Impotencia. Y tambi\u00e9n una tristeza inmensa. Una sensaci\u00f3n de que ya no importa cu\u00e1nto luchemos, porque igual van a arrasar con todo. Pero incluso en ese abismo, algo se mueve. Una fuerza que se niega a desaparecer del todo.\u00a0<\/span><\/p>\n<p><span style=\"font-weight: 400;\">Quiz\u00e1s no sea esperanza.\u00a0<\/span><\/p>\n<p><span style=\"font-weight: 400;\">Quiz\u00e1s sea memoria. O amor. O dignidad.<\/span><\/p>\n<p><span style=\"font-weight: 400;\">Si todav\u00eda duele, es porque a\u00fan queda algo vivo, \u00bfno? Y ese algo tambi\u00e9n puede transformarse en acci\u00f3n.<\/span><\/p>\n<p><span style=\"font-weight: 400;\">No una acci\u00f3n heroica ni individual. No hablo de productividad disfrazada de cambio. Hablo de juntarse, de gritar, de sostenernos, de llorar en voz alta. Hablo de no dejar que nos roben la sensibilidad. De no ceder ese \u00faltimo territorio: el del alma que a\u00fan tiembla ante el horror.<\/span><\/p>\n<p><span style=\"font-weight: 400;\">Tal vez no estemos aqu\u00ed para ganar. Tal vez no haya una victoria como la imaginamos.<\/span><\/p>\n<p><span style=\"font-weight: 400;\">Pero a\u00fan podemos resistir desde el amor, desde la ternura feroz, desde la terquedad m\u00e1s pura de quien sabe que las cosas podr\u00edan ser distintas.<\/span><\/p>\n<p><span style=\"font-weight: 400;\">Y si no podemos cambiarlo todo, al menos podemos negarnos a ser parte del silencio.<\/span><\/p>\n","protected":false},"excerpt":{"rendered":"<p>\u00daltimamente todo duele. Como si estuvi\u00e9ramos en un luto constante. No por alguien en particular, sino por todo. Por la humanidad, por la dignidad, por el sentido. Como si el&#8230;<\/p>\n","protected":false},"author":9,"featured_media":2206,"comment_status":"open","ping_status":"open","sticky":false,"template":"","format":"standard","meta":{"_mo_disable_npp":"","footnotes":""},"categories":[3],"tags":[],"class_list":["post-2205","post","type-post","status-publish","format-standard","has-post-thumbnail","hentry","category-accion-climatica"],"yoast_head":"<!-- This site is optimized with the Yoast SEO plugin v28.3 - https:\/\/yoast.com\/product\/yoast-seo-wordpress\/ -->\n<title>Resistir el silencio - The Oxygen Project<\/title>\n<meta name=\"robots\" content=\"index, follow, max-snippet:-1, max-image-preview:large, max-video-preview:-1\" \/>\n<link rel=\"canonical\" href=\"https:\/\/www.theoxygenproject.com\/es\/resistir-el-silencio\/\" \/>\n<meta property=\"og:locale\" content=\"en_US\" \/>\n<meta property=\"og:type\" content=\"article\" \/>\n<meta property=\"og:title\" content=\"Resistir el silencio - The Oxygen Project\" \/>\n<meta property=\"og:description\" content=\"\u00daltimamente todo duele. Como si estuvi\u00e9ramos en un luto constante. No por alguien en particular, sino por todo. Por la humanidad, por la dignidad, por el sentido. Como si el...\" \/>\n<meta property=\"og:url\" content=\"https:\/\/www.theoxygenproject.com\/es\/resistir-el-silencio\/\" \/>\n<meta property=\"og:site_name\" content=\"The Oxygen Project\" \/>\n<meta property=\"article:publisher\" content=\"https:\/\/www.facebook.com\/theoxygenproj\" \/>\n<meta property=\"article:published_time\" content=\"2025-08-06T11:02:00+00:00\" \/>\n<meta property=\"og:image\" content=\"https:\/\/www.theoxygenproject.com\/es\/wp-content\/uploads\/2025\/08\/Nature1.webp\" \/>\n\t<meta property=\"og:image:width\" content=\"1024\" \/>\n\t<meta property=\"og:image:height\" content=\"683\" \/>\n\t<meta property=\"og:image:type\" content=\"image\/webp\" \/>\n<meta name=\"author\" content=\"Camila Rivera\" \/>\n<meta name=\"twitter:card\" content=\"summary_large_image\" \/>\n<meta name=\"twitter:creator\" content=\"@theoxygenproj\" \/>\n<meta name=\"twitter:site\" content=\"@theoxygenproj\" \/>\n<meta name=\"twitter:label1\" content=\"Written by\" \/>\n\t<meta name=\"twitter:data1\" content=\"Camila Rivera\" \/>\n\t<meta name=\"twitter:label2\" content=\"Est. reading time\" \/>\n\t<meta name=\"twitter:data2\" content=\"4 minutes\" \/>\n<script type=\"application\/ld+json\" class=\"yoast-schema-graph\">{\"@context\":\"https:\\\/\\\/schema.org\",\"@graph\":[{\"@type\":\"Article\",\"@id\":\"https:\\\/\\\/www.theoxygenproject.com\\\/es\\\/resistir-el-silencio\\\/#article\",\"isPartOf\":{\"@id\":\"https:\\\/\\\/www.theoxygenproject.com\\\/es\\\/resistir-el-silencio\\\/\"},\"author\":{\"name\":\"Camila Rivera\",\"@id\":\"https:\\\/\\\/www.theoxygenproject.com\\\/es\\\/#\\\/schema\\\/person\\\/ffbd9a5c2a9f16969e591cb8ce8b208b\"},\"headline\":\"Resistir el silencio\",\"datePublished\":\"2025-08-06T11:02:00+00:00\",\"mainEntityOfPage\":{\"@id\":\"https:\\\/\\\/www.theoxygenproject.com\\\/es\\\/resistir-el-silencio\\\/\"},\"wordCount\":882,\"commentCount\":0,\"publisher\":{\"@id\":\"https:\\\/\\\/www.theoxygenproject.com\\\/es\\\/#organization\"},\"image\":{\"@id\":\"https:\\\/\\\/www.theoxygenproject.com\\\/es\\\/resistir-el-silencio\\\/#primaryimage\"},\"thumbnailUrl\":\"https:\\\/\\\/www.theoxygenproject.com\\\/es\\\/wp-content\\\/uploads\\\/2025\\\/08\\\/Nature1.webp\",\"articleSection\":[\"Acci\u00f3n Clim\u00e1tica\"],\"inLanguage\":\"en-US\",\"potentialAction\":[{\"@type\":\"CommentAction\",\"name\":\"Comment\",\"target\":[\"https:\\\/\\\/www.theoxygenproject.com\\\/es\\\/resistir-el-silencio\\\/#respond\"]}]},{\"@type\":\"WebPage\",\"@id\":\"https:\\\/\\\/www.theoxygenproject.com\\\/es\\\/resistir-el-silencio\\\/\",\"url\":\"https:\\\/\\\/www.theoxygenproject.com\\\/es\\\/resistir-el-silencio\\\/\",\"name\":\"Resistir el silencio - The Oxygen Project\",\"isPartOf\":{\"@id\":\"https:\\\/\\\/www.theoxygenproject.com\\\/es\\\/#website\"},\"primaryImageOfPage\":{\"@id\":\"https:\\\/\\\/www.theoxygenproject.com\\\/es\\\/resistir-el-silencio\\\/#primaryimage\"},\"image\":{\"@id\":\"https:\\\/\\\/www.theoxygenproject.com\\\/es\\\/resistir-el-silencio\\\/#primaryimage\"},\"thumbnailUrl\":\"https:\\\/\\\/www.theoxygenproject.com\\\/es\\\/wp-content\\\/uploads\\\/2025\\\/08\\\/Nature1.webp\",\"datePublished\":\"2025-08-06T11:02:00+00:00\",\"breadcrumb\":{\"@id\":\"https:\\\/\\\/www.theoxygenproject.com\\\/es\\\/resistir-el-silencio\\\/#breadcrumb\"},\"inLanguage\":\"en-US\",\"potentialAction\":[{\"@type\":\"ReadAction\",\"target\":[\"https:\\\/\\\/www.theoxygenproject.com\\\/es\\\/resistir-el-silencio\\\/\"]}]},{\"@type\":\"ImageObject\",\"inLanguage\":\"en-US\",\"@id\":\"https:\\\/\\\/www.theoxygenproject.com\\\/es\\\/resistir-el-silencio\\\/#primaryimage\",\"url\":\"https:\\\/\\\/www.theoxygenproject.com\\\/es\\\/wp-content\\\/uploads\\\/2025\\\/08\\\/Nature1.webp\",\"contentUrl\":\"https:\\\/\\\/www.theoxygenproject.com\\\/es\\\/wp-content\\\/uploads\\\/2025\\\/08\\\/Nature1.webp\",\"width\":1024,\"height\":683},{\"@type\":\"BreadcrumbList\",\"@id\":\"https:\\\/\\\/www.theoxygenproject.com\\\/es\\\/resistir-el-silencio\\\/#breadcrumb\",\"itemListElement\":[{\"@type\":\"ListItem\",\"position\":1,\"name\":\"Home\",\"item\":\"https:\\\/\\\/www.theoxygenproject.com\\\/es\\\/\"},{\"@type\":\"ListItem\",\"position\":2,\"name\":\"Resistir el silencio\"}]},{\"@type\":\"WebSite\",\"@id\":\"https:\\\/\\\/www.theoxygenproject.com\\\/es\\\/#website\",\"url\":\"https:\\\/\\\/www.theoxygenproject.com\\\/es\\\/\",\"name\":\"The Oxygen Project\",\"description\":\"\",\"publisher\":{\"@id\":\"https:\\\/\\\/www.theoxygenproject.com\\\/es\\\/#organization\"},\"potentialAction\":[{\"@type\":\"SearchAction\",\"target\":{\"@type\":\"EntryPoint\",\"urlTemplate\":\"https:\\\/\\\/www.theoxygenproject.com\\\/es\\\/?s={search_term_string}\"},\"query-input\":{\"@type\":\"PropertyValueSpecification\",\"valueRequired\":true,\"valueName\":\"search_term_string\"}}],\"inLanguage\":\"en-US\"},{\"@type\":\"Organization\",\"@id\":\"https:\\\/\\\/www.theoxygenproject.com\\\/es\\\/#organization\",\"name\":\"The Oxygen Project\",\"url\":\"https:\\\/\\\/www.theoxygenproject.com\\\/es\\\/\",\"logo\":{\"@type\":\"ImageObject\",\"inLanguage\":\"en-US\",\"@id\":\"https:\\\/\\\/www.theoxygenproject.com\\\/es\\\/#\\\/schema\\\/logo\\\/image\\\/\",\"url\":\"https:\\\/\\\/www.theoxygenproject.com\\\/es\\\/wp-content\\\/uploads\\\/2024\\\/05\\\/top-logo-dark.png\",\"contentUrl\":\"https:\\\/\\\/www.theoxygenproject.com\\\/es\\\/wp-content\\\/uploads\\\/2024\\\/05\\\/top-logo-dark.png\",\"width\":384,\"height\":256,\"caption\":\"The Oxygen Project\"},\"image\":{\"@id\":\"https:\\\/\\\/www.theoxygenproject.com\\\/es\\\/#\\\/schema\\\/logo\\\/image\\\/\"},\"sameAs\":[\"https:\\\/\\\/www.facebook.com\\\/theoxygenproj\",\"https:\\\/\\\/x.com\\\/theoxygenproj\"]},{\"@type\":\"Person\",\"@id\":\"https:\\\/\\\/www.theoxygenproject.com\\\/es\\\/#\\\/schema\\\/person\\\/ffbd9a5c2a9f16969e591cb8ce8b208b\",\"name\":\"Camila Rivera\",\"image\":{\"@type\":\"ImageObject\",\"inLanguage\":\"en-US\",\"@id\":\"https:\\\/\\\/secure.gravatar.com\\\/avatar\\\/084f44d284516172876d0a3f4d0c63edece3fc14fe4252a524b657bb74d544bd?s=96&d=mm&r=g\",\"url\":\"https:\\\/\\\/secure.gravatar.com\\\/avatar\\\/084f44d284516172876d0a3f4d0c63edece3fc14fe4252a524b657bb74d544bd?s=96&d=mm&r=g\",\"contentUrl\":\"https:\\\/\\\/secure.gravatar.com\\\/avatar\\\/084f44d284516172876d0a3f4d0c63edece3fc14fe4252a524b657bb74d544bd?s=96&d=mm&r=g\",\"caption\":\"Camila Rivera\"},\"url\":\"https:\\\/\\\/www.theoxygenproject.com\\\/es\\\/author\\\/camila-rivera\\\/\"}]}<\/script>\n<!-- \/ Yoast SEO plugin. -->","yoast_head_json":{"title":"Resistir el silencio - The Oxygen Project","robots":{"index":"index","follow":"follow","max-snippet":"max-snippet:-1","max-image-preview":"max-image-preview:large","max-video-preview":"max-video-preview:-1"},"canonical":"https:\/\/www.theoxygenproject.com\/es\/resistir-el-silencio\/","og_locale":"en_US","og_type":"article","og_title":"Resistir el silencio - The Oxygen Project","og_description":"\u00daltimamente todo duele. Como si estuvi\u00e9ramos en un luto constante. No por alguien en particular, sino por todo. Por la humanidad, por la dignidad, por el sentido. Como si el...","og_url":"https:\/\/www.theoxygenproject.com\/es\/resistir-el-silencio\/","og_site_name":"The Oxygen Project","article_publisher":"https:\/\/www.facebook.com\/theoxygenproj","article_published_time":"2025-08-06T11:02:00+00:00","og_image":[{"width":1024,"height":683,"url":"https:\/\/www.theoxygenproject.com\/es\/wp-content\/uploads\/2025\/08\/Nature1.webp","type":"image\/webp"}],"author":"Camila Rivera","twitter_card":"summary_large_image","twitter_creator":"@theoxygenproj","twitter_site":"@theoxygenproj","twitter_misc":{"Written by":"Camila Rivera","Est. reading time":"4 minutes"},"schema":{"@context":"https:\/\/schema.org","@graph":[{"@type":"Article","@id":"https:\/\/www.theoxygenproject.com\/es\/resistir-el-silencio\/#article","isPartOf":{"@id":"https:\/\/www.theoxygenproject.com\/es\/resistir-el-silencio\/"},"author":{"name":"Camila Rivera","@id":"https:\/\/www.theoxygenproject.com\/es\/#\/schema\/person\/ffbd9a5c2a9f16969e591cb8ce8b208b"},"headline":"Resistir el silencio","datePublished":"2025-08-06T11:02:00+00:00","mainEntityOfPage":{"@id":"https:\/\/www.theoxygenproject.com\/es\/resistir-el-silencio\/"},"wordCount":882,"commentCount":0,"publisher":{"@id":"https:\/\/www.theoxygenproject.com\/es\/#organization"},"image":{"@id":"https:\/\/www.theoxygenproject.com\/es\/resistir-el-silencio\/#primaryimage"},"thumbnailUrl":"https:\/\/www.theoxygenproject.com\/es\/wp-content\/uploads\/2025\/08\/Nature1.webp","articleSection":["Acci\u00f3n Clim\u00e1tica"],"inLanguage":"en-US","potentialAction":[{"@type":"CommentAction","name":"Comment","target":["https:\/\/www.theoxygenproject.com\/es\/resistir-el-silencio\/#respond"]}]},{"@type":"WebPage","@id":"https:\/\/www.theoxygenproject.com\/es\/resistir-el-silencio\/","url":"https:\/\/www.theoxygenproject.com\/es\/resistir-el-silencio\/","name":"Resistir el silencio - The Oxygen Project","isPartOf":{"@id":"https:\/\/www.theoxygenproject.com\/es\/#website"},"primaryImageOfPage":{"@id":"https:\/\/www.theoxygenproject.com\/es\/resistir-el-silencio\/#primaryimage"},"image":{"@id":"https:\/\/www.theoxygenproject.com\/es\/resistir-el-silencio\/#primaryimage"},"thumbnailUrl":"https:\/\/www.theoxygenproject.com\/es\/wp-content\/uploads\/2025\/08\/Nature1.webp","datePublished":"2025-08-06T11:02:00+00:00","breadcrumb":{"@id":"https:\/\/www.theoxygenproject.com\/es\/resistir-el-silencio\/#breadcrumb"},"inLanguage":"en-US","potentialAction":[{"@type":"ReadAction","target":["https:\/\/www.theoxygenproject.com\/es\/resistir-el-silencio\/"]}]},{"@type":"ImageObject","inLanguage":"en-US","@id":"https:\/\/www.theoxygenproject.com\/es\/resistir-el-silencio\/#primaryimage","url":"https:\/\/www.theoxygenproject.com\/es\/wp-content\/uploads\/2025\/08\/Nature1.webp","contentUrl":"https:\/\/www.theoxygenproject.com\/es\/wp-content\/uploads\/2025\/08\/Nature1.webp","width":1024,"height":683},{"@type":"BreadcrumbList","@id":"https:\/\/www.theoxygenproject.com\/es\/resistir-el-silencio\/#breadcrumb","itemListElement":[{"@type":"ListItem","position":1,"name":"Home","item":"https:\/\/www.theoxygenproject.com\/es\/"},{"@type":"ListItem","position":2,"name":"Resistir el silencio"}]},{"@type":"WebSite","@id":"https:\/\/www.theoxygenproject.com\/es\/#website","url":"https:\/\/www.theoxygenproject.com\/es\/","name":"The Oxygen Project","description":"","publisher":{"@id":"https:\/\/www.theoxygenproject.com\/es\/#organization"},"potentialAction":[{"@type":"SearchAction","target":{"@type":"EntryPoint","urlTemplate":"https:\/\/www.theoxygenproject.com\/es\/?s={search_term_string}"},"query-input":{"@type":"PropertyValueSpecification","valueRequired":true,"valueName":"search_term_string"}}],"inLanguage":"en-US"},{"@type":"Organization","@id":"https:\/\/www.theoxygenproject.com\/es\/#organization","name":"The Oxygen Project","url":"https:\/\/www.theoxygenproject.com\/es\/","logo":{"@type":"ImageObject","inLanguage":"en-US","@id":"https:\/\/www.theoxygenproject.com\/es\/#\/schema\/logo\/image\/","url":"https:\/\/www.theoxygenproject.com\/es\/wp-content\/uploads\/2024\/05\/top-logo-dark.png","contentUrl":"https:\/\/www.theoxygenproject.com\/es\/wp-content\/uploads\/2024\/05\/top-logo-dark.png","width":384,"height":256,"caption":"The Oxygen Project"},"image":{"@id":"https:\/\/www.theoxygenproject.com\/es\/#\/schema\/logo\/image\/"},"sameAs":["https:\/\/www.facebook.com\/theoxygenproj","https:\/\/x.com\/theoxygenproj"]},{"@type":"Person","@id":"https:\/\/www.theoxygenproject.com\/es\/#\/schema\/person\/ffbd9a5c2a9f16969e591cb8ce8b208b","name":"Camila Rivera","image":{"@type":"ImageObject","inLanguage":"en-US","@id":"https:\/\/secure.gravatar.com\/avatar\/084f44d284516172876d0a3f4d0c63edece3fc14fe4252a524b657bb74d544bd?s=96&d=mm&r=g","url":"https:\/\/secure.gravatar.com\/avatar\/084f44d284516172876d0a3f4d0c63edece3fc14fe4252a524b657bb74d544bd?s=96&d=mm&r=g","contentUrl":"https:\/\/secure.gravatar.com\/avatar\/084f44d284516172876d0a3f4d0c63edece3fc14fe4252a524b657bb74d544bd?s=96&d=mm&r=g","caption":"Camila Rivera"},"url":"https:\/\/www.theoxygenproject.com\/es\/author\/camila-rivera\/"}]}},"_links":{"self":[{"href":"https:\/\/www.theoxygenproject.com\/es\/wp-json\/wp\/v2\/posts\/2205","targetHints":{"allow":["GET"]}}],"collection":[{"href":"https:\/\/www.theoxygenproject.com\/es\/wp-json\/wp\/v2\/posts"}],"about":[{"href":"https:\/\/www.theoxygenproject.com\/es\/wp-json\/wp\/v2\/types\/post"}],"author":[{"embeddable":true,"href":"https:\/\/www.theoxygenproject.com\/es\/wp-json\/wp\/v2\/users\/9"}],"replies":[{"embeddable":true,"href":"https:\/\/www.theoxygenproject.com\/es\/wp-json\/wp\/v2\/comments?post=2205"}],"version-history":[{"count":1,"href":"https:\/\/www.theoxygenproject.com\/es\/wp-json\/wp\/v2\/posts\/2205\/revisions"}],"predecessor-version":[{"id":2207,"href":"https:\/\/www.theoxygenproject.com\/es\/wp-json\/wp\/v2\/posts\/2205\/revisions\/2207"}],"wp:featuredmedia":[{"embeddable":true,"href":"https:\/\/www.theoxygenproject.com\/es\/wp-json\/wp\/v2\/media\/2206"}],"wp:attachment":[{"href":"https:\/\/www.theoxygenproject.com\/es\/wp-json\/wp\/v2\/media?parent=2205"}],"wp:term":[{"taxonomy":"category","embeddable":true,"href":"https:\/\/www.theoxygenproject.com\/es\/wp-json\/wp\/v2\/categories?post=2205"},{"taxonomy":"post_tag","embeddable":true,"href":"https:\/\/www.theoxygenproject.com\/es\/wp-json\/wp\/v2\/tags?post=2205"}],"curies":[{"name":"wp","href":"https:\/\/api.w.org\/{rel}","templated":true}]}}