{"id":2121,"date":"2024-04-24T18:44:24","date_gmt":"2024-04-24T15:44:24","guid":{"rendered":"https:\/\/www.theoxygenproject.com\/es\/?p=2121"},"modified":"2025-02-28T22:26:17","modified_gmt":"2025-02-28T22:26:17","slug":"wwf-noruega-emprende-acciones-legales-contra-el-gobierno-de-noruega","status":"publish","type":"post","link":"https:\/\/www.theoxygenproject.com\/es\/wwf-noruega-emprende-acciones-legales-contra-el-gobierno-de-noruega\/","title":{"rendered":"WWF-Noruega emprende acciones legales"},"content":{"rendered":"<p>El viernes se decidi\u00f3 formalmente abrir las zonas mar\u00edtimas noruegas a las actividades mineras en los fondos marinos. WWF-Noruega cree que la decisi\u00f3n se tom\u00f3 bas\u00e1ndose en una evaluaci\u00f3n de impacto estrat\u00e9gico que no cumple con los requisitos m\u00ednimos y ahora notifica al gobierno de nuestra intenci\u00f3n de emprender acciones legales contra el gobierno, a menos que se revoque la decisi\u00f3n.<\/p>\n<p>Noruega es uno de los primeros pa\u00edses del mundo en abrir \u00e1reas para la miner\u00eda en los fondos marinos, a pesar de las advertencias de su propia agencia ambiental, de las comunidades de investigaci\u00f3n nacionales e internacionales y de las cr\u00edticas de la UE y de todo el mundo.<\/p>\n<p><img loading=\"lazy\" decoding=\"async\" class=\"aligncenter wp-image-2122 size-full\" src=\"https:\/\/www.theoxygenproject.com\/es\/wp-content\/uploads\/2024\/04\/24-Abr_TOP_IG_DSM-WWF-Noruega-03-scaled-1.jpg\" alt=\"\" width=\"2048\" height=\"2560\" srcset=\"https:\/\/www.theoxygenproject.com\/es\/wp-content\/uploads\/2024\/04\/24-Abr_TOP_IG_DSM-WWF-Noruega-03-scaled-1.jpg 2048w, https:\/\/www.theoxygenproject.com\/es\/wp-content\/uploads\/2024\/04\/24-Abr_TOP_IG_DSM-WWF-Noruega-03-scaled-1-240x300.jpg 240w, https:\/\/www.theoxygenproject.com\/es\/wp-content\/uploads\/2024\/04\/24-Abr_TOP_IG_DSM-WWF-Noruega-03-scaled-1-819x1024.jpg 819w, https:\/\/www.theoxygenproject.com\/es\/wp-content\/uploads\/2024\/04\/24-Abr_TOP_IG_DSM-WWF-Noruega-03-scaled-1-768x960.jpg 768w, https:\/\/www.theoxygenproject.com\/es\/wp-content\/uploads\/2024\/04\/24-Abr_TOP_IG_DSM-WWF-Noruega-03-scaled-1-1229x1536.jpg 1229w, https:\/\/www.theoxygenproject.com\/es\/wp-content\/uploads\/2024\/04\/24-Abr_TOP_IG_DSM-WWF-Noruega-03-scaled-1-1638x2048.jpg 1638w\" sizes=\"auto, (max-width: 2048px) 100vw, 2048px\" \/><\/p>\n<h3><span style=\"color: #333399;\"><strong>Sin base legal para abrir los mares a la Miner\u00eda Submarina<\/strong><\/span><\/h3>\n<p>WWF-Noruega cree que la evaluaci\u00f3n de impacto estrat\u00e9gico muestra que el gobierno no tiene el conocimiento adecuado sobre la naturaleza de las profundidades marinas para evaluar las consecuencias de su exploraci\u00f3n y explotaci\u00f3n.<\/p>\n<p>Noruega cree que la evaluaci\u00f3n de impacto estrat\u00e9gico realizada por el Ministerio de Energ\u00eda, en la que se basa la decisi\u00f3n de apertura del Gobierno, no cumple con los requisitos m\u00ednimos establecidos en la Ley de Minerales Submarinos 2-2 y, por lo tanto, no existe base Legal para la decisi\u00f3n de apertura.<\/p>\n<p>&#8220;Si esta decisi\u00f3n no es impugnada, aceptamos que los pol\u00edticos puedan violar la ley y administrar nuestros recursos a ciegas. Esto sentar\u00eda un precedente nuevo y peligroso sobre c\u00f3mo realizan las evaluaciones de impacto tanto los gobiernos actuales como los futuros&#8221;, dice Andaur.<\/p>\n<h3><span style=\"color: #333399;\"><strong>Gran oposici\u00f3n internacional<\/strong><\/span><\/h3>\n<p>Hasta la fecha, 25 pa\u00edses, entre ellos Francia, el Reino Unido, M\u00e9xico y Dinamarca, han pedido una pausa preventiva, una moratoria o una prohibici\u00f3n de la miner\u00eda en los fondos marinos. El Parlamento Europeo y m\u00e1s de 30 entidades industriales, como Google, BMW, KLP y Storebrand, adem\u00e1s de m\u00e1s de 800 cient\u00edficos marinos de 44 pa\u00edses diferentes, piden una moratoria.<\/p>\n<p>La Comisi\u00f3n Europea aboga por la prohibici\u00f3n de la miner\u00eda en los fondos marinos hasta que se colmen adecuadamente las lagunas en el conocimiento cient\u00edfico y se pueda demostrar que esta actividad no tiene efectos nocivos para el medio marino. Mientras tanto, el Banco Europeo de Inversiones ha excluido los minerales del fondo marino de su cartera de inversiones debido a los impactos clim\u00e1ticos y naturales. Recientemente, una abrumadora mayor\u00eda en el Parlamento Europeo vot\u00f3 a favor de una resoluci\u00f3n que critica el plan de Noruega para la miner\u00eda en los fondos marinos.<\/p>\n<p><strong>Fuente:<\/strong> <a href=\"https:\/\/www.wwf.no\/wwf-norway-takes-legal-action-against-the-norwegian-government\">WWF-NORWAY TAKES LEGAL ACTION AGAINST THE NORWEGIAN GOVERNMENT<\/a><\/p>\n","protected":false},"excerpt":{"rendered":"<p>El viernes se decidi\u00f3 formalmente abrir las zonas mar\u00edtimas noruegas a las actividades mineras en los fondos marinos. WWF-Noruega cree que la decisi\u00f3n se tom\u00f3 bas\u00e1ndose en una evaluaci\u00f3n de&#8230;<\/p>\n","protected":false},"author":7,"featured_media":2124,"comment_status":"closed","ping_status":"closed","sticky":false,"template":"","format":"standard","meta":{"_mo_disable_npp":"","footnotes":""},"categories":[3,7,4,9],"tags":[],"class_list":["post-2121","post","type-post","status-publish","format-standard","has-post-thumbnail","hentry","category-accion-climatica","category-fondo-marino","category-voces","category-solutions"],"yoast_head":"<!-- This site is optimized with the Yoast SEO plugin v28.3 - https:\/\/yoast.com\/product\/yoast-seo-wordpress\/ -->\n<title>WWF-Noruega emprende acciones legales - The Oxygen Project<\/title>\n<meta name=\"robots\" content=\"index, follow, max-snippet:-1, max-image-preview:large, max-video-preview:-1\" \/>\n<link rel=\"canonical\" href=\"https:\/\/www.theoxygenproject.com\/es\/wwf-noruega-emprende-acciones-legales-contra-el-gobierno-de-noruega\/\" \/>\n<meta property=\"og:locale\" content=\"en_US\" \/>\n<meta property=\"og:type\" content=\"article\" \/>\n<meta property=\"og:title\" content=\"WWF-Noruega emprende acciones legales - The Oxygen Project\" \/>\n<meta property=\"og:description\" content=\"El viernes se decidi\u00f3 formalmente abrir las zonas mar\u00edtimas noruegas a las actividades mineras en los fondos marinos. WWF-Noruega cree que la decisi\u00f3n se tom\u00f3 bas\u00e1ndose en una evaluaci\u00f3n de...\" \/>\n<meta property=\"og:url\" content=\"https:\/\/www.theoxygenproject.com\/es\/wwf-noruega-emprende-acciones-legales-contra-el-gobierno-de-noruega\/\" \/>\n<meta property=\"og:site_name\" content=\"The Oxygen Project\" \/>\n<meta property=\"article:publisher\" content=\"https:\/\/www.facebook.com\/theoxygenproj\" \/>\n<meta property=\"article:published_time\" content=\"2024-04-24T15:44:24+00:00\" \/>\n<meta property=\"article:modified_time\" content=\"2025-02-28T22:26:17+00:00\" \/>\n<meta property=\"og:image\" content=\"https:\/\/www.theoxygenproject.com\/es\/wp-content\/uploads\/2024\/04\/24-Abr_TOP_IG_DSM-WWF-Noruega-06-scaled-1.jpg\" \/>\n\t<meta property=\"og:image:width\" content=\"2048\" \/>\n\t<meta property=\"og:image:height\" content=\"2560\" \/>\n\t<meta property=\"og:image:type\" content=\"image\/jpeg\" \/>\n<meta name=\"author\" content=\"Oxygen Project\" \/>\n<meta name=\"twitter:card\" content=\"summary_large_image\" \/>\n<meta name=\"twitter:creator\" content=\"@theoxygenproj\" \/>\n<meta name=\"twitter:site\" content=\"@theoxygenproj\" \/>\n<meta name=\"twitter:label1\" content=\"Written by\" \/>\n\t<meta name=\"twitter:data1\" content=\"Oxygen Project\" \/>\n\t<meta name=\"twitter:label2\" content=\"Est. reading time\" \/>\n\t<meta name=\"twitter:data2\" content=\"3 minutes\" \/>\n<script type=\"application\/ld+json\" class=\"yoast-schema-graph\">{\"@context\":\"https:\\\/\\\/schema.org\",\"@graph\":[{\"@type\":\"Article\",\"@id\":\"https:\\\/\\\/www.theoxygenproject.com\\\/es\\\/wwf-noruega-emprende-acciones-legales-contra-el-gobierno-de-noruega\\\/#article\",\"isPartOf\":{\"@id\":\"https:\\\/\\\/www.theoxygenproject.com\\\/es\\\/wwf-noruega-emprende-acciones-legales-contra-el-gobierno-de-noruega\\\/\"},\"author\":{\"name\":\"Oxygen Project\",\"@id\":\"https:\\\/\\\/www.theoxygenproject.com\\\/es\\\/#\\\/schema\\\/person\\\/e923e01badfd998e929bb96bdcf917c2\"},\"headline\":\"WWF-Noruega emprende acciones legales\",\"datePublished\":\"2024-04-24T15:44:24+00:00\",\"dateModified\":\"2025-02-28T22:26:17+00:00\",\"mainEntityOfPage\":{\"@id\":\"https:\\\/\\\/www.theoxygenproject.com\\\/es\\\/wwf-noruega-emprende-acciones-legales-contra-el-gobierno-de-noruega\\\/\"},\"wordCount\":459,\"publisher\":{\"@id\":\"https:\\\/\\\/www.theoxygenproject.com\\\/es\\\/#organization\"},\"image\":{\"@id\":\"https:\\\/\\\/www.theoxygenproject.com\\\/es\\\/wwf-noruega-emprende-acciones-legales-contra-el-gobierno-de-noruega\\\/#primaryimage\"},\"thumbnailUrl\":\"https:\\\/\\\/www.theoxygenproject.com\\\/es\\\/wp-content\\\/uploads\\\/2024\\\/04\\\/24-Abr_TOP_IG_DSM-WWF-Noruega-06-scaled-1.jpg\",\"articleSection\":[\"Acci\u00f3n Clim\u00e1tica\",\"Defend The Deep\",\"Defensores\",\"Soluciones\"],\"inLanguage\":\"en-US\"},{\"@type\":\"WebPage\",\"@id\":\"https:\\\/\\\/www.theoxygenproject.com\\\/es\\\/wwf-noruega-emprende-acciones-legales-contra-el-gobierno-de-noruega\\\/\",\"url\":\"https:\\\/\\\/www.theoxygenproject.com\\\/es\\\/wwf-noruega-emprende-acciones-legales-contra-el-gobierno-de-noruega\\\/\",\"name\":\"WWF-Noruega emprende acciones legales - The Oxygen Project\",\"isPartOf\":{\"@id\":\"https:\\\/\\\/www.theoxygenproject.com\\\/es\\\/#website\"},\"primaryImageOfPage\":{\"@id\":\"https:\\\/\\\/www.theoxygenproject.com\\\/es\\\/wwf-noruega-emprende-acciones-legales-contra-el-gobierno-de-noruega\\\/#primaryimage\"},\"image\":{\"@id\":\"https:\\\/\\\/www.theoxygenproject.com\\\/es\\\/wwf-noruega-emprende-acciones-legales-contra-el-gobierno-de-noruega\\\/#primaryimage\"},\"thumbnailUrl\":\"https:\\\/\\\/www.theoxygenproject.com\\\/es\\\/wp-content\\\/uploads\\\/2024\\\/04\\\/24-Abr_TOP_IG_DSM-WWF-Noruega-06-scaled-1.jpg\",\"datePublished\":\"2024-04-24T15:44:24+00:00\",\"dateModified\":\"2025-02-28T22:26:17+00:00\",\"breadcrumb\":{\"@id\":\"https:\\\/\\\/www.theoxygenproject.com\\\/es\\\/wwf-noruega-emprende-acciones-legales-contra-el-gobierno-de-noruega\\\/#breadcrumb\"},\"inLanguage\":\"en-US\",\"potentialAction\":[{\"@type\":\"ReadAction\",\"target\":[\"https:\\\/\\\/www.theoxygenproject.com\\\/es\\\/wwf-noruega-emprende-acciones-legales-contra-el-gobierno-de-noruega\\\/\"]}]},{\"@type\":\"ImageObject\",\"inLanguage\":\"en-US\",\"@id\":\"https:\\\/\\\/www.theoxygenproject.com\\\/es\\\/wwf-noruega-emprende-acciones-legales-contra-el-gobierno-de-noruega\\\/#primaryimage\",\"url\":\"https:\\\/\\\/www.theoxygenproject.com\\\/es\\\/wp-content\\\/uploads\\\/2024\\\/04\\\/24-Abr_TOP_IG_DSM-WWF-Noruega-06-scaled-1.jpg\",\"contentUrl\":\"https:\\\/\\\/www.theoxygenproject.com\\\/es\\\/wp-content\\\/uploads\\\/2024\\\/04\\\/24-Abr_TOP_IG_DSM-WWF-Noruega-06-scaled-1.jpg\",\"width\":2048,\"height\":2560},{\"@type\":\"BreadcrumbList\",\"@id\":\"https:\\\/\\\/www.theoxygenproject.com\\\/es\\\/wwf-noruega-emprende-acciones-legales-contra-el-gobierno-de-noruega\\\/#breadcrumb\",\"itemListElement\":[{\"@type\":\"ListItem\",\"position\":1,\"name\":\"Home\",\"item\":\"https:\\\/\\\/www.theoxygenproject.com\\\/es\\\/\"},{\"@type\":\"ListItem\",\"position\":2,\"name\":\"WWF-Noruega emprende acciones legales\"}]},{\"@type\":\"WebSite\",\"@id\":\"https:\\\/\\\/www.theoxygenproject.com\\\/es\\\/#website\",\"url\":\"https:\\\/\\\/www.theoxygenproject.com\\\/es\\\/\",\"name\":\"The Oxygen Project\",\"description\":\"\",\"publisher\":{\"@id\":\"https:\\\/\\\/www.theoxygenproject.com\\\/es\\\/#organization\"},\"potentialAction\":[{\"@type\":\"SearchAction\",\"target\":{\"@type\":\"EntryPoint\",\"urlTemplate\":\"https:\\\/\\\/www.theoxygenproject.com\\\/es\\\/?s={search_term_string}\"},\"query-input\":{\"@type\":\"PropertyValueSpecification\",\"valueRequired\":true,\"valueName\":\"search_term_string\"}}],\"inLanguage\":\"en-US\"},{\"@type\":\"Organization\",\"@id\":\"https:\\\/\\\/www.theoxygenproject.com\\\/es\\\/#organization\",\"name\":\"The Oxygen Project\",\"url\":\"https:\\\/\\\/www.theoxygenproject.com\\\/es\\\/\",\"logo\":{\"@type\":\"ImageObject\",\"inLanguage\":\"en-US\",\"@id\":\"https:\\\/\\\/www.theoxygenproject.com\\\/es\\\/#\\\/schema\\\/logo\\\/image\\\/\",\"url\":\"https:\\\/\\\/www.theoxygenproject.com\\\/es\\\/wp-content\\\/uploads\\\/2024\\\/05\\\/top-logo-dark.png\",\"contentUrl\":\"https:\\\/\\\/www.theoxygenproject.com\\\/es\\\/wp-content\\\/uploads\\\/2024\\\/05\\\/top-logo-dark.png\",\"width\":384,\"height\":256,\"caption\":\"The Oxygen Project\"},\"image\":{\"@id\":\"https:\\\/\\\/www.theoxygenproject.com\\\/es\\\/#\\\/schema\\\/logo\\\/image\\\/\"},\"sameAs\":[\"https:\\\/\\\/www.facebook.com\\\/theoxygenproj\",\"https:\\\/\\\/x.com\\\/theoxygenproj\"]},{\"@type\":\"Person\",\"@id\":\"https:\\\/\\\/www.theoxygenproject.com\\\/es\\\/#\\\/schema\\\/person\\\/e923e01badfd998e929bb96bdcf917c2\",\"name\":\"Oxygen Project\",\"image\":{\"@type\":\"ImageObject\",\"inLanguage\":\"en-US\",\"@id\":\"https:\\\/\\\/secure.gravatar.com\\\/avatar\\\/8f5626eee0ea73a2a6496a475e280e44f5188c240a6c28a72e92c3bb71e9c06d?s=96&d=mm&r=g\",\"url\":\"https:\\\/\\\/secure.gravatar.com\\\/avatar\\\/8f5626eee0ea73a2a6496a475e280e44f5188c240a6c28a72e92c3bb71e9c06d?s=96&d=mm&r=g\",\"contentUrl\":\"https:\\\/\\\/secure.gravatar.com\\\/avatar\\\/8f5626eee0ea73a2a6496a475e280e44f5188c240a6c28a72e92c3bb71e9c06d?s=96&d=mm&r=g\",\"caption\":\"Oxygen Project\"},\"url\":\"https:\\\/\\\/www.theoxygenproject.com\\\/es\\\/author\\\/the-oxygen-project-team\\\/\"}]}<\/script>\n<!-- \/ Yoast SEO plugin. -->","yoast_head_json":{"title":"WWF-Noruega emprende acciones legales - The Oxygen Project","robots":{"index":"index","follow":"follow","max-snippet":"max-snippet:-1","max-image-preview":"max-image-preview:large","max-video-preview":"max-video-preview:-1"},"canonical":"https:\/\/www.theoxygenproject.com\/es\/wwf-noruega-emprende-acciones-legales-contra-el-gobierno-de-noruega\/","og_locale":"en_US","og_type":"article","og_title":"WWF-Noruega emprende acciones legales - The Oxygen Project","og_description":"El viernes se decidi\u00f3 formalmente abrir las zonas mar\u00edtimas noruegas a las actividades mineras en los fondos marinos. WWF-Noruega cree que la decisi\u00f3n se tom\u00f3 bas\u00e1ndose en una evaluaci\u00f3n de...","og_url":"https:\/\/www.theoxygenproject.com\/es\/wwf-noruega-emprende-acciones-legales-contra-el-gobierno-de-noruega\/","og_site_name":"The Oxygen Project","article_publisher":"https:\/\/www.facebook.com\/theoxygenproj","article_published_time":"2024-04-24T15:44:24+00:00","article_modified_time":"2025-02-28T22:26:17+00:00","og_image":[{"width":2048,"height":2560,"url":"https:\/\/www.theoxygenproject.com\/es\/wp-content\/uploads\/2024\/04\/24-Abr_TOP_IG_DSM-WWF-Noruega-06-scaled-1.jpg","type":"image\/jpeg"}],"author":"Oxygen Project","twitter_card":"summary_large_image","twitter_creator":"@theoxygenproj","twitter_site":"@theoxygenproj","twitter_misc":{"Written by":"Oxygen Project","Est. reading time":"3 minutes"},"schema":{"@context":"https:\/\/schema.org","@graph":[{"@type":"Article","@id":"https:\/\/www.theoxygenproject.com\/es\/wwf-noruega-emprende-acciones-legales-contra-el-gobierno-de-noruega\/#article","isPartOf":{"@id":"https:\/\/www.theoxygenproject.com\/es\/wwf-noruega-emprende-acciones-legales-contra-el-gobierno-de-noruega\/"},"author":{"name":"Oxygen Project","@id":"https:\/\/www.theoxygenproject.com\/es\/#\/schema\/person\/e923e01badfd998e929bb96bdcf917c2"},"headline":"WWF-Noruega emprende acciones legales","datePublished":"2024-04-24T15:44:24+00:00","dateModified":"2025-02-28T22:26:17+00:00","mainEntityOfPage":{"@id":"https:\/\/www.theoxygenproject.com\/es\/wwf-noruega-emprende-acciones-legales-contra-el-gobierno-de-noruega\/"},"wordCount":459,"publisher":{"@id":"https:\/\/www.theoxygenproject.com\/es\/#organization"},"image":{"@id":"https:\/\/www.theoxygenproject.com\/es\/wwf-noruega-emprende-acciones-legales-contra-el-gobierno-de-noruega\/#primaryimage"},"thumbnailUrl":"https:\/\/www.theoxygenproject.com\/es\/wp-content\/uploads\/2024\/04\/24-Abr_TOP_IG_DSM-WWF-Noruega-06-scaled-1.jpg","articleSection":["Acci\u00f3n Clim\u00e1tica","Defend The Deep","Defensores","Soluciones"],"inLanguage":"en-US"},{"@type":"WebPage","@id":"https:\/\/www.theoxygenproject.com\/es\/wwf-noruega-emprende-acciones-legales-contra-el-gobierno-de-noruega\/","url":"https:\/\/www.theoxygenproject.com\/es\/wwf-noruega-emprende-acciones-legales-contra-el-gobierno-de-noruega\/","name":"WWF-Noruega emprende acciones legales - The Oxygen Project","isPartOf":{"@id":"https:\/\/www.theoxygenproject.com\/es\/#website"},"primaryImageOfPage":{"@id":"https:\/\/www.theoxygenproject.com\/es\/wwf-noruega-emprende-acciones-legales-contra-el-gobierno-de-noruega\/#primaryimage"},"image":{"@id":"https:\/\/www.theoxygenproject.com\/es\/wwf-noruega-emprende-acciones-legales-contra-el-gobierno-de-noruega\/#primaryimage"},"thumbnailUrl":"https:\/\/www.theoxygenproject.com\/es\/wp-content\/uploads\/2024\/04\/24-Abr_TOP_IG_DSM-WWF-Noruega-06-scaled-1.jpg","datePublished":"2024-04-24T15:44:24+00:00","dateModified":"2025-02-28T22:26:17+00:00","breadcrumb":{"@id":"https:\/\/www.theoxygenproject.com\/es\/wwf-noruega-emprende-acciones-legales-contra-el-gobierno-de-noruega\/#breadcrumb"},"inLanguage":"en-US","potentialAction":[{"@type":"ReadAction","target":["https:\/\/www.theoxygenproject.com\/es\/wwf-noruega-emprende-acciones-legales-contra-el-gobierno-de-noruega\/"]}]},{"@type":"ImageObject","inLanguage":"en-US","@id":"https:\/\/www.theoxygenproject.com\/es\/wwf-noruega-emprende-acciones-legales-contra-el-gobierno-de-noruega\/#primaryimage","url":"https:\/\/www.theoxygenproject.com\/es\/wp-content\/uploads\/2024\/04\/24-Abr_TOP_IG_DSM-WWF-Noruega-06-scaled-1.jpg","contentUrl":"https:\/\/www.theoxygenproject.com\/es\/wp-content\/uploads\/2024\/04\/24-Abr_TOP_IG_DSM-WWF-Noruega-06-scaled-1.jpg","width":2048,"height":2560},{"@type":"BreadcrumbList","@id":"https:\/\/www.theoxygenproject.com\/es\/wwf-noruega-emprende-acciones-legales-contra-el-gobierno-de-noruega\/#breadcrumb","itemListElement":[{"@type":"ListItem","position":1,"name":"Home","item":"https:\/\/www.theoxygenproject.com\/es\/"},{"@type":"ListItem","position":2,"name":"WWF-Noruega emprende acciones legales"}]},{"@type":"WebSite","@id":"https:\/\/www.theoxygenproject.com\/es\/#website","url":"https:\/\/www.theoxygenproject.com\/es\/","name":"The Oxygen Project","description":"","publisher":{"@id":"https:\/\/www.theoxygenproject.com\/es\/#organization"},"potentialAction":[{"@type":"SearchAction","target":{"@type":"EntryPoint","urlTemplate":"https:\/\/www.theoxygenproject.com\/es\/?s={search_term_string}"},"query-input":{"@type":"PropertyValueSpecification","valueRequired":true,"valueName":"search_term_string"}}],"inLanguage":"en-US"},{"@type":"Organization","@id":"https:\/\/www.theoxygenproject.com\/es\/#organization","name":"The Oxygen Project","url":"https:\/\/www.theoxygenproject.com\/es\/","logo":{"@type":"ImageObject","inLanguage":"en-US","@id":"https:\/\/www.theoxygenproject.com\/es\/#\/schema\/logo\/image\/","url":"https:\/\/www.theoxygenproject.com\/es\/wp-content\/uploads\/2024\/05\/top-logo-dark.png","contentUrl":"https:\/\/www.theoxygenproject.com\/es\/wp-content\/uploads\/2024\/05\/top-logo-dark.png","width":384,"height":256,"caption":"The Oxygen Project"},"image":{"@id":"https:\/\/www.theoxygenproject.com\/es\/#\/schema\/logo\/image\/"},"sameAs":["https:\/\/www.facebook.com\/theoxygenproj","https:\/\/x.com\/theoxygenproj"]},{"@type":"Person","@id":"https:\/\/www.theoxygenproject.com\/es\/#\/schema\/person\/e923e01badfd998e929bb96bdcf917c2","name":"Oxygen Project","image":{"@type":"ImageObject","inLanguage":"en-US","@id":"https:\/\/secure.gravatar.com\/avatar\/8f5626eee0ea73a2a6496a475e280e44f5188c240a6c28a72e92c3bb71e9c06d?s=96&d=mm&r=g","url":"https:\/\/secure.gravatar.com\/avatar\/8f5626eee0ea73a2a6496a475e280e44f5188c240a6c28a72e92c3bb71e9c06d?s=96&d=mm&r=g","contentUrl":"https:\/\/secure.gravatar.com\/avatar\/8f5626eee0ea73a2a6496a475e280e44f5188c240a6c28a72e92c3bb71e9c06d?s=96&d=mm&r=g","caption":"Oxygen Project"},"url":"https:\/\/www.theoxygenproject.com\/es\/author\/the-oxygen-project-team\/"}]}},"_links":{"self":[{"href":"https:\/\/www.theoxygenproject.com\/es\/wp-json\/wp\/v2\/posts\/2121","targetHints":{"allow":["GET"]}}],"collection":[{"href":"https:\/\/www.theoxygenproject.com\/es\/wp-json\/wp\/v2\/posts"}],"about":[{"href":"https:\/\/www.theoxygenproject.com\/es\/wp-json\/wp\/v2\/types\/post"}],"author":[{"embeddable":true,"href":"https:\/\/www.theoxygenproject.com\/es\/wp-json\/wp\/v2\/users\/7"}],"replies":[{"embeddable":true,"href":"https:\/\/www.theoxygenproject.com\/es\/wp-json\/wp\/v2\/comments?post=2121"}],"version-history":[{"count":2,"href":"https:\/\/www.theoxygenproject.com\/es\/wp-json\/wp\/v2\/posts\/2121\/revisions"}],"predecessor-version":[{"id":2177,"href":"https:\/\/www.theoxygenproject.com\/es\/wp-json\/wp\/v2\/posts\/2121\/revisions\/2177"}],"wp:featuredmedia":[{"embeddable":true,"href":"https:\/\/www.theoxygenproject.com\/es\/wp-json\/wp\/v2\/media\/2124"}],"wp:attachment":[{"href":"https:\/\/www.theoxygenproject.com\/es\/wp-json\/wp\/v2\/media?parent=2121"}],"wp:term":[{"taxonomy":"category","embeddable":true,"href":"https:\/\/www.theoxygenproject.com\/es\/wp-json\/wp\/v2\/categories?post=2121"},{"taxonomy":"post_tag","embeddable":true,"href":"https:\/\/www.theoxygenproject.com\/es\/wp-json\/wp\/v2\/tags?post=2121"}],"curies":[{"name":"wp","href":"https:\/\/api.w.org\/{rel}","templated":true}]}}