{"id":2115,"date":"2024-04-14T20:42:47","date_gmt":"2024-04-14T17:42:47","guid":{"rendered":"https:\/\/www.theoxygenproject.com\/es\/?p=2115"},"modified":"2025-02-21T14:44:37","modified_gmt":"2025-02-21T14:44:37","slug":"acusados-por-buscar-la-respuesta-acerca-de-la-mancha-roja-del-lago","status":"publish","type":"post","link":"https:\/\/www.theoxygenproject.com\/es\/acusados-por-buscar-la-respuesta-acerca-de-la-mancha-roja-del-lago\/","title":{"rendered":"Perseguidos por exigir una respuesta"},"content":{"rendered":"<p><span style=\"font-weight: 400;\">Desde 2012 la comunidad de El Estor se opone a la multinacional Solway, el gigante ruso-suizo del n\u00edquel que extrae de la reserva de la biosfera de Izabal, en Guatemala, miles de toneladas de mineral bajo el nombre de <\/span><span style=\"font-weight: 400;\">F\u00e9nix. Ubicada en una reserva de la biosfera, F\u00e9nix es una de las minas a cielo abierto m\u00e1s grandes de Centroam\u00e9rica, con acceso al lago Izabal y un puerto al Atl\u00e1ntico a pocos kil\u00f3metros.\u00a0<\/span><\/p>\n<p><span style=\"font-weight: 400;\">Centenares de\u00a0 vecinos de la comunidad vieron como una gran mancha roja en aguas del lago de Izabal se acercaba a orillas de su pueblo llamado el Estor, situado cerca de la costa atl\u00e1ntica de Guatemala.\u00a0<\/span><\/p>\n<p><a href=\"https:\/\/es.mongabay.com\/2020\/09\/guatemala-carlos-choc-compania-guatemalteca-niquel-defensores-ambientales\/\"><img loading=\"lazy\" decoding=\"async\" class=\"aligncenter size-full wp-image-2116\" src=\"https:\/\/www.theoxygenproject.com\/es\/wp-content\/uploads\/2024\/04\/TOP_DSM_GUATEMALA_Blog-Picture-01.jpg\" alt=\"\" width=\"1250\" height=\"1250\" srcset=\"https:\/\/www.theoxygenproject.com\/es\/wp-content\/uploads\/2024\/04\/TOP_DSM_GUATEMALA_Blog-Picture-01.jpg 1250w, https:\/\/www.theoxygenproject.com\/es\/wp-content\/uploads\/2024\/04\/TOP_DSM_GUATEMALA_Blog-Picture-01-300x300.jpg 300w, https:\/\/www.theoxygenproject.com\/es\/wp-content\/uploads\/2024\/04\/TOP_DSM_GUATEMALA_Blog-Picture-01-1024x1024.jpg 1024w, https:\/\/www.theoxygenproject.com\/es\/wp-content\/uploads\/2024\/04\/TOP_DSM_GUATEMALA_Blog-Picture-01-150x150.jpg 150w, https:\/\/www.theoxygenproject.com\/es\/wp-content\/uploads\/2024\/04\/TOP_DSM_GUATEMALA_Blog-Picture-01-768x768.jpg 768w\" sizes=\"auto, (max-width: 1250px) 100vw, 1250px\" \/><\/a><\/p>\n<p><span style=\"font-weight: 400;\">Los pescadores se organizaron y siguieron el rastro de la mancha roja. Fue as\u00ed que\u00a0 comprobaron que se trataba de aguas residuales que sal\u00edan de un punto cercano a\u00a0 la planta procesadora de n\u00edquel, que bajaban por el r\u00edo Polochic y terminaban en el lago. Esto hizo que comenzaran una serie de protestas\u00a0 pac\u00edficas que terminaron en el bloqueo de la carretera por donde diariamente pasaban m\u00e1s de 100 camiones de la mina.<\/span><\/p>\n<p><span style=\"font-weight: 400;\">Una parte de la poblaci\u00f3n denunci\u00f3 la contaminaci\u00f3n del lago, da\u00f1os a la salud, corrupci\u00f3n y el clima de terror que se ha extendido entre quienes se oponen a la mina: pescadores, periodistas, pol\u00edticos de oposici\u00f3n, entre otros.<\/span><\/p>\n<p><b>Criminalizaci\u00f3n de defensores del ambiente<\/b><a href=\"https:\/\/es.mongabay.com\/2020\/09\/guatemala-carlos-choc-compania-guatemalteca-niquel-defensores-ambientales\/\"><br \/>\n<\/a><\/p>\n<p><span style=\"font-weight: 400;\">El 27 de mayo de 2017, Carlos Choc tuvo la mala suerte de ser el \u00fanico periodista en tomar una foto que le cambi\u00f3 la vida. Era el cuerpo de Carlos Maaz tirado en el asfalto. Maaz formaba parte de un grupo de pescadores que protestaban contra la mina de ferron\u00edquel que agujerea las tierras de su pueblo y que supuestamente hab\u00eda vertido una extra\u00f1a mancha roja que hab\u00eda reducido brutalmente la pesca del lago. Durante la represi\u00f3n la polic\u00eda neg\u00f3 que nadie hubiera muerto, pero Choc demostr\u00f3 lo contrario y la mina y las autoridades le acusaron de instigaci\u00f3n a delinquir.<\/span><\/p>\n<p><img loading=\"lazy\" decoding=\"async\" class=\"aligncenter size-full wp-image-2117\" src=\"https:\/\/www.theoxygenproject.com\/es\/wp-content\/uploads\/2024\/04\/TOP_DSM_GUATEMALA_Blog-Picture-02.jpg\" alt=\"\" width=\"1250\" height=\"1250\" srcset=\"https:\/\/www.theoxygenproject.com\/es\/wp-content\/uploads\/2024\/04\/TOP_DSM_GUATEMALA_Blog-Picture-02.jpg 1250w, https:\/\/www.theoxygenproject.com\/es\/wp-content\/uploads\/2024\/04\/TOP_DSM_GUATEMALA_Blog-Picture-02-300x300.jpg 300w, https:\/\/www.theoxygenproject.com\/es\/wp-content\/uploads\/2024\/04\/TOP_DSM_GUATEMALA_Blog-Picture-02-1024x1024.jpg 1024w, https:\/\/www.theoxygenproject.com\/es\/wp-content\/uploads\/2024\/04\/TOP_DSM_GUATEMALA_Blog-Picture-02-150x150.jpg 150w, https:\/\/www.theoxygenproject.com\/es\/wp-content\/uploads\/2024\/04\/TOP_DSM_GUATEMALA_Blog-Picture-02-768x768.jpg 768w\" sizes=\"auto, (max-width: 1250px) 100vw, 1250px\" \/><\/p>\n<p><span style=\"font-weight: 400;\">El periodista y defensor de derechos ind\u00edgenas, Jerson Antonio Xitumul Morales, fue detenido en El Estor, Izabal, Guatemala. El defensor ha sido blanco de un proceso de criminalizaci\u00f3n de personas que luchan por la preservaci\u00f3n del medio ambiente en El Estor.<\/span><\/p>\n<p>&nbsp;<\/p>\n<p><span style=\"font-weight: 400;\">Jerson Antonio Xitumul Morales es defensor ind\u00edgena y periodista en Prensa Comunitaria. Cubr\u00eda la situaci\u00f3n en El Estor, donde la comunidad ind\u00edgena Maya-Q&#8217;eqchi&#8217; se opone a los efectos de las actividades mineras en la regi\u00f3n que est\u00e1n contaminando el lago Izabal y sus alrededores, afectando a las comunidades y poniendo en peligro su sustento.\u00a0<\/span><\/p>\n<p><span style=\"font-weight: 400;\">Antes de su arresto, el periodista cubr\u00eda la situaci\u00f3n en El Estor, donde varias personas defensoras de derechos humanos han muerto. Jerson ha apoyado a la comunidad ind\u00edgena Maya-Q&#8217;eqchi&#8217; en la regi\u00f3n, cuyos territorios se encuentran en riesgo, como resultado de las actividades de la Compa\u00f1\u00eda Guatemalteca de N\u00edquel \u2013 CGN. Las actividades mineras han contaminado el lago Izabal y sus alrededores, afectando a las comunidades y poniendo en riesgo su estilo de vida.<\/span><\/p>\n<p><span style=\"font-weight: 400;\">El 19 de julio de 2018, el Juzgado de Primera Instancia Penal y Narcoactividad y Delitos contra el Ambiente orden\u00f3 cerrar el caso en contra de Jerson Xitumul Morales, atendiendo a la solicitud del Ministerio P\u00fablico. El caso estuvo abierto por un a\u00f1o, y el defensor de derechos humanos permaneci\u00f3 detenido por 38 d\u00edas, hasta que fue liberado bajo fianza.\u00a0<\/span><\/p>\n<p><img loading=\"lazy\" decoding=\"async\" class=\"aligncenter size-full wp-image-2118\" src=\"https:\/\/www.theoxygenproject.com\/es\/wp-content\/uploads\/2024\/04\/TOP_DSM_GUATEMALA_Blog-Picture-03.jpg\" alt=\"\" width=\"1250\" height=\"1250\" srcset=\"https:\/\/www.theoxygenproject.com\/es\/wp-content\/uploads\/2024\/04\/TOP_DSM_GUATEMALA_Blog-Picture-03.jpg 1250w, https:\/\/www.theoxygenproject.com\/es\/wp-content\/uploads\/2024\/04\/TOP_DSM_GUATEMALA_Blog-Picture-03-300x300.jpg 300w, https:\/\/www.theoxygenproject.com\/es\/wp-content\/uploads\/2024\/04\/TOP_DSM_GUATEMALA_Blog-Picture-03-1024x1024.jpg 1024w, https:\/\/www.theoxygenproject.com\/es\/wp-content\/uploads\/2024\/04\/TOP_DSM_GUATEMALA_Blog-Picture-03-150x150.jpg 150w, https:\/\/www.theoxygenproject.com\/es\/wp-content\/uploads\/2024\/04\/TOP_DSM_GUATEMALA_Blog-Picture-03-768x768.jpg 768w\" sizes=\"auto, (max-width: 1250px) 100vw, 1250px\" \/><\/p>\n<p><span style=\"font-weight: 400;\">Defender el ambiente y los derechos humanos no deber\u00eda ser criminalizado, ahora quieren pasar de extraer minerales de la tierra a minar el oc\u00e9ano profundo. Podemos parar el desastre antes de que empiece s\u00famate a la petici\u00f3n para que Guatemala se una a los pa\u00edses que ya han dicho \u00a1No a la miner\u00eda submarina!<\/span><\/p>\n<p><span style=\"font-weight: 400;\">Firma por Guatemala <\/span><a href=\"https:\/\/www.change.org\/p\/guatemala-di-no-a-la-miner%C3%ADa-submarina-y-protejamos-nuestro-oc%C3%A9ano?recruiter=1322939545&amp;recruited_by_id=812f2080-8f02-11ee-9781-6b3302f9ca4e&amp;utm_source=share_petition&amp;utm_campaign=share_for_starters_page&amp;utm_medium=copylink\"><span style=\"font-weight: 400;\">AQU\u00cd<\/span><\/a><\/p>\n<p><span style=\"font-weight: 400;\">#DefendTheDeep #DefendTheDefenders #ElOceanoNoSeMina<\/span><\/p>\n<p><span style=\"font-weight: 400;\">Fuente<\/span><\/p>\n<p><span style=\"font-weight: 400;\">El Pa\u00eds: <\/span><a href=\"https:\/\/elpais.com\/internacional\/2022-03-06\/asi-se-compra-un-estado-como-una-minera-rusa-corrompio-a-todos-los-poderes-en-guatemala.html\"><span style=\"font-weight: 400;\">As\u00ed se compra un estado\u00a0<\/span><\/a><\/p>\n<p><a href=\"https:\/\/www.frontlinedefenders.org\/es\/case\/jerson-antonio-xitumul-morales-detained\"><span style=\"font-weight: 400;\">Frontline Defenders<\/span><\/a><\/p>\n<p><span style=\"font-weight: 400;\">Mongabay: <\/span><a href=\"https:\/\/es.mongabay.com\/2020\/09\/guatemala-carlos-choc-compania-guatemalteca-niquel-defensores-ambientales\/\"><span style=\"font-weight: 400;\">Guatemala la defensa ambiental y la fuga de Carlos Choc<\/span><\/a><\/p>\n","protected":false},"excerpt":{"rendered":"<p>Desde 2012 la comunidad de El Estor se opone a la multinacional Solway, el gigante ruso-suizo del n\u00edquel que extrae de la reserva de la biosfera de Izabal, en Guatemala,&#8230;<\/p>\n","protected":false},"author":3,"featured_media":2120,"comment_status":"closed","ping_status":"closed","sticky":false,"template":"","format":"standard","meta":{"_mo_disable_npp":"","footnotes":""},"categories":[1],"tags":[],"class_list":["post-2115","post","type-post","status-publish","format-standard","has-post-thumbnail","hentry","category-uncategorized"],"yoast_head":"<!-- This site is optimized with the Yoast SEO plugin v28.3 - https:\/\/yoast.com\/product\/yoast-seo-wordpress\/ -->\n<title>Perseguidos por exigir una respuesta - The Oxygen Project<\/title>\n<meta name=\"robots\" content=\"index, follow, max-snippet:-1, max-image-preview:large, max-video-preview:-1\" \/>\n<link rel=\"canonical\" href=\"https:\/\/www.theoxygenproject.com\/es\/acusados-por-buscar-la-respuesta-acerca-de-la-mancha-roja-del-lago\/\" \/>\n<meta property=\"og:locale\" content=\"en_US\" \/>\n<meta property=\"og:type\" content=\"article\" \/>\n<meta property=\"og:title\" content=\"Perseguidos por exigir una respuesta - The Oxygen Project\" \/>\n<meta property=\"og:description\" content=\"Desde 2012 la comunidad de El Estor se opone a la multinacional Solway, el gigante ruso-suizo del n\u00edquel que extrae de la reserva de la biosfera de Izabal, en Guatemala,...\" \/>\n<meta property=\"og:url\" content=\"https:\/\/www.theoxygenproject.com\/es\/acusados-por-buscar-la-respuesta-acerca-de-la-mancha-roja-del-lago\/\" \/>\n<meta property=\"og:site_name\" content=\"The Oxygen Project\" \/>\n<meta property=\"article:publisher\" content=\"https:\/\/www.facebook.com\/theoxygenproj\" \/>\n<meta property=\"article:published_time\" content=\"2024-04-14T17:42:47+00:00\" \/>\n<meta property=\"article:modified_time\" content=\"2025-02-21T14:44:37+00:00\" \/>\n<meta property=\"og:image\" content=\"https:\/\/www.theoxygenproject.com\/es\/wp-content\/uploads\/2024\/04\/TOP_DSM_GUATEMALA_Blog-Thmbnail.jpg\" \/>\n\t<meta property=\"og:image:width\" content=\"744\" \/>\n\t<meta property=\"og:image:height\" content=\"529\" \/>\n\t<meta property=\"og:image:type\" content=\"image\/jpeg\" \/>\n<meta name=\"author\" content=\"Pilar R\u00edos\" \/>\n<meta name=\"twitter:card\" content=\"summary_large_image\" \/>\n<meta name=\"twitter:creator\" content=\"@theoxygenproj\" \/>\n<meta name=\"twitter:site\" content=\"@theoxygenproj\" \/>\n<meta name=\"twitter:label1\" content=\"Written by\" \/>\n\t<meta name=\"twitter:data1\" content=\"Pilar R\u00edos\" \/>\n<script type=\"application\/ld+json\" class=\"yoast-schema-graph\">{\"@context\":\"https:\\\/\\\/schema.org\",\"@graph\":[{\"@type\":\"Article\",\"@id\":\"https:\\\/\\\/www.theoxygenproject.com\\\/es\\\/acusados-por-buscar-la-respuesta-acerca-de-la-mancha-roja-del-lago\\\/#article\",\"isPartOf\":{\"@id\":\"https:\\\/\\\/www.theoxygenproject.com\\\/es\\\/acusados-por-buscar-la-respuesta-acerca-de-la-mancha-roja-del-lago\\\/\"},\"author\":{\"name\":\"Pilar R\u00edos\",\"@id\":\"https:\\\/\\\/www.theoxygenproject.com\\\/es\\\/#\\\/schema\\\/person\\\/fd1d50a727859a9283fdd988aca8d8fb\"},\"headline\":\"Perseguidos por exigir una respuesta\",\"datePublished\":\"2024-04-14T17:42:47+00:00\",\"dateModified\":\"2025-02-21T14:44:37+00:00\",\"mainEntityOfPage\":{\"@id\":\"https:\\\/\\\/www.theoxygenproject.com\\\/es\\\/acusados-por-buscar-la-respuesta-acerca-de-la-mancha-roja-del-lago\\\/\"},\"wordCount\":690,\"publisher\":{\"@id\":\"https:\\\/\\\/www.theoxygenproject.com\\\/es\\\/#organization\"},\"image\":{\"@id\":\"https:\\\/\\\/www.theoxygenproject.com\\\/es\\\/acusados-por-buscar-la-respuesta-acerca-de-la-mancha-roja-del-lago\\\/#primaryimage\"},\"thumbnailUrl\":\"https:\\\/\\\/www.theoxygenproject.com\\\/es\\\/wp-content\\\/uploads\\\/2024\\\/04\\\/TOP_DSM_GUATEMALA_Blog-Thmbnail.jpg\",\"inLanguage\":\"en-US\"},{\"@type\":\"WebPage\",\"@id\":\"https:\\\/\\\/www.theoxygenproject.com\\\/es\\\/acusados-por-buscar-la-respuesta-acerca-de-la-mancha-roja-del-lago\\\/\",\"url\":\"https:\\\/\\\/www.theoxygenproject.com\\\/es\\\/acusados-por-buscar-la-respuesta-acerca-de-la-mancha-roja-del-lago\\\/\",\"name\":\"Perseguidos por exigir una respuesta - The Oxygen Project\",\"isPartOf\":{\"@id\":\"https:\\\/\\\/www.theoxygenproject.com\\\/es\\\/#website\"},\"primaryImageOfPage\":{\"@id\":\"https:\\\/\\\/www.theoxygenproject.com\\\/es\\\/acusados-por-buscar-la-respuesta-acerca-de-la-mancha-roja-del-lago\\\/#primaryimage\"},\"image\":{\"@id\":\"https:\\\/\\\/www.theoxygenproject.com\\\/es\\\/acusados-por-buscar-la-respuesta-acerca-de-la-mancha-roja-del-lago\\\/#primaryimage\"},\"thumbnailUrl\":\"https:\\\/\\\/www.theoxygenproject.com\\\/es\\\/wp-content\\\/uploads\\\/2024\\\/04\\\/TOP_DSM_GUATEMALA_Blog-Thmbnail.jpg\",\"datePublished\":\"2024-04-14T17:42:47+00:00\",\"dateModified\":\"2025-02-21T14:44:37+00:00\",\"breadcrumb\":{\"@id\":\"https:\\\/\\\/www.theoxygenproject.com\\\/es\\\/acusados-por-buscar-la-respuesta-acerca-de-la-mancha-roja-del-lago\\\/#breadcrumb\"},\"inLanguage\":\"en-US\",\"potentialAction\":[{\"@type\":\"ReadAction\",\"target\":[\"https:\\\/\\\/www.theoxygenproject.com\\\/es\\\/acusados-por-buscar-la-respuesta-acerca-de-la-mancha-roja-del-lago\\\/\"]}]},{\"@type\":\"ImageObject\",\"inLanguage\":\"en-US\",\"@id\":\"https:\\\/\\\/www.theoxygenproject.com\\\/es\\\/acusados-por-buscar-la-respuesta-acerca-de-la-mancha-roja-del-lago\\\/#primaryimage\",\"url\":\"https:\\\/\\\/www.theoxygenproject.com\\\/es\\\/wp-content\\\/uploads\\\/2024\\\/04\\\/TOP_DSM_GUATEMALA_Blog-Thmbnail.jpg\",\"contentUrl\":\"https:\\\/\\\/www.theoxygenproject.com\\\/es\\\/wp-content\\\/uploads\\\/2024\\\/04\\\/TOP_DSM_GUATEMALA_Blog-Thmbnail.jpg\",\"width\":744,\"height\":529},{\"@type\":\"BreadcrumbList\",\"@id\":\"https:\\\/\\\/www.theoxygenproject.com\\\/es\\\/acusados-por-buscar-la-respuesta-acerca-de-la-mancha-roja-del-lago\\\/#breadcrumb\",\"itemListElement\":[{\"@type\":\"ListItem\",\"position\":1,\"name\":\"Home\",\"item\":\"https:\\\/\\\/www.theoxygenproject.com\\\/es\\\/\"},{\"@type\":\"ListItem\",\"position\":2,\"name\":\"Perseguidos por exigir una respuesta\"}]},{\"@type\":\"WebSite\",\"@id\":\"https:\\\/\\\/www.theoxygenproject.com\\\/es\\\/#website\",\"url\":\"https:\\\/\\\/www.theoxygenproject.com\\\/es\\\/\",\"name\":\"The Oxygen Project\",\"description\":\"\",\"publisher\":{\"@id\":\"https:\\\/\\\/www.theoxygenproject.com\\\/es\\\/#organization\"},\"potentialAction\":[{\"@type\":\"SearchAction\",\"target\":{\"@type\":\"EntryPoint\",\"urlTemplate\":\"https:\\\/\\\/www.theoxygenproject.com\\\/es\\\/?s={search_term_string}\"},\"query-input\":{\"@type\":\"PropertyValueSpecification\",\"valueRequired\":true,\"valueName\":\"search_term_string\"}}],\"inLanguage\":\"en-US\"},{\"@type\":\"Organization\",\"@id\":\"https:\\\/\\\/www.theoxygenproject.com\\\/es\\\/#organization\",\"name\":\"The Oxygen Project\",\"url\":\"https:\\\/\\\/www.theoxygenproject.com\\\/es\\\/\",\"logo\":{\"@type\":\"ImageObject\",\"inLanguage\":\"en-US\",\"@id\":\"https:\\\/\\\/www.theoxygenproject.com\\\/es\\\/#\\\/schema\\\/logo\\\/image\\\/\",\"url\":\"https:\\\/\\\/www.theoxygenproject.com\\\/es\\\/wp-content\\\/uploads\\\/2024\\\/05\\\/top-logo-dark.png\",\"contentUrl\":\"https:\\\/\\\/www.theoxygenproject.com\\\/es\\\/wp-content\\\/uploads\\\/2024\\\/05\\\/top-logo-dark.png\",\"width\":384,\"height\":256,\"caption\":\"The Oxygen Project\"},\"image\":{\"@id\":\"https:\\\/\\\/www.theoxygenproject.com\\\/es\\\/#\\\/schema\\\/logo\\\/image\\\/\"},\"sameAs\":[\"https:\\\/\\\/www.facebook.com\\\/theoxygenproj\",\"https:\\\/\\\/x.com\\\/theoxygenproj\"]},{\"@type\":\"Person\",\"@id\":\"https:\\\/\\\/www.theoxygenproject.com\\\/es\\\/#\\\/schema\\\/person\\\/fd1d50a727859a9283fdd988aca8d8fb\",\"name\":\"Pilar R\u00edos\",\"image\":{\"@type\":\"ImageObject\",\"inLanguage\":\"en-US\",\"@id\":\"https:\\\/\\\/secure.gravatar.com\\\/avatar\\\/cb4cf509d6c8cf9193108e3149294241c2397964dbeb5a2a6e6b0a4a4127fc37?s=96&d=mm&r=g\",\"url\":\"https:\\\/\\\/secure.gravatar.com\\\/avatar\\\/cb4cf509d6c8cf9193108e3149294241c2397964dbeb5a2a6e6b0a4a4127fc37?s=96&d=mm&r=g\",\"contentUrl\":\"https:\\\/\\\/secure.gravatar.com\\\/avatar\\\/cb4cf509d6c8cf9193108e3149294241c2397964dbeb5a2a6e6b0a4a4127fc37?s=96&d=mm&r=g\",\"caption\":\"Pilar R\u00edos\"},\"url\":\"https:\\\/\\\/www.theoxygenproject.com\\\/es\\\/author\\\/admin-2\\\/\"}]}<\/script>\n<!-- \/ Yoast SEO plugin. -->","yoast_head_json":{"title":"Perseguidos por exigir una respuesta - The Oxygen Project","robots":{"index":"index","follow":"follow","max-snippet":"max-snippet:-1","max-image-preview":"max-image-preview:large","max-video-preview":"max-video-preview:-1"},"canonical":"https:\/\/www.theoxygenproject.com\/es\/acusados-por-buscar-la-respuesta-acerca-de-la-mancha-roja-del-lago\/","og_locale":"en_US","og_type":"article","og_title":"Perseguidos por exigir una respuesta - The Oxygen Project","og_description":"Desde 2012 la comunidad de El Estor se opone a la multinacional Solway, el gigante ruso-suizo del n\u00edquel que extrae de la reserva de la biosfera de Izabal, en Guatemala,...","og_url":"https:\/\/www.theoxygenproject.com\/es\/acusados-por-buscar-la-respuesta-acerca-de-la-mancha-roja-del-lago\/","og_site_name":"The Oxygen Project","article_publisher":"https:\/\/www.facebook.com\/theoxygenproj","article_published_time":"2024-04-14T17:42:47+00:00","article_modified_time":"2025-02-21T14:44:37+00:00","og_image":[{"width":744,"height":529,"url":"https:\/\/www.theoxygenproject.com\/es\/wp-content\/uploads\/2024\/04\/TOP_DSM_GUATEMALA_Blog-Thmbnail.jpg","type":"image\/jpeg"}],"author":"Pilar R\u00edos","twitter_card":"summary_large_image","twitter_creator":"@theoxygenproj","twitter_site":"@theoxygenproj","twitter_misc":{"Written by":"Pilar R\u00edos"},"schema":{"@context":"https:\/\/schema.org","@graph":[{"@type":"Article","@id":"https:\/\/www.theoxygenproject.com\/es\/acusados-por-buscar-la-respuesta-acerca-de-la-mancha-roja-del-lago\/#article","isPartOf":{"@id":"https:\/\/www.theoxygenproject.com\/es\/acusados-por-buscar-la-respuesta-acerca-de-la-mancha-roja-del-lago\/"},"author":{"name":"Pilar R\u00edos","@id":"https:\/\/www.theoxygenproject.com\/es\/#\/schema\/person\/fd1d50a727859a9283fdd988aca8d8fb"},"headline":"Perseguidos por exigir una respuesta","datePublished":"2024-04-14T17:42:47+00:00","dateModified":"2025-02-21T14:44:37+00:00","mainEntityOfPage":{"@id":"https:\/\/www.theoxygenproject.com\/es\/acusados-por-buscar-la-respuesta-acerca-de-la-mancha-roja-del-lago\/"},"wordCount":690,"publisher":{"@id":"https:\/\/www.theoxygenproject.com\/es\/#organization"},"image":{"@id":"https:\/\/www.theoxygenproject.com\/es\/acusados-por-buscar-la-respuesta-acerca-de-la-mancha-roja-del-lago\/#primaryimage"},"thumbnailUrl":"https:\/\/www.theoxygenproject.com\/es\/wp-content\/uploads\/2024\/04\/TOP_DSM_GUATEMALA_Blog-Thmbnail.jpg","inLanguage":"en-US"},{"@type":"WebPage","@id":"https:\/\/www.theoxygenproject.com\/es\/acusados-por-buscar-la-respuesta-acerca-de-la-mancha-roja-del-lago\/","url":"https:\/\/www.theoxygenproject.com\/es\/acusados-por-buscar-la-respuesta-acerca-de-la-mancha-roja-del-lago\/","name":"Perseguidos por exigir una respuesta - The Oxygen Project","isPartOf":{"@id":"https:\/\/www.theoxygenproject.com\/es\/#website"},"primaryImageOfPage":{"@id":"https:\/\/www.theoxygenproject.com\/es\/acusados-por-buscar-la-respuesta-acerca-de-la-mancha-roja-del-lago\/#primaryimage"},"image":{"@id":"https:\/\/www.theoxygenproject.com\/es\/acusados-por-buscar-la-respuesta-acerca-de-la-mancha-roja-del-lago\/#primaryimage"},"thumbnailUrl":"https:\/\/www.theoxygenproject.com\/es\/wp-content\/uploads\/2024\/04\/TOP_DSM_GUATEMALA_Blog-Thmbnail.jpg","datePublished":"2024-04-14T17:42:47+00:00","dateModified":"2025-02-21T14:44:37+00:00","breadcrumb":{"@id":"https:\/\/www.theoxygenproject.com\/es\/acusados-por-buscar-la-respuesta-acerca-de-la-mancha-roja-del-lago\/#breadcrumb"},"inLanguage":"en-US","potentialAction":[{"@type":"ReadAction","target":["https:\/\/www.theoxygenproject.com\/es\/acusados-por-buscar-la-respuesta-acerca-de-la-mancha-roja-del-lago\/"]}]},{"@type":"ImageObject","inLanguage":"en-US","@id":"https:\/\/www.theoxygenproject.com\/es\/acusados-por-buscar-la-respuesta-acerca-de-la-mancha-roja-del-lago\/#primaryimage","url":"https:\/\/www.theoxygenproject.com\/es\/wp-content\/uploads\/2024\/04\/TOP_DSM_GUATEMALA_Blog-Thmbnail.jpg","contentUrl":"https:\/\/www.theoxygenproject.com\/es\/wp-content\/uploads\/2024\/04\/TOP_DSM_GUATEMALA_Blog-Thmbnail.jpg","width":744,"height":529},{"@type":"BreadcrumbList","@id":"https:\/\/www.theoxygenproject.com\/es\/acusados-por-buscar-la-respuesta-acerca-de-la-mancha-roja-del-lago\/#breadcrumb","itemListElement":[{"@type":"ListItem","position":1,"name":"Home","item":"https:\/\/www.theoxygenproject.com\/es\/"},{"@type":"ListItem","position":2,"name":"Perseguidos por exigir una respuesta"}]},{"@type":"WebSite","@id":"https:\/\/www.theoxygenproject.com\/es\/#website","url":"https:\/\/www.theoxygenproject.com\/es\/","name":"The Oxygen Project","description":"","publisher":{"@id":"https:\/\/www.theoxygenproject.com\/es\/#organization"},"potentialAction":[{"@type":"SearchAction","target":{"@type":"EntryPoint","urlTemplate":"https:\/\/www.theoxygenproject.com\/es\/?s={search_term_string}"},"query-input":{"@type":"PropertyValueSpecification","valueRequired":true,"valueName":"search_term_string"}}],"inLanguage":"en-US"},{"@type":"Organization","@id":"https:\/\/www.theoxygenproject.com\/es\/#organization","name":"The Oxygen Project","url":"https:\/\/www.theoxygenproject.com\/es\/","logo":{"@type":"ImageObject","inLanguage":"en-US","@id":"https:\/\/www.theoxygenproject.com\/es\/#\/schema\/logo\/image\/","url":"https:\/\/www.theoxygenproject.com\/es\/wp-content\/uploads\/2024\/05\/top-logo-dark.png","contentUrl":"https:\/\/www.theoxygenproject.com\/es\/wp-content\/uploads\/2024\/05\/top-logo-dark.png","width":384,"height":256,"caption":"The Oxygen Project"},"image":{"@id":"https:\/\/www.theoxygenproject.com\/es\/#\/schema\/logo\/image\/"},"sameAs":["https:\/\/www.facebook.com\/theoxygenproj","https:\/\/x.com\/theoxygenproj"]},{"@type":"Person","@id":"https:\/\/www.theoxygenproject.com\/es\/#\/schema\/person\/fd1d50a727859a9283fdd988aca8d8fb","name":"Pilar R\u00edos","image":{"@type":"ImageObject","inLanguage":"en-US","@id":"https:\/\/secure.gravatar.com\/avatar\/cb4cf509d6c8cf9193108e3149294241c2397964dbeb5a2a6e6b0a4a4127fc37?s=96&d=mm&r=g","url":"https:\/\/secure.gravatar.com\/avatar\/cb4cf509d6c8cf9193108e3149294241c2397964dbeb5a2a6e6b0a4a4127fc37?s=96&d=mm&r=g","contentUrl":"https:\/\/secure.gravatar.com\/avatar\/cb4cf509d6c8cf9193108e3149294241c2397964dbeb5a2a6e6b0a4a4127fc37?s=96&d=mm&r=g","caption":"Pilar R\u00edos"},"url":"https:\/\/www.theoxygenproject.com\/es\/author\/admin-2\/"}]}},"_links":{"self":[{"href":"https:\/\/www.theoxygenproject.com\/es\/wp-json\/wp\/v2\/posts\/2115","targetHints":{"allow":["GET"]}}],"collection":[{"href":"https:\/\/www.theoxygenproject.com\/es\/wp-json\/wp\/v2\/posts"}],"about":[{"href":"https:\/\/www.theoxygenproject.com\/es\/wp-json\/wp\/v2\/types\/post"}],"author":[{"embeddable":true,"href":"https:\/\/www.theoxygenproject.com\/es\/wp-json\/wp\/v2\/users\/3"}],"replies":[{"embeddable":true,"href":"https:\/\/www.theoxygenproject.com\/es\/wp-json\/wp\/v2\/comments?post=2115"}],"version-history":[{"count":1,"href":"https:\/\/www.theoxygenproject.com\/es\/wp-json\/wp\/v2\/posts\/2115\/revisions"}],"predecessor-version":[{"id":2158,"href":"https:\/\/www.theoxygenproject.com\/es\/wp-json\/wp\/v2\/posts\/2115\/revisions\/2158"}],"wp:featuredmedia":[{"embeddable":true,"href":"https:\/\/www.theoxygenproject.com\/es\/wp-json\/wp\/v2\/media\/2120"}],"wp:attachment":[{"href":"https:\/\/www.theoxygenproject.com\/es\/wp-json\/wp\/v2\/media?parent=2115"}],"wp:term":[{"taxonomy":"category","embeddable":true,"href":"https:\/\/www.theoxygenproject.com\/es\/wp-json\/wp\/v2\/categories?post=2115"},{"taxonomy":"post_tag","embeddable":true,"href":"https:\/\/www.theoxygenproject.com\/es\/wp-json\/wp\/v2\/tags?post=2115"}],"curies":[{"name":"wp","href":"https:\/\/api.w.org\/{rel}","templated":true}]}}