{"id":2112,"date":"2024-03-22T19:30:58","date_gmt":"2024-03-22T16:30:58","guid":{"rendered":"https:\/\/www.theoxygenproject.com\/es\/?p=2112"},"modified":"2025-02-28T22:25:46","modified_gmt":"2025-02-28T22:25:46","slug":"agua-para-la-paz","status":"publish","type":"post","link":"https:\/\/www.theoxygenproject.com\/es\/agua-para-la-paz\/","title":{"rendered":"Agua para la Paz"},"content":{"rendered":"<p>Hoy 22 de marzo, se conmemora el D\u00eda Mundial del Agua, con el objetivo de crear conciencia sobre la importancia de preservar este recurso. Este a\u00f1o, lo hace bajo el lema &#8220;Agua para la paz&#8221; desde los inicios de la civilizaci\u00f3n humana, el agua ha reunido a las personas y les ha permitido comerciar, viajar y comunicarse. Sin embargo, el agua tambi\u00e9n ha dividido a la gente.<\/p>\n<p><img loading=\"lazy\" decoding=\"async\" class=\"aligncenter size-full wp-image-2174\" src=\"https:\/\/www.theoxygenproject.com\/es\/wp-content\/uploads\/2024\/03\/22-Mar_TOP_Blog_Water-Day-13-scaled-1.webp\" alt=\"\" width=\"2560\" height=\"2048\" srcset=\"https:\/\/www.theoxygenproject.com\/es\/wp-content\/uploads\/2024\/03\/22-Mar_TOP_Blog_Water-Day-13-scaled-1.webp 2560w, https:\/\/www.theoxygenproject.com\/es\/wp-content\/uploads\/2024\/03\/22-Mar_TOP_Blog_Water-Day-13-scaled-1-300x240.webp 300w, https:\/\/www.theoxygenproject.com\/es\/wp-content\/uploads\/2024\/03\/22-Mar_TOP_Blog_Water-Day-13-scaled-1-1024x819.webp 1024w, https:\/\/www.theoxygenproject.com\/es\/wp-content\/uploads\/2024\/03\/22-Mar_TOP_Blog_Water-Day-13-scaled-1-768x614.webp 768w, https:\/\/www.theoxygenproject.com\/es\/wp-content\/uploads\/2024\/03\/22-Mar_TOP_Blog_Water-Day-13-scaled-1-1536x1229.webp 1536w, https:\/\/www.theoxygenproject.com\/es\/wp-content\/uploads\/2024\/03\/22-Mar_TOP_Blog_Water-Day-13-scaled-1-2048x1638.webp 2048w\" sizes=\"auto, (max-width: 2560px) 100vw, 2560px\" \/><\/p>\n<p>En nuestro planeta, m\u00e1s de 3.000 millones de personas -el 26% de la poblaci\u00f3n- no disponen de agua potable y 3.600 millones -el 46%- carecen de acceso a un saneamiento gestionado de forma segura, seg\u00fan informes de la UNESCO de 2023. Asimismo, se espera que esta escasez empeore en los pr\u00f3ximos a\u00f1os, a medida que el cambio clim\u00e1tico se intensifique.<\/p>\n<p><strong>Conflicto Palestino &#8211; Israel\u00ed por el agua<\/strong><br \/>\nEl agua tambi\u00e9n puede desencadenar conflictos, hace a\u00f1os que la batalla por el agua est\u00e1 en el centro del conflicto palestino-israel\u00ed. En verano de 2016, la tensi\u00f3n estall\u00f3 en una aut\u00e9ntica crisis cuando numerosos pueblos y campos de refugiados palestinos se quedaron sin agua durante d\u00edas y tuvieron que importar bidones para cubrir las necesidades b\u00e1sicas. Aguardaban despiertos en plena noche con la esperanza de que la presi\u00f3n volviese a las tuber\u00edas.<\/p>\n<p>&nbsp;<\/p>\n<p><img loading=\"lazy\" decoding=\"async\" class=\"aligncenter size-full wp-image-2175\" src=\"https:\/\/www.theoxygenproject.com\/es\/wp-content\/uploads\/2024\/03\/22-Mar_TOP_IG_Water-Day-08-scaled-1.webp\" alt=\"\" width=\"2048\" height=\"2560\" srcset=\"https:\/\/www.theoxygenproject.com\/es\/wp-content\/uploads\/2024\/03\/22-Mar_TOP_IG_Water-Day-08-scaled-1.webp 2048w, https:\/\/www.theoxygenproject.com\/es\/wp-content\/uploads\/2024\/03\/22-Mar_TOP_IG_Water-Day-08-scaled-1-240x300.webp 240w, https:\/\/www.theoxygenproject.com\/es\/wp-content\/uploads\/2024\/03\/22-Mar_TOP_IG_Water-Day-08-scaled-1-819x1024.webp 819w, https:\/\/www.theoxygenproject.com\/es\/wp-content\/uploads\/2024\/03\/22-Mar_TOP_IG_Water-Day-08-scaled-1-768x960.webp 768w, https:\/\/www.theoxygenproject.com\/es\/wp-content\/uploads\/2024\/03\/22-Mar_TOP_IG_Water-Day-08-scaled-1-1229x1536.webp 1229w, https:\/\/www.theoxygenproject.com\/es\/wp-content\/uploads\/2024\/03\/22-Mar_TOP_IG_Water-Day-08-scaled-1-1638x2048.webp 1638w\" sizes=\"auto, (max-width: 2048px) 100vw, 2048px\" \/><\/p>\n<p>Esta crisis se ha visto agravada por el conflicto actual donde el 95% del agua en Gaza no es apta para el consumo humano. El asedio israel\u00ed a Gaza ha devastado la infraestructura h\u00eddrica, dejando inoperables las plantas desalinizadoras y tuber\u00edas.<\/p>\n<p><strong>Casi dos millones de habitantes de Gaza corren riesgo de enfermedades y deshidrataci\u00f3n.<\/strong><br \/>\nLa destrucci\u00f3n de instalaciones vitales, junto con el desplazamiento y el acceso restringido a los puntos de recogida de agua, ha exacerbado la crisis.<\/p>\n<p><strong>El colapso de los sistemas de agua ha generado una cat\u00e1strofe de salud p\u00fablica en Gaza.<\/strong><br \/>\nEl acceso inadecuado al agua ha provocado un aumento en las enfermedades transmitidas por el agua. Los centros de salud, ya sobrecargados por los ataques, est\u00e1n luchando por brindar una atenci\u00f3n adecuada.<\/p>\n<p><img loading=\"lazy\" decoding=\"async\" class=\"aligncenter size-full wp-image-2114\" src=\"https:\/\/www.theoxygenproject.com\/es\/wp-content\/uploads\/2024\/03\/22-Mar_TOP_IG_Water-Day-10-scaled.jpg\" alt=\"\" width=\"2048\" height=\"2560\" \/><\/p>\n<p><strong>Crear un efecto en cascada positivo<\/strong><br \/>\nAlrededor del mundo existen m\u00faltiples experiencias donde los Estados obtienen mutuos beneficios compartiendo sus recursos h\u00eddricos, lo que refuerza tanto la paz como la seguridad regional, pero hasta el momento estos casos suponen una excepci\u00f3n a la regla.<\/p>\n<p>Existen historias de acuerdos y cooperaci\u00f3n entre pa\u00edses por ejemplo el Tratado de Agua del \u00cdndico es un modelo de cooperaci\u00f3n, sobreviviendo incluso al conflicto armado entre sus partes, India y Pakist\u00e1n. Hay tambi\u00e9n acuerdos pr\u00e1cticos entre Sud\u00e1frica y Lesotho, a trav\u00e9s del cual Lesotho facilita agua a Johannesburgo a cambio de ayuda financiera con la gesti\u00f3n del agua. El mayor recurso mundial de agua subterr\u00e1nea, el acu\u00edfero Guarani, est\u00e1 bien gestionado entre Argentina, Brasil, Paraguay y Uruguay. Y, en \u00c1frica Oriental, Senegal, Mali, Mauritania y Guinea, han cooperado sobre los recursos de la cuenca del R\u00edo Senegal desde 1972.<\/p>\n<p>Cuando cooperamos en materia de agua, creamos un efecto en cascada positivo, promoviendo la armon\u00eda, generando prosperidad y fomentando la resiliencia frente a los desaf\u00edos comunes.<br \/>\nDebemos actuar sobre la base de que el agua no es solo un recurso que se aprovecha y por el que se compite: es un derecho humano, intr\u00ednseco a todos los aspectos de la vida.<\/p>\n<p>Con motivo del D\u00eda Mundial del Agua, es necesario que todos nos unamos en torno al agua y la utilicemos en favor de la paz, sentando las bases para un futuro m\u00e1s estable y pr\u00f3spero.<\/p>\n<p><strong>\u00a1El agua importa!<\/strong><br \/>\nPuede crear prosperidad y paz<br \/>\nY solucionar crisis globales.<\/p>\n<p><img loading=\"lazy\" decoding=\"async\" class=\"aligncenter size-full wp-image-2108\" src=\"https:\/\/www.theoxygenproject.com\/es\/wp-content\/uploads\/2024\/03\/22-Mar_TOP_IG_Water-Day-07-scaled.jpg\" alt=\"\" width=\"2048\" height=\"2560\" \/><\/p>\n<p><span style=\"font-weight: 400;\">Fuente Naciones Unidas:<\/span><a href=\"https:\/\/www.un.org\/es\/observances\/water-day\"><span style=\"font-weight: 400;\"> Agua para la Paz<\/span><\/a><\/p>\n<p><span style=\"font-weight: 400;\">Fuente El Pa\u00eds: <\/span><a href=\"https:\/\/elpais.com\/especiales\/2017\/planeta-futuro\/agua-palestina-israel\/\"><span style=\"font-weight: 400;\">Agua Santa el conflicto palestino-israel\u00ed por el agua<\/span><\/a><\/p>\n<p><span style=\"font-weight: 400;\">Fuente <\/span><a href=\"https:\/\/www.zaragoza.es\/contenidos\/medioambiente\/cajaAzul\/palabras\/Gorbachev_ES.pdf\"><span style=\"font-weight: 400;\">Agua para la Paz<\/span><\/a><\/p>\n","protected":false},"excerpt":{"rendered":"<p>Hoy 22 de marzo, se conmemora el D\u00eda Mundial del Agua, con el objetivo de crear conciencia sobre la importancia de preservar este recurso. Este a\u00f1o, lo hace bajo el&#8230;<\/p>\n","protected":false},"author":3,"featured_media":2113,"comment_status":"closed","ping_status":"closed","sticky":false,"template":"","format":"standard","meta":{"_mo_disable_npp":"","footnotes":""},"categories":[3,10,4,9,1],"tags":[],"class_list":["post-2112","post","type-post","status-publish","format-standard","has-post-thumbnail","hentry","category-accion-climatica","category-agua","category-voces","category-solutions","category-uncategorized"],"yoast_head":"<!-- This site is optimized with the Yoast SEO plugin v28.3 - https:\/\/yoast.com\/product\/yoast-seo-wordpress\/ -->\n<title>Agua para la Paz - The Oxygen Project<\/title>\n<meta name=\"robots\" content=\"index, follow, max-snippet:-1, max-image-preview:large, max-video-preview:-1\" \/>\n<link rel=\"canonical\" href=\"https:\/\/www.theoxygenproject.com\/es\/agua-para-la-paz\/\" \/>\n<meta property=\"og:locale\" content=\"en_US\" \/>\n<meta property=\"og:type\" content=\"article\" \/>\n<meta property=\"og:title\" content=\"Agua para la Paz - The Oxygen Project\" \/>\n<meta property=\"og:description\" content=\"Hoy 22 de marzo, se conmemora el D\u00eda Mundial del Agua, con el objetivo de crear conciencia sobre la importancia de preservar este recurso. Este a\u00f1o, lo hace bajo el...\" \/>\n<meta property=\"og:url\" content=\"https:\/\/www.theoxygenproject.com\/es\/agua-para-la-paz\/\" \/>\n<meta property=\"og:site_name\" content=\"The Oxygen Project\" \/>\n<meta property=\"article:publisher\" content=\"https:\/\/www.facebook.com\/theoxygenproj\" \/>\n<meta property=\"article:published_time\" content=\"2024-03-22T16:30:58+00:00\" \/>\n<meta property=\"article:modified_time\" content=\"2025-02-28T22:25:46+00:00\" \/>\n<meta property=\"og:image\" content=\"https:\/\/www.theoxygenproject.com\/es\/wp-content\/uploads\/2024\/03\/gaza-agua-palestina-15112023-scaled-1.jpeg\" \/>\n\t<meta property=\"og:image:width\" content=\"2560\" \/>\n\t<meta property=\"og:image:height\" content=\"1743\" \/>\n\t<meta property=\"og:image:type\" content=\"image\/jpeg\" \/>\n<meta name=\"author\" content=\"Pilar R\u00edos\" \/>\n<meta name=\"twitter:card\" content=\"summary_large_image\" \/>\n<meta name=\"twitter:creator\" content=\"@theoxygenproj\" \/>\n<meta name=\"twitter:site\" content=\"@theoxygenproj\" \/>\n<meta name=\"twitter:label1\" content=\"Written by\" \/>\n\t<meta name=\"twitter:data1\" content=\"Pilar R\u00edos\" \/>\n\t<meta name=\"twitter:label2\" content=\"Est. reading time\" \/>\n\t<meta name=\"twitter:data2\" content=\"4 minutes\" \/>\n<script type=\"application\/ld+json\" class=\"yoast-schema-graph\">{\"@context\":\"https:\\\/\\\/schema.org\",\"@graph\":[{\"@type\":\"Article\",\"@id\":\"https:\\\/\\\/www.theoxygenproject.com\\\/es\\\/agua-para-la-paz\\\/#article\",\"isPartOf\":{\"@id\":\"https:\\\/\\\/www.theoxygenproject.com\\\/es\\\/agua-para-la-paz\\\/\"},\"author\":{\"name\":\"Pilar R\u00edos\",\"@id\":\"https:\\\/\\\/www.theoxygenproject.com\\\/es\\\/#\\\/schema\\\/person\\\/fd1d50a727859a9283fdd988aca8d8fb\"},\"headline\":\"Agua para la Paz\",\"datePublished\":\"2024-03-22T16:30:58+00:00\",\"dateModified\":\"2025-02-28T22:25:46+00:00\",\"mainEntityOfPage\":{\"@id\":\"https:\\\/\\\/www.theoxygenproject.com\\\/es\\\/agua-para-la-paz\\\/\"},\"wordCount\":652,\"publisher\":{\"@id\":\"https:\\\/\\\/www.theoxygenproject.com\\\/es\\\/#organization\"},\"image\":{\"@id\":\"https:\\\/\\\/www.theoxygenproject.com\\\/es\\\/agua-para-la-paz\\\/#primaryimage\"},\"thumbnailUrl\":\"https:\\\/\\\/www.theoxygenproject.com\\\/es\\\/wp-content\\\/uploads\\\/2024\\\/03\\\/gaza-agua-palestina-15112023-scaled-1.jpeg\",\"articleSection\":[\"Acci\u00f3n Clim\u00e1tica\",\"Agua\",\"Defensores\",\"Soluciones\"],\"inLanguage\":\"en-US\"},{\"@type\":\"WebPage\",\"@id\":\"https:\\\/\\\/www.theoxygenproject.com\\\/es\\\/agua-para-la-paz\\\/\",\"url\":\"https:\\\/\\\/www.theoxygenproject.com\\\/es\\\/agua-para-la-paz\\\/\",\"name\":\"Agua para la Paz - The Oxygen Project\",\"isPartOf\":{\"@id\":\"https:\\\/\\\/www.theoxygenproject.com\\\/es\\\/#website\"},\"primaryImageOfPage\":{\"@id\":\"https:\\\/\\\/www.theoxygenproject.com\\\/es\\\/agua-para-la-paz\\\/#primaryimage\"},\"image\":{\"@id\":\"https:\\\/\\\/www.theoxygenproject.com\\\/es\\\/agua-para-la-paz\\\/#primaryimage\"},\"thumbnailUrl\":\"https:\\\/\\\/www.theoxygenproject.com\\\/es\\\/wp-content\\\/uploads\\\/2024\\\/03\\\/gaza-agua-palestina-15112023-scaled-1.jpeg\",\"datePublished\":\"2024-03-22T16:30:58+00:00\",\"dateModified\":\"2025-02-28T22:25:46+00:00\",\"breadcrumb\":{\"@id\":\"https:\\\/\\\/www.theoxygenproject.com\\\/es\\\/agua-para-la-paz\\\/#breadcrumb\"},\"inLanguage\":\"en-US\",\"potentialAction\":[{\"@type\":\"ReadAction\",\"target\":[\"https:\\\/\\\/www.theoxygenproject.com\\\/es\\\/agua-para-la-paz\\\/\"]}]},{\"@type\":\"ImageObject\",\"inLanguage\":\"en-US\",\"@id\":\"https:\\\/\\\/www.theoxygenproject.com\\\/es\\\/agua-para-la-paz\\\/#primaryimage\",\"url\":\"https:\\\/\\\/www.theoxygenproject.com\\\/es\\\/wp-content\\\/uploads\\\/2024\\\/03\\\/gaza-agua-palestina-15112023-scaled-1.jpeg\",\"contentUrl\":\"https:\\\/\\\/www.theoxygenproject.com\\\/es\\\/wp-content\\\/uploads\\\/2024\\\/03\\\/gaza-agua-palestina-15112023-scaled-1.jpeg\",\"width\":2560,\"height\":1743},{\"@type\":\"BreadcrumbList\",\"@id\":\"https:\\\/\\\/www.theoxygenproject.com\\\/es\\\/agua-para-la-paz\\\/#breadcrumb\",\"itemListElement\":[{\"@type\":\"ListItem\",\"position\":1,\"name\":\"Home\",\"item\":\"https:\\\/\\\/www.theoxygenproject.com\\\/es\\\/\"},{\"@type\":\"ListItem\",\"position\":2,\"name\":\"Agua para la Paz\"}]},{\"@type\":\"WebSite\",\"@id\":\"https:\\\/\\\/www.theoxygenproject.com\\\/es\\\/#website\",\"url\":\"https:\\\/\\\/www.theoxygenproject.com\\\/es\\\/\",\"name\":\"The Oxygen Project\",\"description\":\"\",\"publisher\":{\"@id\":\"https:\\\/\\\/www.theoxygenproject.com\\\/es\\\/#organization\"},\"potentialAction\":[{\"@type\":\"SearchAction\",\"target\":{\"@type\":\"EntryPoint\",\"urlTemplate\":\"https:\\\/\\\/www.theoxygenproject.com\\\/es\\\/?s={search_term_string}\"},\"query-input\":{\"@type\":\"PropertyValueSpecification\",\"valueRequired\":true,\"valueName\":\"search_term_string\"}}],\"inLanguage\":\"en-US\"},{\"@type\":\"Organization\",\"@id\":\"https:\\\/\\\/www.theoxygenproject.com\\\/es\\\/#organization\",\"name\":\"The Oxygen Project\",\"url\":\"https:\\\/\\\/www.theoxygenproject.com\\\/es\\\/\",\"logo\":{\"@type\":\"ImageObject\",\"inLanguage\":\"en-US\",\"@id\":\"https:\\\/\\\/www.theoxygenproject.com\\\/es\\\/#\\\/schema\\\/logo\\\/image\\\/\",\"url\":\"https:\\\/\\\/www.theoxygenproject.com\\\/es\\\/wp-content\\\/uploads\\\/2024\\\/05\\\/top-logo-dark.png\",\"contentUrl\":\"https:\\\/\\\/www.theoxygenproject.com\\\/es\\\/wp-content\\\/uploads\\\/2024\\\/05\\\/top-logo-dark.png\",\"width\":384,\"height\":256,\"caption\":\"The Oxygen Project\"},\"image\":{\"@id\":\"https:\\\/\\\/www.theoxygenproject.com\\\/es\\\/#\\\/schema\\\/logo\\\/image\\\/\"},\"sameAs\":[\"https:\\\/\\\/www.facebook.com\\\/theoxygenproj\",\"https:\\\/\\\/x.com\\\/theoxygenproj\"]},{\"@type\":\"Person\",\"@id\":\"https:\\\/\\\/www.theoxygenproject.com\\\/es\\\/#\\\/schema\\\/person\\\/fd1d50a727859a9283fdd988aca8d8fb\",\"name\":\"Pilar R\u00edos\",\"image\":{\"@type\":\"ImageObject\",\"inLanguage\":\"en-US\",\"@id\":\"https:\\\/\\\/secure.gravatar.com\\\/avatar\\\/cb4cf509d6c8cf9193108e3149294241c2397964dbeb5a2a6e6b0a4a4127fc37?s=96&d=mm&r=g\",\"url\":\"https:\\\/\\\/secure.gravatar.com\\\/avatar\\\/cb4cf509d6c8cf9193108e3149294241c2397964dbeb5a2a6e6b0a4a4127fc37?s=96&d=mm&r=g\",\"contentUrl\":\"https:\\\/\\\/secure.gravatar.com\\\/avatar\\\/cb4cf509d6c8cf9193108e3149294241c2397964dbeb5a2a6e6b0a4a4127fc37?s=96&d=mm&r=g\",\"caption\":\"Pilar R\u00edos\"},\"url\":\"https:\\\/\\\/www.theoxygenproject.com\\\/es\\\/author\\\/admin-2\\\/\"}]}<\/script>\n<!-- \/ Yoast SEO plugin. -->","yoast_head_json":{"title":"Agua para la Paz - The Oxygen Project","robots":{"index":"index","follow":"follow","max-snippet":"max-snippet:-1","max-image-preview":"max-image-preview:large","max-video-preview":"max-video-preview:-1"},"canonical":"https:\/\/www.theoxygenproject.com\/es\/agua-para-la-paz\/","og_locale":"en_US","og_type":"article","og_title":"Agua para la Paz - The Oxygen Project","og_description":"Hoy 22 de marzo, se conmemora el D\u00eda Mundial del Agua, con el objetivo de crear conciencia sobre la importancia de preservar este recurso. Este a\u00f1o, lo hace bajo el...","og_url":"https:\/\/www.theoxygenproject.com\/es\/agua-para-la-paz\/","og_site_name":"The Oxygen Project","article_publisher":"https:\/\/www.facebook.com\/theoxygenproj","article_published_time":"2024-03-22T16:30:58+00:00","article_modified_time":"2025-02-28T22:25:46+00:00","og_image":[{"width":2560,"height":1743,"url":"https:\/\/www.theoxygenproject.com\/es\/wp-content\/uploads\/2024\/03\/gaza-agua-palestina-15112023-scaled-1.jpeg","type":"image\/jpeg"}],"author":"Pilar R\u00edos","twitter_card":"summary_large_image","twitter_creator":"@theoxygenproj","twitter_site":"@theoxygenproj","twitter_misc":{"Written by":"Pilar R\u00edos","Est. reading time":"4 minutes"},"schema":{"@context":"https:\/\/schema.org","@graph":[{"@type":"Article","@id":"https:\/\/www.theoxygenproject.com\/es\/agua-para-la-paz\/#article","isPartOf":{"@id":"https:\/\/www.theoxygenproject.com\/es\/agua-para-la-paz\/"},"author":{"name":"Pilar R\u00edos","@id":"https:\/\/www.theoxygenproject.com\/es\/#\/schema\/person\/fd1d50a727859a9283fdd988aca8d8fb"},"headline":"Agua para la Paz","datePublished":"2024-03-22T16:30:58+00:00","dateModified":"2025-02-28T22:25:46+00:00","mainEntityOfPage":{"@id":"https:\/\/www.theoxygenproject.com\/es\/agua-para-la-paz\/"},"wordCount":652,"publisher":{"@id":"https:\/\/www.theoxygenproject.com\/es\/#organization"},"image":{"@id":"https:\/\/www.theoxygenproject.com\/es\/agua-para-la-paz\/#primaryimage"},"thumbnailUrl":"https:\/\/www.theoxygenproject.com\/es\/wp-content\/uploads\/2024\/03\/gaza-agua-palestina-15112023-scaled-1.jpeg","articleSection":["Acci\u00f3n Clim\u00e1tica","Agua","Defensores","Soluciones"],"inLanguage":"en-US"},{"@type":"WebPage","@id":"https:\/\/www.theoxygenproject.com\/es\/agua-para-la-paz\/","url":"https:\/\/www.theoxygenproject.com\/es\/agua-para-la-paz\/","name":"Agua para la Paz - The Oxygen Project","isPartOf":{"@id":"https:\/\/www.theoxygenproject.com\/es\/#website"},"primaryImageOfPage":{"@id":"https:\/\/www.theoxygenproject.com\/es\/agua-para-la-paz\/#primaryimage"},"image":{"@id":"https:\/\/www.theoxygenproject.com\/es\/agua-para-la-paz\/#primaryimage"},"thumbnailUrl":"https:\/\/www.theoxygenproject.com\/es\/wp-content\/uploads\/2024\/03\/gaza-agua-palestina-15112023-scaled-1.jpeg","datePublished":"2024-03-22T16:30:58+00:00","dateModified":"2025-02-28T22:25:46+00:00","breadcrumb":{"@id":"https:\/\/www.theoxygenproject.com\/es\/agua-para-la-paz\/#breadcrumb"},"inLanguage":"en-US","potentialAction":[{"@type":"ReadAction","target":["https:\/\/www.theoxygenproject.com\/es\/agua-para-la-paz\/"]}]},{"@type":"ImageObject","inLanguage":"en-US","@id":"https:\/\/www.theoxygenproject.com\/es\/agua-para-la-paz\/#primaryimage","url":"https:\/\/www.theoxygenproject.com\/es\/wp-content\/uploads\/2024\/03\/gaza-agua-palestina-15112023-scaled-1.jpeg","contentUrl":"https:\/\/www.theoxygenproject.com\/es\/wp-content\/uploads\/2024\/03\/gaza-agua-palestina-15112023-scaled-1.jpeg","width":2560,"height":1743},{"@type":"BreadcrumbList","@id":"https:\/\/www.theoxygenproject.com\/es\/agua-para-la-paz\/#breadcrumb","itemListElement":[{"@type":"ListItem","position":1,"name":"Home","item":"https:\/\/www.theoxygenproject.com\/es\/"},{"@type":"ListItem","position":2,"name":"Agua para la Paz"}]},{"@type":"WebSite","@id":"https:\/\/www.theoxygenproject.com\/es\/#website","url":"https:\/\/www.theoxygenproject.com\/es\/","name":"The Oxygen Project","description":"","publisher":{"@id":"https:\/\/www.theoxygenproject.com\/es\/#organization"},"potentialAction":[{"@type":"SearchAction","target":{"@type":"EntryPoint","urlTemplate":"https:\/\/www.theoxygenproject.com\/es\/?s={search_term_string}"},"query-input":{"@type":"PropertyValueSpecification","valueRequired":true,"valueName":"search_term_string"}}],"inLanguage":"en-US"},{"@type":"Organization","@id":"https:\/\/www.theoxygenproject.com\/es\/#organization","name":"The Oxygen Project","url":"https:\/\/www.theoxygenproject.com\/es\/","logo":{"@type":"ImageObject","inLanguage":"en-US","@id":"https:\/\/www.theoxygenproject.com\/es\/#\/schema\/logo\/image\/","url":"https:\/\/www.theoxygenproject.com\/es\/wp-content\/uploads\/2024\/05\/top-logo-dark.png","contentUrl":"https:\/\/www.theoxygenproject.com\/es\/wp-content\/uploads\/2024\/05\/top-logo-dark.png","width":384,"height":256,"caption":"The Oxygen Project"},"image":{"@id":"https:\/\/www.theoxygenproject.com\/es\/#\/schema\/logo\/image\/"},"sameAs":["https:\/\/www.facebook.com\/theoxygenproj","https:\/\/x.com\/theoxygenproj"]},{"@type":"Person","@id":"https:\/\/www.theoxygenproject.com\/es\/#\/schema\/person\/fd1d50a727859a9283fdd988aca8d8fb","name":"Pilar R\u00edos","image":{"@type":"ImageObject","inLanguage":"en-US","@id":"https:\/\/secure.gravatar.com\/avatar\/cb4cf509d6c8cf9193108e3149294241c2397964dbeb5a2a6e6b0a4a4127fc37?s=96&d=mm&r=g","url":"https:\/\/secure.gravatar.com\/avatar\/cb4cf509d6c8cf9193108e3149294241c2397964dbeb5a2a6e6b0a4a4127fc37?s=96&d=mm&r=g","contentUrl":"https:\/\/secure.gravatar.com\/avatar\/cb4cf509d6c8cf9193108e3149294241c2397964dbeb5a2a6e6b0a4a4127fc37?s=96&d=mm&r=g","caption":"Pilar R\u00edos"},"url":"https:\/\/www.theoxygenproject.com\/es\/author\/admin-2\/"}]}},"_links":{"self":[{"href":"https:\/\/www.theoxygenproject.com\/es\/wp-json\/wp\/v2\/posts\/2112","targetHints":{"allow":["GET"]}}],"collection":[{"href":"https:\/\/www.theoxygenproject.com\/es\/wp-json\/wp\/v2\/posts"}],"about":[{"href":"https:\/\/www.theoxygenproject.com\/es\/wp-json\/wp\/v2\/types\/post"}],"author":[{"embeddable":true,"href":"https:\/\/www.theoxygenproject.com\/es\/wp-json\/wp\/v2\/users\/3"}],"replies":[{"embeddable":true,"href":"https:\/\/www.theoxygenproject.com\/es\/wp-json\/wp\/v2\/comments?post=2112"}],"version-history":[{"count":4,"href":"https:\/\/www.theoxygenproject.com\/es\/wp-json\/wp\/v2\/posts\/2112\/revisions"}],"predecessor-version":[{"id":2176,"href":"https:\/\/www.theoxygenproject.com\/es\/wp-json\/wp\/v2\/posts\/2112\/revisions\/2176"}],"wp:featuredmedia":[{"embeddable":true,"href":"https:\/\/www.theoxygenproject.com\/es\/wp-json\/wp\/v2\/media\/2113"}],"wp:attachment":[{"href":"https:\/\/www.theoxygenproject.com\/es\/wp-json\/wp\/v2\/media?parent=2112"}],"wp:term":[{"taxonomy":"category","embeddable":true,"href":"https:\/\/www.theoxygenproject.com\/es\/wp-json\/wp\/v2\/categories?post=2112"},{"taxonomy":"post_tag","embeddable":true,"href":"https:\/\/www.theoxygenproject.com\/es\/wp-json\/wp\/v2\/tags?post=2112"}],"curies":[{"name":"wp","href":"https:\/\/api.w.org\/{rel}","templated":true}]}}