{"id":2088,"date":"2024-02-09T18:36:45","date_gmt":"2024-02-09T15:36:45","guid":{"rendered":"https:\/\/www.theoxygenproject.com\/es\/?p=2088"},"modified":"2025-02-21T14:47:35","modified_gmt":"2025-02-21T14:47:35","slug":"el-parlamento-europeo-responde-a-la-decision-de-noruega-de-abrir-el-artico-a-la-mineria-submarina-solicitando-una-moratoria-global-para-la-industria","status":"publish","type":"post","link":"https:\/\/www.theoxygenproject.com\/es\/el-parlamento-europeo-responde-a-la-decision-de-noruega-de-abrir-el-artico-a-la-mineria-submarina-solicitando-una-moratoria-global-para-la-industria\/","title":{"rendered":"El Parlamento Europeo #defendthedeep"},"content":{"rendered":"<p><span style=\"font-weight: 400;\">Deep Sea Conservation Coalition (DSCC), Environmental Justice Foundation (EJF), Greenpeace, Seas at Risk (SAR), Sustainable Ocean Alliance (SOA) y el Fondo Mundial para la Naturaleza (WWF) acogen con satisfacci\u00f3n la adopci\u00f3n de la Resoluci\u00f3n B9-0095\/ 2024 por el Parlamento Europeo con respecto a la decisi\u00f3n de Noruega de impulsar la miner\u00eda en aguas profundas en el \u00c1rtico. La adopci\u00f3n de esta resoluci\u00f3n se produce cuando la resistencia global a esta industria ha alcanzado su punto m\u00e1s alto.<\/span><\/p>\n<p><img loading=\"lazy\" decoding=\"async\" class=\"aligncenter size-large wp-image-2094\" src=\"https:\/\/www.theoxygenproject.com\/es\/wp-content\/uploads\/2024\/02\/02-Picture-1024x1024.jpg\" alt=\"\" width=\"1024\" height=\"1024\" srcset=\"https:\/\/www.theoxygenproject.com\/es\/wp-content\/uploads\/2024\/02\/02-Picture-1024x1024.jpg 1024w, https:\/\/www.theoxygenproject.com\/es\/wp-content\/uploads\/2024\/02\/02-Picture-300x300.jpg 300w, https:\/\/www.theoxygenproject.com\/es\/wp-content\/uploads\/2024\/02\/02-Picture-150x150.jpg 150w, https:\/\/www.theoxygenproject.com\/es\/wp-content\/uploads\/2024\/02\/02-Picture-768x768.jpg 768w, https:\/\/www.theoxygenproject.com\/es\/wp-content\/uploads\/2024\/02\/02-Picture.jpg 1251w\" sizes=\"auto, (max-width: 1024px) 100vw, 1024px\" \/><\/p>\n<p><span style=\"font-weight: 400;\">El Parlamento Europeo vot\u00f3 a favor de la Resoluci\u00f3n B9-0095\/2024, enviando una fuerte se\u00f1al y expresando preocupaciones ambientales cr\u00edticas con respecto a la decisi\u00f3n de Noruega de abrir vastas \u00e1reas en aguas \u00e1rticas para actividades mineras en aguas profundas. La resoluci\u00f3n reafirm\u00f3 el apoyo del Parlamento a una moratoria y pidi\u00f3 a la Comisi\u00f3n de la UE, a los Estados miembros y a todos los pa\u00edses que apliquen el enfoque de precauci\u00f3n y promuevan una moratoria sobre la miner\u00eda submarina, incluso en la Autoridad Internacional de los Fondos Marinos.<\/span><\/p>\n<p><img loading=\"lazy\" decoding=\"async\" class=\"aligncenter size-large wp-image-2093\" src=\"https:\/\/www.theoxygenproject.com\/es\/wp-content\/uploads\/2024\/02\/07-Feb_TOP_IG_DSM-Resolution-02-1024x1024.jpg\" alt=\"\" width=\"1024\" height=\"1024\" srcset=\"https:\/\/www.theoxygenproject.com\/es\/wp-content\/uploads\/2024\/02\/07-Feb_TOP_IG_DSM-Resolution-02-1024x1024.jpg 1024w, https:\/\/www.theoxygenproject.com\/es\/wp-content\/uploads\/2024\/02\/07-Feb_TOP_IG_DSM-Resolution-02-300x300.jpg 300w, https:\/\/www.theoxygenproject.com\/es\/wp-content\/uploads\/2024\/02\/07-Feb_TOP_IG_DSM-Resolution-02-150x150.jpg 150w, https:\/\/www.theoxygenproject.com\/es\/wp-content\/uploads\/2024\/02\/07-Feb_TOP_IG_DSM-Resolution-02-768x768.jpg 768w, https:\/\/www.theoxygenproject.com\/es\/wp-content\/uploads\/2024\/02\/07-Feb_TOP_IG_DSM-Resolution-02-1536x1536.jpg 1536w, https:\/\/www.theoxygenproject.com\/es\/wp-content\/uploads\/2024\/02\/07-Feb_TOP_IG_DSM-Resolution-02-2048x2048.jpg 2048w\" sizes=\"auto, (max-width: 1024px) 100vw, 1024px\" \/><\/p>\n<p><span style=\"font-weight: 400;\">\u201cAcogemos con gran satisfacci\u00f3n esta resoluci\u00f3n del Parlamento Europeo que reafirma su llamamiento a una moratoria sobre esta industria destructiva y riesgosa antes de que comience. A medida que crece el impulso a nivel mundial para una moratoria, pedimos a Noruega que revierta su decisi\u00f3n antes de que se infringir da\u00f1os irreversibles a nuestro oc\u00e9ano\u201d, dijo Sandrine Polti, l\u00edder para Europa del DSCC.<\/span><\/p>\n<p><span style=\"font-weight: 400;\">Anne-Sophie Roux, l\u00edder de Deep Sea Mining Europe para SOA, expres\u00f3: \u201cEn la actualidad, carecemos de conocimientos cient\u00edficos s\u00f3lidos, completos y cre\u00edbles que permitan una evaluaci\u00f3n confiable de los impactos de la extracci\u00f3n de minerales en aguas profundas. Por lo tanto, cualquier actividad minera rechazar\u00eda el compromiso de Noruega con el enfoque de precauci\u00f3n, la gesti\u00f3n sostenible y las obligaciones internacionales en materia de clima y naturaleza\u201d.<\/span><\/p>\n<p><span style=\"font-weight: 400;\">\u201cAl abrirse a la miner\u00eda submarina del \u00c1rtico, Noruega est\u00e1 ignorando a cientos de cient\u00edficos oce\u00e1nicos preocupados y est\u00e1 perdiendo toda credibilidad en el extranjero como naci\u00f3n oce\u00e1nica responsable. Esto deber\u00eda ser una advertencia para cualquier gobierno que est\u00e9 considerando seguir adelante con la miner\u00eda en las profundidades marinas\u201d, dice Haldis Tjeldflaat Helle, l\u00edder de la campa\u00f1a de miner\u00eda submarina para Greenpeace Nordic.<\/span><\/p>\n<p><span style=\"font-weight: 400;\">Savethehighseas.org\u00a0<\/span><\/p>\n","protected":false},"excerpt":{"rendered":"<p>Deep Sea Conservation Coalition (DSCC), Environmental Justice Foundation (EJF), Greenpeace, Seas at Risk (SAR), Sustainable Ocean Alliance (SOA) y el Fondo Mundial para la Naturaleza (WWF) acogen con satisfacci\u00f3n la&#8230;<\/p>\n","protected":false},"author":7,"featured_media":2089,"comment_status":"closed","ping_status":"closed","sticky":false,"template":"","format":"standard","meta":{"_mo_disable_npp":"","footnotes":""},"categories":[1],"tags":[],"class_list":["post-2088","post","type-post","status-publish","format-standard","has-post-thumbnail","hentry","category-uncategorized"],"yoast_head":"<!-- This site is optimized with the Yoast SEO plugin v28.3 - https:\/\/yoast.com\/product\/yoast-seo-wordpress\/ -->\n<title>El Parlamento Europeo #defendthedeep - The Oxygen Project<\/title>\n<meta name=\"robots\" content=\"index, follow, max-snippet:-1, max-image-preview:large, max-video-preview:-1\" \/>\n<link rel=\"canonical\" href=\"https:\/\/www.theoxygenproject.com\/es\/el-parlamento-europeo-responde-a-la-decision-de-noruega-de-abrir-el-artico-a-la-mineria-submarina-solicitando-una-moratoria-global-para-la-industria\/\" \/>\n<meta property=\"og:locale\" content=\"en_US\" \/>\n<meta property=\"og:type\" content=\"article\" \/>\n<meta property=\"og:title\" content=\"El Parlamento Europeo #defendthedeep - The Oxygen Project\" \/>\n<meta property=\"og:description\" content=\"Deep Sea Conservation Coalition (DSCC), Environmental Justice Foundation (EJF), Greenpeace, Seas at Risk (SAR), Sustainable Ocean Alliance (SOA) y el Fondo Mundial para la Naturaleza (WWF) acogen con satisfacci\u00f3n la...\" \/>\n<meta property=\"og:url\" content=\"https:\/\/www.theoxygenproject.com\/es\/el-parlamento-europeo-responde-a-la-decision-de-noruega-de-abrir-el-artico-a-la-mineria-submarina-solicitando-una-moratoria-global-para-la-industria\/\" \/>\n<meta property=\"og:site_name\" content=\"The Oxygen Project\" \/>\n<meta property=\"article:publisher\" content=\"https:\/\/www.facebook.com\/theoxygenproj\" \/>\n<meta property=\"article:published_time\" content=\"2024-02-09T15:36:45+00:00\" \/>\n<meta property=\"article:modified_time\" content=\"2025-02-21T14:47:35+00:00\" \/>\n<meta property=\"og:image\" content=\"https:\/\/www.theoxygenproject.com\/es\/wp-content\/uploads\/2024\/02\/03-Thumbnail.png\" \/>\n\t<meta property=\"og:image:width\" content=\"357\" \/>\n\t<meta property=\"og:image:height\" content=\"254\" \/>\n\t<meta property=\"og:image:type\" content=\"image\/png\" \/>\n<meta name=\"author\" content=\"Oxygen Project\" \/>\n<meta name=\"twitter:card\" content=\"summary_large_image\" \/>\n<meta name=\"twitter:creator\" content=\"@theoxygenproj\" \/>\n<meta name=\"twitter:site\" content=\"@theoxygenproj\" \/>\n<meta name=\"twitter:label1\" content=\"Written by\" \/>\n\t<meta name=\"twitter:data1\" content=\"Oxygen Project\" \/>\n\t<meta name=\"twitter:label2\" content=\"Est. reading time\" \/>\n\t<meta name=\"twitter:data2\" content=\"3 minutes\" \/>\n<script type=\"application\/ld+json\" class=\"yoast-schema-graph\">{\"@context\":\"https:\\\/\\\/schema.org\",\"@graph\":[{\"@type\":\"Article\",\"@id\":\"https:\\\/\\\/www.theoxygenproject.com\\\/es\\\/el-parlamento-europeo-responde-a-la-decision-de-noruega-de-abrir-el-artico-a-la-mineria-submarina-solicitando-una-moratoria-global-para-la-industria\\\/#article\",\"isPartOf\":{\"@id\":\"https:\\\/\\\/www.theoxygenproject.com\\\/es\\\/el-parlamento-europeo-responde-a-la-decision-de-noruega-de-abrir-el-artico-a-la-mineria-submarina-solicitando-una-moratoria-global-para-la-industria\\\/\"},\"author\":{\"name\":\"Oxygen Project\",\"@id\":\"https:\\\/\\\/www.theoxygenproject.com\\\/es\\\/#\\\/schema\\\/person\\\/e923e01badfd998e929bb96bdcf917c2\"},\"headline\":\"El Parlamento Europeo #defendthedeep\",\"datePublished\":\"2024-02-09T15:36:45+00:00\",\"dateModified\":\"2025-02-21T14:47:35+00:00\",\"mainEntityOfPage\":{\"@id\":\"https:\\\/\\\/www.theoxygenproject.com\\\/es\\\/el-parlamento-europeo-responde-a-la-decision-de-noruega-de-abrir-el-artico-a-la-mineria-submarina-solicitando-una-moratoria-global-para-la-industria\\\/\"},\"wordCount\":408,\"publisher\":{\"@id\":\"https:\\\/\\\/www.theoxygenproject.com\\\/es\\\/#organization\"},\"image\":{\"@id\":\"https:\\\/\\\/www.theoxygenproject.com\\\/es\\\/el-parlamento-europeo-responde-a-la-decision-de-noruega-de-abrir-el-artico-a-la-mineria-submarina-solicitando-una-moratoria-global-para-la-industria\\\/#primaryimage\"},\"thumbnailUrl\":\"https:\\\/\\\/www.theoxygenproject.com\\\/es\\\/wp-content\\\/uploads\\\/2024\\\/02\\\/03-Thumbnail.png\",\"inLanguage\":\"en-US\"},{\"@type\":\"WebPage\",\"@id\":\"https:\\\/\\\/www.theoxygenproject.com\\\/es\\\/el-parlamento-europeo-responde-a-la-decision-de-noruega-de-abrir-el-artico-a-la-mineria-submarina-solicitando-una-moratoria-global-para-la-industria\\\/\",\"url\":\"https:\\\/\\\/www.theoxygenproject.com\\\/es\\\/el-parlamento-europeo-responde-a-la-decision-de-noruega-de-abrir-el-artico-a-la-mineria-submarina-solicitando-una-moratoria-global-para-la-industria\\\/\",\"name\":\"El Parlamento Europeo #defendthedeep - The Oxygen Project\",\"isPartOf\":{\"@id\":\"https:\\\/\\\/www.theoxygenproject.com\\\/es\\\/#website\"},\"primaryImageOfPage\":{\"@id\":\"https:\\\/\\\/www.theoxygenproject.com\\\/es\\\/el-parlamento-europeo-responde-a-la-decision-de-noruega-de-abrir-el-artico-a-la-mineria-submarina-solicitando-una-moratoria-global-para-la-industria\\\/#primaryimage\"},\"image\":{\"@id\":\"https:\\\/\\\/www.theoxygenproject.com\\\/es\\\/el-parlamento-europeo-responde-a-la-decision-de-noruega-de-abrir-el-artico-a-la-mineria-submarina-solicitando-una-moratoria-global-para-la-industria\\\/#primaryimage\"},\"thumbnailUrl\":\"https:\\\/\\\/www.theoxygenproject.com\\\/es\\\/wp-content\\\/uploads\\\/2024\\\/02\\\/03-Thumbnail.png\",\"datePublished\":\"2024-02-09T15:36:45+00:00\",\"dateModified\":\"2025-02-21T14:47:35+00:00\",\"breadcrumb\":{\"@id\":\"https:\\\/\\\/www.theoxygenproject.com\\\/es\\\/el-parlamento-europeo-responde-a-la-decision-de-noruega-de-abrir-el-artico-a-la-mineria-submarina-solicitando-una-moratoria-global-para-la-industria\\\/#breadcrumb\"},\"inLanguage\":\"en-US\",\"potentialAction\":[{\"@type\":\"ReadAction\",\"target\":[\"https:\\\/\\\/www.theoxygenproject.com\\\/es\\\/el-parlamento-europeo-responde-a-la-decision-de-noruega-de-abrir-el-artico-a-la-mineria-submarina-solicitando-una-moratoria-global-para-la-industria\\\/\"]}]},{\"@type\":\"ImageObject\",\"inLanguage\":\"en-US\",\"@id\":\"https:\\\/\\\/www.theoxygenproject.com\\\/es\\\/el-parlamento-europeo-responde-a-la-decision-de-noruega-de-abrir-el-artico-a-la-mineria-submarina-solicitando-una-moratoria-global-para-la-industria\\\/#primaryimage\",\"url\":\"https:\\\/\\\/www.theoxygenproject.com\\\/es\\\/wp-content\\\/uploads\\\/2024\\\/02\\\/03-Thumbnail.png\",\"contentUrl\":\"https:\\\/\\\/www.theoxygenproject.com\\\/es\\\/wp-content\\\/uploads\\\/2024\\\/02\\\/03-Thumbnail.png\",\"width\":357,\"height\":254},{\"@type\":\"BreadcrumbList\",\"@id\":\"https:\\\/\\\/www.theoxygenproject.com\\\/es\\\/el-parlamento-europeo-responde-a-la-decision-de-noruega-de-abrir-el-artico-a-la-mineria-submarina-solicitando-una-moratoria-global-para-la-industria\\\/#breadcrumb\",\"itemListElement\":[{\"@type\":\"ListItem\",\"position\":1,\"name\":\"Home\",\"item\":\"https:\\\/\\\/www.theoxygenproject.com\\\/es\\\/\"},{\"@type\":\"ListItem\",\"position\":2,\"name\":\"El Parlamento Europeo #defendthedeep\"}]},{\"@type\":\"WebSite\",\"@id\":\"https:\\\/\\\/www.theoxygenproject.com\\\/es\\\/#website\",\"url\":\"https:\\\/\\\/www.theoxygenproject.com\\\/es\\\/\",\"name\":\"The Oxygen Project\",\"description\":\"\",\"publisher\":{\"@id\":\"https:\\\/\\\/www.theoxygenproject.com\\\/es\\\/#organization\"},\"potentialAction\":[{\"@type\":\"SearchAction\",\"target\":{\"@type\":\"EntryPoint\",\"urlTemplate\":\"https:\\\/\\\/www.theoxygenproject.com\\\/es\\\/?s={search_term_string}\"},\"query-input\":{\"@type\":\"PropertyValueSpecification\",\"valueRequired\":true,\"valueName\":\"search_term_string\"}}],\"inLanguage\":\"en-US\"},{\"@type\":\"Organization\",\"@id\":\"https:\\\/\\\/www.theoxygenproject.com\\\/es\\\/#organization\",\"name\":\"The Oxygen Project\",\"url\":\"https:\\\/\\\/www.theoxygenproject.com\\\/es\\\/\",\"logo\":{\"@type\":\"ImageObject\",\"inLanguage\":\"en-US\",\"@id\":\"https:\\\/\\\/www.theoxygenproject.com\\\/es\\\/#\\\/schema\\\/logo\\\/image\\\/\",\"url\":\"https:\\\/\\\/www.theoxygenproject.com\\\/es\\\/wp-content\\\/uploads\\\/2024\\\/05\\\/top-logo-dark.png\",\"contentUrl\":\"https:\\\/\\\/www.theoxygenproject.com\\\/es\\\/wp-content\\\/uploads\\\/2024\\\/05\\\/top-logo-dark.png\",\"width\":384,\"height\":256,\"caption\":\"The Oxygen Project\"},\"image\":{\"@id\":\"https:\\\/\\\/www.theoxygenproject.com\\\/es\\\/#\\\/schema\\\/logo\\\/image\\\/\"},\"sameAs\":[\"https:\\\/\\\/www.facebook.com\\\/theoxygenproj\",\"https:\\\/\\\/x.com\\\/theoxygenproj\"]},{\"@type\":\"Person\",\"@id\":\"https:\\\/\\\/www.theoxygenproject.com\\\/es\\\/#\\\/schema\\\/person\\\/e923e01badfd998e929bb96bdcf917c2\",\"name\":\"Oxygen Project\",\"image\":{\"@type\":\"ImageObject\",\"inLanguage\":\"en-US\",\"@id\":\"https:\\\/\\\/secure.gravatar.com\\\/avatar\\\/8f5626eee0ea73a2a6496a475e280e44f5188c240a6c28a72e92c3bb71e9c06d?s=96&d=mm&r=g\",\"url\":\"https:\\\/\\\/secure.gravatar.com\\\/avatar\\\/8f5626eee0ea73a2a6496a475e280e44f5188c240a6c28a72e92c3bb71e9c06d?s=96&d=mm&r=g\",\"contentUrl\":\"https:\\\/\\\/secure.gravatar.com\\\/avatar\\\/8f5626eee0ea73a2a6496a475e280e44f5188c240a6c28a72e92c3bb71e9c06d?s=96&d=mm&r=g\",\"caption\":\"Oxygen Project\"},\"url\":\"https:\\\/\\\/www.theoxygenproject.com\\\/es\\\/author\\\/the-oxygen-project-team\\\/\"}]}<\/script>\n<!-- \/ Yoast SEO plugin. -->","yoast_head_json":{"title":"El Parlamento Europeo #defendthedeep - The Oxygen Project","robots":{"index":"index","follow":"follow","max-snippet":"max-snippet:-1","max-image-preview":"max-image-preview:large","max-video-preview":"max-video-preview:-1"},"canonical":"https:\/\/www.theoxygenproject.com\/es\/el-parlamento-europeo-responde-a-la-decision-de-noruega-de-abrir-el-artico-a-la-mineria-submarina-solicitando-una-moratoria-global-para-la-industria\/","og_locale":"en_US","og_type":"article","og_title":"El Parlamento Europeo #defendthedeep - The Oxygen Project","og_description":"Deep Sea Conservation Coalition (DSCC), Environmental Justice Foundation (EJF), Greenpeace, Seas at Risk (SAR), Sustainable Ocean Alliance (SOA) y el Fondo Mundial para la Naturaleza (WWF) acogen con satisfacci\u00f3n la...","og_url":"https:\/\/www.theoxygenproject.com\/es\/el-parlamento-europeo-responde-a-la-decision-de-noruega-de-abrir-el-artico-a-la-mineria-submarina-solicitando-una-moratoria-global-para-la-industria\/","og_site_name":"The Oxygen Project","article_publisher":"https:\/\/www.facebook.com\/theoxygenproj","article_published_time":"2024-02-09T15:36:45+00:00","article_modified_time":"2025-02-21T14:47:35+00:00","og_image":[{"width":357,"height":254,"url":"https:\/\/www.theoxygenproject.com\/es\/wp-content\/uploads\/2024\/02\/03-Thumbnail.png","type":"image\/png"}],"author":"Oxygen Project","twitter_card":"summary_large_image","twitter_creator":"@theoxygenproj","twitter_site":"@theoxygenproj","twitter_misc":{"Written by":"Oxygen Project","Est. reading time":"3 minutes"},"schema":{"@context":"https:\/\/schema.org","@graph":[{"@type":"Article","@id":"https:\/\/www.theoxygenproject.com\/es\/el-parlamento-europeo-responde-a-la-decision-de-noruega-de-abrir-el-artico-a-la-mineria-submarina-solicitando-una-moratoria-global-para-la-industria\/#article","isPartOf":{"@id":"https:\/\/www.theoxygenproject.com\/es\/el-parlamento-europeo-responde-a-la-decision-de-noruega-de-abrir-el-artico-a-la-mineria-submarina-solicitando-una-moratoria-global-para-la-industria\/"},"author":{"name":"Oxygen Project","@id":"https:\/\/www.theoxygenproject.com\/es\/#\/schema\/person\/e923e01badfd998e929bb96bdcf917c2"},"headline":"El Parlamento Europeo #defendthedeep","datePublished":"2024-02-09T15:36:45+00:00","dateModified":"2025-02-21T14:47:35+00:00","mainEntityOfPage":{"@id":"https:\/\/www.theoxygenproject.com\/es\/el-parlamento-europeo-responde-a-la-decision-de-noruega-de-abrir-el-artico-a-la-mineria-submarina-solicitando-una-moratoria-global-para-la-industria\/"},"wordCount":408,"publisher":{"@id":"https:\/\/www.theoxygenproject.com\/es\/#organization"},"image":{"@id":"https:\/\/www.theoxygenproject.com\/es\/el-parlamento-europeo-responde-a-la-decision-de-noruega-de-abrir-el-artico-a-la-mineria-submarina-solicitando-una-moratoria-global-para-la-industria\/#primaryimage"},"thumbnailUrl":"https:\/\/www.theoxygenproject.com\/es\/wp-content\/uploads\/2024\/02\/03-Thumbnail.png","inLanguage":"en-US"},{"@type":"WebPage","@id":"https:\/\/www.theoxygenproject.com\/es\/el-parlamento-europeo-responde-a-la-decision-de-noruega-de-abrir-el-artico-a-la-mineria-submarina-solicitando-una-moratoria-global-para-la-industria\/","url":"https:\/\/www.theoxygenproject.com\/es\/el-parlamento-europeo-responde-a-la-decision-de-noruega-de-abrir-el-artico-a-la-mineria-submarina-solicitando-una-moratoria-global-para-la-industria\/","name":"El Parlamento Europeo #defendthedeep - The Oxygen Project","isPartOf":{"@id":"https:\/\/www.theoxygenproject.com\/es\/#website"},"primaryImageOfPage":{"@id":"https:\/\/www.theoxygenproject.com\/es\/el-parlamento-europeo-responde-a-la-decision-de-noruega-de-abrir-el-artico-a-la-mineria-submarina-solicitando-una-moratoria-global-para-la-industria\/#primaryimage"},"image":{"@id":"https:\/\/www.theoxygenproject.com\/es\/el-parlamento-europeo-responde-a-la-decision-de-noruega-de-abrir-el-artico-a-la-mineria-submarina-solicitando-una-moratoria-global-para-la-industria\/#primaryimage"},"thumbnailUrl":"https:\/\/www.theoxygenproject.com\/es\/wp-content\/uploads\/2024\/02\/03-Thumbnail.png","datePublished":"2024-02-09T15:36:45+00:00","dateModified":"2025-02-21T14:47:35+00:00","breadcrumb":{"@id":"https:\/\/www.theoxygenproject.com\/es\/el-parlamento-europeo-responde-a-la-decision-de-noruega-de-abrir-el-artico-a-la-mineria-submarina-solicitando-una-moratoria-global-para-la-industria\/#breadcrumb"},"inLanguage":"en-US","potentialAction":[{"@type":"ReadAction","target":["https:\/\/www.theoxygenproject.com\/es\/el-parlamento-europeo-responde-a-la-decision-de-noruega-de-abrir-el-artico-a-la-mineria-submarina-solicitando-una-moratoria-global-para-la-industria\/"]}]},{"@type":"ImageObject","inLanguage":"en-US","@id":"https:\/\/www.theoxygenproject.com\/es\/el-parlamento-europeo-responde-a-la-decision-de-noruega-de-abrir-el-artico-a-la-mineria-submarina-solicitando-una-moratoria-global-para-la-industria\/#primaryimage","url":"https:\/\/www.theoxygenproject.com\/es\/wp-content\/uploads\/2024\/02\/03-Thumbnail.png","contentUrl":"https:\/\/www.theoxygenproject.com\/es\/wp-content\/uploads\/2024\/02\/03-Thumbnail.png","width":357,"height":254},{"@type":"BreadcrumbList","@id":"https:\/\/www.theoxygenproject.com\/es\/el-parlamento-europeo-responde-a-la-decision-de-noruega-de-abrir-el-artico-a-la-mineria-submarina-solicitando-una-moratoria-global-para-la-industria\/#breadcrumb","itemListElement":[{"@type":"ListItem","position":1,"name":"Home","item":"https:\/\/www.theoxygenproject.com\/es\/"},{"@type":"ListItem","position":2,"name":"El Parlamento Europeo #defendthedeep"}]},{"@type":"WebSite","@id":"https:\/\/www.theoxygenproject.com\/es\/#website","url":"https:\/\/www.theoxygenproject.com\/es\/","name":"The Oxygen Project","description":"","publisher":{"@id":"https:\/\/www.theoxygenproject.com\/es\/#organization"},"potentialAction":[{"@type":"SearchAction","target":{"@type":"EntryPoint","urlTemplate":"https:\/\/www.theoxygenproject.com\/es\/?s={search_term_string}"},"query-input":{"@type":"PropertyValueSpecification","valueRequired":true,"valueName":"search_term_string"}}],"inLanguage":"en-US"},{"@type":"Organization","@id":"https:\/\/www.theoxygenproject.com\/es\/#organization","name":"The Oxygen Project","url":"https:\/\/www.theoxygenproject.com\/es\/","logo":{"@type":"ImageObject","inLanguage":"en-US","@id":"https:\/\/www.theoxygenproject.com\/es\/#\/schema\/logo\/image\/","url":"https:\/\/www.theoxygenproject.com\/es\/wp-content\/uploads\/2024\/05\/top-logo-dark.png","contentUrl":"https:\/\/www.theoxygenproject.com\/es\/wp-content\/uploads\/2024\/05\/top-logo-dark.png","width":384,"height":256,"caption":"The Oxygen Project"},"image":{"@id":"https:\/\/www.theoxygenproject.com\/es\/#\/schema\/logo\/image\/"},"sameAs":["https:\/\/www.facebook.com\/theoxygenproj","https:\/\/x.com\/theoxygenproj"]},{"@type":"Person","@id":"https:\/\/www.theoxygenproject.com\/es\/#\/schema\/person\/e923e01badfd998e929bb96bdcf917c2","name":"Oxygen Project","image":{"@type":"ImageObject","inLanguage":"en-US","@id":"https:\/\/secure.gravatar.com\/avatar\/8f5626eee0ea73a2a6496a475e280e44f5188c240a6c28a72e92c3bb71e9c06d?s=96&d=mm&r=g","url":"https:\/\/secure.gravatar.com\/avatar\/8f5626eee0ea73a2a6496a475e280e44f5188c240a6c28a72e92c3bb71e9c06d?s=96&d=mm&r=g","contentUrl":"https:\/\/secure.gravatar.com\/avatar\/8f5626eee0ea73a2a6496a475e280e44f5188c240a6c28a72e92c3bb71e9c06d?s=96&d=mm&r=g","caption":"Oxygen Project"},"url":"https:\/\/www.theoxygenproject.com\/es\/author\/the-oxygen-project-team\/"}]}},"_links":{"self":[{"href":"https:\/\/www.theoxygenproject.com\/es\/wp-json\/wp\/v2\/posts\/2088","targetHints":{"allow":["GET"]}}],"collection":[{"href":"https:\/\/www.theoxygenproject.com\/es\/wp-json\/wp\/v2\/posts"}],"about":[{"href":"https:\/\/www.theoxygenproject.com\/es\/wp-json\/wp\/v2\/types\/post"}],"author":[{"embeddable":true,"href":"https:\/\/www.theoxygenproject.com\/es\/wp-json\/wp\/v2\/users\/7"}],"replies":[{"embeddable":true,"href":"https:\/\/www.theoxygenproject.com\/es\/wp-json\/wp\/v2\/comments?post=2088"}],"version-history":[{"count":1,"href":"https:\/\/www.theoxygenproject.com\/es\/wp-json\/wp\/v2\/posts\/2088\/revisions"}],"predecessor-version":[{"id":2161,"href":"https:\/\/www.theoxygenproject.com\/es\/wp-json\/wp\/v2\/posts\/2088\/revisions\/2161"}],"wp:featuredmedia":[{"embeddable":true,"href":"https:\/\/www.theoxygenproject.com\/es\/wp-json\/wp\/v2\/media\/2089"}],"wp:attachment":[{"href":"https:\/\/www.theoxygenproject.com\/es\/wp-json\/wp\/v2\/media?parent=2088"}],"wp:term":[{"taxonomy":"category","embeddable":true,"href":"https:\/\/www.theoxygenproject.com\/es\/wp-json\/wp\/v2\/categories?post=2088"},{"taxonomy":"post_tag","embeddable":true,"href":"https:\/\/www.theoxygenproject.com\/es\/wp-json\/wp\/v2\/tags?post=2088"}],"curies":[{"name":"wp","href":"https:\/\/api.w.org\/{rel}","templated":true}]}}