{"id":2085,"date":"2023-11-22T15:02:18","date_gmt":"2023-11-22T12:02:18","guid":{"rendered":"https:\/\/www.theoxygenproject.com\/es\/?p=2085"},"modified":"2025-02-21T14:47:53","modified_gmt":"2025-02-21T14:47:53","slug":"buenas-noticias-para-el-oceano-mexico-apoya-moratoria-de-la-mineria-submarina","status":"publish","type":"post","link":"https:\/\/www.theoxygenproject.com\/es\/buenas-noticias-para-el-oceano-mexico-apoya-moratoria-de-la-mineria-submarina\/","title":{"rendered":"M\u00e9xico apoya moratoria de la miner\u00eda submarina"},"content":{"rendered":"<p>Ante la urgente necesidad de proteger el patrimonio com\u00fan de la humanidad dadas las crisis ambientales globales, M\u00e9xico ha decidido apoyar la moratoria de la explotaci\u00f3n del fondo marino &#8220;en tanto no se tenga la informaci\u00f3n cient\u00edfica suficiente&#8221; que brinde certidumbre respecto a los impactos ambientales de esta actividad, dijo este martes el Gobierno mexicano.<\/p>\n<p><img loading=\"lazy\" decoding=\"async\" class=\"aligncenter size-large wp-image-2087\" src=\"https:\/\/www.theoxygenproject.com\/es\/wp-content\/uploads\/2023\/11\/Nov_TOP_IG_DSM-Mexico-News-01-1024x1024.jpg\" alt=\"\" width=\"1024\" height=\"1024\" srcset=\"https:\/\/www.theoxygenproject.com\/es\/wp-content\/uploads\/2023\/11\/Nov_TOP_IG_DSM-Mexico-News-01-1024x1024.jpg 1024w, https:\/\/www.theoxygenproject.com\/es\/wp-content\/uploads\/2023\/11\/Nov_TOP_IG_DSM-Mexico-News-01-300x300.jpg 300w, https:\/\/www.theoxygenproject.com\/es\/wp-content\/uploads\/2023\/11\/Nov_TOP_IG_DSM-Mexico-News-01-150x150.jpg 150w, https:\/\/www.theoxygenproject.com\/es\/wp-content\/uploads\/2023\/11\/Nov_TOP_IG_DSM-Mexico-News-01-768x768.jpg 768w, https:\/\/www.theoxygenproject.com\/es\/wp-content\/uploads\/2023\/11\/Nov_TOP_IG_DSM-Mexico-News-01-1536x1536.jpg 1536w, https:\/\/www.theoxygenproject.com\/es\/wp-content\/uploads\/2023\/11\/Nov_TOP_IG_DSM-Mexico-News-01-2048x2048.jpg 2048w\" sizes=\"auto, (max-width: 1024px) 100vw, 1024px\" \/><\/p>\n<p><span style=\"font-weight: 400;\">Adem\u00e1s, se\u00f1al\u00f3 que esta informaci\u00f3n cient\u00edfica debe permitir contar con normas, reglamentos, procedimientos, est\u00e1ndares y lineamientos &#8220;que garanticen la protecci\u00f3n eficaz del medio marino contra los potenciales efectos nocivos de estas actividades&#8221;.<\/span><\/p>\n<p><span style=\"font-weight: 400;\">En un comunicado conjunto, la Secretar\u00eda de Medio Ambiente y Recursos Naturales (Semarnat) y la Secretar\u00eda de Relaciones Exteriores (SRE, Canciller\u00eda), se\u00f1alaron que M\u00e9xico defiende que, &#8220;en caso de que haya la posibilidad de que inicien actividades de explotaci\u00f3n de los fondos marinos&#8221; fuera de la jurisdicci\u00f3n nacional, &#8220;ser\u00e1 necesario establecer mecanismos de aplicaci\u00f3n, inspecci\u00f3n, vigilancia y cumplimiento adecuados, de manera previa&#8221;.<\/span><\/p>\n<p><img loading=\"lazy\" decoding=\"async\" class=\"aligncenter size-large wp-image-2086\" src=\"https:\/\/www.theoxygenproject.com\/es\/wp-content\/uploads\/2023\/11\/Nov_TOP_IG_DSM-Mexico-News-02-1024x1024.jpg\" alt=\"\" width=\"1024\" height=\"1024\" srcset=\"https:\/\/www.theoxygenproject.com\/es\/wp-content\/uploads\/2023\/11\/Nov_TOP_IG_DSM-Mexico-News-02-1024x1024.jpg 1024w, https:\/\/www.theoxygenproject.com\/es\/wp-content\/uploads\/2023\/11\/Nov_TOP_IG_DSM-Mexico-News-02-300x300.jpg 300w, https:\/\/www.theoxygenproject.com\/es\/wp-content\/uploads\/2023\/11\/Nov_TOP_IG_DSM-Mexico-News-02-150x150.jpg 150w, https:\/\/www.theoxygenproject.com\/es\/wp-content\/uploads\/2023\/11\/Nov_TOP_IG_DSM-Mexico-News-02-768x768.jpg 768w, https:\/\/www.theoxygenproject.com\/es\/wp-content\/uploads\/2023\/11\/Nov_TOP_IG_DSM-Mexico-News-02-1536x1536.jpg 1536w, https:\/\/www.theoxygenproject.com\/es\/wp-content\/uploads\/2023\/11\/Nov_TOP_IG_DSM-Mexico-News-02-2048x2048.jpg 2048w\" sizes=\"auto, (max-width: 1024px) 100vw, 1024px\" \/><\/p>\n<p><span style=\"font-weight: 400;\">Debido a lo anterior, &#8220;M\u00e9xico no patrocinar\u00e1 ni apoyar\u00e1 la concesi\u00f3n de licencias de explotaci\u00f3n en el seno del Consejo de la Autoridad de los Fondos Marinos hasta que se cuente con informaci\u00f3n cient\u00edfica suficiente que garantice la protecci\u00f3n eficaz del medio marino adem\u00e1s de un marco jur\u00eddico s\u00f3lido y completo&#8221;.<\/span><\/p>\n<p><span style=\"font-weight: 400;\">El reporte se\u00f1ala que M\u00e9xico se ha comprometido, mediante legislaci\u00f3n nacional e internacional, &#8220;a proteger y conservar el ecosistema marino dado su rol fundamental en el equilibrio ecol\u00f3gico y la vida en la tierra&#8221;.<\/span><\/p>\n<p><span style=\"font-weight: 400;\">Adem\u00e1s, apunta que existe consenso en que, bajo el estado del conocimiento cient\u00edfico actual, &#8220;no hay certeza sobre el impacto real que las actividades de explotaci\u00f3n en la zona tendr\u00edan sobre el medio marino&#8221;.<\/span><\/p>\n<p><span style=\"font-weight: 400;\">La nota apunt\u00f3 que, como miembro del Consejo de la Autoridad Internacional de los Fondos Marinos, M\u00e9xico reitera su compromiso de proteger ese ecosistema y celebra el compromiso de los miembros del Consejo que han optado por &#8220;no apoyar el inicio de la actividad extractiva hasta que exista certidumbre cient\u00edfica respecto de sus impactos potenciales&#8221;.<\/span><\/p>\n<p><span style=\"font-weight: 400;\">El pasado 8 de noviembre, el Consejo de la Autoridad Internacional de los Fondos Marinos (ISA, en ingl\u00e9s) finaliz\u00f3 en Jamaica la reuni\u00f3n sobre nuevas negociaciones para elaborar un c\u00f3digo que regule la controvertida miner\u00eda submarina.<\/span><\/p>\n<p><span style=\"font-weight: 400;\">El borrador del c\u00f3digo se espera que sea aprobado en 2025, seg\u00fan el cronograma de la ISA.<\/span><\/p>\n<p><span style=\"font-weight: 400;\">&#8220;La humanidad se encuentra en una encrucijada. La explotaci\u00f3n minera de los fondos marinos es una decisi\u00f3n que se toma una vez por generaci\u00f3n: destruir o proteger los fondos marinos, una de las \u00faltimas zonas v\u00edrgenes de nuestro planeta&#8221;, declara en un comunicado Sofia Tsenikli, l\u00edder de la campa\u00f1a global a favor de una moratoria del Deep Sea Conservation Coalition (DSCC).<\/span><\/p>\n<p><span style=\"font-weight: 400;\">M\u00e9xico viene a sumarse a la ola de resistencia donde m\u00e1s de 20 pa\u00edses, entre los que figuran Brasil, Costa Rica, Chile, Ecuador, Espa\u00f1a, Francia y ahora M\u00e9xico, defienden una moratoria, pausa cautelar o incluso la prohibici\u00f3n de la miner\u00eda submarina.<\/span><\/p>\n<p><span style=\"font-weight: 400;\">El Reino Unido fue el \u00faltimo en anunciar su apoyo a una moratoria el 30 de octubre en la apertura de la reuni\u00f3n del Consejo.<br \/>\n<\/span><span style=\"font-weight: 400;\">Fuente agencia EFE.\u00a0<\/span><\/p>\n<p>&nbsp;<\/p>\n","protected":false},"excerpt":{"rendered":"<p>Ante la urgente necesidad de proteger el patrimonio com\u00fan de la humanidad dadas las crisis ambientales globales, M\u00e9xico ha decidido apoyar la moratoria de la explotaci\u00f3n del fondo marino &#8220;en&#8230;<\/p>\n","protected":false},"author":3,"featured_media":2087,"comment_status":"closed","ping_status":"closed","sticky":false,"template":"","format":"standard","meta":{"_mo_disable_npp":"","footnotes":""},"categories":[1],"tags":[],"class_list":["post-2085","post","type-post","status-publish","format-standard","has-post-thumbnail","hentry","category-uncategorized"],"yoast_head":"<!-- This site is optimized with the Yoast SEO plugin v28.3 - https:\/\/yoast.com\/product\/yoast-seo-wordpress\/ -->\n<title>M\u00e9xico apoya moratoria de la miner\u00eda submarina - The Oxygen Project<\/title>\n<meta name=\"robots\" content=\"index, follow, max-snippet:-1, max-image-preview:large, max-video-preview:-1\" \/>\n<link rel=\"canonical\" href=\"https:\/\/www.theoxygenproject.com\/es\/buenas-noticias-para-el-oceano-mexico-apoya-moratoria-de-la-mineria-submarina\/\" \/>\n<meta property=\"og:locale\" content=\"en_US\" \/>\n<meta property=\"og:type\" content=\"article\" \/>\n<meta property=\"og:title\" content=\"M\u00e9xico apoya moratoria de la miner\u00eda submarina - The Oxygen Project\" \/>\n<meta property=\"og:description\" content=\"Ante la urgente necesidad de proteger el patrimonio com\u00fan de la humanidad dadas las crisis ambientales globales, M\u00e9xico ha decidido apoyar la moratoria de la explotaci\u00f3n del fondo marino &#8220;en...\" \/>\n<meta property=\"og:url\" content=\"https:\/\/www.theoxygenproject.com\/es\/buenas-noticias-para-el-oceano-mexico-apoya-moratoria-de-la-mineria-submarina\/\" \/>\n<meta property=\"og:site_name\" content=\"The Oxygen Project\" \/>\n<meta property=\"article:publisher\" content=\"https:\/\/www.facebook.com\/theoxygenproj\" \/>\n<meta property=\"article:published_time\" content=\"2023-11-22T12:02:18+00:00\" \/>\n<meta property=\"article:modified_time\" content=\"2025-02-21T14:47:53+00:00\" \/>\n<meta property=\"og:image\" content=\"https:\/\/www.theoxygenproject.com\/es\/wp-content\/uploads\/2023\/11\/Nov_TOP_IG_DSM-Mexico-News-01.jpg\" \/>\n\t<meta property=\"og:image:width\" content=\"2251\" \/>\n\t<meta property=\"og:image:height\" content=\"2251\" \/>\n\t<meta property=\"og:image:type\" content=\"image\/jpeg\" \/>\n<meta name=\"author\" content=\"Pilar R\u00edos\" \/>\n<meta name=\"twitter:card\" content=\"summary_large_image\" \/>\n<meta name=\"twitter:creator\" content=\"@theoxygenproj\" \/>\n<meta name=\"twitter:site\" content=\"@theoxygenproj\" \/>\n<meta name=\"twitter:label1\" content=\"Written by\" \/>\n\t<meta name=\"twitter:data1\" content=\"Pilar R\u00edos\" \/>\n\t<meta name=\"twitter:label2\" content=\"Est. reading time\" \/>\n\t<meta name=\"twitter:data2\" content=\"3 minutes\" \/>\n<script type=\"application\/ld+json\" class=\"yoast-schema-graph\">{\"@context\":\"https:\\\/\\\/schema.org\",\"@graph\":[{\"@type\":\"Article\",\"@id\":\"https:\\\/\\\/www.theoxygenproject.com\\\/es\\\/buenas-noticias-para-el-oceano-mexico-apoya-moratoria-de-la-mineria-submarina\\\/#article\",\"isPartOf\":{\"@id\":\"https:\\\/\\\/www.theoxygenproject.com\\\/es\\\/buenas-noticias-para-el-oceano-mexico-apoya-moratoria-de-la-mineria-submarina\\\/\"},\"author\":{\"name\":\"Pilar R\u00edos\",\"@id\":\"https:\\\/\\\/www.theoxygenproject.com\\\/es\\\/#\\\/schema\\\/person\\\/fd1d50a727859a9283fdd988aca8d8fb\"},\"headline\":\"M\u00e9xico apoya moratoria de la miner\u00eda submarina\",\"datePublished\":\"2023-11-22T12:02:18+00:00\",\"dateModified\":\"2025-02-21T14:47:53+00:00\",\"mainEntityOfPage\":{\"@id\":\"https:\\\/\\\/www.theoxygenproject.com\\\/es\\\/buenas-noticias-para-el-oceano-mexico-apoya-moratoria-de-la-mineria-submarina\\\/\"},\"wordCount\":571,\"publisher\":{\"@id\":\"https:\\\/\\\/www.theoxygenproject.com\\\/es\\\/#organization\"},\"image\":{\"@id\":\"https:\\\/\\\/www.theoxygenproject.com\\\/es\\\/buenas-noticias-para-el-oceano-mexico-apoya-moratoria-de-la-mineria-submarina\\\/#primaryimage\"},\"thumbnailUrl\":\"https:\\\/\\\/www.theoxygenproject.com\\\/es\\\/wp-content\\\/uploads\\\/2023\\\/11\\\/Nov_TOP_IG_DSM-Mexico-News-01.jpg\",\"inLanguage\":\"en-US\"},{\"@type\":\"WebPage\",\"@id\":\"https:\\\/\\\/www.theoxygenproject.com\\\/es\\\/buenas-noticias-para-el-oceano-mexico-apoya-moratoria-de-la-mineria-submarina\\\/\",\"url\":\"https:\\\/\\\/www.theoxygenproject.com\\\/es\\\/buenas-noticias-para-el-oceano-mexico-apoya-moratoria-de-la-mineria-submarina\\\/\",\"name\":\"M\u00e9xico apoya moratoria de la miner\u00eda submarina - The Oxygen Project\",\"isPartOf\":{\"@id\":\"https:\\\/\\\/www.theoxygenproject.com\\\/es\\\/#website\"},\"primaryImageOfPage\":{\"@id\":\"https:\\\/\\\/www.theoxygenproject.com\\\/es\\\/buenas-noticias-para-el-oceano-mexico-apoya-moratoria-de-la-mineria-submarina\\\/#primaryimage\"},\"image\":{\"@id\":\"https:\\\/\\\/www.theoxygenproject.com\\\/es\\\/buenas-noticias-para-el-oceano-mexico-apoya-moratoria-de-la-mineria-submarina\\\/#primaryimage\"},\"thumbnailUrl\":\"https:\\\/\\\/www.theoxygenproject.com\\\/es\\\/wp-content\\\/uploads\\\/2023\\\/11\\\/Nov_TOP_IG_DSM-Mexico-News-01.jpg\",\"datePublished\":\"2023-11-22T12:02:18+00:00\",\"dateModified\":\"2025-02-21T14:47:53+00:00\",\"breadcrumb\":{\"@id\":\"https:\\\/\\\/www.theoxygenproject.com\\\/es\\\/buenas-noticias-para-el-oceano-mexico-apoya-moratoria-de-la-mineria-submarina\\\/#breadcrumb\"},\"inLanguage\":\"en-US\",\"potentialAction\":[{\"@type\":\"ReadAction\",\"target\":[\"https:\\\/\\\/www.theoxygenproject.com\\\/es\\\/buenas-noticias-para-el-oceano-mexico-apoya-moratoria-de-la-mineria-submarina\\\/\"]}]},{\"@type\":\"ImageObject\",\"inLanguage\":\"en-US\",\"@id\":\"https:\\\/\\\/www.theoxygenproject.com\\\/es\\\/buenas-noticias-para-el-oceano-mexico-apoya-moratoria-de-la-mineria-submarina\\\/#primaryimage\",\"url\":\"https:\\\/\\\/www.theoxygenproject.com\\\/es\\\/wp-content\\\/uploads\\\/2023\\\/11\\\/Nov_TOP_IG_DSM-Mexico-News-01.jpg\",\"contentUrl\":\"https:\\\/\\\/www.theoxygenproject.com\\\/es\\\/wp-content\\\/uploads\\\/2023\\\/11\\\/Nov_TOP_IG_DSM-Mexico-News-01.jpg\",\"width\":2251,\"height\":2251},{\"@type\":\"BreadcrumbList\",\"@id\":\"https:\\\/\\\/www.theoxygenproject.com\\\/es\\\/buenas-noticias-para-el-oceano-mexico-apoya-moratoria-de-la-mineria-submarina\\\/#breadcrumb\",\"itemListElement\":[{\"@type\":\"ListItem\",\"position\":1,\"name\":\"Home\",\"item\":\"https:\\\/\\\/www.theoxygenproject.com\\\/es\\\/\"},{\"@type\":\"ListItem\",\"position\":2,\"name\":\"M\u00e9xico apoya moratoria de la miner\u00eda submarina\"}]},{\"@type\":\"WebSite\",\"@id\":\"https:\\\/\\\/www.theoxygenproject.com\\\/es\\\/#website\",\"url\":\"https:\\\/\\\/www.theoxygenproject.com\\\/es\\\/\",\"name\":\"The Oxygen Project\",\"description\":\"\",\"publisher\":{\"@id\":\"https:\\\/\\\/www.theoxygenproject.com\\\/es\\\/#organization\"},\"potentialAction\":[{\"@type\":\"SearchAction\",\"target\":{\"@type\":\"EntryPoint\",\"urlTemplate\":\"https:\\\/\\\/www.theoxygenproject.com\\\/es\\\/?s={search_term_string}\"},\"query-input\":{\"@type\":\"PropertyValueSpecification\",\"valueRequired\":true,\"valueName\":\"search_term_string\"}}],\"inLanguage\":\"en-US\"},{\"@type\":\"Organization\",\"@id\":\"https:\\\/\\\/www.theoxygenproject.com\\\/es\\\/#organization\",\"name\":\"The Oxygen Project\",\"url\":\"https:\\\/\\\/www.theoxygenproject.com\\\/es\\\/\",\"logo\":{\"@type\":\"ImageObject\",\"inLanguage\":\"en-US\",\"@id\":\"https:\\\/\\\/www.theoxygenproject.com\\\/es\\\/#\\\/schema\\\/logo\\\/image\\\/\",\"url\":\"https:\\\/\\\/www.theoxygenproject.com\\\/es\\\/wp-content\\\/uploads\\\/2024\\\/05\\\/top-logo-dark.png\",\"contentUrl\":\"https:\\\/\\\/www.theoxygenproject.com\\\/es\\\/wp-content\\\/uploads\\\/2024\\\/05\\\/top-logo-dark.png\",\"width\":384,\"height\":256,\"caption\":\"The Oxygen Project\"},\"image\":{\"@id\":\"https:\\\/\\\/www.theoxygenproject.com\\\/es\\\/#\\\/schema\\\/logo\\\/image\\\/\"},\"sameAs\":[\"https:\\\/\\\/www.facebook.com\\\/theoxygenproj\",\"https:\\\/\\\/x.com\\\/theoxygenproj\"]},{\"@type\":\"Person\",\"@id\":\"https:\\\/\\\/www.theoxygenproject.com\\\/es\\\/#\\\/schema\\\/person\\\/fd1d50a727859a9283fdd988aca8d8fb\",\"name\":\"Pilar R\u00edos\",\"image\":{\"@type\":\"ImageObject\",\"inLanguage\":\"en-US\",\"@id\":\"https:\\\/\\\/secure.gravatar.com\\\/avatar\\\/cb4cf509d6c8cf9193108e3149294241c2397964dbeb5a2a6e6b0a4a4127fc37?s=96&d=mm&r=g\",\"url\":\"https:\\\/\\\/secure.gravatar.com\\\/avatar\\\/cb4cf509d6c8cf9193108e3149294241c2397964dbeb5a2a6e6b0a4a4127fc37?s=96&d=mm&r=g\",\"contentUrl\":\"https:\\\/\\\/secure.gravatar.com\\\/avatar\\\/cb4cf509d6c8cf9193108e3149294241c2397964dbeb5a2a6e6b0a4a4127fc37?s=96&d=mm&r=g\",\"caption\":\"Pilar R\u00edos\"},\"url\":\"https:\\\/\\\/www.theoxygenproject.com\\\/es\\\/author\\\/admin-2\\\/\"}]}<\/script>\n<!-- \/ Yoast SEO plugin. -->","yoast_head_json":{"title":"M\u00e9xico apoya moratoria de la miner\u00eda submarina - The Oxygen Project","robots":{"index":"index","follow":"follow","max-snippet":"max-snippet:-1","max-image-preview":"max-image-preview:large","max-video-preview":"max-video-preview:-1"},"canonical":"https:\/\/www.theoxygenproject.com\/es\/buenas-noticias-para-el-oceano-mexico-apoya-moratoria-de-la-mineria-submarina\/","og_locale":"en_US","og_type":"article","og_title":"M\u00e9xico apoya moratoria de la miner\u00eda submarina - The Oxygen Project","og_description":"Ante la urgente necesidad de proteger el patrimonio com\u00fan de la humanidad dadas las crisis ambientales globales, M\u00e9xico ha decidido apoyar la moratoria de la explotaci\u00f3n del fondo marino &#8220;en...","og_url":"https:\/\/www.theoxygenproject.com\/es\/buenas-noticias-para-el-oceano-mexico-apoya-moratoria-de-la-mineria-submarina\/","og_site_name":"The Oxygen Project","article_publisher":"https:\/\/www.facebook.com\/theoxygenproj","article_published_time":"2023-11-22T12:02:18+00:00","article_modified_time":"2025-02-21T14:47:53+00:00","og_image":[{"width":2251,"height":2251,"url":"https:\/\/www.theoxygenproject.com\/es\/wp-content\/uploads\/2023\/11\/Nov_TOP_IG_DSM-Mexico-News-01.jpg","type":"image\/jpeg"}],"author":"Pilar R\u00edos","twitter_card":"summary_large_image","twitter_creator":"@theoxygenproj","twitter_site":"@theoxygenproj","twitter_misc":{"Written by":"Pilar R\u00edos","Est. reading time":"3 minutes"},"schema":{"@context":"https:\/\/schema.org","@graph":[{"@type":"Article","@id":"https:\/\/www.theoxygenproject.com\/es\/buenas-noticias-para-el-oceano-mexico-apoya-moratoria-de-la-mineria-submarina\/#article","isPartOf":{"@id":"https:\/\/www.theoxygenproject.com\/es\/buenas-noticias-para-el-oceano-mexico-apoya-moratoria-de-la-mineria-submarina\/"},"author":{"name":"Pilar R\u00edos","@id":"https:\/\/www.theoxygenproject.com\/es\/#\/schema\/person\/fd1d50a727859a9283fdd988aca8d8fb"},"headline":"M\u00e9xico apoya moratoria de la miner\u00eda submarina","datePublished":"2023-11-22T12:02:18+00:00","dateModified":"2025-02-21T14:47:53+00:00","mainEntityOfPage":{"@id":"https:\/\/www.theoxygenproject.com\/es\/buenas-noticias-para-el-oceano-mexico-apoya-moratoria-de-la-mineria-submarina\/"},"wordCount":571,"publisher":{"@id":"https:\/\/www.theoxygenproject.com\/es\/#organization"},"image":{"@id":"https:\/\/www.theoxygenproject.com\/es\/buenas-noticias-para-el-oceano-mexico-apoya-moratoria-de-la-mineria-submarina\/#primaryimage"},"thumbnailUrl":"https:\/\/www.theoxygenproject.com\/es\/wp-content\/uploads\/2023\/11\/Nov_TOP_IG_DSM-Mexico-News-01.jpg","inLanguage":"en-US"},{"@type":"WebPage","@id":"https:\/\/www.theoxygenproject.com\/es\/buenas-noticias-para-el-oceano-mexico-apoya-moratoria-de-la-mineria-submarina\/","url":"https:\/\/www.theoxygenproject.com\/es\/buenas-noticias-para-el-oceano-mexico-apoya-moratoria-de-la-mineria-submarina\/","name":"M\u00e9xico apoya moratoria de la miner\u00eda submarina - The Oxygen Project","isPartOf":{"@id":"https:\/\/www.theoxygenproject.com\/es\/#website"},"primaryImageOfPage":{"@id":"https:\/\/www.theoxygenproject.com\/es\/buenas-noticias-para-el-oceano-mexico-apoya-moratoria-de-la-mineria-submarina\/#primaryimage"},"image":{"@id":"https:\/\/www.theoxygenproject.com\/es\/buenas-noticias-para-el-oceano-mexico-apoya-moratoria-de-la-mineria-submarina\/#primaryimage"},"thumbnailUrl":"https:\/\/www.theoxygenproject.com\/es\/wp-content\/uploads\/2023\/11\/Nov_TOP_IG_DSM-Mexico-News-01.jpg","datePublished":"2023-11-22T12:02:18+00:00","dateModified":"2025-02-21T14:47:53+00:00","breadcrumb":{"@id":"https:\/\/www.theoxygenproject.com\/es\/buenas-noticias-para-el-oceano-mexico-apoya-moratoria-de-la-mineria-submarina\/#breadcrumb"},"inLanguage":"en-US","potentialAction":[{"@type":"ReadAction","target":["https:\/\/www.theoxygenproject.com\/es\/buenas-noticias-para-el-oceano-mexico-apoya-moratoria-de-la-mineria-submarina\/"]}]},{"@type":"ImageObject","inLanguage":"en-US","@id":"https:\/\/www.theoxygenproject.com\/es\/buenas-noticias-para-el-oceano-mexico-apoya-moratoria-de-la-mineria-submarina\/#primaryimage","url":"https:\/\/www.theoxygenproject.com\/es\/wp-content\/uploads\/2023\/11\/Nov_TOP_IG_DSM-Mexico-News-01.jpg","contentUrl":"https:\/\/www.theoxygenproject.com\/es\/wp-content\/uploads\/2023\/11\/Nov_TOP_IG_DSM-Mexico-News-01.jpg","width":2251,"height":2251},{"@type":"BreadcrumbList","@id":"https:\/\/www.theoxygenproject.com\/es\/buenas-noticias-para-el-oceano-mexico-apoya-moratoria-de-la-mineria-submarina\/#breadcrumb","itemListElement":[{"@type":"ListItem","position":1,"name":"Home","item":"https:\/\/www.theoxygenproject.com\/es\/"},{"@type":"ListItem","position":2,"name":"M\u00e9xico apoya moratoria de la miner\u00eda submarina"}]},{"@type":"WebSite","@id":"https:\/\/www.theoxygenproject.com\/es\/#website","url":"https:\/\/www.theoxygenproject.com\/es\/","name":"The Oxygen Project","description":"","publisher":{"@id":"https:\/\/www.theoxygenproject.com\/es\/#organization"},"potentialAction":[{"@type":"SearchAction","target":{"@type":"EntryPoint","urlTemplate":"https:\/\/www.theoxygenproject.com\/es\/?s={search_term_string}"},"query-input":{"@type":"PropertyValueSpecification","valueRequired":true,"valueName":"search_term_string"}}],"inLanguage":"en-US"},{"@type":"Organization","@id":"https:\/\/www.theoxygenproject.com\/es\/#organization","name":"The Oxygen Project","url":"https:\/\/www.theoxygenproject.com\/es\/","logo":{"@type":"ImageObject","inLanguage":"en-US","@id":"https:\/\/www.theoxygenproject.com\/es\/#\/schema\/logo\/image\/","url":"https:\/\/www.theoxygenproject.com\/es\/wp-content\/uploads\/2024\/05\/top-logo-dark.png","contentUrl":"https:\/\/www.theoxygenproject.com\/es\/wp-content\/uploads\/2024\/05\/top-logo-dark.png","width":384,"height":256,"caption":"The Oxygen Project"},"image":{"@id":"https:\/\/www.theoxygenproject.com\/es\/#\/schema\/logo\/image\/"},"sameAs":["https:\/\/www.facebook.com\/theoxygenproj","https:\/\/x.com\/theoxygenproj"]},{"@type":"Person","@id":"https:\/\/www.theoxygenproject.com\/es\/#\/schema\/person\/fd1d50a727859a9283fdd988aca8d8fb","name":"Pilar R\u00edos","image":{"@type":"ImageObject","inLanguage":"en-US","@id":"https:\/\/secure.gravatar.com\/avatar\/cb4cf509d6c8cf9193108e3149294241c2397964dbeb5a2a6e6b0a4a4127fc37?s=96&d=mm&r=g","url":"https:\/\/secure.gravatar.com\/avatar\/cb4cf509d6c8cf9193108e3149294241c2397964dbeb5a2a6e6b0a4a4127fc37?s=96&d=mm&r=g","contentUrl":"https:\/\/secure.gravatar.com\/avatar\/cb4cf509d6c8cf9193108e3149294241c2397964dbeb5a2a6e6b0a4a4127fc37?s=96&d=mm&r=g","caption":"Pilar R\u00edos"},"url":"https:\/\/www.theoxygenproject.com\/es\/author\/admin-2\/"}]}},"_links":{"self":[{"href":"https:\/\/www.theoxygenproject.com\/es\/wp-json\/wp\/v2\/posts\/2085","targetHints":{"allow":["GET"]}}],"collection":[{"href":"https:\/\/www.theoxygenproject.com\/es\/wp-json\/wp\/v2\/posts"}],"about":[{"href":"https:\/\/www.theoxygenproject.com\/es\/wp-json\/wp\/v2\/types\/post"}],"author":[{"embeddable":true,"href":"https:\/\/www.theoxygenproject.com\/es\/wp-json\/wp\/v2\/users\/3"}],"replies":[{"embeddable":true,"href":"https:\/\/www.theoxygenproject.com\/es\/wp-json\/wp\/v2\/comments?post=2085"}],"version-history":[{"count":1,"href":"https:\/\/www.theoxygenproject.com\/es\/wp-json\/wp\/v2\/posts\/2085\/revisions"}],"predecessor-version":[{"id":2162,"href":"https:\/\/www.theoxygenproject.com\/es\/wp-json\/wp\/v2\/posts\/2085\/revisions\/2162"}],"wp:featuredmedia":[{"embeddable":true,"href":"https:\/\/www.theoxygenproject.com\/es\/wp-json\/wp\/v2\/media\/2087"}],"wp:attachment":[{"href":"https:\/\/www.theoxygenproject.com\/es\/wp-json\/wp\/v2\/media?parent=2085"}],"wp:term":[{"taxonomy":"category","embeddable":true,"href":"https:\/\/www.theoxygenproject.com\/es\/wp-json\/wp\/v2\/categories?post=2085"},{"taxonomy":"post_tag","embeddable":true,"href":"https:\/\/www.theoxygenproject.com\/es\/wp-json\/wp\/v2\/tags?post=2085"}],"curies":[{"name":"wp","href":"https:\/\/api.w.org\/{rel}","templated":true}]}}