{"id":2077,"date":"2023-11-16T02:12:59","date_gmt":"2023-11-15T23:12:59","guid":{"rendered":"https:\/\/www.theoxygenproject.com\/es\/?p=2077"},"modified":"2025-02-28T22:21:11","modified_gmt":"2025-02-28T22:21:11","slug":"la-temporada-de-caza-de-ballena-en-islandia-comenzo-y-entramos-en-estadodeemergencia","status":"publish","type":"post","link":"https:\/\/www.theoxygenproject.com\/es\/la-temporada-de-caza-de-ballena-en-islandia-comenzo-y-entramos-en-estadodeemergencia\/","title":{"rendered":"Temporada de caza de ballenas en Islandia #EstadodeEmergencia"},"content":{"rendered":"<p><span style=\"font-weight: 400;\">Islandia es uno de los pocos pa\u00edses junto con <\/span><b>Jap\u00f3n y Noruega que captura de manera comercial al cet\u00e1ceo<\/b><span style=\"font-weight: 400;\">. El gobierno suspendi\u00f3 esta pr\u00e1ctica en junio durante dos meses, pero a finales de agosto volvi\u00f3 a autorizarla a partir del 1 de septiembre, una decisi\u00f3n muy criticada por los grupos de defensa de los derechos de los animales.<\/span><\/p>\n<p><span style=\"font-weight: 400;\">Para justificar su nueva autorizaci\u00f3n, el ministerio de Agricultura y Pesca consider\u00f3 en un comunicado que existe una base para &#8220;cambiar los m\u00e9todos de caza, que propicie menos irregularidades y, por tanto, una mejora desde el punto de vista del bienestar animal&#8221;. La realidad es que el gobierno de Islandia ignora a sus ciudadanos.<\/span><\/p>\n<p><span style=\"font-weight: 400;\">El rorcual com\u00fan, tambi\u00e9n conocido como ballena de aleta, es considerada una especie en peligro de extinci\u00f3n y, de hecho, cerca de la mitad de la poblaci\u00f3n exige la eliminaci\u00f3n de esta nueva regulaci\u00f3n, mientras que un tercio quiere que esta contin\u00fae.<\/span><\/p>\n<p><b>La caza de ballenas tiene cara de empresario<\/b><\/p>\n<p><span style=\"font-weight: 400;\">El empresario que caza ballenas se llama Kristjan Loftsson, a Loftsson le gusta decir que hay sangre de ballena corriendo por sus venas. \u00c9l y su hermana son los accionistas mayoritarios de la empresa Hvalur, el negocio ballenero que alguna vez dirigi\u00f3 su padre (<\/span><i><span style=\"font-weight: 400;\">hvalur<\/span><\/i><span style=\"font-weight: 400;\">, que se pronuncia [kava-lur] es la palabra que designa a las ballenas en island\u00e9s).<\/span><\/p>\n<p><a href=\"https:\/\/www.instagram.com\/p\/CzeoQtNR2HO\/?utm_source=ig_web_copy_link&amp;igshid=MzRlODBiNWFlZA%3D%3D\"><img loading=\"lazy\" decoding=\"async\" class=\"aligncenter wp-image-2078 size-full\" src=\"https:\/\/www.theoxygenproject.com\/es\/wp-content\/uploads\/2023\/11\/TOP_Ballenas-Carrusel-Whale-Hunter_ES-02-scaled-1.jpg\" alt=\"\" width=\"2049\" height=\"2560\" srcset=\"https:\/\/www.theoxygenproject.com\/es\/wp-content\/uploads\/2023\/11\/TOP_Ballenas-Carrusel-Whale-Hunter_ES-02-scaled-1.jpg 2049w, https:\/\/www.theoxygenproject.com\/es\/wp-content\/uploads\/2023\/11\/TOP_Ballenas-Carrusel-Whale-Hunter_ES-02-scaled-1-240x300.jpg 240w, https:\/\/www.theoxygenproject.com\/es\/wp-content\/uploads\/2023\/11\/TOP_Ballenas-Carrusel-Whale-Hunter_ES-02-scaled-1-820x1024.jpg 820w, https:\/\/www.theoxygenproject.com\/es\/wp-content\/uploads\/2023\/11\/TOP_Ballenas-Carrusel-Whale-Hunter_ES-02-scaled-1-768x960.jpg 768w, https:\/\/www.theoxygenproject.com\/es\/wp-content\/uploads\/2023\/11\/TOP_Ballenas-Carrusel-Whale-Hunter_ES-02-scaled-1-1229x1536.jpg 1229w, https:\/\/www.theoxygenproject.com\/es\/wp-content\/uploads\/2023\/11\/TOP_Ballenas-Carrusel-Whale-Hunter_ES-02-scaled-1-1639x2048.jpg 1639w\" sizes=\"auto, (max-width: 2049px) 100vw, 2049px\" \/><\/a><\/p>\n<p><span style=\"font-weight: 400;\">Loftsson, de 75 a\u00f1os, es el \u00faltimo cazador comercial de ballenas de aleta en el mundo. Ha sido denunciado por grupos ambientalistas y sus barcos han sido hundidos por activistas radicales, pero su negocio es legal debido a que Islandia no reconoce el veto internacional sobre la caza comercial de ballenas. Loftsson y su hermana son los accionistas principales de Hvalur, el negocio de caza de ballenas que alguna vez fue operado por su padre. (Hvalur significa ballena en island\u00e9s).<\/span><\/p>\n<p><span style=\"font-weight: 400;\">Hoy, Islandia y Noruega son los \u00fanicos pa\u00edses que permiten la caza comercial de ballenas. Los cazadores japoneses operan bajo un permiso de investigaci\u00f3n emitido por su propio gobierno. Para Loftsson y quienes lo apoyan, la caza de ballenas no difiere mucho de la agricultura o la pesca. \u201cSi es sustentable, cazas\u201d, dijo.<\/span><\/p>\n<p><b>El sufrimiento de la ballena<\/b><\/p>\n<p><span style=\"font-weight: 400;\">Esta matanza indiscriminada provoca un dolor indescriptible a las ballenas, los barcos cazan con arpones de cabeza explosiva. La descarga se programa para estallar dentro del cuerpo del animal. Algunas veces, se necesita un segundo disparo.\u00a0 Luego amarran a las ballenas heridas y tapan sus orificios hasta que se ahogan. Aunque se dice que se hacen las muertas contin\u00faan vivas experimentando un intenso dolor.\u00a0<\/span><\/p>\n<p><a href=\"https:\/\/www.instagram.com\/reel\/Czq8QZFud-d\/?utm_source=ig_web_copy_link&amp;igshid=MzRlODBiNWFlZA==\"><img loading=\"lazy\" decoding=\"async\" class=\"aligncenter size-large wp-image-2079\" src=\"https:\/\/www.theoxygenproject.com\/es\/wp-content\/uploads\/2023\/11\/TOP_Ballenas-Mailing-06-1024x1024.jpg\" alt=\"\" width=\"1024\" height=\"1024\" srcset=\"https:\/\/www.theoxygenproject.com\/es\/wp-content\/uploads\/2023\/11\/TOP_Ballenas-Mailing-06-1024x1024.jpg 1024w, https:\/\/www.theoxygenproject.com\/es\/wp-content\/uploads\/2023\/11\/TOP_Ballenas-Mailing-06-300x300.jpg 300w, https:\/\/www.theoxygenproject.com\/es\/wp-content\/uploads\/2023\/11\/TOP_Ballenas-Mailing-06-150x150.jpg 150w, https:\/\/www.theoxygenproject.com\/es\/wp-content\/uploads\/2023\/11\/TOP_Ballenas-Mailing-06-768x768.jpg 768w, https:\/\/www.theoxygenproject.com\/es\/wp-content\/uploads\/2023\/11\/TOP_Ballenas-Mailing-06.jpg 1251w\" sizes=\"auto, (max-width: 1024px) 100vw, 1024px\" \/><\/a><\/p>\n<p><span style=\"font-weight: 400;\">La ballena muerta es llevada a la \u00fanica estaci\u00f3n de caza de ballenas de Islandia, en un fiordo al norte de Reikiavik, donde es rebanada para obtener carne. La mayor\u00eda se destina a Jap\u00f3n.<\/span><\/p>\n<p><span style=\"font-weight: 400;\">Si quieres colaborar te invitamos a realizar dos acciones que puedes encontrar aqu\u00ed \ud83d\udc47\ud83c\udffd<\/span><\/p>\n<p><a href=\"https:\/\/ctt.ac\/26Mwa\"><img loading=\"lazy\" decoding=\"async\" class=\"aligncenter size-full wp-image-2081\" src=\"https:\/\/www.theoxygenproject.com\/es\/wp-content\/uploads\/2023\/11\/TOP_Ballenas-Mailing-b2.png\" alt=\"\" width=\"500\" height=\"100\" srcset=\"https:\/\/www.theoxygenproject.com\/es\/wp-content\/uploads\/2023\/11\/TOP_Ballenas-Mailing-b2.png 500w, https:\/\/www.theoxygenproject.com\/es\/wp-content\/uploads\/2023\/11\/TOP_Ballenas-Mailing-b2-300x60.png 300w\" sizes=\"auto, (max-width: 500px) 100vw, 500px\" \/><\/a><\/p>\n<p><a href=\"https:\/\/l.linklyhq.com\/l\/1ug7Q\"><img loading=\"lazy\" decoding=\"async\" class=\"aligncenter size-full wp-image-2082\" src=\"https:\/\/www.theoxygenproject.com\/es\/wp-content\/uploads\/2023\/11\/TOP_Ballenas-Mailing-b1.png\" alt=\"\" width=\"500\" height=\"100\" srcset=\"https:\/\/www.theoxygenproject.com\/es\/wp-content\/uploads\/2023\/11\/TOP_Ballenas-Mailing-b1.png 500w, https:\/\/www.theoxygenproject.com\/es\/wp-content\/uploads\/2023\/11\/TOP_Ballenas-Mailing-b1-300x60.png 300w\" sizes=\"auto, (max-width: 500px) 100vw, 500px\" \/><\/a><a href=\"https:\/\/docs.google.com\/document\/d\/1ENzh68Clg2Owl5JjNEI4zTYS-GBIBmpNX3rsERSgIcY\/edit\"><img loading=\"lazy\" decoding=\"async\" class=\"aligncenter size-full wp-image-2080\" src=\"https:\/\/www.theoxygenproject.com\/es\/wp-content\/uploads\/2023\/11\/TOP_Ballenas-Mailing-b3.png\" alt=\"\" width=\"500\" height=\"100\" srcset=\"https:\/\/www.theoxygenproject.com\/es\/wp-content\/uploads\/2023\/11\/TOP_Ballenas-Mailing-b3.png 500w, https:\/\/www.theoxygenproject.com\/es\/wp-content\/uploads\/2023\/11\/TOP_Ballenas-Mailing-b3-300x60.png 300w\" sizes=\"auto, (max-width: 500px) 100vw, 500px\" \/><\/a><\/p>\n<p>&nbsp;<\/p>\n<p>&nbsp;<\/p>\n","protected":false},"excerpt":{"rendered":"<p>Islandia es uno de los pocos pa\u00edses junto con Jap\u00f3n y Noruega que captura de manera comercial al cet\u00e1ceo. El gobierno suspendi\u00f3 esta pr\u00e1ctica en junio durante dos meses, pero&#8230;<\/p>\n","protected":false},"author":3,"featured_media":2084,"comment_status":"closed","ping_status":"closed","sticky":false,"template":"","format":"standard","meta":{"_mo_disable_npp":"","footnotes":""},"categories":[1],"tags":[],"class_list":["post-2077","post","type-post","status-publish","format-standard","has-post-thumbnail","hentry","category-uncategorized"],"yoast_head":"<!-- This site is optimized with the Yoast SEO plugin v28.3 - https:\/\/yoast.com\/product\/yoast-seo-wordpress\/ -->\n<title>Temporada de caza de ballenas en Islandia #EstadodeEmergencia - The Oxygen Project<\/title>\n<meta name=\"robots\" content=\"index, follow, max-snippet:-1, max-image-preview:large, max-video-preview:-1\" \/>\n<link rel=\"canonical\" href=\"https:\/\/www.theoxygenproject.com\/es\/la-temporada-de-caza-de-ballena-en-islandia-comenzo-y-entramos-en-estadodeemergencia\/\" \/>\n<meta property=\"og:locale\" content=\"en_US\" \/>\n<meta property=\"og:type\" content=\"article\" \/>\n<meta property=\"og:title\" content=\"Temporada de caza de ballenas en Islandia #EstadodeEmergencia - The Oxygen Project\" \/>\n<meta property=\"og:description\" content=\"Islandia es uno de los pocos pa\u00edses junto con Jap\u00f3n y Noruega que captura de manera comercial al cet\u00e1ceo. El gobierno suspendi\u00f3 esta pr\u00e1ctica en junio durante dos meses, pero...\" \/>\n<meta property=\"og:url\" content=\"https:\/\/www.theoxygenproject.com\/es\/la-temporada-de-caza-de-ballena-en-islandia-comenzo-y-entramos-en-estadodeemergencia\/\" \/>\n<meta property=\"og:site_name\" content=\"The Oxygen Project\" \/>\n<meta property=\"article:publisher\" content=\"https:\/\/www.facebook.com\/theoxygenproj\" \/>\n<meta property=\"article:published_time\" content=\"2023-11-15T23:12:59+00:00\" \/>\n<meta property=\"article:modified_time\" content=\"2025-02-28T22:21:11+00:00\" \/>\n<meta property=\"og:image\" content=\"https:\/\/www.theoxygenproject.com\/es\/wp-content\/uploads\/2023\/11\/Black-Minimalist-Linktree-Background-2-1024x683.png\" \/>\n\t<meta property=\"og:image:width\" content=\"1024\" \/>\n\t<meta property=\"og:image:height\" content=\"683\" \/>\n\t<meta property=\"og:image:type\" content=\"image\/png\" \/>\n<meta name=\"author\" content=\"Pilar R\u00edos\" \/>\n<meta name=\"twitter:card\" content=\"summary_large_image\" \/>\n<meta name=\"twitter:creator\" content=\"@theoxygenproj\" \/>\n<meta name=\"twitter:site\" content=\"@theoxygenproj\" \/>\n<meta name=\"twitter:label1\" content=\"Written by\" \/>\n\t<meta name=\"twitter:data1\" content=\"Pilar R\u00edos\" \/>\n\t<meta name=\"twitter:label2\" content=\"Est. reading time\" \/>\n\t<meta name=\"twitter:data2\" content=\"4 minutes\" \/>\n<script type=\"application\/ld+json\" class=\"yoast-schema-graph\">{\"@context\":\"https:\\\/\\\/schema.org\",\"@graph\":[{\"@type\":\"Article\",\"@id\":\"https:\\\/\\\/www.theoxygenproject.com\\\/es\\\/la-temporada-de-caza-de-ballena-en-islandia-comenzo-y-entramos-en-estadodeemergencia\\\/#article\",\"isPartOf\":{\"@id\":\"https:\\\/\\\/www.theoxygenproject.com\\\/es\\\/la-temporada-de-caza-de-ballena-en-islandia-comenzo-y-entramos-en-estadodeemergencia\\\/\"},\"author\":{\"name\":\"Pilar R\u00edos\",\"@id\":\"https:\\\/\\\/www.theoxygenproject.com\\\/es\\\/#\\\/schema\\\/person\\\/fd1d50a727859a9283fdd988aca8d8fb\"},\"headline\":\"Temporada de caza de ballenas en Islandia #EstadodeEmergencia\",\"datePublished\":\"2023-11-15T23:12:59+00:00\",\"dateModified\":\"2025-02-28T22:21:11+00:00\",\"mainEntityOfPage\":{\"@id\":\"https:\\\/\\\/www.theoxygenproject.com\\\/es\\\/la-temporada-de-caza-de-ballena-en-islandia-comenzo-y-entramos-en-estadodeemergencia\\\/\"},\"wordCount\":501,\"publisher\":{\"@id\":\"https:\\\/\\\/www.theoxygenproject.com\\\/es\\\/#organization\"},\"image\":{\"@id\":\"https:\\\/\\\/www.theoxygenproject.com\\\/es\\\/la-temporada-de-caza-de-ballena-en-islandia-comenzo-y-entramos-en-estadodeemergencia\\\/#primaryimage\"},\"thumbnailUrl\":\"https:\\\/\\\/www.theoxygenproject.com\\\/es\\\/wp-content\\\/uploads\\\/2023\\\/11\\\/Black-Minimalist-Linktree-Background-2.png\",\"inLanguage\":\"en-US\"},{\"@type\":\"WebPage\",\"@id\":\"https:\\\/\\\/www.theoxygenproject.com\\\/es\\\/la-temporada-de-caza-de-ballena-en-islandia-comenzo-y-entramos-en-estadodeemergencia\\\/\",\"url\":\"https:\\\/\\\/www.theoxygenproject.com\\\/es\\\/la-temporada-de-caza-de-ballena-en-islandia-comenzo-y-entramos-en-estadodeemergencia\\\/\",\"name\":\"Temporada de caza de ballenas en Islandia #EstadodeEmergencia - The Oxygen Project\",\"isPartOf\":{\"@id\":\"https:\\\/\\\/www.theoxygenproject.com\\\/es\\\/#website\"},\"primaryImageOfPage\":{\"@id\":\"https:\\\/\\\/www.theoxygenproject.com\\\/es\\\/la-temporada-de-caza-de-ballena-en-islandia-comenzo-y-entramos-en-estadodeemergencia\\\/#primaryimage\"},\"image\":{\"@id\":\"https:\\\/\\\/www.theoxygenproject.com\\\/es\\\/la-temporada-de-caza-de-ballena-en-islandia-comenzo-y-entramos-en-estadodeemergencia\\\/#primaryimage\"},\"thumbnailUrl\":\"https:\\\/\\\/www.theoxygenproject.com\\\/es\\\/wp-content\\\/uploads\\\/2023\\\/11\\\/Black-Minimalist-Linktree-Background-2.png\",\"datePublished\":\"2023-11-15T23:12:59+00:00\",\"dateModified\":\"2025-02-28T22:21:11+00:00\",\"breadcrumb\":{\"@id\":\"https:\\\/\\\/www.theoxygenproject.com\\\/es\\\/la-temporada-de-caza-de-ballena-en-islandia-comenzo-y-entramos-en-estadodeemergencia\\\/#breadcrumb\"},\"inLanguage\":\"en-US\",\"potentialAction\":[{\"@type\":\"ReadAction\",\"target\":[\"https:\\\/\\\/www.theoxygenproject.com\\\/es\\\/la-temporada-de-caza-de-ballena-en-islandia-comenzo-y-entramos-en-estadodeemergencia\\\/\"]}]},{\"@type\":\"ImageObject\",\"inLanguage\":\"en-US\",\"@id\":\"https:\\\/\\\/www.theoxygenproject.com\\\/es\\\/la-temporada-de-caza-de-ballena-en-islandia-comenzo-y-entramos-en-estadodeemergencia\\\/#primaryimage\",\"url\":\"https:\\\/\\\/www.theoxygenproject.com\\\/es\\\/wp-content\\\/uploads\\\/2023\\\/11\\\/Black-Minimalist-Linktree-Background-2.png\",\"contentUrl\":\"https:\\\/\\\/www.theoxygenproject.com\\\/es\\\/wp-content\\\/uploads\\\/2023\\\/11\\\/Black-Minimalist-Linktree-Background-2.png\",\"width\":1920,\"height\":1280},{\"@type\":\"BreadcrumbList\",\"@id\":\"https:\\\/\\\/www.theoxygenproject.com\\\/es\\\/la-temporada-de-caza-de-ballena-en-islandia-comenzo-y-entramos-en-estadodeemergencia\\\/#breadcrumb\",\"itemListElement\":[{\"@type\":\"ListItem\",\"position\":1,\"name\":\"Home\",\"item\":\"https:\\\/\\\/www.theoxygenproject.com\\\/es\\\/\"},{\"@type\":\"ListItem\",\"position\":2,\"name\":\"Temporada de caza de ballenas en Islandia #EstadodeEmergencia\"}]},{\"@type\":\"WebSite\",\"@id\":\"https:\\\/\\\/www.theoxygenproject.com\\\/es\\\/#website\",\"url\":\"https:\\\/\\\/www.theoxygenproject.com\\\/es\\\/\",\"name\":\"The Oxygen Project\",\"description\":\"\",\"publisher\":{\"@id\":\"https:\\\/\\\/www.theoxygenproject.com\\\/es\\\/#organization\"},\"potentialAction\":[{\"@type\":\"SearchAction\",\"target\":{\"@type\":\"EntryPoint\",\"urlTemplate\":\"https:\\\/\\\/www.theoxygenproject.com\\\/es\\\/?s={search_term_string}\"},\"query-input\":{\"@type\":\"PropertyValueSpecification\",\"valueRequired\":true,\"valueName\":\"search_term_string\"}}],\"inLanguage\":\"en-US\"},{\"@type\":\"Organization\",\"@id\":\"https:\\\/\\\/www.theoxygenproject.com\\\/es\\\/#organization\",\"name\":\"The Oxygen Project\",\"url\":\"https:\\\/\\\/www.theoxygenproject.com\\\/es\\\/\",\"logo\":{\"@type\":\"ImageObject\",\"inLanguage\":\"en-US\",\"@id\":\"https:\\\/\\\/www.theoxygenproject.com\\\/es\\\/#\\\/schema\\\/logo\\\/image\\\/\",\"url\":\"https:\\\/\\\/www.theoxygenproject.com\\\/es\\\/wp-content\\\/uploads\\\/2024\\\/05\\\/top-logo-dark.png\",\"contentUrl\":\"https:\\\/\\\/www.theoxygenproject.com\\\/es\\\/wp-content\\\/uploads\\\/2024\\\/05\\\/top-logo-dark.png\",\"width\":384,\"height\":256,\"caption\":\"The Oxygen Project\"},\"image\":{\"@id\":\"https:\\\/\\\/www.theoxygenproject.com\\\/es\\\/#\\\/schema\\\/logo\\\/image\\\/\"},\"sameAs\":[\"https:\\\/\\\/www.facebook.com\\\/theoxygenproj\",\"https:\\\/\\\/x.com\\\/theoxygenproj\"]},{\"@type\":\"Person\",\"@id\":\"https:\\\/\\\/www.theoxygenproject.com\\\/es\\\/#\\\/schema\\\/person\\\/fd1d50a727859a9283fdd988aca8d8fb\",\"name\":\"Pilar R\u00edos\",\"image\":{\"@type\":\"ImageObject\",\"inLanguage\":\"en-US\",\"@id\":\"https:\\\/\\\/secure.gravatar.com\\\/avatar\\\/cb4cf509d6c8cf9193108e3149294241c2397964dbeb5a2a6e6b0a4a4127fc37?s=96&d=mm&r=g\",\"url\":\"https:\\\/\\\/secure.gravatar.com\\\/avatar\\\/cb4cf509d6c8cf9193108e3149294241c2397964dbeb5a2a6e6b0a4a4127fc37?s=96&d=mm&r=g\",\"contentUrl\":\"https:\\\/\\\/secure.gravatar.com\\\/avatar\\\/cb4cf509d6c8cf9193108e3149294241c2397964dbeb5a2a6e6b0a4a4127fc37?s=96&d=mm&r=g\",\"caption\":\"Pilar R\u00edos\"},\"url\":\"https:\\\/\\\/www.theoxygenproject.com\\\/es\\\/author\\\/admin-2\\\/\"}]}<\/script>\n<!-- \/ Yoast SEO plugin. -->","yoast_head_json":{"title":"Temporada de caza de ballenas en Islandia #EstadodeEmergencia - The Oxygen Project","robots":{"index":"index","follow":"follow","max-snippet":"max-snippet:-1","max-image-preview":"max-image-preview:large","max-video-preview":"max-video-preview:-1"},"canonical":"https:\/\/www.theoxygenproject.com\/es\/la-temporada-de-caza-de-ballena-en-islandia-comenzo-y-entramos-en-estadodeemergencia\/","og_locale":"en_US","og_type":"article","og_title":"Temporada de caza de ballenas en Islandia #EstadodeEmergencia - The Oxygen Project","og_description":"Islandia es uno de los pocos pa\u00edses junto con Jap\u00f3n y Noruega que captura de manera comercial al cet\u00e1ceo. El gobierno suspendi\u00f3 esta pr\u00e1ctica en junio durante dos meses, pero...","og_url":"https:\/\/www.theoxygenproject.com\/es\/la-temporada-de-caza-de-ballena-en-islandia-comenzo-y-entramos-en-estadodeemergencia\/","og_site_name":"The Oxygen Project","article_publisher":"https:\/\/www.facebook.com\/theoxygenproj","article_published_time":"2023-11-15T23:12:59+00:00","article_modified_time":"2025-02-28T22:21:11+00:00","og_image":[{"width":1024,"height":683,"url":"https:\/\/www.theoxygenproject.com\/es\/wp-content\/uploads\/2023\/11\/Black-Minimalist-Linktree-Background-2-1024x683.png","type":"image\/png"}],"author":"Pilar R\u00edos","twitter_card":"summary_large_image","twitter_creator":"@theoxygenproj","twitter_site":"@theoxygenproj","twitter_misc":{"Written by":"Pilar R\u00edos","Est. reading time":"4 minutes"},"schema":{"@context":"https:\/\/schema.org","@graph":[{"@type":"Article","@id":"https:\/\/www.theoxygenproject.com\/es\/la-temporada-de-caza-de-ballena-en-islandia-comenzo-y-entramos-en-estadodeemergencia\/#article","isPartOf":{"@id":"https:\/\/www.theoxygenproject.com\/es\/la-temporada-de-caza-de-ballena-en-islandia-comenzo-y-entramos-en-estadodeemergencia\/"},"author":{"name":"Pilar R\u00edos","@id":"https:\/\/www.theoxygenproject.com\/es\/#\/schema\/person\/fd1d50a727859a9283fdd988aca8d8fb"},"headline":"Temporada de caza de ballenas en Islandia #EstadodeEmergencia","datePublished":"2023-11-15T23:12:59+00:00","dateModified":"2025-02-28T22:21:11+00:00","mainEntityOfPage":{"@id":"https:\/\/www.theoxygenproject.com\/es\/la-temporada-de-caza-de-ballena-en-islandia-comenzo-y-entramos-en-estadodeemergencia\/"},"wordCount":501,"publisher":{"@id":"https:\/\/www.theoxygenproject.com\/es\/#organization"},"image":{"@id":"https:\/\/www.theoxygenproject.com\/es\/la-temporada-de-caza-de-ballena-en-islandia-comenzo-y-entramos-en-estadodeemergencia\/#primaryimage"},"thumbnailUrl":"https:\/\/www.theoxygenproject.com\/es\/wp-content\/uploads\/2023\/11\/Black-Minimalist-Linktree-Background-2.png","inLanguage":"en-US"},{"@type":"WebPage","@id":"https:\/\/www.theoxygenproject.com\/es\/la-temporada-de-caza-de-ballena-en-islandia-comenzo-y-entramos-en-estadodeemergencia\/","url":"https:\/\/www.theoxygenproject.com\/es\/la-temporada-de-caza-de-ballena-en-islandia-comenzo-y-entramos-en-estadodeemergencia\/","name":"Temporada de caza de ballenas en Islandia #EstadodeEmergencia - The Oxygen Project","isPartOf":{"@id":"https:\/\/www.theoxygenproject.com\/es\/#website"},"primaryImageOfPage":{"@id":"https:\/\/www.theoxygenproject.com\/es\/la-temporada-de-caza-de-ballena-en-islandia-comenzo-y-entramos-en-estadodeemergencia\/#primaryimage"},"image":{"@id":"https:\/\/www.theoxygenproject.com\/es\/la-temporada-de-caza-de-ballena-en-islandia-comenzo-y-entramos-en-estadodeemergencia\/#primaryimage"},"thumbnailUrl":"https:\/\/www.theoxygenproject.com\/es\/wp-content\/uploads\/2023\/11\/Black-Minimalist-Linktree-Background-2.png","datePublished":"2023-11-15T23:12:59+00:00","dateModified":"2025-02-28T22:21:11+00:00","breadcrumb":{"@id":"https:\/\/www.theoxygenproject.com\/es\/la-temporada-de-caza-de-ballena-en-islandia-comenzo-y-entramos-en-estadodeemergencia\/#breadcrumb"},"inLanguage":"en-US","potentialAction":[{"@type":"ReadAction","target":["https:\/\/www.theoxygenproject.com\/es\/la-temporada-de-caza-de-ballena-en-islandia-comenzo-y-entramos-en-estadodeemergencia\/"]}]},{"@type":"ImageObject","inLanguage":"en-US","@id":"https:\/\/www.theoxygenproject.com\/es\/la-temporada-de-caza-de-ballena-en-islandia-comenzo-y-entramos-en-estadodeemergencia\/#primaryimage","url":"https:\/\/www.theoxygenproject.com\/es\/wp-content\/uploads\/2023\/11\/Black-Minimalist-Linktree-Background-2.png","contentUrl":"https:\/\/www.theoxygenproject.com\/es\/wp-content\/uploads\/2023\/11\/Black-Minimalist-Linktree-Background-2.png","width":1920,"height":1280},{"@type":"BreadcrumbList","@id":"https:\/\/www.theoxygenproject.com\/es\/la-temporada-de-caza-de-ballena-en-islandia-comenzo-y-entramos-en-estadodeemergencia\/#breadcrumb","itemListElement":[{"@type":"ListItem","position":1,"name":"Home","item":"https:\/\/www.theoxygenproject.com\/es\/"},{"@type":"ListItem","position":2,"name":"Temporada de caza de ballenas en Islandia #EstadodeEmergencia"}]},{"@type":"WebSite","@id":"https:\/\/www.theoxygenproject.com\/es\/#website","url":"https:\/\/www.theoxygenproject.com\/es\/","name":"The Oxygen Project","description":"","publisher":{"@id":"https:\/\/www.theoxygenproject.com\/es\/#organization"},"potentialAction":[{"@type":"SearchAction","target":{"@type":"EntryPoint","urlTemplate":"https:\/\/www.theoxygenproject.com\/es\/?s={search_term_string}"},"query-input":{"@type":"PropertyValueSpecification","valueRequired":true,"valueName":"search_term_string"}}],"inLanguage":"en-US"},{"@type":"Organization","@id":"https:\/\/www.theoxygenproject.com\/es\/#organization","name":"The Oxygen Project","url":"https:\/\/www.theoxygenproject.com\/es\/","logo":{"@type":"ImageObject","inLanguage":"en-US","@id":"https:\/\/www.theoxygenproject.com\/es\/#\/schema\/logo\/image\/","url":"https:\/\/www.theoxygenproject.com\/es\/wp-content\/uploads\/2024\/05\/top-logo-dark.png","contentUrl":"https:\/\/www.theoxygenproject.com\/es\/wp-content\/uploads\/2024\/05\/top-logo-dark.png","width":384,"height":256,"caption":"The Oxygen Project"},"image":{"@id":"https:\/\/www.theoxygenproject.com\/es\/#\/schema\/logo\/image\/"},"sameAs":["https:\/\/www.facebook.com\/theoxygenproj","https:\/\/x.com\/theoxygenproj"]},{"@type":"Person","@id":"https:\/\/www.theoxygenproject.com\/es\/#\/schema\/person\/fd1d50a727859a9283fdd988aca8d8fb","name":"Pilar R\u00edos","image":{"@type":"ImageObject","inLanguage":"en-US","@id":"https:\/\/secure.gravatar.com\/avatar\/cb4cf509d6c8cf9193108e3149294241c2397964dbeb5a2a6e6b0a4a4127fc37?s=96&d=mm&r=g","url":"https:\/\/secure.gravatar.com\/avatar\/cb4cf509d6c8cf9193108e3149294241c2397964dbeb5a2a6e6b0a4a4127fc37?s=96&d=mm&r=g","contentUrl":"https:\/\/secure.gravatar.com\/avatar\/cb4cf509d6c8cf9193108e3149294241c2397964dbeb5a2a6e6b0a4a4127fc37?s=96&d=mm&r=g","caption":"Pilar R\u00edos"},"url":"https:\/\/www.theoxygenproject.com\/es\/author\/admin-2\/"}]}},"_links":{"self":[{"href":"https:\/\/www.theoxygenproject.com\/es\/wp-json\/wp\/v2\/posts\/2077","targetHints":{"allow":["GET"]}}],"collection":[{"href":"https:\/\/www.theoxygenproject.com\/es\/wp-json\/wp\/v2\/posts"}],"about":[{"href":"https:\/\/www.theoxygenproject.com\/es\/wp-json\/wp\/v2\/types\/post"}],"author":[{"embeddable":true,"href":"https:\/\/www.theoxygenproject.com\/es\/wp-json\/wp\/v2\/users\/3"}],"replies":[{"embeddable":true,"href":"https:\/\/www.theoxygenproject.com\/es\/wp-json\/wp\/v2\/comments?post=2077"}],"version-history":[{"count":2,"href":"https:\/\/www.theoxygenproject.com\/es\/wp-json\/wp\/v2\/posts\/2077\/revisions"}],"predecessor-version":[{"id":2172,"href":"https:\/\/www.theoxygenproject.com\/es\/wp-json\/wp\/v2\/posts\/2077\/revisions\/2172"}],"wp:featuredmedia":[{"embeddable":true,"href":"https:\/\/www.theoxygenproject.com\/es\/wp-json\/wp\/v2\/media\/2084"}],"wp:attachment":[{"href":"https:\/\/www.theoxygenproject.com\/es\/wp-json\/wp\/v2\/media?parent=2077"}],"wp:term":[{"taxonomy":"category","embeddable":true,"href":"https:\/\/www.theoxygenproject.com\/es\/wp-json\/wp\/v2\/categories?post=2077"},{"taxonomy":"post_tag","embeddable":true,"href":"https:\/\/www.theoxygenproject.com\/es\/wp-json\/wp\/v2\/tags?post=2077"}],"curies":[{"name":"wp","href":"https:\/\/api.w.org\/{rel}","templated":true}]}}