{"id":2067,"date":"2023-11-10T15:14:51","date_gmt":"2023-11-10T12:14:51","guid":{"rendered":"https:\/\/www.theoxygenproject.com\/es\/?p=2067"},"modified":"2025-02-21T14:45:25","modified_gmt":"2025-02-21T14:45:25","slug":"buenas-noticias-no-necesitamos-minar-el-oceano-profundo","status":"publish","type":"post","link":"https:\/\/www.theoxygenproject.com\/es\/buenas-noticias-no-necesitamos-minar-el-oceano-profundo\/","title":{"rendered":"No necesitamos minar el oc\u00e9ano profundo"},"content":{"rendered":"<p><span style=\"font-weight: 400;\">Blue Climate Initiative <\/span><span style=\"font-weight: 400;\">(BCI por sus siglas) public\u00f3 un informe oficial titulado <a href=\"https:\/\/www.blueclimateinitiative.org\/news\/next-generation-ev-batteries-eliminate-the-need-for-deep-sea-mining\">\u201cLas bater\u00edas para veh\u00edculos el\u00e9ctricos de pr\u00f3xima generaci\u00f3n eliminan la necesidad de la miner\u00eda en aguas profundas\u201d<\/a>.<\/span><\/p>\n<p><span style=\"font-weight: 400;\">Este <a href=\"https:\/\/www.blueclimateinitiative.org\/news\/next-generation-ev-batteries-eliminate-the-need-for-deep-sea-mining\">art\u00edculo<\/a> analiza los avances en la tecnolog\u00eda de bater\u00edas de veh\u00edculos el\u00e9ctricos (EV) y su adopci\u00f3n acelerada, planteando la sustituci\u00f3n de minerales como el cobalto, el n\u00edquel y el manganeso para su creaci\u00f3n.<\/span><\/p>\n<p><a href=\"https:\/\/www.instagram.com\/reel\/CvLguKeNGIT\/?utm_source=ig_web_copy_link&amp;igshid=MzRlODBiNWFlZA==\"><img loading=\"lazy\" decoding=\"async\" class=\"aligncenter size-full wp-image-2069\" src=\"https:\/\/www.theoxygenproject.com\/es\/wp-content\/uploads\/2023\/11\/TOP_DSM_BCI-02.jpg\" alt=\"\" width=\"1251\" height=\"1251\" srcset=\"https:\/\/www.theoxygenproject.com\/es\/wp-content\/uploads\/2023\/11\/TOP_DSM_BCI-02.jpg 1251w, https:\/\/www.theoxygenproject.com\/es\/wp-content\/uploads\/2023\/11\/TOP_DSM_BCI-02-300x300.jpg 300w, https:\/\/www.theoxygenproject.com\/es\/wp-content\/uploads\/2023\/11\/TOP_DSM_BCI-02-1024x1024.jpg 1024w, https:\/\/www.theoxygenproject.com\/es\/wp-content\/uploads\/2023\/11\/TOP_DSM_BCI-02-150x150.jpg 150w, https:\/\/www.theoxygenproject.com\/es\/wp-content\/uploads\/2023\/11\/TOP_DSM_BCI-02-768x768.jpg 768w\" sizes=\"auto, (max-width: 1251px) 100vw, 1251px\" \/><\/a><\/p>\n<p><span style=\"font-weight: 400;\">&#8220;La r\u00e1pida adopci\u00f3n en el mercado de estas bater\u00edas de pr\u00f3xima generaci\u00f3n que no utilizan metales de aguas profundas es transformadora&#8221;, dijo Jeanne Everett, directora de operaciones de la BCl. \u201cEstas bater\u00edas de pr\u00f3xima generaci\u00f3n han arrasado en el mercado y ya representan un tercio del mercado mundial de bater\u00edas para veh\u00edculos el\u00e9ctricos. Si bien la Autoridad Internacional de los Fondos Marinos se re\u00fane este mes en Jamaica para considerar regulaciones para extraer estos metales del fondo marino &#8211; con devastadoras consecuencias ambientales &#8211; la tecnolog\u00eda ha avanzado para eliminar esta supuesta necesidad de extraerlos del oc\u00e9ano. Como resultado, la extracci\u00f3n de estos metales no es necesaria: econ\u00f3micamente no es rentable y ambientalmente ser\u00eda un desastre\u201d.<\/span><\/p>\n<p><span style=\"font-weight: 400;\">&#8220;La tecnolog\u00eda de bater\u00edas para veh\u00edculos el\u00e9ctricos est\u00e1 avanzando r\u00e1pidamente hacia tecnolog\u00edas m\u00e1s ecol\u00f3gicas, como las bater\u00edas LFP, que no dependen de algunos de los materiales m\u00e1s demandantes para el ambiente y la comunidad, como el cobalto&#8221;, afirm\u00f3 Dan Kammen, profesor distinguido de sostenibilidad.\u00a0<\/span><\/p>\n<p><span style=\"font-weight: 400;\">James y Katherine Lau de la Universidad de California Berkeley. &#8220;Los fabricantes de autom\u00f3viles como Tesla, BYD, Volkswagen, Rivian y Ford ya est\u00e1n utilizando esta tecnolog\u00eda, quitando presi\u00f3n a la necesidad percibida de explotar el oc\u00e9ano en busca de estos metales&#8221;.<\/span><\/p>\n<p><span style=\"font-weight: 400;\">Stan Rowland, director ejecutivo de la BCI, a\u00f1adi\u00f3: \u201cUn error com\u00fan en los medios de comunicaci\u00f3n, promovido por las empresas mineras, es que es necesario extraer metales del oc\u00e9ano para el creciente mercado de bater\u00edas para veh\u00edculos el\u00e9ctricos, incluso si es desastroso para el oc\u00e9ano. Afortunadamente, el notable \u00e9xito en el mercado de las bater\u00edas para veh\u00edculos el\u00e9ctricos que no utilizan estos metales cambia esta narrativa. Ahora, lo que es bueno para la industria de los veh\u00edculos el\u00e9ctricos y para los consumidores tambi\u00e9n es mejor para el ambiente\u201d.<\/span><\/p>\n<p><span style=\"font-weight: 400;\">Rowland a\u00f1adi\u00f3: \u201cLos esfuerzos para promover la extracci\u00f3n de estos metales en las profundidades del oc\u00e9ano ahora no sirven ni a los fabricantes ni a los consumidores, sino s\u00f3lo a empresas que se han establecido con el prop\u00f3sito expreso de extraer minerales en aguas profundas\u201d.<\/span><\/p>\n<p><span style=\"font-weight: 400;\">El documento se\u00f1ala que, por lo general, a las empresas y a los consumidores se les pide que hagan sacrificios por el bien de la conservaci\u00f3n y el ambiente. Ahora, afortunadamente, lo que es bueno tanto para las empresas como para el consumidor final, tambi\u00e9n sirve a la necesidad de proteger y preservar nuestros oc\u00e9anos y la vida que reside en ellos.<\/span><\/p>\n<p><span style=\"font-weight: 400;\">Blue Climate Initiative <\/span><span style=\"font-weight: 400;\">es una iniciativa global que re\u00fane a cient\u00edficos, empresarios, inversores, fil\u00e1ntropos, l\u00edderes ind\u00edgenas y otros para proteger el oc\u00e9ano y acelerar las soluciones al cambio clim\u00e1tico relacionadas con los oc\u00e9anos.\u00a0<\/span><\/p>\n<p><img loading=\"lazy\" decoding=\"async\" class=\"aligncenter size-full wp-image-2070\" src=\"https:\/\/www.theoxygenproject.com\/es\/wp-content\/uploads\/2023\/11\/TOP_DSM_BCI-05.jpg\" alt=\"\" width=\"1251\" height=\"626\" srcset=\"https:\/\/www.theoxygenproject.com\/es\/wp-content\/uploads\/2023\/11\/TOP_DSM_BCI-05.jpg 1251w, https:\/\/www.theoxygenproject.com\/es\/wp-content\/uploads\/2023\/11\/TOP_DSM_BCI-05-300x150.jpg 300w, https:\/\/www.theoxygenproject.com\/es\/wp-content\/uploads\/2023\/11\/TOP_DSM_BCI-05-1024x512.jpg 1024w, https:\/\/www.theoxygenproject.com\/es\/wp-content\/uploads\/2023\/11\/TOP_DSM_BCI-05-768x384.jpg 768w\" sizes=\"auto, (max-width: 1251px) 100vw, 1251px\" \/><\/p>\n<p><span style=\"font-weight: 400;\">Fuente <\/span><span style=\"font-weight: 400;\">Blue Climate Initiative <\/span><a href=\"http:\/\/www.blueclimateinitiative.org\"><span style=\"font-weight: 400;\">www.blueclimateinitiative.org<\/span><\/a><br \/>\nInforme completo: https:\/\/www.blueclimateinitiative.org\/sites\/default\/files\/2023-10\/whitepaper.pdf<\/p>\n<p><span style=\"font-weight: 400;\">\u00a0<\/span><\/p>\n<p>&nbsp;<\/p>\n","protected":false},"excerpt":{"rendered":"<p>Blue Climate Initiative (BCI por sus siglas) public\u00f3 un informe oficial titulado \u201cLas bater\u00edas para veh\u00edculos el\u00e9ctricos de pr\u00f3xima generaci\u00f3n eliminan la necesidad de la miner\u00eda en aguas profundas\u201d. Este&#8230;<\/p>\n","protected":false},"author":3,"featured_media":2075,"comment_status":"closed","ping_status":"closed","sticky":false,"template":"","format":"standard","meta":{"_mo_disable_npp":"","footnotes":""},"categories":[1],"tags":[],"class_list":["post-2067","post","type-post","status-publish","format-standard","has-post-thumbnail","hentry","category-uncategorized"],"yoast_head":"<!-- This site is optimized with the Yoast SEO plugin v28.3 - https:\/\/yoast.com\/product\/yoast-seo-wordpress\/ -->\n<title>No necesitamos minar el oc\u00e9ano profundo - The Oxygen Project<\/title>\n<meta name=\"robots\" content=\"index, follow, max-snippet:-1, max-image-preview:large, max-video-preview:-1\" \/>\n<link rel=\"canonical\" href=\"https:\/\/www.theoxygenproject.com\/es\/buenas-noticias-no-necesitamos-minar-el-oceano-profundo\/\" \/>\n<meta property=\"og:locale\" content=\"en_US\" \/>\n<meta property=\"og:type\" content=\"article\" \/>\n<meta property=\"og:title\" content=\"No necesitamos minar el oc\u00e9ano profundo - The Oxygen Project\" \/>\n<meta property=\"og:description\" content=\"Blue Climate Initiative (BCI por sus siglas) public\u00f3 un informe oficial titulado \u201cLas bater\u00edas para veh\u00edculos el\u00e9ctricos de pr\u00f3xima generaci\u00f3n eliminan la necesidad de la miner\u00eda en aguas profundas\u201d. Este...\" \/>\n<meta property=\"og:url\" content=\"https:\/\/www.theoxygenproject.com\/es\/buenas-noticias-no-necesitamos-minar-el-oceano-profundo\/\" \/>\n<meta property=\"og:site_name\" content=\"The Oxygen Project\" \/>\n<meta property=\"article:publisher\" content=\"https:\/\/www.facebook.com\/theoxygenproj\" \/>\n<meta property=\"article:published_time\" content=\"2023-11-10T12:14:51+00:00\" \/>\n<meta property=\"article:modified_time\" content=\"2025-02-21T14:45:25+00:00\" \/>\n<meta property=\"og:image\" content=\"https:\/\/www.theoxygenproject.com\/es\/wp-content\/uploads\/2023\/11\/Black-Minimalist-Linktree-Background.png\" \/>\n\t<meta property=\"og:image:width\" content=\"1920\" \/>\n\t<meta property=\"og:image:height\" content=\"1280\" \/>\n\t<meta property=\"og:image:type\" content=\"image\/png\" \/>\n<meta name=\"author\" content=\"Pilar R\u00edos\" \/>\n<meta name=\"twitter:card\" content=\"summary_large_image\" \/>\n<meta name=\"twitter:creator\" content=\"@theoxygenproj\" \/>\n<meta name=\"twitter:site\" content=\"@theoxygenproj\" \/>\n<meta name=\"twitter:label1\" content=\"Written by\" \/>\n\t<meta name=\"twitter:data1\" content=\"Pilar R\u00edos\" \/>\n\t<meta name=\"twitter:label2\" content=\"Est. reading time\" \/>\n\t<meta name=\"twitter:data2\" content=\"3 minutes\" \/>\n<script type=\"application\/ld+json\" class=\"yoast-schema-graph\">{\"@context\":\"https:\\\/\\\/schema.org\",\"@graph\":[{\"@type\":\"Article\",\"@id\":\"https:\\\/\\\/www.theoxygenproject.com\\\/es\\\/buenas-noticias-no-necesitamos-minar-el-oceano-profundo\\\/#article\",\"isPartOf\":{\"@id\":\"https:\\\/\\\/www.theoxygenproject.com\\\/es\\\/buenas-noticias-no-necesitamos-minar-el-oceano-profundo\\\/\"},\"author\":{\"name\":\"Pilar R\u00edos\",\"@id\":\"https:\\\/\\\/www.theoxygenproject.com\\\/es\\\/#\\\/schema\\\/person\\\/fd1d50a727859a9283fdd988aca8d8fb\"},\"headline\":\"No necesitamos minar el oc\u00e9ano profundo\",\"datePublished\":\"2023-11-10T12:14:51+00:00\",\"dateModified\":\"2025-02-21T14:45:25+00:00\",\"mainEntityOfPage\":{\"@id\":\"https:\\\/\\\/www.theoxygenproject.com\\\/es\\\/buenas-noticias-no-necesitamos-minar-el-oceano-profundo\\\/\"},\"wordCount\":597,\"publisher\":{\"@id\":\"https:\\\/\\\/www.theoxygenproject.com\\\/es\\\/#organization\"},\"image\":{\"@id\":\"https:\\\/\\\/www.theoxygenproject.com\\\/es\\\/buenas-noticias-no-necesitamos-minar-el-oceano-profundo\\\/#primaryimage\"},\"thumbnailUrl\":\"https:\\\/\\\/www.theoxygenproject.com\\\/es\\\/wp-content\\\/uploads\\\/2023\\\/11\\\/Black-Minimalist-Linktree-Background.png\",\"inLanguage\":\"en-US\"},{\"@type\":\"WebPage\",\"@id\":\"https:\\\/\\\/www.theoxygenproject.com\\\/es\\\/buenas-noticias-no-necesitamos-minar-el-oceano-profundo\\\/\",\"url\":\"https:\\\/\\\/www.theoxygenproject.com\\\/es\\\/buenas-noticias-no-necesitamos-minar-el-oceano-profundo\\\/\",\"name\":\"No necesitamos minar el oc\u00e9ano profundo - The Oxygen Project\",\"isPartOf\":{\"@id\":\"https:\\\/\\\/www.theoxygenproject.com\\\/es\\\/#website\"},\"primaryImageOfPage\":{\"@id\":\"https:\\\/\\\/www.theoxygenproject.com\\\/es\\\/buenas-noticias-no-necesitamos-minar-el-oceano-profundo\\\/#primaryimage\"},\"image\":{\"@id\":\"https:\\\/\\\/www.theoxygenproject.com\\\/es\\\/buenas-noticias-no-necesitamos-minar-el-oceano-profundo\\\/#primaryimage\"},\"thumbnailUrl\":\"https:\\\/\\\/www.theoxygenproject.com\\\/es\\\/wp-content\\\/uploads\\\/2023\\\/11\\\/Black-Minimalist-Linktree-Background.png\",\"datePublished\":\"2023-11-10T12:14:51+00:00\",\"dateModified\":\"2025-02-21T14:45:25+00:00\",\"breadcrumb\":{\"@id\":\"https:\\\/\\\/www.theoxygenproject.com\\\/es\\\/buenas-noticias-no-necesitamos-minar-el-oceano-profundo\\\/#breadcrumb\"},\"inLanguage\":\"en-US\",\"potentialAction\":[{\"@type\":\"ReadAction\",\"target\":[\"https:\\\/\\\/www.theoxygenproject.com\\\/es\\\/buenas-noticias-no-necesitamos-minar-el-oceano-profundo\\\/\"]}]},{\"@type\":\"ImageObject\",\"inLanguage\":\"en-US\",\"@id\":\"https:\\\/\\\/www.theoxygenproject.com\\\/es\\\/buenas-noticias-no-necesitamos-minar-el-oceano-profundo\\\/#primaryimage\",\"url\":\"https:\\\/\\\/www.theoxygenproject.com\\\/es\\\/wp-content\\\/uploads\\\/2023\\\/11\\\/Black-Minimalist-Linktree-Background.png\",\"contentUrl\":\"https:\\\/\\\/www.theoxygenproject.com\\\/es\\\/wp-content\\\/uploads\\\/2023\\\/11\\\/Black-Minimalist-Linktree-Background.png\",\"width\":1920,\"height\":1280},{\"@type\":\"BreadcrumbList\",\"@id\":\"https:\\\/\\\/www.theoxygenproject.com\\\/es\\\/buenas-noticias-no-necesitamos-minar-el-oceano-profundo\\\/#breadcrumb\",\"itemListElement\":[{\"@type\":\"ListItem\",\"position\":1,\"name\":\"Home\",\"item\":\"https:\\\/\\\/www.theoxygenproject.com\\\/es\\\/\"},{\"@type\":\"ListItem\",\"position\":2,\"name\":\"No necesitamos minar el oc\u00e9ano profundo\"}]},{\"@type\":\"WebSite\",\"@id\":\"https:\\\/\\\/www.theoxygenproject.com\\\/es\\\/#website\",\"url\":\"https:\\\/\\\/www.theoxygenproject.com\\\/es\\\/\",\"name\":\"The Oxygen Project\",\"description\":\"\",\"publisher\":{\"@id\":\"https:\\\/\\\/www.theoxygenproject.com\\\/es\\\/#organization\"},\"potentialAction\":[{\"@type\":\"SearchAction\",\"target\":{\"@type\":\"EntryPoint\",\"urlTemplate\":\"https:\\\/\\\/www.theoxygenproject.com\\\/es\\\/?s={search_term_string}\"},\"query-input\":{\"@type\":\"PropertyValueSpecification\",\"valueRequired\":true,\"valueName\":\"search_term_string\"}}],\"inLanguage\":\"en-US\"},{\"@type\":\"Organization\",\"@id\":\"https:\\\/\\\/www.theoxygenproject.com\\\/es\\\/#organization\",\"name\":\"The Oxygen Project\",\"url\":\"https:\\\/\\\/www.theoxygenproject.com\\\/es\\\/\",\"logo\":{\"@type\":\"ImageObject\",\"inLanguage\":\"en-US\",\"@id\":\"https:\\\/\\\/www.theoxygenproject.com\\\/es\\\/#\\\/schema\\\/logo\\\/image\\\/\",\"url\":\"https:\\\/\\\/www.theoxygenproject.com\\\/es\\\/wp-content\\\/uploads\\\/2024\\\/05\\\/top-logo-dark.png\",\"contentUrl\":\"https:\\\/\\\/www.theoxygenproject.com\\\/es\\\/wp-content\\\/uploads\\\/2024\\\/05\\\/top-logo-dark.png\",\"width\":384,\"height\":256,\"caption\":\"The Oxygen Project\"},\"image\":{\"@id\":\"https:\\\/\\\/www.theoxygenproject.com\\\/es\\\/#\\\/schema\\\/logo\\\/image\\\/\"},\"sameAs\":[\"https:\\\/\\\/www.facebook.com\\\/theoxygenproj\",\"https:\\\/\\\/x.com\\\/theoxygenproj\"]},{\"@type\":\"Person\",\"@id\":\"https:\\\/\\\/www.theoxygenproject.com\\\/es\\\/#\\\/schema\\\/person\\\/fd1d50a727859a9283fdd988aca8d8fb\",\"name\":\"Pilar R\u00edos\",\"image\":{\"@type\":\"ImageObject\",\"inLanguage\":\"en-US\",\"@id\":\"https:\\\/\\\/secure.gravatar.com\\\/avatar\\\/cb4cf509d6c8cf9193108e3149294241c2397964dbeb5a2a6e6b0a4a4127fc37?s=96&d=mm&r=g\",\"url\":\"https:\\\/\\\/secure.gravatar.com\\\/avatar\\\/cb4cf509d6c8cf9193108e3149294241c2397964dbeb5a2a6e6b0a4a4127fc37?s=96&d=mm&r=g\",\"contentUrl\":\"https:\\\/\\\/secure.gravatar.com\\\/avatar\\\/cb4cf509d6c8cf9193108e3149294241c2397964dbeb5a2a6e6b0a4a4127fc37?s=96&d=mm&r=g\",\"caption\":\"Pilar R\u00edos\"},\"url\":\"https:\\\/\\\/www.theoxygenproject.com\\\/es\\\/author\\\/admin-2\\\/\"}]}<\/script>\n<!-- \/ Yoast SEO plugin. -->","yoast_head_json":{"title":"No necesitamos minar el oc\u00e9ano profundo - The Oxygen Project","robots":{"index":"index","follow":"follow","max-snippet":"max-snippet:-1","max-image-preview":"max-image-preview:large","max-video-preview":"max-video-preview:-1"},"canonical":"https:\/\/www.theoxygenproject.com\/es\/buenas-noticias-no-necesitamos-minar-el-oceano-profundo\/","og_locale":"en_US","og_type":"article","og_title":"No necesitamos minar el oc\u00e9ano profundo - The Oxygen Project","og_description":"Blue Climate Initiative (BCI por sus siglas) public\u00f3 un informe oficial titulado \u201cLas bater\u00edas para veh\u00edculos el\u00e9ctricos de pr\u00f3xima generaci\u00f3n eliminan la necesidad de la miner\u00eda en aguas profundas\u201d. Este...","og_url":"https:\/\/www.theoxygenproject.com\/es\/buenas-noticias-no-necesitamos-minar-el-oceano-profundo\/","og_site_name":"The Oxygen Project","article_publisher":"https:\/\/www.facebook.com\/theoxygenproj","article_published_time":"2023-11-10T12:14:51+00:00","article_modified_time":"2025-02-21T14:45:25+00:00","og_image":[{"width":1920,"height":1280,"url":"https:\/\/www.theoxygenproject.com\/es\/wp-content\/uploads\/2023\/11\/Black-Minimalist-Linktree-Background.png","type":"image\/png"}],"author":"Pilar R\u00edos","twitter_card":"summary_large_image","twitter_creator":"@theoxygenproj","twitter_site":"@theoxygenproj","twitter_misc":{"Written by":"Pilar R\u00edos","Est. reading time":"3 minutes"},"schema":{"@context":"https:\/\/schema.org","@graph":[{"@type":"Article","@id":"https:\/\/www.theoxygenproject.com\/es\/buenas-noticias-no-necesitamos-minar-el-oceano-profundo\/#article","isPartOf":{"@id":"https:\/\/www.theoxygenproject.com\/es\/buenas-noticias-no-necesitamos-minar-el-oceano-profundo\/"},"author":{"name":"Pilar R\u00edos","@id":"https:\/\/www.theoxygenproject.com\/es\/#\/schema\/person\/fd1d50a727859a9283fdd988aca8d8fb"},"headline":"No necesitamos minar el oc\u00e9ano profundo","datePublished":"2023-11-10T12:14:51+00:00","dateModified":"2025-02-21T14:45:25+00:00","mainEntityOfPage":{"@id":"https:\/\/www.theoxygenproject.com\/es\/buenas-noticias-no-necesitamos-minar-el-oceano-profundo\/"},"wordCount":597,"publisher":{"@id":"https:\/\/www.theoxygenproject.com\/es\/#organization"},"image":{"@id":"https:\/\/www.theoxygenproject.com\/es\/buenas-noticias-no-necesitamos-minar-el-oceano-profundo\/#primaryimage"},"thumbnailUrl":"https:\/\/www.theoxygenproject.com\/es\/wp-content\/uploads\/2023\/11\/Black-Minimalist-Linktree-Background.png","inLanguage":"en-US"},{"@type":"WebPage","@id":"https:\/\/www.theoxygenproject.com\/es\/buenas-noticias-no-necesitamos-minar-el-oceano-profundo\/","url":"https:\/\/www.theoxygenproject.com\/es\/buenas-noticias-no-necesitamos-minar-el-oceano-profundo\/","name":"No necesitamos minar el oc\u00e9ano profundo - The Oxygen Project","isPartOf":{"@id":"https:\/\/www.theoxygenproject.com\/es\/#website"},"primaryImageOfPage":{"@id":"https:\/\/www.theoxygenproject.com\/es\/buenas-noticias-no-necesitamos-minar-el-oceano-profundo\/#primaryimage"},"image":{"@id":"https:\/\/www.theoxygenproject.com\/es\/buenas-noticias-no-necesitamos-minar-el-oceano-profundo\/#primaryimage"},"thumbnailUrl":"https:\/\/www.theoxygenproject.com\/es\/wp-content\/uploads\/2023\/11\/Black-Minimalist-Linktree-Background.png","datePublished":"2023-11-10T12:14:51+00:00","dateModified":"2025-02-21T14:45:25+00:00","breadcrumb":{"@id":"https:\/\/www.theoxygenproject.com\/es\/buenas-noticias-no-necesitamos-minar-el-oceano-profundo\/#breadcrumb"},"inLanguage":"en-US","potentialAction":[{"@type":"ReadAction","target":["https:\/\/www.theoxygenproject.com\/es\/buenas-noticias-no-necesitamos-minar-el-oceano-profundo\/"]}]},{"@type":"ImageObject","inLanguage":"en-US","@id":"https:\/\/www.theoxygenproject.com\/es\/buenas-noticias-no-necesitamos-minar-el-oceano-profundo\/#primaryimage","url":"https:\/\/www.theoxygenproject.com\/es\/wp-content\/uploads\/2023\/11\/Black-Minimalist-Linktree-Background.png","contentUrl":"https:\/\/www.theoxygenproject.com\/es\/wp-content\/uploads\/2023\/11\/Black-Minimalist-Linktree-Background.png","width":1920,"height":1280},{"@type":"BreadcrumbList","@id":"https:\/\/www.theoxygenproject.com\/es\/buenas-noticias-no-necesitamos-minar-el-oceano-profundo\/#breadcrumb","itemListElement":[{"@type":"ListItem","position":1,"name":"Home","item":"https:\/\/www.theoxygenproject.com\/es\/"},{"@type":"ListItem","position":2,"name":"No necesitamos minar el oc\u00e9ano profundo"}]},{"@type":"WebSite","@id":"https:\/\/www.theoxygenproject.com\/es\/#website","url":"https:\/\/www.theoxygenproject.com\/es\/","name":"The Oxygen Project","description":"","publisher":{"@id":"https:\/\/www.theoxygenproject.com\/es\/#organization"},"potentialAction":[{"@type":"SearchAction","target":{"@type":"EntryPoint","urlTemplate":"https:\/\/www.theoxygenproject.com\/es\/?s={search_term_string}"},"query-input":{"@type":"PropertyValueSpecification","valueRequired":true,"valueName":"search_term_string"}}],"inLanguage":"en-US"},{"@type":"Organization","@id":"https:\/\/www.theoxygenproject.com\/es\/#organization","name":"The Oxygen Project","url":"https:\/\/www.theoxygenproject.com\/es\/","logo":{"@type":"ImageObject","inLanguage":"en-US","@id":"https:\/\/www.theoxygenproject.com\/es\/#\/schema\/logo\/image\/","url":"https:\/\/www.theoxygenproject.com\/es\/wp-content\/uploads\/2024\/05\/top-logo-dark.png","contentUrl":"https:\/\/www.theoxygenproject.com\/es\/wp-content\/uploads\/2024\/05\/top-logo-dark.png","width":384,"height":256,"caption":"The Oxygen Project"},"image":{"@id":"https:\/\/www.theoxygenproject.com\/es\/#\/schema\/logo\/image\/"},"sameAs":["https:\/\/www.facebook.com\/theoxygenproj","https:\/\/x.com\/theoxygenproj"]},{"@type":"Person","@id":"https:\/\/www.theoxygenproject.com\/es\/#\/schema\/person\/fd1d50a727859a9283fdd988aca8d8fb","name":"Pilar R\u00edos","image":{"@type":"ImageObject","inLanguage":"en-US","@id":"https:\/\/secure.gravatar.com\/avatar\/cb4cf509d6c8cf9193108e3149294241c2397964dbeb5a2a6e6b0a4a4127fc37?s=96&d=mm&r=g","url":"https:\/\/secure.gravatar.com\/avatar\/cb4cf509d6c8cf9193108e3149294241c2397964dbeb5a2a6e6b0a4a4127fc37?s=96&d=mm&r=g","contentUrl":"https:\/\/secure.gravatar.com\/avatar\/cb4cf509d6c8cf9193108e3149294241c2397964dbeb5a2a6e6b0a4a4127fc37?s=96&d=mm&r=g","caption":"Pilar R\u00edos"},"url":"https:\/\/www.theoxygenproject.com\/es\/author\/admin-2\/"}]}},"_links":{"self":[{"href":"https:\/\/www.theoxygenproject.com\/es\/wp-json\/wp\/v2\/posts\/2067","targetHints":{"allow":["GET"]}}],"collection":[{"href":"https:\/\/www.theoxygenproject.com\/es\/wp-json\/wp\/v2\/posts"}],"about":[{"href":"https:\/\/www.theoxygenproject.com\/es\/wp-json\/wp\/v2\/types\/post"}],"author":[{"embeddable":true,"href":"https:\/\/www.theoxygenproject.com\/es\/wp-json\/wp\/v2\/users\/3"}],"replies":[{"embeddable":true,"href":"https:\/\/www.theoxygenproject.com\/es\/wp-json\/wp\/v2\/comments?post=2067"}],"version-history":[{"count":2,"href":"https:\/\/www.theoxygenproject.com\/es\/wp-json\/wp\/v2\/posts\/2067\/revisions"}],"predecessor-version":[{"id":2159,"href":"https:\/\/www.theoxygenproject.com\/es\/wp-json\/wp\/v2\/posts\/2067\/revisions\/2159"}],"wp:featuredmedia":[{"embeddable":true,"href":"https:\/\/www.theoxygenproject.com\/es\/wp-json\/wp\/v2\/media\/2075"}],"wp:attachment":[{"href":"https:\/\/www.theoxygenproject.com\/es\/wp-json\/wp\/v2\/media?parent=2067"}],"wp:term":[{"taxonomy":"category","embeddable":true,"href":"https:\/\/www.theoxygenproject.com\/es\/wp-json\/wp\/v2\/categories?post=2067"},{"taxonomy":"post_tag","embeddable":true,"href":"https:\/\/www.theoxygenproject.com\/es\/wp-json\/wp\/v2\/tags?post=2067"}],"curies":[{"name":"wp","href":"https:\/\/api.w.org\/{rel}","templated":true}]}}