{"id":2053,"date":"2023-10-06T00:08:53","date_gmt":"2023-10-05T21:08:53","guid":{"rendered":"https:\/\/www.theoxygenproject.com\/es\/?p=2053"},"modified":"2023-10-06T00:08:53","modified_gmt":"2023-10-05T21:08:53","slug":"el-88-de-asesinatos-a-defensores-de-la-tierra-en-2022-ocurrieron-en-america-latina","status":"publish","type":"post","link":"https:\/\/www.theoxygenproject.com\/es\/el-88-de-asesinatos-a-defensores-de-la-tierra-en-2022-ocurrieron-en-america-latina\/","title":{"rendered":"El 88 % de asesinatos a defensores de la tierra en 2022 ocurrieron en Am\u00e9rica Latina"},"content":{"rendered":"<p><span style=\"font-weight: 400;\">Este mes de septiembre Global Witness dio a conocer el informe que recopila las muertes denunciadas de defensores y defensoras de la tierra y el medioambiente.<a href=\"https:\/\/www.globalwitness.org\/es\/standing-firm-es\/\"> El t\u00edtulo: SIEMPRE EN PIE<\/a> Personas defensoras de la tierra y el medioambiente al frente de la crisis clim\u00e1tica; hace reflexionar acerca de la estrecha relaci\u00f3n que tiene, sin duda alguna, la muerte de estas personas con la crisis mundial actual.<br \/>\n<\/span><span style=\"font-weight: 400;\"><\/span><span style=\"font-weight: 400;\"><\/span><\/p>\n<p><span style=\"font-weight: 400;\">Es fundamental entender c\u00f3mo los fatales acontecimientos de los que han sido v\u00edctima las y los defensores se cruza con la industria extractiva que son los mayores generadores de la crisis clim\u00e1tica, donde muchos derechos\u00a0 son vulnerados a diario y que, lamentablemente, sigue sin haber respuesta desde los estados para entregar un entorno seguro a los que ponen en riesgo sus vidas por defender los derechos humanos y del medioambiente.<br \/>\n<\/span><span style=\"font-weight: 400;\"><\/span><\/p>\n<p>Haz clic en la imagen para ver el video<\/p>\n<p><a href=\"https:\/\/www.instagram.com\/p\/CyCBGtfRyZv\/\"><img loading=\"lazy\" decoding=\"async\" src=\"https:\/\/www.theoxygenproject.com\/es\/wp-content\/uploads\/2023\/10\/TOP_DTD_Mailing-Informe-GlobalWitness-2022-reel-01-1.jpg\" alt=\"\" width=\"1441\" height=\"2560\" class=\"aligncenter size-full wp-image-2058\" srcset=\"https:\/\/www.theoxygenproject.com\/es\/wp-content\/uploads\/2023\/10\/TOP_DTD_Mailing-Informe-GlobalWitness-2022-reel-01-1.jpg 1441w, https:\/\/www.theoxygenproject.com\/es\/wp-content\/uploads\/2023\/10\/TOP_DTD_Mailing-Informe-GlobalWitness-2022-reel-01-1-169x300.jpg 169w, https:\/\/www.theoxygenproject.com\/es\/wp-content\/uploads\/2023\/10\/TOP_DTD_Mailing-Informe-GlobalWitness-2022-reel-01-1-576x1024.jpg 576w, https:\/\/www.theoxygenproject.com\/es\/wp-content\/uploads\/2023\/10\/TOP_DTD_Mailing-Informe-GlobalWitness-2022-reel-01-1-768x1364.jpg 768w, https:\/\/www.theoxygenproject.com\/es\/wp-content\/uploads\/2023\/10\/TOP_DTD_Mailing-Informe-GlobalWitness-2022-reel-01-1-865x1536.jpg 865w, https:\/\/www.theoxygenproject.com\/es\/wp-content\/uploads\/2023\/10\/TOP_DTD_Mailing-Informe-GlobalWitness-2022-reel-01-1-1153x2048.jpg 1153w\" sizes=\"auto, (max-width: 1441px) 100vw, 1441px\" \/><\/a><\/p>\n<p><span style=\"font-weight: 400;\">Las estad\u00edsticas hablan por s\u00ed solas un total de 177 personas perdieron la vida en 2022 por defender la tierra y el medioambiente. Esta cifra crece a\u00f1o a a\u00f1o y hace que estas personas hoy formen parte de una estad\u00edstica, donde Am\u00e9rica Latina lidera con sus territorios explotados por muchos y mal utilizada por varios.<br \/>\n<\/span><span style=\"font-weight: 400;\"><\/span><\/p>\n<p><span style=\"font-weight: 400;\">Es importante sen\u0303alar que estas cifras solo contabilizan los asesinatos de los que se tiene conocimiento: dado que la falta de denuncias es un problema generalizado, por desgracia, se habra\u0301n perdido muchas ma\u0301s vidas que no esta\u0301n incluidas en los datos de <a href=\"https:\/\/www.globalwitness.org\/es\/standing-firm-es\/\">Global Witness<\/a>.\u00a0<\/span><img loading=\"lazy\" decoding=\"async\" src=\"https:\/\/www.theoxygenproject.com\/es\/wp-content\/uploads\/2023\/10\/TOP_DTD_Mailing-Informe-GlobalWitness-2022-02.jpg\" alt=\"\" width=\"1251\" height=\"730\" class=\"aligncenter size-full wp-image-2054\" srcset=\"https:\/\/www.theoxygenproject.com\/es\/wp-content\/uploads\/2023\/10\/TOP_DTD_Mailing-Informe-GlobalWitness-2022-02.jpg 1251w, https:\/\/www.theoxygenproject.com\/es\/wp-content\/uploads\/2023\/10\/TOP_DTD_Mailing-Informe-GlobalWitness-2022-02-300x175.jpg 300w, https:\/\/www.theoxygenproject.com\/es\/wp-content\/uploads\/2023\/10\/TOP_DTD_Mailing-Informe-GlobalWitness-2022-02-1024x598.jpg 1024w, https:\/\/www.theoxygenproject.com\/es\/wp-content\/uploads\/2023\/10\/TOP_DTD_Mailing-Informe-GlobalWitness-2022-02-768x448.jpg 768w\" sizes=\"auto, (max-width: 1251px) 100vw, 1251px\" \/><strong>Am\u00e9rica Latina la regi\u00f3n m\u00e1s peligrosa para las y los defensores<\/strong><\/p>\n<p>La situaci\u00f3n en Am\u00e9rica Latina sigue siendo especialmente preocupante. En 2022, en esta regi\u00f3n se produjeron el 88 % de los asesinatos, una mayor\u00eda cada vez m\u00e1s acentuada de los casos registrados en todo el mundo. Un total de 11 de los 18 pa\u00edses en los que documentamos casos en 2022 eran latinoamericanos.<img loading=\"lazy\" decoding=\"async\" src=\"https:\/\/www.theoxygenproject.com\/es\/wp-content\/uploads\/2023\/10\/TOP_DTD_Mailing-Informe-GlobalWitness-2022-03.jpg\" alt=\"\" width=\"1251\" height=\"1008\" class=\"aligncenter size-full wp-image-2055\" srcset=\"https:\/\/www.theoxygenproject.com\/es\/wp-content\/uploads\/2023\/10\/TOP_DTD_Mailing-Informe-GlobalWitness-2022-03.jpg 1251w, https:\/\/www.theoxygenproject.com\/es\/wp-content\/uploads\/2023\/10\/TOP_DTD_Mailing-Informe-GlobalWitness-2022-03-300x242.jpg 300w, https:\/\/www.theoxygenproject.com\/es\/wp-content\/uploads\/2023\/10\/TOP_DTD_Mailing-Informe-GlobalWitness-2022-03-1024x825.jpg 1024w, https:\/\/www.theoxygenproject.com\/es\/wp-content\/uploads\/2023\/10\/TOP_DTD_Mailing-Informe-GlobalWitness-2022-03-768x619.jpg 768w\" sizes=\"auto, (max-width: 1251px) 100vw, 1251px\" \/><strong>Colombia encabeza la clasificaci\u00f3n mundial con 60 asesinatos en un a\u00f1o<\/strong> que ha vuelto a ser funesto para el pa\u00eds. Esta cifra supone casi el doble de asesinatos que en 2021, cuando perdieron la vida 33 personas defensoras. Una vez m\u00e1s, los pueblos ind\u00edgenas, las comunidades afrodescendientes, quienes se dedican a la agricultura a peque\u00f1a escala y las personas que defienden el medioambiente han sido duramente golpeados. Sin embargo, a\u00fan queda esperanza; cuando Gustavo Petro, el primer presidente de izquierdas de la Colombia contempor\u00e1nea, asumi\u00f3 su cargo en agosto de 2022, prometi\u00f3 una transformaci\u00f3n social y un aumento de la protecci\u00f3n de las personas defensoras. Hasta entonces, ning\u00fan Gobierno hab\u00eda hecho tales promesas.<\/p>\n<p><strong>En Brasil perdieron la vida 34 personas defensoras<\/strong>, frente a las 26 de 2021. Las personas defensoras brasile\u00f1as tuvieron que hacer frente a una hostilidad implacable por parte del Gobierno del entonces presidente Jair Bolsonaro, cuyas pol\u00edticas han expuesto la Amazonia a la explotaci\u00f3n y la destrucci\u00f3n, han debilitado las instituciones ambientales y han incitado a invasiones ilegales de tierras ind\u00edgenas.<\/p>\n<p><strong>M\u00e9xico<\/strong>, el pa\u00eds con el mayor n\u00famero de asesinatos en 2021, registr\u00f3 una ca\u00edda, ya que pas\u00f3 de 54 homicidios en 2021 a 31 en 2022. Al menos 16 de las personas asesinadas eran ind\u00edgenas, mientras que 4 eran abogados. No obstante, la situaci\u00f3n general en M\u00e9xico no dej\u00f3 de ser alarmante para las personas defensoras de la tierra y el medioambiente, y las agresiones sin consecuencias mortales (entre ellas, la intimidaci\u00f3n, las amenazas, el desplazamiento forzoso, el acoso y la criminalizaci\u00f3n) siguieron dificultando en gran medida su trabajo.<\/p>\n<p>En el resto de Centroam\u00e9rica, las agresiones mortales contra personas defensoras de Honduras plantean un grave problema. Con 14 asesinatos en 2022, Honduras tiene el mayor n\u00famero de personas defensoras asesinadas per c\u00e1pita del mundo. Xiomara Castro, la primera presidenta de <strong>Honduras<\/strong>, se ha comprometido a proteger a las personas defensoras. Sin embargo, las primeras tendencias de 2023 apuntan a la persistencia de una violencia generalizada, ya que se han denunciado asesinatos y agresiones no mortales en todo el pa\u00eds.<br \/>\n<a href=\"https:\/\/www.globalwitness.org\/es\/standing-firm-es\/\"><span style=\"font-weight: 400;\">Fuente Art\u00edculo Global Witness Siempre en pie<\/span><\/a><span style=\"font-weight: 400;\"><br \/>\n<\/span><span style=\"font-weight: 400;\">Ir a informe <a href=\"https:\/\/www.globalwitness.org\/documents\/20577\/GW_Defenders_Standing_Firm_ES_September_2023_Web_AW.pdf\">AQU\u00cd<\/a><\/span><\/p>\n<p>&nbsp;<\/p>\n","protected":false},"excerpt":{"rendered":"<p>Este mes de septiembre Global Witness dio a conocer el informe que recopila las muertes denunciadas de defensores y defensoras de la tierra y el medioambiente. El t\u00edtulo: SIEMPRE EN&#8230;<\/p>\n","protected":false},"author":3,"featured_media":2056,"comment_status":"closed","ping_status":"closed","sticky":false,"template":"","format":"standard","meta":{"_mo_disable_npp":"","footnotes":""},"categories":[1],"tags":[],"class_list":["post-2053","post","type-post","status-publish","format-standard","has-post-thumbnail","hentry","category-uncategorized"],"yoast_head":"<!-- This site is optimized with the Yoast SEO plugin v28.3 - https:\/\/yoast.com\/product\/yoast-seo-wordpress\/ -->\n<title>El 88 % de asesinatos a defensores de la tierra en 2022 ocurrieron en Am\u00e9rica Latina - The Oxygen Project<\/title>\n<meta name=\"robots\" content=\"index, follow, max-snippet:-1, max-image-preview:large, max-video-preview:-1\" \/>\n<link rel=\"canonical\" href=\"https:\/\/www.theoxygenproject.com\/es\/el-88-de-asesinatos-a-defensores-de-la-tierra-en-2022-ocurrieron-en-america-latina\/\" \/>\n<meta property=\"og:locale\" content=\"en_US\" \/>\n<meta property=\"og:type\" content=\"article\" \/>\n<meta property=\"og:title\" content=\"El 88 % de asesinatos a defensores de la tierra en 2022 ocurrieron en Am\u00e9rica Latina - The Oxygen Project\" \/>\n<meta property=\"og:description\" content=\"Este mes de septiembre Global Witness dio a conocer el informe que recopila las muertes denunciadas de defensores y defensoras de la tierra y el medioambiente. El t\u00edtulo: SIEMPRE EN...\" \/>\n<meta property=\"og:url\" content=\"https:\/\/www.theoxygenproject.com\/es\/el-88-de-asesinatos-a-defensores-de-la-tierra-en-2022-ocurrieron-en-america-latina\/\" \/>\n<meta property=\"og:site_name\" content=\"The Oxygen Project\" \/>\n<meta property=\"article:publisher\" content=\"https:\/\/www.facebook.com\/theoxygenproj\" \/>\n<meta property=\"article:published_time\" content=\"2023-10-05T21:08:53+00:00\" \/>\n<meta name=\"author\" content=\"Pilar R\u00edos\" \/>\n<meta name=\"twitter:card\" content=\"summary_large_image\" \/>\n<meta name=\"twitter:creator\" content=\"@theoxygenproj\" \/>\n<meta name=\"twitter:site\" content=\"@theoxygenproj\" \/>\n<meta name=\"twitter:label1\" content=\"Written by\" \/>\n\t<meta name=\"twitter:data1\" content=\"Pilar R\u00edos\" \/>\n<script type=\"application\/ld+json\" class=\"yoast-schema-graph\">{\"@context\":\"https:\\\/\\\/schema.org\",\"@graph\":[{\"@type\":\"Article\",\"@id\":\"https:\\\/\\\/www.theoxygenproject.com\\\/es\\\/el-88-de-asesinatos-a-defensores-de-la-tierra-en-2022-ocurrieron-en-america-latina\\\/#article\",\"isPartOf\":{\"@id\":\"https:\\\/\\\/www.theoxygenproject.com\\\/es\\\/el-88-de-asesinatos-a-defensores-de-la-tierra-en-2022-ocurrieron-en-america-latina\\\/\"},\"author\":{\"name\":\"Pilar R\u00edos\",\"@id\":\"https:\\\/\\\/www.theoxygenproject.com\\\/es\\\/#\\\/schema\\\/person\\\/fd1d50a727859a9283fdd988aca8d8fb\"},\"headline\":\"El 88 % de asesinatos a defensores de la tierra en 2022 ocurrieron en Am\u00e9rica Latina\",\"datePublished\":\"2023-10-05T21:08:53+00:00\",\"mainEntityOfPage\":{\"@id\":\"https:\\\/\\\/www.theoxygenproject.com\\\/es\\\/el-88-de-asesinatos-a-defensores-de-la-tierra-en-2022-ocurrieron-en-america-latina\\\/\"},\"wordCount\":708,\"publisher\":{\"@id\":\"https:\\\/\\\/www.theoxygenproject.com\\\/es\\\/#organization\"},\"image\":{\"@id\":\"https:\\\/\\\/www.theoxygenproject.com\\\/es\\\/el-88-de-asesinatos-a-defensores-de-la-tierra-en-2022-ocurrieron-en-america-latina\\\/#primaryimage\"},\"thumbnailUrl\":\"https:\\\/\\\/www.theoxygenproject.com\\\/es\\\/wp-content\\\/uploads\\\/2023\\\/10\\\/TOP_DTD_Mailing-Informe-GlobalWitness-2022-04.jpg\",\"inLanguage\":\"en-US\"},{\"@type\":\"WebPage\",\"@id\":\"https:\\\/\\\/www.theoxygenproject.com\\\/es\\\/el-88-de-asesinatos-a-defensores-de-la-tierra-en-2022-ocurrieron-en-america-latina\\\/\",\"url\":\"https:\\\/\\\/www.theoxygenproject.com\\\/es\\\/el-88-de-asesinatos-a-defensores-de-la-tierra-en-2022-ocurrieron-en-america-latina\\\/\",\"name\":\"El 88 % de asesinatos a defensores de la tierra en 2022 ocurrieron en Am\u00e9rica Latina - The Oxygen Project\",\"isPartOf\":{\"@id\":\"https:\\\/\\\/www.theoxygenproject.com\\\/es\\\/#website\"},\"primaryImageOfPage\":{\"@id\":\"https:\\\/\\\/www.theoxygenproject.com\\\/es\\\/el-88-de-asesinatos-a-defensores-de-la-tierra-en-2022-ocurrieron-en-america-latina\\\/#primaryimage\"},\"image\":{\"@id\":\"https:\\\/\\\/www.theoxygenproject.com\\\/es\\\/el-88-de-asesinatos-a-defensores-de-la-tierra-en-2022-ocurrieron-en-america-latina\\\/#primaryimage\"},\"thumbnailUrl\":\"https:\\\/\\\/www.theoxygenproject.com\\\/es\\\/wp-content\\\/uploads\\\/2023\\\/10\\\/TOP_DTD_Mailing-Informe-GlobalWitness-2022-04.jpg\",\"datePublished\":\"2023-10-05T21:08:53+00:00\",\"breadcrumb\":{\"@id\":\"https:\\\/\\\/www.theoxygenproject.com\\\/es\\\/el-88-de-asesinatos-a-defensores-de-la-tierra-en-2022-ocurrieron-en-america-latina\\\/#breadcrumb\"},\"inLanguage\":\"en-US\",\"potentialAction\":[{\"@type\":\"ReadAction\",\"target\":[\"https:\\\/\\\/www.theoxygenproject.com\\\/es\\\/el-88-de-asesinatos-a-defensores-de-la-tierra-en-2022-ocurrieron-en-america-latina\\\/\"]}]},{\"@type\":\"ImageObject\",\"inLanguage\":\"en-US\",\"@id\":\"https:\\\/\\\/www.theoxygenproject.com\\\/es\\\/el-88-de-asesinatos-a-defensores-de-la-tierra-en-2022-ocurrieron-en-america-latina\\\/#primaryimage\",\"url\":\"https:\\\/\\\/www.theoxygenproject.com\\\/es\\\/wp-content\\\/uploads\\\/2023\\\/10\\\/TOP_DTD_Mailing-Informe-GlobalWitness-2022-04.jpg\",\"contentUrl\":\"https:\\\/\\\/www.theoxygenproject.com\\\/es\\\/wp-content\\\/uploads\\\/2023\\\/10\\\/TOP_DTD_Mailing-Informe-GlobalWitness-2022-04.jpg\",\"width\":1251,\"height\":730},{\"@type\":\"BreadcrumbList\",\"@id\":\"https:\\\/\\\/www.theoxygenproject.com\\\/es\\\/el-88-de-asesinatos-a-defensores-de-la-tierra-en-2022-ocurrieron-en-america-latina\\\/#breadcrumb\",\"itemListElement\":[{\"@type\":\"ListItem\",\"position\":1,\"name\":\"Home\",\"item\":\"https:\\\/\\\/www.theoxygenproject.com\\\/es\\\/\"},{\"@type\":\"ListItem\",\"position\":2,\"name\":\"El 88 % de asesinatos a defensores de la tierra en 2022 ocurrieron en Am\u00e9rica Latina\"}]},{\"@type\":\"WebSite\",\"@id\":\"https:\\\/\\\/www.theoxygenproject.com\\\/es\\\/#website\",\"url\":\"https:\\\/\\\/www.theoxygenproject.com\\\/es\\\/\",\"name\":\"The Oxygen Project\",\"description\":\"\",\"publisher\":{\"@id\":\"https:\\\/\\\/www.theoxygenproject.com\\\/es\\\/#organization\"},\"potentialAction\":[{\"@type\":\"SearchAction\",\"target\":{\"@type\":\"EntryPoint\",\"urlTemplate\":\"https:\\\/\\\/www.theoxygenproject.com\\\/es\\\/?s={search_term_string}\"},\"query-input\":{\"@type\":\"PropertyValueSpecification\",\"valueRequired\":true,\"valueName\":\"search_term_string\"}}],\"inLanguage\":\"en-US\"},{\"@type\":\"Organization\",\"@id\":\"https:\\\/\\\/www.theoxygenproject.com\\\/es\\\/#organization\",\"name\":\"The Oxygen Project\",\"url\":\"https:\\\/\\\/www.theoxygenproject.com\\\/es\\\/\",\"logo\":{\"@type\":\"ImageObject\",\"inLanguage\":\"en-US\",\"@id\":\"https:\\\/\\\/www.theoxygenproject.com\\\/es\\\/#\\\/schema\\\/logo\\\/image\\\/\",\"url\":\"https:\\\/\\\/www.theoxygenproject.com\\\/es\\\/wp-content\\\/uploads\\\/2024\\\/05\\\/top-logo-dark.png\",\"contentUrl\":\"https:\\\/\\\/www.theoxygenproject.com\\\/es\\\/wp-content\\\/uploads\\\/2024\\\/05\\\/top-logo-dark.png\",\"width\":384,\"height\":256,\"caption\":\"The Oxygen Project\"},\"image\":{\"@id\":\"https:\\\/\\\/www.theoxygenproject.com\\\/es\\\/#\\\/schema\\\/logo\\\/image\\\/\"},\"sameAs\":[\"https:\\\/\\\/www.facebook.com\\\/theoxygenproj\",\"https:\\\/\\\/x.com\\\/theoxygenproj\"]},{\"@type\":\"Person\",\"@id\":\"https:\\\/\\\/www.theoxygenproject.com\\\/es\\\/#\\\/schema\\\/person\\\/fd1d50a727859a9283fdd988aca8d8fb\",\"name\":\"Pilar R\u00edos\",\"image\":{\"@type\":\"ImageObject\",\"inLanguage\":\"en-US\",\"@id\":\"https:\\\/\\\/secure.gravatar.com\\\/avatar\\\/cb4cf509d6c8cf9193108e3149294241c2397964dbeb5a2a6e6b0a4a4127fc37?s=96&d=mm&r=g\",\"url\":\"https:\\\/\\\/secure.gravatar.com\\\/avatar\\\/cb4cf509d6c8cf9193108e3149294241c2397964dbeb5a2a6e6b0a4a4127fc37?s=96&d=mm&r=g\",\"contentUrl\":\"https:\\\/\\\/secure.gravatar.com\\\/avatar\\\/cb4cf509d6c8cf9193108e3149294241c2397964dbeb5a2a6e6b0a4a4127fc37?s=96&d=mm&r=g\",\"caption\":\"Pilar R\u00edos\"},\"url\":\"https:\\\/\\\/www.theoxygenproject.com\\\/es\\\/author\\\/admin-2\\\/\"}]}<\/script>\n<!-- \/ Yoast SEO plugin. -->","yoast_head_json":{"title":"El 88 % de asesinatos a defensores de la tierra en 2022 ocurrieron en Am\u00e9rica Latina - The Oxygen Project","robots":{"index":"index","follow":"follow","max-snippet":"max-snippet:-1","max-image-preview":"max-image-preview:large","max-video-preview":"max-video-preview:-1"},"canonical":"https:\/\/www.theoxygenproject.com\/es\/el-88-de-asesinatos-a-defensores-de-la-tierra-en-2022-ocurrieron-en-america-latina\/","og_locale":"en_US","og_type":"article","og_title":"El 88 % de asesinatos a defensores de la tierra en 2022 ocurrieron en Am\u00e9rica Latina - The Oxygen Project","og_description":"Este mes de septiembre Global Witness dio a conocer el informe que recopila las muertes denunciadas de defensores y defensoras de la tierra y el medioambiente. El t\u00edtulo: SIEMPRE EN...","og_url":"https:\/\/www.theoxygenproject.com\/es\/el-88-de-asesinatos-a-defensores-de-la-tierra-en-2022-ocurrieron-en-america-latina\/","og_site_name":"The Oxygen Project","article_publisher":"https:\/\/www.facebook.com\/theoxygenproj","article_published_time":"2023-10-05T21:08:53+00:00","author":"Pilar R\u00edos","twitter_card":"summary_large_image","twitter_creator":"@theoxygenproj","twitter_site":"@theoxygenproj","twitter_misc":{"Written by":"Pilar R\u00edos"},"schema":{"@context":"https:\/\/schema.org","@graph":[{"@type":"Article","@id":"https:\/\/www.theoxygenproject.com\/es\/el-88-de-asesinatos-a-defensores-de-la-tierra-en-2022-ocurrieron-en-america-latina\/#article","isPartOf":{"@id":"https:\/\/www.theoxygenproject.com\/es\/el-88-de-asesinatos-a-defensores-de-la-tierra-en-2022-ocurrieron-en-america-latina\/"},"author":{"name":"Pilar R\u00edos","@id":"https:\/\/www.theoxygenproject.com\/es\/#\/schema\/person\/fd1d50a727859a9283fdd988aca8d8fb"},"headline":"El 88 % de asesinatos a defensores de la tierra en 2022 ocurrieron en Am\u00e9rica Latina","datePublished":"2023-10-05T21:08:53+00:00","mainEntityOfPage":{"@id":"https:\/\/www.theoxygenproject.com\/es\/el-88-de-asesinatos-a-defensores-de-la-tierra-en-2022-ocurrieron-en-america-latina\/"},"wordCount":708,"publisher":{"@id":"https:\/\/www.theoxygenproject.com\/es\/#organization"},"image":{"@id":"https:\/\/www.theoxygenproject.com\/es\/el-88-de-asesinatos-a-defensores-de-la-tierra-en-2022-ocurrieron-en-america-latina\/#primaryimage"},"thumbnailUrl":"https:\/\/www.theoxygenproject.com\/es\/wp-content\/uploads\/2023\/10\/TOP_DTD_Mailing-Informe-GlobalWitness-2022-04.jpg","inLanguage":"en-US"},{"@type":"WebPage","@id":"https:\/\/www.theoxygenproject.com\/es\/el-88-de-asesinatos-a-defensores-de-la-tierra-en-2022-ocurrieron-en-america-latina\/","url":"https:\/\/www.theoxygenproject.com\/es\/el-88-de-asesinatos-a-defensores-de-la-tierra-en-2022-ocurrieron-en-america-latina\/","name":"El 88 % de asesinatos a defensores de la tierra en 2022 ocurrieron en Am\u00e9rica Latina - The Oxygen Project","isPartOf":{"@id":"https:\/\/www.theoxygenproject.com\/es\/#website"},"primaryImageOfPage":{"@id":"https:\/\/www.theoxygenproject.com\/es\/el-88-de-asesinatos-a-defensores-de-la-tierra-en-2022-ocurrieron-en-america-latina\/#primaryimage"},"image":{"@id":"https:\/\/www.theoxygenproject.com\/es\/el-88-de-asesinatos-a-defensores-de-la-tierra-en-2022-ocurrieron-en-america-latina\/#primaryimage"},"thumbnailUrl":"https:\/\/www.theoxygenproject.com\/es\/wp-content\/uploads\/2023\/10\/TOP_DTD_Mailing-Informe-GlobalWitness-2022-04.jpg","datePublished":"2023-10-05T21:08:53+00:00","breadcrumb":{"@id":"https:\/\/www.theoxygenproject.com\/es\/el-88-de-asesinatos-a-defensores-de-la-tierra-en-2022-ocurrieron-en-america-latina\/#breadcrumb"},"inLanguage":"en-US","potentialAction":[{"@type":"ReadAction","target":["https:\/\/www.theoxygenproject.com\/es\/el-88-de-asesinatos-a-defensores-de-la-tierra-en-2022-ocurrieron-en-america-latina\/"]}]},{"@type":"ImageObject","inLanguage":"en-US","@id":"https:\/\/www.theoxygenproject.com\/es\/el-88-de-asesinatos-a-defensores-de-la-tierra-en-2022-ocurrieron-en-america-latina\/#primaryimage","url":"https:\/\/www.theoxygenproject.com\/es\/wp-content\/uploads\/2023\/10\/TOP_DTD_Mailing-Informe-GlobalWitness-2022-04.jpg","contentUrl":"https:\/\/www.theoxygenproject.com\/es\/wp-content\/uploads\/2023\/10\/TOP_DTD_Mailing-Informe-GlobalWitness-2022-04.jpg","width":1251,"height":730},{"@type":"BreadcrumbList","@id":"https:\/\/www.theoxygenproject.com\/es\/el-88-de-asesinatos-a-defensores-de-la-tierra-en-2022-ocurrieron-en-america-latina\/#breadcrumb","itemListElement":[{"@type":"ListItem","position":1,"name":"Home","item":"https:\/\/www.theoxygenproject.com\/es\/"},{"@type":"ListItem","position":2,"name":"El 88 % de asesinatos a defensores de la tierra en 2022 ocurrieron en Am\u00e9rica Latina"}]},{"@type":"WebSite","@id":"https:\/\/www.theoxygenproject.com\/es\/#website","url":"https:\/\/www.theoxygenproject.com\/es\/","name":"The Oxygen Project","description":"","publisher":{"@id":"https:\/\/www.theoxygenproject.com\/es\/#organization"},"potentialAction":[{"@type":"SearchAction","target":{"@type":"EntryPoint","urlTemplate":"https:\/\/www.theoxygenproject.com\/es\/?s={search_term_string}"},"query-input":{"@type":"PropertyValueSpecification","valueRequired":true,"valueName":"search_term_string"}}],"inLanguage":"en-US"},{"@type":"Organization","@id":"https:\/\/www.theoxygenproject.com\/es\/#organization","name":"The Oxygen Project","url":"https:\/\/www.theoxygenproject.com\/es\/","logo":{"@type":"ImageObject","inLanguage":"en-US","@id":"https:\/\/www.theoxygenproject.com\/es\/#\/schema\/logo\/image\/","url":"https:\/\/www.theoxygenproject.com\/es\/wp-content\/uploads\/2024\/05\/top-logo-dark.png","contentUrl":"https:\/\/www.theoxygenproject.com\/es\/wp-content\/uploads\/2024\/05\/top-logo-dark.png","width":384,"height":256,"caption":"The Oxygen Project"},"image":{"@id":"https:\/\/www.theoxygenproject.com\/es\/#\/schema\/logo\/image\/"},"sameAs":["https:\/\/www.facebook.com\/theoxygenproj","https:\/\/x.com\/theoxygenproj"]},{"@type":"Person","@id":"https:\/\/www.theoxygenproject.com\/es\/#\/schema\/person\/fd1d50a727859a9283fdd988aca8d8fb","name":"Pilar R\u00edos","image":{"@type":"ImageObject","inLanguage":"en-US","@id":"https:\/\/secure.gravatar.com\/avatar\/cb4cf509d6c8cf9193108e3149294241c2397964dbeb5a2a6e6b0a4a4127fc37?s=96&d=mm&r=g","url":"https:\/\/secure.gravatar.com\/avatar\/cb4cf509d6c8cf9193108e3149294241c2397964dbeb5a2a6e6b0a4a4127fc37?s=96&d=mm&r=g","contentUrl":"https:\/\/secure.gravatar.com\/avatar\/cb4cf509d6c8cf9193108e3149294241c2397964dbeb5a2a6e6b0a4a4127fc37?s=96&d=mm&r=g","caption":"Pilar R\u00edos"},"url":"https:\/\/www.theoxygenproject.com\/es\/author\/admin-2\/"}]}},"_links":{"self":[{"href":"https:\/\/www.theoxygenproject.com\/es\/wp-json\/wp\/v2\/posts\/2053","targetHints":{"allow":["GET"]}}],"collection":[{"href":"https:\/\/www.theoxygenproject.com\/es\/wp-json\/wp\/v2\/posts"}],"about":[{"href":"https:\/\/www.theoxygenproject.com\/es\/wp-json\/wp\/v2\/types\/post"}],"author":[{"embeddable":true,"href":"https:\/\/www.theoxygenproject.com\/es\/wp-json\/wp\/v2\/users\/3"}],"replies":[{"embeddable":true,"href":"https:\/\/www.theoxygenproject.com\/es\/wp-json\/wp\/v2\/comments?post=2053"}],"version-history":[{"count":0,"href":"https:\/\/www.theoxygenproject.com\/es\/wp-json\/wp\/v2\/posts\/2053\/revisions"}],"wp:featuredmedia":[{"embeddable":true,"href":"https:\/\/www.theoxygenproject.com\/es\/wp-json\/wp\/v2\/media\/2056"}],"wp:attachment":[{"href":"https:\/\/www.theoxygenproject.com\/es\/wp-json\/wp\/v2\/media?parent=2053"}],"wp:term":[{"taxonomy":"category","embeddable":true,"href":"https:\/\/www.theoxygenproject.com\/es\/wp-json\/wp\/v2\/categories?post=2053"},{"taxonomy":"post_tag","embeddable":true,"href":"https:\/\/www.theoxygenproject.com\/es\/wp-json\/wp\/v2\/tags?post=2053"}],"curies":[{"name":"wp","href":"https:\/\/api.w.org\/{rel}","templated":true}]}}