{"id":2042,"date":"2023-07-06T17:38:27","date_gmt":"2023-07-06T14:38:27","guid":{"rendered":"https:\/\/www.theoxygenproject.com\/es\/?p=2042"},"modified":"2023-07-06T17:38:27","modified_gmt":"2023-07-06T14:38:27","slug":"el-barco-minero-mas-grande-del-mundo-esta-en-mexico-listo-para-el-ecocidio-del-oceano-profundo","status":"publish","type":"post","link":"https:\/\/www.theoxygenproject.com\/es\/el-barco-minero-mas-grande-del-mundo-esta-en-mexico-listo-para-el-ecocidio-del-oceano-profundo\/","title":{"rendered":"El barco minero m\u00e1s grande del mundo, est\u00e1 en M\u00e9xico listo para el ecocidio del oc\u00e9ano profundo"},"content":{"rendered":"<p><span style=\"font-weight: 400;\">El nombre Hidden Gem ya se est\u00e1 grabando en las personas que circulan por el puerto de Manzanillo (M\u00e9xico), desde la costa se puede ver lo cerca que se encuentra esta monstruosa embarcaci\u00f3n la que zarp\u00f3 al pac\u00edfico el 13 de septiembre a realizar exploraci\u00f3n para miner\u00eda en aguas profundas entre M\u00e9xico y Hawai.<\/span><\/p>\n<p><span style=\"font-weight: 400;\">Este barco, perteneciente a la compa\u00f1\u00eda Allseas y usado por The Metals Company, lleva meses anclado en el puerto de Manzanillo luego de haber navegado en la zona Clari\u00f3n-Clipperton el a\u00f1o pasado, para probar su maquinaria destinada para actividades de miner\u00eda submarina.<\/span><\/p>\n<p><a href=\"https:\/\/www.instagram.com\/p\/CtzHnhROVhv\/\"><img loading=\"lazy\" decoding=\"async\" src=\"https:\/\/www.theoxygenproject.com\/es\/wp-content\/uploads\/2023\/07\/Captura-de-pantalla-2023-07-05-153922.png\" alt=\"\" width=\"608\" height=\"448\" class=\"aligncenter size-full wp-image-2045\" srcset=\"https:\/\/www.theoxygenproject.com\/es\/wp-content\/uploads\/2023\/07\/Captura-de-pantalla-2023-07-05-153922.png 608w, https:\/\/www.theoxygenproject.com\/es\/wp-content\/uploads\/2023\/07\/Captura-de-pantalla-2023-07-05-153922-300x221.png 300w\" sizes=\"auto, (max-width: 608px) 100vw, 608px\" \/><\/a><\/p>\n<p>&nbsp;<\/p>\n<h4><span style=\"font-weight: 400;\">En los pr\u00f3ximos d\u00edas se realizar\u00e1 la reuni\u00f3n de la Autoridad Internacional de los Fondos Marinos en Jamaica, donde M\u00e9xico ostenta la Presidencia del Consejo, es por esto que organizaciones urgen al gobierno de M\u00e9xico a mostrar su compromiso por la protecci\u00f3n de los oc\u00e9anos y oponerse a la miner\u00eda submarina.\u00a0<\/span><\/h4>\n<p><span style=\"font-weight: 400;\">En conferencia de prensa en Manzanillo, este 3 de julio, voceros de las organizaciones dejaron claro que las profundidades marinas \u201cconstituyen la mayor fuente de diversidad de especies y ecosistemas de la Tierra\u201d y \u201csustentan los diversos procesos ecosist\u00e9micos necesarios para el funcionamiento de los sistemas naturales del planeta. Los cient\u00edficos advierten que los impactos ambientales de la miner\u00eda de los fondos marinos ser\u00edan catastr\u00f3ficos, de grandes proporciones e irreversibles en escalas de tiempo humanas. Algunas consecuencias incluyen la extinci\u00f3n de especies de aguas profundas, la destrucci\u00f3n de ecosistemas y h\u00e1bitats, las tormentas de sedimentos submarinos, el vertido de aguas residuales, la contaminaci\u00f3n ac\u00fastica y lum\u00ednica incesante.<\/span><\/p>\n<h6 style=\"text-align: center;\"><span style=\"font-weight: 400;\">Es urgente detener la miner\u00eda en aguas profundas antes de que inicie. A\u00fan se requiere m\u00e1s investigaci\u00f3n para entender el funcionamiento del ecosistema y conocer la biodiversidad que habita en el fondo del oc\u00e9ano, pero existe evidencia suficiente como para entender que la miner\u00eda en aguas profundas es inconsistente con un futuro sostenible.<\/span><a href=\"https:\/\/www.greenpeace.org\/mexico\/noticia\/52644\/organizaciones-urgen-al-gobierno-de-mexico-a-mostrar-su-compromiso-por-la-proteccion-de-los-oceanos-y-oponerse-a-la-mineria-submarina\/\"><img loading=\"lazy\" decoding=\"async\" src=\"https:\/\/www.theoxygenproject.com\/es\/wp-content\/uploads\/2023\/07\/53e5bd86-whatsapp-image-2023-07-03-at-16.51.37-1024x768-1.jpeg\" alt=\"\" width=\"1024\" height=\"768\" class=\"aligncenter size-full wp-image-2044\" srcset=\"https:\/\/www.theoxygenproject.com\/es\/wp-content\/uploads\/2023\/07\/53e5bd86-whatsapp-image-2023-07-03-at-16.51.37-1024x768-1.jpeg 1024w, https:\/\/www.theoxygenproject.com\/es\/wp-content\/uploads\/2023\/07\/53e5bd86-whatsapp-image-2023-07-03-at-16.51.37-1024x768-1-300x225.jpeg 300w, https:\/\/www.theoxygenproject.com\/es\/wp-content\/uploads\/2023\/07\/53e5bd86-whatsapp-image-2023-07-03-at-16.51.37-1024x768-1-768x576.jpeg 768w\" sizes=\"auto, (max-width: 1024px) 100vw, 1024px\" \/><em>Activistas de diversas organizaciones se manifiestan el pasado 3 de julio contra la miner\u00eda submarina a unos metros del Hiden Gem, barco dedicado a la exploraci\u00f3n de miner\u00eda submarina, atracado desde hace meses en Manzanillo, Colima.<\/em><\/a><\/h6>\n<p><span style=\"font-weight: 400;\">La miner\u00eda en aguas profundas es una de las cinco grandes amenazas que actualmente enfrentan los oc\u00e9anos, actividad extractiva que todav\u00eda no inicia. El mundo est\u00e1 a\u00fan a tiempo de detenerla, por lo que es urgente que M\u00e9xico demuestre su compromiso con la protecci\u00f3n de los oc\u00e9anos y tome una postura en contra de la miner\u00eda en aguas profundas en la pr\u00f3xima reuni\u00f3n de la Autoridad Internacional de los Fondos Marinos (ISA por sus siglas en ingl\u00e9s), reuni\u00f3n que se llevar\u00e1 a cabo en Jamaica (Sesi\u00f3n del Consejo del 10 al 21 de julio, y la Asamblea del 24 al 28 de julio).<\/span><\/p>\n<p><i><span style=\"font-weight: 400;\">\u201cNo se pueden terminar regulaciones cuando ni siquiera se tiene informaci\u00f3n necesaria para redactar las bases de ella. Hemos visto lo inaccesible que pueden ser los fondos marinos, con el accidente del sumergible \u2018Titan\u2019; solo 6 submarinos pueden llegar a esa profundidad y uno de ellos ha desaparecido. Los fondos marinos son muy dif\u00edciles de estudiar debido a su profundidad. Necesitamos que M\u00e9xico se sume al pedido de pausa precautoria y en caso se presente una pol\u00edtica general de moratoria, en la cual pueda votar a favor\u201d. <\/span><\/i><b><i>Daniel C\u00e1ceres, representante regional por hispanoam\u00e9rica de Sustainable Ocean Alliance, mencion\u00f3.<\/i><\/b><\/p>\n<p><i><span style=\"font-weight: 400;\">Nuestro pa\u00eds debe de ser responsable con los compromisos adquiridos a nivel internacional y congruente con posicionar su papel en favor de la conservaci\u00f3n y en contra de la miner\u00eda submarina en la pr\u00f3xima reuni\u00f3n de la Autoridad Internacional de los Fondos Marinos.\u201d <\/span><\/i><b><i>se\u00f1al\u00f3 Alexandra Zenzes, Coordinadora de Vinculaci\u00f3n Institucional de Beta Diversidad.<\/i><\/b><\/p>\n<p><i><span style=\"font-weight: 400;\">\u201cEs esencial involucrar a la sociedad civil utilizando la educaci\u00f3n ambiental, el fomento a las alternativas sostenibles y colaborar estrechamente para compartir recursos, conocimientos ambientales y socioecon\u00f3micos asociados a esta pr\u00e1ctica devastadora. Desde SOA M\u00e9xico, promovemos el liderazgo oce\u00e1nico de la juventud, que busca salvaguardar los recursos naturales para las futuras generaciones. El\u00a0 objetivo de la campa\u00f1a es darle voz a la juventud mexicana, quienes exigen su derecho a vivir en un medio ambiente sano y equilibrado\u201d, <\/span><\/i><b><i>citaron Valeria Maga\u00f1a y Anissa Vel\u00e1zquez, representantes del cap\u00edtulo nacional de Sustainable Ocean Alliance.<\/i><\/b><\/p>\n<p><b><i>La lucha contra la miner\u00eda submarina requiere de un esfuerzo conjunto y coordinado. La uni\u00f3n de organizaciones y ciudadan\u00eda\u00a0 puede marcar la diferencia y contribuir a proteger los oc\u00e9anos para las generaciones futuras.\u00a0<\/i><\/b><\/p>\n<p><span style=\"font-weight: 400;\">Junto a <\/span><a href=\"https:\/\/www.instagram.com\/theoxygenproject.es\/\"><span style=\"font-weight: 400;\">The Oxygen Project<\/span><\/a><span style=\"font-weight: 400;\">, <\/span><a href=\"https:\/\/www.instagram.com\/soamexico\/\"><span style=\"font-weight: 400;\">Sustainable Ocean Alliance <\/span><span style=\"font-weight: 400;\">M\u00e9xico<\/span><\/a><span style=\"font-weight: 400;\">, <\/span><a href=\"https:\/\/www.instagram.com\/soamexico\/\"><span style=\"font-weight: 400;\">Mares de M\u00e9xico<\/span><\/a><span style=\"font-weight: 400;\">, <\/span><a href=\"https:\/\/www.instagram.com\/change_mx\/\"><span style=\"font-weight: 400;\">Change.org<\/span><\/a><span style=\"font-weight: 400;\"> y <\/span><a href=\"https:\/\/www.instagram.com\/look_down_action\/\"><span style=\"font-weight: 400;\">Look Down<\/span><\/a> <span style=\"font-weight: 400;\">queremos invitarles a participar del d\u00eda de acci\u00f3n.<\/span><\/p>\n<p style=\"text-align: center;\"><b>Digamos juntos: NO a la Miner\u00eda Submarina<br \/>\n<\/b><b><span style=\"color: #008000;\">Te invitamos al D\u00cdA MUNDIAL DE ACCI\u00d3N DIGITAL POR M\u00c9XICO\u00a0<\/span><br \/>\n<\/b><b>Jueves 6 al Viernes 7 de julio 2023<\/b><\/p>\n<p style=\"text-align: center;\"><b>\u00a1Necesitamos tu ayuda! La cuenta regresiva corre: Tenemos hasta julio de este a\u00f1o para tomar acci\u00f3n y salvar las profundidades marinas<\/b><span style=\"font-weight: 400;\">\u00a0<\/span><\/p>\n<p><img loading=\"lazy\" decoding=\"async\" src=\"https:\/\/www.theoxygenproject.com\/es\/wp-content\/uploads\/2023\/07\/header.png\" alt=\"\" width=\"800\" height=\"420\" class=\"aligncenter size-full wp-image-2046\" srcset=\"https:\/\/www.theoxygenproject.com\/es\/wp-content\/uploads\/2023\/07\/header.png 800w, https:\/\/www.theoxygenproject.com\/es\/wp-content\/uploads\/2023\/07\/header-300x158.png 300w, https:\/\/www.theoxygenproject.com\/es\/wp-content\/uploads\/2023\/07\/header-768x403.png 768w\" sizes=\"auto, (max-width: 800px) 100vw, 800px\" \/><\/p>\n<p><span style=\"font-weight: 400;\">Hoy, jueves 6 y viernes 7 de julio, es <\/span><b>D\u00eda de Acci\u00f3n Mundial por M\u00e9xico<\/b><span style=\"font-weight: 400;\">, donde <\/span><b>solicitamos al Gobierno que se pronuncie en contra de esta actividad en la <\/b><span style=\"font-weight: 400;\">Asamblea de la Autoridad Internacional de Fondos Marinos (ISA). Nuestro objetivo es ejercer presi\u00f3n a trav\u00e9s de nuestras plataformas de redes sociales y llamar la atenci\u00f3n de las consecuencias.\u00a0<\/span><\/p>\n<p><img loading=\"lazy\" decoding=\"async\" src=\"https:\/\/www.theoxygenproject.com\/es\/wp-content\/uploads\/2023\/07\/3-acciones.jpg\" alt=\"\" width=\"1251\" height=\"835\" class=\"aligncenter size-full wp-image-2047\" srcset=\"https:\/\/www.theoxygenproject.com\/es\/wp-content\/uploads\/2023\/07\/3-acciones.jpg 1251w, https:\/\/www.theoxygenproject.com\/es\/wp-content\/uploads\/2023\/07\/3-acciones-300x200.jpg 300w, https:\/\/www.theoxygenproject.com\/es\/wp-content\/uploads\/2023\/07\/3-acciones-1024x683.jpg 1024w, https:\/\/www.theoxygenproject.com\/es\/wp-content\/uploads\/2023\/07\/3-acciones-768x513.jpg 768w\" sizes=\"auto, (max-width: 1251px) 100vw, 1251px\" \/><\/p>\n<p><b>1. Participa de nuestra tormenta de Tweet\u00a0<\/b><\/p>\n<ul>\n<li style=\"font-weight: 400;\" aria-level=\"1\"><span style=\"font-weight: 400;\">Haz retweet <\/span><a href=\"https:\/\/twitter.com\/TheOxygenProj\"><span style=\"font-weight: 400;\">@TheOxygenProj<\/span><\/a><span style=\"font-weight: 400;\"> https:\/\/twitter.com\/TheOxygenProj\/status\/1676999035020771331\u00a0<\/span><\/li>\n<li style=\"font-weight: 400;\" aria-level=\"1\"><span style=\"font-weight: 400;\">Tweet\u00a0 <\/span><a href=\"https:\/\/ctt.ac\/29239\"><b>AQU\u00cd<\/b><\/a><b><\/b><b><\/b><b><\/b><b><\/b><\/li>\n<\/ul>\n<p><b>2. Env\u00eda mail al gobierno de M\u00e9xico<\/b><a href=\"https:\/\/l.linklyhq.com\/l\/1qSh0\"><b> AQU\u00cd<\/b><\/a><b>\u00a0<\/b><\/p>\n<p><b>3. Firma la petici\u00f3n<\/b><span style=\"font-weight: 400;\"> NO a la Miner\u00eda Submarina<\/span><a href=\"https:\/\/www.change.org\/p\/m%C3%A9xico-di-no-a-la-miner%C3%ADa-submarina-y-protejamos-los-fondos-marinos-internacionales\"> <b>AQU\u00cd<\/b><\/a><\/p>\n<p><img loading=\"lazy\" decoding=\"async\" src=\"https:\/\/www.theoxygenproject.com\/es\/wp-content\/uploads\/2023\/07\/img-1.jpg\" alt=\"\" width=\"1251\" height=\"834\" class=\"aligncenter size-full wp-image-2048\" srcset=\"https:\/\/www.theoxygenproject.com\/es\/wp-content\/uploads\/2023\/07\/img-1.jpg 1251w, https:\/\/www.theoxygenproject.com\/es\/wp-content\/uploads\/2023\/07\/img-1-300x200.jpg 300w, https:\/\/www.theoxygenproject.com\/es\/wp-content\/uploads\/2023\/07\/img-1-1024x683.jpg 1024w, https:\/\/www.theoxygenproject.com\/es\/wp-content\/uploads\/2023\/07\/img-1-768x512.jpg 768w\" sizes=\"auto, (max-width: 1251px) 100vw, 1251px\" \/><\/p>\n<ul><\/ul>\n<ol><\/ol>\n<ul><\/ul>\n<p style=\"text-align: center;\"><b>\u00a0\u00a0\u00a0\u00a0\u00a0\u00a0<\/b><a href=\"https:\/\/docs.google.com\/document\/d\/1_ee6TnpV0ZZT7FrrsRvxflCOYX4nRXNiFwrKjtH-xVg\/edit?usp=sharing\"><b>AQU\u00cd<\/b><\/a><b> kit de acci\u00f3n para que participes\u00a0<\/b><\/p>\n<p><em><span style=\"font-weight: 400;\">Fuente Greenpeace M\u00e9xico <\/span><a href=\"https:\/\/www.greenpeace.org\/mexico\/noticia\/52644\/organizaciones-urgen-al-gobierno-de-mexico-a-mostrar-su-compromiso-por-la-proteccion-de-los-oceanos-y-oponerse-a-la-mineria-submarina\/\"><span style=\"font-weight: 400;\">\u201c<\/span><b>Organizaciones urgen al gobierno de M\u00e9xico a mostrar su compromiso por la protecci\u00f3n de los oc\u00e9anos y oponerse a la miner\u00eda submarina\u201d<\/b><\/a><\/em><\/p>\n<p><a href=\"https:\/\/www.greenpeace.org\/mexico\/noticia\/52644\/organizaciones-urgen-al-gobierno-de-mexico-a-mostrar-su-compromiso-por-la-proteccion-de-los-oceanos-y-oponerse-a-la-mineria-submarina\/\"><\/a><\/p>\n<p>&nbsp;<\/p>\n","protected":false},"excerpt":{"rendered":"<p>El nombre Hidden Gem ya se est\u00e1 grabando en las personas que circulan por el puerto de Manzanillo (M\u00e9xico), desde la costa se puede ver lo cerca que se encuentra&#8230;<\/p>\n","protected":false},"author":3,"featured_media":2044,"comment_status":"closed","ping_status":"closed","sticky":false,"template":"","format":"standard","meta":{"_mo_disable_npp":"","footnotes":""},"categories":[3,10,5,7,9],"tags":[],"class_list":["post-2042","post","type-post","status-publish","format-standard","has-post-thumbnail","hentry","category-accion-climatica","category-agua","category-cambio-climatico","category-fondo-marino","category-solutions"],"yoast_head":"<!-- This site is optimized with the Yoast SEO plugin v28.3 - https:\/\/yoast.com\/product\/yoast-seo-wordpress\/ -->\n<title>El barco minero m\u00e1s grande del mundo, est\u00e1 en M\u00e9xico listo para el ecocidio del oc\u00e9ano profundo - The Oxygen Project<\/title>\n<meta name=\"robots\" content=\"index, follow, max-snippet:-1, max-image-preview:large, max-video-preview:-1\" \/>\n<link rel=\"canonical\" href=\"https:\/\/www.theoxygenproject.com\/es\/el-barco-minero-mas-grande-del-mundo-esta-en-mexico-listo-para-el-ecocidio-del-oceano-profundo\/\" \/>\n<meta property=\"og:locale\" content=\"en_US\" \/>\n<meta property=\"og:type\" content=\"article\" \/>\n<meta property=\"og:title\" content=\"El barco minero m\u00e1s grande del mundo, est\u00e1 en M\u00e9xico listo para el ecocidio del oc\u00e9ano profundo - The Oxygen Project\" \/>\n<meta property=\"og:description\" content=\"El nombre Hidden Gem ya se est\u00e1 grabando en las personas que circulan por el puerto de Manzanillo (M\u00e9xico), desde la costa se puede ver lo cerca que se encuentra...\" \/>\n<meta property=\"og:url\" content=\"https:\/\/www.theoxygenproject.com\/es\/el-barco-minero-mas-grande-del-mundo-esta-en-mexico-listo-para-el-ecocidio-del-oceano-profundo\/\" \/>\n<meta property=\"og:site_name\" content=\"The Oxygen Project\" \/>\n<meta property=\"article:publisher\" content=\"https:\/\/www.facebook.com\/theoxygenproj\" \/>\n<meta property=\"article:published_time\" content=\"2023-07-06T14:38:27+00:00\" \/>\n<meta name=\"author\" content=\"Pilar R\u00edos\" \/>\n<meta name=\"twitter:card\" content=\"summary_large_image\" \/>\n<meta name=\"twitter:creator\" content=\"@theoxygenproj\" \/>\n<meta name=\"twitter:site\" content=\"@theoxygenproj\" \/>\n<meta name=\"twitter:label1\" content=\"Written by\" \/>\n\t<meta name=\"twitter:data1\" content=\"Pilar R\u00edos\" \/>\n<script type=\"application\/ld+json\" class=\"yoast-schema-graph\">{\"@context\":\"https:\\\/\\\/schema.org\",\"@graph\":[{\"@type\":\"Article\",\"@id\":\"https:\\\/\\\/www.theoxygenproject.com\\\/es\\\/el-barco-minero-mas-grande-del-mundo-esta-en-mexico-listo-para-el-ecocidio-del-oceano-profundo\\\/#article\",\"isPartOf\":{\"@id\":\"https:\\\/\\\/www.theoxygenproject.com\\\/es\\\/el-barco-minero-mas-grande-del-mundo-esta-en-mexico-listo-para-el-ecocidio-del-oceano-profundo\\\/\"},\"author\":{\"name\":\"Pilar R\u00edos\",\"@id\":\"https:\\\/\\\/www.theoxygenproject.com\\\/es\\\/#\\\/schema\\\/person\\\/fd1d50a727859a9283fdd988aca8d8fb\"},\"headline\":\"El barco minero m\u00e1s grande del mundo, est\u00e1 en M\u00e9xico listo para el ecocidio del oc\u00e9ano profundo\",\"datePublished\":\"2023-07-06T14:38:27+00:00\",\"mainEntityOfPage\":{\"@id\":\"https:\\\/\\\/www.theoxygenproject.com\\\/es\\\/el-barco-minero-mas-grande-del-mundo-esta-en-mexico-listo-para-el-ecocidio-del-oceano-profundo\\\/\"},\"wordCount\":1026,\"publisher\":{\"@id\":\"https:\\\/\\\/www.theoxygenproject.com\\\/es\\\/#organization\"},\"image\":{\"@id\":\"https:\\\/\\\/www.theoxygenproject.com\\\/es\\\/el-barco-minero-mas-grande-del-mundo-esta-en-mexico-listo-para-el-ecocidio-del-oceano-profundo\\\/#primaryimage\"},\"thumbnailUrl\":\"https:\\\/\\\/www.theoxygenproject.com\\\/es\\\/wp-content\\\/uploads\\\/2023\\\/07\\\/53e5bd86-whatsapp-image-2023-07-03-at-16.51.37-1024x768-1.jpeg\",\"articleSection\":[\"Acci\u00f3n Clim\u00e1tica\",\"Agua\",\"Cambio clim\u00e1tico\",\"Defend The Deep\",\"Soluciones\"],\"inLanguage\":\"en-US\"},{\"@type\":\"WebPage\",\"@id\":\"https:\\\/\\\/www.theoxygenproject.com\\\/es\\\/el-barco-minero-mas-grande-del-mundo-esta-en-mexico-listo-para-el-ecocidio-del-oceano-profundo\\\/\",\"url\":\"https:\\\/\\\/www.theoxygenproject.com\\\/es\\\/el-barco-minero-mas-grande-del-mundo-esta-en-mexico-listo-para-el-ecocidio-del-oceano-profundo\\\/\",\"name\":\"El barco minero m\u00e1s grande del mundo, est\u00e1 en M\u00e9xico listo para el ecocidio del oc\u00e9ano profundo - The Oxygen Project\",\"isPartOf\":{\"@id\":\"https:\\\/\\\/www.theoxygenproject.com\\\/es\\\/#website\"},\"primaryImageOfPage\":{\"@id\":\"https:\\\/\\\/www.theoxygenproject.com\\\/es\\\/el-barco-minero-mas-grande-del-mundo-esta-en-mexico-listo-para-el-ecocidio-del-oceano-profundo\\\/#primaryimage\"},\"image\":{\"@id\":\"https:\\\/\\\/www.theoxygenproject.com\\\/es\\\/el-barco-minero-mas-grande-del-mundo-esta-en-mexico-listo-para-el-ecocidio-del-oceano-profundo\\\/#primaryimage\"},\"thumbnailUrl\":\"https:\\\/\\\/www.theoxygenproject.com\\\/es\\\/wp-content\\\/uploads\\\/2023\\\/07\\\/53e5bd86-whatsapp-image-2023-07-03-at-16.51.37-1024x768-1.jpeg\",\"datePublished\":\"2023-07-06T14:38:27+00:00\",\"breadcrumb\":{\"@id\":\"https:\\\/\\\/www.theoxygenproject.com\\\/es\\\/el-barco-minero-mas-grande-del-mundo-esta-en-mexico-listo-para-el-ecocidio-del-oceano-profundo\\\/#breadcrumb\"},\"inLanguage\":\"en-US\",\"potentialAction\":[{\"@type\":\"ReadAction\",\"target\":[\"https:\\\/\\\/www.theoxygenproject.com\\\/es\\\/el-barco-minero-mas-grande-del-mundo-esta-en-mexico-listo-para-el-ecocidio-del-oceano-profundo\\\/\"]}]},{\"@type\":\"ImageObject\",\"inLanguage\":\"en-US\",\"@id\":\"https:\\\/\\\/www.theoxygenproject.com\\\/es\\\/el-barco-minero-mas-grande-del-mundo-esta-en-mexico-listo-para-el-ecocidio-del-oceano-profundo\\\/#primaryimage\",\"url\":\"https:\\\/\\\/www.theoxygenproject.com\\\/es\\\/wp-content\\\/uploads\\\/2023\\\/07\\\/53e5bd86-whatsapp-image-2023-07-03-at-16.51.37-1024x768-1.jpeg\",\"contentUrl\":\"https:\\\/\\\/www.theoxygenproject.com\\\/es\\\/wp-content\\\/uploads\\\/2023\\\/07\\\/53e5bd86-whatsapp-image-2023-07-03-at-16.51.37-1024x768-1.jpeg\",\"width\":1024,\"height\":768},{\"@type\":\"BreadcrumbList\",\"@id\":\"https:\\\/\\\/www.theoxygenproject.com\\\/es\\\/el-barco-minero-mas-grande-del-mundo-esta-en-mexico-listo-para-el-ecocidio-del-oceano-profundo\\\/#breadcrumb\",\"itemListElement\":[{\"@type\":\"ListItem\",\"position\":1,\"name\":\"Home\",\"item\":\"https:\\\/\\\/www.theoxygenproject.com\\\/es\\\/\"},{\"@type\":\"ListItem\",\"position\":2,\"name\":\"El barco minero m\u00e1s grande del mundo, est\u00e1 en M\u00e9xico listo para el ecocidio del oc\u00e9ano profundo\"}]},{\"@type\":\"WebSite\",\"@id\":\"https:\\\/\\\/www.theoxygenproject.com\\\/es\\\/#website\",\"url\":\"https:\\\/\\\/www.theoxygenproject.com\\\/es\\\/\",\"name\":\"The Oxygen Project\",\"description\":\"\",\"publisher\":{\"@id\":\"https:\\\/\\\/www.theoxygenproject.com\\\/es\\\/#organization\"},\"potentialAction\":[{\"@type\":\"SearchAction\",\"target\":{\"@type\":\"EntryPoint\",\"urlTemplate\":\"https:\\\/\\\/www.theoxygenproject.com\\\/es\\\/?s={search_term_string}\"},\"query-input\":{\"@type\":\"PropertyValueSpecification\",\"valueRequired\":true,\"valueName\":\"search_term_string\"}}],\"inLanguage\":\"en-US\"},{\"@type\":\"Organization\",\"@id\":\"https:\\\/\\\/www.theoxygenproject.com\\\/es\\\/#organization\",\"name\":\"The Oxygen Project\",\"url\":\"https:\\\/\\\/www.theoxygenproject.com\\\/es\\\/\",\"logo\":{\"@type\":\"ImageObject\",\"inLanguage\":\"en-US\",\"@id\":\"https:\\\/\\\/www.theoxygenproject.com\\\/es\\\/#\\\/schema\\\/logo\\\/image\\\/\",\"url\":\"https:\\\/\\\/www.theoxygenproject.com\\\/es\\\/wp-content\\\/uploads\\\/2024\\\/05\\\/top-logo-dark.png\",\"contentUrl\":\"https:\\\/\\\/www.theoxygenproject.com\\\/es\\\/wp-content\\\/uploads\\\/2024\\\/05\\\/top-logo-dark.png\",\"width\":384,\"height\":256,\"caption\":\"The Oxygen Project\"},\"image\":{\"@id\":\"https:\\\/\\\/www.theoxygenproject.com\\\/es\\\/#\\\/schema\\\/logo\\\/image\\\/\"},\"sameAs\":[\"https:\\\/\\\/www.facebook.com\\\/theoxygenproj\",\"https:\\\/\\\/x.com\\\/theoxygenproj\"]},{\"@type\":\"Person\",\"@id\":\"https:\\\/\\\/www.theoxygenproject.com\\\/es\\\/#\\\/schema\\\/person\\\/fd1d50a727859a9283fdd988aca8d8fb\",\"name\":\"Pilar R\u00edos\",\"image\":{\"@type\":\"ImageObject\",\"inLanguage\":\"en-US\",\"@id\":\"https:\\\/\\\/secure.gravatar.com\\\/avatar\\\/cb4cf509d6c8cf9193108e3149294241c2397964dbeb5a2a6e6b0a4a4127fc37?s=96&d=mm&r=g\",\"url\":\"https:\\\/\\\/secure.gravatar.com\\\/avatar\\\/cb4cf509d6c8cf9193108e3149294241c2397964dbeb5a2a6e6b0a4a4127fc37?s=96&d=mm&r=g\",\"contentUrl\":\"https:\\\/\\\/secure.gravatar.com\\\/avatar\\\/cb4cf509d6c8cf9193108e3149294241c2397964dbeb5a2a6e6b0a4a4127fc37?s=96&d=mm&r=g\",\"caption\":\"Pilar R\u00edos\"},\"url\":\"https:\\\/\\\/www.theoxygenproject.com\\\/es\\\/author\\\/admin-2\\\/\"}]}<\/script>\n<!-- \/ Yoast SEO plugin. -->","yoast_head_json":{"title":"El barco minero m\u00e1s grande del mundo, est\u00e1 en M\u00e9xico listo para el ecocidio del oc\u00e9ano profundo - The Oxygen Project","robots":{"index":"index","follow":"follow","max-snippet":"max-snippet:-1","max-image-preview":"max-image-preview:large","max-video-preview":"max-video-preview:-1"},"canonical":"https:\/\/www.theoxygenproject.com\/es\/el-barco-minero-mas-grande-del-mundo-esta-en-mexico-listo-para-el-ecocidio-del-oceano-profundo\/","og_locale":"en_US","og_type":"article","og_title":"El barco minero m\u00e1s grande del mundo, est\u00e1 en M\u00e9xico listo para el ecocidio del oc\u00e9ano profundo - The Oxygen Project","og_description":"El nombre Hidden Gem ya se est\u00e1 grabando en las personas que circulan por el puerto de Manzanillo (M\u00e9xico), desde la costa se puede ver lo cerca que se encuentra...","og_url":"https:\/\/www.theoxygenproject.com\/es\/el-barco-minero-mas-grande-del-mundo-esta-en-mexico-listo-para-el-ecocidio-del-oceano-profundo\/","og_site_name":"The Oxygen Project","article_publisher":"https:\/\/www.facebook.com\/theoxygenproj","article_published_time":"2023-07-06T14:38:27+00:00","author":"Pilar R\u00edos","twitter_card":"summary_large_image","twitter_creator":"@theoxygenproj","twitter_site":"@theoxygenproj","twitter_misc":{"Written by":"Pilar R\u00edos"},"schema":{"@context":"https:\/\/schema.org","@graph":[{"@type":"Article","@id":"https:\/\/www.theoxygenproject.com\/es\/el-barco-minero-mas-grande-del-mundo-esta-en-mexico-listo-para-el-ecocidio-del-oceano-profundo\/#article","isPartOf":{"@id":"https:\/\/www.theoxygenproject.com\/es\/el-barco-minero-mas-grande-del-mundo-esta-en-mexico-listo-para-el-ecocidio-del-oceano-profundo\/"},"author":{"name":"Pilar R\u00edos","@id":"https:\/\/www.theoxygenproject.com\/es\/#\/schema\/person\/fd1d50a727859a9283fdd988aca8d8fb"},"headline":"El barco minero m\u00e1s grande del mundo, est\u00e1 en M\u00e9xico listo para el ecocidio del oc\u00e9ano profundo","datePublished":"2023-07-06T14:38:27+00:00","mainEntityOfPage":{"@id":"https:\/\/www.theoxygenproject.com\/es\/el-barco-minero-mas-grande-del-mundo-esta-en-mexico-listo-para-el-ecocidio-del-oceano-profundo\/"},"wordCount":1026,"publisher":{"@id":"https:\/\/www.theoxygenproject.com\/es\/#organization"},"image":{"@id":"https:\/\/www.theoxygenproject.com\/es\/el-barco-minero-mas-grande-del-mundo-esta-en-mexico-listo-para-el-ecocidio-del-oceano-profundo\/#primaryimage"},"thumbnailUrl":"https:\/\/www.theoxygenproject.com\/es\/wp-content\/uploads\/2023\/07\/53e5bd86-whatsapp-image-2023-07-03-at-16.51.37-1024x768-1.jpeg","articleSection":["Acci\u00f3n Clim\u00e1tica","Agua","Cambio clim\u00e1tico","Defend The Deep","Soluciones"],"inLanguage":"en-US"},{"@type":"WebPage","@id":"https:\/\/www.theoxygenproject.com\/es\/el-barco-minero-mas-grande-del-mundo-esta-en-mexico-listo-para-el-ecocidio-del-oceano-profundo\/","url":"https:\/\/www.theoxygenproject.com\/es\/el-barco-minero-mas-grande-del-mundo-esta-en-mexico-listo-para-el-ecocidio-del-oceano-profundo\/","name":"El barco minero m\u00e1s grande del mundo, est\u00e1 en M\u00e9xico listo para el ecocidio del oc\u00e9ano profundo - The Oxygen Project","isPartOf":{"@id":"https:\/\/www.theoxygenproject.com\/es\/#website"},"primaryImageOfPage":{"@id":"https:\/\/www.theoxygenproject.com\/es\/el-barco-minero-mas-grande-del-mundo-esta-en-mexico-listo-para-el-ecocidio-del-oceano-profundo\/#primaryimage"},"image":{"@id":"https:\/\/www.theoxygenproject.com\/es\/el-barco-minero-mas-grande-del-mundo-esta-en-mexico-listo-para-el-ecocidio-del-oceano-profundo\/#primaryimage"},"thumbnailUrl":"https:\/\/www.theoxygenproject.com\/es\/wp-content\/uploads\/2023\/07\/53e5bd86-whatsapp-image-2023-07-03-at-16.51.37-1024x768-1.jpeg","datePublished":"2023-07-06T14:38:27+00:00","breadcrumb":{"@id":"https:\/\/www.theoxygenproject.com\/es\/el-barco-minero-mas-grande-del-mundo-esta-en-mexico-listo-para-el-ecocidio-del-oceano-profundo\/#breadcrumb"},"inLanguage":"en-US","potentialAction":[{"@type":"ReadAction","target":["https:\/\/www.theoxygenproject.com\/es\/el-barco-minero-mas-grande-del-mundo-esta-en-mexico-listo-para-el-ecocidio-del-oceano-profundo\/"]}]},{"@type":"ImageObject","inLanguage":"en-US","@id":"https:\/\/www.theoxygenproject.com\/es\/el-barco-minero-mas-grande-del-mundo-esta-en-mexico-listo-para-el-ecocidio-del-oceano-profundo\/#primaryimage","url":"https:\/\/www.theoxygenproject.com\/es\/wp-content\/uploads\/2023\/07\/53e5bd86-whatsapp-image-2023-07-03-at-16.51.37-1024x768-1.jpeg","contentUrl":"https:\/\/www.theoxygenproject.com\/es\/wp-content\/uploads\/2023\/07\/53e5bd86-whatsapp-image-2023-07-03-at-16.51.37-1024x768-1.jpeg","width":1024,"height":768},{"@type":"BreadcrumbList","@id":"https:\/\/www.theoxygenproject.com\/es\/el-barco-minero-mas-grande-del-mundo-esta-en-mexico-listo-para-el-ecocidio-del-oceano-profundo\/#breadcrumb","itemListElement":[{"@type":"ListItem","position":1,"name":"Home","item":"https:\/\/www.theoxygenproject.com\/es\/"},{"@type":"ListItem","position":2,"name":"El barco minero m\u00e1s grande del mundo, est\u00e1 en M\u00e9xico listo para el ecocidio del oc\u00e9ano profundo"}]},{"@type":"WebSite","@id":"https:\/\/www.theoxygenproject.com\/es\/#website","url":"https:\/\/www.theoxygenproject.com\/es\/","name":"The Oxygen Project","description":"","publisher":{"@id":"https:\/\/www.theoxygenproject.com\/es\/#organization"},"potentialAction":[{"@type":"SearchAction","target":{"@type":"EntryPoint","urlTemplate":"https:\/\/www.theoxygenproject.com\/es\/?s={search_term_string}"},"query-input":{"@type":"PropertyValueSpecification","valueRequired":true,"valueName":"search_term_string"}}],"inLanguage":"en-US"},{"@type":"Organization","@id":"https:\/\/www.theoxygenproject.com\/es\/#organization","name":"The Oxygen Project","url":"https:\/\/www.theoxygenproject.com\/es\/","logo":{"@type":"ImageObject","inLanguage":"en-US","@id":"https:\/\/www.theoxygenproject.com\/es\/#\/schema\/logo\/image\/","url":"https:\/\/www.theoxygenproject.com\/es\/wp-content\/uploads\/2024\/05\/top-logo-dark.png","contentUrl":"https:\/\/www.theoxygenproject.com\/es\/wp-content\/uploads\/2024\/05\/top-logo-dark.png","width":384,"height":256,"caption":"The Oxygen Project"},"image":{"@id":"https:\/\/www.theoxygenproject.com\/es\/#\/schema\/logo\/image\/"},"sameAs":["https:\/\/www.facebook.com\/theoxygenproj","https:\/\/x.com\/theoxygenproj"]},{"@type":"Person","@id":"https:\/\/www.theoxygenproject.com\/es\/#\/schema\/person\/fd1d50a727859a9283fdd988aca8d8fb","name":"Pilar R\u00edos","image":{"@type":"ImageObject","inLanguage":"en-US","@id":"https:\/\/secure.gravatar.com\/avatar\/cb4cf509d6c8cf9193108e3149294241c2397964dbeb5a2a6e6b0a4a4127fc37?s=96&d=mm&r=g","url":"https:\/\/secure.gravatar.com\/avatar\/cb4cf509d6c8cf9193108e3149294241c2397964dbeb5a2a6e6b0a4a4127fc37?s=96&d=mm&r=g","contentUrl":"https:\/\/secure.gravatar.com\/avatar\/cb4cf509d6c8cf9193108e3149294241c2397964dbeb5a2a6e6b0a4a4127fc37?s=96&d=mm&r=g","caption":"Pilar R\u00edos"},"url":"https:\/\/www.theoxygenproject.com\/es\/author\/admin-2\/"}]}},"_links":{"self":[{"href":"https:\/\/www.theoxygenproject.com\/es\/wp-json\/wp\/v2\/posts\/2042","targetHints":{"allow":["GET"]}}],"collection":[{"href":"https:\/\/www.theoxygenproject.com\/es\/wp-json\/wp\/v2\/posts"}],"about":[{"href":"https:\/\/www.theoxygenproject.com\/es\/wp-json\/wp\/v2\/types\/post"}],"author":[{"embeddable":true,"href":"https:\/\/www.theoxygenproject.com\/es\/wp-json\/wp\/v2\/users\/3"}],"replies":[{"embeddable":true,"href":"https:\/\/www.theoxygenproject.com\/es\/wp-json\/wp\/v2\/comments?post=2042"}],"version-history":[{"count":0,"href":"https:\/\/www.theoxygenproject.com\/es\/wp-json\/wp\/v2\/posts\/2042\/revisions"}],"wp:featuredmedia":[{"embeddable":true,"href":"https:\/\/www.theoxygenproject.com\/es\/wp-json\/wp\/v2\/media\/2044"}],"wp:attachment":[{"href":"https:\/\/www.theoxygenproject.com\/es\/wp-json\/wp\/v2\/media?parent=2042"}],"wp:term":[{"taxonomy":"category","embeddable":true,"href":"https:\/\/www.theoxygenproject.com\/es\/wp-json\/wp\/v2\/categories?post=2042"},{"taxonomy":"post_tag","embeddable":true,"href":"https:\/\/www.theoxygenproject.com\/es\/wp-json\/wp\/v2\/tags?post=2042"}],"curies":[{"name":"wp","href":"https:\/\/api.w.org\/{rel}","templated":true}]}}