{"id":2032,"date":"2023-05-31T15:02:13","date_gmt":"2023-05-31T12:02:13","guid":{"rendered":"https:\/\/www.theoxygenproject.com\/es\/?p=2032"},"modified":"2023-05-31T15:02:13","modified_gmt":"2023-05-31T12:02:13","slug":"una-decada-de-dano-en-la-costa-peruana-podria-multiplicarse-si-permitimos-que-talen-el-fondo-marino","status":"publish","type":"post","link":"https:\/\/www.theoxygenproject.com\/es\/una-decada-de-dano-en-la-costa-peruana-podria-multiplicarse-si-permitimos-que-talen-el-fondo-marino\/","title":{"rendered":"Una d\u00e9cada de da\u00f1o en la costa peruana podr\u00eda multiplicarse si permitimos que talen el fondo marino"},"content":{"rendered":"<p><span style=\"font-weight: 400;\">Durante d\u00e9cadas, las grandes empresas han envenenado r\u00edos, devastado bosques y desplazado comunidades. Corre la cuenta regresiva, se apresuran a extraer minerales de la \u00faltima frontera virgen del planeta: las profundidades marinas.<\/span><\/p>\n<p><span style=\"font-weight: 400;\">Viendo las consecuencias del desastre que ha causado la miner\u00eda en el mar de Per\u00fa, no se podr\u00eda asegurar que no habr\u00e1 impacto con la miner\u00eda submarina. La historia es clara, el derrame de petr\u00f3leo de\u00a0 Repsol tuvo consecuencias a largo plazo en el mar peruano, <\/span><span style=\"font-weight: 400;\">la ONU estim\u00f3 que la costa permanecer\u00e1 afectada entre 6 a 10 a\u00f1os.\u00a0<\/span><\/p>\n<p>Ver <a href=\"https:\/\/www.instagram.com\/reel\/CZry5iyj1qR\/\">video<\/a><\/p>\n<p><a href=\"https:\/\/www.instagram.com\/reel\/CZry5iyj1qR\/\"><img loading=\"lazy\" decoding=\"async\" src=\"https:\/\/www.theoxygenproject.com\/es\/wp-content\/uploads\/2023\/05\/Captura-de-pantalla-2023-05-30-211711.png\" alt=\"\" width=\"498\" height=\"411\" class=\"aligncenter size-full wp-image-2033\" srcset=\"https:\/\/www.theoxygenproject.com\/es\/wp-content\/uploads\/2023\/05\/Captura-de-pantalla-2023-05-30-211711.png 498w, https:\/\/www.theoxygenproject.com\/es\/wp-content\/uploads\/2023\/05\/Captura-de-pantalla-2023-05-30-211711-300x248.png 300w\" sizes=\"auto, (max-width: 498px) 100vw, 498px\" \/><\/a><\/p>\n<p><span style=\"font-weight: 400;\">Las consecuencias de un derrame de petr\u00f3leo sobre el fondo marino tiene mucha similitud con lo que podr\u00eda pasar si se da luz verde a la miner\u00eda submarina. Este derrame sucedi\u00f3 el 15 de enero y a\u00fan las consecuencias son irreversibles. As\u00ed mismo\u00a0 la miner\u00eda submarina no podr\u00e1 volver atr\u00e1s y destruir\u00e1 antiguos ecosistemas extremadamente fr\u00e1giles y de formaci\u00f3n lenta; un solo n\u00f3dulo polimet\u00e1lico tarda en\u00a0 promedio 13 millones de a\u00f1os en formarse.<\/span><\/p>\n<p><span style=\"font-weight: 400;\">En gran parte, el oc\u00e9ano es la raz\u00f3n por la que no tenemos un cambio clim\u00e1tico desbordado al d\u00eda de hoy.\u00a0 <\/span><span style=\"font-weight: 400;\">A pesar de las advertencias, la miner\u00eda submarina amenaza el mar profundo, en gran parte inexplorado, que comprende el 90% del ambiente marino y tiene una inmensa biodiversidad. <\/span><span style=\"font-weight: 400;\">La miner\u00eda submarina en aguas internacionales podr\u00eda comenzar en julio de 2023. Si se permite, podr\u00eda afectar el papel fundamental que tiene el oc\u00e9ano en la estabilidad clim\u00e1tica, la biodiversidad y la econom\u00eda.\u00a0<\/span><\/p>\n<p><span style=\"font-weight: 400;\">La pregunta es simple y la dejamos planteada ac\u00e1 \u00bfPodemos asegurar que no habr\u00e1 impacto con la miner\u00eda submarina? Si vamos m\u00e1s all\u00e1: Estamos viendo el desastre que ocasion\u00f3 el derrame de petr\u00f3leo de Repsol en la costa peruana, imaginen el impacto si no podemos ver lo que est\u00e1 pasando en el fondo marino<\/span><\/p>\n<p><span style=\"font-weight: 400;\">Junto a <\/span><a href=\"https:\/\/www.instagram.com\/theoxygenproject.es\/\"><span style=\"font-weight: 400;\">The Oxygen Project<\/span><\/a><span style=\"font-weight: 400;\">, <\/span><a href=\"https:\/\/www.instagram.com\/soaperu\/\"><span style=\"font-weight: 400;\">Sustainable Ocean Alliance Per\u00fa<\/span><\/a><span style=\"font-weight: 400;\">, <\/span><a href=\"https:\/\/www.instagram.com\/changeorg_latino\/\"><span style=\"font-weight: 400;\">Change.org<\/span><\/a><span style=\"font-weight: 400;\"> y <\/span><a href=\"https:\/\/www.instagram.com\/look_down_action\/\"><span style=\"font-weight: 400;\">Look Down<\/span><\/a> <span style=\"font-weight: 400;\">queremos invitarles a participar del d\u00eda de acci\u00f3n.<\/span><\/p>\n<p><img loading=\"lazy\" decoding=\"async\" src=\"https:\/\/www.theoxygenproject.com\/es\/wp-content\/uploads\/2023\/05\/header.png\" alt=\"\" width=\"800\" height=\"420\" class=\"aligncenter size-full wp-image-2034\" srcset=\"https:\/\/www.theoxygenproject.com\/es\/wp-content\/uploads\/2023\/05\/header.png 800w, https:\/\/www.theoxygenproject.com\/es\/wp-content\/uploads\/2023\/05\/header-300x158.png 300w, https:\/\/www.theoxygenproject.com\/es\/wp-content\/uploads\/2023\/05\/header-768x403.png 768w\" sizes=\"auto, (max-width: 800px) 100vw, 800px\" \/><\/p>\n<p style=\"text-align: center;\"><b>Digamos juntos: NO a la Miner\u00eda Submarina<br \/>\n<\/b><b>Te invitamos al D\u00cdA MUNDIAL DE ACCI\u00d3N DIGITAL POR PER\u00da<br \/>\n<\/b><b>Mi\u00e9rcoles 31 de mayo 2023\u00a0<\/b><\/p>\n<p style=\"text-align: left;\">\u00a1Necesitamos tu ayuda! La cuenta regresiva corre: Tenemos hasta julio de este a\u00f1o para tomar acci\u00f3n y salvar las profundidades marinas.<\/p>\n<p><span style=\"font-weight: 400;\">Hoy, mi\u00e9rcoles 31\/Mayo, es <\/span><b>D\u00eda de Acci\u00f3n Mundial por Per\u00fa<\/b><span style=\"font-weight: 400;\">, donde <\/span><b>solicitamos al Gobierno que se pronuncie en contra de esta actividad y env\u00ede una delegaci\u00f3n observadora para la <\/b><span style=\"font-weight: 400;\">Asamblea de la Autoridad Internacional de Fondos Marinos (ISA). Nuestro objetivo es ejercer presi\u00f3n a trav\u00e9s de nuestras plataformas de redes sociales y llamar la atenci\u00f3n de las consecuencias.\u00a0<\/span><\/p>\n<p><img loading=\"lazy\" decoding=\"async\" src=\"https:\/\/www.theoxygenproject.com\/es\/wp-content\/uploads\/2023\/05\/3-acciones.jpg\" alt=\"\" width=\"1251\" height=\"835\" class=\"aligncenter size-full wp-image-2037\" srcset=\"https:\/\/www.theoxygenproject.com\/es\/wp-content\/uploads\/2023\/05\/3-acciones.jpg 1251w, https:\/\/www.theoxygenproject.com\/es\/wp-content\/uploads\/2023\/05\/3-acciones-300x200.jpg 300w, https:\/\/www.theoxygenproject.com\/es\/wp-content\/uploads\/2023\/05\/3-acciones-1024x683.jpg 1024w, https:\/\/www.theoxygenproject.com\/es\/wp-content\/uploads\/2023\/05\/3-acciones-768x513.jpg 768w\" sizes=\"auto, (max-width: 1251px) 100vw, 1251px\" \/><\/p>\n<ol>\n<li style=\"font-weight: 400;\" aria-level=\"1\"><span style=\"font-weight: 400;\">Postea sobre <\/span><b>#DefendtheDeep<\/b> <b>#ElOc\u00e9anoNoSeMina <\/b><span style=\"font-weight: 400;\">en Instagram <a href=\"https:\/\/drive.google.com\/drive\/folders\/1RHbAYcFasSOE4a92YDqrq7Vm6rPVq3RW?usp=share_link\">aqu\u00ed material\u00a0<\/a><\/span><\/li>\n<li style=\"font-weight: 400;\" aria-level=\"1\"><b>Firma la petici\u00f3n<\/b><span style=\"font-weight: 400;\"> NO a la Miner\u00eda Submarina <\/span><a href=\"https:\/\/www.change.org\/p\/per%C3%BA-dile-no-a-la-miner%C3%ADa-submarina?recruiter=1278850285&amp;recruited_by_id=6800acb0-4376-11ed-91ac-b7f8292c2d3a&amp;utm_source=share_petition&amp;utm_campaign=share_petition&amp;utm_medium=copylink&amp;utm_content=cl_sharecopy_36165368_es-419%3A2\"><b>AQU\u00cd<\/b><\/a><\/li>\n<li><strong>Env\u00eda mail al gobierno de Per\u00fa, usa <a href=\"https:\/\/l.linklyhq.com\/l\/1nrng\">este link desde tu m\u00f3vil\/tel\u00e9fono celular<\/a><\/strong><\/li>\n<li style=\"font-weight: 400;\" aria-level=\"1\"><b>Participa de nuestra tormenta de Tweet<\/b><b><br \/>\n<\/b><span style=\"font-weight: 400;\"><\/span><span style=\"font-weight: 400;\"><\/span><span style=\"font-weight: 400;\">&#8211; Haz retweet <\/span><a href=\"https:\/\/twitter.com\/TheOxygenProj\"><span style=\"font-weight: 400;\">@TheOxygenProj<\/span><\/a><span style=\"font-weight: 400;\"><br \/>\n<\/span><span style=\"font-weight: 400;\">&#8211; Tweet\u00a0 <\/span><a href=\"https:\/\/ctt.ac\/zbEXm\"><b>AQU\u00cd<\/b><\/a><\/li>\n<\/ol>\n<p style=\"text-align: center;\"><b>\u00a0\u00a0<\/b><a href=\"https:\/\/docs.google.com\/document\/d\/1tBGam8CVZo3ML6IoVxBmpFBqJqlVJ0rZ6U0-8BcLuPY\/edit?usp=sharing\"><b>AQU\u00cd<\/b><\/a><b> nuestro kit de acci\u00f3n para que participes <\/b><\/p>\n<p><a href=\"https:\/\/docs.google.com\/document\/d\/1tBGam8CVZo3ML6IoVxBmpFBqJqlVJ0rZ6U0-8BcLuPY\/edit\"><img loading=\"lazy\" decoding=\"async\" src=\"https:\/\/www.theoxygenproject.com\/es\/wp-content\/uploads\/2023\/05\/img-06.jpg\" alt=\"\" width=\"1251\" height=\"834\" class=\"aligncenter size-full wp-image-2036\" srcset=\"https:\/\/www.theoxygenproject.com\/es\/wp-content\/uploads\/2023\/05\/img-06.jpg 1251w, https:\/\/www.theoxygenproject.com\/es\/wp-content\/uploads\/2023\/05\/img-06-300x200.jpg 300w, https:\/\/www.theoxygenproject.com\/es\/wp-content\/uploads\/2023\/05\/img-06-1024x683.jpg 1024w, https:\/\/www.theoxygenproject.com\/es\/wp-content\/uploads\/2023\/05\/img-06-768x512.jpg 768w\" sizes=\"auto, (max-width: 1251px) 100vw, 1251px\" \/><\/a><\/p>\n<p>&nbsp;<\/p>\n","protected":false},"excerpt":{"rendered":"<p>Durante d\u00e9cadas, las grandes empresas han envenenado r\u00edos, devastado bosques y desplazado comunidades. Corre la cuenta regresiva, se apresuran a extraer minerales de la \u00faltima frontera virgen del planeta: las&#8230;<\/p>\n","protected":false},"author":3,"featured_media":2036,"comment_status":"closed","ping_status":"closed","sticky":false,"template":"","format":"standard","meta":{"_mo_disable_npp":"","footnotes":""},"categories":[3,10,5,7],"tags":[],"class_list":["post-2032","post","type-post","status-publish","format-standard","has-post-thumbnail","hentry","category-accion-climatica","category-agua","category-cambio-climatico","category-fondo-marino"],"yoast_head":"<!-- This site is optimized with the Yoast SEO plugin v28.3 - https:\/\/yoast.com\/product\/yoast-seo-wordpress\/ -->\n<title>Una d\u00e9cada de da\u00f1o en la costa peruana podr\u00eda multiplicarse si permitimos que talen el fondo marino - The Oxygen Project<\/title>\n<meta name=\"robots\" content=\"index, follow, max-snippet:-1, max-image-preview:large, max-video-preview:-1\" \/>\n<link rel=\"canonical\" href=\"https:\/\/www.theoxygenproject.com\/es\/una-decada-de-dano-en-la-costa-peruana-podria-multiplicarse-si-permitimos-que-talen-el-fondo-marino\/\" \/>\n<meta property=\"og:locale\" content=\"en_US\" \/>\n<meta property=\"og:type\" content=\"article\" \/>\n<meta property=\"og:title\" content=\"Una d\u00e9cada de da\u00f1o en la costa peruana podr\u00eda multiplicarse si permitimos que talen el fondo marino - The Oxygen Project\" \/>\n<meta property=\"og:description\" content=\"Durante d\u00e9cadas, las grandes empresas han envenenado r\u00edos, devastado bosques y desplazado comunidades. Corre la cuenta regresiva, se apresuran a extraer minerales de la \u00faltima frontera virgen del planeta: las...\" \/>\n<meta property=\"og:url\" content=\"https:\/\/www.theoxygenproject.com\/es\/una-decada-de-dano-en-la-costa-peruana-podria-multiplicarse-si-permitimos-que-talen-el-fondo-marino\/\" \/>\n<meta property=\"og:site_name\" content=\"The Oxygen Project\" \/>\n<meta property=\"article:publisher\" content=\"https:\/\/www.facebook.com\/theoxygenproj\" \/>\n<meta property=\"article:published_time\" content=\"2023-05-31T12:02:13+00:00\" \/>\n<meta name=\"author\" content=\"Pilar R\u00edos\" \/>\n<meta name=\"twitter:card\" content=\"summary_large_image\" \/>\n<meta name=\"twitter:creator\" content=\"@theoxygenproj\" \/>\n<meta name=\"twitter:site\" content=\"@theoxygenproj\" \/>\n<meta name=\"twitter:label1\" content=\"Written by\" \/>\n\t<meta name=\"twitter:data1\" content=\"Pilar R\u00edos\" \/>\n<script type=\"application\/ld+json\" class=\"yoast-schema-graph\">{\"@context\":\"https:\\\/\\\/schema.org\",\"@graph\":[{\"@type\":\"Article\",\"@id\":\"https:\\\/\\\/www.theoxygenproject.com\\\/es\\\/una-decada-de-dano-en-la-costa-peruana-podria-multiplicarse-si-permitimos-que-talen-el-fondo-marino\\\/#article\",\"isPartOf\":{\"@id\":\"https:\\\/\\\/www.theoxygenproject.com\\\/es\\\/una-decada-de-dano-en-la-costa-peruana-podria-multiplicarse-si-permitimos-que-talen-el-fondo-marino\\\/\"},\"author\":{\"name\":\"Pilar R\u00edos\",\"@id\":\"https:\\\/\\\/www.theoxygenproject.com\\\/es\\\/#\\\/schema\\\/person\\\/fd1d50a727859a9283fdd988aca8d8fb\"},\"headline\":\"Una d\u00e9cada de da\u00f1o en la costa peruana podr\u00eda multiplicarse si permitimos que talen el fondo marino\",\"datePublished\":\"2023-05-31T12:02:13+00:00\",\"mainEntityOfPage\":{\"@id\":\"https:\\\/\\\/www.theoxygenproject.com\\\/es\\\/una-decada-de-dano-en-la-costa-peruana-podria-multiplicarse-si-permitimos-que-talen-el-fondo-marino\\\/\"},\"wordCount\":545,\"publisher\":{\"@id\":\"https:\\\/\\\/www.theoxygenproject.com\\\/es\\\/#organization\"},\"image\":{\"@id\":\"https:\\\/\\\/www.theoxygenproject.com\\\/es\\\/una-decada-de-dano-en-la-costa-peruana-podria-multiplicarse-si-permitimos-que-talen-el-fondo-marino\\\/#primaryimage\"},\"thumbnailUrl\":\"https:\\\/\\\/www.theoxygenproject.com\\\/es\\\/wp-content\\\/uploads\\\/2023\\\/05\\\/img-06.jpg\",\"articleSection\":[\"Acci\u00f3n Clim\u00e1tica\",\"Agua\",\"Cambio clim\u00e1tico\",\"Defend The Deep\"],\"inLanguage\":\"en-US\"},{\"@type\":\"WebPage\",\"@id\":\"https:\\\/\\\/www.theoxygenproject.com\\\/es\\\/una-decada-de-dano-en-la-costa-peruana-podria-multiplicarse-si-permitimos-que-talen-el-fondo-marino\\\/\",\"url\":\"https:\\\/\\\/www.theoxygenproject.com\\\/es\\\/una-decada-de-dano-en-la-costa-peruana-podria-multiplicarse-si-permitimos-que-talen-el-fondo-marino\\\/\",\"name\":\"Una d\u00e9cada de da\u00f1o en la costa peruana podr\u00eda multiplicarse si permitimos que talen el fondo marino - The Oxygen Project\",\"isPartOf\":{\"@id\":\"https:\\\/\\\/www.theoxygenproject.com\\\/es\\\/#website\"},\"primaryImageOfPage\":{\"@id\":\"https:\\\/\\\/www.theoxygenproject.com\\\/es\\\/una-decada-de-dano-en-la-costa-peruana-podria-multiplicarse-si-permitimos-que-talen-el-fondo-marino\\\/#primaryimage\"},\"image\":{\"@id\":\"https:\\\/\\\/www.theoxygenproject.com\\\/es\\\/una-decada-de-dano-en-la-costa-peruana-podria-multiplicarse-si-permitimos-que-talen-el-fondo-marino\\\/#primaryimage\"},\"thumbnailUrl\":\"https:\\\/\\\/www.theoxygenproject.com\\\/es\\\/wp-content\\\/uploads\\\/2023\\\/05\\\/img-06.jpg\",\"datePublished\":\"2023-05-31T12:02:13+00:00\",\"breadcrumb\":{\"@id\":\"https:\\\/\\\/www.theoxygenproject.com\\\/es\\\/una-decada-de-dano-en-la-costa-peruana-podria-multiplicarse-si-permitimos-que-talen-el-fondo-marino\\\/#breadcrumb\"},\"inLanguage\":\"en-US\",\"potentialAction\":[{\"@type\":\"ReadAction\",\"target\":[\"https:\\\/\\\/www.theoxygenproject.com\\\/es\\\/una-decada-de-dano-en-la-costa-peruana-podria-multiplicarse-si-permitimos-que-talen-el-fondo-marino\\\/\"]}]},{\"@type\":\"ImageObject\",\"inLanguage\":\"en-US\",\"@id\":\"https:\\\/\\\/www.theoxygenproject.com\\\/es\\\/una-decada-de-dano-en-la-costa-peruana-podria-multiplicarse-si-permitimos-que-talen-el-fondo-marino\\\/#primaryimage\",\"url\":\"https:\\\/\\\/www.theoxygenproject.com\\\/es\\\/wp-content\\\/uploads\\\/2023\\\/05\\\/img-06.jpg\",\"contentUrl\":\"https:\\\/\\\/www.theoxygenproject.com\\\/es\\\/wp-content\\\/uploads\\\/2023\\\/05\\\/img-06.jpg\",\"width\":1251,\"height\":834},{\"@type\":\"BreadcrumbList\",\"@id\":\"https:\\\/\\\/www.theoxygenproject.com\\\/es\\\/una-decada-de-dano-en-la-costa-peruana-podria-multiplicarse-si-permitimos-que-talen-el-fondo-marino\\\/#breadcrumb\",\"itemListElement\":[{\"@type\":\"ListItem\",\"position\":1,\"name\":\"Home\",\"item\":\"https:\\\/\\\/www.theoxygenproject.com\\\/es\\\/\"},{\"@type\":\"ListItem\",\"position\":2,\"name\":\"Una d\u00e9cada de da\u00f1o en la costa peruana podr\u00eda multiplicarse si permitimos que talen el fondo marino\"}]},{\"@type\":\"WebSite\",\"@id\":\"https:\\\/\\\/www.theoxygenproject.com\\\/es\\\/#website\",\"url\":\"https:\\\/\\\/www.theoxygenproject.com\\\/es\\\/\",\"name\":\"The Oxygen Project\",\"description\":\"\",\"publisher\":{\"@id\":\"https:\\\/\\\/www.theoxygenproject.com\\\/es\\\/#organization\"},\"potentialAction\":[{\"@type\":\"SearchAction\",\"target\":{\"@type\":\"EntryPoint\",\"urlTemplate\":\"https:\\\/\\\/www.theoxygenproject.com\\\/es\\\/?s={search_term_string}\"},\"query-input\":{\"@type\":\"PropertyValueSpecification\",\"valueRequired\":true,\"valueName\":\"search_term_string\"}}],\"inLanguage\":\"en-US\"},{\"@type\":\"Organization\",\"@id\":\"https:\\\/\\\/www.theoxygenproject.com\\\/es\\\/#organization\",\"name\":\"The Oxygen Project\",\"url\":\"https:\\\/\\\/www.theoxygenproject.com\\\/es\\\/\",\"logo\":{\"@type\":\"ImageObject\",\"inLanguage\":\"en-US\",\"@id\":\"https:\\\/\\\/www.theoxygenproject.com\\\/es\\\/#\\\/schema\\\/logo\\\/image\\\/\",\"url\":\"https:\\\/\\\/www.theoxygenproject.com\\\/es\\\/wp-content\\\/uploads\\\/2024\\\/05\\\/top-logo-dark.png\",\"contentUrl\":\"https:\\\/\\\/www.theoxygenproject.com\\\/es\\\/wp-content\\\/uploads\\\/2024\\\/05\\\/top-logo-dark.png\",\"width\":384,\"height\":256,\"caption\":\"The Oxygen Project\"},\"image\":{\"@id\":\"https:\\\/\\\/www.theoxygenproject.com\\\/es\\\/#\\\/schema\\\/logo\\\/image\\\/\"},\"sameAs\":[\"https:\\\/\\\/www.facebook.com\\\/theoxygenproj\",\"https:\\\/\\\/x.com\\\/theoxygenproj\"]},{\"@type\":\"Person\",\"@id\":\"https:\\\/\\\/www.theoxygenproject.com\\\/es\\\/#\\\/schema\\\/person\\\/fd1d50a727859a9283fdd988aca8d8fb\",\"name\":\"Pilar R\u00edos\",\"image\":{\"@type\":\"ImageObject\",\"inLanguage\":\"en-US\",\"@id\":\"https:\\\/\\\/secure.gravatar.com\\\/avatar\\\/cb4cf509d6c8cf9193108e3149294241c2397964dbeb5a2a6e6b0a4a4127fc37?s=96&d=mm&r=g\",\"url\":\"https:\\\/\\\/secure.gravatar.com\\\/avatar\\\/cb4cf509d6c8cf9193108e3149294241c2397964dbeb5a2a6e6b0a4a4127fc37?s=96&d=mm&r=g\",\"contentUrl\":\"https:\\\/\\\/secure.gravatar.com\\\/avatar\\\/cb4cf509d6c8cf9193108e3149294241c2397964dbeb5a2a6e6b0a4a4127fc37?s=96&d=mm&r=g\",\"caption\":\"Pilar R\u00edos\"},\"url\":\"https:\\\/\\\/www.theoxygenproject.com\\\/es\\\/author\\\/admin-2\\\/\"}]}<\/script>\n<!-- \/ Yoast SEO plugin. -->","yoast_head_json":{"title":"Una d\u00e9cada de da\u00f1o en la costa peruana podr\u00eda multiplicarse si permitimos que talen el fondo marino - The Oxygen Project","robots":{"index":"index","follow":"follow","max-snippet":"max-snippet:-1","max-image-preview":"max-image-preview:large","max-video-preview":"max-video-preview:-1"},"canonical":"https:\/\/www.theoxygenproject.com\/es\/una-decada-de-dano-en-la-costa-peruana-podria-multiplicarse-si-permitimos-que-talen-el-fondo-marino\/","og_locale":"en_US","og_type":"article","og_title":"Una d\u00e9cada de da\u00f1o en la costa peruana podr\u00eda multiplicarse si permitimos que talen el fondo marino - The Oxygen Project","og_description":"Durante d\u00e9cadas, las grandes empresas han envenenado r\u00edos, devastado bosques y desplazado comunidades. Corre la cuenta regresiva, se apresuran a extraer minerales de la \u00faltima frontera virgen del planeta: las...","og_url":"https:\/\/www.theoxygenproject.com\/es\/una-decada-de-dano-en-la-costa-peruana-podria-multiplicarse-si-permitimos-que-talen-el-fondo-marino\/","og_site_name":"The Oxygen Project","article_publisher":"https:\/\/www.facebook.com\/theoxygenproj","article_published_time":"2023-05-31T12:02:13+00:00","author":"Pilar R\u00edos","twitter_card":"summary_large_image","twitter_creator":"@theoxygenproj","twitter_site":"@theoxygenproj","twitter_misc":{"Written by":"Pilar R\u00edos"},"schema":{"@context":"https:\/\/schema.org","@graph":[{"@type":"Article","@id":"https:\/\/www.theoxygenproject.com\/es\/una-decada-de-dano-en-la-costa-peruana-podria-multiplicarse-si-permitimos-que-talen-el-fondo-marino\/#article","isPartOf":{"@id":"https:\/\/www.theoxygenproject.com\/es\/una-decada-de-dano-en-la-costa-peruana-podria-multiplicarse-si-permitimos-que-talen-el-fondo-marino\/"},"author":{"name":"Pilar R\u00edos","@id":"https:\/\/www.theoxygenproject.com\/es\/#\/schema\/person\/fd1d50a727859a9283fdd988aca8d8fb"},"headline":"Una d\u00e9cada de da\u00f1o en la costa peruana podr\u00eda multiplicarse si permitimos que talen el fondo marino","datePublished":"2023-05-31T12:02:13+00:00","mainEntityOfPage":{"@id":"https:\/\/www.theoxygenproject.com\/es\/una-decada-de-dano-en-la-costa-peruana-podria-multiplicarse-si-permitimos-que-talen-el-fondo-marino\/"},"wordCount":545,"publisher":{"@id":"https:\/\/www.theoxygenproject.com\/es\/#organization"},"image":{"@id":"https:\/\/www.theoxygenproject.com\/es\/una-decada-de-dano-en-la-costa-peruana-podria-multiplicarse-si-permitimos-que-talen-el-fondo-marino\/#primaryimage"},"thumbnailUrl":"https:\/\/www.theoxygenproject.com\/es\/wp-content\/uploads\/2023\/05\/img-06.jpg","articleSection":["Acci\u00f3n Clim\u00e1tica","Agua","Cambio clim\u00e1tico","Defend The Deep"],"inLanguage":"en-US"},{"@type":"WebPage","@id":"https:\/\/www.theoxygenproject.com\/es\/una-decada-de-dano-en-la-costa-peruana-podria-multiplicarse-si-permitimos-que-talen-el-fondo-marino\/","url":"https:\/\/www.theoxygenproject.com\/es\/una-decada-de-dano-en-la-costa-peruana-podria-multiplicarse-si-permitimos-que-talen-el-fondo-marino\/","name":"Una d\u00e9cada de da\u00f1o en la costa peruana podr\u00eda multiplicarse si permitimos que talen el fondo marino - The Oxygen Project","isPartOf":{"@id":"https:\/\/www.theoxygenproject.com\/es\/#website"},"primaryImageOfPage":{"@id":"https:\/\/www.theoxygenproject.com\/es\/una-decada-de-dano-en-la-costa-peruana-podria-multiplicarse-si-permitimos-que-talen-el-fondo-marino\/#primaryimage"},"image":{"@id":"https:\/\/www.theoxygenproject.com\/es\/una-decada-de-dano-en-la-costa-peruana-podria-multiplicarse-si-permitimos-que-talen-el-fondo-marino\/#primaryimage"},"thumbnailUrl":"https:\/\/www.theoxygenproject.com\/es\/wp-content\/uploads\/2023\/05\/img-06.jpg","datePublished":"2023-05-31T12:02:13+00:00","breadcrumb":{"@id":"https:\/\/www.theoxygenproject.com\/es\/una-decada-de-dano-en-la-costa-peruana-podria-multiplicarse-si-permitimos-que-talen-el-fondo-marino\/#breadcrumb"},"inLanguage":"en-US","potentialAction":[{"@type":"ReadAction","target":["https:\/\/www.theoxygenproject.com\/es\/una-decada-de-dano-en-la-costa-peruana-podria-multiplicarse-si-permitimos-que-talen-el-fondo-marino\/"]}]},{"@type":"ImageObject","inLanguage":"en-US","@id":"https:\/\/www.theoxygenproject.com\/es\/una-decada-de-dano-en-la-costa-peruana-podria-multiplicarse-si-permitimos-que-talen-el-fondo-marino\/#primaryimage","url":"https:\/\/www.theoxygenproject.com\/es\/wp-content\/uploads\/2023\/05\/img-06.jpg","contentUrl":"https:\/\/www.theoxygenproject.com\/es\/wp-content\/uploads\/2023\/05\/img-06.jpg","width":1251,"height":834},{"@type":"BreadcrumbList","@id":"https:\/\/www.theoxygenproject.com\/es\/una-decada-de-dano-en-la-costa-peruana-podria-multiplicarse-si-permitimos-que-talen-el-fondo-marino\/#breadcrumb","itemListElement":[{"@type":"ListItem","position":1,"name":"Home","item":"https:\/\/www.theoxygenproject.com\/es\/"},{"@type":"ListItem","position":2,"name":"Una d\u00e9cada de da\u00f1o en la costa peruana podr\u00eda multiplicarse si permitimos que talen el fondo marino"}]},{"@type":"WebSite","@id":"https:\/\/www.theoxygenproject.com\/es\/#website","url":"https:\/\/www.theoxygenproject.com\/es\/","name":"The Oxygen Project","description":"","publisher":{"@id":"https:\/\/www.theoxygenproject.com\/es\/#organization"},"potentialAction":[{"@type":"SearchAction","target":{"@type":"EntryPoint","urlTemplate":"https:\/\/www.theoxygenproject.com\/es\/?s={search_term_string}"},"query-input":{"@type":"PropertyValueSpecification","valueRequired":true,"valueName":"search_term_string"}}],"inLanguage":"en-US"},{"@type":"Organization","@id":"https:\/\/www.theoxygenproject.com\/es\/#organization","name":"The Oxygen Project","url":"https:\/\/www.theoxygenproject.com\/es\/","logo":{"@type":"ImageObject","inLanguage":"en-US","@id":"https:\/\/www.theoxygenproject.com\/es\/#\/schema\/logo\/image\/","url":"https:\/\/www.theoxygenproject.com\/es\/wp-content\/uploads\/2024\/05\/top-logo-dark.png","contentUrl":"https:\/\/www.theoxygenproject.com\/es\/wp-content\/uploads\/2024\/05\/top-logo-dark.png","width":384,"height":256,"caption":"The Oxygen Project"},"image":{"@id":"https:\/\/www.theoxygenproject.com\/es\/#\/schema\/logo\/image\/"},"sameAs":["https:\/\/www.facebook.com\/theoxygenproj","https:\/\/x.com\/theoxygenproj"]},{"@type":"Person","@id":"https:\/\/www.theoxygenproject.com\/es\/#\/schema\/person\/fd1d50a727859a9283fdd988aca8d8fb","name":"Pilar R\u00edos","image":{"@type":"ImageObject","inLanguage":"en-US","@id":"https:\/\/secure.gravatar.com\/avatar\/cb4cf509d6c8cf9193108e3149294241c2397964dbeb5a2a6e6b0a4a4127fc37?s=96&d=mm&r=g","url":"https:\/\/secure.gravatar.com\/avatar\/cb4cf509d6c8cf9193108e3149294241c2397964dbeb5a2a6e6b0a4a4127fc37?s=96&d=mm&r=g","contentUrl":"https:\/\/secure.gravatar.com\/avatar\/cb4cf509d6c8cf9193108e3149294241c2397964dbeb5a2a6e6b0a4a4127fc37?s=96&d=mm&r=g","caption":"Pilar R\u00edos"},"url":"https:\/\/www.theoxygenproject.com\/es\/author\/admin-2\/"}]}},"_links":{"self":[{"href":"https:\/\/www.theoxygenproject.com\/es\/wp-json\/wp\/v2\/posts\/2032","targetHints":{"allow":["GET"]}}],"collection":[{"href":"https:\/\/www.theoxygenproject.com\/es\/wp-json\/wp\/v2\/posts"}],"about":[{"href":"https:\/\/www.theoxygenproject.com\/es\/wp-json\/wp\/v2\/types\/post"}],"author":[{"embeddable":true,"href":"https:\/\/www.theoxygenproject.com\/es\/wp-json\/wp\/v2\/users\/3"}],"replies":[{"embeddable":true,"href":"https:\/\/www.theoxygenproject.com\/es\/wp-json\/wp\/v2\/comments?post=2032"}],"version-history":[{"count":0,"href":"https:\/\/www.theoxygenproject.com\/es\/wp-json\/wp\/v2\/posts\/2032\/revisions"}],"wp:featuredmedia":[{"embeddable":true,"href":"https:\/\/www.theoxygenproject.com\/es\/wp-json\/wp\/v2\/media\/2036"}],"wp:attachment":[{"href":"https:\/\/www.theoxygenproject.com\/es\/wp-json\/wp\/v2\/media?parent=2032"}],"wp:term":[{"taxonomy":"category","embeddable":true,"href":"https:\/\/www.theoxygenproject.com\/es\/wp-json\/wp\/v2\/categories?post=2032"},{"taxonomy":"post_tag","embeddable":true,"href":"https:\/\/www.theoxygenproject.com\/es\/wp-json\/wp\/v2\/tags?post=2032"}],"curies":[{"name":"wp","href":"https:\/\/api.w.org\/{rel}","templated":true}]}}