{"id":1995,"date":"2023-04-14T19:16:08","date_gmt":"2023-04-14T16:16:08","guid":{"rendered":"https:\/\/www.theoxygenproject.com\/es\/?p=1995"},"modified":"2023-04-14T19:16:08","modified_gmt":"2023-04-14T16:16:08","slug":"pueblo-yanomami-y-la-amazonia-en-peligro","status":"publish","type":"post","link":"https:\/\/www.theoxygenproject.com\/es\/pueblo-yanomami-y-la-amazonia-en-peligro\/","title":{"rendered":"PUEBLO YANOMAMI Y LA AMAZON\u00cdA EN PELIGRO"},"content":{"rendered":"<p><span style=\"font-weight: 400;\">Una comunidad ind\u00edgena con m\u00e1s de 50.000 pobladores, llamada Yanomami est\u00e1 en peligro. Habitantes de una regi\u00f3n rica en biodiversidad y minerales, sobre todo en oro, han visto estos \u00faltimos cuatro a\u00f1os, en Brasil, morir a los ni\u00f1os por desnutrici\u00f3n, malaria, entre otros problemas de salud.\u00a0<\/span><\/p>\n<p><span style=\"font-weight: 400;\">Hambruna y crisis de salud es lo que vive este pueblo que vive en la Amazon\u00eda brasile\u00f1a y venezolana, pero detr\u00e1s de esta catastr\u00f3fica situaci\u00f3n se esconde la mano de la industria minera y la mala gesti\u00f3n de la tierra, lo que ha visto mermada la alimentaci\u00f3n de un pueblo cuyo <\/span><span style=\"font-weight: 400;\">sustento se basa en la caza, la recolecci\u00f3n y la pesca<\/span><\/p>\n<p style=\"text-align: center;\"><a href=\"https:\/\/www.instagram.com\/p\/Cq_aefLNY1A\/\">Ver video\u00a0<\/a><\/p>\n<p><a href=\"https:\/\/www.instagram.com\/p\/Cq_aefLNY1A\/\"><img loading=\"lazy\" decoding=\"async\" src=\"https:\/\/www.theoxygenproject.com\/es\/wp-content\/uploads\/2023\/04\/Captura.png\" alt=\"\" width=\"710\" height=\"471\" class=\"aligncenter size-full wp-image-2000\" srcset=\"https:\/\/www.theoxygenproject.com\/es\/wp-content\/uploads\/2023\/04\/Captura.png 710w, https:\/\/www.theoxygenproject.com\/es\/wp-content\/uploads\/2023\/04\/Captura-300x199.png 300w\" sizes=\"auto, (max-width: 710px) 100vw, 710px\" \/><\/a><br \/>\n<b>Crisis alimentaria y de salud<br \/>\n<\/b><span style=\"font-weight: 400;\">En los \u00faltimos cuatro a\u00f1os han muerto al menor 570 ni\u00f1os menores de cinco a\u00f1os. <\/span><span style=\"font-weight: 400;\">El doctor Andr\u00e9 Siquiera, especialista en medicina tropical, lleg\u00f3 a las tierras donde habitan los ind\u00edgenas yanomami, en el mes de enero, pocos d\u00edas despu\u00e9s cont\u00f3 que hab\u00eda sido testigo de &#8220;la peor situaci\u00f3n sanitaria y humanitaria&#8221; que jam\u00e1s haya visto. A lo que sum\u00f3 que <\/span><span style=\"font-weight: 400;\">&#8220;Lo que vimos fue una situaci\u00f3n muy precaria en t\u00e9rminos de salud, con pacientes que sufr\u00edan desnutrici\u00f3n grave, infecciones respiratorias, muchos casos de paludismo y enfermedades diarreicas. Junto a esto, hab\u00eda escasez de equipos y de estructura&#8221;.\u00a0<\/span><\/p>\n<p><span style=\"font-weight: 400;\">Seg\u00fan el art\u00edculo <\/span><a href=\"https:\/\/es.mongabay.com\/2023\/02\/la-tragedia-del-pueblo-yanomami-un-panorama-de-emergencia-en-venezuela-y-brasil\/\"><b>\u201c<\/b><span style=\"font-weight: 400;\">La tragedia del pueblo yanomami: un panorama de emergencia en Venezuela y Brasil\u201d<\/span><\/a><span style=\"font-weight: 400;\"> de Mongabay : <\/span><span style=\"font-weight: 400;\">Una de las principales causas de muerte ha sido la desnutrici\u00f3n. Los expertos que hablaron con Mongabay Latam aseguraron que la participaci\u00f3n de los hombres yanomami en actividades de miner\u00eda o relacionadas con esta los desligaron de sus pr\u00e1cticas de pesca, caza y recolecci\u00f3n. \u201cEn algunos casos prestan servicios de alimentaci\u00f3n y transporte ya que en la mina confluyen diversas din\u00e1micas de trabajo. Pero la miner\u00eda nunca ha sido parte de su <\/span><i><span style=\"font-weight: 400;\">modus vivendi<\/span><\/i><span style=\"font-weight: 400;\">\u201d, explic\u00f3 Vladimir Aguilar, investigador del Grupo de Trabajo sobre Asuntos Ind\u00edgenas (GTAI) de la Universidad de Los Andes en Venezuela.<\/span><\/p>\n<p><span style=\"font-weight: 400;\">La degradaci\u00f3n del ambiente por parte de los mineros ilegales tambi\u00e9n disminuy\u00f3 la poblaci\u00f3n de animales que son parte de la dieta yanomami.\u00a0 Estos factores en conjunto pudieron afectar la disponibilidad de alimento para este pueblo en Brasil.\u00a0 \u201cMuchos yanomami se fueron a trabajar en las minas y dejaron de lado sus conucos (cultivos). Empez\u00f3 a haber una desnutrici\u00f3n, es una cadena de cosas\u201d, dijo Tillett.<\/span><\/p>\n<p><span style=\"font-weight: 400;\">La malaria tambi\u00e9n complic\u00f3 el panorama. \u201cDel lado brasile\u00f1o hay una fuerte dispersi\u00f3n de la malaria. Est\u00e1 asociada fuertemente con la miner\u00eda\u201d, coment\u00f3 el antrop\u00f3logo venezolano.<\/span><\/p>\n<p><span style=\"font-weight: 400;\">El experto explic\u00f3 que la miner\u00eda ilegal facilita la dispersi\u00f3n de la malaria porque \u201clos mineros cuando llegan, lo primero que hacen es deforestar el \u00e1rea donde van a trabajar. En esas \u00e1reas boscosas hay mosquitos, pues es su h\u00e1bitat natural, y muchos de estos mosquitos pican y se alimentan de la sangre de otros animales.<\/span><\/p>\n<p><b>La fiebre del Oro<br \/>\n<\/b><span style=\"font-weight: 400;\">M\u00e1s de 20.000 mineros ilegales, conocidos como <\/span><i><span style=\"font-weight: 400;\">garimpeiros <\/span><\/i><span style=\"font-weight: 400;\">invadieron su territorio\u00a0<\/span><span style=\"font-weight: 400;\">en busca de explotar el 33% de su superficie, motivados por las palabras del ex <\/span><span style=\"font-weight: 400;\">presidente Jair Bolsonaro. \u201cPor m\u00ed, abro el <\/span><i><span style=\"font-weight: 400;\">garimpo<\/span><\/i><span style=\"font-weight: 400;\"> (la mina ilegal). Existe un proyecto para permitir el <\/span><i><span style=\"font-weight: 400;\">garimpo<\/span><\/i><span style=\"font-weight: 400;\"> en tierras ind\u00edgenas\u201d, dijo Bolsonaro en 2020.<\/span><\/p>\n<p><span style=\"font-weight: 400;\">\u201cHablamos durante muchos a\u00f1os de la situaci\u00f3n del pueblo yanomami. De los problemas de los invasores [mineros ilegales]\u201d, denunci\u00f3, en Mongabay,\u00a0 Dar\u00edo Kopenawa, l\u00edder de los yanomami de Brasil, \u200b\u200b<\/span><span style=\"font-weight: 400;\">durante una visita a las sedes de <\/span><a href=\"https:\/\/amazoniareal.com.br\/yanomami-sob-ataque\/\"><span style=\"font-weight: 400;\">las Naciones Unidas <\/span><\/a><span style=\"font-weight: 400;\">y de la <\/span><a href=\"https:\/\/twitter.com\/Almagro_OEA2015\/status\/1622694143376953363\"><span style=\"font-weight: 400;\">Organizaci\u00f3n de Estados Americanos (OEA)<\/span><\/a><span style=\"font-weight: 400;\"> en Estados Unidos.<\/span><\/p>\n<p><span style=\"font-weight: 400;\">En Brasil, durante el gobierno del expresidente Jair Bolsonaro, se incentiv\u00f3 una fiebre por el oro en la Amazon\u00eda, que incluy\u00f3 el Territorio Ind\u00edgena (TI) Yanomami, una reserva ind\u00edgena en la que esta comunidad tiene autoridad legal desde 1992.<\/span><\/p>\n<p><span style=\"font-weight: 400;\">Las solicitudes de explotaci\u00f3n minera llegaron a 500 y buscan explotar unas 3.2 millones de hect\u00e1reas del TI Yanomami, aproximadamente el 33 % de su superficie, como relat\u00f3 el medio <\/span><a href=\"https:\/\/infoamazonia-org.translate.goog\/2021\/06\/22\/mineracao-e-garimpo-disputam-area-maior-do-que-a-belgica-dentro-da-terra-indigena-yanomami\/?_x_tr_sl=auto&amp;_x_tr_tl=en&amp;_x_tr_hl=en&amp;_x_tr_pto=wapp\"><span style=\"font-weight: 400;\">Infoamazon\u00eda<\/span><\/a><span style=\"font-weight: 400;\">. Tambi\u00e9n se abrieron v\u00edas ilegales <\/span><a href=\"https:\/\/news.mongabay.com\/2023\/01\/illegal-road-found-in-yanomami-land-accelerates-destruction\/\"><span style=\"font-weight: 400;\">de m\u00e1s de 150 kil\u00f3metros<\/span><\/a><span style=\"font-weight: 400;\">, aproximadamente entre julio y septiembre de 2022, seg\u00fan inform\u00f3 la <\/span><a href=\"https:\/\/www.greenpeace.org\/international\/press-release\/57456\/illegal-road-mining-yanomami-land-brazil-images\/\"><span style=\"font-weight: 400;\">ONG Greenpeace<\/span><\/a><span style=\"font-weight: 400;\">. Mientras tanto, la deforestaci\u00f3n acumulada causada por los <\/span><i><span style=\"font-weight: 400;\">garimpeiros<\/span><\/i><span style=\"font-weight: 400;\"> alcanz\u00f3 las 4411 hect\u00e1reas <\/span><a href=\"https:\/\/cimi.org.br\/wp-content\/uploads\/2022\/10\/hutukara-napolepi-2022-10-04.pdf\"><span style=\"font-weight: 400;\">entre octubre de 2018 y agosto de 2022<\/span><\/a><span style=\"font-weight: 400;\">, seg\u00fan inform\u00f3 el medio de comunicaci\u00f3n brasile\u00f1o <\/span><a href=\"https:\/\/sumauma.com\/es\/por-que-os-garimpeiros-comem-as-vaginas-das-mulheres-yanomami\/\"><span style=\"font-weight: 400;\">Sumauma<\/span><\/a><span style=\"font-weight: 400;\">.<\/span><\/p>\n<p><b>Qu\u00e9 se est\u00e1 haciendo<br \/>\n<\/b><span style=\"font-weight: 400;\">El Gobierno ha declarado &#8220;emergencia sanitaria&#8221; de &#8220;importancia nacional&#8221; en la tierra ind\u00edgena Yanomami, que es la m\u00e1s grande de Brasil, con cerca de 10 millones de hect\u00e1reas, ante la &#8220;desasistencia&#8221; de los \u00faltimos a\u00f1os, seg\u00fan aleg\u00f3. <\/span><span style=\"font-weight: 400;\">El gobierno de Lula da Silva ha ordenado la expulsi\u00f3n de los mineros ilegales.<br \/>\n<\/span><span style=\"font-weight: 400;\">A ra\u00edz de esto, Bolsonaro ser\u00e1 investigado por la polic\u00eda tras una orden del <\/span><a href=\"https:\/\/www.lanacion.com.ar\/el-mundo\/por-que-investigan-al-gobierno-de-jair-bolsonaro-por-un-posible-genocidio-contra-los-yanomamis-nid01022023\/\"><span style=\"font-weight: 400;\">\u00a0Tribunal Supremo Federal (STF<\/span><\/a><span style=\"font-weight: 400;\">). \u201cM\u00e1s que una crisis humanitaria, lo que vi en Roraima fue un genocidio, un crimen premeditado contra los yanomami, cometido por un gobierno insensible al sufrimiento del pueblo brasile\u00f1o\u201d, indic\u00f3 Lula en sus <\/span><a href=\"https:\/\/twitter.com\/LulaOficial\/status\/1617121512506511368?s=20&amp;t=MxYlEHbRknBFdC0O4_aCXw\"><span style=\"font-weight: 400;\">redes sociales<\/span><\/a><span style=\"font-weight: 400;\">.<\/span><\/p>\n<p><a href=\"https:\/\/ctt.ac\/aXft2\"><img loading=\"lazy\" decoding=\"async\" src=\"https:\/\/www.theoxygenproject.com\/es\/wp-content\/uploads\/2023\/04\/TOP_DTD_Blog-Yanomami-02.jpg\" alt=\"\" width=\"1251\" height=\"730\" class=\"aligncenter size-full wp-image-1996\" srcset=\"https:\/\/www.theoxygenproject.com\/es\/wp-content\/uploads\/2023\/04\/TOP_DTD_Blog-Yanomami-02.jpg 1251w, https:\/\/www.theoxygenproject.com\/es\/wp-content\/uploads\/2023\/04\/TOP_DTD_Blog-Yanomami-02-300x175.jpg 300w, https:\/\/www.theoxygenproject.com\/es\/wp-content\/uploads\/2023\/04\/TOP_DTD_Blog-Yanomami-02-1024x598.jpg 1024w, https:\/\/www.theoxygenproject.com\/es\/wp-content\/uploads\/2023\/04\/TOP_DTD_Blog-Yanomami-02-768x448.jpg 768w\" sizes=\"auto, (max-width: 1251px) 100vw, 1251px\" \/><\/a><\/p>\n<p style=\"text-align: center;\"><span style=\"font-weight: 400;\">Insta al gobierno de Brasil a<\/span><\/p>\n<p style=\"text-align: center;\"><span style=\"font-weight: 400;\">#DefendtheDefenders<\/span><\/p>\n<p style=\"text-align: center;\"><span style=\"font-weight: 400;\">\u00a0 \u00a0 Env\u00eda Tweet <a href=\"https:\/\/ctt.ac\/aXft2\">AQU\u00cd<\/a><\/span><\/p>\n<p><a href=\"https:\/\/ctt.ac\/aXft2\"><img loading=\"lazy\" decoding=\"async\" src=\"https:\/\/www.theoxygenproject.com\/es\/wp-content\/uploads\/2023\/04\/TOP_DTD_Blog-Yanomami-03.jpg\" alt=\"\" width=\"1251\" height=\"730\" class=\"aligncenter size-full wp-image-1997\" srcset=\"https:\/\/www.theoxygenproject.com\/es\/wp-content\/uploads\/2023\/04\/TOP_DTD_Blog-Yanomami-03.jpg 1251w, https:\/\/www.theoxygenproject.com\/es\/wp-content\/uploads\/2023\/04\/TOP_DTD_Blog-Yanomami-03-300x175.jpg 300w, https:\/\/www.theoxygenproject.com\/es\/wp-content\/uploads\/2023\/04\/TOP_DTD_Blog-Yanomami-03-1024x598.jpg 1024w, https:\/\/www.theoxygenproject.com\/es\/wp-content\/uploads\/2023\/04\/TOP_DTD_Blog-Yanomami-03-768x448.jpg 768w\" sizes=\"auto, (max-width: 1251px) 100vw, 1251px\" \/><\/a><\/p>\n<p><em><span style=\"font-weight: 400;\">Fuente<br \/>\n<\/span><\/em><b>Mongabay Latam <\/b><a href=\"https:\/\/es.mongabay.com\/2023\/02\/la-tragedia-del-pueblo-yanomami-un-panorama-de-emergencia-en-venezuela-y-brasil\/\"><b>\u201c<\/b><span style=\"font-weight: 400;\">La tragedia del pueblo yanomami: un panorama de emergencia en Venezuela y Brasil\u201d<\/span><\/a><\/p>\n<p><b>BBC<\/b> <a href=\"https:\/\/www.bbc.com\/mundo\/noticias-america-latina-64390073\"><span style=\"font-weight: 400;\">&#8220;Es una situaci\u00f3n catastr\u00f3fica&#8221;: la alerta de un m\u00e9dico que fue a atender a\u00a0 los yanomamis en la selva de Brasil<\/span><\/a><\/p>\n","protected":false},"excerpt":{"rendered":"<p>Una comunidad ind\u00edgena con m\u00e1s de 50.000 pobladores, llamada Yanomami est\u00e1 en peligro. Habitantes de una regi\u00f3n rica en biodiversidad y minerales, sobre todo en oro, han visto estos \u00faltimos&#8230;<\/p>\n","protected":false},"author":3,"featured_media":1996,"comment_status":"closed","ping_status":"closed","sticky":false,"template":"","format":"standard","meta":{"_mo_disable_npp":"","footnotes":""},"categories":[3,14,10,5,4,12,6,9],"tags":[],"class_list":["post-1995","post","type-post","status-publish","format-standard","has-post-thumbnail","hentry","category-accion-climatica","category-agricultura","category-agua","category-cambio-climatico","category-voces","category-deforestacion","category-land","category-solutions"],"yoast_head":"<!-- This site is optimized with the Yoast SEO plugin v28.3 - https:\/\/yoast.com\/product\/yoast-seo-wordpress\/ -->\n<title>PUEBLO YANOMAMI Y LA AMAZON\u00cdA EN PELIGRO - The Oxygen Project<\/title>\n<meta name=\"robots\" content=\"index, follow, max-snippet:-1, max-image-preview:large, max-video-preview:-1\" \/>\n<link rel=\"canonical\" href=\"https:\/\/www.theoxygenproject.com\/es\/pueblo-yanomami-y-la-amazonia-en-peligro\/\" \/>\n<meta property=\"og:locale\" content=\"en_US\" \/>\n<meta property=\"og:type\" content=\"article\" \/>\n<meta property=\"og:title\" content=\"PUEBLO YANOMAMI Y LA AMAZON\u00cdA EN PELIGRO - The Oxygen Project\" \/>\n<meta property=\"og:description\" content=\"Una comunidad ind\u00edgena con m\u00e1s de 50.000 pobladores, llamada Yanomami est\u00e1 en peligro. Habitantes de una regi\u00f3n rica en biodiversidad y minerales, sobre todo en oro, han visto estos \u00faltimos...\" \/>\n<meta property=\"og:url\" content=\"https:\/\/www.theoxygenproject.com\/es\/pueblo-yanomami-y-la-amazonia-en-peligro\/\" \/>\n<meta property=\"og:site_name\" content=\"The Oxygen Project\" \/>\n<meta property=\"article:publisher\" content=\"https:\/\/www.facebook.com\/theoxygenproj\" \/>\n<meta property=\"article:published_time\" content=\"2023-04-14T16:16:08+00:00\" \/>\n<meta name=\"author\" content=\"Pilar R\u00edos\" \/>\n<meta name=\"twitter:card\" content=\"summary_large_image\" \/>\n<meta name=\"twitter:creator\" content=\"@theoxygenproj\" \/>\n<meta name=\"twitter:site\" content=\"@theoxygenproj\" \/>\n<meta name=\"twitter:label1\" content=\"Written by\" \/>\n\t<meta name=\"twitter:data1\" content=\"Pilar R\u00edos\" \/>\n<script type=\"application\/ld+json\" class=\"yoast-schema-graph\">{\"@context\":\"https:\\\/\\\/schema.org\",\"@graph\":[{\"@type\":\"Article\",\"@id\":\"https:\\\/\\\/www.theoxygenproject.com\\\/es\\\/pueblo-yanomami-y-la-amazonia-en-peligro\\\/#article\",\"isPartOf\":{\"@id\":\"https:\\\/\\\/www.theoxygenproject.com\\\/es\\\/pueblo-yanomami-y-la-amazonia-en-peligro\\\/\"},\"author\":{\"name\":\"Pilar R\u00edos\",\"@id\":\"https:\\\/\\\/www.theoxygenproject.com\\\/es\\\/#\\\/schema\\\/person\\\/fd1d50a727859a9283fdd988aca8d8fb\"},\"headline\":\"PUEBLO YANOMAMI Y LA AMAZON\u00cdA EN PELIGRO\",\"datePublished\":\"2023-04-14T16:16:08+00:00\",\"mainEntityOfPage\":{\"@id\":\"https:\\\/\\\/www.theoxygenproject.com\\\/es\\\/pueblo-yanomami-y-la-amazonia-en-peligro\\\/\"},\"wordCount\":935,\"publisher\":{\"@id\":\"https:\\\/\\\/www.theoxygenproject.com\\\/es\\\/#organization\"},\"image\":{\"@id\":\"https:\\\/\\\/www.theoxygenproject.com\\\/es\\\/pueblo-yanomami-y-la-amazonia-en-peligro\\\/#primaryimage\"},\"thumbnailUrl\":\"https:\\\/\\\/www.theoxygenproject.com\\\/es\\\/wp-content\\\/uploads\\\/2023\\\/04\\\/TOP_DTD_Blog-Yanomami-02.jpg\",\"articleSection\":[\"Acci\u00f3n Clim\u00e1tica\",\"Agricultura\",\"Agua\",\"Cambio clim\u00e1tico\",\"Defensores\",\"Deforestaci\u00f3n\",\"Regeneraci\u00f3n\",\"Soluciones\"],\"inLanguage\":\"en-US\"},{\"@type\":\"WebPage\",\"@id\":\"https:\\\/\\\/www.theoxygenproject.com\\\/es\\\/pueblo-yanomami-y-la-amazonia-en-peligro\\\/\",\"url\":\"https:\\\/\\\/www.theoxygenproject.com\\\/es\\\/pueblo-yanomami-y-la-amazonia-en-peligro\\\/\",\"name\":\"PUEBLO YANOMAMI Y LA AMAZON\u00cdA EN PELIGRO - The Oxygen Project\",\"isPartOf\":{\"@id\":\"https:\\\/\\\/www.theoxygenproject.com\\\/es\\\/#website\"},\"primaryImageOfPage\":{\"@id\":\"https:\\\/\\\/www.theoxygenproject.com\\\/es\\\/pueblo-yanomami-y-la-amazonia-en-peligro\\\/#primaryimage\"},\"image\":{\"@id\":\"https:\\\/\\\/www.theoxygenproject.com\\\/es\\\/pueblo-yanomami-y-la-amazonia-en-peligro\\\/#primaryimage\"},\"thumbnailUrl\":\"https:\\\/\\\/www.theoxygenproject.com\\\/es\\\/wp-content\\\/uploads\\\/2023\\\/04\\\/TOP_DTD_Blog-Yanomami-02.jpg\",\"datePublished\":\"2023-04-14T16:16:08+00:00\",\"breadcrumb\":{\"@id\":\"https:\\\/\\\/www.theoxygenproject.com\\\/es\\\/pueblo-yanomami-y-la-amazonia-en-peligro\\\/#breadcrumb\"},\"inLanguage\":\"en-US\",\"potentialAction\":[{\"@type\":\"ReadAction\",\"target\":[\"https:\\\/\\\/www.theoxygenproject.com\\\/es\\\/pueblo-yanomami-y-la-amazonia-en-peligro\\\/\"]}]},{\"@type\":\"ImageObject\",\"inLanguage\":\"en-US\",\"@id\":\"https:\\\/\\\/www.theoxygenproject.com\\\/es\\\/pueblo-yanomami-y-la-amazonia-en-peligro\\\/#primaryimage\",\"url\":\"https:\\\/\\\/www.theoxygenproject.com\\\/es\\\/wp-content\\\/uploads\\\/2023\\\/04\\\/TOP_DTD_Blog-Yanomami-02.jpg\",\"contentUrl\":\"https:\\\/\\\/www.theoxygenproject.com\\\/es\\\/wp-content\\\/uploads\\\/2023\\\/04\\\/TOP_DTD_Blog-Yanomami-02.jpg\",\"width\":1251,\"height\":730},{\"@type\":\"BreadcrumbList\",\"@id\":\"https:\\\/\\\/www.theoxygenproject.com\\\/es\\\/pueblo-yanomami-y-la-amazonia-en-peligro\\\/#breadcrumb\",\"itemListElement\":[{\"@type\":\"ListItem\",\"position\":1,\"name\":\"Home\",\"item\":\"https:\\\/\\\/www.theoxygenproject.com\\\/es\\\/\"},{\"@type\":\"ListItem\",\"position\":2,\"name\":\"PUEBLO YANOMAMI Y LA AMAZON\u00cdA EN PELIGRO\"}]},{\"@type\":\"WebSite\",\"@id\":\"https:\\\/\\\/www.theoxygenproject.com\\\/es\\\/#website\",\"url\":\"https:\\\/\\\/www.theoxygenproject.com\\\/es\\\/\",\"name\":\"The Oxygen Project\",\"description\":\"\",\"publisher\":{\"@id\":\"https:\\\/\\\/www.theoxygenproject.com\\\/es\\\/#organization\"},\"potentialAction\":[{\"@type\":\"SearchAction\",\"target\":{\"@type\":\"EntryPoint\",\"urlTemplate\":\"https:\\\/\\\/www.theoxygenproject.com\\\/es\\\/?s={search_term_string}\"},\"query-input\":{\"@type\":\"PropertyValueSpecification\",\"valueRequired\":true,\"valueName\":\"search_term_string\"}}],\"inLanguage\":\"en-US\"},{\"@type\":\"Organization\",\"@id\":\"https:\\\/\\\/www.theoxygenproject.com\\\/es\\\/#organization\",\"name\":\"The Oxygen Project\",\"url\":\"https:\\\/\\\/www.theoxygenproject.com\\\/es\\\/\",\"logo\":{\"@type\":\"ImageObject\",\"inLanguage\":\"en-US\",\"@id\":\"https:\\\/\\\/www.theoxygenproject.com\\\/es\\\/#\\\/schema\\\/logo\\\/image\\\/\",\"url\":\"https:\\\/\\\/www.theoxygenproject.com\\\/es\\\/wp-content\\\/uploads\\\/2024\\\/05\\\/top-logo-dark.png\",\"contentUrl\":\"https:\\\/\\\/www.theoxygenproject.com\\\/es\\\/wp-content\\\/uploads\\\/2024\\\/05\\\/top-logo-dark.png\",\"width\":384,\"height\":256,\"caption\":\"The Oxygen Project\"},\"image\":{\"@id\":\"https:\\\/\\\/www.theoxygenproject.com\\\/es\\\/#\\\/schema\\\/logo\\\/image\\\/\"},\"sameAs\":[\"https:\\\/\\\/www.facebook.com\\\/theoxygenproj\",\"https:\\\/\\\/x.com\\\/theoxygenproj\"]},{\"@type\":\"Person\",\"@id\":\"https:\\\/\\\/www.theoxygenproject.com\\\/es\\\/#\\\/schema\\\/person\\\/fd1d50a727859a9283fdd988aca8d8fb\",\"name\":\"Pilar R\u00edos\",\"image\":{\"@type\":\"ImageObject\",\"inLanguage\":\"en-US\",\"@id\":\"https:\\\/\\\/secure.gravatar.com\\\/avatar\\\/cb4cf509d6c8cf9193108e3149294241c2397964dbeb5a2a6e6b0a4a4127fc37?s=96&d=mm&r=g\",\"url\":\"https:\\\/\\\/secure.gravatar.com\\\/avatar\\\/cb4cf509d6c8cf9193108e3149294241c2397964dbeb5a2a6e6b0a4a4127fc37?s=96&d=mm&r=g\",\"contentUrl\":\"https:\\\/\\\/secure.gravatar.com\\\/avatar\\\/cb4cf509d6c8cf9193108e3149294241c2397964dbeb5a2a6e6b0a4a4127fc37?s=96&d=mm&r=g\",\"caption\":\"Pilar R\u00edos\"},\"url\":\"https:\\\/\\\/www.theoxygenproject.com\\\/es\\\/author\\\/admin-2\\\/\"}]}<\/script>\n<!-- \/ Yoast SEO plugin. -->","yoast_head_json":{"title":"PUEBLO YANOMAMI Y LA AMAZON\u00cdA EN PELIGRO - The Oxygen Project","robots":{"index":"index","follow":"follow","max-snippet":"max-snippet:-1","max-image-preview":"max-image-preview:large","max-video-preview":"max-video-preview:-1"},"canonical":"https:\/\/www.theoxygenproject.com\/es\/pueblo-yanomami-y-la-amazonia-en-peligro\/","og_locale":"en_US","og_type":"article","og_title":"PUEBLO YANOMAMI Y LA AMAZON\u00cdA EN PELIGRO - The Oxygen Project","og_description":"Una comunidad ind\u00edgena con m\u00e1s de 50.000 pobladores, llamada Yanomami est\u00e1 en peligro. Habitantes de una regi\u00f3n rica en biodiversidad y minerales, sobre todo en oro, han visto estos \u00faltimos...","og_url":"https:\/\/www.theoxygenproject.com\/es\/pueblo-yanomami-y-la-amazonia-en-peligro\/","og_site_name":"The Oxygen Project","article_publisher":"https:\/\/www.facebook.com\/theoxygenproj","article_published_time":"2023-04-14T16:16:08+00:00","author":"Pilar R\u00edos","twitter_card":"summary_large_image","twitter_creator":"@theoxygenproj","twitter_site":"@theoxygenproj","twitter_misc":{"Written by":"Pilar R\u00edos"},"schema":{"@context":"https:\/\/schema.org","@graph":[{"@type":"Article","@id":"https:\/\/www.theoxygenproject.com\/es\/pueblo-yanomami-y-la-amazonia-en-peligro\/#article","isPartOf":{"@id":"https:\/\/www.theoxygenproject.com\/es\/pueblo-yanomami-y-la-amazonia-en-peligro\/"},"author":{"name":"Pilar R\u00edos","@id":"https:\/\/www.theoxygenproject.com\/es\/#\/schema\/person\/fd1d50a727859a9283fdd988aca8d8fb"},"headline":"PUEBLO YANOMAMI Y LA AMAZON\u00cdA EN PELIGRO","datePublished":"2023-04-14T16:16:08+00:00","mainEntityOfPage":{"@id":"https:\/\/www.theoxygenproject.com\/es\/pueblo-yanomami-y-la-amazonia-en-peligro\/"},"wordCount":935,"publisher":{"@id":"https:\/\/www.theoxygenproject.com\/es\/#organization"},"image":{"@id":"https:\/\/www.theoxygenproject.com\/es\/pueblo-yanomami-y-la-amazonia-en-peligro\/#primaryimage"},"thumbnailUrl":"https:\/\/www.theoxygenproject.com\/es\/wp-content\/uploads\/2023\/04\/TOP_DTD_Blog-Yanomami-02.jpg","articleSection":["Acci\u00f3n Clim\u00e1tica","Agricultura","Agua","Cambio clim\u00e1tico","Defensores","Deforestaci\u00f3n","Regeneraci\u00f3n","Soluciones"],"inLanguage":"en-US"},{"@type":"WebPage","@id":"https:\/\/www.theoxygenproject.com\/es\/pueblo-yanomami-y-la-amazonia-en-peligro\/","url":"https:\/\/www.theoxygenproject.com\/es\/pueblo-yanomami-y-la-amazonia-en-peligro\/","name":"PUEBLO YANOMAMI Y LA AMAZON\u00cdA EN PELIGRO - The Oxygen Project","isPartOf":{"@id":"https:\/\/www.theoxygenproject.com\/es\/#website"},"primaryImageOfPage":{"@id":"https:\/\/www.theoxygenproject.com\/es\/pueblo-yanomami-y-la-amazonia-en-peligro\/#primaryimage"},"image":{"@id":"https:\/\/www.theoxygenproject.com\/es\/pueblo-yanomami-y-la-amazonia-en-peligro\/#primaryimage"},"thumbnailUrl":"https:\/\/www.theoxygenproject.com\/es\/wp-content\/uploads\/2023\/04\/TOP_DTD_Blog-Yanomami-02.jpg","datePublished":"2023-04-14T16:16:08+00:00","breadcrumb":{"@id":"https:\/\/www.theoxygenproject.com\/es\/pueblo-yanomami-y-la-amazonia-en-peligro\/#breadcrumb"},"inLanguage":"en-US","potentialAction":[{"@type":"ReadAction","target":["https:\/\/www.theoxygenproject.com\/es\/pueblo-yanomami-y-la-amazonia-en-peligro\/"]}]},{"@type":"ImageObject","inLanguage":"en-US","@id":"https:\/\/www.theoxygenproject.com\/es\/pueblo-yanomami-y-la-amazonia-en-peligro\/#primaryimage","url":"https:\/\/www.theoxygenproject.com\/es\/wp-content\/uploads\/2023\/04\/TOP_DTD_Blog-Yanomami-02.jpg","contentUrl":"https:\/\/www.theoxygenproject.com\/es\/wp-content\/uploads\/2023\/04\/TOP_DTD_Blog-Yanomami-02.jpg","width":1251,"height":730},{"@type":"BreadcrumbList","@id":"https:\/\/www.theoxygenproject.com\/es\/pueblo-yanomami-y-la-amazonia-en-peligro\/#breadcrumb","itemListElement":[{"@type":"ListItem","position":1,"name":"Home","item":"https:\/\/www.theoxygenproject.com\/es\/"},{"@type":"ListItem","position":2,"name":"PUEBLO YANOMAMI Y LA AMAZON\u00cdA EN PELIGRO"}]},{"@type":"WebSite","@id":"https:\/\/www.theoxygenproject.com\/es\/#website","url":"https:\/\/www.theoxygenproject.com\/es\/","name":"The Oxygen Project","description":"","publisher":{"@id":"https:\/\/www.theoxygenproject.com\/es\/#organization"},"potentialAction":[{"@type":"SearchAction","target":{"@type":"EntryPoint","urlTemplate":"https:\/\/www.theoxygenproject.com\/es\/?s={search_term_string}"},"query-input":{"@type":"PropertyValueSpecification","valueRequired":true,"valueName":"search_term_string"}}],"inLanguage":"en-US"},{"@type":"Organization","@id":"https:\/\/www.theoxygenproject.com\/es\/#organization","name":"The Oxygen Project","url":"https:\/\/www.theoxygenproject.com\/es\/","logo":{"@type":"ImageObject","inLanguage":"en-US","@id":"https:\/\/www.theoxygenproject.com\/es\/#\/schema\/logo\/image\/","url":"https:\/\/www.theoxygenproject.com\/es\/wp-content\/uploads\/2024\/05\/top-logo-dark.png","contentUrl":"https:\/\/www.theoxygenproject.com\/es\/wp-content\/uploads\/2024\/05\/top-logo-dark.png","width":384,"height":256,"caption":"The Oxygen Project"},"image":{"@id":"https:\/\/www.theoxygenproject.com\/es\/#\/schema\/logo\/image\/"},"sameAs":["https:\/\/www.facebook.com\/theoxygenproj","https:\/\/x.com\/theoxygenproj"]},{"@type":"Person","@id":"https:\/\/www.theoxygenproject.com\/es\/#\/schema\/person\/fd1d50a727859a9283fdd988aca8d8fb","name":"Pilar R\u00edos","image":{"@type":"ImageObject","inLanguage":"en-US","@id":"https:\/\/secure.gravatar.com\/avatar\/cb4cf509d6c8cf9193108e3149294241c2397964dbeb5a2a6e6b0a4a4127fc37?s=96&d=mm&r=g","url":"https:\/\/secure.gravatar.com\/avatar\/cb4cf509d6c8cf9193108e3149294241c2397964dbeb5a2a6e6b0a4a4127fc37?s=96&d=mm&r=g","contentUrl":"https:\/\/secure.gravatar.com\/avatar\/cb4cf509d6c8cf9193108e3149294241c2397964dbeb5a2a6e6b0a4a4127fc37?s=96&d=mm&r=g","caption":"Pilar R\u00edos"},"url":"https:\/\/www.theoxygenproject.com\/es\/author\/admin-2\/"}]}},"_links":{"self":[{"href":"https:\/\/www.theoxygenproject.com\/es\/wp-json\/wp\/v2\/posts\/1995","targetHints":{"allow":["GET"]}}],"collection":[{"href":"https:\/\/www.theoxygenproject.com\/es\/wp-json\/wp\/v2\/posts"}],"about":[{"href":"https:\/\/www.theoxygenproject.com\/es\/wp-json\/wp\/v2\/types\/post"}],"author":[{"embeddable":true,"href":"https:\/\/www.theoxygenproject.com\/es\/wp-json\/wp\/v2\/users\/3"}],"replies":[{"embeddable":true,"href":"https:\/\/www.theoxygenproject.com\/es\/wp-json\/wp\/v2\/comments?post=1995"}],"version-history":[{"count":0,"href":"https:\/\/www.theoxygenproject.com\/es\/wp-json\/wp\/v2\/posts\/1995\/revisions"}],"wp:featuredmedia":[{"embeddable":true,"href":"https:\/\/www.theoxygenproject.com\/es\/wp-json\/wp\/v2\/media\/1996"}],"wp:attachment":[{"href":"https:\/\/www.theoxygenproject.com\/es\/wp-json\/wp\/v2\/media?parent=1995"}],"wp:term":[{"taxonomy":"category","embeddable":true,"href":"https:\/\/www.theoxygenproject.com\/es\/wp-json\/wp\/v2\/categories?post=1995"},{"taxonomy":"post_tag","embeddable":true,"href":"https:\/\/www.theoxygenproject.com\/es\/wp-json\/wp\/v2\/tags?post=1995"}],"curies":[{"name":"wp","href":"https:\/\/api.w.org\/{rel}","templated":true}]}}