{"id":1984,"date":"2023-03-24T20:13:06","date_gmt":"2023-03-24T17:13:06","guid":{"rendered":"https:\/\/www.theoxygenproject.com\/es\/?p=1984"},"modified":"2023-03-24T20:13:06","modified_gmt":"2023-03-24T17:13:06","slug":"la-mineria-submarina-acaba-de-perder-a-su-mayor-patrocinador-empresarial","status":"publish","type":"post","link":"https:\/\/www.theoxygenproject.com\/es\/la-mineria-submarina-acaba-de-perder-a-su-mayor-patrocinador-empresarial\/","title":{"rendered":"La miner\u00eda submarina acaba de perder a su mayor patrocinador empresarial"},"content":{"rendered":"<p><span style=\"font-weight: 400;\">Cada vez son m\u00e1s los pa\u00edses que piden que se retrasen los planes de extracci\u00f3n de metales del fondo marino para fabricar bater\u00edas de coches el\u00e9ctricos, mientras el gigante estadounidense de defiende esta extracci\u00f3n Lockheed Martin Corp, la mayor empresa del sector, abandona esta industria incipiente.<\/span><\/p>\n<p><span style=\"font-weight: 400;\">La semana pasada la filial brit\u00e1nica de Lockheed Seabed Resources fue vendida a la empresa noruega Loke Marine Minerals. Anuncio que se hizo justo cuando la organizaci\u00f3n afiliada a las Naciones Unidas encargada de regular la explotaci\u00f3n minera de los fondos marinos iniciaba una conferencia en Jamaica.<\/span><\/p>\n<p><span style=\"font-weight: 400;\">La Autoridad Internacional de los Fondos Marinos (ISA) se re\u00fane para aprobar en julio una normativa que permitir\u00eda la explotaci\u00f3n minera submarina, la que destruir\u00eda\u00a0 ecosistemas \u00fanicos de las profundidades oce\u00e1nicas a partir de 2024. Las tensiones en la conferencia aumentan a medida que cient\u00edficos, abogados y activistas acusan a la rama administrativa de la Autoridad, conocida como Secretar\u00eda, de impulsar una agenda favorable a la miner\u00eda. La semana pasada, algunos de los 167 pa\u00edses miembros de ISA acusaron a su Secretario General, Michael Lodge, de extralimitarse en sus funciones de administrador neutral.<\/span><\/p>\n<p><span style=\"font-weight: 400;\">Al inicio de la conferencia, el delegado del Reino Unido revel\u00f3 tambi\u00e9n la retirada efectiva de Lockheed del sector, con la venta de UK Seabed Resources por un precio no revelado. &#8220;Tras un an\u00e1lisis detallado del negocio, qued\u00f3 claro que hab\u00eda un propietario mejor para nuestro negocio UK Seabed Resources (UKSR)&#8221;, declar\u00f3 un portavoz de Lockheed Martin en un correo electr\u00f3nico.<\/span><\/p>\n<p><span style=\"font-weight: 400;\">El inter\u00e9s de Lockheed por la miner\u00eda de aguas profundas se remonta a la d\u00e9cada de 1970, y su filial brit\u00e1nica posee licencias de ISA desde 2013 para explorar el lecho marino en busca de cobalto, n\u00edquel y otros metales. La repentina salida de Lockheed de la miner\u00eda de aguas profundas -justo cuando la industria alcanza la posible c\u00faspide de la comercializaci\u00f3n-\u00a0 deja a los contratistas de miner\u00eda occidental con la incapacidad para financiar los miles de millones de d\u00f3lares necesarios para poner en marcha una operaci\u00f3n minera en el lecho marino.<\/span><\/p>\n<p><span style=\"font-weight: 400;\">La conferencia de ISA se celebra en medio de la creciente demanda de cobalto, n\u00edquel y otros metales utilizados para fabricar bater\u00edas para coches el\u00e9ctricos, y se realiza a menos de dos semanas despu\u00e9s de que 193 naciones alcanzaran un acuerdo sobre un tratado hist\u00f3rico para proteger la biodiversidad marina en aguas internacionales. Las presiones para retrasar o prohibir la explotaci\u00f3n minera de los fondos marinos se centran en la falta de conocimientos cient\u00edficos sobre los ecosistemas de aguas profundas que se pretende explotar.<\/span><\/p>\n<p><span style=\"font-weight: 400;\">El jueves, el delegado de Reino Unido, Gavin Watson, declar\u00f3 ante el Consejo de ISA, \u00f3rgano de decisi\u00f3n pol\u00edtica de la organizaci\u00f3n compuesto por 36 pa\u00edses, que su pa\u00eds no apoyar\u00eda &#8220;la concesi\u00f3n de ninguna licencia de explotaci\u00f3n para proyectos mineros en aguas profundas a menos que existan pruebas cient\u00edficas suficientes sobre el impacto potencial en los sistemas de ecosistemas de aguas profundas&#8221;.<\/span><\/p>\n<p><span style=\"font-weight: 400;\">En medio de la creciente tensi\u00f3n, varios observadores acreditados de ISA afirmaron que el personal de la Secretar\u00eda les amenaz\u00f3 el lunes con la expulsi\u00f3n por hacer fotos y v\u00eddeos de los procedimientos de la conferencia y les orden\u00f3 que borraran los archivos de sus tel\u00e9fonos.\u00a0<\/span><\/p>\n<p><img loading=\"lazy\" decoding=\"async\" src=\"https:\/\/www.theoxygenproject.com\/es\/wp-content\/uploads\/2023\/03\/24-Mar_TOP_BLOG_DSM-Banners-11.jpg\" alt=\"\" width=\"1668\" height=\"730\" class=\"aligncenter size-full wp-image-1985\" srcset=\"https:\/\/www.theoxygenproject.com\/es\/wp-content\/uploads\/2023\/03\/24-Mar_TOP_BLOG_DSM-Banners-11.jpg 1668w, https:\/\/www.theoxygenproject.com\/es\/wp-content\/uploads\/2023\/03\/24-Mar_TOP_BLOG_DSM-Banners-11-300x131.jpg 300w, https:\/\/www.theoxygenproject.com\/es\/wp-content\/uploads\/2023\/03\/24-Mar_TOP_BLOG_DSM-Banners-11-1024x448.jpg 1024w, https:\/\/www.theoxygenproject.com\/es\/wp-content\/uploads\/2023\/03\/24-Mar_TOP_BLOG_DSM-Banners-11-768x336.jpg 768w, https:\/\/www.theoxygenproject.com\/es\/wp-content\/uploads\/2023\/03\/24-Mar_TOP_BLOG_DSM-Banners-11-1536x672.jpg 1536w\" sizes=\"auto, (max-width: 1668px) 100vw, 1668px\" \/><\/p>\n<p><span style=\"font-weight: 400;\">&#8220;Hubo un miembro del personal de la ISA colocado por encima de los observadores durante todo el d\u00eda para vigilar esencialmente nuestro comportamiento, lo que fue ciertamente muy desconcertante&#8221;, dijo Diva Amon,\u00a0 cient\u00edfica de aguas profundas que representaba a la Deep Ocean Stewardship Initiative en la reuni\u00f3n. Amon, que lleva mucho tiempo participando en ISA, recibi\u00f3 en 2018 un premio de investigaci\u00f3n del secretario general.<\/span><\/p>\n<p><span style=\"font-weight: 400;\">Arlo Hemphill, responsable de Greenpeace EE.UU. para la miner\u00eda de aguas profundas y los santuarios oce\u00e1nicos, dijo que se le acerc\u00f3 una empleada de la Secretar\u00eda mientras cargaba su tel\u00e9fono. &#8220;Una mujer se me acerc\u00f3 y me dijo: &#8216;Me han dicho que estabas filmando&#8217;. Le contest\u00e9 que no, y me dijo que si me pillaban grabando me arrancar\u00eda la placa y me quitar\u00eda las credenciales&#8221;, relat\u00f3 Hemphill, que ha asistido a seis reuniones de la ISA.\u00a0<\/span><\/p>\n<p><span style=\"font-weight: 400;\">Duncan Currie, abogado internacional y representante de la Coalici\u00f3n para la Conservaci\u00f3n de las Profundidades Marinas, observador acreditado por ISA, declar\u00f3 haber presenciado c\u00f3mo el personal de la Secretar\u00eda ordenaba a los observadores que dejaran sus tel\u00e9fonos. Un video revisado por Bloomberg Green muestra a empleados de la Secretar\u00eda coloc\u00e1ndose detr\u00e1s de un grupo de observadores y acerc\u00e1ndose a ellos cuando parec\u00edan estar tomando fotos. La portavoz de ISA, Stefanie Neno, afirm\u00f3 en un comunicado que s\u00f3lo los periodistas est\u00e1n autorizados a hacer fotograf\u00edas y grabar videos en los procedimientos de ISA.\u00a0<\/span><\/p>\n<p><span style=\"font-weight: 400;\">El domingo, The New York Times public\u00f3 una carta que una ministra alemana envi\u00f3 a Lodge el 16 de marzo, en la que se opon\u00eda a lo que calificaba de injerencia indebida en los debates de los delegados sobre las alternativas a la aprobaci\u00f3n de licencias mineras en caso de que la normativa no estuviera en vigor en julio. &#8220;En el pasado, usted se ha posicionado activamente en contra de las posturas y propuestas de toma de decisiones de delegaciones individuales&#8221;, escribi\u00f3 Franziska Brantner, ministra alemana de Asuntos Econ\u00f3micos y Acci\u00f3n por el Clima. Todos los Estados miembros de la ISA &#8220;deben poder confiar en que la Secretar\u00eda respetar\u00e1 su deber de neutralidad&#8221;. Lodge respondi\u00f3 al d\u00eda siguiente. &#8220;Esto es falso y rechazo tal acusaci\u00f3n infundada&#8221;, escribi\u00f3 en una carta a Brantner del 17 de marzo publicada por el Times.<\/span><\/p>\n<p><span style=\"font-weight: 400;\">Pero en ocasiones la Secretar\u00eda ha parecido menos que neutral. La organizaci\u00f3n cre\u00f3 un video y p\u00e1ginas para colorear para ni\u00f1os sobre la miner\u00eda de los fondos marinos para que puedan &#8220;aprender sobre los fondos marinos, sus incre\u00edbles criaturas, su medio ambiente y el trabajo de ISA para explorarlos y protegerlos&#8221;. Y entre los recuerdos a la venta en la reuni\u00f3n de la ISA en Jamaica figuran &#8220;pulseras de n\u00f3dulos&#8221;, una referencia a los n\u00f3dulos polimet\u00e1licos que se van a extraer del fondo marino. Los cient\u00edficos estiman que los n\u00f3dulos polimet\u00e1licos son el h\u00e1bitat de la mitad de las especies de mayor tama\u00f1o que se encuentran en la regi\u00f3n del Oc\u00e9ano Pac\u00edfico que se pretende explotar. La embajadora de Costa Rica, Gina Guill\u00e9n Grillo, tuite\u00f3 el lunes que &#8220;los Estados miembros deben guiar a la Autoridad Internacional de los Fondos Marinos: las decisiones deben partir de ellos y no deben ser presionados por quienes s\u00f3lo tienen funciones administrativas. La explotaci\u00f3n minera de los fondos marinos no puede precipitarse por los intereses econ\u00f3micos de unos pocos&#8221;.<\/span><\/p>\n<p><span style=\"font-weight: 400;\">ISA fue creada por un tratado de la ONU en 1994 para regular la industrializaci\u00f3n de los fondos marinos en aguas internacionales y garantizar la protecci\u00f3n del medio marino. Desde 2001, la Autoridad ha otorgado contratos de exploraci\u00f3n a empresas estatales, organismos gubernamentales y empresas privadas para la prospecci\u00f3n de minerales en m\u00e1s de 500.000 millas cuadradas de los fondos marinos de los oc\u00e9anos Atl\u00e1ntico, \u00cdndico y Pac\u00edfico. Como parte de ese proceso, cada contratista minero debe estar patrocinado por una naci\u00f3n miembro de ISA, que es responsable de garantizar el cumplimiento de la normativa medioambiental. Pero las investigaciones de Bloomberg Green, Los Angeles Times y The New York Times han revelado la cercan\u00eda de la Secretar\u00eda a las empresas mineras que la Autoridad regula, as\u00ed como la influencia que algunas de esas empresas ejercen sobre las peque\u00f1as naciones insulares del Pac\u00edfico que patrocinan sus contratos.<\/span><\/p>\n<p><span style=\"font-weight: 400;\">En sus discursos, Lodge ha restado importancia al posible impacto medioambiental de la miner\u00eda de los fondos marinos y ha denunciado lo que califica de cobertura medi\u00e1tica tendenciosa hacia ISA. En 2020, amenaz\u00f3 con demandar a Radio Nueva Zelanda por difamaci\u00f3n por referirse a \u00e9l como &#8220;animador&#8221; de la industria minera de los fondos marinos.El Consejo de ISA hab\u00eda pasado m\u00e1s de seis a\u00f1os deliberando laboriosamente sobre las normas que permitir\u00edan el avance de la miner\u00eda, con un objetivo no vinculante de 2020 para completarlas. En junio de 2021, Nauru, un pa\u00eds insular del Pac\u00edfico de 8.000 habitantes, invoc\u00f3 una disposici\u00f3n de un tratado de la ONU que obliga a ISA a finalizar la normativa en un plazo de dos a\u00f1os.\u00a0<\/span><\/p>\n<p><span style=\"font-weight: 400;\">Nauru patrocina una filial de The Metals Company, una empresa registrada en Canad\u00e1 antes conocida como DeepGreen que tambi\u00e9n tiene contratos mineros patrocinados por otras dos peque\u00f1as naciones insulares del Pac\u00edfico. Si ISA no aprueba la normativa antes de julio, podr\u00eda verse obligada a aprobar provisionalmente la solicitud de licencia minera de The Metals Company con arreglo a las protecciones medioambientales vigentes en ese momento.<\/span><\/p>\n<p><img loading=\"lazy\" decoding=\"async\" src=\"https:\/\/www.theoxygenproject.com\/es\/wp-content\/uploads\/2023\/03\/24-Mar_TOP_BLOG_DSM-Banners-12.jpg\" alt=\"\" width=\"1668\" height=\"730\" class=\"aligncenter size-full wp-image-1986\" srcset=\"https:\/\/www.theoxygenproject.com\/es\/wp-content\/uploads\/2023\/03\/24-Mar_TOP_BLOG_DSM-Banners-12.jpg 1668w, https:\/\/www.theoxygenproject.com\/es\/wp-content\/uploads\/2023\/03\/24-Mar_TOP_BLOG_DSM-Banners-12-300x131.jpg 300w, https:\/\/www.theoxygenproject.com\/es\/wp-content\/uploads\/2023\/03\/24-Mar_TOP_BLOG_DSM-Banners-12-1024x448.jpg 1024w, https:\/\/www.theoxygenproject.com\/es\/wp-content\/uploads\/2023\/03\/24-Mar_TOP_BLOG_DSM-Banners-12-768x336.jpg 768w, https:\/\/www.theoxygenproject.com\/es\/wp-content\/uploads\/2023\/03\/24-Mar_TOP_BLOG_DSM-Banners-12-1536x672.jpg 1536w\" sizes=\"auto, (max-width: 1668px) 100vw, 1668px\" \/><\/p>\n<p><span style=\"font-weight: 400;\">Esta perspectiva ha llevado a Francia, Alemania, Espa\u00f1a, Costa Rica, Nueva Zelanda, Chile, Panam\u00e1, Palaos, Fiyi y los Estados Federados de Micronesia a pedir una moratoria o una pausa en la explotaci\u00f3n minera de los fondos marinos. Brasil, B\u00e9lgica, los Pa\u00edses Bajos, Portugal, Singapur, Suiza y otros pa\u00edses han indicado que no aprobar\u00e1n ning\u00fan contrato minero hasta que se promulguen protecciones medioambientales adecuadas para los fondos marinos. &#8220;La salud de los oc\u00e9anos, la poblaci\u00f3n y los ecosistemas naturales ya se est\u00e1n tambaleando por la contaminaci\u00f3n, la sobrepesca, la acidificaci\u00f3n y los fen\u00f3menos meteorol\u00f3gicos extremos&#8221;, declar\u00f3 Hinano Murphy, de la Polinesia Francesa, uno de los representantes ind\u00edgenas del Pac\u00edfico que se dirigi\u00f3 al Consejo el lunes. &#8220;Sin embargo, con la prohibici\u00f3n de la miner\u00eda de aguas profundas, vemos la oportunidad de detener el da\u00f1o innecesario antes de que empiece\u201d.<\/span><\/p>\n<p><span style=\"font-weight: 400;\">Fuente Bloomberg <\/span><a href=\"https:\/\/www.bloomberg.com\/news\/articles\/2023-03-22\/deep-sea-mining-just-lost-its-biggest-corporate-backer#xj4y7vzkg\"><b>Deep Sea Mining Just Lost Its Biggest Corporate Backer<\/b><\/a><\/p>\n<p>&nbsp;<\/p>\n","protected":false},"excerpt":{"rendered":"<p>Cada vez son m\u00e1s los pa\u00edses que piden que se retrasen los planes de extracci\u00f3n de metales del fondo marino para fabricar bater\u00edas de coches el\u00e9ctricos, mientras el gigante estadounidense&#8230;<\/p>\n","protected":false},"author":12,"featured_media":1987,"comment_status":"closed","ping_status":"closed","sticky":false,"template":"","format":"standard","meta":{"_mo_disable_npp":"","footnotes":""},"categories":[3,5,7,4,11,9],"tags":[],"class_list":["post-1984","post","type-post","status-publish","format-standard","has-post-thumbnail","hentry","category-accion-climatica","category-cambio-climatico","category-fondo-marino","category-voces","category-politica","category-solutions"],"yoast_head":"<!-- This site is optimized with the Yoast SEO plugin v28.3 - https:\/\/yoast.com\/product\/yoast-seo-wordpress\/ -->\n<title>La miner\u00eda submarina acaba de perder a su mayor patrocinador empresarial - The Oxygen Project<\/title>\n<meta name=\"robots\" content=\"index, follow, max-snippet:-1, max-image-preview:large, max-video-preview:-1\" \/>\n<link rel=\"canonical\" href=\"https:\/\/www.theoxygenproject.com\/es\/la-mineria-submarina-acaba-de-perder-a-su-mayor-patrocinador-empresarial\/\" \/>\n<meta property=\"og:locale\" content=\"en_US\" \/>\n<meta property=\"og:type\" content=\"article\" \/>\n<meta property=\"og:title\" content=\"La miner\u00eda submarina acaba de perder a su mayor patrocinador empresarial - The Oxygen Project\" \/>\n<meta property=\"og:description\" content=\"Cada vez son m\u00e1s los pa\u00edses que piden que se retrasen los planes de extracci\u00f3n de metales del fondo marino para fabricar bater\u00edas de coches el\u00e9ctricos, mientras el gigante estadounidense...\" \/>\n<meta property=\"og:url\" content=\"https:\/\/www.theoxygenproject.com\/es\/la-mineria-submarina-acaba-de-perder-a-su-mayor-patrocinador-empresarial\/\" \/>\n<meta property=\"og:site_name\" content=\"The Oxygen Project\" \/>\n<meta property=\"article:publisher\" content=\"https:\/\/www.facebook.com\/theoxygenproj\" \/>\n<meta property=\"article:published_time\" content=\"2023-03-24T17:13:06+00:00\" \/>\n<meta name=\"author\" content=\"Todd Woody\" \/>\n<meta name=\"twitter:card\" content=\"summary_large_image\" \/>\n<meta name=\"twitter:creator\" content=\"@theoxygenproj\" \/>\n<meta name=\"twitter:site\" content=\"@theoxygenproj\" \/>\n<meta name=\"twitter:label1\" content=\"Written by\" \/>\n\t<meta name=\"twitter:data1\" content=\"Todd Woody\" \/>\n<script type=\"application\/ld+json\" class=\"yoast-schema-graph\">{\"@context\":\"https:\\\/\\\/schema.org\",\"@graph\":[{\"@type\":\"Article\",\"@id\":\"https:\\\/\\\/www.theoxygenproject.com\\\/es\\\/la-mineria-submarina-acaba-de-perder-a-su-mayor-patrocinador-empresarial\\\/#article\",\"isPartOf\":{\"@id\":\"https:\\\/\\\/www.theoxygenproject.com\\\/es\\\/la-mineria-submarina-acaba-de-perder-a-su-mayor-patrocinador-empresarial\\\/\"},\"author\":{\"name\":\"Todd Woody\",\"@id\":\"https:\\\/\\\/www.theoxygenproject.com\\\/es\\\/#\\\/schema\\\/person\\\/fdda4346cf447515cc3217f0a9da85ed\"},\"headline\":\"La miner\u00eda submarina acaba de perder a su mayor patrocinador empresarial\",\"datePublished\":\"2023-03-24T17:13:06+00:00\",\"mainEntityOfPage\":{\"@id\":\"https:\\\/\\\/www.theoxygenproject.com\\\/es\\\/la-mineria-submarina-acaba-de-perder-a-su-mayor-patrocinador-empresarial\\\/\"},\"wordCount\":1714,\"publisher\":{\"@id\":\"https:\\\/\\\/www.theoxygenproject.com\\\/es\\\/#organization\"},\"image\":{\"@id\":\"https:\\\/\\\/www.theoxygenproject.com\\\/es\\\/la-mineria-submarina-acaba-de-perder-a-su-mayor-patrocinador-empresarial\\\/#primaryimage\"},\"thumbnailUrl\":\"https:\\\/\\\/www.theoxygenproject.com\\\/es\\\/wp-content\\\/uploads\\\/2023\\\/03\\\/1x-1.jpg\",\"articleSection\":[\"Acci\u00f3n Clim\u00e1tica\",\"Cambio clim\u00e1tico\",\"Defend The Deep\",\"Defensores\",\"pol\u00edtica\",\"Soluciones\"],\"inLanguage\":\"en-US\"},{\"@type\":\"WebPage\",\"@id\":\"https:\\\/\\\/www.theoxygenproject.com\\\/es\\\/la-mineria-submarina-acaba-de-perder-a-su-mayor-patrocinador-empresarial\\\/\",\"url\":\"https:\\\/\\\/www.theoxygenproject.com\\\/es\\\/la-mineria-submarina-acaba-de-perder-a-su-mayor-patrocinador-empresarial\\\/\",\"name\":\"La miner\u00eda submarina acaba de perder a su mayor patrocinador empresarial - The Oxygen Project\",\"isPartOf\":{\"@id\":\"https:\\\/\\\/www.theoxygenproject.com\\\/es\\\/#website\"},\"primaryImageOfPage\":{\"@id\":\"https:\\\/\\\/www.theoxygenproject.com\\\/es\\\/la-mineria-submarina-acaba-de-perder-a-su-mayor-patrocinador-empresarial\\\/#primaryimage\"},\"image\":{\"@id\":\"https:\\\/\\\/www.theoxygenproject.com\\\/es\\\/la-mineria-submarina-acaba-de-perder-a-su-mayor-patrocinador-empresarial\\\/#primaryimage\"},\"thumbnailUrl\":\"https:\\\/\\\/www.theoxygenproject.com\\\/es\\\/wp-content\\\/uploads\\\/2023\\\/03\\\/1x-1.jpg\",\"datePublished\":\"2023-03-24T17:13:06+00:00\",\"breadcrumb\":{\"@id\":\"https:\\\/\\\/www.theoxygenproject.com\\\/es\\\/la-mineria-submarina-acaba-de-perder-a-su-mayor-patrocinador-empresarial\\\/#breadcrumb\"},\"inLanguage\":\"en-US\",\"potentialAction\":[{\"@type\":\"ReadAction\",\"target\":[\"https:\\\/\\\/www.theoxygenproject.com\\\/es\\\/la-mineria-submarina-acaba-de-perder-a-su-mayor-patrocinador-empresarial\\\/\"]}]},{\"@type\":\"ImageObject\",\"inLanguage\":\"en-US\",\"@id\":\"https:\\\/\\\/www.theoxygenproject.com\\\/es\\\/la-mineria-submarina-acaba-de-perder-a-su-mayor-patrocinador-empresarial\\\/#primaryimage\",\"url\":\"https:\\\/\\\/www.theoxygenproject.com\\\/es\\\/wp-content\\\/uploads\\\/2023\\\/03\\\/1x-1.jpg\",\"contentUrl\":\"https:\\\/\\\/www.theoxygenproject.com\\\/es\\\/wp-content\\\/uploads\\\/2023\\\/03\\\/1x-1.jpg\",\"width\":2000,\"height\":1500},{\"@type\":\"BreadcrumbList\",\"@id\":\"https:\\\/\\\/www.theoxygenproject.com\\\/es\\\/la-mineria-submarina-acaba-de-perder-a-su-mayor-patrocinador-empresarial\\\/#breadcrumb\",\"itemListElement\":[{\"@type\":\"ListItem\",\"position\":1,\"name\":\"Home\",\"item\":\"https:\\\/\\\/www.theoxygenproject.com\\\/es\\\/\"},{\"@type\":\"ListItem\",\"position\":2,\"name\":\"La miner\u00eda submarina acaba de perder a su mayor patrocinador empresarial\"}]},{\"@type\":\"WebSite\",\"@id\":\"https:\\\/\\\/www.theoxygenproject.com\\\/es\\\/#website\",\"url\":\"https:\\\/\\\/www.theoxygenproject.com\\\/es\\\/\",\"name\":\"The Oxygen Project\",\"description\":\"\",\"publisher\":{\"@id\":\"https:\\\/\\\/www.theoxygenproject.com\\\/es\\\/#organization\"},\"potentialAction\":[{\"@type\":\"SearchAction\",\"target\":{\"@type\":\"EntryPoint\",\"urlTemplate\":\"https:\\\/\\\/www.theoxygenproject.com\\\/es\\\/?s={search_term_string}\"},\"query-input\":{\"@type\":\"PropertyValueSpecification\",\"valueRequired\":true,\"valueName\":\"search_term_string\"}}],\"inLanguage\":\"en-US\"},{\"@type\":\"Organization\",\"@id\":\"https:\\\/\\\/www.theoxygenproject.com\\\/es\\\/#organization\",\"name\":\"The Oxygen Project\",\"url\":\"https:\\\/\\\/www.theoxygenproject.com\\\/es\\\/\",\"logo\":{\"@type\":\"ImageObject\",\"inLanguage\":\"en-US\",\"@id\":\"https:\\\/\\\/www.theoxygenproject.com\\\/es\\\/#\\\/schema\\\/logo\\\/image\\\/\",\"url\":\"https:\\\/\\\/www.theoxygenproject.com\\\/es\\\/wp-content\\\/uploads\\\/2024\\\/05\\\/top-logo-dark.png\",\"contentUrl\":\"https:\\\/\\\/www.theoxygenproject.com\\\/es\\\/wp-content\\\/uploads\\\/2024\\\/05\\\/top-logo-dark.png\",\"width\":384,\"height\":256,\"caption\":\"The Oxygen Project\"},\"image\":{\"@id\":\"https:\\\/\\\/www.theoxygenproject.com\\\/es\\\/#\\\/schema\\\/logo\\\/image\\\/\"},\"sameAs\":[\"https:\\\/\\\/www.facebook.com\\\/theoxygenproj\",\"https:\\\/\\\/x.com\\\/theoxygenproj\"]},{\"@type\":\"Person\",\"@id\":\"https:\\\/\\\/www.theoxygenproject.com\\\/es\\\/#\\\/schema\\\/person\\\/fdda4346cf447515cc3217f0a9da85ed\",\"name\":\"Todd Woody\",\"image\":{\"@type\":\"ImageObject\",\"inLanguage\":\"en-US\",\"@id\":\"https:\\\/\\\/secure.gravatar.com\\\/avatar\\\/a48824a7f74476bcc37a7486aadc3ef67f04529c6259e963b4785c1985910aaa?s=96&d=mm&r=g\",\"url\":\"https:\\\/\\\/secure.gravatar.com\\\/avatar\\\/a48824a7f74476bcc37a7486aadc3ef67f04529c6259e963b4785c1985910aaa?s=96&d=mm&r=g\",\"contentUrl\":\"https:\\\/\\\/secure.gravatar.com\\\/avatar\\\/a48824a7f74476bcc37a7486aadc3ef67f04529c6259e963b4785c1985910aaa?s=96&d=mm&r=g\",\"caption\":\"Todd Woody\"},\"url\":\"https:\\\/\\\/www.theoxygenproject.com\\\/es\\\/author\\\/todd-woody\\\/\"}]}<\/script>\n<!-- \/ Yoast SEO plugin. -->","yoast_head_json":{"title":"La miner\u00eda submarina acaba de perder a su mayor patrocinador empresarial - The Oxygen Project","robots":{"index":"index","follow":"follow","max-snippet":"max-snippet:-1","max-image-preview":"max-image-preview:large","max-video-preview":"max-video-preview:-1"},"canonical":"https:\/\/www.theoxygenproject.com\/es\/la-mineria-submarina-acaba-de-perder-a-su-mayor-patrocinador-empresarial\/","og_locale":"en_US","og_type":"article","og_title":"La miner\u00eda submarina acaba de perder a su mayor patrocinador empresarial - The Oxygen Project","og_description":"Cada vez son m\u00e1s los pa\u00edses que piden que se retrasen los planes de extracci\u00f3n de metales del fondo marino para fabricar bater\u00edas de coches el\u00e9ctricos, mientras el gigante estadounidense...","og_url":"https:\/\/www.theoxygenproject.com\/es\/la-mineria-submarina-acaba-de-perder-a-su-mayor-patrocinador-empresarial\/","og_site_name":"The Oxygen Project","article_publisher":"https:\/\/www.facebook.com\/theoxygenproj","article_published_time":"2023-03-24T17:13:06+00:00","author":"Todd Woody","twitter_card":"summary_large_image","twitter_creator":"@theoxygenproj","twitter_site":"@theoxygenproj","twitter_misc":{"Written by":"Todd Woody"},"schema":{"@context":"https:\/\/schema.org","@graph":[{"@type":"Article","@id":"https:\/\/www.theoxygenproject.com\/es\/la-mineria-submarina-acaba-de-perder-a-su-mayor-patrocinador-empresarial\/#article","isPartOf":{"@id":"https:\/\/www.theoxygenproject.com\/es\/la-mineria-submarina-acaba-de-perder-a-su-mayor-patrocinador-empresarial\/"},"author":{"name":"Todd Woody","@id":"https:\/\/www.theoxygenproject.com\/es\/#\/schema\/person\/fdda4346cf447515cc3217f0a9da85ed"},"headline":"La miner\u00eda submarina acaba de perder a su mayor patrocinador empresarial","datePublished":"2023-03-24T17:13:06+00:00","mainEntityOfPage":{"@id":"https:\/\/www.theoxygenproject.com\/es\/la-mineria-submarina-acaba-de-perder-a-su-mayor-patrocinador-empresarial\/"},"wordCount":1714,"publisher":{"@id":"https:\/\/www.theoxygenproject.com\/es\/#organization"},"image":{"@id":"https:\/\/www.theoxygenproject.com\/es\/la-mineria-submarina-acaba-de-perder-a-su-mayor-patrocinador-empresarial\/#primaryimage"},"thumbnailUrl":"https:\/\/www.theoxygenproject.com\/es\/wp-content\/uploads\/2023\/03\/1x-1.jpg","articleSection":["Acci\u00f3n Clim\u00e1tica","Cambio clim\u00e1tico","Defend The Deep","Defensores","pol\u00edtica","Soluciones"],"inLanguage":"en-US"},{"@type":"WebPage","@id":"https:\/\/www.theoxygenproject.com\/es\/la-mineria-submarina-acaba-de-perder-a-su-mayor-patrocinador-empresarial\/","url":"https:\/\/www.theoxygenproject.com\/es\/la-mineria-submarina-acaba-de-perder-a-su-mayor-patrocinador-empresarial\/","name":"La miner\u00eda submarina acaba de perder a su mayor patrocinador empresarial - The Oxygen Project","isPartOf":{"@id":"https:\/\/www.theoxygenproject.com\/es\/#website"},"primaryImageOfPage":{"@id":"https:\/\/www.theoxygenproject.com\/es\/la-mineria-submarina-acaba-de-perder-a-su-mayor-patrocinador-empresarial\/#primaryimage"},"image":{"@id":"https:\/\/www.theoxygenproject.com\/es\/la-mineria-submarina-acaba-de-perder-a-su-mayor-patrocinador-empresarial\/#primaryimage"},"thumbnailUrl":"https:\/\/www.theoxygenproject.com\/es\/wp-content\/uploads\/2023\/03\/1x-1.jpg","datePublished":"2023-03-24T17:13:06+00:00","breadcrumb":{"@id":"https:\/\/www.theoxygenproject.com\/es\/la-mineria-submarina-acaba-de-perder-a-su-mayor-patrocinador-empresarial\/#breadcrumb"},"inLanguage":"en-US","potentialAction":[{"@type":"ReadAction","target":["https:\/\/www.theoxygenproject.com\/es\/la-mineria-submarina-acaba-de-perder-a-su-mayor-patrocinador-empresarial\/"]}]},{"@type":"ImageObject","inLanguage":"en-US","@id":"https:\/\/www.theoxygenproject.com\/es\/la-mineria-submarina-acaba-de-perder-a-su-mayor-patrocinador-empresarial\/#primaryimage","url":"https:\/\/www.theoxygenproject.com\/es\/wp-content\/uploads\/2023\/03\/1x-1.jpg","contentUrl":"https:\/\/www.theoxygenproject.com\/es\/wp-content\/uploads\/2023\/03\/1x-1.jpg","width":2000,"height":1500},{"@type":"BreadcrumbList","@id":"https:\/\/www.theoxygenproject.com\/es\/la-mineria-submarina-acaba-de-perder-a-su-mayor-patrocinador-empresarial\/#breadcrumb","itemListElement":[{"@type":"ListItem","position":1,"name":"Home","item":"https:\/\/www.theoxygenproject.com\/es\/"},{"@type":"ListItem","position":2,"name":"La miner\u00eda submarina acaba de perder a su mayor patrocinador empresarial"}]},{"@type":"WebSite","@id":"https:\/\/www.theoxygenproject.com\/es\/#website","url":"https:\/\/www.theoxygenproject.com\/es\/","name":"The Oxygen Project","description":"","publisher":{"@id":"https:\/\/www.theoxygenproject.com\/es\/#organization"},"potentialAction":[{"@type":"SearchAction","target":{"@type":"EntryPoint","urlTemplate":"https:\/\/www.theoxygenproject.com\/es\/?s={search_term_string}"},"query-input":{"@type":"PropertyValueSpecification","valueRequired":true,"valueName":"search_term_string"}}],"inLanguage":"en-US"},{"@type":"Organization","@id":"https:\/\/www.theoxygenproject.com\/es\/#organization","name":"The Oxygen Project","url":"https:\/\/www.theoxygenproject.com\/es\/","logo":{"@type":"ImageObject","inLanguage":"en-US","@id":"https:\/\/www.theoxygenproject.com\/es\/#\/schema\/logo\/image\/","url":"https:\/\/www.theoxygenproject.com\/es\/wp-content\/uploads\/2024\/05\/top-logo-dark.png","contentUrl":"https:\/\/www.theoxygenproject.com\/es\/wp-content\/uploads\/2024\/05\/top-logo-dark.png","width":384,"height":256,"caption":"The Oxygen Project"},"image":{"@id":"https:\/\/www.theoxygenproject.com\/es\/#\/schema\/logo\/image\/"},"sameAs":["https:\/\/www.facebook.com\/theoxygenproj","https:\/\/x.com\/theoxygenproj"]},{"@type":"Person","@id":"https:\/\/www.theoxygenproject.com\/es\/#\/schema\/person\/fdda4346cf447515cc3217f0a9da85ed","name":"Todd Woody","image":{"@type":"ImageObject","inLanguage":"en-US","@id":"https:\/\/secure.gravatar.com\/avatar\/a48824a7f74476bcc37a7486aadc3ef67f04529c6259e963b4785c1985910aaa?s=96&d=mm&r=g","url":"https:\/\/secure.gravatar.com\/avatar\/a48824a7f74476bcc37a7486aadc3ef67f04529c6259e963b4785c1985910aaa?s=96&d=mm&r=g","contentUrl":"https:\/\/secure.gravatar.com\/avatar\/a48824a7f74476bcc37a7486aadc3ef67f04529c6259e963b4785c1985910aaa?s=96&d=mm&r=g","caption":"Todd Woody"},"url":"https:\/\/www.theoxygenproject.com\/es\/author\/todd-woody\/"}]}},"_links":{"self":[{"href":"https:\/\/www.theoxygenproject.com\/es\/wp-json\/wp\/v2\/posts\/1984","targetHints":{"allow":["GET"]}}],"collection":[{"href":"https:\/\/www.theoxygenproject.com\/es\/wp-json\/wp\/v2\/posts"}],"about":[{"href":"https:\/\/www.theoxygenproject.com\/es\/wp-json\/wp\/v2\/types\/post"}],"author":[{"embeddable":true,"href":"https:\/\/www.theoxygenproject.com\/es\/wp-json\/wp\/v2\/users\/12"}],"replies":[{"embeddable":true,"href":"https:\/\/www.theoxygenproject.com\/es\/wp-json\/wp\/v2\/comments?post=1984"}],"version-history":[{"count":0,"href":"https:\/\/www.theoxygenproject.com\/es\/wp-json\/wp\/v2\/posts\/1984\/revisions"}],"wp:featuredmedia":[{"embeddable":true,"href":"https:\/\/www.theoxygenproject.com\/es\/wp-json\/wp\/v2\/media\/1987"}],"wp:attachment":[{"href":"https:\/\/www.theoxygenproject.com\/es\/wp-json\/wp\/v2\/media?parent=1984"}],"wp:term":[{"taxonomy":"category","embeddable":true,"href":"https:\/\/www.theoxygenproject.com\/es\/wp-json\/wp\/v2\/categories?post=1984"},{"taxonomy":"post_tag","embeddable":true,"href":"https:\/\/www.theoxygenproject.com\/es\/wp-json\/wp\/v2\/tags?post=1984"}],"curies":[{"name":"wp","href":"https:\/\/api.w.org\/{rel}","templated":true}]}}