{"id":1881,"date":"2023-03-11T00:39:11","date_gmt":"2023-03-10T21:39:11","guid":{"rendered":"https:\/\/www.theoxygenproject.com\/es\/?p=1881"},"modified":"2023-03-11T00:39:11","modified_gmt":"2023-03-10T21:39:11","slug":"la-peligrosa-tarea-de-defender-la-amazonia-en-brasil","status":"publish","type":"post","link":"https:\/\/www.theoxygenproject.com\/es\/la-peligrosa-tarea-de-defender-la-amazonia-en-brasil\/","title":{"rendered":"LA PELIGROSA TAREA DE DEFENDER LA AMAZON\u00cdA EN BRASIL"},"content":{"rendered":"<p><span style=\"font-weight: 400;\">Brasil ha sido el pa\u00eds con el mayor n\u00famero de asesinatos desde que Global Witness comenz\u00f3 a informar sobre los defensores ambientales. Alrededor de un tercio de los 342 activistas asesinados desde 2012 eran ind\u00edgenas o afrodescendientes, y m\u00e1s del 85% de los asesinatos se produjeron en la Amazon\u00eda brasile\u00f1a.<\/span><img loading=\"lazy\" decoding=\"async\" src=\"https:\/\/www.theoxygenproject.com\/es\/wp-content\/uploads\/2023\/03\/TOP_DTD_Mailing-Brasil-04.jpg\" alt=\"\" width=\"1251\" height=\"834\" class=\"aligncenter size-full wp-image-1885\" srcset=\"https:\/\/www.theoxygenproject.com\/es\/wp-content\/uploads\/2023\/03\/TOP_DTD_Mailing-Brasil-04.jpg 1251w, https:\/\/www.theoxygenproject.com\/es\/wp-content\/uploads\/2023\/03\/TOP_DTD_Mailing-Brasil-04-300x200.jpg 300w, https:\/\/www.theoxygenproject.com\/es\/wp-content\/uploads\/2023\/03\/TOP_DTD_Mailing-Brasil-04-1024x683.jpg 1024w, https:\/\/www.theoxygenproject.com\/es\/wp-content\/uploads\/2023\/03\/TOP_DTD_Mailing-Brasil-04-768x512.jpg 768w\" sizes=\"auto, (max-width: 1251px) 100vw, 1251px\" \/><span>Los datos de Global Witness permiten conocer que siete de los diez pa\u00edses con el mayor n\u00famero de asesinatos de personas defensoras de la tierra y medio ambiente entre 2012 y 2021 son latinoamericanos. Brasil, con 342 casos, es el pa\u00eds con m\u00e1s asesinatos en los \u00faltimos diez a\u00f1os.<\/span><img loading=\"lazy\" decoding=\"async\" src=\"https:\/\/www.theoxygenproject.com\/es\/wp-content\/uploads\/2023\/03\/TOP_DTD_Mailing-Brasil-02.jpg\" alt=\"\" width=\"1251\" height=\"730\" class=\"aligncenter size-full wp-image-1883\" \/><\/p>\n<p><strong>Amazon\u00eda en disputa<\/strong><\/p>\n<p><span style=\"font-weight: 400;\">La Amazon\u00eda se ha convertido en un escenario de creciente violencia e impunidad, que representa el campo de batalla donde se disputa la tierra y los recursos naturales. Esta lucha se intensific\u00f3 tras la elecci\u00f3n del presidente de extrema derecha de Brasil, Jair Bolsonaro en (2019 &#8211; 2021). <\/span><\/p>\n<p><span style=\"font-weight: 400;\">Lamentablemente en el 2021 datos del Inpe complejizan el escenario. Un estudio realizado por la investigadora Luciana Gatti se\u00f1ala que la degradaci\u00f3n de las pol\u00edticas medioambientales en Brasil ha provocado que la Amazon\u00eda emita m\u00e1s carbono del que absorbe. Seg\u00fan la investigaci\u00f3n, la zona que requiere m\u00e1s atenci\u00f3n es el llamado &#8220;Arco de la Deforestaci\u00f3n&#8221;, cercano a la frontera agr\u00edcola.<\/span><\/p>\n<p><span style=\"font-weight: 400;\">La parte brasile\u00f1a del mayor bosque tropical del mundo perdi\u00f3 m\u00e1s de 11.500 kil\u00f3metros cuadrados entre agosto de 2021 y julio de 2022. Con esperanzas informaba el a\u00f1o pasado el Instituto Nacional de Pesquisas Espaciales (INPE) que la deforestaci\u00f3n en la Amazon\u00eda hab\u00eda disminuido en el \u00faltimo a\u00f1o cuando los indicios apuntaban a un aumento. Sin embargo Ane Alencar, Directora cient\u00edfica del Instituto de Pesquisa Ambiental da Amazonia (IPAM), ha declarado que \u201ccualquier reducci\u00f3n en la deforestaci\u00f3n es bienvenida\u201d, seg\u00fan una nota. Pero inmediatamente ha advertido de que \u201cesta reducci\u00f3n est\u00e1 lejos de representar una tendencia a la baja en la tala de bosques en la Amazonia\u201d.\u00a0<\/span><img loading=\"lazy\" decoding=\"async\" src=\"https:\/\/www.theoxygenproject.com\/es\/wp-content\/uploads\/2023\/03\/TOP_DTD_Mailing-Brasil-05.jpg\" alt=\"\" width=\"1251\" height=\"834\" class=\"aligncenter size-full wp-image-1886\" srcset=\"https:\/\/www.theoxygenproject.com\/es\/wp-content\/uploads\/2023\/03\/TOP_DTD_Mailing-Brasil-05.jpg 1251w, https:\/\/www.theoxygenproject.com\/es\/wp-content\/uploads\/2023\/03\/TOP_DTD_Mailing-Brasil-05-300x200.jpg 300w, https:\/\/www.theoxygenproject.com\/es\/wp-content\/uploads\/2023\/03\/TOP_DTD_Mailing-Brasil-05-1024x683.jpg 1024w, https:\/\/www.theoxygenproject.com\/es\/wp-content\/uploads\/2023\/03\/TOP_DTD_Mailing-Brasil-05-768x512.jpg 768w\" sizes=\"auto, (max-width: 1251px) 100vw, 1251px\" \/><\/p>\n<p><strong>Activistas en riesgo<\/strong><\/p>\n<p><strong><\/strong><span style=\"font-weight: 400;\">Las v\u00edctimas de activistas van en aumento, los expertos se\u00f1alan que es una combinaci\u00f3n entre la ret\u00f3rica antiind\u00edgena del gobierno de Bolsonaro y el debilitamiento de las organizaciones ambientalistas, lo que en el 2021 provoc\u00f3 una oleada de invasiones y violencia. <\/span><\/p>\n<p><span style=\"font-weight: 400;\">Los activistas ambientales representan en muchos casos un problema para grupos criminales e intereses privados que buscan sacar provecho de sus territorios: tambi\u00e9n son inc\u00f3modos para los Gobiernos, porque suelen interponerse en sus prioridades. Lo cierto es que la situaci\u00f3n de riesgo mortal se proyect\u00f3 hacia el a\u00f1o 2022, cuando al norte de la Amazon\u00eda brasile\u00f1a, el periodista brit\u00e1nico Dom Phillips y el ambientalista y defensor de los derechos ind\u00edgenas Bruno Araujo Pereira fueron asesinados.<\/span><\/p>\n<p><span style=\"font-weight: 400;\">La desaparici\u00f3n de Dom Phillips y Bruno Araujo se denunci\u00f3 por primera vez el 5 de junio, hab\u00edan recibido amenazas de muerte antes de su partida, seg\u00fan la Coordinadora de la Organizaci\u00f3n Ind\u00edgena, conocida como UNIVAJA. Los hombres sab\u00edan de los ataques que ocurr\u00edan en la zona, a menudo violentos, por parte de mineros ilegales, cazadores, madereros y narcotraficantes en la zona, pero se dedicaban igualmente a denunciar c\u00f3mo esta actividad se estaba tomando las \u00e1reas silvestres protegidas de Brasil y poniendo en peligro a sus pueblos ind\u00edgenas adem\u00e1s de acelerar la deforestaci\u00f3n.<\/span><img loading=\"lazy\" decoding=\"async\" src=\"https:\/\/www.theoxygenproject.com\/es\/wp-content\/uploads\/2023\/03\/TOP_DTD_Mailing-Brasil-06.jpg\" alt=\"\" width=\"1251\" height=\"835\" class=\"aligncenter size-full wp-image-1887\" srcset=\"https:\/\/www.theoxygenproject.com\/es\/wp-content\/uploads\/2023\/03\/TOP_DTD_Mailing-Brasil-06.jpg 1251w, https:\/\/www.theoxygenproject.com\/es\/wp-content\/uploads\/2023\/03\/TOP_DTD_Mailing-Brasil-06-300x200.jpg 300w, https:\/\/www.theoxygenproject.com\/es\/wp-content\/uploads\/2023\/03\/TOP_DTD_Mailing-Brasil-06-1024x683.jpg 1024w, https:\/\/www.theoxygenproject.com\/es\/wp-content\/uploads\/2023\/03\/TOP_DTD_Mailing-Brasil-06-768x513.jpg 768w\" sizes=\"auto, (max-width: 1251px) 100vw, 1251px\" \/><\/p>\n<p><span style=\"font-weight: 400;\">Un informe de Human Rights Watch revel\u00f3 que desde 2009 hubo m\u00e1s de 300 muertes relacionadas con conflictos por la tierra en la Amazon\u00eda brasile\u00f1a, de las cuales solo 14 (el 5 %) fueron llevadas a juicio.<\/span><\/p>\n<p><span style=\"font-weight: 400;\">La situaci\u00f3n de Brasil y de muchos pa\u00edses de Latinoam\u00e9rica parece ser <\/span><span style=\"font-weight: 400;\">una guerra que no ha parado de crecer. Te invitamos a tomar acci\u00f3n y a enviar el <a href=\"https:\/\/ctt.ac\/aXft2\">tweet<\/a> que te dejamos a continuaci\u00f3n para que el nuevo gobierno de Brasil le d\u00e9 prioridad a este tema.<\/span><\/p>\n<p><a href=\"https:\/\/ctt.ac\/aXft2\"><img loading=\"lazy\" decoding=\"async\" src=\"https:\/\/www.theoxygenproject.com\/es\/wp-content\/uploads\/2023\/03\/TOP_DTD_Mailing-Brasil-03-1.jpg\" alt=\"\" width=\"1251\" height=\"834\" class=\"aligncenter size-full wp-image-1889\" srcset=\"https:\/\/www.theoxygenproject.com\/es\/wp-content\/uploads\/2023\/03\/TOP_DTD_Mailing-Brasil-03-1.jpg 1251w, https:\/\/www.theoxygenproject.com\/es\/wp-content\/uploads\/2023\/03\/TOP_DTD_Mailing-Brasil-03-1-300x200.jpg 300w, https:\/\/www.theoxygenproject.com\/es\/wp-content\/uploads\/2023\/03\/TOP_DTD_Mailing-Brasil-03-1-1024x683.jpg 1024w, https:\/\/www.theoxygenproject.com\/es\/wp-content\/uploads\/2023\/03\/TOP_DTD_Mailing-Brasil-03-1-768x512.jpg 768w\" sizes=\"auto, (max-width: 1251px) 100vw, 1251px\" \/><\/a><\/p>\n<p>&nbsp;<\/p>\n<p>&nbsp;<\/p>\n","protected":false},"excerpt":{"rendered":"<p>Brasil ha sido el pa\u00eds con el mayor n\u00famero de asesinatos desde que Global Witness comenz\u00f3 a informar sobre los defensores ambientales. Alrededor de un tercio de los 342 activistas&#8230;<\/p>\n","protected":false},"author":3,"featured_media":1879,"comment_status":"closed","ping_status":"closed","sticky":false,"template":"","format":"standard","meta":{"_mo_disable_npp":"","footnotes":""},"categories":[3,14,4,12,6],"tags":[],"class_list":["post-1881","post","type-post","status-publish","format-standard","has-post-thumbnail","hentry","category-accion-climatica","category-agricultura","category-voces","category-deforestacion","category-land"],"yoast_head":"<!-- This site is optimized with the Yoast SEO plugin v28.3 - https:\/\/yoast.com\/product\/yoast-seo-wordpress\/ -->\n<title>LA PELIGROSA TAREA DE DEFENDER LA AMAZON\u00cdA EN BRASIL - The Oxygen Project<\/title>\n<meta name=\"robots\" content=\"index, follow, max-snippet:-1, max-image-preview:large, max-video-preview:-1\" \/>\n<link rel=\"canonical\" href=\"https:\/\/www.theoxygenproject.com\/es\/la-peligrosa-tarea-de-defender-la-amazonia-en-brasil\/\" \/>\n<meta property=\"og:locale\" content=\"en_US\" \/>\n<meta property=\"og:type\" content=\"article\" \/>\n<meta property=\"og:title\" content=\"LA PELIGROSA TAREA DE DEFENDER LA AMAZON\u00cdA EN BRASIL - The Oxygen Project\" \/>\n<meta property=\"og:description\" content=\"Brasil ha sido el pa\u00eds con el mayor n\u00famero de asesinatos desde que Global Witness comenz\u00f3 a informar sobre los defensores ambientales. Alrededor de un tercio de los 342 activistas...\" \/>\n<meta property=\"og:url\" content=\"https:\/\/www.theoxygenproject.com\/es\/la-peligrosa-tarea-de-defender-la-amazonia-en-brasil\/\" \/>\n<meta property=\"og:site_name\" content=\"The Oxygen Project\" \/>\n<meta property=\"article:publisher\" content=\"https:\/\/www.facebook.com\/theoxygenproj\" \/>\n<meta property=\"article:published_time\" content=\"2023-03-10T21:39:11+00:00\" \/>\n<meta name=\"author\" content=\"Pilar R\u00edos\" \/>\n<meta name=\"twitter:card\" content=\"summary_large_image\" \/>\n<meta name=\"twitter:creator\" content=\"@theoxygenproj\" \/>\n<meta name=\"twitter:site\" content=\"@theoxygenproj\" \/>\n<meta name=\"twitter:label1\" content=\"Written by\" \/>\n\t<meta name=\"twitter:data1\" content=\"Pilar R\u00edos\" \/>\n<script type=\"application\/ld+json\" class=\"yoast-schema-graph\">{\"@context\":\"https:\\\/\\\/schema.org\",\"@graph\":[{\"@type\":\"Article\",\"@id\":\"https:\\\/\\\/www.theoxygenproject.com\\\/es\\\/la-peligrosa-tarea-de-defender-la-amazonia-en-brasil\\\/#article\",\"isPartOf\":{\"@id\":\"https:\\\/\\\/www.theoxygenproject.com\\\/es\\\/la-peligrosa-tarea-de-defender-la-amazonia-en-brasil\\\/\"},\"author\":{\"name\":\"Pilar R\u00edos\",\"@id\":\"https:\\\/\\\/www.theoxygenproject.com\\\/es\\\/#\\\/schema\\\/person\\\/fd1d50a727859a9283fdd988aca8d8fb\"},\"headline\":\"LA PELIGROSA TAREA DE DEFENDER LA AMAZON\u00cdA EN BRASIL\",\"datePublished\":\"2023-03-10T21:39:11+00:00\",\"mainEntityOfPage\":{\"@id\":\"https:\\\/\\\/www.theoxygenproject.com\\\/es\\\/la-peligrosa-tarea-de-defender-la-amazonia-en-brasil\\\/\"},\"wordCount\":676,\"publisher\":{\"@id\":\"https:\\\/\\\/www.theoxygenproject.com\\\/es\\\/#organization\"},\"image\":{\"@id\":\"https:\\\/\\\/www.theoxygenproject.com\\\/es\\\/la-peligrosa-tarea-de-defender-la-amazonia-en-brasil\\\/#primaryimage\"},\"thumbnailUrl\":\"\",\"articleSection\":[\"Acci\u00f3n Clim\u00e1tica\",\"Agricultura\",\"Defensores\",\"Deforestaci\u00f3n\",\"Regeneraci\u00f3n\"],\"inLanguage\":\"en-US\"},{\"@type\":\"WebPage\",\"@id\":\"https:\\\/\\\/www.theoxygenproject.com\\\/es\\\/la-peligrosa-tarea-de-defender-la-amazonia-en-brasil\\\/\",\"url\":\"https:\\\/\\\/www.theoxygenproject.com\\\/es\\\/la-peligrosa-tarea-de-defender-la-amazonia-en-brasil\\\/\",\"name\":\"LA PELIGROSA TAREA DE DEFENDER LA AMAZON\u00cdA EN BRASIL - The Oxygen Project\",\"isPartOf\":{\"@id\":\"https:\\\/\\\/www.theoxygenproject.com\\\/es\\\/#website\"},\"primaryImageOfPage\":{\"@id\":\"https:\\\/\\\/www.theoxygenproject.com\\\/es\\\/la-peligrosa-tarea-de-defender-la-amazonia-en-brasil\\\/#primaryimage\"},\"image\":{\"@id\":\"https:\\\/\\\/www.theoxygenproject.com\\\/es\\\/la-peligrosa-tarea-de-defender-la-amazonia-en-brasil\\\/#primaryimage\"},\"thumbnailUrl\":\"\",\"datePublished\":\"2023-03-10T21:39:11+00:00\",\"breadcrumb\":{\"@id\":\"https:\\\/\\\/www.theoxygenproject.com\\\/es\\\/la-peligrosa-tarea-de-defender-la-amazonia-en-brasil\\\/#breadcrumb\"},\"inLanguage\":\"en-US\",\"potentialAction\":[{\"@type\":\"ReadAction\",\"target\":[\"https:\\\/\\\/www.theoxygenproject.com\\\/es\\\/la-peligrosa-tarea-de-defender-la-amazonia-en-brasil\\\/\"]}]},{\"@type\":\"ImageObject\",\"inLanguage\":\"en-US\",\"@id\":\"https:\\\/\\\/www.theoxygenproject.com\\\/es\\\/la-peligrosa-tarea-de-defender-la-amazonia-en-brasil\\\/#primaryimage\",\"url\":\"\",\"contentUrl\":\"\"},{\"@type\":\"BreadcrumbList\",\"@id\":\"https:\\\/\\\/www.theoxygenproject.com\\\/es\\\/la-peligrosa-tarea-de-defender-la-amazonia-en-brasil\\\/#breadcrumb\",\"itemListElement\":[{\"@type\":\"ListItem\",\"position\":1,\"name\":\"Home\",\"item\":\"https:\\\/\\\/www.theoxygenproject.com\\\/es\\\/\"},{\"@type\":\"ListItem\",\"position\":2,\"name\":\"LA PELIGROSA TAREA DE DEFENDER LA AMAZON\u00cdA EN BRASIL\"}]},{\"@type\":\"WebSite\",\"@id\":\"https:\\\/\\\/www.theoxygenproject.com\\\/es\\\/#website\",\"url\":\"https:\\\/\\\/www.theoxygenproject.com\\\/es\\\/\",\"name\":\"The Oxygen Project\",\"description\":\"\",\"publisher\":{\"@id\":\"https:\\\/\\\/www.theoxygenproject.com\\\/es\\\/#organization\"},\"potentialAction\":[{\"@type\":\"SearchAction\",\"target\":{\"@type\":\"EntryPoint\",\"urlTemplate\":\"https:\\\/\\\/www.theoxygenproject.com\\\/es\\\/?s={search_term_string}\"},\"query-input\":{\"@type\":\"PropertyValueSpecification\",\"valueRequired\":true,\"valueName\":\"search_term_string\"}}],\"inLanguage\":\"en-US\"},{\"@type\":\"Organization\",\"@id\":\"https:\\\/\\\/www.theoxygenproject.com\\\/es\\\/#organization\",\"name\":\"The Oxygen Project\",\"url\":\"https:\\\/\\\/www.theoxygenproject.com\\\/es\\\/\",\"logo\":{\"@type\":\"ImageObject\",\"inLanguage\":\"en-US\",\"@id\":\"https:\\\/\\\/www.theoxygenproject.com\\\/es\\\/#\\\/schema\\\/logo\\\/image\\\/\",\"url\":\"https:\\\/\\\/www.theoxygenproject.com\\\/es\\\/wp-content\\\/uploads\\\/2024\\\/05\\\/top-logo-dark.png\",\"contentUrl\":\"https:\\\/\\\/www.theoxygenproject.com\\\/es\\\/wp-content\\\/uploads\\\/2024\\\/05\\\/top-logo-dark.png\",\"width\":384,\"height\":256,\"caption\":\"The Oxygen Project\"},\"image\":{\"@id\":\"https:\\\/\\\/www.theoxygenproject.com\\\/es\\\/#\\\/schema\\\/logo\\\/image\\\/\"},\"sameAs\":[\"https:\\\/\\\/www.facebook.com\\\/theoxygenproj\",\"https:\\\/\\\/x.com\\\/theoxygenproj\"]},{\"@type\":\"Person\",\"@id\":\"https:\\\/\\\/www.theoxygenproject.com\\\/es\\\/#\\\/schema\\\/person\\\/fd1d50a727859a9283fdd988aca8d8fb\",\"name\":\"Pilar R\u00edos\",\"image\":{\"@type\":\"ImageObject\",\"inLanguage\":\"en-US\",\"@id\":\"https:\\\/\\\/secure.gravatar.com\\\/avatar\\\/cb4cf509d6c8cf9193108e3149294241c2397964dbeb5a2a6e6b0a4a4127fc37?s=96&d=mm&r=g\",\"url\":\"https:\\\/\\\/secure.gravatar.com\\\/avatar\\\/cb4cf509d6c8cf9193108e3149294241c2397964dbeb5a2a6e6b0a4a4127fc37?s=96&d=mm&r=g\",\"contentUrl\":\"https:\\\/\\\/secure.gravatar.com\\\/avatar\\\/cb4cf509d6c8cf9193108e3149294241c2397964dbeb5a2a6e6b0a4a4127fc37?s=96&d=mm&r=g\",\"caption\":\"Pilar R\u00edos\"},\"url\":\"https:\\\/\\\/www.theoxygenproject.com\\\/es\\\/author\\\/admin-2\\\/\"}]}<\/script>\n<!-- \/ Yoast SEO plugin. -->","yoast_head_json":{"title":"LA PELIGROSA TAREA DE DEFENDER LA AMAZON\u00cdA EN BRASIL - The Oxygen Project","robots":{"index":"index","follow":"follow","max-snippet":"max-snippet:-1","max-image-preview":"max-image-preview:large","max-video-preview":"max-video-preview:-1"},"canonical":"https:\/\/www.theoxygenproject.com\/es\/la-peligrosa-tarea-de-defender-la-amazonia-en-brasil\/","og_locale":"en_US","og_type":"article","og_title":"LA PELIGROSA TAREA DE DEFENDER LA AMAZON\u00cdA EN BRASIL - The Oxygen Project","og_description":"Brasil ha sido el pa\u00eds con el mayor n\u00famero de asesinatos desde que Global Witness comenz\u00f3 a informar sobre los defensores ambientales. Alrededor de un tercio de los 342 activistas...","og_url":"https:\/\/www.theoxygenproject.com\/es\/la-peligrosa-tarea-de-defender-la-amazonia-en-brasil\/","og_site_name":"The Oxygen Project","article_publisher":"https:\/\/www.facebook.com\/theoxygenproj","article_published_time":"2023-03-10T21:39:11+00:00","author":"Pilar R\u00edos","twitter_card":"summary_large_image","twitter_creator":"@theoxygenproj","twitter_site":"@theoxygenproj","twitter_misc":{"Written by":"Pilar R\u00edos"},"schema":{"@context":"https:\/\/schema.org","@graph":[{"@type":"Article","@id":"https:\/\/www.theoxygenproject.com\/es\/la-peligrosa-tarea-de-defender-la-amazonia-en-brasil\/#article","isPartOf":{"@id":"https:\/\/www.theoxygenproject.com\/es\/la-peligrosa-tarea-de-defender-la-amazonia-en-brasil\/"},"author":{"name":"Pilar R\u00edos","@id":"https:\/\/www.theoxygenproject.com\/es\/#\/schema\/person\/fd1d50a727859a9283fdd988aca8d8fb"},"headline":"LA PELIGROSA TAREA DE DEFENDER LA AMAZON\u00cdA EN BRASIL","datePublished":"2023-03-10T21:39:11+00:00","mainEntityOfPage":{"@id":"https:\/\/www.theoxygenproject.com\/es\/la-peligrosa-tarea-de-defender-la-amazonia-en-brasil\/"},"wordCount":676,"publisher":{"@id":"https:\/\/www.theoxygenproject.com\/es\/#organization"},"image":{"@id":"https:\/\/www.theoxygenproject.com\/es\/la-peligrosa-tarea-de-defender-la-amazonia-en-brasil\/#primaryimage"},"thumbnailUrl":"","articleSection":["Acci\u00f3n Clim\u00e1tica","Agricultura","Defensores","Deforestaci\u00f3n","Regeneraci\u00f3n"],"inLanguage":"en-US"},{"@type":"WebPage","@id":"https:\/\/www.theoxygenproject.com\/es\/la-peligrosa-tarea-de-defender-la-amazonia-en-brasil\/","url":"https:\/\/www.theoxygenproject.com\/es\/la-peligrosa-tarea-de-defender-la-amazonia-en-brasil\/","name":"LA PELIGROSA TAREA DE DEFENDER LA AMAZON\u00cdA EN BRASIL - The Oxygen Project","isPartOf":{"@id":"https:\/\/www.theoxygenproject.com\/es\/#website"},"primaryImageOfPage":{"@id":"https:\/\/www.theoxygenproject.com\/es\/la-peligrosa-tarea-de-defender-la-amazonia-en-brasil\/#primaryimage"},"image":{"@id":"https:\/\/www.theoxygenproject.com\/es\/la-peligrosa-tarea-de-defender-la-amazonia-en-brasil\/#primaryimage"},"thumbnailUrl":"","datePublished":"2023-03-10T21:39:11+00:00","breadcrumb":{"@id":"https:\/\/www.theoxygenproject.com\/es\/la-peligrosa-tarea-de-defender-la-amazonia-en-brasil\/#breadcrumb"},"inLanguage":"en-US","potentialAction":[{"@type":"ReadAction","target":["https:\/\/www.theoxygenproject.com\/es\/la-peligrosa-tarea-de-defender-la-amazonia-en-brasil\/"]}]},{"@type":"ImageObject","inLanguage":"en-US","@id":"https:\/\/www.theoxygenproject.com\/es\/la-peligrosa-tarea-de-defender-la-amazonia-en-brasil\/#primaryimage","url":"","contentUrl":""},{"@type":"BreadcrumbList","@id":"https:\/\/www.theoxygenproject.com\/es\/la-peligrosa-tarea-de-defender-la-amazonia-en-brasil\/#breadcrumb","itemListElement":[{"@type":"ListItem","position":1,"name":"Home","item":"https:\/\/www.theoxygenproject.com\/es\/"},{"@type":"ListItem","position":2,"name":"LA PELIGROSA TAREA DE DEFENDER LA AMAZON\u00cdA EN BRASIL"}]},{"@type":"WebSite","@id":"https:\/\/www.theoxygenproject.com\/es\/#website","url":"https:\/\/www.theoxygenproject.com\/es\/","name":"The Oxygen Project","description":"","publisher":{"@id":"https:\/\/www.theoxygenproject.com\/es\/#organization"},"potentialAction":[{"@type":"SearchAction","target":{"@type":"EntryPoint","urlTemplate":"https:\/\/www.theoxygenproject.com\/es\/?s={search_term_string}"},"query-input":{"@type":"PropertyValueSpecification","valueRequired":true,"valueName":"search_term_string"}}],"inLanguage":"en-US"},{"@type":"Organization","@id":"https:\/\/www.theoxygenproject.com\/es\/#organization","name":"The Oxygen Project","url":"https:\/\/www.theoxygenproject.com\/es\/","logo":{"@type":"ImageObject","inLanguage":"en-US","@id":"https:\/\/www.theoxygenproject.com\/es\/#\/schema\/logo\/image\/","url":"https:\/\/www.theoxygenproject.com\/es\/wp-content\/uploads\/2024\/05\/top-logo-dark.png","contentUrl":"https:\/\/www.theoxygenproject.com\/es\/wp-content\/uploads\/2024\/05\/top-logo-dark.png","width":384,"height":256,"caption":"The Oxygen Project"},"image":{"@id":"https:\/\/www.theoxygenproject.com\/es\/#\/schema\/logo\/image\/"},"sameAs":["https:\/\/www.facebook.com\/theoxygenproj","https:\/\/x.com\/theoxygenproj"]},{"@type":"Person","@id":"https:\/\/www.theoxygenproject.com\/es\/#\/schema\/person\/fd1d50a727859a9283fdd988aca8d8fb","name":"Pilar R\u00edos","image":{"@type":"ImageObject","inLanguage":"en-US","@id":"https:\/\/secure.gravatar.com\/avatar\/cb4cf509d6c8cf9193108e3149294241c2397964dbeb5a2a6e6b0a4a4127fc37?s=96&d=mm&r=g","url":"https:\/\/secure.gravatar.com\/avatar\/cb4cf509d6c8cf9193108e3149294241c2397964dbeb5a2a6e6b0a4a4127fc37?s=96&d=mm&r=g","contentUrl":"https:\/\/secure.gravatar.com\/avatar\/cb4cf509d6c8cf9193108e3149294241c2397964dbeb5a2a6e6b0a4a4127fc37?s=96&d=mm&r=g","caption":"Pilar R\u00edos"},"url":"https:\/\/www.theoxygenproject.com\/es\/author\/admin-2\/"}]}},"_links":{"self":[{"href":"https:\/\/www.theoxygenproject.com\/es\/wp-json\/wp\/v2\/posts\/1881","targetHints":{"allow":["GET"]}}],"collection":[{"href":"https:\/\/www.theoxygenproject.com\/es\/wp-json\/wp\/v2\/posts"}],"about":[{"href":"https:\/\/www.theoxygenproject.com\/es\/wp-json\/wp\/v2\/types\/post"}],"author":[{"embeddable":true,"href":"https:\/\/www.theoxygenproject.com\/es\/wp-json\/wp\/v2\/users\/3"}],"replies":[{"embeddable":true,"href":"https:\/\/www.theoxygenproject.com\/es\/wp-json\/wp\/v2\/comments?post=1881"}],"version-history":[{"count":0,"href":"https:\/\/www.theoxygenproject.com\/es\/wp-json\/wp\/v2\/posts\/1881\/revisions"}],"wp:attachment":[{"href":"https:\/\/www.theoxygenproject.com\/es\/wp-json\/wp\/v2\/media?parent=1881"}],"wp:term":[{"taxonomy":"category","embeddable":true,"href":"https:\/\/www.theoxygenproject.com\/es\/wp-json\/wp\/v2\/categories?post=1881"},{"taxonomy":"post_tag","embeddable":true,"href":"https:\/\/www.theoxygenproject.com\/es\/wp-json\/wp\/v2\/tags?post=1881"}],"curies":[{"name":"wp","href":"https:\/\/api.w.org\/{rel}","templated":true}]}}