{"id":1792,"date":"2023-02-14T19:01:48","date_gmt":"2023-02-14T16:01:48","guid":{"rendered":"https:\/\/www.theoxygenproject.com\/es\/?p=1792"},"modified":"2023-02-14T19:01:48","modified_gmt":"2023-02-14T16:01:48","slug":"lo-logramos-canada-dice-no-a-la-mineria-submarina","status":"publish","type":"post","link":"https:\/\/www.theoxygenproject.com\/es\/lo-logramos-canada-dice-no-a-la-mineria-submarina\/","title":{"rendered":"\u00a1LO LOGRAMOS! CANAD\u00c1 DICE NO A LA MINER\u00cdA SUBMARINA"},"content":{"rendered":"<p><span style=\"font-weight: 400;\">Estamos felices de anunciar que Canad\u00e1 anuncia <\/span><span style=\"font-weight: 400;\">una moratoria sobre la explotaci\u00f3n minera de los fondos marinos<\/span><span style=\"font-weight: 400;\"> \ud83c\udde8\ud83c\udde6. El\u00a0 jueves hizo el anuncio con el que manifiesta que no permitir\u00e1 la explotaci\u00f3n minera de los fondos marinos bajo su jurisdicci\u00f3n hasta que se establezca una &#8220;estructura reguladora rigurosa&#8221;. La declaraci\u00f3n se divulg\u00f3 al concluir en Vancouver las negociaciones del V Congreso Internacional de \u00c1reas Marinas Protegidas (IMPAC5), que comenz\u00f3 el viernes.<\/span><\/p>\n<p><span style=\"font-weight: 400;\">El mi\u00e9rcoles, Ottawa tambi\u00e9n anunci\u00f3 planes para crear una nueva zona marina protegida en el oc\u00e9ano Pac\u00edfico que se extender\u00eda desde la isla de Vancouver hasta la frontera canadiense con Alaska. <\/span><span style=\"font-weight: 400;\">Estas &#8220;acciones concretas&#8221; demuestran que el compromiso canadiense del 30% es &#8220;m\u00e1s que un eslogan&#8221;, dijo el ministro de Medio Ambiente, Steven Guilbeault.<\/span><\/p>\n<p><span style=\"font-weight: 400;\">El nuevo plan, firmado tambi\u00e9n por varios grupos ind\u00edgenas, acerca un poco m\u00e1s a Canad\u00e1 a su objetivo de proteger el 30% de sus tierras y oc\u00e9anos para 2030, como se acord\u00f3 en la hist\u00f3rica Cumbre sobre Biodiversidad celebrada en Montreal en diciembre.<\/span><\/p>\n<p><b>El activismo s\u00ed funciona<\/b><\/p>\n<p><span style=\"font-weight: 400;\">Marchamos en Vancouver Canad\u00e1, el s\u00e1bado 4 de febrero, hacia la entrada de la sede de The Metals Company (TMC), minera canadiense, encargada de\u00a0 extraer 3.600 toneladas de n\u00f3dulos polimet\u00e1licos del lecho marino en el Pac\u00edfico.<\/span><\/p>\n<p><a href=\"https:\/\/www.instagram.com\/reel\/CocZbGeDaPT\/?utm_source=ig_web_copy_link\"><img loading=\"lazy\" decoding=\"async\" src=\"https:\/\/www.theoxygenproject.com\/es\/wp-content\/uploads\/2023\/02\/09-Feb_TOP_IG_Video-Marcha-DSM_Moment.jpg\" alt=\"\" width=\"720\" height=\"1280\" class=\"aligncenter size-full wp-image-1793\" srcset=\"https:\/\/www.theoxygenproject.com\/es\/wp-content\/uploads\/2023\/02\/09-Feb_TOP_IG_Video-Marcha-DSM_Moment.jpg 720w, https:\/\/www.theoxygenproject.com\/es\/wp-content\/uploads\/2023\/02\/09-Feb_TOP_IG_Video-Marcha-DSM_Moment-169x300.jpg 169w, https:\/\/www.theoxygenproject.com\/es\/wp-content\/uploads\/2023\/02\/09-Feb_TOP_IG_Video-Marcha-DSM_Moment-576x1024.jpg 576w\" sizes=\"auto, (max-width: 720px) 100vw, 720px\" \/><\/a><\/p>\n<p><span style=\"font-weight: 400;\">Unimos fuerzas con <\/span><span style=\"font-weight: 400;\">diferentes organizaciones y <\/span><span style=\"font-weight: 400;\">nuestra audiencia tom\u00e1ndonos las calles para protestar frente a la sede de @metals.co, otros enviaron correos electr\u00f3nicos, compartieron publicaciones y llamaron a los ministros canadienses a \u00a1PARAR LA MINER\u00cdA SUBMARINA! #DefendtheDeep<\/span><\/p>\n<p><span style=\"font-weight: 400;\">Demostramos al mundo que juntos, somos una fuerza imparable.<\/span><\/p>\n<p><b>As\u00ed alza la voz Canad\u00e1<\/b><\/p>\n<p><span style=\"font-weight: 400;\">&#8220;Los oc\u00e9anos del mundo son vitales para la salud de nuestro ambiente y nuestra econom\u00eda. Debemos asegurarnos de que cualquier desarrollo de los recursos oce\u00e1nicos est\u00e9 alineado con la ciencia y se lleve a cabo en conformidad con requisitos normativos rigurosos. En ausencia de estos elementos clave, Canad\u00e1 no permitir\u00e1 la miner\u00eda submarina en las \u00e1reas bajo su jurisdicci\u00f3n\u201d.<\/span><\/p>\n<p><span style=\"font-weight: 400;\">Jonathan Wilkinson, Ministro de Recursos Naturales<\/span><\/p>\n<p><span style=\"font-weight: 400;\">&#8220;El oc\u00e9ano es fundamental para la resiliencia y el bienestar de las comunidades costeras e <\/span><span style=\"font-weight: 400;\">ind\u00edgenas. Canad\u00e1 ha logrado un progreso real en la protecci\u00f3n de los oc\u00e9anos y eso incluye <\/span><span style=\"font-weight: 400;\">tomar una posici\u00f3n firme al prohibir la miner\u00eda en los fondos marinos en \u00e1reas marinas <\/span><span style=\"font-weight: 400;\">protegidas. Tenemos la responsabilidad de proteger la naturaleza y la biodiversidad y <\/span><span style=\"font-weight: 400;\">estamos cumpliendo este compromiso&#8221;.<\/span><\/p>\n<p><span style=\"font-weight: 400;\">Joyce Murray, Ministra de Pesca, Oc\u00e9anos y la Guardia Costera de Canad\u00e1<\/span><\/p>\n<p><img loading=\"lazy\" decoding=\"async\" src=\"https:\/\/www.theoxygenproject.com\/es\/wp-content\/uploads\/2023\/02\/Imagen1.jpg\" alt=\"\" width=\"624\" height=\"147\" class=\"size-full wp-image-1794 aligncenter\" srcset=\"https:\/\/www.theoxygenproject.com\/es\/wp-content\/uploads\/2023\/02\/Imagen1.jpg 624w, https:\/\/www.theoxygenproject.com\/es\/wp-content\/uploads\/2023\/02\/Imagen1-300x71.jpg 300w\" sizes=\"auto, (max-width: 624px) 100vw, 624px\" \/><\/p>\n<p><span style=\"font-weight: 400;\">Lee el comunicado<\/span><a href=\"https:\/\/www.canada.ca\/fr\/ressources-naturelles-canada\/nouvelles\/2023\/02\/le-canada-refusera-dautoriser-lexploitation-miniere-des-fonds-marinsen-labsence-dun-rigoureux-regime-reglementaire.html\"><span style=\"font-weight: 400;\"> AQU\u00cd<\/span><\/a><\/p>\n<p><b>Responde <\/b><b>The Metals Company (TMC)<\/b><\/p>\n<ol>\n<li>En una declaraci\u00f3n a CBC News, TMC reconoci\u00f3 la protesta y dijo que la compa\u00f1\u00eda compart\u00eda algunos objetivos comunes con los manifestantes, como combatir el cambio clim\u00e1tico y proteger la biodiversidad.<\/li>\n<li>TMC sostiene que la miner\u00eda submarina es una opci\u00f3n importante y menos intensiva para producir metales que ahora se necesitan desesperadamente.<\/li>\n<li>&#8220;Para construir un futuro bajo en carbono, la sociedad necesitar\u00e1 extraer m\u00e1s metal en las pr\u00f3ximas d\u00e9cadas que en toda la historia humana&#8221;, dijo.<\/li>\n<li>&#8220;\u00bfDe d\u00f3nde creen que deber\u00eda provenir este metal, dado que hay muy poco metal en circulaci\u00f3n para reciclar para respaldar esta transici\u00f3n a corto y mediano plazo?&#8221;<\/li>\n<\/ol>\n<p><span style=\"font-weight: 400;\">Los partidarios de la explotaci\u00f3n minera en el mar alegan que se pueden extraer c\u00f3modamente del lecho gr\u00e1nulos de n\u00edquel y cobalto -utilizados en las bater\u00edas de los coches el\u00e9ctricos-, lo que contribuir\u00eda a reducir nuestra dependencia de los combustibles f\u00f3siles.<\/span><\/p>\n<p><span style=\"font-weight: 400;\">Pero los grupos conservacionistas y los cient\u00edficos temen que esto pueda devastar sistemas marinos poco conocidos, que desempe\u00f1an un papel crucial en la regulaci\u00f3n del clima<\/span><\/p>\n<p><b>\u00bfQuieres ser parte?<\/b><\/p>\n<p><span style=\"font-weight: 400;\">Llevamos a\u00f1os realizando acciones para \u00a1PARAR LA MINER\u00cdA SUBMARINA! Estamos viendo resultados,\u00a0 ya son 12 pa\u00edses los que alzan la voz en conjunto con nosotros y diferentes organizaciones se han unido a la causa.<\/span><\/p>\n<p><span style=\"font-weight: 400;\">Estamos felices pero sabemos que tenemos que continuar luchando y que sin duda la uni\u00f3n hace la fuerza. Seguimos, nos aseguraremos de que la declaraci\u00f3n canadiense sea seguida por una acci\u00f3n tangible en las negociaciones con la Autoridad Internacional de los Fondos Marinos (ISA), donde estaremos en marzo. Los mantendremos informados.\u00a0<\/span><\/p>\n<p style=\"text-align: center;\"><span style=\"font-weight: 400;\">\u00a0Comparte nuestros <a href=\"https:\/\/www.instagram.com\/p\/Com9eENsUHE\/\">post<\/a><\/span><\/p>\n<p style=\"text-align: center;\"><span style=\"font-weight: 400;\">Firma la carta <a href=\"https:\/\/only.one\/act\/mining?l=es\">AQU\u00cd<\/a> y digamos junto a Canad\u00e1 y otros pa\u00edses\u00a0<\/span><\/p>\n<p style=\"text-align: center;\"><span style=\"font-weight: 400;\">\u00a0\u00a0\u00a0\u00a0\u00a0\u00a0\u00a0\u00a0\u00a0\u00a1No a la miner\u00eda submarina!<\/span><\/p>\n","protected":false},"excerpt":{"rendered":"<p>Estamos felices de anunciar que Canad\u00e1 anuncia una moratoria sobre la explotaci\u00f3n minera de los fondos marinos \ud83c\udde8\ud83c\udde6. El\u00a0 jueves hizo el anuncio con el que manifiesta que no permitir\u00e1&#8230;<\/p>\n","protected":false},"author":3,"featured_media":1796,"comment_status":"closed","ping_status":"closed","sticky":false,"template":"","format":"standard","meta":{"_mo_disable_npp":"","footnotes":""},"categories":[3,10,5,7,4,9],"tags":[],"class_list":["post-1792","post","type-post","status-publish","format-standard","has-post-thumbnail","hentry","category-accion-climatica","category-agua","category-cambio-climatico","category-fondo-marino","category-voces","category-solutions"],"yoast_head":"<!-- This site is optimized with the Yoast SEO plugin v28.3 - https:\/\/yoast.com\/product\/yoast-seo-wordpress\/ -->\n<title>\u00a1LO LOGRAMOS! CANAD\u00c1 DICE NO A LA MINER\u00cdA SUBMARINA - The Oxygen Project<\/title>\n<meta name=\"robots\" content=\"index, follow, max-snippet:-1, max-image-preview:large, max-video-preview:-1\" \/>\n<link rel=\"canonical\" href=\"https:\/\/www.theoxygenproject.com\/es\/lo-logramos-canada-dice-no-a-la-mineria-submarina\/\" \/>\n<meta property=\"og:locale\" content=\"en_US\" \/>\n<meta property=\"og:type\" content=\"article\" \/>\n<meta property=\"og:title\" content=\"\u00a1LO LOGRAMOS! CANAD\u00c1 DICE NO A LA MINER\u00cdA SUBMARINA - The Oxygen Project\" \/>\n<meta property=\"og:description\" content=\"Estamos felices de anunciar que Canad\u00e1 anuncia una moratoria sobre la explotaci\u00f3n minera de los fondos marinos \ud83c\udde8\ud83c\udde6. El\u00a0 jueves hizo el anuncio con el que manifiesta que no permitir\u00e1...\" \/>\n<meta property=\"og:url\" content=\"https:\/\/www.theoxygenproject.com\/es\/lo-logramos-canada-dice-no-a-la-mineria-submarina\/\" \/>\n<meta property=\"og:site_name\" content=\"The Oxygen Project\" \/>\n<meta property=\"article:publisher\" content=\"https:\/\/www.facebook.com\/theoxygenproj\" \/>\n<meta property=\"article:published_time\" content=\"2023-02-14T16:01:48+00:00\" \/>\n<meta name=\"author\" content=\"Pilar R\u00edos\" \/>\n<meta name=\"twitter:card\" content=\"summary_large_image\" \/>\n<meta name=\"twitter:creator\" content=\"@theoxygenproj\" \/>\n<meta name=\"twitter:site\" content=\"@theoxygenproj\" \/>\n<meta name=\"twitter:label1\" content=\"Written by\" \/>\n\t<meta name=\"twitter:data1\" content=\"Pilar R\u00edos\" \/>\n<script type=\"application\/ld+json\" class=\"yoast-schema-graph\">{\"@context\":\"https:\\\/\\\/schema.org\",\"@graph\":[{\"@type\":\"Article\",\"@id\":\"https:\\\/\\\/www.theoxygenproject.com\\\/es\\\/lo-logramos-canada-dice-no-a-la-mineria-submarina\\\/#article\",\"isPartOf\":{\"@id\":\"https:\\\/\\\/www.theoxygenproject.com\\\/es\\\/lo-logramos-canada-dice-no-a-la-mineria-submarina\\\/\"},\"author\":{\"name\":\"Pilar R\u00edos\",\"@id\":\"https:\\\/\\\/www.theoxygenproject.com\\\/es\\\/#\\\/schema\\\/person\\\/fd1d50a727859a9283fdd988aca8d8fb\"},\"headline\":\"\u00a1LO LOGRAMOS! CANAD\u00c1 DICE NO A LA MINER\u00cdA SUBMARINA\",\"datePublished\":\"2023-02-14T16:01:48+00:00\",\"mainEntityOfPage\":{\"@id\":\"https:\\\/\\\/www.theoxygenproject.com\\\/es\\\/lo-logramos-canada-dice-no-a-la-mineria-submarina\\\/\"},\"wordCount\":755,\"publisher\":{\"@id\":\"https:\\\/\\\/www.theoxygenproject.com\\\/es\\\/#organization\"},\"image\":{\"@id\":\"https:\\\/\\\/www.theoxygenproject.com\\\/es\\\/lo-logramos-canada-dice-no-a-la-mineria-submarina\\\/#primaryimage\"},\"thumbnailUrl\":\"https:\\\/\\\/www.theoxygenproject.com\\\/es\\\/wp-content\\\/uploads\\\/2023\\\/02\\\/image-1024x684-1.png\",\"articleSection\":[\"Acci\u00f3n Clim\u00e1tica\",\"Agua\",\"Cambio clim\u00e1tico\",\"Defend The Deep\",\"Defensores\",\"Soluciones\"],\"inLanguage\":\"en-US\"},{\"@type\":\"WebPage\",\"@id\":\"https:\\\/\\\/www.theoxygenproject.com\\\/es\\\/lo-logramos-canada-dice-no-a-la-mineria-submarina\\\/\",\"url\":\"https:\\\/\\\/www.theoxygenproject.com\\\/es\\\/lo-logramos-canada-dice-no-a-la-mineria-submarina\\\/\",\"name\":\"\u00a1LO LOGRAMOS! CANAD\u00c1 DICE NO A LA MINER\u00cdA SUBMARINA - The Oxygen Project\",\"isPartOf\":{\"@id\":\"https:\\\/\\\/www.theoxygenproject.com\\\/es\\\/#website\"},\"primaryImageOfPage\":{\"@id\":\"https:\\\/\\\/www.theoxygenproject.com\\\/es\\\/lo-logramos-canada-dice-no-a-la-mineria-submarina\\\/#primaryimage\"},\"image\":{\"@id\":\"https:\\\/\\\/www.theoxygenproject.com\\\/es\\\/lo-logramos-canada-dice-no-a-la-mineria-submarina\\\/#primaryimage\"},\"thumbnailUrl\":\"https:\\\/\\\/www.theoxygenproject.com\\\/es\\\/wp-content\\\/uploads\\\/2023\\\/02\\\/image-1024x684-1.png\",\"datePublished\":\"2023-02-14T16:01:48+00:00\",\"breadcrumb\":{\"@id\":\"https:\\\/\\\/www.theoxygenproject.com\\\/es\\\/lo-logramos-canada-dice-no-a-la-mineria-submarina\\\/#breadcrumb\"},\"inLanguage\":\"en-US\",\"potentialAction\":[{\"@type\":\"ReadAction\",\"target\":[\"https:\\\/\\\/www.theoxygenproject.com\\\/es\\\/lo-logramos-canada-dice-no-a-la-mineria-submarina\\\/\"]}]},{\"@type\":\"ImageObject\",\"inLanguage\":\"en-US\",\"@id\":\"https:\\\/\\\/www.theoxygenproject.com\\\/es\\\/lo-logramos-canada-dice-no-a-la-mineria-submarina\\\/#primaryimage\",\"url\":\"https:\\\/\\\/www.theoxygenproject.com\\\/es\\\/wp-content\\\/uploads\\\/2023\\\/02\\\/image-1024x684-1.png\",\"contentUrl\":\"https:\\\/\\\/www.theoxygenproject.com\\\/es\\\/wp-content\\\/uploads\\\/2023\\\/02\\\/image-1024x684-1.png\",\"width\":1024,\"height\":684},{\"@type\":\"BreadcrumbList\",\"@id\":\"https:\\\/\\\/www.theoxygenproject.com\\\/es\\\/lo-logramos-canada-dice-no-a-la-mineria-submarina\\\/#breadcrumb\",\"itemListElement\":[{\"@type\":\"ListItem\",\"position\":1,\"name\":\"Home\",\"item\":\"https:\\\/\\\/www.theoxygenproject.com\\\/es\\\/\"},{\"@type\":\"ListItem\",\"position\":2,\"name\":\"\u00a1LO LOGRAMOS! CANAD\u00c1 DICE NO A LA MINER\u00cdA SUBMARINA\"}]},{\"@type\":\"WebSite\",\"@id\":\"https:\\\/\\\/www.theoxygenproject.com\\\/es\\\/#website\",\"url\":\"https:\\\/\\\/www.theoxygenproject.com\\\/es\\\/\",\"name\":\"The Oxygen Project\",\"description\":\"\",\"publisher\":{\"@id\":\"https:\\\/\\\/www.theoxygenproject.com\\\/es\\\/#organization\"},\"potentialAction\":[{\"@type\":\"SearchAction\",\"target\":{\"@type\":\"EntryPoint\",\"urlTemplate\":\"https:\\\/\\\/www.theoxygenproject.com\\\/es\\\/?s={search_term_string}\"},\"query-input\":{\"@type\":\"PropertyValueSpecification\",\"valueRequired\":true,\"valueName\":\"search_term_string\"}}],\"inLanguage\":\"en-US\"},{\"@type\":\"Organization\",\"@id\":\"https:\\\/\\\/www.theoxygenproject.com\\\/es\\\/#organization\",\"name\":\"The Oxygen Project\",\"url\":\"https:\\\/\\\/www.theoxygenproject.com\\\/es\\\/\",\"logo\":{\"@type\":\"ImageObject\",\"inLanguage\":\"en-US\",\"@id\":\"https:\\\/\\\/www.theoxygenproject.com\\\/es\\\/#\\\/schema\\\/logo\\\/image\\\/\",\"url\":\"https:\\\/\\\/www.theoxygenproject.com\\\/es\\\/wp-content\\\/uploads\\\/2024\\\/05\\\/top-logo-dark.png\",\"contentUrl\":\"https:\\\/\\\/www.theoxygenproject.com\\\/es\\\/wp-content\\\/uploads\\\/2024\\\/05\\\/top-logo-dark.png\",\"width\":384,\"height\":256,\"caption\":\"The Oxygen Project\"},\"image\":{\"@id\":\"https:\\\/\\\/www.theoxygenproject.com\\\/es\\\/#\\\/schema\\\/logo\\\/image\\\/\"},\"sameAs\":[\"https:\\\/\\\/www.facebook.com\\\/theoxygenproj\",\"https:\\\/\\\/x.com\\\/theoxygenproj\"]},{\"@type\":\"Person\",\"@id\":\"https:\\\/\\\/www.theoxygenproject.com\\\/es\\\/#\\\/schema\\\/person\\\/fd1d50a727859a9283fdd988aca8d8fb\",\"name\":\"Pilar R\u00edos\",\"image\":{\"@type\":\"ImageObject\",\"inLanguage\":\"en-US\",\"@id\":\"https:\\\/\\\/secure.gravatar.com\\\/avatar\\\/cb4cf509d6c8cf9193108e3149294241c2397964dbeb5a2a6e6b0a4a4127fc37?s=96&d=mm&r=g\",\"url\":\"https:\\\/\\\/secure.gravatar.com\\\/avatar\\\/cb4cf509d6c8cf9193108e3149294241c2397964dbeb5a2a6e6b0a4a4127fc37?s=96&d=mm&r=g\",\"contentUrl\":\"https:\\\/\\\/secure.gravatar.com\\\/avatar\\\/cb4cf509d6c8cf9193108e3149294241c2397964dbeb5a2a6e6b0a4a4127fc37?s=96&d=mm&r=g\",\"caption\":\"Pilar R\u00edos\"},\"url\":\"https:\\\/\\\/www.theoxygenproject.com\\\/es\\\/author\\\/admin-2\\\/\"}]}<\/script>\n<!-- \/ Yoast SEO plugin. -->","yoast_head_json":{"title":"\u00a1LO LOGRAMOS! CANAD\u00c1 DICE NO A LA MINER\u00cdA SUBMARINA - The Oxygen Project","robots":{"index":"index","follow":"follow","max-snippet":"max-snippet:-1","max-image-preview":"max-image-preview:large","max-video-preview":"max-video-preview:-1"},"canonical":"https:\/\/www.theoxygenproject.com\/es\/lo-logramos-canada-dice-no-a-la-mineria-submarina\/","og_locale":"en_US","og_type":"article","og_title":"\u00a1LO LOGRAMOS! CANAD\u00c1 DICE NO A LA MINER\u00cdA SUBMARINA - The Oxygen Project","og_description":"Estamos felices de anunciar que Canad\u00e1 anuncia una moratoria sobre la explotaci\u00f3n minera de los fondos marinos \ud83c\udde8\ud83c\udde6. El\u00a0 jueves hizo el anuncio con el que manifiesta que no permitir\u00e1...","og_url":"https:\/\/www.theoxygenproject.com\/es\/lo-logramos-canada-dice-no-a-la-mineria-submarina\/","og_site_name":"The Oxygen Project","article_publisher":"https:\/\/www.facebook.com\/theoxygenproj","article_published_time":"2023-02-14T16:01:48+00:00","author":"Pilar R\u00edos","twitter_card":"summary_large_image","twitter_creator":"@theoxygenproj","twitter_site":"@theoxygenproj","twitter_misc":{"Written by":"Pilar R\u00edos"},"schema":{"@context":"https:\/\/schema.org","@graph":[{"@type":"Article","@id":"https:\/\/www.theoxygenproject.com\/es\/lo-logramos-canada-dice-no-a-la-mineria-submarina\/#article","isPartOf":{"@id":"https:\/\/www.theoxygenproject.com\/es\/lo-logramos-canada-dice-no-a-la-mineria-submarina\/"},"author":{"name":"Pilar R\u00edos","@id":"https:\/\/www.theoxygenproject.com\/es\/#\/schema\/person\/fd1d50a727859a9283fdd988aca8d8fb"},"headline":"\u00a1LO LOGRAMOS! CANAD\u00c1 DICE NO A LA MINER\u00cdA SUBMARINA","datePublished":"2023-02-14T16:01:48+00:00","mainEntityOfPage":{"@id":"https:\/\/www.theoxygenproject.com\/es\/lo-logramos-canada-dice-no-a-la-mineria-submarina\/"},"wordCount":755,"publisher":{"@id":"https:\/\/www.theoxygenproject.com\/es\/#organization"},"image":{"@id":"https:\/\/www.theoxygenproject.com\/es\/lo-logramos-canada-dice-no-a-la-mineria-submarina\/#primaryimage"},"thumbnailUrl":"https:\/\/www.theoxygenproject.com\/es\/wp-content\/uploads\/2023\/02\/image-1024x684-1.png","articleSection":["Acci\u00f3n Clim\u00e1tica","Agua","Cambio clim\u00e1tico","Defend The Deep","Defensores","Soluciones"],"inLanguage":"en-US"},{"@type":"WebPage","@id":"https:\/\/www.theoxygenproject.com\/es\/lo-logramos-canada-dice-no-a-la-mineria-submarina\/","url":"https:\/\/www.theoxygenproject.com\/es\/lo-logramos-canada-dice-no-a-la-mineria-submarina\/","name":"\u00a1LO LOGRAMOS! CANAD\u00c1 DICE NO A LA MINER\u00cdA SUBMARINA - The Oxygen Project","isPartOf":{"@id":"https:\/\/www.theoxygenproject.com\/es\/#website"},"primaryImageOfPage":{"@id":"https:\/\/www.theoxygenproject.com\/es\/lo-logramos-canada-dice-no-a-la-mineria-submarina\/#primaryimage"},"image":{"@id":"https:\/\/www.theoxygenproject.com\/es\/lo-logramos-canada-dice-no-a-la-mineria-submarina\/#primaryimage"},"thumbnailUrl":"https:\/\/www.theoxygenproject.com\/es\/wp-content\/uploads\/2023\/02\/image-1024x684-1.png","datePublished":"2023-02-14T16:01:48+00:00","breadcrumb":{"@id":"https:\/\/www.theoxygenproject.com\/es\/lo-logramos-canada-dice-no-a-la-mineria-submarina\/#breadcrumb"},"inLanguage":"en-US","potentialAction":[{"@type":"ReadAction","target":["https:\/\/www.theoxygenproject.com\/es\/lo-logramos-canada-dice-no-a-la-mineria-submarina\/"]}]},{"@type":"ImageObject","inLanguage":"en-US","@id":"https:\/\/www.theoxygenproject.com\/es\/lo-logramos-canada-dice-no-a-la-mineria-submarina\/#primaryimage","url":"https:\/\/www.theoxygenproject.com\/es\/wp-content\/uploads\/2023\/02\/image-1024x684-1.png","contentUrl":"https:\/\/www.theoxygenproject.com\/es\/wp-content\/uploads\/2023\/02\/image-1024x684-1.png","width":1024,"height":684},{"@type":"BreadcrumbList","@id":"https:\/\/www.theoxygenproject.com\/es\/lo-logramos-canada-dice-no-a-la-mineria-submarina\/#breadcrumb","itemListElement":[{"@type":"ListItem","position":1,"name":"Home","item":"https:\/\/www.theoxygenproject.com\/es\/"},{"@type":"ListItem","position":2,"name":"\u00a1LO LOGRAMOS! CANAD\u00c1 DICE NO A LA MINER\u00cdA SUBMARINA"}]},{"@type":"WebSite","@id":"https:\/\/www.theoxygenproject.com\/es\/#website","url":"https:\/\/www.theoxygenproject.com\/es\/","name":"The Oxygen Project","description":"","publisher":{"@id":"https:\/\/www.theoxygenproject.com\/es\/#organization"},"potentialAction":[{"@type":"SearchAction","target":{"@type":"EntryPoint","urlTemplate":"https:\/\/www.theoxygenproject.com\/es\/?s={search_term_string}"},"query-input":{"@type":"PropertyValueSpecification","valueRequired":true,"valueName":"search_term_string"}}],"inLanguage":"en-US"},{"@type":"Organization","@id":"https:\/\/www.theoxygenproject.com\/es\/#organization","name":"The Oxygen Project","url":"https:\/\/www.theoxygenproject.com\/es\/","logo":{"@type":"ImageObject","inLanguage":"en-US","@id":"https:\/\/www.theoxygenproject.com\/es\/#\/schema\/logo\/image\/","url":"https:\/\/www.theoxygenproject.com\/es\/wp-content\/uploads\/2024\/05\/top-logo-dark.png","contentUrl":"https:\/\/www.theoxygenproject.com\/es\/wp-content\/uploads\/2024\/05\/top-logo-dark.png","width":384,"height":256,"caption":"The Oxygen Project"},"image":{"@id":"https:\/\/www.theoxygenproject.com\/es\/#\/schema\/logo\/image\/"},"sameAs":["https:\/\/www.facebook.com\/theoxygenproj","https:\/\/x.com\/theoxygenproj"]},{"@type":"Person","@id":"https:\/\/www.theoxygenproject.com\/es\/#\/schema\/person\/fd1d50a727859a9283fdd988aca8d8fb","name":"Pilar R\u00edos","image":{"@type":"ImageObject","inLanguage":"en-US","@id":"https:\/\/secure.gravatar.com\/avatar\/cb4cf509d6c8cf9193108e3149294241c2397964dbeb5a2a6e6b0a4a4127fc37?s=96&d=mm&r=g","url":"https:\/\/secure.gravatar.com\/avatar\/cb4cf509d6c8cf9193108e3149294241c2397964dbeb5a2a6e6b0a4a4127fc37?s=96&d=mm&r=g","contentUrl":"https:\/\/secure.gravatar.com\/avatar\/cb4cf509d6c8cf9193108e3149294241c2397964dbeb5a2a6e6b0a4a4127fc37?s=96&d=mm&r=g","caption":"Pilar R\u00edos"},"url":"https:\/\/www.theoxygenproject.com\/es\/author\/admin-2\/"}]}},"_links":{"self":[{"href":"https:\/\/www.theoxygenproject.com\/es\/wp-json\/wp\/v2\/posts\/1792","targetHints":{"allow":["GET"]}}],"collection":[{"href":"https:\/\/www.theoxygenproject.com\/es\/wp-json\/wp\/v2\/posts"}],"about":[{"href":"https:\/\/www.theoxygenproject.com\/es\/wp-json\/wp\/v2\/types\/post"}],"author":[{"embeddable":true,"href":"https:\/\/www.theoxygenproject.com\/es\/wp-json\/wp\/v2\/users\/3"}],"replies":[{"embeddable":true,"href":"https:\/\/www.theoxygenproject.com\/es\/wp-json\/wp\/v2\/comments?post=1792"}],"version-history":[{"count":0,"href":"https:\/\/www.theoxygenproject.com\/es\/wp-json\/wp\/v2\/posts\/1792\/revisions"}],"wp:featuredmedia":[{"embeddable":true,"href":"https:\/\/www.theoxygenproject.com\/es\/wp-json\/wp\/v2\/media\/1796"}],"wp:attachment":[{"href":"https:\/\/www.theoxygenproject.com\/es\/wp-json\/wp\/v2\/media?parent=1792"}],"wp:term":[{"taxonomy":"category","embeddable":true,"href":"https:\/\/www.theoxygenproject.com\/es\/wp-json\/wp\/v2\/categories?post=1792"},{"taxonomy":"post_tag","embeddable":true,"href":"https:\/\/www.theoxygenproject.com\/es\/wp-json\/wp\/v2\/tags?post=1792"}],"curies":[{"name":"wp","href":"https:\/\/api.w.org\/{rel}","templated":true}]}}