{"id":1761,"date":"2022-12-21T19:11:53","date_gmt":"2022-12-21T16:11:53","guid":{"rendered":"https:\/\/www.theoxygenproject.com\/es\/?p=1761"},"modified":"2025-02-28T20:58:10","modified_gmt":"2025-02-28T20:58:10","slug":"el-exilio-de-un-defensor-de-los-pueblos-indigenas","status":"publish","type":"post","link":"https:\/\/www.theoxygenproject.com\/es\/el-exilio-de-un-defensor-de-los-pueblos-indigenas\/","title":{"rendered":"EL EXILIO DE UN DEFENSOR DE LOS PUEBLOS IND\u00cdGENAS"},"content":{"rendered":"<p><span style=\"font-weight: 400;\"><a href=\"https:\/\/www.instagram.com\/juan_pablo_gutierrez_official\/\">Juan Pablo Guti\u00e9rrez<\/a> tuvo que dejar su tierra natal, Colombia, <\/span><span style=\"font-weight: 400;\">por ser amenazado por defender los derechos de los pueblos ind\u00edgenas. Lugar donde lamentablemente <\/span><span style=\"font-weight: 400;\">\u201cSer el segundo pa\u00eds con m\u00e1s biodiversidad del mundo significa una condena de muerte\u201d.<\/span><\/p>\n<p><span style=\"font-weight: 400;\">Actualmente se <\/span><span style=\"font-weight: 400;\">encuentra en Par\u00eds, hace 4 a\u00f1os\u00a0 tuvo que exiliarse de Colombia por el peligro que implica defender. En Francia se desempe\u00f1a como Delegado Internacional de la <a href=\"https:\/\/www.onic.org.co\/\">ONIC Organizaci\u00f3n Nacional Ind\u00edgena de Colombia<\/a>, adem\u00e1s de impartir clases Intentando deconstruir toda la matriz colonial tan presente en Europa.\u00a0<\/span><\/p>\n<p><span style=\"font-weight: 400;\">Seg\u00fan su relato las primeras amenazas comenzaron en el a\u00f1o 2011 y en el 2015 los grupos paramilitares lo declararon oficialmente a trav\u00e9s de un panfleto como objetivo de guerra u objetivo militar.\u00a0<\/span><\/p>\n<p><img loading=\"lazy\" decoding=\"async\" class=\"aligncenter wp-image-1773 size-full\" src=\"https:\/\/www.theoxygenproject.com\/es\/wp-content\/uploads\/2022\/12\/banners-defenders-1-scaled-1.jpg\" alt=\"\" width=\"2560\" height=\"1280\" srcset=\"https:\/\/www.theoxygenproject.com\/es\/wp-content\/uploads\/2022\/12\/banners-defenders-1-scaled-1.jpg 2560w, https:\/\/www.theoxygenproject.com\/es\/wp-content\/uploads\/2022\/12\/banners-defenders-1-scaled-1-300x150.jpg 300w, https:\/\/www.theoxygenproject.com\/es\/wp-content\/uploads\/2022\/12\/banners-defenders-1-scaled-1-1024x512.jpg 1024w, https:\/\/www.theoxygenproject.com\/es\/wp-content\/uploads\/2022\/12\/banners-defenders-1-scaled-1-768x384.jpg 768w, https:\/\/www.theoxygenproject.com\/es\/wp-content\/uploads\/2022\/12\/banners-defenders-1-scaled-1-1536x768.jpg 1536w, https:\/\/www.theoxygenproject.com\/es\/wp-content\/uploads\/2022\/12\/banners-defenders-1-scaled-1-2048x1024.jpg 2048w\" sizes=\"auto, (max-width: 2560px) 100vw, 2560px\" \/><\/p>\n<p><span style=\"font-weight: 400;\">El exilio de Juan Pablo es por la vida\u00a0 para no \u201candar con una l\u00e1pida en el hombro sabiendo que en cualquier momento nos pueden matar\u201d. Una realidad que quiz\u00e1s muchos\u00a0 desconocen es que, lamentablemente, Latinoam\u00e9rica es uno de los protagonistas donde el 68% del total de los asesinatos de la \u00faltima d\u00e9cada (1773) se ejecutan en nuestra regi\u00f3n.<\/span><\/p>\n<p><span style=\"font-weight: 400;\">Lamentablemente de las 1773 personas que fueron asesinadas en todo el mundo el 39% de los ataques se concentran en las comunidades ind\u00edgenas, de los que Colombia tiene 322 casos informados. Por esto es importante visibilizar, informarse y compartir la informaci\u00f3n porque como sociedad tenemos el poder de hacer p\u00fablica esta realidad que para muchos se ve lejana.<\/span><\/p>\n<p><img loading=\"lazy\" decoding=\"async\" class=\"aligncenter wp-image-1775 size-full\" src=\"https:\/\/www.theoxygenproject.com\/es\/wp-content\/uploads\/2022\/12\/banners-defenders-2-scaled-1.jpg\" alt=\"\" width=\"2560\" height=\"1280\" srcset=\"https:\/\/www.theoxygenproject.com\/es\/wp-content\/uploads\/2022\/12\/banners-defenders-2-scaled-1.jpg 2560w, https:\/\/www.theoxygenproject.com\/es\/wp-content\/uploads\/2022\/12\/banners-defenders-2-scaled-1-300x150.jpg 300w, https:\/\/www.theoxygenproject.com\/es\/wp-content\/uploads\/2022\/12\/banners-defenders-2-scaled-1-1024x512.jpg 1024w, https:\/\/www.theoxygenproject.com\/es\/wp-content\/uploads\/2022\/12\/banners-defenders-2-scaled-1-768x384.jpg 768w, https:\/\/www.theoxygenproject.com\/es\/wp-content\/uploads\/2022\/12\/banners-defenders-2-scaled-1-1536x768.jpg 1536w, https:\/\/www.theoxygenproject.com\/es\/wp-content\/uploads\/2022\/12\/banners-defenders-2-scaled-1-2048x1024.jpg 2048w\" sizes=\"auto, (max-width: 2560px) 100vw, 2560px\" \/><\/p>\n<p>Aqu\u00ed la entrevista completa<\/p>\n<p><a href=\"https:\/\/www.instagram.com\/p\/CmHewtOJHrQ\/\"><img loading=\"lazy\" decoding=\"async\" class=\"aligncenter size-full wp-image-1776\" src=\"https:\/\/www.theoxygenproject.com\/es\/wp-content\/uploads\/2022\/12\/t4654.jpg\" alt=\"\" width=\"317\" height=\"540\" srcset=\"https:\/\/www.theoxygenproject.com\/es\/wp-content\/uploads\/2022\/12\/t4654.jpg 317w, https:\/\/www.theoxygenproject.com\/es\/wp-content\/uploads\/2022\/12\/t4654-176x300.jpg 176w\" sizes=\"auto, (max-width: 317px) 100vw, 317px\" \/><\/a><\/p>\n<p><span style=\"font-weight: 400;\">Sigue nuestra campa\u00f1a #DefendtheDefenders defiende a quienes te defienden y comparte para dar a conocer la situaci\u00f3n actual de los activistas.<\/span><\/p>\n<p><a href=\"https:\/\/www.instagram.com\/p\/Cl_VYL8DFy7\/\"><img loading=\"lazy\" decoding=\"async\" class=\"aligncenter size-full wp-image-1753\" src=\"https:\/\/www.theoxygenproject.com\/es\/wp-content\/uploads\/2022\/12\/TOP_DTD_Mailing-04.png\" alt=\"\" width=\"500\" height=\"100\" srcset=\"https:\/\/www.theoxygenproject.com\/es\/wp-content\/uploads\/2022\/12\/TOP_DTD_Mailing-04.png 500w, https:\/\/www.theoxygenproject.com\/es\/wp-content\/uploads\/2022\/12\/TOP_DTD_Mailing-04-300x60.png 300w\" sizes=\"auto, (max-width: 500px) 100vw, 500px\" \/><\/a><\/p>\n","protected":false},"excerpt":{"rendered":"<p>Juan Pablo Guti\u00e9rrez tuvo que dejar su tierra natal, Colombia, por ser amenazado por defender los derechos de los pueblos ind\u00edgenas. Lugar donde lamentablemente \u201cSer el segundo pa\u00eds con m\u00e1s&#8230;<\/p>\n","protected":false},"author":3,"featured_media":1765,"comment_status":"closed","ping_status":"closed","sticky":false,"template":"","format":"standard","meta":{"_mo_disable_npp":"","footnotes":""},"categories":[3,4,11,6],"tags":[],"class_list":["post-1761","post","type-post","status-publish","format-standard","has-post-thumbnail","hentry","category-accion-climatica","category-voces","category-politica","category-land"],"yoast_head":"<!-- This site is optimized with the Yoast SEO plugin v28.3 - https:\/\/yoast.com\/product\/yoast-seo-wordpress\/ -->\n<title>EL EXILIO DE UN DEFENSOR DE LOS PUEBLOS IND\u00cdGENAS - The Oxygen Project<\/title>\n<meta name=\"robots\" content=\"index, follow, max-snippet:-1, max-image-preview:large, max-video-preview:-1\" \/>\n<link rel=\"canonical\" href=\"https:\/\/www.theoxygenproject.com\/es\/el-exilio-de-un-defensor-de-los-pueblos-indigenas\/\" \/>\n<meta property=\"og:locale\" content=\"en_US\" \/>\n<meta property=\"og:type\" content=\"article\" \/>\n<meta property=\"og:title\" content=\"EL EXILIO DE UN DEFENSOR DE LOS PUEBLOS IND\u00cdGENAS - The Oxygen Project\" \/>\n<meta property=\"og:description\" content=\"Juan Pablo Guti\u00e9rrez tuvo que dejar su tierra natal, Colombia, por ser amenazado por defender los derechos de los pueblos ind\u00edgenas. Lugar donde lamentablemente \u201cSer el segundo pa\u00eds con m\u00e1s...\" \/>\n<meta property=\"og:url\" content=\"https:\/\/www.theoxygenproject.com\/es\/el-exilio-de-un-defensor-de-los-pueblos-indigenas\/\" \/>\n<meta property=\"og:site_name\" content=\"The Oxygen Project\" \/>\n<meta property=\"article:publisher\" content=\"https:\/\/www.facebook.com\/theoxygenproj\" \/>\n<meta property=\"article:published_time\" content=\"2022-12-21T16:11:53+00:00\" \/>\n<meta property=\"article:modified_time\" content=\"2025-02-28T20:58:10+00:00\" \/>\n<meta property=\"og:image\" content=\"https:\/\/www.theoxygenproject.com\/es\/wp-content\/uploads\/2022\/12\/TOP_DTD_Web_Spanish-04-1.png\" \/>\n\t<meta property=\"og:image:width\" content=\"1045\" \/>\n\t<meta property=\"og:image:height\" content=\"664\" \/>\n\t<meta property=\"og:image:type\" content=\"image\/png\" \/>\n<meta name=\"author\" content=\"Pilar R\u00edos\" \/>\n<meta name=\"twitter:card\" content=\"summary_large_image\" \/>\n<meta name=\"twitter:creator\" content=\"@theoxygenproj\" \/>\n<meta name=\"twitter:site\" content=\"@theoxygenproj\" \/>\n<meta name=\"twitter:label1\" content=\"Written by\" \/>\n\t<meta name=\"twitter:data1\" content=\"Pilar R\u00edos\" \/>\n\t<meta name=\"twitter:label2\" content=\"Est. reading time\" \/>\n\t<meta name=\"twitter:data2\" content=\"3 minutes\" \/>\n<script type=\"application\/ld+json\" class=\"yoast-schema-graph\">{\"@context\":\"https:\\\/\\\/schema.org\",\"@graph\":[{\"@type\":\"Article\",\"@id\":\"https:\\\/\\\/www.theoxygenproject.com\\\/es\\\/el-exilio-de-un-defensor-de-los-pueblos-indigenas\\\/#article\",\"isPartOf\":{\"@id\":\"https:\\\/\\\/www.theoxygenproject.com\\\/es\\\/el-exilio-de-un-defensor-de-los-pueblos-indigenas\\\/\"},\"author\":{\"name\":\"Pilar R\u00edos\",\"@id\":\"https:\\\/\\\/www.theoxygenproject.com\\\/es\\\/#\\\/schema\\\/person\\\/fd1d50a727859a9283fdd988aca8d8fb\"},\"headline\":\"EL EXILIO DE UN DEFENSOR DE LOS PUEBLOS IND\u00cdGENAS\",\"datePublished\":\"2022-12-21T16:11:53+00:00\",\"dateModified\":\"2025-02-28T20:58:10+00:00\",\"mainEntityOfPage\":{\"@id\":\"https:\\\/\\\/www.theoxygenproject.com\\\/es\\\/el-exilio-de-un-defensor-de-los-pueblos-indigenas\\\/\"},\"wordCount\":286,\"publisher\":{\"@id\":\"https:\\\/\\\/www.theoxygenproject.com\\\/es\\\/#organization\"},\"image\":{\"@id\":\"https:\\\/\\\/www.theoxygenproject.com\\\/es\\\/el-exilio-de-un-defensor-de-los-pueblos-indigenas\\\/#primaryimage\"},\"thumbnailUrl\":\"https:\\\/\\\/www.theoxygenproject.com\\\/es\\\/wp-content\\\/uploads\\\/2022\\\/12\\\/TOP_DTD_Web_Spanish-04-1.png\",\"articleSection\":[\"Acci\u00f3n Clim\u00e1tica\",\"Defensores\",\"pol\u00edtica\",\"Regeneraci\u00f3n\"],\"inLanguage\":\"en-US\"},{\"@type\":\"WebPage\",\"@id\":\"https:\\\/\\\/www.theoxygenproject.com\\\/es\\\/el-exilio-de-un-defensor-de-los-pueblos-indigenas\\\/\",\"url\":\"https:\\\/\\\/www.theoxygenproject.com\\\/es\\\/el-exilio-de-un-defensor-de-los-pueblos-indigenas\\\/\",\"name\":\"EL EXILIO DE UN DEFENSOR DE LOS PUEBLOS IND\u00cdGENAS - The Oxygen Project\",\"isPartOf\":{\"@id\":\"https:\\\/\\\/www.theoxygenproject.com\\\/es\\\/#website\"},\"primaryImageOfPage\":{\"@id\":\"https:\\\/\\\/www.theoxygenproject.com\\\/es\\\/el-exilio-de-un-defensor-de-los-pueblos-indigenas\\\/#primaryimage\"},\"image\":{\"@id\":\"https:\\\/\\\/www.theoxygenproject.com\\\/es\\\/el-exilio-de-un-defensor-de-los-pueblos-indigenas\\\/#primaryimage\"},\"thumbnailUrl\":\"https:\\\/\\\/www.theoxygenproject.com\\\/es\\\/wp-content\\\/uploads\\\/2022\\\/12\\\/TOP_DTD_Web_Spanish-04-1.png\",\"datePublished\":\"2022-12-21T16:11:53+00:00\",\"dateModified\":\"2025-02-28T20:58:10+00:00\",\"breadcrumb\":{\"@id\":\"https:\\\/\\\/www.theoxygenproject.com\\\/es\\\/el-exilio-de-un-defensor-de-los-pueblos-indigenas\\\/#breadcrumb\"},\"inLanguage\":\"en-US\",\"potentialAction\":[{\"@type\":\"ReadAction\",\"target\":[\"https:\\\/\\\/www.theoxygenproject.com\\\/es\\\/el-exilio-de-un-defensor-de-los-pueblos-indigenas\\\/\"]}]},{\"@type\":\"ImageObject\",\"inLanguage\":\"en-US\",\"@id\":\"https:\\\/\\\/www.theoxygenproject.com\\\/es\\\/el-exilio-de-un-defensor-de-los-pueblos-indigenas\\\/#primaryimage\",\"url\":\"https:\\\/\\\/www.theoxygenproject.com\\\/es\\\/wp-content\\\/uploads\\\/2022\\\/12\\\/TOP_DTD_Web_Spanish-04-1.png\",\"contentUrl\":\"https:\\\/\\\/www.theoxygenproject.com\\\/es\\\/wp-content\\\/uploads\\\/2022\\\/12\\\/TOP_DTD_Web_Spanish-04-1.png\",\"width\":1045,\"height\":664},{\"@type\":\"BreadcrumbList\",\"@id\":\"https:\\\/\\\/www.theoxygenproject.com\\\/es\\\/el-exilio-de-un-defensor-de-los-pueblos-indigenas\\\/#breadcrumb\",\"itemListElement\":[{\"@type\":\"ListItem\",\"position\":1,\"name\":\"Home\",\"item\":\"https:\\\/\\\/www.theoxygenproject.com\\\/es\\\/\"},{\"@type\":\"ListItem\",\"position\":2,\"name\":\"EL EXILIO DE UN DEFENSOR DE LOS PUEBLOS IND\u00cdGENAS\"}]},{\"@type\":\"WebSite\",\"@id\":\"https:\\\/\\\/www.theoxygenproject.com\\\/es\\\/#website\",\"url\":\"https:\\\/\\\/www.theoxygenproject.com\\\/es\\\/\",\"name\":\"The Oxygen Project\",\"description\":\"\",\"publisher\":{\"@id\":\"https:\\\/\\\/www.theoxygenproject.com\\\/es\\\/#organization\"},\"potentialAction\":[{\"@type\":\"SearchAction\",\"target\":{\"@type\":\"EntryPoint\",\"urlTemplate\":\"https:\\\/\\\/www.theoxygenproject.com\\\/es\\\/?s={search_term_string}\"},\"query-input\":{\"@type\":\"PropertyValueSpecification\",\"valueRequired\":true,\"valueName\":\"search_term_string\"}}],\"inLanguage\":\"en-US\"},{\"@type\":\"Organization\",\"@id\":\"https:\\\/\\\/www.theoxygenproject.com\\\/es\\\/#organization\",\"name\":\"The Oxygen Project\",\"url\":\"https:\\\/\\\/www.theoxygenproject.com\\\/es\\\/\",\"logo\":{\"@type\":\"ImageObject\",\"inLanguage\":\"en-US\",\"@id\":\"https:\\\/\\\/www.theoxygenproject.com\\\/es\\\/#\\\/schema\\\/logo\\\/image\\\/\",\"url\":\"https:\\\/\\\/www.theoxygenproject.com\\\/es\\\/wp-content\\\/uploads\\\/2024\\\/05\\\/top-logo-dark.png\",\"contentUrl\":\"https:\\\/\\\/www.theoxygenproject.com\\\/es\\\/wp-content\\\/uploads\\\/2024\\\/05\\\/top-logo-dark.png\",\"width\":384,\"height\":256,\"caption\":\"The Oxygen Project\"},\"image\":{\"@id\":\"https:\\\/\\\/www.theoxygenproject.com\\\/es\\\/#\\\/schema\\\/logo\\\/image\\\/\"},\"sameAs\":[\"https:\\\/\\\/www.facebook.com\\\/theoxygenproj\",\"https:\\\/\\\/x.com\\\/theoxygenproj\"]},{\"@type\":\"Person\",\"@id\":\"https:\\\/\\\/www.theoxygenproject.com\\\/es\\\/#\\\/schema\\\/person\\\/fd1d50a727859a9283fdd988aca8d8fb\",\"name\":\"Pilar R\u00edos\",\"image\":{\"@type\":\"ImageObject\",\"inLanguage\":\"en-US\",\"@id\":\"https:\\\/\\\/secure.gravatar.com\\\/avatar\\\/cb4cf509d6c8cf9193108e3149294241c2397964dbeb5a2a6e6b0a4a4127fc37?s=96&d=mm&r=g\",\"url\":\"https:\\\/\\\/secure.gravatar.com\\\/avatar\\\/cb4cf509d6c8cf9193108e3149294241c2397964dbeb5a2a6e6b0a4a4127fc37?s=96&d=mm&r=g\",\"contentUrl\":\"https:\\\/\\\/secure.gravatar.com\\\/avatar\\\/cb4cf509d6c8cf9193108e3149294241c2397964dbeb5a2a6e6b0a4a4127fc37?s=96&d=mm&r=g\",\"caption\":\"Pilar R\u00edos\"},\"url\":\"https:\\\/\\\/www.theoxygenproject.com\\\/es\\\/author\\\/admin-2\\\/\"}]}<\/script>\n<!-- \/ Yoast SEO plugin. -->","yoast_head_json":{"title":"EL EXILIO DE UN DEFENSOR DE LOS PUEBLOS IND\u00cdGENAS - The Oxygen Project","robots":{"index":"index","follow":"follow","max-snippet":"max-snippet:-1","max-image-preview":"max-image-preview:large","max-video-preview":"max-video-preview:-1"},"canonical":"https:\/\/www.theoxygenproject.com\/es\/el-exilio-de-un-defensor-de-los-pueblos-indigenas\/","og_locale":"en_US","og_type":"article","og_title":"EL EXILIO DE UN DEFENSOR DE LOS PUEBLOS IND\u00cdGENAS - The Oxygen Project","og_description":"Juan Pablo Guti\u00e9rrez tuvo que dejar su tierra natal, Colombia, por ser amenazado por defender los derechos de los pueblos ind\u00edgenas. Lugar donde lamentablemente \u201cSer el segundo pa\u00eds con m\u00e1s...","og_url":"https:\/\/www.theoxygenproject.com\/es\/el-exilio-de-un-defensor-de-los-pueblos-indigenas\/","og_site_name":"The Oxygen Project","article_publisher":"https:\/\/www.facebook.com\/theoxygenproj","article_published_time":"2022-12-21T16:11:53+00:00","article_modified_time":"2025-02-28T20:58:10+00:00","og_image":[{"width":1045,"height":664,"url":"https:\/\/www.theoxygenproject.com\/es\/wp-content\/uploads\/2022\/12\/TOP_DTD_Web_Spanish-04-1.png","type":"image\/png"}],"author":"Pilar R\u00edos","twitter_card":"summary_large_image","twitter_creator":"@theoxygenproj","twitter_site":"@theoxygenproj","twitter_misc":{"Written by":"Pilar R\u00edos","Est. reading time":"3 minutes"},"schema":{"@context":"https:\/\/schema.org","@graph":[{"@type":"Article","@id":"https:\/\/www.theoxygenproject.com\/es\/el-exilio-de-un-defensor-de-los-pueblos-indigenas\/#article","isPartOf":{"@id":"https:\/\/www.theoxygenproject.com\/es\/el-exilio-de-un-defensor-de-los-pueblos-indigenas\/"},"author":{"name":"Pilar R\u00edos","@id":"https:\/\/www.theoxygenproject.com\/es\/#\/schema\/person\/fd1d50a727859a9283fdd988aca8d8fb"},"headline":"EL EXILIO DE UN DEFENSOR DE LOS PUEBLOS IND\u00cdGENAS","datePublished":"2022-12-21T16:11:53+00:00","dateModified":"2025-02-28T20:58:10+00:00","mainEntityOfPage":{"@id":"https:\/\/www.theoxygenproject.com\/es\/el-exilio-de-un-defensor-de-los-pueblos-indigenas\/"},"wordCount":286,"publisher":{"@id":"https:\/\/www.theoxygenproject.com\/es\/#organization"},"image":{"@id":"https:\/\/www.theoxygenproject.com\/es\/el-exilio-de-un-defensor-de-los-pueblos-indigenas\/#primaryimage"},"thumbnailUrl":"https:\/\/www.theoxygenproject.com\/es\/wp-content\/uploads\/2022\/12\/TOP_DTD_Web_Spanish-04-1.png","articleSection":["Acci\u00f3n Clim\u00e1tica","Defensores","pol\u00edtica","Regeneraci\u00f3n"],"inLanguage":"en-US"},{"@type":"WebPage","@id":"https:\/\/www.theoxygenproject.com\/es\/el-exilio-de-un-defensor-de-los-pueblos-indigenas\/","url":"https:\/\/www.theoxygenproject.com\/es\/el-exilio-de-un-defensor-de-los-pueblos-indigenas\/","name":"EL EXILIO DE UN DEFENSOR DE LOS PUEBLOS IND\u00cdGENAS - The Oxygen Project","isPartOf":{"@id":"https:\/\/www.theoxygenproject.com\/es\/#website"},"primaryImageOfPage":{"@id":"https:\/\/www.theoxygenproject.com\/es\/el-exilio-de-un-defensor-de-los-pueblos-indigenas\/#primaryimage"},"image":{"@id":"https:\/\/www.theoxygenproject.com\/es\/el-exilio-de-un-defensor-de-los-pueblos-indigenas\/#primaryimage"},"thumbnailUrl":"https:\/\/www.theoxygenproject.com\/es\/wp-content\/uploads\/2022\/12\/TOP_DTD_Web_Spanish-04-1.png","datePublished":"2022-12-21T16:11:53+00:00","dateModified":"2025-02-28T20:58:10+00:00","breadcrumb":{"@id":"https:\/\/www.theoxygenproject.com\/es\/el-exilio-de-un-defensor-de-los-pueblos-indigenas\/#breadcrumb"},"inLanguage":"en-US","potentialAction":[{"@type":"ReadAction","target":["https:\/\/www.theoxygenproject.com\/es\/el-exilio-de-un-defensor-de-los-pueblos-indigenas\/"]}]},{"@type":"ImageObject","inLanguage":"en-US","@id":"https:\/\/www.theoxygenproject.com\/es\/el-exilio-de-un-defensor-de-los-pueblos-indigenas\/#primaryimage","url":"https:\/\/www.theoxygenproject.com\/es\/wp-content\/uploads\/2022\/12\/TOP_DTD_Web_Spanish-04-1.png","contentUrl":"https:\/\/www.theoxygenproject.com\/es\/wp-content\/uploads\/2022\/12\/TOP_DTD_Web_Spanish-04-1.png","width":1045,"height":664},{"@type":"BreadcrumbList","@id":"https:\/\/www.theoxygenproject.com\/es\/el-exilio-de-un-defensor-de-los-pueblos-indigenas\/#breadcrumb","itemListElement":[{"@type":"ListItem","position":1,"name":"Home","item":"https:\/\/www.theoxygenproject.com\/es\/"},{"@type":"ListItem","position":2,"name":"EL EXILIO DE UN DEFENSOR DE LOS PUEBLOS IND\u00cdGENAS"}]},{"@type":"WebSite","@id":"https:\/\/www.theoxygenproject.com\/es\/#website","url":"https:\/\/www.theoxygenproject.com\/es\/","name":"The Oxygen Project","description":"","publisher":{"@id":"https:\/\/www.theoxygenproject.com\/es\/#organization"},"potentialAction":[{"@type":"SearchAction","target":{"@type":"EntryPoint","urlTemplate":"https:\/\/www.theoxygenproject.com\/es\/?s={search_term_string}"},"query-input":{"@type":"PropertyValueSpecification","valueRequired":true,"valueName":"search_term_string"}}],"inLanguage":"en-US"},{"@type":"Organization","@id":"https:\/\/www.theoxygenproject.com\/es\/#organization","name":"The Oxygen Project","url":"https:\/\/www.theoxygenproject.com\/es\/","logo":{"@type":"ImageObject","inLanguage":"en-US","@id":"https:\/\/www.theoxygenproject.com\/es\/#\/schema\/logo\/image\/","url":"https:\/\/www.theoxygenproject.com\/es\/wp-content\/uploads\/2024\/05\/top-logo-dark.png","contentUrl":"https:\/\/www.theoxygenproject.com\/es\/wp-content\/uploads\/2024\/05\/top-logo-dark.png","width":384,"height":256,"caption":"The Oxygen Project"},"image":{"@id":"https:\/\/www.theoxygenproject.com\/es\/#\/schema\/logo\/image\/"},"sameAs":["https:\/\/www.facebook.com\/theoxygenproj","https:\/\/x.com\/theoxygenproj"]},{"@type":"Person","@id":"https:\/\/www.theoxygenproject.com\/es\/#\/schema\/person\/fd1d50a727859a9283fdd988aca8d8fb","name":"Pilar R\u00edos","image":{"@type":"ImageObject","inLanguage":"en-US","@id":"https:\/\/secure.gravatar.com\/avatar\/cb4cf509d6c8cf9193108e3149294241c2397964dbeb5a2a6e6b0a4a4127fc37?s=96&d=mm&r=g","url":"https:\/\/secure.gravatar.com\/avatar\/cb4cf509d6c8cf9193108e3149294241c2397964dbeb5a2a6e6b0a4a4127fc37?s=96&d=mm&r=g","contentUrl":"https:\/\/secure.gravatar.com\/avatar\/cb4cf509d6c8cf9193108e3149294241c2397964dbeb5a2a6e6b0a4a4127fc37?s=96&d=mm&r=g","caption":"Pilar R\u00edos"},"url":"https:\/\/www.theoxygenproject.com\/es\/author\/admin-2\/"}]}},"_links":{"self":[{"href":"https:\/\/www.theoxygenproject.com\/es\/wp-json\/wp\/v2\/posts\/1761","targetHints":{"allow":["GET"]}}],"collection":[{"href":"https:\/\/www.theoxygenproject.com\/es\/wp-json\/wp\/v2\/posts"}],"about":[{"href":"https:\/\/www.theoxygenproject.com\/es\/wp-json\/wp\/v2\/types\/post"}],"author":[{"embeddable":true,"href":"https:\/\/www.theoxygenproject.com\/es\/wp-json\/wp\/v2\/users\/3"}],"replies":[{"embeddable":true,"href":"https:\/\/www.theoxygenproject.com\/es\/wp-json\/wp\/v2\/comments?post=1761"}],"version-history":[{"count":2,"href":"https:\/\/www.theoxygenproject.com\/es\/wp-json\/wp\/v2\/posts\/1761\/revisions"}],"predecessor-version":[{"id":2169,"href":"https:\/\/www.theoxygenproject.com\/es\/wp-json\/wp\/v2\/posts\/1761\/revisions\/2169"}],"wp:featuredmedia":[{"embeddable":true,"href":"https:\/\/www.theoxygenproject.com\/es\/wp-json\/wp\/v2\/media\/1765"}],"wp:attachment":[{"href":"https:\/\/www.theoxygenproject.com\/es\/wp-json\/wp\/v2\/media?parent=1761"}],"wp:term":[{"taxonomy":"category","embeddable":true,"href":"https:\/\/www.theoxygenproject.com\/es\/wp-json\/wp\/v2\/categories?post=1761"},{"taxonomy":"post_tag","embeddable":true,"href":"https:\/\/www.theoxygenproject.com\/es\/wp-json\/wp\/v2\/tags?post=1761"}],"curies":[{"name":"wp","href":"https:\/\/api.w.org\/{rel}","templated":true}]}}