{"id":1723,"date":"2022-11-11T15:15:23","date_gmt":"2022-11-11T12:15:23","guid":{"rendered":"https:\/\/www.theoxygenproject.com\/es\/?p=1723"},"modified":"2022-11-11T15:15:23","modified_gmt":"2022-11-11T12:15:23","slug":"se-multiplican-las-voces-a-favor-de-una-pausa-precautoria-a-la-mineria-submarina","status":"publish","type":"post","link":"https:\/\/www.theoxygenproject.com\/es\/se-multiplican-las-voces-a-favor-de-una-pausa-precautoria-a-la-mineria-submarina\/","title":{"rendered":"SE MULTIPLICAN LAS VOCES A FAVOR DE UNA \u201cPAUSA PRECAUTORIA\u201d A LA MINER\u00cdA SUBMARINA"},"content":{"rendered":"<p><span style=\"font-weight: 400;\">Fuente comunicado <\/span><a href=\"https:\/\/www.savethehighseas.org\/isa-tracker\/2022\/11\/02\/comunicado-de-prensa-se-multiplican-las-voces-a-favor-de-una-pausa-precautoria-a-la-mineria-submarina\/?utm_source=rss&amp;utm_medium=rss&amp;utm_campaign=comunicado-de-prensa-se-multiplican-las-voces-a-favor-de-una-pausa-precautoria-a-la-mineria-submarina\"><span style=\"font-weight: 400;\">Ecologistas en Acci\u00f3n- Madrid\/Kingston<\/span><\/a><\/p>\n<p><span style=\"font-weight: 400;\">Alemania, Costa Rica y Panam\u00e1 dicen no a la Miner\u00eda Submarina en la reuni\u00f3n del Consejo de la Autoridad Internacional de los Fondos Marinos que se inaugur\u00f3 el 31 de octubre en Kingston, Jamaica. La reuni\u00f3n internacional se produce en un momento cr\u00edtico, en el que varios Estados pretenden forzar que se autorice el inicio de la explotaci\u00f3n en 2023.<\/span><\/p>\n<p><span style=\"font-weight: 400;\">En la sesi\u00f3n inaugural, varios estados se han sumado al llamamiento para establecer una \u201cpausa precautoria\u201d que ponga freno al avance de la miner\u00eda submarina y la destrucci\u00f3n del oc\u00e9ano profundo que causar\u00eda un da\u00f1o irreversible. Organizaciones medioambientales tales como <\/span><a href=\"https:\/\/www.theoxygenproject.com\/es\/\"><span style=\"font-weight: 400;\">The Oxygen Project<\/span><\/a><span style=\"font-weight: 400;\">, <\/span><a href=\"https:\/\/only.one\/\"><span style=\"font-weight: 400;\">Only One<\/span><\/a><span style=\"font-weight: 400;\">, <\/span><a href=\"https:\/\/www.soalliance.org\/\"><span style=\"font-weight: 400;\">Sustainable Ocean Alliance<\/span><\/a><span style=\"font-weight: 400;\">, <\/span><a href=\"http:\/\/www.savethehighseas.org\"><b>Deep Sea Conservation Coalition<\/b><\/a><span style=\"font-weight: 400;\">, <\/span><a href=\"https:\/\/www.ecologistasenaccion.org\/\"><span style=\"font-weight: 400;\">Ecologistas en Acci\u00f3n <\/span><\/a><span style=\"font-weight: 400;\">\u00a0demandan parar el pr\u00f3ximo desastre clim\u00e1tico.<\/span><\/p>\n<p><b>Ola de buenas noticias\u00a0<\/b><\/p>\n<p><span style=\"font-weight: 400;\">En una ola de buenas noticias, el presidente\u00a0 franc\u00e9s, Emmanuel Macron, declar\u00f3, que Francia apoya plenamente la prohibici\u00f3n de la miner\u00eda en aguas profundas. Afirmaci\u00f3n que pronunci\u00f3 en Egipto en la COP27.<\/span><img loading=\"lazy\" decoding=\"async\" src=\"https:\/\/www.theoxygenproject.com\/es\/wp-content\/uploads\/2022\/11\/11-Nov_TOP_BLOG_DSM-02.jpg\" alt=\"\" width=\"1250\" height=\"626\" class=\"aligncenter size-full wp-image-1724\" srcset=\"https:\/\/www.theoxygenproject.com\/es\/wp-content\/uploads\/2022\/11\/11-Nov_TOP_BLOG_DSM-02.jpg 1250w, https:\/\/www.theoxygenproject.com\/es\/wp-content\/uploads\/2022\/11\/11-Nov_TOP_BLOG_DSM-02-300x150.jpg 300w, https:\/\/www.theoxygenproject.com\/es\/wp-content\/uploads\/2022\/11\/11-Nov_TOP_BLOG_DSM-02-1024x513.jpg 1024w, https:\/\/www.theoxygenproject.com\/es\/wp-content\/uploads\/2022\/11\/11-Nov_TOP_BLOG_DSM-02-768x385.jpg 768w\" sizes=\"auto, (max-width: 1250px) 100vw, 1250px\" \/><span style=\"font-weight: 400;\">Se alarga as\u00ed el n\u00famero de pa\u00edses que se han pronunciado en este sentido, que incluye tambi\u00e9n a Chile, Ecuador, Fiyi, Palao, Samoa y Espa\u00f1a. En dos semanas se han sumado Alemania, Costa Rica, Panam\u00e1 y Francia, mientras que Nueva Zelanda se mostr\u00f3 partidaria de una moratoria.\u00a0<\/span><\/p>\n<p><span style=\"font-weight: 400;\">La Ministra de Relaciones Exteriores de Nueva Zelanda Nanaia Mahuta coment\u00f3 \u201cLa miner\u00eda submarina causar\u00eda da\u00f1os irreversibles a este medioambiente, con impactos significativos en la biodiversidad. Para entender el impacto\u00a0 sobre el mar profundo, necesitamos m\u00e1s pruebas\u201d <\/span><img loading=\"lazy\" decoding=\"async\" src=\"https:\/\/www.theoxygenproject.com\/es\/wp-content\/uploads\/2022\/11\/11-Nov_TOP_BLOG_DSM-03.jpg\" alt=\"\" width=\"1250\" height=\"626\" class=\"aligncenter size-full wp-image-1725\" srcset=\"https:\/\/www.theoxygenproject.com\/es\/wp-content\/uploads\/2022\/11\/11-Nov_TOP_BLOG_DSM-03.jpg 1250w, https:\/\/www.theoxygenproject.com\/es\/wp-content\/uploads\/2022\/11\/11-Nov_TOP_BLOG_DSM-03-300x150.jpg 300w, https:\/\/www.theoxygenproject.com\/es\/wp-content\/uploads\/2022\/11\/11-Nov_TOP_BLOG_DSM-03-1024x513.jpg 1024w, https:\/\/www.theoxygenproject.com\/es\/wp-content\/uploads\/2022\/11\/11-Nov_TOP_BLOG_DSM-03-768x385.jpg 768w\" sizes=\"auto, (max-width: 1250px) 100vw, 1250px\" \/><b>Consecuencias de la Miner\u00eda submarina<\/b><\/p>\n<p><span style=\"font-weight: 400;\">La miner\u00eda submarina tendr\u00eda devastadoras consecuencias para los ecosistemas marinos y la capacidad de captura de carbono que tienen los oc\u00e9anos, demandando al Gobierno que predique con el ejemplo y se adopte una prohibici\u00f3n de la miner\u00eda en aguas bajo jurisdicci\u00f3n nacional.<\/span><\/p>\n<p><span style=\"font-weight: 400;\">El inicio de la miner\u00eda submarina, alertan desde la organizaci\u00f3n ecologista, tendr\u00eda consecuencias devastadoras para los ecosistemas marinos, la capacidad de captura de carbono de los oc\u00e9anos y la biodiversidad de toda la columna de agua, incluidas las poblaciones de peces que forman parte de la alimentaci\u00f3n humana. Por eso consideran que una moratoria o pausa precautoria puede impedir el avance de una explotaci\u00f3n submarina que no tendr\u00eda en cuenta la magnitud de los impactos y las propias carencias de la Autoridad Internacional como organismo responsable de regular esta actividad y, al mismo tiempo, proteger los fondos marinos.<\/span><img loading=\"lazy\" decoding=\"async\" src=\"https:\/\/www.theoxygenproject.com\/es\/wp-content\/uploads\/2022\/11\/11-Nov_TOP_BLOG_DSM-04.jpg\" alt=\"\" width=\"1250\" height=\"626\" class=\"aligncenter size-full wp-image-1726\" srcset=\"https:\/\/www.theoxygenproject.com\/es\/wp-content\/uploads\/2022\/11\/11-Nov_TOP_BLOG_DSM-04.jpg 1250w, https:\/\/www.theoxygenproject.com\/es\/wp-content\/uploads\/2022\/11\/11-Nov_TOP_BLOG_DSM-04-300x150.jpg 300w, https:\/\/www.theoxygenproject.com\/es\/wp-content\/uploads\/2022\/11\/11-Nov_TOP_BLOG_DSM-04-1024x513.jpg 1024w, https:\/\/www.theoxygenproject.com\/es\/wp-content\/uploads\/2022\/11\/11-Nov_TOP_BLOG_DSM-04-768x385.jpg 768w\" sizes=\"auto, (max-width: 1250px) 100vw, 1250px\" \/><span style=\"font-weight: 400;\">Numerosos organismos y entidades han alertado sobre los impactos conocidos o probables de la miner\u00eda submarina, al igual que la comunidad cient\u00edfica y algunas de las mayores empresas del sector de la tecnolog\u00eda y la automoci\u00f3n, que han suscrito una llamada conjunta para una moratoria sobre la miner\u00eda de aguas profundas comprometi\u00e9ndose a no obtener ning\u00fan recurso minero del lecho marino.\u00a0<\/span><\/p>\n<p><span style=\"font-weight: 400;\">No podemos dejar pasar este momento, del que t\u00fa tambi\u00e9n puedes ser parte. Por eso te pedimos que <\/span><b>compartas la carta global contra la miner\u00eda en aguas profundas <\/b><span style=\"font-weight: 400;\">con toda tu red, para ayudar a mantener esta ola de buenas noticias y sumar firmas a la petici\u00f3n.<\/span><\/p>\n<p>Firma la petici\u00f3n haciendo clic en la imagen \ud83d\udc47<a href=\"https:\/\/only.one\/act\/mining?l=es\"><img loading=\"lazy\" decoding=\"async\" src=\"https:\/\/www.theoxygenproject.com\/es\/wp-content\/uploads\/2022\/11\/11-Nov_TOP_BLOG_DSM-05.jpg\" alt=\"\" width=\"1250\" height=\"626\" class=\"aligncenter size-full wp-image-1727\" srcset=\"https:\/\/www.theoxygenproject.com\/es\/wp-content\/uploads\/2022\/11\/11-Nov_TOP_BLOG_DSM-05.jpg 1250w, https:\/\/www.theoxygenproject.com\/es\/wp-content\/uploads\/2022\/11\/11-Nov_TOP_BLOG_DSM-05-300x150.jpg 300w, https:\/\/www.theoxygenproject.com\/es\/wp-content\/uploads\/2022\/11\/11-Nov_TOP_BLOG_DSM-05-1024x513.jpg 1024w, https:\/\/www.theoxygenproject.com\/es\/wp-content\/uploads\/2022\/11\/11-Nov_TOP_BLOG_DSM-05-768x385.jpg 768w\" sizes=\"auto, (max-width: 1250px) 100vw, 1250px\" \/><\/a><\/p>\n<p>&nbsp;<\/p>\n","protected":false},"excerpt":{"rendered":"<p>Fuente comunicado Ecologistas en Acci\u00f3n- Madrid\/Kingston Alemania, Costa Rica y Panam\u00e1 dicen no a la Miner\u00eda Submarina en la reuni\u00f3n del Consejo de la Autoridad Internacional de los Fondos Marinos&#8230;<\/p>\n","protected":false},"author":3,"featured_media":1728,"comment_status":"closed","ping_status":"closed","sticky":false,"template":"","format":"standard","meta":{"_mo_disable_npp":"","footnotes":""},"categories":[3,10,5,7,4,8,11,6,9],"tags":[],"class_list":["post-1723","post","type-post","status-publish","format-standard","has-post-thumbnail","hentry","category-accion-climatica","category-agua","category-cambio-climatico","category-fondo-marino","category-voces","category-fauna-silvestre","category-politica","category-land","category-solutions"],"yoast_head":"<!-- This site is optimized with the Yoast SEO plugin v28.3 - https:\/\/yoast.com\/product\/yoast-seo-wordpress\/ -->\n<title>SE MULTIPLICAN LAS VOCES A FAVOR DE UNA \u201cPAUSA PRECAUTORIA\u201d A LA MINER\u00cdA SUBMARINA - The Oxygen Project<\/title>\n<meta name=\"robots\" content=\"index, follow, max-snippet:-1, max-image-preview:large, max-video-preview:-1\" \/>\n<link rel=\"canonical\" href=\"https:\/\/www.theoxygenproject.com\/es\/se-multiplican-las-voces-a-favor-de-una-pausa-precautoria-a-la-mineria-submarina\/\" \/>\n<meta property=\"og:locale\" content=\"en_US\" \/>\n<meta property=\"og:type\" content=\"article\" \/>\n<meta property=\"og:title\" content=\"SE MULTIPLICAN LAS VOCES A FAVOR DE UNA \u201cPAUSA PRECAUTORIA\u201d A LA MINER\u00cdA SUBMARINA - The Oxygen Project\" \/>\n<meta property=\"og:description\" content=\"Fuente comunicado Ecologistas en Acci\u00f3n- Madrid\/Kingston Alemania, Costa Rica y Panam\u00e1 dicen no a la Miner\u00eda Submarina en la reuni\u00f3n del Consejo de la Autoridad Internacional de los Fondos Marinos...\" \/>\n<meta property=\"og:url\" content=\"https:\/\/www.theoxygenproject.com\/es\/se-multiplican-las-voces-a-favor-de-una-pausa-precautoria-a-la-mineria-submarina\/\" \/>\n<meta property=\"og:site_name\" content=\"The Oxygen Project\" \/>\n<meta property=\"article:publisher\" content=\"https:\/\/www.facebook.com\/theoxygenproj\" \/>\n<meta property=\"article:published_time\" content=\"2022-11-11T12:15:23+00:00\" \/>\n<meta name=\"author\" content=\"Pilar R\u00edos\" \/>\n<meta name=\"twitter:card\" content=\"summary_large_image\" \/>\n<meta name=\"twitter:creator\" content=\"@theoxygenproj\" \/>\n<meta name=\"twitter:site\" content=\"@theoxygenproj\" \/>\n<meta name=\"twitter:label1\" content=\"Written by\" \/>\n\t<meta name=\"twitter:data1\" content=\"Pilar R\u00edos\" \/>\n<script type=\"application\/ld+json\" class=\"yoast-schema-graph\">{\"@context\":\"https:\\\/\\\/schema.org\",\"@graph\":[{\"@type\":\"Article\",\"@id\":\"https:\\\/\\\/www.theoxygenproject.com\\\/es\\\/se-multiplican-las-voces-a-favor-de-una-pausa-precautoria-a-la-mineria-submarina\\\/#article\",\"isPartOf\":{\"@id\":\"https:\\\/\\\/www.theoxygenproject.com\\\/es\\\/se-multiplican-las-voces-a-favor-de-una-pausa-precautoria-a-la-mineria-submarina\\\/\"},\"author\":{\"name\":\"Pilar R\u00edos\",\"@id\":\"https:\\\/\\\/www.theoxygenproject.com\\\/es\\\/#\\\/schema\\\/person\\\/fd1d50a727859a9283fdd988aca8d8fb\"},\"headline\":\"SE MULTIPLICAN LAS VOCES A FAVOR DE UNA \u201cPAUSA PRECAUTORIA\u201d A LA MINER\u00cdA SUBMARINA\",\"datePublished\":\"2022-11-11T12:15:23+00:00\",\"mainEntityOfPage\":{\"@id\":\"https:\\\/\\\/www.theoxygenproject.com\\\/es\\\/se-multiplican-las-voces-a-favor-de-una-pausa-precautoria-a-la-mineria-submarina\\\/\"},\"wordCount\":575,\"publisher\":{\"@id\":\"https:\\\/\\\/www.theoxygenproject.com\\\/es\\\/#organization\"},\"image\":{\"@id\":\"https:\\\/\\\/www.theoxygenproject.com\\\/es\\\/se-multiplican-las-voces-a-favor-de-una-pausa-precautoria-a-la-mineria-submarina\\\/#primaryimage\"},\"thumbnailUrl\":\"https:\\\/\\\/www.theoxygenproject.com\\\/es\\\/wp-content\\\/uploads\\\/2022\\\/11\\\/11-Nov_TOP_BLOG_DSM-01-e1668121724637.jpg\",\"articleSection\":[\"Acci\u00f3n Clim\u00e1tica\",\"Agua\",\"Cambio clim\u00e1tico\",\"Defend The Deep\",\"Defensores\",\"Fauna silvestre\",\"pol\u00edtica\",\"Regeneraci\u00f3n\",\"Soluciones\"],\"inLanguage\":\"en-US\"},{\"@type\":\"WebPage\",\"@id\":\"https:\\\/\\\/www.theoxygenproject.com\\\/es\\\/se-multiplican-las-voces-a-favor-de-una-pausa-precautoria-a-la-mineria-submarina\\\/\",\"url\":\"https:\\\/\\\/www.theoxygenproject.com\\\/es\\\/se-multiplican-las-voces-a-favor-de-una-pausa-precautoria-a-la-mineria-submarina\\\/\",\"name\":\"SE MULTIPLICAN LAS VOCES A FAVOR DE UNA \u201cPAUSA PRECAUTORIA\u201d A LA MINER\u00cdA SUBMARINA - The Oxygen Project\",\"isPartOf\":{\"@id\":\"https:\\\/\\\/www.theoxygenproject.com\\\/es\\\/#website\"},\"primaryImageOfPage\":{\"@id\":\"https:\\\/\\\/www.theoxygenproject.com\\\/es\\\/se-multiplican-las-voces-a-favor-de-una-pausa-precautoria-a-la-mineria-submarina\\\/#primaryimage\"},\"image\":{\"@id\":\"https:\\\/\\\/www.theoxygenproject.com\\\/es\\\/se-multiplican-las-voces-a-favor-de-una-pausa-precautoria-a-la-mineria-submarina\\\/#primaryimage\"},\"thumbnailUrl\":\"https:\\\/\\\/www.theoxygenproject.com\\\/es\\\/wp-content\\\/uploads\\\/2022\\\/11\\\/11-Nov_TOP_BLOG_DSM-01-e1668121724637.jpg\",\"datePublished\":\"2022-11-11T12:15:23+00:00\",\"breadcrumb\":{\"@id\":\"https:\\\/\\\/www.theoxygenproject.com\\\/es\\\/se-multiplican-las-voces-a-favor-de-una-pausa-precautoria-a-la-mineria-submarina\\\/#breadcrumb\"},\"inLanguage\":\"en-US\",\"potentialAction\":[{\"@type\":\"ReadAction\",\"target\":[\"https:\\\/\\\/www.theoxygenproject.com\\\/es\\\/se-multiplican-las-voces-a-favor-de-una-pausa-precautoria-a-la-mineria-submarina\\\/\"]}]},{\"@type\":\"ImageObject\",\"inLanguage\":\"en-US\",\"@id\":\"https:\\\/\\\/www.theoxygenproject.com\\\/es\\\/se-multiplican-las-voces-a-favor-de-una-pausa-precautoria-a-la-mineria-submarina\\\/#primaryimage\",\"url\":\"https:\\\/\\\/www.theoxygenproject.com\\\/es\\\/wp-content\\\/uploads\\\/2022\\\/11\\\/11-Nov_TOP_BLOG_DSM-01-e1668121724637.jpg\",\"contentUrl\":\"https:\\\/\\\/www.theoxygenproject.com\\\/es\\\/wp-content\\\/uploads\\\/2022\\\/11\\\/11-Nov_TOP_BLOG_DSM-01-e1668121724637.jpg\",\"width\":600,\"height\":300},{\"@type\":\"BreadcrumbList\",\"@id\":\"https:\\\/\\\/www.theoxygenproject.com\\\/es\\\/se-multiplican-las-voces-a-favor-de-una-pausa-precautoria-a-la-mineria-submarina\\\/#breadcrumb\",\"itemListElement\":[{\"@type\":\"ListItem\",\"position\":1,\"name\":\"Home\",\"item\":\"https:\\\/\\\/www.theoxygenproject.com\\\/es\\\/\"},{\"@type\":\"ListItem\",\"position\":2,\"name\":\"SE MULTIPLICAN LAS VOCES A FAVOR DE UNA \u201cPAUSA PRECAUTORIA\u201d A LA MINER\u00cdA SUBMARINA\"}]},{\"@type\":\"WebSite\",\"@id\":\"https:\\\/\\\/www.theoxygenproject.com\\\/es\\\/#website\",\"url\":\"https:\\\/\\\/www.theoxygenproject.com\\\/es\\\/\",\"name\":\"The Oxygen Project\",\"description\":\"\",\"publisher\":{\"@id\":\"https:\\\/\\\/www.theoxygenproject.com\\\/es\\\/#organization\"},\"potentialAction\":[{\"@type\":\"SearchAction\",\"target\":{\"@type\":\"EntryPoint\",\"urlTemplate\":\"https:\\\/\\\/www.theoxygenproject.com\\\/es\\\/?s={search_term_string}\"},\"query-input\":{\"@type\":\"PropertyValueSpecification\",\"valueRequired\":true,\"valueName\":\"search_term_string\"}}],\"inLanguage\":\"en-US\"},{\"@type\":\"Organization\",\"@id\":\"https:\\\/\\\/www.theoxygenproject.com\\\/es\\\/#organization\",\"name\":\"The Oxygen Project\",\"url\":\"https:\\\/\\\/www.theoxygenproject.com\\\/es\\\/\",\"logo\":{\"@type\":\"ImageObject\",\"inLanguage\":\"en-US\",\"@id\":\"https:\\\/\\\/www.theoxygenproject.com\\\/es\\\/#\\\/schema\\\/logo\\\/image\\\/\",\"url\":\"https:\\\/\\\/www.theoxygenproject.com\\\/es\\\/wp-content\\\/uploads\\\/2024\\\/05\\\/top-logo-dark.png\",\"contentUrl\":\"https:\\\/\\\/www.theoxygenproject.com\\\/es\\\/wp-content\\\/uploads\\\/2024\\\/05\\\/top-logo-dark.png\",\"width\":384,\"height\":256,\"caption\":\"The Oxygen Project\"},\"image\":{\"@id\":\"https:\\\/\\\/www.theoxygenproject.com\\\/es\\\/#\\\/schema\\\/logo\\\/image\\\/\"},\"sameAs\":[\"https:\\\/\\\/www.facebook.com\\\/theoxygenproj\",\"https:\\\/\\\/x.com\\\/theoxygenproj\"]},{\"@type\":\"Person\",\"@id\":\"https:\\\/\\\/www.theoxygenproject.com\\\/es\\\/#\\\/schema\\\/person\\\/fd1d50a727859a9283fdd988aca8d8fb\",\"name\":\"Pilar R\u00edos\",\"image\":{\"@type\":\"ImageObject\",\"inLanguage\":\"en-US\",\"@id\":\"https:\\\/\\\/secure.gravatar.com\\\/avatar\\\/cb4cf509d6c8cf9193108e3149294241c2397964dbeb5a2a6e6b0a4a4127fc37?s=96&d=mm&r=g\",\"url\":\"https:\\\/\\\/secure.gravatar.com\\\/avatar\\\/cb4cf509d6c8cf9193108e3149294241c2397964dbeb5a2a6e6b0a4a4127fc37?s=96&d=mm&r=g\",\"contentUrl\":\"https:\\\/\\\/secure.gravatar.com\\\/avatar\\\/cb4cf509d6c8cf9193108e3149294241c2397964dbeb5a2a6e6b0a4a4127fc37?s=96&d=mm&r=g\",\"caption\":\"Pilar R\u00edos\"},\"url\":\"https:\\\/\\\/www.theoxygenproject.com\\\/es\\\/author\\\/admin-2\\\/\"}]}<\/script>\n<!-- \/ Yoast SEO plugin. -->","yoast_head_json":{"title":"SE MULTIPLICAN LAS VOCES A FAVOR DE UNA \u201cPAUSA PRECAUTORIA\u201d A LA MINER\u00cdA SUBMARINA - The Oxygen Project","robots":{"index":"index","follow":"follow","max-snippet":"max-snippet:-1","max-image-preview":"max-image-preview:large","max-video-preview":"max-video-preview:-1"},"canonical":"https:\/\/www.theoxygenproject.com\/es\/se-multiplican-las-voces-a-favor-de-una-pausa-precautoria-a-la-mineria-submarina\/","og_locale":"en_US","og_type":"article","og_title":"SE MULTIPLICAN LAS VOCES A FAVOR DE UNA \u201cPAUSA PRECAUTORIA\u201d A LA MINER\u00cdA SUBMARINA - The Oxygen Project","og_description":"Fuente comunicado Ecologistas en Acci\u00f3n- Madrid\/Kingston Alemania, Costa Rica y Panam\u00e1 dicen no a la Miner\u00eda Submarina en la reuni\u00f3n del Consejo de la Autoridad Internacional de los Fondos Marinos...","og_url":"https:\/\/www.theoxygenproject.com\/es\/se-multiplican-las-voces-a-favor-de-una-pausa-precautoria-a-la-mineria-submarina\/","og_site_name":"The Oxygen Project","article_publisher":"https:\/\/www.facebook.com\/theoxygenproj","article_published_time":"2022-11-11T12:15:23+00:00","author":"Pilar R\u00edos","twitter_card":"summary_large_image","twitter_creator":"@theoxygenproj","twitter_site":"@theoxygenproj","twitter_misc":{"Written by":"Pilar R\u00edos"},"schema":{"@context":"https:\/\/schema.org","@graph":[{"@type":"Article","@id":"https:\/\/www.theoxygenproject.com\/es\/se-multiplican-las-voces-a-favor-de-una-pausa-precautoria-a-la-mineria-submarina\/#article","isPartOf":{"@id":"https:\/\/www.theoxygenproject.com\/es\/se-multiplican-las-voces-a-favor-de-una-pausa-precautoria-a-la-mineria-submarina\/"},"author":{"name":"Pilar R\u00edos","@id":"https:\/\/www.theoxygenproject.com\/es\/#\/schema\/person\/fd1d50a727859a9283fdd988aca8d8fb"},"headline":"SE MULTIPLICAN LAS VOCES A FAVOR DE UNA \u201cPAUSA PRECAUTORIA\u201d A LA MINER\u00cdA SUBMARINA","datePublished":"2022-11-11T12:15:23+00:00","mainEntityOfPage":{"@id":"https:\/\/www.theoxygenproject.com\/es\/se-multiplican-las-voces-a-favor-de-una-pausa-precautoria-a-la-mineria-submarina\/"},"wordCount":575,"publisher":{"@id":"https:\/\/www.theoxygenproject.com\/es\/#organization"},"image":{"@id":"https:\/\/www.theoxygenproject.com\/es\/se-multiplican-las-voces-a-favor-de-una-pausa-precautoria-a-la-mineria-submarina\/#primaryimage"},"thumbnailUrl":"https:\/\/www.theoxygenproject.com\/es\/wp-content\/uploads\/2022\/11\/11-Nov_TOP_BLOG_DSM-01-e1668121724637.jpg","articleSection":["Acci\u00f3n Clim\u00e1tica","Agua","Cambio clim\u00e1tico","Defend The Deep","Defensores","Fauna silvestre","pol\u00edtica","Regeneraci\u00f3n","Soluciones"],"inLanguage":"en-US"},{"@type":"WebPage","@id":"https:\/\/www.theoxygenproject.com\/es\/se-multiplican-las-voces-a-favor-de-una-pausa-precautoria-a-la-mineria-submarina\/","url":"https:\/\/www.theoxygenproject.com\/es\/se-multiplican-las-voces-a-favor-de-una-pausa-precautoria-a-la-mineria-submarina\/","name":"SE MULTIPLICAN LAS VOCES A FAVOR DE UNA \u201cPAUSA PRECAUTORIA\u201d A LA MINER\u00cdA SUBMARINA - The Oxygen Project","isPartOf":{"@id":"https:\/\/www.theoxygenproject.com\/es\/#website"},"primaryImageOfPage":{"@id":"https:\/\/www.theoxygenproject.com\/es\/se-multiplican-las-voces-a-favor-de-una-pausa-precautoria-a-la-mineria-submarina\/#primaryimage"},"image":{"@id":"https:\/\/www.theoxygenproject.com\/es\/se-multiplican-las-voces-a-favor-de-una-pausa-precautoria-a-la-mineria-submarina\/#primaryimage"},"thumbnailUrl":"https:\/\/www.theoxygenproject.com\/es\/wp-content\/uploads\/2022\/11\/11-Nov_TOP_BLOG_DSM-01-e1668121724637.jpg","datePublished":"2022-11-11T12:15:23+00:00","breadcrumb":{"@id":"https:\/\/www.theoxygenproject.com\/es\/se-multiplican-las-voces-a-favor-de-una-pausa-precautoria-a-la-mineria-submarina\/#breadcrumb"},"inLanguage":"en-US","potentialAction":[{"@type":"ReadAction","target":["https:\/\/www.theoxygenproject.com\/es\/se-multiplican-las-voces-a-favor-de-una-pausa-precautoria-a-la-mineria-submarina\/"]}]},{"@type":"ImageObject","inLanguage":"en-US","@id":"https:\/\/www.theoxygenproject.com\/es\/se-multiplican-las-voces-a-favor-de-una-pausa-precautoria-a-la-mineria-submarina\/#primaryimage","url":"https:\/\/www.theoxygenproject.com\/es\/wp-content\/uploads\/2022\/11\/11-Nov_TOP_BLOG_DSM-01-e1668121724637.jpg","contentUrl":"https:\/\/www.theoxygenproject.com\/es\/wp-content\/uploads\/2022\/11\/11-Nov_TOP_BLOG_DSM-01-e1668121724637.jpg","width":600,"height":300},{"@type":"BreadcrumbList","@id":"https:\/\/www.theoxygenproject.com\/es\/se-multiplican-las-voces-a-favor-de-una-pausa-precautoria-a-la-mineria-submarina\/#breadcrumb","itemListElement":[{"@type":"ListItem","position":1,"name":"Home","item":"https:\/\/www.theoxygenproject.com\/es\/"},{"@type":"ListItem","position":2,"name":"SE MULTIPLICAN LAS VOCES A FAVOR DE UNA \u201cPAUSA PRECAUTORIA\u201d A LA MINER\u00cdA SUBMARINA"}]},{"@type":"WebSite","@id":"https:\/\/www.theoxygenproject.com\/es\/#website","url":"https:\/\/www.theoxygenproject.com\/es\/","name":"The Oxygen Project","description":"","publisher":{"@id":"https:\/\/www.theoxygenproject.com\/es\/#organization"},"potentialAction":[{"@type":"SearchAction","target":{"@type":"EntryPoint","urlTemplate":"https:\/\/www.theoxygenproject.com\/es\/?s={search_term_string}"},"query-input":{"@type":"PropertyValueSpecification","valueRequired":true,"valueName":"search_term_string"}}],"inLanguage":"en-US"},{"@type":"Organization","@id":"https:\/\/www.theoxygenproject.com\/es\/#organization","name":"The Oxygen Project","url":"https:\/\/www.theoxygenproject.com\/es\/","logo":{"@type":"ImageObject","inLanguage":"en-US","@id":"https:\/\/www.theoxygenproject.com\/es\/#\/schema\/logo\/image\/","url":"https:\/\/www.theoxygenproject.com\/es\/wp-content\/uploads\/2024\/05\/top-logo-dark.png","contentUrl":"https:\/\/www.theoxygenproject.com\/es\/wp-content\/uploads\/2024\/05\/top-logo-dark.png","width":384,"height":256,"caption":"The Oxygen Project"},"image":{"@id":"https:\/\/www.theoxygenproject.com\/es\/#\/schema\/logo\/image\/"},"sameAs":["https:\/\/www.facebook.com\/theoxygenproj","https:\/\/x.com\/theoxygenproj"]},{"@type":"Person","@id":"https:\/\/www.theoxygenproject.com\/es\/#\/schema\/person\/fd1d50a727859a9283fdd988aca8d8fb","name":"Pilar R\u00edos","image":{"@type":"ImageObject","inLanguage":"en-US","@id":"https:\/\/secure.gravatar.com\/avatar\/cb4cf509d6c8cf9193108e3149294241c2397964dbeb5a2a6e6b0a4a4127fc37?s=96&d=mm&r=g","url":"https:\/\/secure.gravatar.com\/avatar\/cb4cf509d6c8cf9193108e3149294241c2397964dbeb5a2a6e6b0a4a4127fc37?s=96&d=mm&r=g","contentUrl":"https:\/\/secure.gravatar.com\/avatar\/cb4cf509d6c8cf9193108e3149294241c2397964dbeb5a2a6e6b0a4a4127fc37?s=96&d=mm&r=g","caption":"Pilar R\u00edos"},"url":"https:\/\/www.theoxygenproject.com\/es\/author\/admin-2\/"}]}},"_links":{"self":[{"href":"https:\/\/www.theoxygenproject.com\/es\/wp-json\/wp\/v2\/posts\/1723","targetHints":{"allow":["GET"]}}],"collection":[{"href":"https:\/\/www.theoxygenproject.com\/es\/wp-json\/wp\/v2\/posts"}],"about":[{"href":"https:\/\/www.theoxygenproject.com\/es\/wp-json\/wp\/v2\/types\/post"}],"author":[{"embeddable":true,"href":"https:\/\/www.theoxygenproject.com\/es\/wp-json\/wp\/v2\/users\/3"}],"replies":[{"embeddable":true,"href":"https:\/\/www.theoxygenproject.com\/es\/wp-json\/wp\/v2\/comments?post=1723"}],"version-history":[{"count":0,"href":"https:\/\/www.theoxygenproject.com\/es\/wp-json\/wp\/v2\/posts\/1723\/revisions"}],"wp:featuredmedia":[{"embeddable":true,"href":"https:\/\/www.theoxygenproject.com\/es\/wp-json\/wp\/v2\/media\/1728"}],"wp:attachment":[{"href":"https:\/\/www.theoxygenproject.com\/es\/wp-json\/wp\/v2\/media?parent=1723"}],"wp:term":[{"taxonomy":"category","embeddable":true,"href":"https:\/\/www.theoxygenproject.com\/es\/wp-json\/wp\/v2\/categories?post=1723"},{"taxonomy":"post_tag","embeddable":true,"href":"https:\/\/www.theoxygenproject.com\/es\/wp-json\/wp\/v2\/tags?post=1723"}],"curies":[{"name":"wp","href":"https:\/\/api.w.org\/{rel}","templated":true}]}}