{"id":1713,"date":"2022-10-24T19:07:34","date_gmt":"2022-10-24T16:07:34","guid":{"rendered":"https:\/\/www.theoxygenproject.com\/es\/?p=1713"},"modified":"2022-10-24T19:07:34","modified_gmt":"2022-10-24T16:07:34","slug":"alerta-roja-para-el-planeta-y-la-biodiversidad","status":"publish","type":"post","link":"https:\/\/www.theoxygenproject.com\/es\/alerta-roja-para-el-planeta-y-la-biodiversidad\/","title":{"rendered":"Alerta roja para el planeta y la biodiversidad"},"content":{"rendered":"<p><span style=\"font-weight: 400;\">Cambio clim\u00e1tico y p\u00e9rdida de la biodiversidad son dos caras de la misma moneda, as\u00ed lo se\u00f1ala El Informe Planeta Vivo, la publicaci\u00f3n insignia de WWF, que tiene relaci\u00f3n con el estado de salud de la biodiversidad del planeta. Este exhaustivo informe, se actualiza cada dos a\u00f1os y se desarrolla en colaboraci\u00f3n con la Sociedad Zool\u00f3gica de Londres.\u00a0<\/span><\/p>\n<p><span style=\"font-weight: 400;\">El cambio clim\u00e1tico es uno de los factores que exacerba la p\u00e9rdida de biodiversidad, la que es un elemento importante en el funcionamiento de los climas locales y regionales. Conclusi\u00f3n a mayor p\u00e9rdida de biodiversidad, impacto mayor en el clima.<\/span><\/p>\n<p><span style=\"font-weight: 400;\">Las poblaciones relativas de especies animales de todo el planeta estudiadas entre 1970 y 2018\u00a0 han disminuido en un 69% una cifra alarmante, la que es m\u00e1s dram\u00e1tica a\u00fan para Am\u00e9rica Latina y el Caribe que en promedio ha disminuido en 94%, poniendo en juego la sobrevivencia de los ecosistemas.<\/span><\/p>\n<p><img loading=\"lazy\" decoding=\"async\" src=\"https:\/\/www.theoxygenproject.com\/es\/wp-content\/uploads\/2022\/10\/maxresdefault-1-e1666632755659.jpg\" alt=\"\" width=\"600\" height=\"338\" class=\"aligncenter size-full wp-image-1722\" srcset=\"https:\/\/www.theoxygenproject.com\/es\/wp-content\/uploads\/2022\/10\/maxresdefault-1-e1666632755659.jpg 600w, https:\/\/www.theoxygenproject.com\/es\/wp-content\/uploads\/2022\/10\/maxresdefault-1-e1666632755659-300x169.jpg 300w\" sizes=\"auto, (max-width: 600px) 100vw, 600px\" \/><\/p>\n<p><span style=\"font-weight: 400;\">El cambio de uso del suelo sigue siendo el principal impulsor de la p\u00e9rdida de biodiversidad, las repercusiones en cascada del cambio clim\u00e1tico est\u00e1n afectando ya al mundo natural. Si no limitamos el calentamiento a 1,5\u00b0C, lo m\u00e1s probable es que el cambio clim\u00e1tico se convierta en la principal causa de p\u00e9rdida de biodiversidad en las pr\u00f3ximas d\u00e9cadas.\u00a0<\/span><\/p>\n<p><span style=\"font-weight: 400;\">Los bosques son esenciales para estabilizar nuestro clima, pero la deforestaci\u00f3n amenaza esa funci\u00f3n vital, as\u00ed como otros servicios ecosist\u00e9micos, entre otros la amortiguaci\u00f3n de las olas de calor y el suministro de agua dulce a las tierras agr\u00edcolas.<\/span><\/p>\n<p><span style=\"font-weight: 400;\">\u200b\u200bCada a\u00f1o perdemos unos diez millones de hect\u00e1reas de bosques, una superficie del tama\u00f1o de Portugal. La deforestaci\u00f3n, especialmente en los tr\u00f3picos, genera emisiones de carbono y conduce a climas locales m\u00e1s c\u00e1lidos y secos, incrementando la cantidad de sequ\u00edas y de incendios y, dependiendo de su magnitud, reduciendo las precipitaciones y modificando los patrones globales de precipitaciones. Por ejemplo, la tala de bosques tropicales en \u00c1frica central o Am\u00e9rica del Sur podr\u00eda incrementar la temperatura media durante el d\u00eda en unos 7-8\u00b0C y hacer disminuir las lluvias en esas regiones en un 15 %, aproximadamente 2,7.<\/span><\/p>\n<h2><span style=\"font-weight: 400;\">\u00bfQu\u00e9 es el \u00cdndice Planeta Vivo?<\/span><\/h2>\n<p><span style=\"font-weight: 400;\">Durante dos d\u00e9cadas, el \u00cdndice Planeta Vivo (IPV) ha proporcionado una medida de los cambios en la biodiversidad que ha ayudado a informar al mundo acerca de la actual crisis de p\u00e9rdida de la naturaleza.<\/span><\/p>\n<p><span style=\"font-weight: 400;\">El estudio cuenta con una s\u00f3lida base cient\u00edfica la que se mejora en cada edici\u00f3n. <\/span><b>El IPV 2022 analiza casi 32.000 poblaciones de 5.230 especies de mam\u00edferos, aves, peces, reptiles y anfibios en todo el mundo.<\/b><\/p>\n<p><span style=\"font-weight: 400;\">Las miles de tendencias de poblaci\u00f3n individuales se re\u00fanen para calcular el cambio porcentual promedio en el tama\u00f1o de la poblaci\u00f3n usando un \u00edndice. El porcentaje refleja el cambio promedio en el tama\u00f1o de la poblaci\u00f3n animal, no la disminuci\u00f3n de especies. Este estudio nos muestra la dura realidad: <\/span><b>la biodiversidad mundial disminuye a un ritmo alarmante.<\/b><\/p>\n<h2><span style=\"font-weight: 400;\">El \u00edndice planeta 2022 vivo decrece hasta un alarmante 69%<\/span><\/h2>\n<p><span style=\"font-weight: 400;\">En este video, tienes un resumen de las principales conclusiones de este estudio.<\/span><\/p>\n<p><iframe loading=\"lazy\" title=\"Video resumen Informe Planeta Vivo 2022\" width=\"500\" height=\"281\" src=\"https:\/\/www.youtube.com\/embed\/fwRxh7WyMFY?start=87&#038;feature=oembed\" frameborder=\"0\" allow=\"accelerometer; autoplay; clipboard-write; encrypted-media; gyroscope; picture-in-picture; web-share\" referrerpolicy=\"strict-origin-when-cross-origin\" allowfullscreen><\/iframe><\/p>\n<p style=\"text-align: center;\"><span style=\"color: #000000;\"><a href=\"https:\/\/wwfes.awsassets.panda.org\/downloads\/descarga_informe_planeta_vivo_2022.pdf\" style=\"color: #000000;\"><span style=\"font-weight: 400;\">ACCEDE AL INFORME 2022<\/span><\/a><\/span><\/p>\n<h2><span style=\"font-weight: 400;\">Un informe que busca transformaci\u00f3n a gran escala<\/span><\/h2>\n<p><span style=\"font-weight: 400;\">\u00a1Vivimos en la incertidumbre! Por muchos motivos, uno de ellos es que<\/span><b> estamos inmersos en medio de dos crisis, una clim\u00e1tica y otra de biodiversidad.<\/b><\/p>\n<p><span style=\"font-weight: 400;\">Ya estamos sintiendo las repercusiones: desplazamientos y muertes provocadas por los fen\u00f3menos meteorol\u00f3gicos extremos cada vez m\u00e1s frecuentes, aumento de la inseguridad alimentaria, agotamiento de los suelos, falta de acceso a agua dulce o incremento de la expansi\u00f3n de enfermedades zoon\u00f3ticas (como el COVID-19), solo por citar algunas. Dichas repercusiones afectan a todas las personas, pero, muy especialmente y de manera desproporcionada, a las m\u00e1s empobrecidas y marginadas.<\/span><\/p>\n<p><span style=\"font-weight: 400;\">En diciembre de 2022 tendr\u00e1 lugar una reuni\u00f3n de las Naciones Unidas en Montreal para acordar un nuevo Marco Global para la Biodiversidad. Esta ser\u00e1 <\/span><b>nuestra \u00faltima oportunidad para cambiar la tendencia de p\u00e9rdida de biodiversidad<\/b><span style=\"font-weight: 400;\">. Cuando acabe esta d\u00e9cada sabremos si ese plan propuesto era suficiente o no, si la lucha por las personas y la naturaleza se gana o se pierde, pero los indicios no son buenos.<\/span><\/p>\n<p><span style=\"font-weight: 400;\">Hasta ahora, los debates est\u00e1n atascados en una forma de pensar del mundo anterior y en posturas inamovibles. Necesitamos un plan que sea justo y que tenga en cuenta a todas las personas, para que todo el mundo pueda tener un papel en su ejecuci\u00f3n. Necesitamos un enfoque basado en los derechos humanos, que entre otras cosas asegure los derechos de los pueblos ind\u00edgenas y las comunidades locales sobre sus tierras, sus masas de agua dulce y sus mares. Es preciso que se reconozca que <\/span><b>la protecci\u00f3n y restauraci\u00f3n de la naturaleza solo se lograr\u00e1 si se abordan los desencadenantes de la p\u00e9rdida de biodiversidad y la degradaci\u00f3n de los ecosistemas (<\/b><span style=\"font-weight: 400;\">entre otros, el sistema alimentario mundial), <\/span><b>problemas provocados principalmente por quienes viven en otros lugares.<\/b><span style=\"font-weight: 400;\"> Y, por encima de todo, tenemos que conseguir resultados duraderos a mayor escala y con mayor urgencia de la que hemos tenido jam\u00e1s. \u00a1Es ahora o nunca!<\/span><\/p>\n<p><span style=\"font-weight: 400;\">\u200bCon este informe se pretende <\/span><b>instar a los l\u00edderes mundiales a unirse para construir un mundo post-COVID-19 m\u00e1s sostenible, resistente y saludable para las personas y la naturaleza.<\/b><\/p>\n<p><img loading=\"lazy\" decoding=\"async\" src=\"https:\/\/www.theoxygenproject.com\/es\/wp-content\/uploads\/2022\/10\/grafica_resumen_ipv2020-e1666622395251.png\" alt=\"\" width=\"600\" height=\"339\" class=\"aligncenter size-full wp-image-1714\" srcset=\"https:\/\/www.theoxygenproject.com\/es\/wp-content\/uploads\/2022\/10\/grafica_resumen_ipv2020-e1666622395251.png 600w, https:\/\/www.theoxygenproject.com\/es\/wp-content\/uploads\/2022\/10\/grafica_resumen_ipv2020-e1666622395251-300x170.png 300w\" sizes=\"auto, (max-width: 600px) 100vw, 600px\" \/><\/p>\n<h2><span style=\"font-weight: 400;\">Disfrutar de un medioambiente sano ya es una cuesti\u00f3n de derechos humanos:<\/span><\/h2>\n<p><b>El reconocimiento hist\u00f3rico en 2021 por parte del Consejo de Derechos Humanos de la ONU del derecho a un medio ambiente saludable afianza nuestro punto de vista de que el colapso clim\u00e1tico, la p\u00e9rdida de naturaleza, la contaminaci\u00f3n y la pandemia son, en realidad, crisis de derechos humanos.<\/b><\/p>\n<p><span style=\"font-weight: 400;\">Y, tal como indican los Objetivos de Desarrollo Sostenible de las Naciones Unidas, solo podremos lograr un futuro justo, pr\u00f3spero y respetuoso con el medio ambiente si hallamos soluciones integrales a los desaf\u00edos humanitarios y ambientales a los que nos enfrentamos. Reconociendo los v\u00ednculos entre las crisis interrelacionadas, tendremos m\u00e1s oportunidades de lograr remediarlas.<\/span><\/p>\n<p><span style=\"font-weight: 400;\">Para solucionar ambas crisis tenemos que tener en cuenta que <\/span><b>nos enfrentamos a dos problemas interconectados<\/b><span style=\"font-weight: 400;\">, dos caras de la misma moneda. Y por ello <\/span><b>nos enfrentamos a un triple desaf\u00edo.<\/b><\/p>\n<ol>\n<li style=\"font-weight: 400;\" aria-level=\"1\"><span style=\"font-weight: 400;\">Debemos<\/span><b> intensificar urgentemente las medidas de mitigaci\u00f3n<\/b><span style=\"font-weight: 400;\"> para evitar el peligroso aumento de la temperatura global en m\u00e1s de 1,5 \u00baC y para ayudar a las personas a adaptarse al cambio clim\u00e1tico que ya est\u00e1n viviendo.<\/span><\/li>\n<li style=\"font-weight: 400;\" aria-level=\"1\"><span style=\"font-weight: 400;\">Debemos <\/span><b>restaurar la naturaleza y los servicios ambientales que nos proporciona<\/b><span style=\"font-weight: 400;\">, tanto el suministro \u201ctangible\u201d de aire limpio, agua dulce, alimentos, combustibles y fibras, como las incontables formas intangibles en las que la naturaleza contribuye a nuestro bienestar.<\/span><\/li>\n<li style=\"font-weight: 400;\" aria-level=\"1\"><span style=\"font-weight: 400;\">Debemos<\/span><b> aplicar un enfoque que incluya al conjunto de la sociedad y que empodere a cada persona para actuar<\/b><span style=\"font-weight: 400;\">, que reconozca la pluralidad de valores y conocimientos que nos pueden encauzar hacia un futuro m\u00e1s sostenible y que garantice que los costes y beneficios de nuestras acciones son justos para la sociedad y se compartan equitativamente.<\/span><\/li>\n<\/ol>\n<p><a href=\"https:\/\/www.wwf.es\/nuestro_trabajo\/informe_planeta_vivo_ipv\/\"><span style=\"font-weight: 400;\">Fuente WWF<\/span><\/a><\/p>\n","protected":false},"excerpt":{"rendered":"<p>Cambio clim\u00e1tico y p\u00e9rdida de la biodiversidad son dos caras de la misma moneda, as\u00ed lo se\u00f1ala El Informe Planeta Vivo, la publicaci\u00f3n insignia de WWF, que tiene relaci\u00f3n con&#8230;<\/p>\n","protected":false},"author":3,"featured_media":1715,"comment_status":"closed","ping_status":"closed","sticky":false,"template":"","format":"standard","meta":{"_mo_disable_npp":"","footnotes":""},"categories":[3,5,11,6,9],"tags":[],"class_list":["post-1713","post","type-post","status-publish","format-standard","has-post-thumbnail","hentry","category-accion-climatica","category-cambio-climatico","category-politica","category-land","category-solutions"],"yoast_head":"<!-- This site is optimized with the Yoast SEO plugin v28.3 - https:\/\/yoast.com\/product\/yoast-seo-wordpress\/ -->\n<title>Alerta roja para el planeta y la biodiversidad - The Oxygen Project<\/title>\n<meta name=\"robots\" content=\"index, follow, max-snippet:-1, max-image-preview:large, max-video-preview:-1\" \/>\n<link rel=\"canonical\" href=\"https:\/\/www.theoxygenproject.com\/es\/alerta-roja-para-el-planeta-y-la-biodiversidad\/\" \/>\n<meta property=\"og:locale\" content=\"en_US\" \/>\n<meta property=\"og:type\" content=\"article\" \/>\n<meta property=\"og:title\" content=\"Alerta roja para el planeta y la biodiversidad - The Oxygen Project\" \/>\n<meta property=\"og:description\" content=\"Cambio clim\u00e1tico y p\u00e9rdida de la biodiversidad son dos caras de la misma moneda, as\u00ed lo se\u00f1ala El Informe Planeta Vivo, la publicaci\u00f3n insignia de WWF, que tiene relaci\u00f3n con...\" \/>\n<meta property=\"og:url\" content=\"https:\/\/www.theoxygenproject.com\/es\/alerta-roja-para-el-planeta-y-la-biodiversidad\/\" \/>\n<meta property=\"og:site_name\" content=\"The Oxygen Project\" \/>\n<meta property=\"article:publisher\" content=\"https:\/\/www.facebook.com\/theoxygenproj\" \/>\n<meta property=\"article:published_time\" content=\"2022-10-24T16:07:34+00:00\" \/>\n<meta name=\"author\" content=\"Pilar R\u00edos\" \/>\n<meta name=\"twitter:card\" content=\"summary_large_image\" \/>\n<meta name=\"twitter:creator\" content=\"@theoxygenproj\" \/>\n<meta name=\"twitter:site\" content=\"@theoxygenproj\" \/>\n<meta name=\"twitter:label1\" content=\"Written by\" \/>\n\t<meta name=\"twitter:data1\" content=\"Pilar R\u00edos\" \/>\n<script type=\"application\/ld+json\" class=\"yoast-schema-graph\">{\"@context\":\"https:\\\/\\\/schema.org\",\"@graph\":[{\"@type\":\"Article\",\"@id\":\"https:\\\/\\\/www.theoxygenproject.com\\\/es\\\/alerta-roja-para-el-planeta-y-la-biodiversidad\\\/#article\",\"isPartOf\":{\"@id\":\"https:\\\/\\\/www.theoxygenproject.com\\\/es\\\/alerta-roja-para-el-planeta-y-la-biodiversidad\\\/\"},\"author\":{\"name\":\"Pilar R\u00edos\",\"@id\":\"https:\\\/\\\/www.theoxygenproject.com\\\/es\\\/#\\\/schema\\\/person\\\/fd1d50a727859a9283fdd988aca8d8fb\"},\"headline\":\"Alerta roja para el planeta y la biodiversidad\",\"datePublished\":\"2022-10-24T16:07:34+00:00\",\"mainEntityOfPage\":{\"@id\":\"https:\\\/\\\/www.theoxygenproject.com\\\/es\\\/alerta-roja-para-el-planeta-y-la-biodiversidad\\\/\"},\"wordCount\":1225,\"publisher\":{\"@id\":\"https:\\\/\\\/www.theoxygenproject.com\\\/es\\\/#organization\"},\"image\":{\"@id\":\"https:\\\/\\\/www.theoxygenproject.com\\\/es\\\/alerta-roja-para-el-planeta-y-la-biodiversidad\\\/#primaryimage\"},\"thumbnailUrl\":\"https:\\\/\\\/www.theoxygenproject.com\\\/es\\\/wp-content\\\/uploads\\\/2022\\\/10\\\/unnamed-e1666631127928.png\",\"articleSection\":[\"Acci\u00f3n Clim\u00e1tica\",\"Cambio clim\u00e1tico\",\"pol\u00edtica\",\"Regeneraci\u00f3n\",\"Soluciones\"],\"inLanguage\":\"en-US\"},{\"@type\":\"WebPage\",\"@id\":\"https:\\\/\\\/www.theoxygenproject.com\\\/es\\\/alerta-roja-para-el-planeta-y-la-biodiversidad\\\/\",\"url\":\"https:\\\/\\\/www.theoxygenproject.com\\\/es\\\/alerta-roja-para-el-planeta-y-la-biodiversidad\\\/\",\"name\":\"Alerta roja para el planeta y la biodiversidad - The Oxygen Project\",\"isPartOf\":{\"@id\":\"https:\\\/\\\/www.theoxygenproject.com\\\/es\\\/#website\"},\"primaryImageOfPage\":{\"@id\":\"https:\\\/\\\/www.theoxygenproject.com\\\/es\\\/alerta-roja-para-el-planeta-y-la-biodiversidad\\\/#primaryimage\"},\"image\":{\"@id\":\"https:\\\/\\\/www.theoxygenproject.com\\\/es\\\/alerta-roja-para-el-planeta-y-la-biodiversidad\\\/#primaryimage\"},\"thumbnailUrl\":\"https:\\\/\\\/www.theoxygenproject.com\\\/es\\\/wp-content\\\/uploads\\\/2022\\\/10\\\/unnamed-e1666631127928.png\",\"datePublished\":\"2022-10-24T16:07:34+00:00\",\"breadcrumb\":{\"@id\":\"https:\\\/\\\/www.theoxygenproject.com\\\/es\\\/alerta-roja-para-el-planeta-y-la-biodiversidad\\\/#breadcrumb\"},\"inLanguage\":\"en-US\",\"potentialAction\":[{\"@type\":\"ReadAction\",\"target\":[\"https:\\\/\\\/www.theoxygenproject.com\\\/es\\\/alerta-roja-para-el-planeta-y-la-biodiversidad\\\/\"]}]},{\"@type\":\"ImageObject\",\"inLanguage\":\"en-US\",\"@id\":\"https:\\\/\\\/www.theoxygenproject.com\\\/es\\\/alerta-roja-para-el-planeta-y-la-biodiversidad\\\/#primaryimage\",\"url\":\"https:\\\/\\\/www.theoxygenproject.com\\\/es\\\/wp-content\\\/uploads\\\/2022\\\/10\\\/unnamed-e1666631127928.png\",\"contentUrl\":\"https:\\\/\\\/www.theoxygenproject.com\\\/es\\\/wp-content\\\/uploads\\\/2022\\\/10\\\/unnamed-e1666631127928.png\",\"width\":599,\"height\":554},{\"@type\":\"BreadcrumbList\",\"@id\":\"https:\\\/\\\/www.theoxygenproject.com\\\/es\\\/alerta-roja-para-el-planeta-y-la-biodiversidad\\\/#breadcrumb\",\"itemListElement\":[{\"@type\":\"ListItem\",\"position\":1,\"name\":\"Home\",\"item\":\"https:\\\/\\\/www.theoxygenproject.com\\\/es\\\/\"},{\"@type\":\"ListItem\",\"position\":2,\"name\":\"Alerta roja para el planeta y la biodiversidad\"}]},{\"@type\":\"WebSite\",\"@id\":\"https:\\\/\\\/www.theoxygenproject.com\\\/es\\\/#website\",\"url\":\"https:\\\/\\\/www.theoxygenproject.com\\\/es\\\/\",\"name\":\"The Oxygen Project\",\"description\":\"\",\"publisher\":{\"@id\":\"https:\\\/\\\/www.theoxygenproject.com\\\/es\\\/#organization\"},\"potentialAction\":[{\"@type\":\"SearchAction\",\"target\":{\"@type\":\"EntryPoint\",\"urlTemplate\":\"https:\\\/\\\/www.theoxygenproject.com\\\/es\\\/?s={search_term_string}\"},\"query-input\":{\"@type\":\"PropertyValueSpecification\",\"valueRequired\":true,\"valueName\":\"search_term_string\"}}],\"inLanguage\":\"en-US\"},{\"@type\":\"Organization\",\"@id\":\"https:\\\/\\\/www.theoxygenproject.com\\\/es\\\/#organization\",\"name\":\"The Oxygen Project\",\"url\":\"https:\\\/\\\/www.theoxygenproject.com\\\/es\\\/\",\"logo\":{\"@type\":\"ImageObject\",\"inLanguage\":\"en-US\",\"@id\":\"https:\\\/\\\/www.theoxygenproject.com\\\/es\\\/#\\\/schema\\\/logo\\\/image\\\/\",\"url\":\"https:\\\/\\\/www.theoxygenproject.com\\\/es\\\/wp-content\\\/uploads\\\/2024\\\/05\\\/top-logo-dark.png\",\"contentUrl\":\"https:\\\/\\\/www.theoxygenproject.com\\\/es\\\/wp-content\\\/uploads\\\/2024\\\/05\\\/top-logo-dark.png\",\"width\":384,\"height\":256,\"caption\":\"The Oxygen Project\"},\"image\":{\"@id\":\"https:\\\/\\\/www.theoxygenproject.com\\\/es\\\/#\\\/schema\\\/logo\\\/image\\\/\"},\"sameAs\":[\"https:\\\/\\\/www.facebook.com\\\/theoxygenproj\",\"https:\\\/\\\/x.com\\\/theoxygenproj\"]},{\"@type\":\"Person\",\"@id\":\"https:\\\/\\\/www.theoxygenproject.com\\\/es\\\/#\\\/schema\\\/person\\\/fd1d50a727859a9283fdd988aca8d8fb\",\"name\":\"Pilar R\u00edos\",\"image\":{\"@type\":\"ImageObject\",\"inLanguage\":\"en-US\",\"@id\":\"https:\\\/\\\/secure.gravatar.com\\\/avatar\\\/cb4cf509d6c8cf9193108e3149294241c2397964dbeb5a2a6e6b0a4a4127fc37?s=96&d=mm&r=g\",\"url\":\"https:\\\/\\\/secure.gravatar.com\\\/avatar\\\/cb4cf509d6c8cf9193108e3149294241c2397964dbeb5a2a6e6b0a4a4127fc37?s=96&d=mm&r=g\",\"contentUrl\":\"https:\\\/\\\/secure.gravatar.com\\\/avatar\\\/cb4cf509d6c8cf9193108e3149294241c2397964dbeb5a2a6e6b0a4a4127fc37?s=96&d=mm&r=g\",\"caption\":\"Pilar R\u00edos\"},\"url\":\"https:\\\/\\\/www.theoxygenproject.com\\\/es\\\/author\\\/admin-2\\\/\"}]}<\/script>\n<!-- \/ Yoast SEO plugin. -->","yoast_head_json":{"title":"Alerta roja para el planeta y la biodiversidad - The Oxygen Project","robots":{"index":"index","follow":"follow","max-snippet":"max-snippet:-1","max-image-preview":"max-image-preview:large","max-video-preview":"max-video-preview:-1"},"canonical":"https:\/\/www.theoxygenproject.com\/es\/alerta-roja-para-el-planeta-y-la-biodiversidad\/","og_locale":"en_US","og_type":"article","og_title":"Alerta roja para el planeta y la biodiversidad - The Oxygen Project","og_description":"Cambio clim\u00e1tico y p\u00e9rdida de la biodiversidad son dos caras de la misma moneda, as\u00ed lo se\u00f1ala El Informe Planeta Vivo, la publicaci\u00f3n insignia de WWF, que tiene relaci\u00f3n con...","og_url":"https:\/\/www.theoxygenproject.com\/es\/alerta-roja-para-el-planeta-y-la-biodiversidad\/","og_site_name":"The Oxygen Project","article_publisher":"https:\/\/www.facebook.com\/theoxygenproj","article_published_time":"2022-10-24T16:07:34+00:00","author":"Pilar R\u00edos","twitter_card":"summary_large_image","twitter_creator":"@theoxygenproj","twitter_site":"@theoxygenproj","twitter_misc":{"Written by":"Pilar R\u00edos"},"schema":{"@context":"https:\/\/schema.org","@graph":[{"@type":"Article","@id":"https:\/\/www.theoxygenproject.com\/es\/alerta-roja-para-el-planeta-y-la-biodiversidad\/#article","isPartOf":{"@id":"https:\/\/www.theoxygenproject.com\/es\/alerta-roja-para-el-planeta-y-la-biodiversidad\/"},"author":{"name":"Pilar R\u00edos","@id":"https:\/\/www.theoxygenproject.com\/es\/#\/schema\/person\/fd1d50a727859a9283fdd988aca8d8fb"},"headline":"Alerta roja para el planeta y la biodiversidad","datePublished":"2022-10-24T16:07:34+00:00","mainEntityOfPage":{"@id":"https:\/\/www.theoxygenproject.com\/es\/alerta-roja-para-el-planeta-y-la-biodiversidad\/"},"wordCount":1225,"publisher":{"@id":"https:\/\/www.theoxygenproject.com\/es\/#organization"},"image":{"@id":"https:\/\/www.theoxygenproject.com\/es\/alerta-roja-para-el-planeta-y-la-biodiversidad\/#primaryimage"},"thumbnailUrl":"https:\/\/www.theoxygenproject.com\/es\/wp-content\/uploads\/2022\/10\/unnamed-e1666631127928.png","articleSection":["Acci\u00f3n Clim\u00e1tica","Cambio clim\u00e1tico","pol\u00edtica","Regeneraci\u00f3n","Soluciones"],"inLanguage":"en-US"},{"@type":"WebPage","@id":"https:\/\/www.theoxygenproject.com\/es\/alerta-roja-para-el-planeta-y-la-biodiversidad\/","url":"https:\/\/www.theoxygenproject.com\/es\/alerta-roja-para-el-planeta-y-la-biodiversidad\/","name":"Alerta roja para el planeta y la biodiversidad - The Oxygen Project","isPartOf":{"@id":"https:\/\/www.theoxygenproject.com\/es\/#website"},"primaryImageOfPage":{"@id":"https:\/\/www.theoxygenproject.com\/es\/alerta-roja-para-el-planeta-y-la-biodiversidad\/#primaryimage"},"image":{"@id":"https:\/\/www.theoxygenproject.com\/es\/alerta-roja-para-el-planeta-y-la-biodiversidad\/#primaryimage"},"thumbnailUrl":"https:\/\/www.theoxygenproject.com\/es\/wp-content\/uploads\/2022\/10\/unnamed-e1666631127928.png","datePublished":"2022-10-24T16:07:34+00:00","breadcrumb":{"@id":"https:\/\/www.theoxygenproject.com\/es\/alerta-roja-para-el-planeta-y-la-biodiversidad\/#breadcrumb"},"inLanguage":"en-US","potentialAction":[{"@type":"ReadAction","target":["https:\/\/www.theoxygenproject.com\/es\/alerta-roja-para-el-planeta-y-la-biodiversidad\/"]}]},{"@type":"ImageObject","inLanguage":"en-US","@id":"https:\/\/www.theoxygenproject.com\/es\/alerta-roja-para-el-planeta-y-la-biodiversidad\/#primaryimage","url":"https:\/\/www.theoxygenproject.com\/es\/wp-content\/uploads\/2022\/10\/unnamed-e1666631127928.png","contentUrl":"https:\/\/www.theoxygenproject.com\/es\/wp-content\/uploads\/2022\/10\/unnamed-e1666631127928.png","width":599,"height":554},{"@type":"BreadcrumbList","@id":"https:\/\/www.theoxygenproject.com\/es\/alerta-roja-para-el-planeta-y-la-biodiversidad\/#breadcrumb","itemListElement":[{"@type":"ListItem","position":1,"name":"Home","item":"https:\/\/www.theoxygenproject.com\/es\/"},{"@type":"ListItem","position":2,"name":"Alerta roja para el planeta y la biodiversidad"}]},{"@type":"WebSite","@id":"https:\/\/www.theoxygenproject.com\/es\/#website","url":"https:\/\/www.theoxygenproject.com\/es\/","name":"The Oxygen Project","description":"","publisher":{"@id":"https:\/\/www.theoxygenproject.com\/es\/#organization"},"potentialAction":[{"@type":"SearchAction","target":{"@type":"EntryPoint","urlTemplate":"https:\/\/www.theoxygenproject.com\/es\/?s={search_term_string}"},"query-input":{"@type":"PropertyValueSpecification","valueRequired":true,"valueName":"search_term_string"}}],"inLanguage":"en-US"},{"@type":"Organization","@id":"https:\/\/www.theoxygenproject.com\/es\/#organization","name":"The Oxygen Project","url":"https:\/\/www.theoxygenproject.com\/es\/","logo":{"@type":"ImageObject","inLanguage":"en-US","@id":"https:\/\/www.theoxygenproject.com\/es\/#\/schema\/logo\/image\/","url":"https:\/\/www.theoxygenproject.com\/es\/wp-content\/uploads\/2024\/05\/top-logo-dark.png","contentUrl":"https:\/\/www.theoxygenproject.com\/es\/wp-content\/uploads\/2024\/05\/top-logo-dark.png","width":384,"height":256,"caption":"The Oxygen Project"},"image":{"@id":"https:\/\/www.theoxygenproject.com\/es\/#\/schema\/logo\/image\/"},"sameAs":["https:\/\/www.facebook.com\/theoxygenproj","https:\/\/x.com\/theoxygenproj"]},{"@type":"Person","@id":"https:\/\/www.theoxygenproject.com\/es\/#\/schema\/person\/fd1d50a727859a9283fdd988aca8d8fb","name":"Pilar R\u00edos","image":{"@type":"ImageObject","inLanguage":"en-US","@id":"https:\/\/secure.gravatar.com\/avatar\/cb4cf509d6c8cf9193108e3149294241c2397964dbeb5a2a6e6b0a4a4127fc37?s=96&d=mm&r=g","url":"https:\/\/secure.gravatar.com\/avatar\/cb4cf509d6c8cf9193108e3149294241c2397964dbeb5a2a6e6b0a4a4127fc37?s=96&d=mm&r=g","contentUrl":"https:\/\/secure.gravatar.com\/avatar\/cb4cf509d6c8cf9193108e3149294241c2397964dbeb5a2a6e6b0a4a4127fc37?s=96&d=mm&r=g","caption":"Pilar R\u00edos"},"url":"https:\/\/www.theoxygenproject.com\/es\/author\/admin-2\/"}]}},"_links":{"self":[{"href":"https:\/\/www.theoxygenproject.com\/es\/wp-json\/wp\/v2\/posts\/1713","targetHints":{"allow":["GET"]}}],"collection":[{"href":"https:\/\/www.theoxygenproject.com\/es\/wp-json\/wp\/v2\/posts"}],"about":[{"href":"https:\/\/www.theoxygenproject.com\/es\/wp-json\/wp\/v2\/types\/post"}],"author":[{"embeddable":true,"href":"https:\/\/www.theoxygenproject.com\/es\/wp-json\/wp\/v2\/users\/3"}],"replies":[{"embeddable":true,"href":"https:\/\/www.theoxygenproject.com\/es\/wp-json\/wp\/v2\/comments?post=1713"}],"version-history":[{"count":0,"href":"https:\/\/www.theoxygenproject.com\/es\/wp-json\/wp\/v2\/posts\/1713\/revisions"}],"wp:featuredmedia":[{"embeddable":true,"href":"https:\/\/www.theoxygenproject.com\/es\/wp-json\/wp\/v2\/media\/1715"}],"wp:attachment":[{"href":"https:\/\/www.theoxygenproject.com\/es\/wp-json\/wp\/v2\/media?parent=1713"}],"wp:term":[{"taxonomy":"category","embeddable":true,"href":"https:\/\/www.theoxygenproject.com\/es\/wp-json\/wp\/v2\/categories?post=1713"},{"taxonomy":"post_tag","embeddable":true,"href":"https:\/\/www.theoxygenproject.com\/es\/wp-json\/wp\/v2\/tags?post=1713"}],"curies":[{"name":"wp","href":"https:\/\/api.w.org\/{rel}","templated":true}]}}