{"id":1707,"date":"2022-10-21T15:31:16","date_gmt":"2022-10-21T12:31:16","guid":{"rendered":"https:\/\/www.theoxygenproject.com\/es\/?p=1707"},"modified":"2022-10-21T15:31:16","modified_gmt":"2022-10-21T12:31:16","slug":"de-esos-problemas-son-del-futuro-a-dialogos-intergeneracionales-para-salvar-el-futuro-del-planeta-la-guia","status":"publish","type":"post","link":"https:\/\/www.theoxygenproject.com\/es\/de-esos-problemas-son-del-futuro-a-dialogos-intergeneracionales-para-salvar-el-futuro-del-planeta-la-guia\/","title":{"rendered":"De esos \u201cproblemas son del futuro\u201d a di\u00e1logos intergeneracionales para salvar el futuro del planeta, la gu\u00eda"},"content":{"rendered":"<p>A comienzos de lo que parec\u00eda ser tan s\u00f3lo un par de semanas pand\u00e9micas en inicios de 2020 fue la primera vez que escuch\u00e9 tararear a una compa\u00f1era de estudios problemas del futuro al son de lo que parec\u00eda ser una canci\u00f3n frecuente para evadir lo que se nos ven\u00eda los siguientes meses. Recordarlo en esta ocasi\u00f3n me trajo a la memoria el sinf\u00edn de frases que del carpe diem nos arrojan muchas veces sobre un hedonismo incapaz de ver m\u00e1s all\u00e1 de nuestros ombligos, incluyendo el enorme desaf\u00edo que tenemos con la crisis clim\u00e1tica.<\/p>\n<p>Ahora bien, \u00bfqu\u00e9 tiene que ver la problem\u00e1tica ambiental con los di\u00e1logos intergeneracionales y la creciente ola de frases de optimismo ligero? La necesidad de una acci\u00f3n colaborativa para la mitigaci\u00f3n, adaptaci\u00f3n y toda toma de decisi\u00f3n pol\u00edtica, econ\u00f3mica y social en favor del futuro del planeta. Una necesidad a la cual hace un par de d\u00e9cadas diversos grupos de expertos han intentado dar respuesta poniendo sobre las negociaciones a la justicia intergeneracional como principio \u00e9tico a trav\u00e9s del cual nos responsabilizamos de la acci\u00f3n por el clima.<\/p>\n<p><img loading=\"lazy\" decoding=\"async\" src=\"https:\/\/www.theoxygenproject.com\/es\/wp-content\/uploads\/2022\/10\/intergenerational1-e1666354448791.jpg\" alt=\"\" width=\"600\" height=\"400\" class=\"size-full wp-image-1711 aligncenter\" srcset=\"https:\/\/www.theoxygenproject.com\/es\/wp-content\/uploads\/2022\/10\/intergenerational1-e1666354448791.jpg 600w, https:\/\/www.theoxygenproject.com\/es\/wp-content\/uploads\/2022\/10\/intergenerational1-e1666354448791-300x200.jpg 300w\" sizes=\"auto, (max-width: 600px) 100vw, 600px\" \/><\/p>\n<p><strong>Justicia intergeneracional, \u00bfqu\u00e9 significa?<\/strong><\/p>\n<p>A pesar de hacerse oficial en 1987 en el Informe Bruntland<a href=\"#_ftn1\" name=\"_ftnref1\"><sup>[1]<\/sup><\/a> de la Comisi\u00f3n mundial sobre el medio ambiente y desarrollo de la ONU, donde se enmarc\u00f3 al desarrollo sustentable como fuente para la resoluci\u00f3n de problem\u00e1ticas del presente, sin afectar las necesidades de las pr\u00f3ximas generaciones, y a principios de los 90\u2019 en la Cumbre de la Tierra donde son reconocidos los derechos de las generaciones por venir, contin\u00faa siendo una de las metas m\u00e1s esperadas a alcanzar en la mayor\u00eda de las negociaciones sobre medioambiente de los \u00faltimos a\u00f1os.<\/p>\n<p>As\u00ed lo demuestra el informe del \u00cdndice europeo de justicia social (2019)<a href=\"#_ftn2\" name=\"_ftnref2\"><sup>[2]<\/sup><\/a> de la fundaci\u00f3n Bertelsmann, donde m\u00e1s de 41 estados de la OCDE han retrocedido en justicia intergeneracional, alcanzando mayores niveles de vulnerabilidad la poblaci\u00f3n m\u00e1s joven, proyect\u00e1ndose altos costos para las generaciones futuras, algo a lo que Jos\u00e9 Mart\u00edn Carretero economista y activista espa\u00f1ol califica de <em>intolerable<\/em>, tras sus cr\u00edticas a la situaci\u00f3n particular de Espa\u00f1a, pa\u00eds donde \u201cLa deuda p\u00fablica la tendr\u00e1n que pagar una generaci\u00f3n en la que un tercio ha crecido y se ha formado en un ambiente de exclusi\u00f3n social.\u201d<a href=\"#_ftn3\" name=\"_ftnref3\"><sup>[3]<\/sup><\/a>.<\/p>\n<p>En paralelo, UNIFEC Latinoam\u00e9rica nos presenta en su informe<a href=\"#_ftn4\" name=\"_ftnref4\"><sup>[4]<\/sup><\/a> las voces de j\u00f3venes que lideran la acci\u00f3n clim\u00e1tica, una generaci\u00f3n que reclama una toma de decisiones pol\u00edticas ambientales consecuente con la informaci\u00f3n cient\u00edfica, las primeras generaciones que nacen y crecen expuestos a las amenazas de la escasez, las migraciones ambientales y las enfermedades asociadas a la contaminaci\u00f3n. As\u00ed tambi\u00e9n lo demuestran las cifras entregadas en su Informe Anual de 2021<a href=\"#_ftn5\" name=\"_ftnref5\"><sup>[5]<\/sup><\/a> en que se concluye para la regi\u00f3n que 9 de cada 10 ni\u00f1as y ni\u00f1os estar\u00e1n amenazados al menos por 2 causas clim\u00e1ticas y ambientales, mientras que 3 de cada 10 por la escasez h\u00eddrica.<\/p>\n<p>Esta justicia intergeneracional la definiremos a partir de aqu\u00ed como el flujo de relaciones entre generaciones, un principio \u00e9tico vinculado a la igualdad de derechos entre las mismas, que suscita la b\u00fasqueda permanente por sostener un equilibrio entre la resoluci\u00f3n de problem\u00e1ticas del presente, atenuar los deterioros del pasado y sostener las necesidades del futuro.<\/p>\n<p><img loading=\"lazy\" decoding=\"async\" src=\"https:\/\/www.theoxygenproject.com\/es\/wp-content\/uploads\/2022\/10\/notimax-e1666354806770.jpg\" alt=\"\" width=\"600\" height=\"338\" class=\"aligncenter size-full wp-image-1709\" srcset=\"https:\/\/www.theoxygenproject.com\/es\/wp-content\/uploads\/2022\/10\/notimax-e1666354806770.jpg 600w, https:\/\/www.theoxygenproject.com\/es\/wp-content\/uploads\/2022\/10\/notimax-e1666354806770-300x169.jpg 300w\" sizes=\"auto, (max-width: 600px) 100vw, 600px\" \/><\/p>\n<p><strong>La justicia intergeneracional como gu\u00eda de supervivencia<\/strong><\/p>\n<p>Esta noci\u00f3n de equilibrio temporal que hace tan relevante a la justicia intergeneracional se ha constituido como la fuente para observar desde otra perspectiva la negociaci\u00f3n de conflictos en la pol\u00edtica ambiental. Tanto a nivel local, regional o internacional se posiciona la necesidad por incluir esta propuesta en un plan de acci\u00f3n del que por ejemplo Manuel Tironi (2021)<a href=\"#_ftn6\" name=\"_ftnref6\"><sup>[6]<\/sup><\/a>, soci\u00f3logo del Instituto para Desarrollo Sustentable de la Universidad Cat\u00f3lica de Chile, presenta para el proceso democr\u00e1tico de una Nueva Constituci\u00f3n, en el cu\u00e1l plantea desde la socioecolog\u00eda el punto de inicio para hablar de la justicia intergeneracional, convirti\u00e9ndose en un referente clave al momento de asumir responsabilidades sobre este pasado, presente y futuro humano y no humano, para el resguardo tanto de sus intereses como de sus derechos.<\/p>\n<p>Este ejemplo sobre las propuestas de una nueva Carta Magna no es el \u00fanico, desde M\u00e9xico la economista de UNAM Aranxa S\u00e1nchez, planea una particular gu\u00eda de respuesta en la que desde esta perspectiva ecol\u00f3gica de la justicia intergeneracional, sostener el futuro de nuestro hogar -la Tierra-, resulta indispensable considerar al sistema natural por sobre el subsistema econ\u00f3mico, apuntando hacia una toma de decisiones de pol\u00edtica ambiental m\u00e1s consciente del cohabitar con lo no-humano, la durabilidad de ciertos elementos naturales y su consumo en el sistema econ\u00f3mico imperante, para as\u00ed \u201casegurar que las siguientes generaciones tengan la misma (o mayor) diversidad de opciones que las actuales.\u201d<a href=\"#_ftn7\" name=\"_ftnref7\"><sup>[7]<\/sup><\/a>.<\/p>\n<p>Pareciera ser que el di\u00e1logo intergeneracional representa una gu\u00eda transversal para repensar las problem\u00e1ticas socioambientales. Una colaboraci\u00f3n con el potencial de generar una acci\u00f3n por el clima de responsabilidades conjuntas, dotando de nuevos espacios a la creatividad de respuestas necesarias para la mitigaci\u00f3n, adaptaci\u00f3n y por sobre todo, que nos permita una vista clara hacia el futuro.<\/p>\n<p><a href=\"#_ftnref1\" name=\"_ftn1\"><sup><span>[1]<\/span><\/sup><\/a> Disponible en su versi\u00f3n online: <span><a href=\"https:\/\/sustainabledevelopment.un.org\/content\/documents\/5987our-common-future.pdf\">https:\/\/sustainabledevelopment.un.org\/content\/documents\/5987our-common-future.pdf<\/a><\/span>.<\/p>\n<p><a href=\"#_ftnref2\" name=\"_ftn2\"><sup><span>[2]<\/span><\/sup><\/a> Disponible en: <span><a href=\"https:\/\/www.bertelsmann-stiftung.de\/en\/publications\/publication\/did\/social-justice-in-the-eu-and-oecd\/\">https:\/\/www.bertelsmann-stiftung.de\/en\/publications\/publication\/did\/social-justice-in-the-eu-and-oecd\/<\/a><\/span>.<\/p>\n<p><a href=\"#_ftnref3\" name=\"_ftn3\"><sup><span>[3]<\/span><\/sup><\/a> <span><a href=\"https:\/\/ciudadesamigas.org\/justicia-intergeneracional\/\">https:\/\/ciudadesamigas.org\/justicia-intergeneracional\/<\/a><\/span>.<\/p>\n<p><a href=\"#_ftnref4\" name=\"_ftn4\"><sup><span>[4]<\/span><\/sup><\/a> Disponible en: <span><a href=\"https:\/\/www.unicef.org\/lac\/informes\/jovenes-lideres-declaracion-politicas-ambientales-urgentes-basadas-evidencias-cientificas\">https:\/\/www.unicef.org\/lac\/informes\/jovenes-lideres-declaracion-politicas-ambientales-urgentes-basadas-evidencias-cientificas<\/a><\/span>.<\/p>\n<p><a href=\"#_ftnref5\" name=\"_ftn5\"><sup><span>[5]<\/span><\/sup><\/a> Disponible en: <span><a href=\"https:\/\/www.unicef.org\/es\/informes\/informe-anual-unicef-2021\">https:\/\/www.unicef.org\/es\/informes\/informe-anual-unicef-2021<\/a><\/span>.<\/p>\n<p><a href=\"#_ftnref6\" name=\"_ftn6\"><sup><span>[6]<\/span><\/sup><\/a> Presentaci\u00f3n de propuesta disponible en: <span><a href=\"https:\/\/desarrollosustentable.uc.cl\/wp-content\/uploads\/2021\/12\/IDS_JusticiaIntergeneracional_CC.pptx.pdf\">https:\/\/desarrollosustentable.uc.cl\/wp-content\/uploads\/2021\/12\/IDS_JusticiaIntergeneracional_CC.pptx.pdf<\/a><\/span>.<\/p>\n<p><a href=\"#_ftnref7\" name=\"_ftn7\"><sup><span>[7]<\/span><\/sup><\/a> <span><a href=\"https:\/\/www.sopitas.com\/noticias\/extincion-sistema-principio-justicia-intergeneracional\/\">https:\/\/www.sopitas.com\/noticias\/extincion-sistema-principio-justicia-intergeneracional\/<\/a><\/span>.<\/p>\n","protected":false},"excerpt":{"rendered":"<p>A comienzos de lo que parec\u00eda ser tan s\u00f3lo un par de semanas pand\u00e9micas en inicios de 2020 fue la primera vez que escuch\u00e9 tararear a una compa\u00f1era de estudios&#8230;<\/p>\n","protected":false},"author":9,"featured_media":1708,"comment_status":"closed","ping_status":"closed","sticky":false,"template":"","format":"standard","meta":{"_mo_disable_npp":"","footnotes":""},"categories":[3,5,11,9],"tags":[],"class_list":["post-1707","post","type-post","status-publish","format-standard","has-post-thumbnail","hentry","category-accion-climatica","category-cambio-climatico","category-politica","category-solutions"],"yoast_head":"<!-- This site is optimized with the Yoast SEO plugin v28.3 - https:\/\/yoast.com\/product\/yoast-seo-wordpress\/ -->\n<title>De esos \u201cproblemas son del futuro\u201d a di\u00e1logos intergeneracionales para salvar el futuro del planeta, la gu\u00eda - The Oxygen Project<\/title>\n<meta name=\"robots\" content=\"index, follow, max-snippet:-1, max-image-preview:large, max-video-preview:-1\" \/>\n<link rel=\"canonical\" href=\"https:\/\/www.theoxygenproject.com\/es\/de-esos-problemas-son-del-futuro-a-dialogos-intergeneracionales-para-salvar-el-futuro-del-planeta-la-guia\/\" \/>\n<meta property=\"og:locale\" content=\"en_US\" \/>\n<meta property=\"og:type\" content=\"article\" \/>\n<meta property=\"og:title\" content=\"De esos \u201cproblemas son del futuro\u201d a di\u00e1logos intergeneracionales para salvar el futuro del planeta, la gu\u00eda - The Oxygen Project\" \/>\n<meta property=\"og:description\" content=\"A comienzos de lo que parec\u00eda ser tan s\u00f3lo un par de semanas pand\u00e9micas en inicios de 2020 fue la primera vez que escuch\u00e9 tararear a una compa\u00f1era de estudios...\" \/>\n<meta property=\"og:url\" content=\"https:\/\/www.theoxygenproject.com\/es\/de-esos-problemas-son-del-futuro-a-dialogos-intergeneracionales-para-salvar-el-futuro-del-planeta-la-guia\/\" \/>\n<meta property=\"og:site_name\" content=\"The Oxygen Project\" \/>\n<meta property=\"article:publisher\" content=\"https:\/\/www.facebook.com\/theoxygenproj\" \/>\n<meta property=\"article:published_time\" content=\"2022-10-21T12:31:16+00:00\" \/>\n<meta name=\"author\" content=\"Camila Rivera\" \/>\n<meta name=\"twitter:card\" content=\"summary_large_image\" \/>\n<meta name=\"twitter:creator\" content=\"@theoxygenproj\" \/>\n<meta name=\"twitter:site\" content=\"@theoxygenproj\" \/>\n<meta name=\"twitter:label1\" content=\"Written by\" \/>\n\t<meta name=\"twitter:data1\" content=\"Camila Rivera\" \/>\n<script type=\"application\/ld+json\" class=\"yoast-schema-graph\">{\"@context\":\"https:\\\/\\\/schema.org\",\"@graph\":[{\"@type\":\"Article\",\"@id\":\"https:\\\/\\\/www.theoxygenproject.com\\\/es\\\/de-esos-problemas-son-del-futuro-a-dialogos-intergeneracionales-para-salvar-el-futuro-del-planeta-la-guia\\\/#article\",\"isPartOf\":{\"@id\":\"https:\\\/\\\/www.theoxygenproject.com\\\/es\\\/de-esos-problemas-son-del-futuro-a-dialogos-intergeneracionales-para-salvar-el-futuro-del-planeta-la-guia\\\/\"},\"author\":{\"name\":\"Camila Rivera\",\"@id\":\"https:\\\/\\\/www.theoxygenproject.com\\\/es\\\/#\\\/schema\\\/person\\\/ffbd9a5c2a9f16969e591cb8ce8b208b\"},\"headline\":\"De esos \u201cproblemas son del futuro\u201d a di\u00e1logos intergeneracionales para salvar el futuro del planeta, la gu\u00eda\",\"datePublished\":\"2022-10-21T12:31:16+00:00\",\"mainEntityOfPage\":{\"@id\":\"https:\\\/\\\/www.theoxygenproject.com\\\/es\\\/de-esos-problemas-son-del-futuro-a-dialogos-intergeneracionales-para-salvar-el-futuro-del-planeta-la-guia\\\/\"},\"wordCount\":1001,\"publisher\":{\"@id\":\"https:\\\/\\\/www.theoxygenproject.com\\\/es\\\/#organization\"},\"image\":{\"@id\":\"https:\\\/\\\/www.theoxygenproject.com\\\/es\\\/de-esos-problemas-son-del-futuro-a-dialogos-intergeneracionales-para-salvar-el-futuro-del-planeta-la-guia\\\/#primaryimage\"},\"thumbnailUrl\":\"https:\\\/\\\/www.theoxygenproject.com\\\/es\\\/wp-content\\\/uploads\\\/2022\\\/10\\\/global-strike-croacia-20-sep-reuters-e1666354407918.jpg\",\"articleSection\":[\"Acci\u00f3n Clim\u00e1tica\",\"Cambio clim\u00e1tico\",\"pol\u00edtica\",\"Soluciones\"],\"inLanguage\":\"en-US\"},{\"@type\":\"WebPage\",\"@id\":\"https:\\\/\\\/www.theoxygenproject.com\\\/es\\\/de-esos-problemas-son-del-futuro-a-dialogos-intergeneracionales-para-salvar-el-futuro-del-planeta-la-guia\\\/\",\"url\":\"https:\\\/\\\/www.theoxygenproject.com\\\/es\\\/de-esos-problemas-son-del-futuro-a-dialogos-intergeneracionales-para-salvar-el-futuro-del-planeta-la-guia\\\/\",\"name\":\"De esos \u201cproblemas son del futuro\u201d a di\u00e1logos intergeneracionales para salvar el futuro del planeta, la gu\u00eda - The Oxygen Project\",\"isPartOf\":{\"@id\":\"https:\\\/\\\/www.theoxygenproject.com\\\/es\\\/#website\"},\"primaryImageOfPage\":{\"@id\":\"https:\\\/\\\/www.theoxygenproject.com\\\/es\\\/de-esos-problemas-son-del-futuro-a-dialogos-intergeneracionales-para-salvar-el-futuro-del-planeta-la-guia\\\/#primaryimage\"},\"image\":{\"@id\":\"https:\\\/\\\/www.theoxygenproject.com\\\/es\\\/de-esos-problemas-son-del-futuro-a-dialogos-intergeneracionales-para-salvar-el-futuro-del-planeta-la-guia\\\/#primaryimage\"},\"thumbnailUrl\":\"https:\\\/\\\/www.theoxygenproject.com\\\/es\\\/wp-content\\\/uploads\\\/2022\\\/10\\\/global-strike-croacia-20-sep-reuters-e1666354407918.jpg\",\"datePublished\":\"2022-10-21T12:31:16+00:00\",\"breadcrumb\":{\"@id\":\"https:\\\/\\\/www.theoxygenproject.com\\\/es\\\/de-esos-problemas-son-del-futuro-a-dialogos-intergeneracionales-para-salvar-el-futuro-del-planeta-la-guia\\\/#breadcrumb\"},\"inLanguage\":\"en-US\",\"potentialAction\":[{\"@type\":\"ReadAction\",\"target\":[\"https:\\\/\\\/www.theoxygenproject.com\\\/es\\\/de-esos-problemas-son-del-futuro-a-dialogos-intergeneracionales-para-salvar-el-futuro-del-planeta-la-guia\\\/\"]}]},{\"@type\":\"ImageObject\",\"inLanguage\":\"en-US\",\"@id\":\"https:\\\/\\\/www.theoxygenproject.com\\\/es\\\/de-esos-problemas-son-del-futuro-a-dialogos-intergeneracionales-para-salvar-el-futuro-del-planeta-la-guia\\\/#primaryimage\",\"url\":\"https:\\\/\\\/www.theoxygenproject.com\\\/es\\\/wp-content\\\/uploads\\\/2022\\\/10\\\/global-strike-croacia-20-sep-reuters-e1666354407918.jpg\",\"contentUrl\":\"https:\\\/\\\/www.theoxygenproject.com\\\/es\\\/wp-content\\\/uploads\\\/2022\\\/10\\\/global-strike-croacia-20-sep-reuters-e1666354407918.jpg\",\"width\":600,\"height\":450},{\"@type\":\"BreadcrumbList\",\"@id\":\"https:\\\/\\\/www.theoxygenproject.com\\\/es\\\/de-esos-problemas-son-del-futuro-a-dialogos-intergeneracionales-para-salvar-el-futuro-del-planeta-la-guia\\\/#breadcrumb\",\"itemListElement\":[{\"@type\":\"ListItem\",\"position\":1,\"name\":\"Home\",\"item\":\"https:\\\/\\\/www.theoxygenproject.com\\\/es\\\/\"},{\"@type\":\"ListItem\",\"position\":2,\"name\":\"De esos \u201cproblemas son del futuro\u201d a di\u00e1logos intergeneracionales para salvar el futuro del planeta, la gu\u00eda\"}]},{\"@type\":\"WebSite\",\"@id\":\"https:\\\/\\\/www.theoxygenproject.com\\\/es\\\/#website\",\"url\":\"https:\\\/\\\/www.theoxygenproject.com\\\/es\\\/\",\"name\":\"The Oxygen Project\",\"description\":\"\",\"publisher\":{\"@id\":\"https:\\\/\\\/www.theoxygenproject.com\\\/es\\\/#organization\"},\"potentialAction\":[{\"@type\":\"SearchAction\",\"target\":{\"@type\":\"EntryPoint\",\"urlTemplate\":\"https:\\\/\\\/www.theoxygenproject.com\\\/es\\\/?s={search_term_string}\"},\"query-input\":{\"@type\":\"PropertyValueSpecification\",\"valueRequired\":true,\"valueName\":\"search_term_string\"}}],\"inLanguage\":\"en-US\"},{\"@type\":\"Organization\",\"@id\":\"https:\\\/\\\/www.theoxygenproject.com\\\/es\\\/#organization\",\"name\":\"The Oxygen Project\",\"url\":\"https:\\\/\\\/www.theoxygenproject.com\\\/es\\\/\",\"logo\":{\"@type\":\"ImageObject\",\"inLanguage\":\"en-US\",\"@id\":\"https:\\\/\\\/www.theoxygenproject.com\\\/es\\\/#\\\/schema\\\/logo\\\/image\\\/\",\"url\":\"https:\\\/\\\/www.theoxygenproject.com\\\/es\\\/wp-content\\\/uploads\\\/2024\\\/05\\\/top-logo-dark.png\",\"contentUrl\":\"https:\\\/\\\/www.theoxygenproject.com\\\/es\\\/wp-content\\\/uploads\\\/2024\\\/05\\\/top-logo-dark.png\",\"width\":384,\"height\":256,\"caption\":\"The Oxygen Project\"},\"image\":{\"@id\":\"https:\\\/\\\/www.theoxygenproject.com\\\/es\\\/#\\\/schema\\\/logo\\\/image\\\/\"},\"sameAs\":[\"https:\\\/\\\/www.facebook.com\\\/theoxygenproj\",\"https:\\\/\\\/x.com\\\/theoxygenproj\"]},{\"@type\":\"Person\",\"@id\":\"https:\\\/\\\/www.theoxygenproject.com\\\/es\\\/#\\\/schema\\\/person\\\/ffbd9a5c2a9f16969e591cb8ce8b208b\",\"name\":\"Camila Rivera\",\"image\":{\"@type\":\"ImageObject\",\"inLanguage\":\"en-US\",\"@id\":\"https:\\\/\\\/secure.gravatar.com\\\/avatar\\\/084f44d284516172876d0a3f4d0c63edece3fc14fe4252a524b657bb74d544bd?s=96&d=mm&r=g\",\"url\":\"https:\\\/\\\/secure.gravatar.com\\\/avatar\\\/084f44d284516172876d0a3f4d0c63edece3fc14fe4252a524b657bb74d544bd?s=96&d=mm&r=g\",\"contentUrl\":\"https:\\\/\\\/secure.gravatar.com\\\/avatar\\\/084f44d284516172876d0a3f4d0c63edece3fc14fe4252a524b657bb74d544bd?s=96&d=mm&r=g\",\"caption\":\"Camila Rivera\"},\"url\":\"https:\\\/\\\/www.theoxygenproject.com\\\/es\\\/author\\\/camila-rivera\\\/\"}]}<\/script>\n<!-- \/ Yoast SEO plugin. -->","yoast_head_json":{"title":"De esos \u201cproblemas son del futuro\u201d a di\u00e1logos intergeneracionales para salvar el futuro del planeta, la gu\u00eda - The Oxygen Project","robots":{"index":"index","follow":"follow","max-snippet":"max-snippet:-1","max-image-preview":"max-image-preview:large","max-video-preview":"max-video-preview:-1"},"canonical":"https:\/\/www.theoxygenproject.com\/es\/de-esos-problemas-son-del-futuro-a-dialogos-intergeneracionales-para-salvar-el-futuro-del-planeta-la-guia\/","og_locale":"en_US","og_type":"article","og_title":"De esos \u201cproblemas son del futuro\u201d a di\u00e1logos intergeneracionales para salvar el futuro del planeta, la gu\u00eda - The Oxygen Project","og_description":"A comienzos de lo que parec\u00eda ser tan s\u00f3lo un par de semanas pand\u00e9micas en inicios de 2020 fue la primera vez que escuch\u00e9 tararear a una compa\u00f1era de estudios...","og_url":"https:\/\/www.theoxygenproject.com\/es\/de-esos-problemas-son-del-futuro-a-dialogos-intergeneracionales-para-salvar-el-futuro-del-planeta-la-guia\/","og_site_name":"The Oxygen Project","article_publisher":"https:\/\/www.facebook.com\/theoxygenproj","article_published_time":"2022-10-21T12:31:16+00:00","author":"Camila Rivera","twitter_card":"summary_large_image","twitter_creator":"@theoxygenproj","twitter_site":"@theoxygenproj","twitter_misc":{"Written by":"Camila Rivera"},"schema":{"@context":"https:\/\/schema.org","@graph":[{"@type":"Article","@id":"https:\/\/www.theoxygenproject.com\/es\/de-esos-problemas-son-del-futuro-a-dialogos-intergeneracionales-para-salvar-el-futuro-del-planeta-la-guia\/#article","isPartOf":{"@id":"https:\/\/www.theoxygenproject.com\/es\/de-esos-problemas-son-del-futuro-a-dialogos-intergeneracionales-para-salvar-el-futuro-del-planeta-la-guia\/"},"author":{"name":"Camila Rivera","@id":"https:\/\/www.theoxygenproject.com\/es\/#\/schema\/person\/ffbd9a5c2a9f16969e591cb8ce8b208b"},"headline":"De esos \u201cproblemas son del futuro\u201d a di\u00e1logos intergeneracionales para salvar el futuro del planeta, la gu\u00eda","datePublished":"2022-10-21T12:31:16+00:00","mainEntityOfPage":{"@id":"https:\/\/www.theoxygenproject.com\/es\/de-esos-problemas-son-del-futuro-a-dialogos-intergeneracionales-para-salvar-el-futuro-del-planeta-la-guia\/"},"wordCount":1001,"publisher":{"@id":"https:\/\/www.theoxygenproject.com\/es\/#organization"},"image":{"@id":"https:\/\/www.theoxygenproject.com\/es\/de-esos-problemas-son-del-futuro-a-dialogos-intergeneracionales-para-salvar-el-futuro-del-planeta-la-guia\/#primaryimage"},"thumbnailUrl":"https:\/\/www.theoxygenproject.com\/es\/wp-content\/uploads\/2022\/10\/global-strike-croacia-20-sep-reuters-e1666354407918.jpg","articleSection":["Acci\u00f3n Clim\u00e1tica","Cambio clim\u00e1tico","pol\u00edtica","Soluciones"],"inLanguage":"en-US"},{"@type":"WebPage","@id":"https:\/\/www.theoxygenproject.com\/es\/de-esos-problemas-son-del-futuro-a-dialogos-intergeneracionales-para-salvar-el-futuro-del-planeta-la-guia\/","url":"https:\/\/www.theoxygenproject.com\/es\/de-esos-problemas-son-del-futuro-a-dialogos-intergeneracionales-para-salvar-el-futuro-del-planeta-la-guia\/","name":"De esos \u201cproblemas son del futuro\u201d a di\u00e1logos intergeneracionales para salvar el futuro del planeta, la gu\u00eda - The Oxygen Project","isPartOf":{"@id":"https:\/\/www.theoxygenproject.com\/es\/#website"},"primaryImageOfPage":{"@id":"https:\/\/www.theoxygenproject.com\/es\/de-esos-problemas-son-del-futuro-a-dialogos-intergeneracionales-para-salvar-el-futuro-del-planeta-la-guia\/#primaryimage"},"image":{"@id":"https:\/\/www.theoxygenproject.com\/es\/de-esos-problemas-son-del-futuro-a-dialogos-intergeneracionales-para-salvar-el-futuro-del-planeta-la-guia\/#primaryimage"},"thumbnailUrl":"https:\/\/www.theoxygenproject.com\/es\/wp-content\/uploads\/2022\/10\/global-strike-croacia-20-sep-reuters-e1666354407918.jpg","datePublished":"2022-10-21T12:31:16+00:00","breadcrumb":{"@id":"https:\/\/www.theoxygenproject.com\/es\/de-esos-problemas-son-del-futuro-a-dialogos-intergeneracionales-para-salvar-el-futuro-del-planeta-la-guia\/#breadcrumb"},"inLanguage":"en-US","potentialAction":[{"@type":"ReadAction","target":["https:\/\/www.theoxygenproject.com\/es\/de-esos-problemas-son-del-futuro-a-dialogos-intergeneracionales-para-salvar-el-futuro-del-planeta-la-guia\/"]}]},{"@type":"ImageObject","inLanguage":"en-US","@id":"https:\/\/www.theoxygenproject.com\/es\/de-esos-problemas-son-del-futuro-a-dialogos-intergeneracionales-para-salvar-el-futuro-del-planeta-la-guia\/#primaryimage","url":"https:\/\/www.theoxygenproject.com\/es\/wp-content\/uploads\/2022\/10\/global-strike-croacia-20-sep-reuters-e1666354407918.jpg","contentUrl":"https:\/\/www.theoxygenproject.com\/es\/wp-content\/uploads\/2022\/10\/global-strike-croacia-20-sep-reuters-e1666354407918.jpg","width":600,"height":450},{"@type":"BreadcrumbList","@id":"https:\/\/www.theoxygenproject.com\/es\/de-esos-problemas-son-del-futuro-a-dialogos-intergeneracionales-para-salvar-el-futuro-del-planeta-la-guia\/#breadcrumb","itemListElement":[{"@type":"ListItem","position":1,"name":"Home","item":"https:\/\/www.theoxygenproject.com\/es\/"},{"@type":"ListItem","position":2,"name":"De esos \u201cproblemas son del futuro\u201d a di\u00e1logos intergeneracionales para salvar el futuro del planeta, la gu\u00eda"}]},{"@type":"WebSite","@id":"https:\/\/www.theoxygenproject.com\/es\/#website","url":"https:\/\/www.theoxygenproject.com\/es\/","name":"The Oxygen Project","description":"","publisher":{"@id":"https:\/\/www.theoxygenproject.com\/es\/#organization"},"potentialAction":[{"@type":"SearchAction","target":{"@type":"EntryPoint","urlTemplate":"https:\/\/www.theoxygenproject.com\/es\/?s={search_term_string}"},"query-input":{"@type":"PropertyValueSpecification","valueRequired":true,"valueName":"search_term_string"}}],"inLanguage":"en-US"},{"@type":"Organization","@id":"https:\/\/www.theoxygenproject.com\/es\/#organization","name":"The Oxygen Project","url":"https:\/\/www.theoxygenproject.com\/es\/","logo":{"@type":"ImageObject","inLanguage":"en-US","@id":"https:\/\/www.theoxygenproject.com\/es\/#\/schema\/logo\/image\/","url":"https:\/\/www.theoxygenproject.com\/es\/wp-content\/uploads\/2024\/05\/top-logo-dark.png","contentUrl":"https:\/\/www.theoxygenproject.com\/es\/wp-content\/uploads\/2024\/05\/top-logo-dark.png","width":384,"height":256,"caption":"The Oxygen Project"},"image":{"@id":"https:\/\/www.theoxygenproject.com\/es\/#\/schema\/logo\/image\/"},"sameAs":["https:\/\/www.facebook.com\/theoxygenproj","https:\/\/x.com\/theoxygenproj"]},{"@type":"Person","@id":"https:\/\/www.theoxygenproject.com\/es\/#\/schema\/person\/ffbd9a5c2a9f16969e591cb8ce8b208b","name":"Camila Rivera","image":{"@type":"ImageObject","inLanguage":"en-US","@id":"https:\/\/secure.gravatar.com\/avatar\/084f44d284516172876d0a3f4d0c63edece3fc14fe4252a524b657bb74d544bd?s=96&d=mm&r=g","url":"https:\/\/secure.gravatar.com\/avatar\/084f44d284516172876d0a3f4d0c63edece3fc14fe4252a524b657bb74d544bd?s=96&d=mm&r=g","contentUrl":"https:\/\/secure.gravatar.com\/avatar\/084f44d284516172876d0a3f4d0c63edece3fc14fe4252a524b657bb74d544bd?s=96&d=mm&r=g","caption":"Camila Rivera"},"url":"https:\/\/www.theoxygenproject.com\/es\/author\/camila-rivera\/"}]}},"_links":{"self":[{"href":"https:\/\/www.theoxygenproject.com\/es\/wp-json\/wp\/v2\/posts\/1707","targetHints":{"allow":["GET"]}}],"collection":[{"href":"https:\/\/www.theoxygenproject.com\/es\/wp-json\/wp\/v2\/posts"}],"about":[{"href":"https:\/\/www.theoxygenproject.com\/es\/wp-json\/wp\/v2\/types\/post"}],"author":[{"embeddable":true,"href":"https:\/\/www.theoxygenproject.com\/es\/wp-json\/wp\/v2\/users\/9"}],"replies":[{"embeddable":true,"href":"https:\/\/www.theoxygenproject.com\/es\/wp-json\/wp\/v2\/comments?post=1707"}],"version-history":[{"count":0,"href":"https:\/\/www.theoxygenproject.com\/es\/wp-json\/wp\/v2\/posts\/1707\/revisions"}],"wp:featuredmedia":[{"embeddable":true,"href":"https:\/\/www.theoxygenproject.com\/es\/wp-json\/wp\/v2\/media\/1708"}],"wp:attachment":[{"href":"https:\/\/www.theoxygenproject.com\/es\/wp-json\/wp\/v2\/media?parent=1707"}],"wp:term":[{"taxonomy":"category","embeddable":true,"href":"https:\/\/www.theoxygenproject.com\/es\/wp-json\/wp\/v2\/categories?post=1707"},{"taxonomy":"post_tag","embeddable":true,"href":"https:\/\/www.theoxygenproject.com\/es\/wp-json\/wp\/v2\/tags?post=1707"}],"curies":[{"name":"wp","href":"https:\/\/api.w.org\/{rel}","templated":true}]}}