{"id":1665,"date":"2022-09-23T18:45:13","date_gmt":"2022-09-23T15:45:13","guid":{"rendered":"https:\/\/www.theoxygenproject.com\/es\/?p=1665"},"modified":"2022-09-23T18:45:13","modified_gmt":"2022-09-23T15:45:13","slug":"la-huelga-climatica-global-ya-esta-aqui-todo-lo-que-hay-que-saber","status":"publish","type":"post","link":"https:\/\/www.theoxygenproject.com\/es\/la-huelga-climatica-global-ya-esta-aqui-todo-lo-que-hay-que-saber\/","title":{"rendered":"La huelga clim\u00e1tica global ya est\u00e1 aqu\u00ed: todo lo que hay que saber"},"content":{"rendered":"<p>&nbsp;<\/p>\n<p><span style=\"font-weight: 400;\">Detener el cambio clim\u00e1tico. Limitar el calentamiento global. Tomar medidas urgentes. Este es el estribillo que el meg\u00e1fono del movimiento <\/span><a href=\"https:\/\/www.instagram.com\/fridaysforfuture\/\"><span style=\"font-weight: 400;\">Fridays For Future<\/span><\/a><span style=\"font-weight: 400;\"> lleva haciendo sonar desde 2018, cuando Greta Thunberg acamp\u00f3 frente al Parlamento sueco.<\/span><\/p>\n<p><span style=\"font-weight: 400;\">Esto marc\u00f3 el inicio de la huelga escolar mundial por el clima. Un a\u00f1o m\u00e1s tarde, se celebraron huelgas clim\u00e1ticas en todo el mundo que reunieron a unos <\/span><a href=\"https:\/\/www.vox.com\/energy-and-environment\/2019\/9\/20\/20876143\/climate-strike-2019-september-20-crowd-estimate\"><span style=\"font-weight: 400;\">4 millones de manifestantes<\/span><\/a><span style=\"font-weight: 400;\">, muchos de ellos escolares: la <\/span><a href=\"https:\/\/www.theguardian.com\/environment\/2019\/sep\/21\/across-the-globe-millions-join-biggest-climate-protest-ever\"><span style=\"font-weight: 400;\">mayor protesta clim\u00e1tica de la historia<\/span><\/a><span style=\"font-weight: 400;\">.<\/span><\/p>\n<p><span style=\"font-weight: 400;\">Este viernes 23 de septiembre, decenas de j\u00f3venes activistas del clima de todo el mundo volver\u00e1n a las calles para la huelga clim\u00e1tica juvenil de este a\u00f1o.<\/span><\/p>\n<p>&nbsp;<\/p>\n<p>&nbsp;<\/p>\n<figure id=\"attachment_1671\" aria-describedby=\"caption-attachment-1671\" style=\"width: 500px\" class=\"wp-caption aligncenter\"><img loading=\"lazy\" decoding=\"async\" src=\"https:\/\/www.theoxygenproject.com\/es\/wp-content\/uploads\/2022\/09\/Captura-de-Pantalla-2022-09-23-a-las-12.13.51-1-e1663947359858.png\" alt=\"\" width=\"500\" height=\"332\" class=\"size-full wp-image-1671\" srcset=\"https:\/\/www.theoxygenproject.com\/es\/wp-content\/uploads\/2022\/09\/Captura-de-Pantalla-2022-09-23-a-las-12.13.51-1-e1663947359858.png 500w, https:\/\/www.theoxygenproject.com\/es\/wp-content\/uploads\/2022\/09\/Captura-de-Pantalla-2022-09-23-a-las-12.13.51-1-e1663947359858-300x199.png 300w\" sizes=\"auto, (max-width: 500px) 100vw, 500px\" \/><figcaption id=\"caption-attachment-1671\" class=\"wp-caption-text\">\ud83d\udcf8 Clar\u00edn.com<\/figcaption><\/figure>\n<p>&nbsp;<\/p>\n<p><b>D\u00f3nde es en mi pa\u00eds<\/b><\/p>\n<p><span style=\"font-weight: 400;\">El evento anual se celebra en ciudades de todo el mundo. Consulta el <\/span><a href=\"https:\/\/fridaysforfuture.org\/action-map\/\"><span style=\"font-weight: 400;\">https:\/\/fridaysforfuture.org\/action-map\/map\/<\/span><\/a><span style=\"font-weight: 400;\"> para encontrar las protestas registradas cerca de ti.<\/span><\/p>\n<p><b>\u00bfPor qu\u00e9 protestamos?<\/b><\/p>\n<p><span style=\"font-weight: 400;\">El objetivo de la huelga es presionar a los responsables pol\u00edticos y a los gobiernos de todo el mundo para que escuchen a los cient\u00edficos y adopten medidas contundentes para limitar el calentamiento global.<\/span><\/p>\n<p><span style=\"font-weight: 400;\">Cada a\u00f1o, la huelga tiene un tema diferente, y este a\u00f1o es #PeopleNotProfit.<\/span><\/p>\n<p><span style=\"font-weight: 400;\">La injusticia medioambiental sigue siendo un problema importante en todo el mundo. El calentamiento global est\u00e1 afectando m\u00e1s a los que menos han contribuido al cambio clim\u00e1tico. Por eso, los ecologistas de todo el mundo tienen que defender a los que se llevan la peor parte del cambio clim\u00e1tico.<\/span><\/p>\n<p><img loading=\"lazy\" decoding=\"async\" src=\"https:\/\/www.theoxygenproject.com\/es\/wp-content\/uploads\/2022\/09\/texto-01-e1663946946932.jpg\" alt=\"\" width=\"400\" height=\"333\" class=\"aligncenter size-full wp-image-1667\" srcset=\"https:\/\/www.theoxygenproject.com\/es\/wp-content\/uploads\/2022\/09\/texto-01-e1663946946932.jpg 400w, https:\/\/www.theoxygenproject.com\/es\/wp-content\/uploads\/2022\/09\/texto-01-e1663946946932-300x250.jpg 300w\" sizes=\"auto, (max-width: 400px) 100vw, 400px\" \/><\/p>\n<p>&nbsp;<\/p>\n<p><b>C\u00f3mo nace<\/b><\/p>\n<p><span style=\"font-weight: 400;\">Fridays For Future es un movimiento de huelga clim\u00e1tica global dirigido y organizado por j\u00f3venes que comenz\u00f3 en agosto de 2018, cuando Greta Thunberg, de 15 a\u00f1os, inici\u00f3 una huelga escolar por el clima. En las tres semanas previas a las elecciones suecas, se sent\u00f3 frente al Parlamento sueco todos los d\u00edas de clase, exigiendo una acci\u00f3n urgente sobre la crisis clim\u00e1tica. Estaba cansada de la falta de voluntad de la sociedad para enfrentar la crisis clim\u00e1tica como lo que es: una crisis.<\/span><\/p>\n<p><span style=\"font-weight: 400;\">Al principio estaba sola, pero pronto se le unieron otros. El 8 de septiembre, Greta y sus compa\u00f1eros de huelga decidieron continuar con su huelga hasta que las pol\u00edticas suecas ofrecieran un camino seguro por debajo de los 2\u00ba C, es decir, en l\u00ednea con el acuerdo de Par\u00eds. Crearon el hashtag #FridaysForFuture, y animaron a otros j\u00f3venes de todo el mundo a unirse a ellos. Esto marc\u00f3 el inicio de la huelga escolar mundial por el clima.<\/span><\/p>\n<p>&nbsp;<\/p>\n<figure id=\"attachment_1668\" aria-describedby=\"caption-attachment-1668\" style=\"width: 500px\" class=\"wp-caption aligncenter\"><img loading=\"lazy\" decoding=\"async\" src=\"https:\/\/www.theoxygenproject.com\/es\/wp-content\/uploads\/2022\/09\/Captura-de-Pantalla-2022-09-23-a-las-12.30.04-e1663947070740.png\" alt=\"\" width=\"500\" height=\"329\" class=\"wp-image-1668 size-full\" srcset=\"https:\/\/www.theoxygenproject.com\/es\/wp-content\/uploads\/2022\/09\/Captura-de-Pantalla-2022-09-23-a-las-12.30.04-e1663947070740.png 500w, https:\/\/www.theoxygenproject.com\/es\/wp-content\/uploads\/2022\/09\/Captura-de-Pantalla-2022-09-23-a-las-12.30.04-e1663947070740-300x197.png 300w\" sizes=\"auto, (max-width: 500px) 100vw, 500px\" \/><figcaption id=\"caption-attachment-1668\" class=\"wp-caption-text\">Greta Thumberg \ud83d\udcf8 Clar\u00edn.com<\/figcaption><\/figure>\n<p>&nbsp;<\/p>\n<p><span style=\"font-weight: 400;\">Su llamado a la acci\u00f3n provoc\u00f3 un despertar internacional, con estudiantes y activistas que se unieron en todo el mundo para protestar ante sus parlamentos y ayuntamientos locales. Junto con otros grupos de todo el mundo, Fridays for Future forma parte de una nueva y esperanzadora ola de cambio, que inspira a millones de personas a actuar contra la crisis clim\u00e1tica.<\/span><\/p>\n<p>&nbsp;<\/p>\n<p><a href=\"https:\/\/fridaysforfuture.org\/action-map\/map\/\"><span style=\"font-weight: 400;\">ENCUENTRA D\u00d3NDE ES EN TU PA\u00cdS AQU\u00cd\u00a0<\/span><\/a><\/p>\n<p>&nbsp;<\/p>\n","protected":false},"excerpt":{"rendered":"<p>&nbsp; Detener el cambio clim\u00e1tico. Limitar el calentamiento global. Tomar medidas urgentes. Este es el estribillo que el meg\u00e1fono del movimiento Fridays For Future lleva haciendo sonar desde 2018, cuando&#8230;<\/p>\n","protected":false},"author":3,"featured_media":1673,"comment_status":"closed","ping_status":"closed","sticky":false,"template":"","format":"standard","meta":{"_mo_disable_npp":"","footnotes":""},"categories":[3,5,11],"tags":[],"class_list":["post-1665","post","type-post","status-publish","format-standard","has-post-thumbnail","hentry","category-accion-climatica","category-cambio-climatico","category-politica"],"yoast_head":"<!-- This site is optimized with the Yoast SEO plugin v28.3 - https:\/\/yoast.com\/product\/yoast-seo-wordpress\/ -->\n<title>La huelga clim\u00e1tica global ya est\u00e1 aqu\u00ed: todo lo que hay que saber - The Oxygen Project<\/title>\n<meta name=\"robots\" content=\"index, follow, max-snippet:-1, max-image-preview:large, max-video-preview:-1\" \/>\n<link rel=\"canonical\" href=\"https:\/\/www.theoxygenproject.com\/es\/la-huelga-climatica-global-ya-esta-aqui-todo-lo-que-hay-que-saber\/\" \/>\n<meta property=\"og:locale\" content=\"en_US\" \/>\n<meta property=\"og:type\" content=\"article\" \/>\n<meta property=\"og:title\" content=\"La huelga clim\u00e1tica global ya est\u00e1 aqu\u00ed: todo lo que hay que saber - The Oxygen Project\" \/>\n<meta property=\"og:description\" content=\"&nbsp; Detener el cambio clim\u00e1tico. Limitar el calentamiento global. Tomar medidas urgentes. Este es el estribillo que el meg\u00e1fono del movimiento Fridays For Future lleva haciendo sonar desde 2018, cuando...\" \/>\n<meta property=\"og:url\" content=\"https:\/\/www.theoxygenproject.com\/es\/la-huelga-climatica-global-ya-esta-aqui-todo-lo-que-hay-que-saber\/\" \/>\n<meta property=\"og:site_name\" content=\"The Oxygen Project\" \/>\n<meta property=\"article:publisher\" content=\"https:\/\/www.facebook.com\/theoxygenproj\" \/>\n<meta property=\"article:published_time\" content=\"2022-09-23T15:45:13+00:00\" \/>\n<meta property=\"og:image\" content=\"https:\/\/www.theoxygenproject.com\/es\/wp-content\/uploads\/2022\/09\/Captura-de-Pantalla-2022-09-23-a-las-12.13.51-2-e1663947858180.png\" \/>\n\t<meta property=\"og:image:width\" content=\"500\" \/>\n\t<meta property=\"og:image:height\" content=\"332\" \/>\n\t<meta property=\"og:image:type\" content=\"image\/png\" \/>\n<meta name=\"author\" content=\"Pilar R\u00edos\" \/>\n<meta name=\"twitter:card\" content=\"summary_large_image\" \/>\n<meta name=\"twitter:creator\" content=\"@theoxygenproj\" \/>\n<meta name=\"twitter:site\" content=\"@theoxygenproj\" \/>\n<meta name=\"twitter:label1\" content=\"Written by\" \/>\n\t<meta name=\"twitter:data1\" content=\"Pilar R\u00edos\" \/>\n<script type=\"application\/ld+json\" class=\"yoast-schema-graph\">{\"@context\":\"https:\\\/\\\/schema.org\",\"@graph\":[{\"@type\":\"Article\",\"@id\":\"https:\\\/\\\/www.theoxygenproject.com\\\/es\\\/la-huelga-climatica-global-ya-esta-aqui-todo-lo-que-hay-que-saber\\\/#article\",\"isPartOf\":{\"@id\":\"https:\\\/\\\/www.theoxygenproject.com\\\/es\\\/la-huelga-climatica-global-ya-esta-aqui-todo-lo-que-hay-que-saber\\\/\"},\"author\":{\"name\":\"Pilar R\u00edos\",\"@id\":\"https:\\\/\\\/www.theoxygenproject.com\\\/es\\\/#\\\/schema\\\/person\\\/fd1d50a727859a9283fdd988aca8d8fb\"},\"headline\":\"La huelga clim\u00e1tica global ya est\u00e1 aqu\u00ed: todo lo que hay que saber\",\"datePublished\":\"2022-09-23T15:45:13+00:00\",\"mainEntityOfPage\":{\"@id\":\"https:\\\/\\\/www.theoxygenproject.com\\\/es\\\/la-huelga-climatica-global-ya-esta-aqui-todo-lo-que-hay-que-saber\\\/\"},\"wordCount\":541,\"publisher\":{\"@id\":\"https:\\\/\\\/www.theoxygenproject.com\\\/es\\\/#organization\"},\"image\":{\"@id\":\"https:\\\/\\\/www.theoxygenproject.com\\\/es\\\/la-huelga-climatica-global-ya-esta-aqui-todo-lo-que-hay-que-saber\\\/#primaryimage\"},\"thumbnailUrl\":\"https:\\\/\\\/www.theoxygenproject.com\\\/es\\\/wp-content\\\/uploads\\\/2022\\\/09\\\/Captura-de-Pantalla-2022-09-23-a-las-12.13.51-2-e1663947858180.png\",\"articleSection\":[\"Acci\u00f3n Clim\u00e1tica\",\"Cambio clim\u00e1tico\",\"pol\u00edtica\"],\"inLanguage\":\"en-US\"},{\"@type\":\"WebPage\",\"@id\":\"https:\\\/\\\/www.theoxygenproject.com\\\/es\\\/la-huelga-climatica-global-ya-esta-aqui-todo-lo-que-hay-que-saber\\\/\",\"url\":\"https:\\\/\\\/www.theoxygenproject.com\\\/es\\\/la-huelga-climatica-global-ya-esta-aqui-todo-lo-que-hay-que-saber\\\/\",\"name\":\"La huelga clim\u00e1tica global ya est\u00e1 aqu\u00ed: todo lo que hay que saber - The Oxygen Project\",\"isPartOf\":{\"@id\":\"https:\\\/\\\/www.theoxygenproject.com\\\/es\\\/#website\"},\"primaryImageOfPage\":{\"@id\":\"https:\\\/\\\/www.theoxygenproject.com\\\/es\\\/la-huelga-climatica-global-ya-esta-aqui-todo-lo-que-hay-que-saber\\\/#primaryimage\"},\"image\":{\"@id\":\"https:\\\/\\\/www.theoxygenproject.com\\\/es\\\/la-huelga-climatica-global-ya-esta-aqui-todo-lo-que-hay-que-saber\\\/#primaryimage\"},\"thumbnailUrl\":\"https:\\\/\\\/www.theoxygenproject.com\\\/es\\\/wp-content\\\/uploads\\\/2022\\\/09\\\/Captura-de-Pantalla-2022-09-23-a-las-12.13.51-2-e1663947858180.png\",\"datePublished\":\"2022-09-23T15:45:13+00:00\",\"breadcrumb\":{\"@id\":\"https:\\\/\\\/www.theoxygenproject.com\\\/es\\\/la-huelga-climatica-global-ya-esta-aqui-todo-lo-que-hay-que-saber\\\/#breadcrumb\"},\"inLanguage\":\"en-US\",\"potentialAction\":[{\"@type\":\"ReadAction\",\"target\":[\"https:\\\/\\\/www.theoxygenproject.com\\\/es\\\/la-huelga-climatica-global-ya-esta-aqui-todo-lo-que-hay-que-saber\\\/\"]}]},{\"@type\":\"ImageObject\",\"inLanguage\":\"en-US\",\"@id\":\"https:\\\/\\\/www.theoxygenproject.com\\\/es\\\/la-huelga-climatica-global-ya-esta-aqui-todo-lo-que-hay-que-saber\\\/#primaryimage\",\"url\":\"https:\\\/\\\/www.theoxygenproject.com\\\/es\\\/wp-content\\\/uploads\\\/2022\\\/09\\\/Captura-de-Pantalla-2022-09-23-a-las-12.13.51-2-e1663947858180.png\",\"contentUrl\":\"https:\\\/\\\/www.theoxygenproject.com\\\/es\\\/wp-content\\\/uploads\\\/2022\\\/09\\\/Captura-de-Pantalla-2022-09-23-a-las-12.13.51-2-e1663947858180.png\",\"width\":500,\"height\":332},{\"@type\":\"BreadcrumbList\",\"@id\":\"https:\\\/\\\/www.theoxygenproject.com\\\/es\\\/la-huelga-climatica-global-ya-esta-aqui-todo-lo-que-hay-que-saber\\\/#breadcrumb\",\"itemListElement\":[{\"@type\":\"ListItem\",\"position\":1,\"name\":\"Home\",\"item\":\"https:\\\/\\\/www.theoxygenproject.com\\\/es\\\/\"},{\"@type\":\"ListItem\",\"position\":2,\"name\":\"La huelga clim\u00e1tica global ya est\u00e1 aqu\u00ed: todo lo que hay que saber\"}]},{\"@type\":\"WebSite\",\"@id\":\"https:\\\/\\\/www.theoxygenproject.com\\\/es\\\/#website\",\"url\":\"https:\\\/\\\/www.theoxygenproject.com\\\/es\\\/\",\"name\":\"The Oxygen Project\",\"description\":\"\",\"publisher\":{\"@id\":\"https:\\\/\\\/www.theoxygenproject.com\\\/es\\\/#organization\"},\"potentialAction\":[{\"@type\":\"SearchAction\",\"target\":{\"@type\":\"EntryPoint\",\"urlTemplate\":\"https:\\\/\\\/www.theoxygenproject.com\\\/es\\\/?s={search_term_string}\"},\"query-input\":{\"@type\":\"PropertyValueSpecification\",\"valueRequired\":true,\"valueName\":\"search_term_string\"}}],\"inLanguage\":\"en-US\"},{\"@type\":\"Organization\",\"@id\":\"https:\\\/\\\/www.theoxygenproject.com\\\/es\\\/#organization\",\"name\":\"The Oxygen Project\",\"url\":\"https:\\\/\\\/www.theoxygenproject.com\\\/es\\\/\",\"logo\":{\"@type\":\"ImageObject\",\"inLanguage\":\"en-US\",\"@id\":\"https:\\\/\\\/www.theoxygenproject.com\\\/es\\\/#\\\/schema\\\/logo\\\/image\\\/\",\"url\":\"https:\\\/\\\/www.theoxygenproject.com\\\/es\\\/wp-content\\\/uploads\\\/2024\\\/05\\\/top-logo-dark.png\",\"contentUrl\":\"https:\\\/\\\/www.theoxygenproject.com\\\/es\\\/wp-content\\\/uploads\\\/2024\\\/05\\\/top-logo-dark.png\",\"width\":384,\"height\":256,\"caption\":\"The Oxygen Project\"},\"image\":{\"@id\":\"https:\\\/\\\/www.theoxygenproject.com\\\/es\\\/#\\\/schema\\\/logo\\\/image\\\/\"},\"sameAs\":[\"https:\\\/\\\/www.facebook.com\\\/theoxygenproj\",\"https:\\\/\\\/x.com\\\/theoxygenproj\"]},{\"@type\":\"Person\",\"@id\":\"https:\\\/\\\/www.theoxygenproject.com\\\/es\\\/#\\\/schema\\\/person\\\/fd1d50a727859a9283fdd988aca8d8fb\",\"name\":\"Pilar R\u00edos\",\"image\":{\"@type\":\"ImageObject\",\"inLanguage\":\"en-US\",\"@id\":\"https:\\\/\\\/secure.gravatar.com\\\/avatar\\\/cb4cf509d6c8cf9193108e3149294241c2397964dbeb5a2a6e6b0a4a4127fc37?s=96&d=mm&r=g\",\"url\":\"https:\\\/\\\/secure.gravatar.com\\\/avatar\\\/cb4cf509d6c8cf9193108e3149294241c2397964dbeb5a2a6e6b0a4a4127fc37?s=96&d=mm&r=g\",\"contentUrl\":\"https:\\\/\\\/secure.gravatar.com\\\/avatar\\\/cb4cf509d6c8cf9193108e3149294241c2397964dbeb5a2a6e6b0a4a4127fc37?s=96&d=mm&r=g\",\"caption\":\"Pilar R\u00edos\"},\"url\":\"https:\\\/\\\/www.theoxygenproject.com\\\/es\\\/author\\\/admin-2\\\/\"}]}<\/script>\n<!-- \/ Yoast SEO plugin. -->","yoast_head_json":{"title":"La huelga clim\u00e1tica global ya est\u00e1 aqu\u00ed: todo lo que hay que saber - The Oxygen Project","robots":{"index":"index","follow":"follow","max-snippet":"max-snippet:-1","max-image-preview":"max-image-preview:large","max-video-preview":"max-video-preview:-1"},"canonical":"https:\/\/www.theoxygenproject.com\/es\/la-huelga-climatica-global-ya-esta-aqui-todo-lo-que-hay-que-saber\/","og_locale":"en_US","og_type":"article","og_title":"La huelga clim\u00e1tica global ya est\u00e1 aqu\u00ed: todo lo que hay que saber - The Oxygen Project","og_description":"&nbsp; Detener el cambio clim\u00e1tico. Limitar el calentamiento global. Tomar medidas urgentes. Este es el estribillo que el meg\u00e1fono del movimiento Fridays For Future lleva haciendo sonar desde 2018, cuando...","og_url":"https:\/\/www.theoxygenproject.com\/es\/la-huelga-climatica-global-ya-esta-aqui-todo-lo-que-hay-que-saber\/","og_site_name":"The Oxygen Project","article_publisher":"https:\/\/www.facebook.com\/theoxygenproj","article_published_time":"2022-09-23T15:45:13+00:00","og_image":[{"width":500,"height":332,"url":"https:\/\/www.theoxygenproject.com\/es\/wp-content\/uploads\/2022\/09\/Captura-de-Pantalla-2022-09-23-a-las-12.13.51-2-e1663947858180.png","type":"image\/png"}],"author":"Pilar R\u00edos","twitter_card":"summary_large_image","twitter_creator":"@theoxygenproj","twitter_site":"@theoxygenproj","twitter_misc":{"Written by":"Pilar R\u00edos"},"schema":{"@context":"https:\/\/schema.org","@graph":[{"@type":"Article","@id":"https:\/\/www.theoxygenproject.com\/es\/la-huelga-climatica-global-ya-esta-aqui-todo-lo-que-hay-que-saber\/#article","isPartOf":{"@id":"https:\/\/www.theoxygenproject.com\/es\/la-huelga-climatica-global-ya-esta-aqui-todo-lo-que-hay-que-saber\/"},"author":{"name":"Pilar R\u00edos","@id":"https:\/\/www.theoxygenproject.com\/es\/#\/schema\/person\/fd1d50a727859a9283fdd988aca8d8fb"},"headline":"La huelga clim\u00e1tica global ya est\u00e1 aqu\u00ed: todo lo que hay que saber","datePublished":"2022-09-23T15:45:13+00:00","mainEntityOfPage":{"@id":"https:\/\/www.theoxygenproject.com\/es\/la-huelga-climatica-global-ya-esta-aqui-todo-lo-que-hay-que-saber\/"},"wordCount":541,"publisher":{"@id":"https:\/\/www.theoxygenproject.com\/es\/#organization"},"image":{"@id":"https:\/\/www.theoxygenproject.com\/es\/la-huelga-climatica-global-ya-esta-aqui-todo-lo-que-hay-que-saber\/#primaryimage"},"thumbnailUrl":"https:\/\/www.theoxygenproject.com\/es\/wp-content\/uploads\/2022\/09\/Captura-de-Pantalla-2022-09-23-a-las-12.13.51-2-e1663947858180.png","articleSection":["Acci\u00f3n Clim\u00e1tica","Cambio clim\u00e1tico","pol\u00edtica"],"inLanguage":"en-US"},{"@type":"WebPage","@id":"https:\/\/www.theoxygenproject.com\/es\/la-huelga-climatica-global-ya-esta-aqui-todo-lo-que-hay-que-saber\/","url":"https:\/\/www.theoxygenproject.com\/es\/la-huelga-climatica-global-ya-esta-aqui-todo-lo-que-hay-que-saber\/","name":"La huelga clim\u00e1tica global ya est\u00e1 aqu\u00ed: todo lo que hay que saber - The Oxygen Project","isPartOf":{"@id":"https:\/\/www.theoxygenproject.com\/es\/#website"},"primaryImageOfPage":{"@id":"https:\/\/www.theoxygenproject.com\/es\/la-huelga-climatica-global-ya-esta-aqui-todo-lo-que-hay-que-saber\/#primaryimage"},"image":{"@id":"https:\/\/www.theoxygenproject.com\/es\/la-huelga-climatica-global-ya-esta-aqui-todo-lo-que-hay-que-saber\/#primaryimage"},"thumbnailUrl":"https:\/\/www.theoxygenproject.com\/es\/wp-content\/uploads\/2022\/09\/Captura-de-Pantalla-2022-09-23-a-las-12.13.51-2-e1663947858180.png","datePublished":"2022-09-23T15:45:13+00:00","breadcrumb":{"@id":"https:\/\/www.theoxygenproject.com\/es\/la-huelga-climatica-global-ya-esta-aqui-todo-lo-que-hay-que-saber\/#breadcrumb"},"inLanguage":"en-US","potentialAction":[{"@type":"ReadAction","target":["https:\/\/www.theoxygenproject.com\/es\/la-huelga-climatica-global-ya-esta-aqui-todo-lo-que-hay-que-saber\/"]}]},{"@type":"ImageObject","inLanguage":"en-US","@id":"https:\/\/www.theoxygenproject.com\/es\/la-huelga-climatica-global-ya-esta-aqui-todo-lo-que-hay-que-saber\/#primaryimage","url":"https:\/\/www.theoxygenproject.com\/es\/wp-content\/uploads\/2022\/09\/Captura-de-Pantalla-2022-09-23-a-las-12.13.51-2-e1663947858180.png","contentUrl":"https:\/\/www.theoxygenproject.com\/es\/wp-content\/uploads\/2022\/09\/Captura-de-Pantalla-2022-09-23-a-las-12.13.51-2-e1663947858180.png","width":500,"height":332},{"@type":"BreadcrumbList","@id":"https:\/\/www.theoxygenproject.com\/es\/la-huelga-climatica-global-ya-esta-aqui-todo-lo-que-hay-que-saber\/#breadcrumb","itemListElement":[{"@type":"ListItem","position":1,"name":"Home","item":"https:\/\/www.theoxygenproject.com\/es\/"},{"@type":"ListItem","position":2,"name":"La huelga clim\u00e1tica global ya est\u00e1 aqu\u00ed: todo lo que hay que saber"}]},{"@type":"WebSite","@id":"https:\/\/www.theoxygenproject.com\/es\/#website","url":"https:\/\/www.theoxygenproject.com\/es\/","name":"The Oxygen Project","description":"","publisher":{"@id":"https:\/\/www.theoxygenproject.com\/es\/#organization"},"potentialAction":[{"@type":"SearchAction","target":{"@type":"EntryPoint","urlTemplate":"https:\/\/www.theoxygenproject.com\/es\/?s={search_term_string}"},"query-input":{"@type":"PropertyValueSpecification","valueRequired":true,"valueName":"search_term_string"}}],"inLanguage":"en-US"},{"@type":"Organization","@id":"https:\/\/www.theoxygenproject.com\/es\/#organization","name":"The Oxygen Project","url":"https:\/\/www.theoxygenproject.com\/es\/","logo":{"@type":"ImageObject","inLanguage":"en-US","@id":"https:\/\/www.theoxygenproject.com\/es\/#\/schema\/logo\/image\/","url":"https:\/\/www.theoxygenproject.com\/es\/wp-content\/uploads\/2024\/05\/top-logo-dark.png","contentUrl":"https:\/\/www.theoxygenproject.com\/es\/wp-content\/uploads\/2024\/05\/top-logo-dark.png","width":384,"height":256,"caption":"The Oxygen Project"},"image":{"@id":"https:\/\/www.theoxygenproject.com\/es\/#\/schema\/logo\/image\/"},"sameAs":["https:\/\/www.facebook.com\/theoxygenproj","https:\/\/x.com\/theoxygenproj"]},{"@type":"Person","@id":"https:\/\/www.theoxygenproject.com\/es\/#\/schema\/person\/fd1d50a727859a9283fdd988aca8d8fb","name":"Pilar R\u00edos","image":{"@type":"ImageObject","inLanguage":"en-US","@id":"https:\/\/secure.gravatar.com\/avatar\/cb4cf509d6c8cf9193108e3149294241c2397964dbeb5a2a6e6b0a4a4127fc37?s=96&d=mm&r=g","url":"https:\/\/secure.gravatar.com\/avatar\/cb4cf509d6c8cf9193108e3149294241c2397964dbeb5a2a6e6b0a4a4127fc37?s=96&d=mm&r=g","contentUrl":"https:\/\/secure.gravatar.com\/avatar\/cb4cf509d6c8cf9193108e3149294241c2397964dbeb5a2a6e6b0a4a4127fc37?s=96&d=mm&r=g","caption":"Pilar R\u00edos"},"url":"https:\/\/www.theoxygenproject.com\/es\/author\/admin-2\/"}]}},"_links":{"self":[{"href":"https:\/\/www.theoxygenproject.com\/es\/wp-json\/wp\/v2\/posts\/1665","targetHints":{"allow":["GET"]}}],"collection":[{"href":"https:\/\/www.theoxygenproject.com\/es\/wp-json\/wp\/v2\/posts"}],"about":[{"href":"https:\/\/www.theoxygenproject.com\/es\/wp-json\/wp\/v2\/types\/post"}],"author":[{"embeddable":true,"href":"https:\/\/www.theoxygenproject.com\/es\/wp-json\/wp\/v2\/users\/3"}],"replies":[{"embeddable":true,"href":"https:\/\/www.theoxygenproject.com\/es\/wp-json\/wp\/v2\/comments?post=1665"}],"version-history":[{"count":0,"href":"https:\/\/www.theoxygenproject.com\/es\/wp-json\/wp\/v2\/posts\/1665\/revisions"}],"wp:featuredmedia":[{"embeddable":true,"href":"https:\/\/www.theoxygenproject.com\/es\/wp-json\/wp\/v2\/media\/1673"}],"wp:attachment":[{"href":"https:\/\/www.theoxygenproject.com\/es\/wp-json\/wp\/v2\/media?parent=1665"}],"wp:term":[{"taxonomy":"category","embeddable":true,"href":"https:\/\/www.theoxygenproject.com\/es\/wp-json\/wp\/v2\/categories?post=1665"},{"taxonomy":"post_tag","embeddable":true,"href":"https:\/\/www.theoxygenproject.com\/es\/wp-json\/wp\/v2\/tags?post=1665"}],"curies":[{"name":"wp","href":"https:\/\/api.w.org\/{rel}","templated":true}]}}