{"id":1627,"date":"2022-08-05T18:56:48","date_gmt":"2022-08-05T15:56:48","guid":{"rendered":"https:\/\/www.theoxygenproject.com\/es\/?p=1627"},"modified":"2025-02-28T22:20:36","modified_gmt":"2025-02-28T22:20:36","slug":"la-crisis-climatica-tiene-rostro-de-mujer","status":"publish","type":"post","link":"https:\/\/www.theoxygenproject.com\/es\/la-crisis-climatica-tiene-rostro-de-mujer\/","title":{"rendered":"La crisis clim\u00e1tica tiene rostro de mujer"},"content":{"rendered":"<p>&nbsp;<\/p>\n<p><span style=\"font-weight: 400;\">\u00bfPor qu\u00e9 la crisis clim\u00e1tica afecta tan profundamente a las mujeres?, pareciera ser la primera pregunta que se nos viene a la cabeza cuando nos topamos con un titular como \u00e9ste, para quiz\u00e1s luego continuar con: \u00bfpor qu\u00e9 han sido insuficientes los intentos por conseguir la tan ansiada igualdad de g\u00e9nero? La conclusi\u00f3n general puede ser una a la que feministas interseccionales y ecofeministas han llegado hace much\u00edsimo tiempo: todo lo atraviesa el g\u00e9nero.\u00a0<\/span><\/p>\n<p><span style=\"font-weight: 400;\">Por lapidario y simplista que suene esta conclusi\u00f3n, investigaciones de instituciones internacionales, ONG\u2019s, publicaciones peri\u00f3dicas del mundo privado como p\u00fablico, demuestran una y otra vez, de norte a sur los mismos resultados. La degradaci\u00f3n del planeta, de todo ecosistema -gracias a la informaci\u00f3n que tenemos de los \u00faltimos informes del <\/span><a href=\"https:\/\/www.ipcc.ch\/report\/sixth-assessment-report-cycle\/\"><span style=\"font-weight: 400;\">IPCC<\/span><\/a><span style=\"font-weight: 400;\">-, afecta inevitablemente la vida en las comunidades, profundizando la precarizaci\u00f3n de miles de mujeres, ni\u00f1as y adolescentes, ya sea por migraciones forzadas, escasez de recursos o energ\u00eda, contaminaci\u00f3n de r\u00edos, humedales, bosques, o el deterioro de la calidad del aire.\u00a0<\/span><\/p>\n<p>&nbsp;<\/p>\n<p><img loading=\"lazy\" decoding=\"async\" class=\"aligncenter wp-image-1628 size-full\" src=\"https:\/\/www.theoxygenproject.com\/es\/wp-content\/uploads\/2022\/08\/mujeres-cambio-e1659715146217.jpg\" alt=\"\" width=\"600\" height=\"400\" srcset=\"https:\/\/www.theoxygenproject.com\/es\/wp-content\/uploads\/2022\/08\/mujeres-cambio-e1659715146217.jpg 600w, https:\/\/www.theoxygenproject.com\/es\/wp-content\/uploads\/2022\/08\/mujeres-cambio-e1659715146217-300x200.jpg 300w\" sizes=\"auto, (max-width: 600px) 100vw, 600px\" \/><\/p>\n<p>&nbsp;<\/p>\n","protected":false},"excerpt":{"rendered":"<p>&nbsp; \u00bfPor qu\u00e9 la crisis clim\u00e1tica afecta tan profundamente a las mujeres?, pareciera ser la primera pregunta que se nos viene a la cabeza cuando nos topamos con un titular&#8230;<\/p>\n","protected":false},"author":9,"featured_media":1636,"comment_status":"closed","ping_status":"closed","sticky":false,"template":"","format":"standard","meta":{"_mo_disable_npp":"","footnotes":""},"categories":[3,5,11],"tags":[],"class_list":["post-1627","post","type-post","status-publish","format-standard","has-post-thumbnail","hentry","category-accion-climatica","category-cambio-climatico","category-politica"],"yoast_head":"<!-- This site is optimized with the Yoast SEO plugin v28.3 - https:\/\/yoast.com\/product\/yoast-seo-wordpress\/ -->\n<title>La crisis clim\u00e1tica tiene rostro de mujer - The Oxygen Project<\/title>\n<meta name=\"robots\" content=\"index, follow, max-snippet:-1, max-image-preview:large, max-video-preview:-1\" \/>\n<link rel=\"canonical\" href=\"https:\/\/www.theoxygenproject.com\/es\/la-crisis-climatica-tiene-rostro-de-mujer\/\" \/>\n<meta property=\"og:locale\" content=\"en_US\" \/>\n<meta property=\"og:type\" content=\"article\" \/>\n<meta property=\"og:title\" content=\"La crisis clim\u00e1tica tiene rostro de mujer - The Oxygen Project\" \/>\n<meta property=\"og:description\" content=\"&nbsp; \u00bfPor qu\u00e9 la crisis clim\u00e1tica afecta tan profundamente a las mujeres?, pareciera ser la primera pregunta que se nos viene a la cabeza cuando nos topamos con un titular...\" \/>\n<meta property=\"og:url\" content=\"https:\/\/www.theoxygenproject.com\/es\/la-crisis-climatica-tiene-rostro-de-mujer\/\" \/>\n<meta property=\"og:site_name\" content=\"The Oxygen Project\" \/>\n<meta property=\"article:publisher\" content=\"https:\/\/www.facebook.com\/theoxygenproj\" \/>\n<meta property=\"article:published_time\" content=\"2022-08-05T15:56:48+00:00\" \/>\n<meta property=\"article:modified_time\" content=\"2025-02-28T22:20:36+00:00\" \/>\n<meta property=\"og:image\" content=\"https:\/\/www.theoxygenproject.com\/es\/wp-content\/uploads\/2022\/08\/mujeres-cambio-climatico-3-scaled-e1659717350259.jpg\" \/>\n\t<meta property=\"og:image:width\" content=\"600\" \/>\n\t<meta property=\"og:image:height\" content=\"400\" \/>\n\t<meta property=\"og:image:type\" content=\"image\/jpeg\" \/>\n<meta name=\"author\" content=\"Camila Rivera\" \/>\n<meta name=\"twitter:card\" content=\"summary_large_image\" \/>\n<meta name=\"twitter:creator\" content=\"@theoxygenproj\" \/>\n<meta name=\"twitter:site\" content=\"@theoxygenproj\" \/>\n<meta name=\"twitter:label1\" content=\"Written by\" \/>\n\t<meta name=\"twitter:data1\" content=\"Camila Rivera\" \/>\n\t<meta name=\"twitter:label2\" content=\"Est. reading time\" \/>\n\t<meta name=\"twitter:data2\" content=\"2 minutes\" \/>\n<script type=\"application\/ld+json\" class=\"yoast-schema-graph\">{\"@context\":\"https:\\\/\\\/schema.org\",\"@graph\":[{\"@type\":\"Article\",\"@id\":\"https:\\\/\\\/www.theoxygenproject.com\\\/es\\\/la-crisis-climatica-tiene-rostro-de-mujer\\\/#article\",\"isPartOf\":{\"@id\":\"https:\\\/\\\/www.theoxygenproject.com\\\/es\\\/la-crisis-climatica-tiene-rostro-de-mujer\\\/\"},\"author\":{\"name\":\"Camila Rivera\",\"@id\":\"https:\\\/\\\/www.theoxygenproject.com\\\/es\\\/#\\\/schema\\\/person\\\/ffbd9a5c2a9f16969e591cb8ce8b208b\"},\"headline\":\"La crisis clim\u00e1tica tiene rostro de mujer\",\"datePublished\":\"2022-08-05T15:56:48+00:00\",\"dateModified\":\"2025-02-28T22:20:36+00:00\",\"mainEntityOfPage\":{\"@id\":\"https:\\\/\\\/www.theoxygenproject.com\\\/es\\\/la-crisis-climatica-tiene-rostro-de-mujer\\\/\"},\"wordCount\":194,\"publisher\":{\"@id\":\"https:\\\/\\\/www.theoxygenproject.com\\\/es\\\/#organization\"},\"image\":{\"@id\":\"https:\\\/\\\/www.theoxygenproject.com\\\/es\\\/la-crisis-climatica-tiene-rostro-de-mujer\\\/#primaryimage\"},\"thumbnailUrl\":\"https:\\\/\\\/www.theoxygenproject.com\\\/es\\\/wp-content\\\/uploads\\\/2022\\\/08\\\/mujeres-cambio-climatico-3-scaled-e1659717350259.jpg\",\"articleSection\":[\"Acci\u00f3n Clim\u00e1tica\",\"Cambio clim\u00e1tico\",\"pol\u00edtica\"],\"inLanguage\":\"en-US\"},{\"@type\":\"WebPage\",\"@id\":\"https:\\\/\\\/www.theoxygenproject.com\\\/es\\\/la-crisis-climatica-tiene-rostro-de-mujer\\\/\",\"url\":\"https:\\\/\\\/www.theoxygenproject.com\\\/es\\\/la-crisis-climatica-tiene-rostro-de-mujer\\\/\",\"name\":\"La crisis clim\u00e1tica tiene rostro de mujer - The Oxygen Project\",\"isPartOf\":{\"@id\":\"https:\\\/\\\/www.theoxygenproject.com\\\/es\\\/#website\"},\"primaryImageOfPage\":{\"@id\":\"https:\\\/\\\/www.theoxygenproject.com\\\/es\\\/la-crisis-climatica-tiene-rostro-de-mujer\\\/#primaryimage\"},\"image\":{\"@id\":\"https:\\\/\\\/www.theoxygenproject.com\\\/es\\\/la-crisis-climatica-tiene-rostro-de-mujer\\\/#primaryimage\"},\"thumbnailUrl\":\"https:\\\/\\\/www.theoxygenproject.com\\\/es\\\/wp-content\\\/uploads\\\/2022\\\/08\\\/mujeres-cambio-climatico-3-scaled-e1659717350259.jpg\",\"datePublished\":\"2022-08-05T15:56:48+00:00\",\"dateModified\":\"2025-02-28T22:20:36+00:00\",\"breadcrumb\":{\"@id\":\"https:\\\/\\\/www.theoxygenproject.com\\\/es\\\/la-crisis-climatica-tiene-rostro-de-mujer\\\/#breadcrumb\"},\"inLanguage\":\"en-US\",\"potentialAction\":[{\"@type\":\"ReadAction\",\"target\":[\"https:\\\/\\\/www.theoxygenproject.com\\\/es\\\/la-crisis-climatica-tiene-rostro-de-mujer\\\/\"]}]},{\"@type\":\"ImageObject\",\"inLanguage\":\"en-US\",\"@id\":\"https:\\\/\\\/www.theoxygenproject.com\\\/es\\\/la-crisis-climatica-tiene-rostro-de-mujer\\\/#primaryimage\",\"url\":\"https:\\\/\\\/www.theoxygenproject.com\\\/es\\\/wp-content\\\/uploads\\\/2022\\\/08\\\/mujeres-cambio-climatico-3-scaled-e1659717350259.jpg\",\"contentUrl\":\"https:\\\/\\\/www.theoxygenproject.com\\\/es\\\/wp-content\\\/uploads\\\/2022\\\/08\\\/mujeres-cambio-climatico-3-scaled-e1659717350259.jpg\",\"width\":600,\"height\":400},{\"@type\":\"BreadcrumbList\",\"@id\":\"https:\\\/\\\/www.theoxygenproject.com\\\/es\\\/la-crisis-climatica-tiene-rostro-de-mujer\\\/#breadcrumb\",\"itemListElement\":[{\"@type\":\"ListItem\",\"position\":1,\"name\":\"Home\",\"item\":\"https:\\\/\\\/www.theoxygenproject.com\\\/es\\\/\"},{\"@type\":\"ListItem\",\"position\":2,\"name\":\"La crisis clim\u00e1tica tiene rostro de mujer\"}]},{\"@type\":\"WebSite\",\"@id\":\"https:\\\/\\\/www.theoxygenproject.com\\\/es\\\/#website\",\"url\":\"https:\\\/\\\/www.theoxygenproject.com\\\/es\\\/\",\"name\":\"The Oxygen Project\",\"description\":\"\",\"publisher\":{\"@id\":\"https:\\\/\\\/www.theoxygenproject.com\\\/es\\\/#organization\"},\"potentialAction\":[{\"@type\":\"SearchAction\",\"target\":{\"@type\":\"EntryPoint\",\"urlTemplate\":\"https:\\\/\\\/www.theoxygenproject.com\\\/es\\\/?s={search_term_string}\"},\"query-input\":{\"@type\":\"PropertyValueSpecification\",\"valueRequired\":true,\"valueName\":\"search_term_string\"}}],\"inLanguage\":\"en-US\"},{\"@type\":\"Organization\",\"@id\":\"https:\\\/\\\/www.theoxygenproject.com\\\/es\\\/#organization\",\"name\":\"The Oxygen Project\",\"url\":\"https:\\\/\\\/www.theoxygenproject.com\\\/es\\\/\",\"logo\":{\"@type\":\"ImageObject\",\"inLanguage\":\"en-US\",\"@id\":\"https:\\\/\\\/www.theoxygenproject.com\\\/es\\\/#\\\/schema\\\/logo\\\/image\\\/\",\"url\":\"https:\\\/\\\/www.theoxygenproject.com\\\/es\\\/wp-content\\\/uploads\\\/2024\\\/05\\\/top-logo-dark.png\",\"contentUrl\":\"https:\\\/\\\/www.theoxygenproject.com\\\/es\\\/wp-content\\\/uploads\\\/2024\\\/05\\\/top-logo-dark.png\",\"width\":384,\"height\":256,\"caption\":\"The Oxygen Project\"},\"image\":{\"@id\":\"https:\\\/\\\/www.theoxygenproject.com\\\/es\\\/#\\\/schema\\\/logo\\\/image\\\/\"},\"sameAs\":[\"https:\\\/\\\/www.facebook.com\\\/theoxygenproj\",\"https:\\\/\\\/x.com\\\/theoxygenproj\"]},{\"@type\":\"Person\",\"@id\":\"https:\\\/\\\/www.theoxygenproject.com\\\/es\\\/#\\\/schema\\\/person\\\/ffbd9a5c2a9f16969e591cb8ce8b208b\",\"name\":\"Camila Rivera\",\"image\":{\"@type\":\"ImageObject\",\"inLanguage\":\"en-US\",\"@id\":\"https:\\\/\\\/secure.gravatar.com\\\/avatar\\\/084f44d284516172876d0a3f4d0c63edece3fc14fe4252a524b657bb74d544bd?s=96&d=mm&r=g\",\"url\":\"https:\\\/\\\/secure.gravatar.com\\\/avatar\\\/084f44d284516172876d0a3f4d0c63edece3fc14fe4252a524b657bb74d544bd?s=96&d=mm&r=g\",\"contentUrl\":\"https:\\\/\\\/secure.gravatar.com\\\/avatar\\\/084f44d284516172876d0a3f4d0c63edece3fc14fe4252a524b657bb74d544bd?s=96&d=mm&r=g\",\"caption\":\"Camila Rivera\"},\"url\":\"https:\\\/\\\/www.theoxygenproject.com\\\/es\\\/author\\\/camila-rivera\\\/\"}]}<\/script>\n<!-- \/ Yoast SEO plugin. -->","yoast_head_json":{"title":"La crisis clim\u00e1tica tiene rostro de mujer - The Oxygen Project","robots":{"index":"index","follow":"follow","max-snippet":"max-snippet:-1","max-image-preview":"max-image-preview:large","max-video-preview":"max-video-preview:-1"},"canonical":"https:\/\/www.theoxygenproject.com\/es\/la-crisis-climatica-tiene-rostro-de-mujer\/","og_locale":"en_US","og_type":"article","og_title":"La crisis clim\u00e1tica tiene rostro de mujer - The Oxygen Project","og_description":"&nbsp; \u00bfPor qu\u00e9 la crisis clim\u00e1tica afecta tan profundamente a las mujeres?, pareciera ser la primera pregunta que se nos viene a la cabeza cuando nos topamos con un titular...","og_url":"https:\/\/www.theoxygenproject.com\/es\/la-crisis-climatica-tiene-rostro-de-mujer\/","og_site_name":"The Oxygen Project","article_publisher":"https:\/\/www.facebook.com\/theoxygenproj","article_published_time":"2022-08-05T15:56:48+00:00","article_modified_time":"2025-02-28T22:20:36+00:00","og_image":[{"width":600,"height":400,"url":"https:\/\/www.theoxygenproject.com\/es\/wp-content\/uploads\/2022\/08\/mujeres-cambio-climatico-3-scaled-e1659717350259.jpg","type":"image\/jpeg"}],"author":"Camila Rivera","twitter_card":"summary_large_image","twitter_creator":"@theoxygenproj","twitter_site":"@theoxygenproj","twitter_misc":{"Written by":"Camila Rivera","Est. reading time":"2 minutes"},"schema":{"@context":"https:\/\/schema.org","@graph":[{"@type":"Article","@id":"https:\/\/www.theoxygenproject.com\/es\/la-crisis-climatica-tiene-rostro-de-mujer\/#article","isPartOf":{"@id":"https:\/\/www.theoxygenproject.com\/es\/la-crisis-climatica-tiene-rostro-de-mujer\/"},"author":{"name":"Camila Rivera","@id":"https:\/\/www.theoxygenproject.com\/es\/#\/schema\/person\/ffbd9a5c2a9f16969e591cb8ce8b208b"},"headline":"La crisis clim\u00e1tica tiene rostro de mujer","datePublished":"2022-08-05T15:56:48+00:00","dateModified":"2025-02-28T22:20:36+00:00","mainEntityOfPage":{"@id":"https:\/\/www.theoxygenproject.com\/es\/la-crisis-climatica-tiene-rostro-de-mujer\/"},"wordCount":194,"publisher":{"@id":"https:\/\/www.theoxygenproject.com\/es\/#organization"},"image":{"@id":"https:\/\/www.theoxygenproject.com\/es\/la-crisis-climatica-tiene-rostro-de-mujer\/#primaryimage"},"thumbnailUrl":"https:\/\/www.theoxygenproject.com\/es\/wp-content\/uploads\/2022\/08\/mujeres-cambio-climatico-3-scaled-e1659717350259.jpg","articleSection":["Acci\u00f3n Clim\u00e1tica","Cambio clim\u00e1tico","pol\u00edtica"],"inLanguage":"en-US"},{"@type":"WebPage","@id":"https:\/\/www.theoxygenproject.com\/es\/la-crisis-climatica-tiene-rostro-de-mujer\/","url":"https:\/\/www.theoxygenproject.com\/es\/la-crisis-climatica-tiene-rostro-de-mujer\/","name":"La crisis clim\u00e1tica tiene rostro de mujer - The Oxygen Project","isPartOf":{"@id":"https:\/\/www.theoxygenproject.com\/es\/#website"},"primaryImageOfPage":{"@id":"https:\/\/www.theoxygenproject.com\/es\/la-crisis-climatica-tiene-rostro-de-mujer\/#primaryimage"},"image":{"@id":"https:\/\/www.theoxygenproject.com\/es\/la-crisis-climatica-tiene-rostro-de-mujer\/#primaryimage"},"thumbnailUrl":"https:\/\/www.theoxygenproject.com\/es\/wp-content\/uploads\/2022\/08\/mujeres-cambio-climatico-3-scaled-e1659717350259.jpg","datePublished":"2022-08-05T15:56:48+00:00","dateModified":"2025-02-28T22:20:36+00:00","breadcrumb":{"@id":"https:\/\/www.theoxygenproject.com\/es\/la-crisis-climatica-tiene-rostro-de-mujer\/#breadcrumb"},"inLanguage":"en-US","potentialAction":[{"@type":"ReadAction","target":["https:\/\/www.theoxygenproject.com\/es\/la-crisis-climatica-tiene-rostro-de-mujer\/"]}]},{"@type":"ImageObject","inLanguage":"en-US","@id":"https:\/\/www.theoxygenproject.com\/es\/la-crisis-climatica-tiene-rostro-de-mujer\/#primaryimage","url":"https:\/\/www.theoxygenproject.com\/es\/wp-content\/uploads\/2022\/08\/mujeres-cambio-climatico-3-scaled-e1659717350259.jpg","contentUrl":"https:\/\/www.theoxygenproject.com\/es\/wp-content\/uploads\/2022\/08\/mujeres-cambio-climatico-3-scaled-e1659717350259.jpg","width":600,"height":400},{"@type":"BreadcrumbList","@id":"https:\/\/www.theoxygenproject.com\/es\/la-crisis-climatica-tiene-rostro-de-mujer\/#breadcrumb","itemListElement":[{"@type":"ListItem","position":1,"name":"Home","item":"https:\/\/www.theoxygenproject.com\/es\/"},{"@type":"ListItem","position":2,"name":"La crisis clim\u00e1tica tiene rostro de mujer"}]},{"@type":"WebSite","@id":"https:\/\/www.theoxygenproject.com\/es\/#website","url":"https:\/\/www.theoxygenproject.com\/es\/","name":"The Oxygen Project","description":"","publisher":{"@id":"https:\/\/www.theoxygenproject.com\/es\/#organization"},"potentialAction":[{"@type":"SearchAction","target":{"@type":"EntryPoint","urlTemplate":"https:\/\/www.theoxygenproject.com\/es\/?s={search_term_string}"},"query-input":{"@type":"PropertyValueSpecification","valueRequired":true,"valueName":"search_term_string"}}],"inLanguage":"en-US"},{"@type":"Organization","@id":"https:\/\/www.theoxygenproject.com\/es\/#organization","name":"The Oxygen Project","url":"https:\/\/www.theoxygenproject.com\/es\/","logo":{"@type":"ImageObject","inLanguage":"en-US","@id":"https:\/\/www.theoxygenproject.com\/es\/#\/schema\/logo\/image\/","url":"https:\/\/www.theoxygenproject.com\/es\/wp-content\/uploads\/2024\/05\/top-logo-dark.png","contentUrl":"https:\/\/www.theoxygenproject.com\/es\/wp-content\/uploads\/2024\/05\/top-logo-dark.png","width":384,"height":256,"caption":"The Oxygen Project"},"image":{"@id":"https:\/\/www.theoxygenproject.com\/es\/#\/schema\/logo\/image\/"},"sameAs":["https:\/\/www.facebook.com\/theoxygenproj","https:\/\/x.com\/theoxygenproj"]},{"@type":"Person","@id":"https:\/\/www.theoxygenproject.com\/es\/#\/schema\/person\/ffbd9a5c2a9f16969e591cb8ce8b208b","name":"Camila Rivera","image":{"@type":"ImageObject","inLanguage":"en-US","@id":"https:\/\/secure.gravatar.com\/avatar\/084f44d284516172876d0a3f4d0c63edece3fc14fe4252a524b657bb74d544bd?s=96&d=mm&r=g","url":"https:\/\/secure.gravatar.com\/avatar\/084f44d284516172876d0a3f4d0c63edece3fc14fe4252a524b657bb74d544bd?s=96&d=mm&r=g","contentUrl":"https:\/\/secure.gravatar.com\/avatar\/084f44d284516172876d0a3f4d0c63edece3fc14fe4252a524b657bb74d544bd?s=96&d=mm&r=g","caption":"Camila Rivera"},"url":"https:\/\/www.theoxygenproject.com\/es\/author\/camila-rivera\/"}]}},"_links":{"self":[{"href":"https:\/\/www.theoxygenproject.com\/es\/wp-json\/wp\/v2\/posts\/1627","targetHints":{"allow":["GET"]}}],"collection":[{"href":"https:\/\/www.theoxygenproject.com\/es\/wp-json\/wp\/v2\/posts"}],"about":[{"href":"https:\/\/www.theoxygenproject.com\/es\/wp-json\/wp\/v2\/types\/post"}],"author":[{"embeddable":true,"href":"https:\/\/www.theoxygenproject.com\/es\/wp-json\/wp\/v2\/users\/9"}],"replies":[{"embeddable":true,"href":"https:\/\/www.theoxygenproject.com\/es\/wp-json\/wp\/v2\/comments?post=1627"}],"version-history":[{"count":1,"href":"https:\/\/www.theoxygenproject.com\/es\/wp-json\/wp\/v2\/posts\/1627\/revisions"}],"predecessor-version":[{"id":2171,"href":"https:\/\/www.theoxygenproject.com\/es\/wp-json\/wp\/v2\/posts\/1627\/revisions\/2171"}],"wp:featuredmedia":[{"embeddable":true,"href":"https:\/\/www.theoxygenproject.com\/es\/wp-json\/wp\/v2\/media\/1636"}],"wp:attachment":[{"href":"https:\/\/www.theoxygenproject.com\/es\/wp-json\/wp\/v2\/media?parent=1627"}],"wp:term":[{"taxonomy":"category","embeddable":true,"href":"https:\/\/www.theoxygenproject.com\/es\/wp-json\/wp\/v2\/categories?post=1627"},{"taxonomy":"post_tag","embeddable":true,"href":"https:\/\/www.theoxygenproject.com\/es\/wp-json\/wp\/v2\/tags?post=1627"}],"curies":[{"name":"wp","href":"https:\/\/api.w.org\/{rel}","templated":true}]}}