{"id":1609,"date":"2022-07-29T20:31:04","date_gmt":"2022-07-29T17:31:04","guid":{"rendered":"https:\/\/www.theoxygenproject.com\/es\/?p=1609"},"modified":"2022-07-29T20:31:04","modified_gmt":"2022-07-29T17:31:04","slug":"vienen-por-nuestro-oceano-paremos-el-proximo-desastre-ambiental","status":"publish","type":"post","link":"https:\/\/www.theoxygenproject.com\/es\/vienen-por-nuestro-oceano-paremos-el-proximo-desastre-ambiental\/","title":{"rendered":"Vienen por nuestro oc\u00e9ano: paremos el pr\u00f3ximo desastre ambiental"},"content":{"rendered":"<p>&nbsp;<\/p>\n<p>Mientras hemos dado pasos significativos, la carrera de las mineras corre a toda velocidad, por esto estamos intensificando nuestros esfuerzos. Mientras la Autoridad Internacional de los Fondos Marinos se re\u00fane en Jamaica para tratar de acelerar el desarrollo de las regulaciones mineras (con el objetivo de que se aprueben antes de julio de 2023) estamos redoblando el apoyo colaborativo.<\/p>\n<p>Hemos escrito una carta abierta urgente al Secretario General de las Naciones Unidas (ONU), pidi\u00e9ndole que detenga la destrucci\u00f3n antes de que comience, y necesitamos que la firme el mayor n\u00famero posible de personas. Haz clic aqu\u00ed para firmar la carta contra la miner\u00eda de aguas profundas.<\/p>\n","protected":false},"excerpt":{"rendered":"<p>&nbsp; Mientras hemos dado pasos significativos, la carrera de las mineras corre a toda velocidad, por esto estamos intensificando nuestros esfuerzos. Mientras la Autoridad Internacional de los Fondos Marinos se&#8230;<\/p>\n","protected":false},"author":3,"featured_media":1621,"comment_status":"closed","ping_status":"closed","sticky":false,"template":"","format":"standard","meta":{"_mo_disable_npp":"","footnotes":""},"categories":[3,5,11],"tags":[],"class_list":["post-1609","post","type-post","status-publish","format-standard","has-post-thumbnail","hentry","category-accion-climatica","category-cambio-climatico","category-politica"],"yoast_head":"<!-- This site is optimized with the Yoast SEO plugin v28.3 - https:\/\/yoast.com\/product\/yoast-seo-wordpress\/ -->\n<title>Vienen por nuestro oc\u00e9ano: paremos el pr\u00f3ximo desastre ambiental - The Oxygen Project<\/title>\n<meta name=\"robots\" content=\"index, follow, max-snippet:-1, max-image-preview:large, max-video-preview:-1\" \/>\n<link rel=\"canonical\" href=\"https:\/\/www.theoxygenproject.com\/es\/vienen-por-nuestro-oceano-paremos-el-proximo-desastre-ambiental\/\" \/>\n<meta property=\"og:locale\" content=\"en_US\" \/>\n<meta property=\"og:type\" content=\"article\" \/>\n<meta property=\"og:title\" content=\"Vienen por nuestro oc\u00e9ano: paremos el pr\u00f3ximo desastre ambiental - The Oxygen Project\" \/>\n<meta property=\"og:description\" content=\"&nbsp; Mientras hemos dado pasos significativos, la carrera de las mineras corre a toda velocidad, por esto estamos intensificando nuestros esfuerzos. Mientras la Autoridad Internacional de los Fondos Marinos se...\" \/>\n<meta property=\"og:url\" content=\"https:\/\/www.theoxygenproject.com\/es\/vienen-por-nuestro-oceano-paremos-el-proximo-desastre-ambiental\/\" \/>\n<meta property=\"og:site_name\" content=\"The Oxygen Project\" \/>\n<meta property=\"article:publisher\" content=\"https:\/\/www.facebook.com\/theoxygenproj\" \/>\n<meta property=\"article:published_time\" content=\"2022-07-29T17:31:04+00:00\" \/>\n<meta property=\"og:image\" content=\"https:\/\/www.theoxygenproject.com\/es\/wp-content\/uploads\/2022\/07\/fondo-e1659117493480.png\" \/>\n\t<meta property=\"og:image:width\" content=\"500\" \/>\n\t<meta property=\"og:image:height\" content=\"425\" \/>\n\t<meta property=\"og:image:type\" content=\"image\/png\" \/>\n<meta name=\"author\" content=\"Pilar R\u00edos\" \/>\n<meta name=\"twitter:card\" content=\"summary_large_image\" \/>\n<meta name=\"twitter:creator\" content=\"@theoxygenproj\" \/>\n<meta name=\"twitter:site\" content=\"@theoxygenproj\" \/>\n<meta name=\"twitter:label1\" content=\"Written by\" \/>\n\t<meta name=\"twitter:data1\" content=\"Pilar R\u00edos\" \/>\n<script type=\"application\/ld+json\" class=\"yoast-schema-graph\">{\"@context\":\"https:\\\/\\\/schema.org\",\"@graph\":[{\"@type\":\"Article\",\"@id\":\"https:\\\/\\\/www.theoxygenproject.com\\\/es\\\/vienen-por-nuestro-oceano-paremos-el-proximo-desastre-ambiental\\\/#article\",\"isPartOf\":{\"@id\":\"https:\\\/\\\/www.theoxygenproject.com\\\/es\\\/vienen-por-nuestro-oceano-paremos-el-proximo-desastre-ambiental\\\/\"},\"author\":{\"name\":\"Pilar R\u00edos\",\"@id\":\"https:\\\/\\\/www.theoxygenproject.com\\\/es\\\/#\\\/schema\\\/person\\\/fd1d50a727859a9283fdd988aca8d8fb\"},\"headline\":\"Vienen por nuestro oc\u00e9ano: paremos el pr\u00f3ximo desastre ambiental\",\"datePublished\":\"2022-07-29T17:31:04+00:00\",\"mainEntityOfPage\":{\"@id\":\"https:\\\/\\\/www.theoxygenproject.com\\\/es\\\/vienen-por-nuestro-oceano-paremos-el-proximo-desastre-ambiental\\\/\"},\"wordCount\":122,\"publisher\":{\"@id\":\"https:\\\/\\\/www.theoxygenproject.com\\\/es\\\/#organization\"},\"image\":{\"@id\":\"https:\\\/\\\/www.theoxygenproject.com\\\/es\\\/vienen-por-nuestro-oceano-paremos-el-proximo-desastre-ambiental\\\/#primaryimage\"},\"thumbnailUrl\":\"https:\\\/\\\/www.theoxygenproject.com\\\/es\\\/wp-content\\\/uploads\\\/2022\\\/07\\\/fondo-e1659117493480.png\",\"articleSection\":[\"Acci\u00f3n Clim\u00e1tica\",\"Cambio clim\u00e1tico\",\"pol\u00edtica\"],\"inLanguage\":\"en-US\"},{\"@type\":\"WebPage\",\"@id\":\"https:\\\/\\\/www.theoxygenproject.com\\\/es\\\/vienen-por-nuestro-oceano-paremos-el-proximo-desastre-ambiental\\\/\",\"url\":\"https:\\\/\\\/www.theoxygenproject.com\\\/es\\\/vienen-por-nuestro-oceano-paremos-el-proximo-desastre-ambiental\\\/\",\"name\":\"Vienen por nuestro oc\u00e9ano: paremos el pr\u00f3ximo desastre ambiental - The Oxygen Project\",\"isPartOf\":{\"@id\":\"https:\\\/\\\/www.theoxygenproject.com\\\/es\\\/#website\"},\"primaryImageOfPage\":{\"@id\":\"https:\\\/\\\/www.theoxygenproject.com\\\/es\\\/vienen-por-nuestro-oceano-paremos-el-proximo-desastre-ambiental\\\/#primaryimage\"},\"image\":{\"@id\":\"https:\\\/\\\/www.theoxygenproject.com\\\/es\\\/vienen-por-nuestro-oceano-paremos-el-proximo-desastre-ambiental\\\/#primaryimage\"},\"thumbnailUrl\":\"https:\\\/\\\/www.theoxygenproject.com\\\/es\\\/wp-content\\\/uploads\\\/2022\\\/07\\\/fondo-e1659117493480.png\",\"datePublished\":\"2022-07-29T17:31:04+00:00\",\"breadcrumb\":{\"@id\":\"https:\\\/\\\/www.theoxygenproject.com\\\/es\\\/vienen-por-nuestro-oceano-paremos-el-proximo-desastre-ambiental\\\/#breadcrumb\"},\"inLanguage\":\"en-US\",\"potentialAction\":[{\"@type\":\"ReadAction\",\"target\":[\"https:\\\/\\\/www.theoxygenproject.com\\\/es\\\/vienen-por-nuestro-oceano-paremos-el-proximo-desastre-ambiental\\\/\"]}]},{\"@type\":\"ImageObject\",\"inLanguage\":\"en-US\",\"@id\":\"https:\\\/\\\/www.theoxygenproject.com\\\/es\\\/vienen-por-nuestro-oceano-paremos-el-proximo-desastre-ambiental\\\/#primaryimage\",\"url\":\"https:\\\/\\\/www.theoxygenproject.com\\\/es\\\/wp-content\\\/uploads\\\/2022\\\/07\\\/fondo-e1659117493480.png\",\"contentUrl\":\"https:\\\/\\\/www.theoxygenproject.com\\\/es\\\/wp-content\\\/uploads\\\/2022\\\/07\\\/fondo-e1659117493480.png\",\"width\":500,\"height\":425},{\"@type\":\"BreadcrumbList\",\"@id\":\"https:\\\/\\\/www.theoxygenproject.com\\\/es\\\/vienen-por-nuestro-oceano-paremos-el-proximo-desastre-ambiental\\\/#breadcrumb\",\"itemListElement\":[{\"@type\":\"ListItem\",\"position\":1,\"name\":\"Home\",\"item\":\"https:\\\/\\\/www.theoxygenproject.com\\\/es\\\/\"},{\"@type\":\"ListItem\",\"position\":2,\"name\":\"Vienen por nuestro oc\u00e9ano: paremos el pr\u00f3ximo desastre ambiental\"}]},{\"@type\":\"WebSite\",\"@id\":\"https:\\\/\\\/www.theoxygenproject.com\\\/es\\\/#website\",\"url\":\"https:\\\/\\\/www.theoxygenproject.com\\\/es\\\/\",\"name\":\"The Oxygen Project\",\"description\":\"\",\"publisher\":{\"@id\":\"https:\\\/\\\/www.theoxygenproject.com\\\/es\\\/#organization\"},\"potentialAction\":[{\"@type\":\"SearchAction\",\"target\":{\"@type\":\"EntryPoint\",\"urlTemplate\":\"https:\\\/\\\/www.theoxygenproject.com\\\/es\\\/?s={search_term_string}\"},\"query-input\":{\"@type\":\"PropertyValueSpecification\",\"valueRequired\":true,\"valueName\":\"search_term_string\"}}],\"inLanguage\":\"en-US\"},{\"@type\":\"Organization\",\"@id\":\"https:\\\/\\\/www.theoxygenproject.com\\\/es\\\/#organization\",\"name\":\"The Oxygen Project\",\"url\":\"https:\\\/\\\/www.theoxygenproject.com\\\/es\\\/\",\"logo\":{\"@type\":\"ImageObject\",\"inLanguage\":\"en-US\",\"@id\":\"https:\\\/\\\/www.theoxygenproject.com\\\/es\\\/#\\\/schema\\\/logo\\\/image\\\/\",\"url\":\"https:\\\/\\\/www.theoxygenproject.com\\\/es\\\/wp-content\\\/uploads\\\/2024\\\/05\\\/top-logo-dark.png\",\"contentUrl\":\"https:\\\/\\\/www.theoxygenproject.com\\\/es\\\/wp-content\\\/uploads\\\/2024\\\/05\\\/top-logo-dark.png\",\"width\":384,\"height\":256,\"caption\":\"The Oxygen Project\"},\"image\":{\"@id\":\"https:\\\/\\\/www.theoxygenproject.com\\\/es\\\/#\\\/schema\\\/logo\\\/image\\\/\"},\"sameAs\":[\"https:\\\/\\\/www.facebook.com\\\/theoxygenproj\",\"https:\\\/\\\/x.com\\\/theoxygenproj\"]},{\"@type\":\"Person\",\"@id\":\"https:\\\/\\\/www.theoxygenproject.com\\\/es\\\/#\\\/schema\\\/person\\\/fd1d50a727859a9283fdd988aca8d8fb\",\"name\":\"Pilar R\u00edos\",\"image\":{\"@type\":\"ImageObject\",\"inLanguage\":\"en-US\",\"@id\":\"https:\\\/\\\/secure.gravatar.com\\\/avatar\\\/cb4cf509d6c8cf9193108e3149294241c2397964dbeb5a2a6e6b0a4a4127fc37?s=96&d=mm&r=g\",\"url\":\"https:\\\/\\\/secure.gravatar.com\\\/avatar\\\/cb4cf509d6c8cf9193108e3149294241c2397964dbeb5a2a6e6b0a4a4127fc37?s=96&d=mm&r=g\",\"contentUrl\":\"https:\\\/\\\/secure.gravatar.com\\\/avatar\\\/cb4cf509d6c8cf9193108e3149294241c2397964dbeb5a2a6e6b0a4a4127fc37?s=96&d=mm&r=g\",\"caption\":\"Pilar R\u00edos\"},\"url\":\"https:\\\/\\\/www.theoxygenproject.com\\\/es\\\/author\\\/admin-2\\\/\"}]}<\/script>\n<!-- \/ Yoast SEO plugin. -->","yoast_head_json":{"title":"Vienen por nuestro oc\u00e9ano: paremos el pr\u00f3ximo desastre ambiental - The Oxygen Project","robots":{"index":"index","follow":"follow","max-snippet":"max-snippet:-1","max-image-preview":"max-image-preview:large","max-video-preview":"max-video-preview:-1"},"canonical":"https:\/\/www.theoxygenproject.com\/es\/vienen-por-nuestro-oceano-paremos-el-proximo-desastre-ambiental\/","og_locale":"en_US","og_type":"article","og_title":"Vienen por nuestro oc\u00e9ano: paremos el pr\u00f3ximo desastre ambiental - The Oxygen Project","og_description":"&nbsp; Mientras hemos dado pasos significativos, la carrera de las mineras corre a toda velocidad, por esto estamos intensificando nuestros esfuerzos. Mientras la Autoridad Internacional de los Fondos Marinos se...","og_url":"https:\/\/www.theoxygenproject.com\/es\/vienen-por-nuestro-oceano-paremos-el-proximo-desastre-ambiental\/","og_site_name":"The Oxygen Project","article_publisher":"https:\/\/www.facebook.com\/theoxygenproj","article_published_time":"2022-07-29T17:31:04+00:00","og_image":[{"width":500,"height":425,"url":"https:\/\/www.theoxygenproject.com\/es\/wp-content\/uploads\/2022\/07\/fondo-e1659117493480.png","type":"image\/png"}],"author":"Pilar R\u00edos","twitter_card":"summary_large_image","twitter_creator":"@theoxygenproj","twitter_site":"@theoxygenproj","twitter_misc":{"Written by":"Pilar R\u00edos"},"schema":{"@context":"https:\/\/schema.org","@graph":[{"@type":"Article","@id":"https:\/\/www.theoxygenproject.com\/es\/vienen-por-nuestro-oceano-paremos-el-proximo-desastre-ambiental\/#article","isPartOf":{"@id":"https:\/\/www.theoxygenproject.com\/es\/vienen-por-nuestro-oceano-paremos-el-proximo-desastre-ambiental\/"},"author":{"name":"Pilar R\u00edos","@id":"https:\/\/www.theoxygenproject.com\/es\/#\/schema\/person\/fd1d50a727859a9283fdd988aca8d8fb"},"headline":"Vienen por nuestro oc\u00e9ano: paremos el pr\u00f3ximo desastre ambiental","datePublished":"2022-07-29T17:31:04+00:00","mainEntityOfPage":{"@id":"https:\/\/www.theoxygenproject.com\/es\/vienen-por-nuestro-oceano-paremos-el-proximo-desastre-ambiental\/"},"wordCount":122,"publisher":{"@id":"https:\/\/www.theoxygenproject.com\/es\/#organization"},"image":{"@id":"https:\/\/www.theoxygenproject.com\/es\/vienen-por-nuestro-oceano-paremos-el-proximo-desastre-ambiental\/#primaryimage"},"thumbnailUrl":"https:\/\/www.theoxygenproject.com\/es\/wp-content\/uploads\/2022\/07\/fondo-e1659117493480.png","articleSection":["Acci\u00f3n Clim\u00e1tica","Cambio clim\u00e1tico","pol\u00edtica"],"inLanguage":"en-US"},{"@type":"WebPage","@id":"https:\/\/www.theoxygenproject.com\/es\/vienen-por-nuestro-oceano-paremos-el-proximo-desastre-ambiental\/","url":"https:\/\/www.theoxygenproject.com\/es\/vienen-por-nuestro-oceano-paremos-el-proximo-desastre-ambiental\/","name":"Vienen por nuestro oc\u00e9ano: paremos el pr\u00f3ximo desastre ambiental - The Oxygen Project","isPartOf":{"@id":"https:\/\/www.theoxygenproject.com\/es\/#website"},"primaryImageOfPage":{"@id":"https:\/\/www.theoxygenproject.com\/es\/vienen-por-nuestro-oceano-paremos-el-proximo-desastre-ambiental\/#primaryimage"},"image":{"@id":"https:\/\/www.theoxygenproject.com\/es\/vienen-por-nuestro-oceano-paremos-el-proximo-desastre-ambiental\/#primaryimage"},"thumbnailUrl":"https:\/\/www.theoxygenproject.com\/es\/wp-content\/uploads\/2022\/07\/fondo-e1659117493480.png","datePublished":"2022-07-29T17:31:04+00:00","breadcrumb":{"@id":"https:\/\/www.theoxygenproject.com\/es\/vienen-por-nuestro-oceano-paremos-el-proximo-desastre-ambiental\/#breadcrumb"},"inLanguage":"en-US","potentialAction":[{"@type":"ReadAction","target":["https:\/\/www.theoxygenproject.com\/es\/vienen-por-nuestro-oceano-paremos-el-proximo-desastre-ambiental\/"]}]},{"@type":"ImageObject","inLanguage":"en-US","@id":"https:\/\/www.theoxygenproject.com\/es\/vienen-por-nuestro-oceano-paremos-el-proximo-desastre-ambiental\/#primaryimage","url":"https:\/\/www.theoxygenproject.com\/es\/wp-content\/uploads\/2022\/07\/fondo-e1659117493480.png","contentUrl":"https:\/\/www.theoxygenproject.com\/es\/wp-content\/uploads\/2022\/07\/fondo-e1659117493480.png","width":500,"height":425},{"@type":"BreadcrumbList","@id":"https:\/\/www.theoxygenproject.com\/es\/vienen-por-nuestro-oceano-paremos-el-proximo-desastre-ambiental\/#breadcrumb","itemListElement":[{"@type":"ListItem","position":1,"name":"Home","item":"https:\/\/www.theoxygenproject.com\/es\/"},{"@type":"ListItem","position":2,"name":"Vienen por nuestro oc\u00e9ano: paremos el pr\u00f3ximo desastre ambiental"}]},{"@type":"WebSite","@id":"https:\/\/www.theoxygenproject.com\/es\/#website","url":"https:\/\/www.theoxygenproject.com\/es\/","name":"The Oxygen Project","description":"","publisher":{"@id":"https:\/\/www.theoxygenproject.com\/es\/#organization"},"potentialAction":[{"@type":"SearchAction","target":{"@type":"EntryPoint","urlTemplate":"https:\/\/www.theoxygenproject.com\/es\/?s={search_term_string}"},"query-input":{"@type":"PropertyValueSpecification","valueRequired":true,"valueName":"search_term_string"}}],"inLanguage":"en-US"},{"@type":"Organization","@id":"https:\/\/www.theoxygenproject.com\/es\/#organization","name":"The Oxygen Project","url":"https:\/\/www.theoxygenproject.com\/es\/","logo":{"@type":"ImageObject","inLanguage":"en-US","@id":"https:\/\/www.theoxygenproject.com\/es\/#\/schema\/logo\/image\/","url":"https:\/\/www.theoxygenproject.com\/es\/wp-content\/uploads\/2024\/05\/top-logo-dark.png","contentUrl":"https:\/\/www.theoxygenproject.com\/es\/wp-content\/uploads\/2024\/05\/top-logo-dark.png","width":384,"height":256,"caption":"The Oxygen Project"},"image":{"@id":"https:\/\/www.theoxygenproject.com\/es\/#\/schema\/logo\/image\/"},"sameAs":["https:\/\/www.facebook.com\/theoxygenproj","https:\/\/x.com\/theoxygenproj"]},{"@type":"Person","@id":"https:\/\/www.theoxygenproject.com\/es\/#\/schema\/person\/fd1d50a727859a9283fdd988aca8d8fb","name":"Pilar R\u00edos","image":{"@type":"ImageObject","inLanguage":"en-US","@id":"https:\/\/secure.gravatar.com\/avatar\/cb4cf509d6c8cf9193108e3149294241c2397964dbeb5a2a6e6b0a4a4127fc37?s=96&d=mm&r=g","url":"https:\/\/secure.gravatar.com\/avatar\/cb4cf509d6c8cf9193108e3149294241c2397964dbeb5a2a6e6b0a4a4127fc37?s=96&d=mm&r=g","contentUrl":"https:\/\/secure.gravatar.com\/avatar\/cb4cf509d6c8cf9193108e3149294241c2397964dbeb5a2a6e6b0a4a4127fc37?s=96&d=mm&r=g","caption":"Pilar R\u00edos"},"url":"https:\/\/www.theoxygenproject.com\/es\/author\/admin-2\/"}]}},"_links":{"self":[{"href":"https:\/\/www.theoxygenproject.com\/es\/wp-json\/wp\/v2\/posts\/1609","targetHints":{"allow":["GET"]}}],"collection":[{"href":"https:\/\/www.theoxygenproject.com\/es\/wp-json\/wp\/v2\/posts"}],"about":[{"href":"https:\/\/www.theoxygenproject.com\/es\/wp-json\/wp\/v2\/types\/post"}],"author":[{"embeddable":true,"href":"https:\/\/www.theoxygenproject.com\/es\/wp-json\/wp\/v2\/users\/3"}],"replies":[{"embeddable":true,"href":"https:\/\/www.theoxygenproject.com\/es\/wp-json\/wp\/v2\/comments?post=1609"}],"version-history":[{"count":0,"href":"https:\/\/www.theoxygenproject.com\/es\/wp-json\/wp\/v2\/posts\/1609\/revisions"}],"wp:featuredmedia":[{"embeddable":true,"href":"https:\/\/www.theoxygenproject.com\/es\/wp-json\/wp\/v2\/media\/1621"}],"wp:attachment":[{"href":"https:\/\/www.theoxygenproject.com\/es\/wp-json\/wp\/v2\/media?parent=1609"}],"wp:term":[{"taxonomy":"category","embeddable":true,"href":"https:\/\/www.theoxygenproject.com\/es\/wp-json\/wp\/v2\/categories?post=1609"},{"taxonomy":"post_tag","embeddable":true,"href":"https:\/\/www.theoxygenproject.com\/es\/wp-json\/wp\/v2\/tags?post=1609"}],"curies":[{"name":"wp","href":"https:\/\/api.w.org\/{rel}","templated":true}]}}