{"id":1594,"date":"2022-07-22T21:00:20","date_gmt":"2022-07-22T18:00:20","guid":{"rendered":"https:\/\/www.theoxygenproject.com\/es\/?p=1594"},"modified":"2022-07-22T21:00:20","modified_gmt":"2022-07-22T18:00:20","slug":"que-es-duelo-ecologico-solastalgia-y-eco-angustia","status":"publish","type":"post","link":"https:\/\/www.theoxygenproject.com\/es\/que-es-duelo-ecologico-solastalgia-y-eco-angustia\/","title":{"rendered":"Qu\u00e9 es duelo ecol\u00f3gico, solastalgia y eco angustia"},"content":{"rendered":"<p>&nbsp;<\/p>\n<p><span style=\"font-weight: 400;\">Estamos en una crisis clim\u00e1tica y con ella nos ponemos en alerta, la salud mental es puesta en jaque al ser testigo de la mala calidad del aire, del agua y de los alimentos. La seguridad y la protecci\u00f3n de los ingresos y medios de subsistencia est\u00e1n en riesgo permanente y as\u00ed tambi\u00e9n los constantes cambios que se producen a nivel social y econ\u00f3mico.<\/span><\/p>\n<p>&nbsp;<\/p>\n<p><img loading=\"lazy\" decoding=\"async\" src=\"https:\/\/www.theoxygenproject.com\/es\/wp-content\/uploads\/2022\/07\/TOP_BLOG_Eco-Ansiedad-01-e1658510707934.jpg\" alt=\"\" width=\"600\" height=\"450\" class=\"aligncenter size-full wp-image-1595\" srcset=\"https:\/\/www.theoxygenproject.com\/es\/wp-content\/uploads\/2022\/07\/TOP_BLOG_Eco-Ansiedad-01-e1658510707934.jpg 600w, https:\/\/www.theoxygenproject.com\/es\/wp-content\/uploads\/2022\/07\/TOP_BLOG_Eco-Ansiedad-01-e1658510707934-300x225.jpg 300w\" sizes=\"auto, (max-width: 600px) 100vw, 600px\" \/><\/p>\n<p><span style=\"font-weight: 400;\">Han surgido nuevas maneras de nombrar c\u00f3mo nos afecta la ansiedad clim\u00e1tica, aparecen conceptos como <\/span><b>eco &#8211; ansiedad, eco &#8211; angustia, duelo ecol\u00f3gico, solastalgia <\/b><span style=\"font-weight: 400;\">entre otros. Para hablar de lo que est\u00e1 provocando el cambio clim\u00e1tico en la salud mental de las personas es que hablamos con <\/span><span style=\"font-weight: 400;\">Rodolfo Sapiains, Psic\u00f3logo e Investigador asociado del Centro de Ciencia del Clima y la Resiliencia (CR)2.<\/span><\/p>\n<p><span style=\"font-weight: 400;\">Poni\u00e9ndonos en contexto y de cara a la realidad, <\/span><span style=\"font-weight: 400;\">todos o la mayor\u00eda de nosotros hemos sufrido ansiedad, entonces nos preguntamos qu\u00e9 es la eco &#8211; ansiedad <\/span><i><span style=\"font-weight: 400;\">\u2013 <\/span><\/i><i><span style=\"font-weight: 400;\">Est\u00e1 la eco angustia o la angustia ambiental que son distintas cosas pero que tienen en com\u00fan este elemento de temor o de desesperaci\u00f3n frente a no saber qu\u00e9 hacer, y que la soluci\u00f3n no est\u00e1 en mis manos.\u2013<\/span><\/i><\/p>\n<p>&nbsp;<\/p>\n<p><img loading=\"lazy\" decoding=\"async\" src=\"https:\/\/www.theoxygenproject.com\/es\/wp-content\/uploads\/2022\/07\/TOP_BLOG_Eco-Ansiedad-04-e1658510931732.jpg\" alt=\"\" width=\"600\" height=\"300\" class=\"aligncenter size-full wp-image-1597\" srcset=\"https:\/\/www.theoxygenproject.com\/es\/wp-content\/uploads\/2022\/07\/TOP_BLOG_Eco-Ansiedad-04-e1658510931732.jpg 600w, https:\/\/www.theoxygenproject.com\/es\/wp-content\/uploads\/2022\/07\/TOP_BLOG_Eco-Ansiedad-04-e1658510931732-300x150.jpg 300w\" sizes=\"auto, (max-width: 600px) 100vw, 600px\" \/><\/p>\n<p><span style=\"font-weight: 400;\">As\u00ed vamos sumando nuevas palabras al vocabulario clim\u00e1tico que poco a poco se hace parte de nuestras vidas. Existen duelos por las p\u00e9rdidas que est\u00e1 sufriendo el planeta y con \u00e9l lo que provoca es <\/span><span style=\"font-weight: 400;\">un <\/span><b>duelo ecol\u00f3gico<\/b><span style=\"font-weight: 400;\"> o<\/span><b> ecological grief<\/b><span style=\"font-weight: 400;\"> que <\/span><i><span style=\"font-weight: 400;\">\u2013 <\/span><\/i><i><span style=\"font-weight: 400;\">es tambi\u00e9n una reacci\u00f3n de duelo por la p\u00e9rdida<\/span><\/i><i><span style=\"font-weight: 400;\">\u2013<\/span><\/i><\/p>\n<p>&nbsp;<\/p>\n<p><img loading=\"lazy\" decoding=\"async\" src=\"https:\/\/www.theoxygenproject.com\/es\/wp-content\/uploads\/2022\/07\/TOP_BLOG_Eco-Ansiedad-02-e1658510771386.jpg\" alt=\"\" width=\"600\" height=\"300\" class=\"aligncenter size-full wp-image-1596\" srcset=\"https:\/\/www.theoxygenproject.com\/es\/wp-content\/uploads\/2022\/07\/TOP_BLOG_Eco-Ansiedad-02-e1658510771386.jpg 600w, https:\/\/www.theoxygenproject.com\/es\/wp-content\/uploads\/2022\/07\/TOP_BLOG_Eco-Ansiedad-02-e1658510771386-300x150.jpg 300w\" sizes=\"auto, (max-width: 600px) 100vw, 600px\" \/><\/p>\n<p><span style=\"font-weight: 400;\">Aparentemente somos todos testigos de un desastre que no nos deja indiferentes y mucho menos a las personas que enfrentan en carne propia la p\u00e9rdida de sus territorios por el cambio clim\u00e1tico, lo que genera <\/span><b>solastalgia <\/b><span style=\"font-weight: 400;\">la que \u2013\u00a0 <\/span><i><span style=\"font-weight: 400;\">se relaciona tambi\u00e9n con un dolor que las personas sienten espec\u00edficamente cuando tienen una vinculaci\u00f3n muy importante con el lugar donde vive\u2013 <\/span><\/i><\/p>\n<p>&nbsp;<\/p>\n<p><img loading=\"lazy\" decoding=\"async\" src=\"https:\/\/www.theoxygenproject.com\/es\/wp-content\/uploads\/2022\/07\/TOP_BLOG_Eco-Ansiedad-03-e1658511023959.jpg\" alt=\"\" width=\"600\" height=\"300\" class=\"aligncenter size-full wp-image-1598\" srcset=\"https:\/\/www.theoxygenproject.com\/es\/wp-content\/uploads\/2022\/07\/TOP_BLOG_Eco-Ansiedad-03-e1658511023959.jpg 600w, https:\/\/www.theoxygenproject.com\/es\/wp-content\/uploads\/2022\/07\/TOP_BLOG_Eco-Ansiedad-03-e1658511023959-300x150.jpg 300w\" sizes=\"auto, (max-width: 600px) 100vw, 600px\" \/><\/p>\n<p><span style=\"font-weight: 400;\">Las secuelas psicol\u00f3gicas de la crisis clim\u00e1tica son cada vez m\u00e1s evidentes, por eso la <\/span><span style=\"font-weight: 400;\">OMS <\/span><span style=\"font-weight: 400;\">propone una serie de <\/span><b>recomendaciones<\/b><span style=\"font-weight: 400;\">:<\/span><\/p>\n<ul>\n<li style=\"font-weight: 400;\" aria-level=\"1\"><span style=\"font-weight: 400;\">Integrar las consideraciones sobre el cambio clim\u00e1tico en las pol\u00edticas y programas de salud mental para preparar la capacidad de respuesta ante la crisis clim\u00e1tica.<\/span><\/li>\n<li style=\"font-weight: 400;\" aria-level=\"1\"><span style=\"font-weight: 400;\">Integrar las <\/span><b>redes de apoyo a la salud mental y psicosocial<\/b><span style=\"font-weight: 400;\"> dentro de las pol\u00edticas relacionadas con el cambio clim\u00e1tico y la salud.<\/span><\/li>\n<li style=\"font-weight: 400;\" aria-level=\"1\"><span style=\"font-weight: 400;\">Construir a trav\u00e9s de acuerdos globales como los Objetivos de Desarrollo Sostenible o el Acuerdo de Par\u00eds.<\/span><\/li>\n<li style=\"font-weight: 400;\" aria-level=\"1\"><span style=\"font-weight: 400;\">Implementar <\/span><b>enfoques multisectoriales<\/b><span style=\"font-weight: 400;\"> y basados en la comunidad para reducir las vulnerabilidades y abordar la salud mental y los impactos psicosociales del cambio clim\u00e1tico.<\/span><\/li>\n<li style=\"font-weight: 400;\" aria-level=\"1\"><span style=\"font-weight: 400;\">Abordar las grandes brechas que existen en t\u00e9rminos de financiaci\u00f3n tanto desde el punto de vista de la salud mental, como para responder a los impactos en la salud del cambio clim\u00e1tico.<\/span><\/li>\n<\/ul>\n<p><img loading=\"lazy\" decoding=\"async\" src=\"https:\/\/www.theoxygenproject.com\/es\/wp-content\/uploads\/2022\/07\/TOP_BLOG_Eco-Ansiedad-06-e1658511188200.jpg\" alt=\"\" width=\"600\" height=\"300\" class=\"aligncenter size-full wp-image-1599\" srcset=\"https:\/\/www.theoxygenproject.com\/es\/wp-content\/uploads\/2022\/07\/TOP_BLOG_Eco-Ansiedad-06-e1658511188200.jpg 600w, https:\/\/www.theoxygenproject.com\/es\/wp-content\/uploads\/2022\/07\/TOP_BLOG_Eco-Ansiedad-06-e1658511188200-300x150.jpg 300w\" sizes=\"auto, (max-width: 600px) 100vw, 600px\" \/><\/p>\n<p><span style=\"font-weight: 400;\">Pero tambi\u00e9n <\/span><span style=\"font-weight: 400;\">Rodolfo Sapiains, Psic\u00f3logo e Investigador asociado del Centro de Ciencia del Clima y la Resiliencia (CR)2, nos deja algunas recomendaciones porque\u00a0 \u00a0 \u00a0 <\/span><i><span style=\"font-weight: 400;\">\u2013<\/span><\/i><i><span style=\"font-weight: 400;\">Tambi\u00e9n a veces las personas con eco ansiedad pueden experimentar emociones positivas asociadas a sentimientos de esperanza, de empoderamiento y de conexi\u00f3n con otros.\u2013<\/span><\/i><\/p>\n<p><span style=\"font-weight: 400;\">Aqu\u00ed la clave es la<\/span><b> esperanza <\/b><span style=\"font-weight: 400;\">porque <\/span><i><span style=\"font-weight: 400;\">\u2013 <\/span><\/i><i><span style=\"font-weight: 400;\">La ansiedad tiende a ser m\u00e1s desmovilizadora, o sea cuando tenemos ansiedad la gente tiende m\u00e1s a retirarse que a actua<\/span><\/i><span style=\"font-weight: 400;\">r\u2013 a lo que suma que \u2013 <\/span><i><span style=\"font-weight: 400;\">El cambio clim\u00e1tico se ha centrado tanto en lo catastr\u00f3fico y en la urgencia, lo que, termina gatillando muchas respuestas que desmovilizan, que hacen que la gente quiera desconectarse.<\/span><\/i><span style=\"font-weight: 400;\">\u2013 La esperanza sin duda alguna lleva a la acci\u00f3n <\/span><i><span style=\"font-weight: 400;\">\u00a0\u2013La esperanza siempre ha sido lo que ha sacado a la humanidad de las peores crisis\u2013<\/span><\/i><\/p>\n<p>&nbsp;<\/p>\n<p><img loading=\"lazy\" decoding=\"async\" src=\"https:\/\/www.theoxygenproject.com\/es\/wp-content\/uploads\/2022\/07\/TOP_BLOG_Eco-Ansiedad-05-e1658511246244.jpg\" alt=\"\" width=\"600\" height=\"300\" class=\"aligncenter size-full wp-image-1600\" srcset=\"https:\/\/www.theoxygenproject.com\/es\/wp-content\/uploads\/2022\/07\/TOP_BLOG_Eco-Ansiedad-05-e1658511246244.jpg 600w, https:\/\/www.theoxygenproject.com\/es\/wp-content\/uploads\/2022\/07\/TOP_BLOG_Eco-Ansiedad-05-e1658511246244-300x150.jpg 300w\" sizes=\"auto, (max-width: 600px) 100vw, 600px\" \/><\/p>\n<p><i><span style=\"font-weight: 400;\">Mira el video y conoce sobre eco &#8211; ansiedad, eco &#8211; angustia, duelo ecol\u00f3gico y solastalgia en palabras de\u00a0 <\/span><\/i><span style=\"font-weight: 400;\">Rodolfo Sapiains, Psic\u00f3logo e Investigador asociado del Centro de Ciencia del Clima y la Resiliencia (CR)2<\/span><\/p>\n<p>&nbsp;<\/p>\n<p>&nbsp;<\/p>\n<blockquote class=\"instagram-media\" data-instgrm-permalink=\"https:\/\/www.instagram.com\/reel\/CgUoROSjlHP\/?utm_source=ig_embed&amp;utm_campaign=loading\" data-instgrm-version=\"14\" style=\"background: #FFF; border: 0; border-radius: 3px; box-shadow: 0 0 1px 0 rgba(0,0,0,0.5),0 1px 10px 0 rgba(0,0,0,0.15); margin: 1px; max-width: 540px; min-width: 326px; padding: 0; width: calc(100% - 2px);\">\n<div style=\"padding: 16px;\">\n<p><a href=\"https:\/\/www.instagram.com\/reel\/CgUoROSjlHP\/?utm_source=ig_embed&amp;utm_campaign=loading\" style=\"background: #FFFFFF; line-height: 0; padding: 0 0; text-align: center; text-decoration: none; width: 100%;\" target=\"_blank\" rel=\"noopener\"> <\/a><\/p>\n<div style=\"display: flex; flex-direction: row; align-items: center;\">\n<div style=\"background-color: #f4f4f4; border-radius: 50%; flex-grow: 0; height: 40px; margin-right: 14px; width: 40px;\"><\/div>\n<div style=\"display: flex; flex-direction: column; flex-grow: 1; justify-content: center;\">\n<div style=\"background-color: #f4f4f4; border-radius: 4px; flex-grow: 0; height: 14px; margin-bottom: 6px; width: 100px;\"><\/div>\n<div style=\"background-color: #f4f4f4; border-radius: 4px; flex-grow: 0; height: 14px; width: 60px;\"><\/div>\n<\/div>\n<\/div>\n<div style=\"padding: 19% 0;\"><\/div>\n<div style=\"display: block; height: 50px; margin: 0 auto 12px; width: 50px;\"><svg width=\"50px\" height=\"50px\" viewbox=\"0 0 60 60\" version=\"1.1\" xmlns=\"https:\/\/www.w3.org\/2000\/svg\" xmlns:xlink=\"https:\/\/www.w3.org\/1999\/xlink\"><g stroke=\"none\" stroke-width=\"1\" fill=\"none\" fill-rule=\"evenodd\"><g transform=\"translate(-511.000000, -20.000000)\" fill=\"#000000\"><g><path d=\"M556.869,30.41 C554.814,30.41 553.148,32.076 553.148,34.131 C553.148,36.186 554.814,37.852 556.869,37.852 C558.924,37.852 560.59,36.186 560.59,34.131 C560.59,32.076 558.924,30.41 556.869,30.41 M541,60.657 C535.114,60.657 530.342,55.887 530.342,50 C530.342,44.114 535.114,39.342 541,39.342 C546.887,39.342 551.658,44.114 551.658,50 C551.658,55.887 546.887,60.657 541,60.657 M541,33.886 C532.1,33.886 524.886,41.1 524.886,50 C524.886,58.899 532.1,66.113 541,66.113 C549.9,66.113 557.115,58.899 557.115,50 C557.115,41.1 549.9,33.886 541,33.886 M565.378,62.101 C565.244,65.022 564.756,66.606 564.346,67.663 C563.803,69.06 563.154,70.057 562.106,71.106 C561.058,72.155 560.06,72.803 558.662,73.347 C557.607,73.757 556.021,74.244 553.102,74.378 C549.944,74.521 548.997,74.552 541,74.552 C533.003,74.552 532.056,74.521 528.898,74.378 C525.979,74.244 524.393,73.757 523.338,73.347 C521.94,72.803 520.942,72.155 519.894,71.106 C518.846,70.057 518.197,69.06 517.654,67.663 C517.244,66.606 516.755,65.022 516.623,62.101 C516.479,58.943 516.448,57.996 516.448,50 C516.448,42.003 516.479,41.056 516.623,37.899 C516.755,34.978 517.244,33.391 517.654,32.338 C518.197,30.938 518.846,29.942 519.894,28.894 C520.942,27.846 521.94,27.196 523.338,26.654 C524.393,26.244 525.979,25.756 528.898,25.623 C532.057,25.479 533.004,25.448 541,25.448 C548.997,25.448 549.943,25.479 553.102,25.623 C556.021,25.756 557.607,26.244 558.662,26.654 C560.06,27.196 561.058,27.846 562.106,28.894 C563.154,29.942 563.803,30.938 564.346,32.338 C564.756,33.391 565.244,34.978 565.378,37.899 C565.522,41.056 565.552,42.003 565.552,50 C565.552,57.996 565.522,58.943 565.378,62.101 M570.82,37.631 C570.674,34.438 570.167,32.258 569.425,30.349 C568.659,28.377 567.633,26.702 565.965,25.035 C564.297,23.368 562.623,22.342 560.652,21.575 C558.743,20.834 556.562,20.326 553.369,20.18 C550.169,20.033 549.148,20 541,20 C532.853,20 531.831,20.033 528.631,20.18 C525.438,20.326 523.257,20.834 521.349,21.575 C519.376,22.342 517.703,23.368 516.035,25.035 C514.368,26.702 513.342,28.377 512.574,30.349 C511.834,32.258 511.326,34.438 511.181,37.631 C511.035,40.831 511,41.851 511,50 C511,58.147 511.035,59.17 511.181,62.369 C511.326,65.562 511.834,67.743 512.574,69.651 C513.342,71.625 514.368,73.296 516.035,74.965 C517.703,76.634 519.376,77.658 521.349,78.425 C523.257,79.167 525.438,79.673 528.631,79.82 C531.831,79.965 532.853,80.001 541,80.001 C549.148,80.001 550.169,79.965 553.369,79.82 C556.562,79.673 558.743,79.167 560.652,78.425 C562.623,77.658 564.297,76.634 565.965,74.965 C567.633,73.296 568.659,71.625 569.425,69.651 C570.167,67.743 570.674,65.562 570.82,62.369 C570.966,59.17 571,58.147 571,50 C571,41.851 570.966,40.831 570.82,37.631\"><\/path><\/g><\/g><\/g><\/svg><\/div>\n<div style=\"padding-top: 8px;\">\n<div style=\"color: #3897f0; font-family: Arial,sans-serif; font-size: 14px; font-style: normal; font-weight: 550; line-height: 18px;\">View this post on Instagram<\/div>\n<\/div>\n<div style=\"padding: 12.5% 0;\"><\/div>\n<div style=\"display: flex; flex-direction: row; margin-bottom: 14px; align-items: center;\">\n<div>\n<div style=\"background-color: #f4f4f4; border-radius: 50%; height: 12.5px; width: 12.5px; transform: translateX(0px) translateY(7px);\"><\/div>\n<div style=\"background-color: #f4f4f4; height: 12.5px; transform: rotate(-45deg) translateX(3px) translateY(1px); width: 12.5px; flex-grow: 0; margin-right: 14px; margin-left: 2px;\"><\/div>\n<div style=\"background-color: #f4f4f4; border-radius: 50%; height: 12.5px; width: 12.5px; transform: translateX(9px) translateY(-18px);\"><\/div>\n<\/div>\n<div style=\"margin-left: 8px;\">\n<div style=\"background-color: #f4f4f4; border-radius: 50%; flex-grow: 0; height: 20px; width: 20px;\"><\/div>\n<div style=\"width: 0; height: 0; border-top: 2px solid transparent; border-left: 6px solid #f4f4f4; border-bottom: 2px solid transparent; transform: translateX(16px) translateY(-4px) rotate(30deg);\"><\/div>\n<\/div>\n<div style=\"margin-left: auto;\">\n<div style=\"width: 0px; border-top: 8px solid #F4F4F4; border-right: 8px solid transparent; transform: translateY(16px);\"><\/div>\n<div style=\"background-color: #f4f4f4; flex-grow: 0; height: 12px; width: 16px; transform: translateY(-4px);\"><\/div>\n<div style=\"width: 0; height: 0; border-top: 8px solid #F4F4F4; border-left: 8px solid transparent; transform: translateY(-4px) translateX(8px);\"><\/div>\n<\/div>\n<\/div>\n<div style=\"display: flex; flex-direction: column; flex-grow: 1; justify-content: center; margin-bottom: 24px;\">\n<div style=\"background-color: #f4f4f4; border-radius: 4px; flex-grow: 0; height: 14px; margin-bottom: 6px; width: 224px;\"><\/div>\n<div style=\"background-color: #f4f4f4; border-radius: 4px; flex-grow: 0; height: 14px; width: 144px;\"><\/div>\n<\/div>\n<p>&nbsp;<\/p>\n<p style=\"color: #c9c8cd; font-family: Arial,sans-serif; font-size: 14px; line-height: 17px; margin-bottom: 0; margin-top: 8px; overflow: hidden; padding: 8px 0 7px; text-align: center; text-overflow: ellipsis; white-space: nowrap;\"><a href=\"https:\/\/www.instagram.com\/reel\/CgUoROSjlHP\/?utm_source=ig_embed&amp;utm_campaign=loading\" style=\"color: #c9c8cd; font-family: Arial,sans-serif; font-size: 14px; font-style: normal; font-weight: normal; line-height: 17px; text-decoration: none;\" target=\"_blank\" rel=\"noopener\">Una publicaci\u00f3n compartida de The Oxygen Project.es (@theoxygenproject.es)<\/a><\/p>\n<\/div>\n<\/blockquote>\n<p><script async src=\"\/\/www.instagram.com\/embed.js\"><\/script><\/p>\n","protected":false},"excerpt":{"rendered":"<p>&nbsp; Estamos en una crisis clim\u00e1tica y con ella nos ponemos en alerta, la salud mental es puesta en jaque al ser testigo de la mala calidad del aire, del&#8230;<\/p>\n","protected":false},"author":3,"featured_media":1601,"comment_status":"closed","ping_status":"closed","sticky":false,"template":"","format":"standard","meta":{"_mo_disable_npp":"","footnotes":""},"categories":[3,13],"tags":[],"class_list":["post-1594","post","type-post","status-publish","format-standard","has-post-thumbnail","hentry","category-accion-climatica","category-health-and-lifestyle"],"yoast_head":"<!-- This site is optimized with the Yoast SEO plugin v28.3 - https:\/\/yoast.com\/product\/yoast-seo-wordpress\/ -->\n<title>Qu\u00e9 es duelo ecol\u00f3gico, solastalgia y eco angustia - The Oxygen Project<\/title>\n<meta name=\"robots\" content=\"index, follow, max-snippet:-1, max-image-preview:large, max-video-preview:-1\" \/>\n<link rel=\"canonical\" href=\"https:\/\/www.theoxygenproject.com\/es\/que-es-duelo-ecologico-solastalgia-y-eco-angustia\/\" \/>\n<meta property=\"og:locale\" content=\"en_US\" \/>\n<meta property=\"og:type\" content=\"article\" \/>\n<meta property=\"og:title\" content=\"Qu\u00e9 es duelo ecol\u00f3gico, solastalgia y eco angustia - The Oxygen Project\" \/>\n<meta property=\"og:description\" content=\"&nbsp; Estamos en una crisis clim\u00e1tica y con ella nos ponemos en alerta, la salud mental es puesta en jaque al ser testigo de la mala calidad del aire, del...\" \/>\n<meta property=\"og:url\" content=\"https:\/\/www.theoxygenproject.com\/es\/que-es-duelo-ecologico-solastalgia-y-eco-angustia\/\" \/>\n<meta property=\"og:site_name\" content=\"The Oxygen Project\" \/>\n<meta property=\"article:publisher\" content=\"https:\/\/www.facebook.com\/theoxygenproj\" \/>\n<meta property=\"article:published_time\" content=\"2022-07-22T18:00:20+00:00\" \/>\n<meta property=\"og:image\" content=\"https:\/\/www.theoxygenproject.com\/es\/wp-content\/uploads\/2022\/07\/TOP_BLOG_Eco-Ansiedad-01-1-e1658512697511.jpg\" \/>\n\t<meta property=\"og:image:width\" content=\"500\" \/>\n\t<meta property=\"og:image:height\" content=\"375\" \/>\n\t<meta property=\"og:image:type\" content=\"image\/jpeg\" \/>\n<meta name=\"author\" content=\"Pilar R\u00edos\" \/>\n<meta name=\"twitter:card\" content=\"summary_large_image\" \/>\n<meta name=\"twitter:creator\" content=\"@theoxygenproj\" \/>\n<meta name=\"twitter:site\" content=\"@theoxygenproj\" \/>\n<meta name=\"twitter:label1\" content=\"Written by\" \/>\n\t<meta name=\"twitter:data1\" content=\"Pilar R\u00edos\" \/>\n<script type=\"application\/ld+json\" class=\"yoast-schema-graph\">{\"@context\":\"https:\\\/\\\/schema.org\",\"@graph\":[{\"@type\":\"Article\",\"@id\":\"https:\\\/\\\/www.theoxygenproject.com\\\/es\\\/que-es-duelo-ecologico-solastalgia-y-eco-angustia\\\/#article\",\"isPartOf\":{\"@id\":\"https:\\\/\\\/www.theoxygenproject.com\\\/es\\\/que-es-duelo-ecologico-solastalgia-y-eco-angustia\\\/\"},\"author\":{\"name\":\"Pilar R\u00edos\",\"@id\":\"https:\\\/\\\/www.theoxygenproject.com\\\/es\\\/#\\\/schema\\\/person\\\/fd1d50a727859a9283fdd988aca8d8fb\"},\"headline\":\"Qu\u00e9 es duelo ecol\u00f3gico, solastalgia y eco angustia\",\"datePublished\":\"2022-07-22T18:00:20+00:00\",\"mainEntityOfPage\":{\"@id\":\"https:\\\/\\\/www.theoxygenproject.com\\\/es\\\/que-es-duelo-ecologico-solastalgia-y-eco-angustia\\\/\"},\"wordCount\":701,\"publisher\":{\"@id\":\"https:\\\/\\\/www.theoxygenproject.com\\\/es\\\/#organization\"},\"image\":{\"@id\":\"https:\\\/\\\/www.theoxygenproject.com\\\/es\\\/que-es-duelo-ecologico-solastalgia-y-eco-angustia\\\/#primaryimage\"},\"thumbnailUrl\":\"https:\\\/\\\/www.theoxygenproject.com\\\/es\\\/wp-content\\\/uploads\\\/2022\\\/07\\\/TOP_BLOG_Eco-Ansiedad-01-1-e1658512697511.jpg\",\"articleSection\":[\"Acci\u00f3n Clim\u00e1tica\",\"Noticias Ambientales\"],\"inLanguage\":\"en-US\"},{\"@type\":\"WebPage\",\"@id\":\"https:\\\/\\\/www.theoxygenproject.com\\\/es\\\/que-es-duelo-ecologico-solastalgia-y-eco-angustia\\\/\",\"url\":\"https:\\\/\\\/www.theoxygenproject.com\\\/es\\\/que-es-duelo-ecologico-solastalgia-y-eco-angustia\\\/\",\"name\":\"Qu\u00e9 es duelo ecol\u00f3gico, solastalgia y eco angustia - The Oxygen Project\",\"isPartOf\":{\"@id\":\"https:\\\/\\\/www.theoxygenproject.com\\\/es\\\/#website\"},\"primaryImageOfPage\":{\"@id\":\"https:\\\/\\\/www.theoxygenproject.com\\\/es\\\/que-es-duelo-ecologico-solastalgia-y-eco-angustia\\\/#primaryimage\"},\"image\":{\"@id\":\"https:\\\/\\\/www.theoxygenproject.com\\\/es\\\/que-es-duelo-ecologico-solastalgia-y-eco-angustia\\\/#primaryimage\"},\"thumbnailUrl\":\"https:\\\/\\\/www.theoxygenproject.com\\\/es\\\/wp-content\\\/uploads\\\/2022\\\/07\\\/TOP_BLOG_Eco-Ansiedad-01-1-e1658512697511.jpg\",\"datePublished\":\"2022-07-22T18:00:20+00:00\",\"breadcrumb\":{\"@id\":\"https:\\\/\\\/www.theoxygenproject.com\\\/es\\\/que-es-duelo-ecologico-solastalgia-y-eco-angustia\\\/#breadcrumb\"},\"inLanguage\":\"en-US\",\"potentialAction\":[{\"@type\":\"ReadAction\",\"target\":[\"https:\\\/\\\/www.theoxygenproject.com\\\/es\\\/que-es-duelo-ecologico-solastalgia-y-eco-angustia\\\/\"]}]},{\"@type\":\"ImageObject\",\"inLanguage\":\"en-US\",\"@id\":\"https:\\\/\\\/www.theoxygenproject.com\\\/es\\\/que-es-duelo-ecologico-solastalgia-y-eco-angustia\\\/#primaryimage\",\"url\":\"https:\\\/\\\/www.theoxygenproject.com\\\/es\\\/wp-content\\\/uploads\\\/2022\\\/07\\\/TOP_BLOG_Eco-Ansiedad-01-1-e1658512697511.jpg\",\"contentUrl\":\"https:\\\/\\\/www.theoxygenproject.com\\\/es\\\/wp-content\\\/uploads\\\/2022\\\/07\\\/TOP_BLOG_Eco-Ansiedad-01-1-e1658512697511.jpg\",\"width\":500,\"height\":375},{\"@type\":\"BreadcrumbList\",\"@id\":\"https:\\\/\\\/www.theoxygenproject.com\\\/es\\\/que-es-duelo-ecologico-solastalgia-y-eco-angustia\\\/#breadcrumb\",\"itemListElement\":[{\"@type\":\"ListItem\",\"position\":1,\"name\":\"Home\",\"item\":\"https:\\\/\\\/www.theoxygenproject.com\\\/es\\\/\"},{\"@type\":\"ListItem\",\"position\":2,\"name\":\"Qu\u00e9 es duelo ecol\u00f3gico, solastalgia y eco angustia\"}]},{\"@type\":\"WebSite\",\"@id\":\"https:\\\/\\\/www.theoxygenproject.com\\\/es\\\/#website\",\"url\":\"https:\\\/\\\/www.theoxygenproject.com\\\/es\\\/\",\"name\":\"The Oxygen Project\",\"description\":\"\",\"publisher\":{\"@id\":\"https:\\\/\\\/www.theoxygenproject.com\\\/es\\\/#organization\"},\"potentialAction\":[{\"@type\":\"SearchAction\",\"target\":{\"@type\":\"EntryPoint\",\"urlTemplate\":\"https:\\\/\\\/www.theoxygenproject.com\\\/es\\\/?s={search_term_string}\"},\"query-input\":{\"@type\":\"PropertyValueSpecification\",\"valueRequired\":true,\"valueName\":\"search_term_string\"}}],\"inLanguage\":\"en-US\"},{\"@type\":\"Organization\",\"@id\":\"https:\\\/\\\/www.theoxygenproject.com\\\/es\\\/#organization\",\"name\":\"The Oxygen Project\",\"url\":\"https:\\\/\\\/www.theoxygenproject.com\\\/es\\\/\",\"logo\":{\"@type\":\"ImageObject\",\"inLanguage\":\"en-US\",\"@id\":\"https:\\\/\\\/www.theoxygenproject.com\\\/es\\\/#\\\/schema\\\/logo\\\/image\\\/\",\"url\":\"https:\\\/\\\/www.theoxygenproject.com\\\/es\\\/wp-content\\\/uploads\\\/2024\\\/05\\\/top-logo-dark.png\",\"contentUrl\":\"https:\\\/\\\/www.theoxygenproject.com\\\/es\\\/wp-content\\\/uploads\\\/2024\\\/05\\\/top-logo-dark.png\",\"width\":384,\"height\":256,\"caption\":\"The Oxygen Project\"},\"image\":{\"@id\":\"https:\\\/\\\/www.theoxygenproject.com\\\/es\\\/#\\\/schema\\\/logo\\\/image\\\/\"},\"sameAs\":[\"https:\\\/\\\/www.facebook.com\\\/theoxygenproj\",\"https:\\\/\\\/x.com\\\/theoxygenproj\"]},{\"@type\":\"Person\",\"@id\":\"https:\\\/\\\/www.theoxygenproject.com\\\/es\\\/#\\\/schema\\\/person\\\/fd1d50a727859a9283fdd988aca8d8fb\",\"name\":\"Pilar R\u00edos\",\"image\":{\"@type\":\"ImageObject\",\"inLanguage\":\"en-US\",\"@id\":\"https:\\\/\\\/secure.gravatar.com\\\/avatar\\\/cb4cf509d6c8cf9193108e3149294241c2397964dbeb5a2a6e6b0a4a4127fc37?s=96&d=mm&r=g\",\"url\":\"https:\\\/\\\/secure.gravatar.com\\\/avatar\\\/cb4cf509d6c8cf9193108e3149294241c2397964dbeb5a2a6e6b0a4a4127fc37?s=96&d=mm&r=g\",\"contentUrl\":\"https:\\\/\\\/secure.gravatar.com\\\/avatar\\\/cb4cf509d6c8cf9193108e3149294241c2397964dbeb5a2a6e6b0a4a4127fc37?s=96&d=mm&r=g\",\"caption\":\"Pilar R\u00edos\"},\"url\":\"https:\\\/\\\/www.theoxygenproject.com\\\/es\\\/author\\\/admin-2\\\/\"}]}<\/script>\n<!-- \/ Yoast SEO plugin. -->","yoast_head_json":{"title":"Qu\u00e9 es duelo ecol\u00f3gico, solastalgia y eco angustia - The Oxygen Project","robots":{"index":"index","follow":"follow","max-snippet":"max-snippet:-1","max-image-preview":"max-image-preview:large","max-video-preview":"max-video-preview:-1"},"canonical":"https:\/\/www.theoxygenproject.com\/es\/que-es-duelo-ecologico-solastalgia-y-eco-angustia\/","og_locale":"en_US","og_type":"article","og_title":"Qu\u00e9 es duelo ecol\u00f3gico, solastalgia y eco angustia - The Oxygen Project","og_description":"&nbsp; Estamos en una crisis clim\u00e1tica y con ella nos ponemos en alerta, la salud mental es puesta en jaque al ser testigo de la mala calidad del aire, del...","og_url":"https:\/\/www.theoxygenproject.com\/es\/que-es-duelo-ecologico-solastalgia-y-eco-angustia\/","og_site_name":"The Oxygen Project","article_publisher":"https:\/\/www.facebook.com\/theoxygenproj","article_published_time":"2022-07-22T18:00:20+00:00","og_image":[{"width":500,"height":375,"url":"https:\/\/www.theoxygenproject.com\/es\/wp-content\/uploads\/2022\/07\/TOP_BLOG_Eco-Ansiedad-01-1-e1658512697511.jpg","type":"image\/jpeg"}],"author":"Pilar R\u00edos","twitter_card":"summary_large_image","twitter_creator":"@theoxygenproj","twitter_site":"@theoxygenproj","twitter_misc":{"Written by":"Pilar R\u00edos"},"schema":{"@context":"https:\/\/schema.org","@graph":[{"@type":"Article","@id":"https:\/\/www.theoxygenproject.com\/es\/que-es-duelo-ecologico-solastalgia-y-eco-angustia\/#article","isPartOf":{"@id":"https:\/\/www.theoxygenproject.com\/es\/que-es-duelo-ecologico-solastalgia-y-eco-angustia\/"},"author":{"name":"Pilar R\u00edos","@id":"https:\/\/www.theoxygenproject.com\/es\/#\/schema\/person\/fd1d50a727859a9283fdd988aca8d8fb"},"headline":"Qu\u00e9 es duelo ecol\u00f3gico, solastalgia y eco angustia","datePublished":"2022-07-22T18:00:20+00:00","mainEntityOfPage":{"@id":"https:\/\/www.theoxygenproject.com\/es\/que-es-duelo-ecologico-solastalgia-y-eco-angustia\/"},"wordCount":701,"publisher":{"@id":"https:\/\/www.theoxygenproject.com\/es\/#organization"},"image":{"@id":"https:\/\/www.theoxygenproject.com\/es\/que-es-duelo-ecologico-solastalgia-y-eco-angustia\/#primaryimage"},"thumbnailUrl":"https:\/\/www.theoxygenproject.com\/es\/wp-content\/uploads\/2022\/07\/TOP_BLOG_Eco-Ansiedad-01-1-e1658512697511.jpg","articleSection":["Acci\u00f3n Clim\u00e1tica","Noticias Ambientales"],"inLanguage":"en-US"},{"@type":"WebPage","@id":"https:\/\/www.theoxygenproject.com\/es\/que-es-duelo-ecologico-solastalgia-y-eco-angustia\/","url":"https:\/\/www.theoxygenproject.com\/es\/que-es-duelo-ecologico-solastalgia-y-eco-angustia\/","name":"Qu\u00e9 es duelo ecol\u00f3gico, solastalgia y eco angustia - The Oxygen Project","isPartOf":{"@id":"https:\/\/www.theoxygenproject.com\/es\/#website"},"primaryImageOfPage":{"@id":"https:\/\/www.theoxygenproject.com\/es\/que-es-duelo-ecologico-solastalgia-y-eco-angustia\/#primaryimage"},"image":{"@id":"https:\/\/www.theoxygenproject.com\/es\/que-es-duelo-ecologico-solastalgia-y-eco-angustia\/#primaryimage"},"thumbnailUrl":"https:\/\/www.theoxygenproject.com\/es\/wp-content\/uploads\/2022\/07\/TOP_BLOG_Eco-Ansiedad-01-1-e1658512697511.jpg","datePublished":"2022-07-22T18:00:20+00:00","breadcrumb":{"@id":"https:\/\/www.theoxygenproject.com\/es\/que-es-duelo-ecologico-solastalgia-y-eco-angustia\/#breadcrumb"},"inLanguage":"en-US","potentialAction":[{"@type":"ReadAction","target":["https:\/\/www.theoxygenproject.com\/es\/que-es-duelo-ecologico-solastalgia-y-eco-angustia\/"]}]},{"@type":"ImageObject","inLanguage":"en-US","@id":"https:\/\/www.theoxygenproject.com\/es\/que-es-duelo-ecologico-solastalgia-y-eco-angustia\/#primaryimage","url":"https:\/\/www.theoxygenproject.com\/es\/wp-content\/uploads\/2022\/07\/TOP_BLOG_Eco-Ansiedad-01-1-e1658512697511.jpg","contentUrl":"https:\/\/www.theoxygenproject.com\/es\/wp-content\/uploads\/2022\/07\/TOP_BLOG_Eco-Ansiedad-01-1-e1658512697511.jpg","width":500,"height":375},{"@type":"BreadcrumbList","@id":"https:\/\/www.theoxygenproject.com\/es\/que-es-duelo-ecologico-solastalgia-y-eco-angustia\/#breadcrumb","itemListElement":[{"@type":"ListItem","position":1,"name":"Home","item":"https:\/\/www.theoxygenproject.com\/es\/"},{"@type":"ListItem","position":2,"name":"Qu\u00e9 es duelo ecol\u00f3gico, solastalgia y eco angustia"}]},{"@type":"WebSite","@id":"https:\/\/www.theoxygenproject.com\/es\/#website","url":"https:\/\/www.theoxygenproject.com\/es\/","name":"The Oxygen Project","description":"","publisher":{"@id":"https:\/\/www.theoxygenproject.com\/es\/#organization"},"potentialAction":[{"@type":"SearchAction","target":{"@type":"EntryPoint","urlTemplate":"https:\/\/www.theoxygenproject.com\/es\/?s={search_term_string}"},"query-input":{"@type":"PropertyValueSpecification","valueRequired":true,"valueName":"search_term_string"}}],"inLanguage":"en-US"},{"@type":"Organization","@id":"https:\/\/www.theoxygenproject.com\/es\/#organization","name":"The Oxygen Project","url":"https:\/\/www.theoxygenproject.com\/es\/","logo":{"@type":"ImageObject","inLanguage":"en-US","@id":"https:\/\/www.theoxygenproject.com\/es\/#\/schema\/logo\/image\/","url":"https:\/\/www.theoxygenproject.com\/es\/wp-content\/uploads\/2024\/05\/top-logo-dark.png","contentUrl":"https:\/\/www.theoxygenproject.com\/es\/wp-content\/uploads\/2024\/05\/top-logo-dark.png","width":384,"height":256,"caption":"The Oxygen Project"},"image":{"@id":"https:\/\/www.theoxygenproject.com\/es\/#\/schema\/logo\/image\/"},"sameAs":["https:\/\/www.facebook.com\/theoxygenproj","https:\/\/x.com\/theoxygenproj"]},{"@type":"Person","@id":"https:\/\/www.theoxygenproject.com\/es\/#\/schema\/person\/fd1d50a727859a9283fdd988aca8d8fb","name":"Pilar R\u00edos","image":{"@type":"ImageObject","inLanguage":"en-US","@id":"https:\/\/secure.gravatar.com\/avatar\/cb4cf509d6c8cf9193108e3149294241c2397964dbeb5a2a6e6b0a4a4127fc37?s=96&d=mm&r=g","url":"https:\/\/secure.gravatar.com\/avatar\/cb4cf509d6c8cf9193108e3149294241c2397964dbeb5a2a6e6b0a4a4127fc37?s=96&d=mm&r=g","contentUrl":"https:\/\/secure.gravatar.com\/avatar\/cb4cf509d6c8cf9193108e3149294241c2397964dbeb5a2a6e6b0a4a4127fc37?s=96&d=mm&r=g","caption":"Pilar R\u00edos"},"url":"https:\/\/www.theoxygenproject.com\/es\/author\/admin-2\/"}]}},"_links":{"self":[{"href":"https:\/\/www.theoxygenproject.com\/es\/wp-json\/wp\/v2\/posts\/1594","targetHints":{"allow":["GET"]}}],"collection":[{"href":"https:\/\/www.theoxygenproject.com\/es\/wp-json\/wp\/v2\/posts"}],"about":[{"href":"https:\/\/www.theoxygenproject.com\/es\/wp-json\/wp\/v2\/types\/post"}],"author":[{"embeddable":true,"href":"https:\/\/www.theoxygenproject.com\/es\/wp-json\/wp\/v2\/users\/3"}],"replies":[{"embeddable":true,"href":"https:\/\/www.theoxygenproject.com\/es\/wp-json\/wp\/v2\/comments?post=1594"}],"version-history":[{"count":0,"href":"https:\/\/www.theoxygenproject.com\/es\/wp-json\/wp\/v2\/posts\/1594\/revisions"}],"wp:featuredmedia":[{"embeddable":true,"href":"https:\/\/www.theoxygenproject.com\/es\/wp-json\/wp\/v2\/media\/1601"}],"wp:attachment":[{"href":"https:\/\/www.theoxygenproject.com\/es\/wp-json\/wp\/v2\/media?parent=1594"}],"wp:term":[{"taxonomy":"category","embeddable":true,"href":"https:\/\/www.theoxygenproject.com\/es\/wp-json\/wp\/v2\/categories?post=1594"},{"taxonomy":"post_tag","embeddable":true,"href":"https:\/\/www.theoxygenproject.com\/es\/wp-json\/wp\/v2\/tags?post=1594"}],"curies":[{"name":"wp","href":"https:\/\/api.w.org\/{rel}","templated":true}]}}