{"id":1582,"date":"2022-07-14T22:56:23","date_gmt":"2022-07-14T19:56:23","guid":{"rendered":"https:\/\/www.theoxygenproject.com\/es\/?p=1582"},"modified":"2022-07-14T22:56:23","modified_gmt":"2022-07-14T19:56:23","slug":"burnout-el-sindrome-que-afecta-a-muchos-activistas","status":"publish","type":"post","link":"https:\/\/www.theoxygenproject.com\/es\/burnout-el-sindrome-que-afecta-a-muchos-activistas\/","title":{"rendered":"Burnout el s\u00edndrome que afecta a muchos activistas"},"content":{"rendered":"<p>&nbsp;<\/p>\n<p><span style=\"font-weight: 400;\">El s\u00edndrome de Fatiga por compasi\u00f3n, o burnout en ingl\u00e9s, es habitual en personas que dedican su tiempo al activismo, los que muchas veces se ven superados porque sienten que sus objetivos no est\u00e1n alineados con el resto de las personas o estos son dif\u00edciles de cumplir.<\/span><\/p>\n<p><span style=\"font-weight: 400;\">El Burnout supone<\/span><span style=\"font-weight: 400;\"> un problema en todos los movimientos pol\u00edticos y sociales. Cada d\u00eda, activistas comprometidos sufren y abandonan la lucha porque se queman. Es la respuesta que damos cuando existe la percepci\u00f3n que existe la diferencia entre los propios ideales y la realidad.<\/span><\/p>\n","protected":false},"excerpt":{"rendered":"<p>&nbsp; El s\u00edndrome de Fatiga por compasi\u00f3n, o burnout en ingl\u00e9s, es habitual en personas que dedican su tiempo al activismo, los que muchas veces se ven superados porque sienten&#8230;<\/p>\n","protected":false},"author":3,"featured_media":1589,"comment_status":"closed","ping_status":"closed","sticky":false,"template":"","format":"standard","meta":{"_mo_disable_npp":"","footnotes":""},"categories":[5,13],"tags":[],"class_list":["post-1582","post","type-post","status-publish","format-standard","has-post-thumbnail","hentry","category-cambio-climatico","category-health-and-lifestyle"],"yoast_head":"<!-- This site is optimized with the Yoast SEO plugin v28.3 - https:\/\/yoast.com\/product\/yoast-seo-wordpress\/ -->\n<title>Burnout el s\u00edndrome que afecta a muchos activistas - The Oxygen Project<\/title>\n<meta name=\"robots\" content=\"index, follow, max-snippet:-1, max-image-preview:large, max-video-preview:-1\" \/>\n<link rel=\"canonical\" href=\"https:\/\/www.theoxygenproject.com\/es\/burnout-el-sindrome-que-afecta-a-muchos-activistas\/\" \/>\n<meta property=\"og:locale\" content=\"en_US\" \/>\n<meta property=\"og:type\" content=\"article\" \/>\n<meta property=\"og:title\" content=\"Burnout el s\u00edndrome que afecta a muchos activistas - The Oxygen Project\" \/>\n<meta property=\"og:description\" content=\"&nbsp; El s\u00edndrome de Fatiga por compasi\u00f3n, o burnout en ingl\u00e9s, es habitual en personas que dedican su tiempo al activismo, los que muchas veces se ven superados porque sienten...\" \/>\n<meta property=\"og:url\" content=\"https:\/\/www.theoxygenproject.com\/es\/burnout-el-sindrome-que-afecta-a-muchos-activistas\/\" \/>\n<meta property=\"og:site_name\" content=\"The Oxygen Project\" \/>\n<meta property=\"article:publisher\" content=\"https:\/\/www.facebook.com\/theoxygenproj\" \/>\n<meta property=\"article:published_time\" content=\"2022-07-14T19:56:23+00:00\" \/>\n<meta property=\"og:image\" content=\"https:\/\/www.theoxygenproject.com\/es\/wp-content\/uploads\/2022\/07\/burnout-1-1-e1657825566682.jpg\" \/>\n\t<meta property=\"og:image:width\" content=\"500\" \/>\n\t<meta property=\"og:image:height\" content=\"278\" \/>\n\t<meta property=\"og:image:type\" content=\"image\/jpeg\" \/>\n<meta name=\"author\" content=\"Pilar R\u00edos\" \/>\n<meta name=\"twitter:card\" content=\"summary_large_image\" \/>\n<meta name=\"twitter:creator\" content=\"@theoxygenproj\" \/>\n<meta name=\"twitter:site\" content=\"@theoxygenproj\" \/>\n<meta name=\"twitter:label1\" content=\"Written by\" \/>\n\t<meta name=\"twitter:data1\" content=\"Pilar R\u00edos\" \/>\n<script type=\"application\/ld+json\" class=\"yoast-schema-graph\">{\"@context\":\"https:\\\/\\\/schema.org\",\"@graph\":[{\"@type\":\"Article\",\"@id\":\"https:\\\/\\\/www.theoxygenproject.com\\\/es\\\/burnout-el-sindrome-que-afecta-a-muchos-activistas\\\/#article\",\"isPartOf\":{\"@id\":\"https:\\\/\\\/www.theoxygenproject.com\\\/es\\\/burnout-el-sindrome-que-afecta-a-muchos-activistas\\\/\"},\"author\":{\"name\":\"Pilar R\u00edos\",\"@id\":\"https:\\\/\\\/www.theoxygenproject.com\\\/es\\\/#\\\/schema\\\/person\\\/fd1d50a727859a9283fdd988aca8d8fb\"},\"headline\":\"Burnout el s\u00edndrome que afecta a muchos activistas\",\"datePublished\":\"2022-07-14T19:56:23+00:00\",\"mainEntityOfPage\":{\"@id\":\"https:\\\/\\\/www.theoxygenproject.com\\\/es\\\/burnout-el-sindrome-que-afecta-a-muchos-activistas\\\/\"},\"wordCount\":109,\"publisher\":{\"@id\":\"https:\\\/\\\/www.theoxygenproject.com\\\/es\\\/#organization\"},\"image\":{\"@id\":\"https:\\\/\\\/www.theoxygenproject.com\\\/es\\\/burnout-el-sindrome-que-afecta-a-muchos-activistas\\\/#primaryimage\"},\"thumbnailUrl\":\"https:\\\/\\\/www.theoxygenproject.com\\\/es\\\/wp-content\\\/uploads\\\/2022\\\/07\\\/burnout-1-1-e1657825566682.jpg\",\"articleSection\":[\"Cambio clim\u00e1tico\",\"Noticias Ambientales\"],\"inLanguage\":\"en-US\"},{\"@type\":\"WebPage\",\"@id\":\"https:\\\/\\\/www.theoxygenproject.com\\\/es\\\/burnout-el-sindrome-que-afecta-a-muchos-activistas\\\/\",\"url\":\"https:\\\/\\\/www.theoxygenproject.com\\\/es\\\/burnout-el-sindrome-que-afecta-a-muchos-activistas\\\/\",\"name\":\"Burnout el s\u00edndrome que afecta a muchos activistas - The Oxygen Project\",\"isPartOf\":{\"@id\":\"https:\\\/\\\/www.theoxygenproject.com\\\/es\\\/#website\"},\"primaryImageOfPage\":{\"@id\":\"https:\\\/\\\/www.theoxygenproject.com\\\/es\\\/burnout-el-sindrome-que-afecta-a-muchos-activistas\\\/#primaryimage\"},\"image\":{\"@id\":\"https:\\\/\\\/www.theoxygenproject.com\\\/es\\\/burnout-el-sindrome-que-afecta-a-muchos-activistas\\\/#primaryimage\"},\"thumbnailUrl\":\"https:\\\/\\\/www.theoxygenproject.com\\\/es\\\/wp-content\\\/uploads\\\/2022\\\/07\\\/burnout-1-1-e1657825566682.jpg\",\"datePublished\":\"2022-07-14T19:56:23+00:00\",\"breadcrumb\":{\"@id\":\"https:\\\/\\\/www.theoxygenproject.com\\\/es\\\/burnout-el-sindrome-que-afecta-a-muchos-activistas\\\/#breadcrumb\"},\"inLanguage\":\"en-US\",\"potentialAction\":[{\"@type\":\"ReadAction\",\"target\":[\"https:\\\/\\\/www.theoxygenproject.com\\\/es\\\/burnout-el-sindrome-que-afecta-a-muchos-activistas\\\/\"]}]},{\"@type\":\"ImageObject\",\"inLanguage\":\"en-US\",\"@id\":\"https:\\\/\\\/www.theoxygenproject.com\\\/es\\\/burnout-el-sindrome-que-afecta-a-muchos-activistas\\\/#primaryimage\",\"url\":\"https:\\\/\\\/www.theoxygenproject.com\\\/es\\\/wp-content\\\/uploads\\\/2022\\\/07\\\/burnout-1-1-e1657825566682.jpg\",\"contentUrl\":\"https:\\\/\\\/www.theoxygenproject.com\\\/es\\\/wp-content\\\/uploads\\\/2022\\\/07\\\/burnout-1-1-e1657825566682.jpg\",\"width\":500,\"height\":278},{\"@type\":\"BreadcrumbList\",\"@id\":\"https:\\\/\\\/www.theoxygenproject.com\\\/es\\\/burnout-el-sindrome-que-afecta-a-muchos-activistas\\\/#breadcrumb\",\"itemListElement\":[{\"@type\":\"ListItem\",\"position\":1,\"name\":\"Home\",\"item\":\"https:\\\/\\\/www.theoxygenproject.com\\\/es\\\/\"},{\"@type\":\"ListItem\",\"position\":2,\"name\":\"Burnout el s\u00edndrome que afecta a muchos activistas\"}]},{\"@type\":\"WebSite\",\"@id\":\"https:\\\/\\\/www.theoxygenproject.com\\\/es\\\/#website\",\"url\":\"https:\\\/\\\/www.theoxygenproject.com\\\/es\\\/\",\"name\":\"The Oxygen Project\",\"description\":\"\",\"publisher\":{\"@id\":\"https:\\\/\\\/www.theoxygenproject.com\\\/es\\\/#organization\"},\"potentialAction\":[{\"@type\":\"SearchAction\",\"target\":{\"@type\":\"EntryPoint\",\"urlTemplate\":\"https:\\\/\\\/www.theoxygenproject.com\\\/es\\\/?s={search_term_string}\"},\"query-input\":{\"@type\":\"PropertyValueSpecification\",\"valueRequired\":true,\"valueName\":\"search_term_string\"}}],\"inLanguage\":\"en-US\"},{\"@type\":\"Organization\",\"@id\":\"https:\\\/\\\/www.theoxygenproject.com\\\/es\\\/#organization\",\"name\":\"The Oxygen Project\",\"url\":\"https:\\\/\\\/www.theoxygenproject.com\\\/es\\\/\",\"logo\":{\"@type\":\"ImageObject\",\"inLanguage\":\"en-US\",\"@id\":\"https:\\\/\\\/www.theoxygenproject.com\\\/es\\\/#\\\/schema\\\/logo\\\/image\\\/\",\"url\":\"https:\\\/\\\/www.theoxygenproject.com\\\/es\\\/wp-content\\\/uploads\\\/2024\\\/05\\\/top-logo-dark.png\",\"contentUrl\":\"https:\\\/\\\/www.theoxygenproject.com\\\/es\\\/wp-content\\\/uploads\\\/2024\\\/05\\\/top-logo-dark.png\",\"width\":384,\"height\":256,\"caption\":\"The Oxygen Project\"},\"image\":{\"@id\":\"https:\\\/\\\/www.theoxygenproject.com\\\/es\\\/#\\\/schema\\\/logo\\\/image\\\/\"},\"sameAs\":[\"https:\\\/\\\/www.facebook.com\\\/theoxygenproj\",\"https:\\\/\\\/x.com\\\/theoxygenproj\"]},{\"@type\":\"Person\",\"@id\":\"https:\\\/\\\/www.theoxygenproject.com\\\/es\\\/#\\\/schema\\\/person\\\/fd1d50a727859a9283fdd988aca8d8fb\",\"name\":\"Pilar R\u00edos\",\"image\":{\"@type\":\"ImageObject\",\"inLanguage\":\"en-US\",\"@id\":\"https:\\\/\\\/secure.gravatar.com\\\/avatar\\\/cb4cf509d6c8cf9193108e3149294241c2397964dbeb5a2a6e6b0a4a4127fc37?s=96&d=mm&r=g\",\"url\":\"https:\\\/\\\/secure.gravatar.com\\\/avatar\\\/cb4cf509d6c8cf9193108e3149294241c2397964dbeb5a2a6e6b0a4a4127fc37?s=96&d=mm&r=g\",\"contentUrl\":\"https:\\\/\\\/secure.gravatar.com\\\/avatar\\\/cb4cf509d6c8cf9193108e3149294241c2397964dbeb5a2a6e6b0a4a4127fc37?s=96&d=mm&r=g\",\"caption\":\"Pilar R\u00edos\"},\"url\":\"https:\\\/\\\/www.theoxygenproject.com\\\/es\\\/author\\\/admin-2\\\/\"}]}<\/script>\n<!-- \/ Yoast SEO plugin. -->","yoast_head_json":{"title":"Burnout el s\u00edndrome que afecta a muchos activistas - The Oxygen Project","robots":{"index":"index","follow":"follow","max-snippet":"max-snippet:-1","max-image-preview":"max-image-preview:large","max-video-preview":"max-video-preview:-1"},"canonical":"https:\/\/www.theoxygenproject.com\/es\/burnout-el-sindrome-que-afecta-a-muchos-activistas\/","og_locale":"en_US","og_type":"article","og_title":"Burnout el s\u00edndrome que afecta a muchos activistas - The Oxygen Project","og_description":"&nbsp; El s\u00edndrome de Fatiga por compasi\u00f3n, o burnout en ingl\u00e9s, es habitual en personas que dedican su tiempo al activismo, los que muchas veces se ven superados porque sienten...","og_url":"https:\/\/www.theoxygenproject.com\/es\/burnout-el-sindrome-que-afecta-a-muchos-activistas\/","og_site_name":"The Oxygen Project","article_publisher":"https:\/\/www.facebook.com\/theoxygenproj","article_published_time":"2022-07-14T19:56:23+00:00","og_image":[{"width":500,"height":278,"url":"https:\/\/www.theoxygenproject.com\/es\/wp-content\/uploads\/2022\/07\/burnout-1-1-e1657825566682.jpg","type":"image\/jpeg"}],"author":"Pilar R\u00edos","twitter_card":"summary_large_image","twitter_creator":"@theoxygenproj","twitter_site":"@theoxygenproj","twitter_misc":{"Written by":"Pilar R\u00edos"},"schema":{"@context":"https:\/\/schema.org","@graph":[{"@type":"Article","@id":"https:\/\/www.theoxygenproject.com\/es\/burnout-el-sindrome-que-afecta-a-muchos-activistas\/#article","isPartOf":{"@id":"https:\/\/www.theoxygenproject.com\/es\/burnout-el-sindrome-que-afecta-a-muchos-activistas\/"},"author":{"name":"Pilar R\u00edos","@id":"https:\/\/www.theoxygenproject.com\/es\/#\/schema\/person\/fd1d50a727859a9283fdd988aca8d8fb"},"headline":"Burnout el s\u00edndrome que afecta a muchos activistas","datePublished":"2022-07-14T19:56:23+00:00","mainEntityOfPage":{"@id":"https:\/\/www.theoxygenproject.com\/es\/burnout-el-sindrome-que-afecta-a-muchos-activistas\/"},"wordCount":109,"publisher":{"@id":"https:\/\/www.theoxygenproject.com\/es\/#organization"},"image":{"@id":"https:\/\/www.theoxygenproject.com\/es\/burnout-el-sindrome-que-afecta-a-muchos-activistas\/#primaryimage"},"thumbnailUrl":"https:\/\/www.theoxygenproject.com\/es\/wp-content\/uploads\/2022\/07\/burnout-1-1-e1657825566682.jpg","articleSection":["Cambio clim\u00e1tico","Noticias Ambientales"],"inLanguage":"en-US"},{"@type":"WebPage","@id":"https:\/\/www.theoxygenproject.com\/es\/burnout-el-sindrome-que-afecta-a-muchos-activistas\/","url":"https:\/\/www.theoxygenproject.com\/es\/burnout-el-sindrome-que-afecta-a-muchos-activistas\/","name":"Burnout el s\u00edndrome que afecta a muchos activistas - The Oxygen Project","isPartOf":{"@id":"https:\/\/www.theoxygenproject.com\/es\/#website"},"primaryImageOfPage":{"@id":"https:\/\/www.theoxygenproject.com\/es\/burnout-el-sindrome-que-afecta-a-muchos-activistas\/#primaryimage"},"image":{"@id":"https:\/\/www.theoxygenproject.com\/es\/burnout-el-sindrome-que-afecta-a-muchos-activistas\/#primaryimage"},"thumbnailUrl":"https:\/\/www.theoxygenproject.com\/es\/wp-content\/uploads\/2022\/07\/burnout-1-1-e1657825566682.jpg","datePublished":"2022-07-14T19:56:23+00:00","breadcrumb":{"@id":"https:\/\/www.theoxygenproject.com\/es\/burnout-el-sindrome-que-afecta-a-muchos-activistas\/#breadcrumb"},"inLanguage":"en-US","potentialAction":[{"@type":"ReadAction","target":["https:\/\/www.theoxygenproject.com\/es\/burnout-el-sindrome-que-afecta-a-muchos-activistas\/"]}]},{"@type":"ImageObject","inLanguage":"en-US","@id":"https:\/\/www.theoxygenproject.com\/es\/burnout-el-sindrome-que-afecta-a-muchos-activistas\/#primaryimage","url":"https:\/\/www.theoxygenproject.com\/es\/wp-content\/uploads\/2022\/07\/burnout-1-1-e1657825566682.jpg","contentUrl":"https:\/\/www.theoxygenproject.com\/es\/wp-content\/uploads\/2022\/07\/burnout-1-1-e1657825566682.jpg","width":500,"height":278},{"@type":"BreadcrumbList","@id":"https:\/\/www.theoxygenproject.com\/es\/burnout-el-sindrome-que-afecta-a-muchos-activistas\/#breadcrumb","itemListElement":[{"@type":"ListItem","position":1,"name":"Home","item":"https:\/\/www.theoxygenproject.com\/es\/"},{"@type":"ListItem","position":2,"name":"Burnout el s\u00edndrome que afecta a muchos activistas"}]},{"@type":"WebSite","@id":"https:\/\/www.theoxygenproject.com\/es\/#website","url":"https:\/\/www.theoxygenproject.com\/es\/","name":"The Oxygen Project","description":"","publisher":{"@id":"https:\/\/www.theoxygenproject.com\/es\/#organization"},"potentialAction":[{"@type":"SearchAction","target":{"@type":"EntryPoint","urlTemplate":"https:\/\/www.theoxygenproject.com\/es\/?s={search_term_string}"},"query-input":{"@type":"PropertyValueSpecification","valueRequired":true,"valueName":"search_term_string"}}],"inLanguage":"en-US"},{"@type":"Organization","@id":"https:\/\/www.theoxygenproject.com\/es\/#organization","name":"The Oxygen Project","url":"https:\/\/www.theoxygenproject.com\/es\/","logo":{"@type":"ImageObject","inLanguage":"en-US","@id":"https:\/\/www.theoxygenproject.com\/es\/#\/schema\/logo\/image\/","url":"https:\/\/www.theoxygenproject.com\/es\/wp-content\/uploads\/2024\/05\/top-logo-dark.png","contentUrl":"https:\/\/www.theoxygenproject.com\/es\/wp-content\/uploads\/2024\/05\/top-logo-dark.png","width":384,"height":256,"caption":"The Oxygen Project"},"image":{"@id":"https:\/\/www.theoxygenproject.com\/es\/#\/schema\/logo\/image\/"},"sameAs":["https:\/\/www.facebook.com\/theoxygenproj","https:\/\/x.com\/theoxygenproj"]},{"@type":"Person","@id":"https:\/\/www.theoxygenproject.com\/es\/#\/schema\/person\/fd1d50a727859a9283fdd988aca8d8fb","name":"Pilar R\u00edos","image":{"@type":"ImageObject","inLanguage":"en-US","@id":"https:\/\/secure.gravatar.com\/avatar\/cb4cf509d6c8cf9193108e3149294241c2397964dbeb5a2a6e6b0a4a4127fc37?s=96&d=mm&r=g","url":"https:\/\/secure.gravatar.com\/avatar\/cb4cf509d6c8cf9193108e3149294241c2397964dbeb5a2a6e6b0a4a4127fc37?s=96&d=mm&r=g","contentUrl":"https:\/\/secure.gravatar.com\/avatar\/cb4cf509d6c8cf9193108e3149294241c2397964dbeb5a2a6e6b0a4a4127fc37?s=96&d=mm&r=g","caption":"Pilar R\u00edos"},"url":"https:\/\/www.theoxygenproject.com\/es\/author\/admin-2\/"}]}},"_links":{"self":[{"href":"https:\/\/www.theoxygenproject.com\/es\/wp-json\/wp\/v2\/posts\/1582","targetHints":{"allow":["GET"]}}],"collection":[{"href":"https:\/\/www.theoxygenproject.com\/es\/wp-json\/wp\/v2\/posts"}],"about":[{"href":"https:\/\/www.theoxygenproject.com\/es\/wp-json\/wp\/v2\/types\/post"}],"author":[{"embeddable":true,"href":"https:\/\/www.theoxygenproject.com\/es\/wp-json\/wp\/v2\/users\/3"}],"replies":[{"embeddable":true,"href":"https:\/\/www.theoxygenproject.com\/es\/wp-json\/wp\/v2\/comments?post=1582"}],"version-history":[{"count":0,"href":"https:\/\/www.theoxygenproject.com\/es\/wp-json\/wp\/v2\/posts\/1582\/revisions"}],"wp:featuredmedia":[{"embeddable":true,"href":"https:\/\/www.theoxygenproject.com\/es\/wp-json\/wp\/v2\/media\/1589"}],"wp:attachment":[{"href":"https:\/\/www.theoxygenproject.com\/es\/wp-json\/wp\/v2\/media?parent=1582"}],"wp:term":[{"taxonomy":"category","embeddable":true,"href":"https:\/\/www.theoxygenproject.com\/es\/wp-json\/wp\/v2\/categories?post=1582"},{"taxonomy":"post_tag","embeddable":true,"href":"https:\/\/www.theoxygenproject.com\/es\/wp-json\/wp\/v2\/tags?post=1582"}],"curies":[{"name":"wp","href":"https:\/\/api.w.org\/{rel}","templated":true}]}}