{"id":1573,"date":"2022-07-02T20:07:07","date_gmt":"2022-07-02T17:07:07","guid":{"rendered":"https:\/\/www.theoxygenproject.com\/es\/?p=1573"},"modified":"2022-07-02T20:07:07","modified_gmt":"2022-07-02T17:07:07","slug":"martina-alvarez-de-la-vision-egocentrica-a-la-coexistencia","status":"publish","type":"post","link":"https:\/\/www.theoxygenproject.com\/es\/martina-alvarez-de-la-vision-egocentrica-a-la-coexistencia\/","title":{"rendered":"Martina \u00c1lvarez: de la visi\u00f3n egocentrica a la coexistencia"},"content":{"rendered":"<p><span style=\"font-weight: 400;\">Martina \u00c1lvarez, es argentina pero se define como su propia casa, siempre junto al mar. Para esta <\/span><span style=\"font-weight: 400;\">periodista ambiental, instructora de buceo, y conservacionista de tiburones, su prop\u00f3sito es crear conciencia sobre el oc\u00e9ano y su vida marina.\u00a0<\/span><\/p>\n<p><span style=\"font-weight: 400;\">La hoy denominada la voz del Oc\u00e9ano habla de su conexi\u00f3n con la naturaleza, del encuentro con el mar y c\u00f3mo estar cerca de la naturaleza la llev\u00f3 a encontrarse con ella misma. Porque para Martina<\/span><b> el mar se convirti\u00f3 en su br\u00fajula.<\/b><\/p>\n<p><img loading=\"lazy\" decoding=\"async\" src=\"https:\/\/www.theoxygenproject.com\/es\/wp-content\/uploads\/2022\/07\/272912265_144848411264350_9107400551355406716_n-e1656781070259.jpg\" alt=\"\" width=\"400\" height=\"500\" class=\"aligncenter wp-image-1574 size-full\" srcset=\"https:\/\/www.theoxygenproject.com\/es\/wp-content\/uploads\/2022\/07\/272912265_144848411264350_9107400551355406716_n-e1656781070259.jpg 400w, https:\/\/www.theoxygenproject.com\/es\/wp-content\/uploads\/2022\/07\/272912265_144848411264350_9107400551355406716_n-e1656781070259-240x300.jpg 240w\" sizes=\"auto, (max-width: 400px) 100vw, 400px\" \/><\/p>\n","protected":false},"excerpt":{"rendered":"<p>Martina \u00c1lvarez, es argentina pero se define como su propia casa, siempre junto al mar. Para esta periodista ambiental, instructora de buceo, y conservacionista de tiburones, su prop\u00f3sito es crear&#8230;<\/p>\n","protected":false},"author":3,"featured_media":1580,"comment_status":"closed","ping_status":"closed","sticky":false,"template":"","format":"standard","meta":{"_mo_disable_npp":"","footnotes":""},"categories":[3,4],"tags":[],"class_list":["post-1573","post","type-post","status-publish","format-standard","has-post-thumbnail","hentry","category-accion-climatica","category-voces"],"yoast_head":"<!-- This site is optimized with the Yoast SEO plugin v28.3 - https:\/\/yoast.com\/product\/yoast-seo-wordpress\/ -->\n<title>Martina \u00c1lvarez: de la visi\u00f3n egocentrica a la coexistencia - The Oxygen Project<\/title>\n<meta name=\"robots\" content=\"index, follow, max-snippet:-1, max-image-preview:large, max-video-preview:-1\" \/>\n<link rel=\"canonical\" href=\"https:\/\/www.theoxygenproject.com\/es\/martina-alvarez-de-la-vision-egocentrica-a-la-coexistencia\/\" \/>\n<meta property=\"og:locale\" content=\"en_US\" \/>\n<meta property=\"og:type\" content=\"article\" \/>\n<meta property=\"og:title\" content=\"Martina \u00c1lvarez: de la visi\u00f3n egocentrica a la coexistencia - The Oxygen Project\" \/>\n<meta property=\"og:description\" content=\"Martina \u00c1lvarez, es argentina pero se define como su propia casa, siempre junto al mar. Para esta periodista ambiental, instructora de buceo, y conservacionista de tiburones, su prop\u00f3sito es crear...\" \/>\n<meta property=\"og:url\" content=\"https:\/\/www.theoxygenproject.com\/es\/martina-alvarez-de-la-vision-egocentrica-a-la-coexistencia\/\" \/>\n<meta property=\"og:site_name\" content=\"The Oxygen Project\" \/>\n<meta property=\"article:publisher\" content=\"https:\/\/www.facebook.com\/theoxygenproj\" \/>\n<meta property=\"article:published_time\" content=\"2022-07-02T17:07:07+00:00\" \/>\n<meta property=\"og:image\" content=\"https:\/\/www.theoxygenproject.com\/es\/wp-content\/uploads\/2022\/07\/227479379_693076468197007_4277285300671199084_n-e1656781706354.jpg\" \/>\n\t<meta property=\"og:image:width\" content=\"500\" \/>\n\t<meta property=\"og:image:height\" content=\"625\" \/>\n\t<meta property=\"og:image:type\" content=\"image\/jpeg\" \/>\n<meta name=\"author\" content=\"Pilar R\u00edos\" \/>\n<meta name=\"twitter:card\" content=\"summary_large_image\" \/>\n<meta name=\"twitter:creator\" content=\"@theoxygenproj\" \/>\n<meta name=\"twitter:site\" content=\"@theoxygenproj\" \/>\n<meta name=\"twitter:label1\" content=\"Written by\" \/>\n\t<meta name=\"twitter:data1\" content=\"Pilar R\u00edos\" \/>\n<script type=\"application\/ld+json\" class=\"yoast-schema-graph\">{\"@context\":\"https:\\\/\\\/schema.org\",\"@graph\":[{\"@type\":\"Article\",\"@id\":\"https:\\\/\\\/www.theoxygenproject.com\\\/es\\\/martina-alvarez-de-la-vision-egocentrica-a-la-coexistencia\\\/#article\",\"isPartOf\":{\"@id\":\"https:\\\/\\\/www.theoxygenproject.com\\\/es\\\/martina-alvarez-de-la-vision-egocentrica-a-la-coexistencia\\\/\"},\"author\":{\"name\":\"Pilar R\u00edos\",\"@id\":\"https:\\\/\\\/www.theoxygenproject.com\\\/es\\\/#\\\/schema\\\/person\\\/fd1d50a727859a9283fdd988aca8d8fb\"},\"headline\":\"Martina \u00c1lvarez: de la visi\u00f3n egocentrica a la coexistencia\",\"datePublished\":\"2022-07-02T17:07:07+00:00\",\"mainEntityOfPage\":{\"@id\":\"https:\\\/\\\/www.theoxygenproject.com\\\/es\\\/martina-alvarez-de-la-vision-egocentrica-a-la-coexistencia\\\/\"},\"wordCount\":97,\"publisher\":{\"@id\":\"https:\\\/\\\/www.theoxygenproject.com\\\/es\\\/#organization\"},\"image\":{\"@id\":\"https:\\\/\\\/www.theoxygenproject.com\\\/es\\\/martina-alvarez-de-la-vision-egocentrica-a-la-coexistencia\\\/#primaryimage\"},\"thumbnailUrl\":\"https:\\\/\\\/www.theoxygenproject.com\\\/es\\\/wp-content\\\/uploads\\\/2022\\\/07\\\/227479379_693076468197007_4277285300671199084_n-e1656781706354.jpg\",\"articleSection\":[\"Acci\u00f3n Clim\u00e1tica\",\"Defensores\"],\"inLanguage\":\"en-US\"},{\"@type\":\"WebPage\",\"@id\":\"https:\\\/\\\/www.theoxygenproject.com\\\/es\\\/martina-alvarez-de-la-vision-egocentrica-a-la-coexistencia\\\/\",\"url\":\"https:\\\/\\\/www.theoxygenproject.com\\\/es\\\/martina-alvarez-de-la-vision-egocentrica-a-la-coexistencia\\\/\",\"name\":\"Martina \u00c1lvarez: de la visi\u00f3n egocentrica a la coexistencia - The Oxygen Project\",\"isPartOf\":{\"@id\":\"https:\\\/\\\/www.theoxygenproject.com\\\/es\\\/#website\"},\"primaryImageOfPage\":{\"@id\":\"https:\\\/\\\/www.theoxygenproject.com\\\/es\\\/martina-alvarez-de-la-vision-egocentrica-a-la-coexistencia\\\/#primaryimage\"},\"image\":{\"@id\":\"https:\\\/\\\/www.theoxygenproject.com\\\/es\\\/martina-alvarez-de-la-vision-egocentrica-a-la-coexistencia\\\/#primaryimage\"},\"thumbnailUrl\":\"https:\\\/\\\/www.theoxygenproject.com\\\/es\\\/wp-content\\\/uploads\\\/2022\\\/07\\\/227479379_693076468197007_4277285300671199084_n-e1656781706354.jpg\",\"datePublished\":\"2022-07-02T17:07:07+00:00\",\"breadcrumb\":{\"@id\":\"https:\\\/\\\/www.theoxygenproject.com\\\/es\\\/martina-alvarez-de-la-vision-egocentrica-a-la-coexistencia\\\/#breadcrumb\"},\"inLanguage\":\"en-US\",\"potentialAction\":[{\"@type\":\"ReadAction\",\"target\":[\"https:\\\/\\\/www.theoxygenproject.com\\\/es\\\/martina-alvarez-de-la-vision-egocentrica-a-la-coexistencia\\\/\"]}]},{\"@type\":\"ImageObject\",\"inLanguage\":\"en-US\",\"@id\":\"https:\\\/\\\/www.theoxygenproject.com\\\/es\\\/martina-alvarez-de-la-vision-egocentrica-a-la-coexistencia\\\/#primaryimage\",\"url\":\"https:\\\/\\\/www.theoxygenproject.com\\\/es\\\/wp-content\\\/uploads\\\/2022\\\/07\\\/227479379_693076468197007_4277285300671199084_n-e1656781706354.jpg\",\"contentUrl\":\"https:\\\/\\\/www.theoxygenproject.com\\\/es\\\/wp-content\\\/uploads\\\/2022\\\/07\\\/227479379_693076468197007_4277285300671199084_n-e1656781706354.jpg\",\"width\":500,\"height\":625},{\"@type\":\"BreadcrumbList\",\"@id\":\"https:\\\/\\\/www.theoxygenproject.com\\\/es\\\/martina-alvarez-de-la-vision-egocentrica-a-la-coexistencia\\\/#breadcrumb\",\"itemListElement\":[{\"@type\":\"ListItem\",\"position\":1,\"name\":\"Home\",\"item\":\"https:\\\/\\\/www.theoxygenproject.com\\\/es\\\/\"},{\"@type\":\"ListItem\",\"position\":2,\"name\":\"Martina \u00c1lvarez: de la visi\u00f3n egocentrica a la coexistencia\"}]},{\"@type\":\"WebSite\",\"@id\":\"https:\\\/\\\/www.theoxygenproject.com\\\/es\\\/#website\",\"url\":\"https:\\\/\\\/www.theoxygenproject.com\\\/es\\\/\",\"name\":\"The Oxygen Project\",\"description\":\"\",\"publisher\":{\"@id\":\"https:\\\/\\\/www.theoxygenproject.com\\\/es\\\/#organization\"},\"potentialAction\":[{\"@type\":\"SearchAction\",\"target\":{\"@type\":\"EntryPoint\",\"urlTemplate\":\"https:\\\/\\\/www.theoxygenproject.com\\\/es\\\/?s={search_term_string}\"},\"query-input\":{\"@type\":\"PropertyValueSpecification\",\"valueRequired\":true,\"valueName\":\"search_term_string\"}}],\"inLanguage\":\"en-US\"},{\"@type\":\"Organization\",\"@id\":\"https:\\\/\\\/www.theoxygenproject.com\\\/es\\\/#organization\",\"name\":\"The Oxygen Project\",\"url\":\"https:\\\/\\\/www.theoxygenproject.com\\\/es\\\/\",\"logo\":{\"@type\":\"ImageObject\",\"inLanguage\":\"en-US\",\"@id\":\"https:\\\/\\\/www.theoxygenproject.com\\\/es\\\/#\\\/schema\\\/logo\\\/image\\\/\",\"url\":\"https:\\\/\\\/www.theoxygenproject.com\\\/es\\\/wp-content\\\/uploads\\\/2024\\\/05\\\/top-logo-dark.png\",\"contentUrl\":\"https:\\\/\\\/www.theoxygenproject.com\\\/es\\\/wp-content\\\/uploads\\\/2024\\\/05\\\/top-logo-dark.png\",\"width\":384,\"height\":256,\"caption\":\"The Oxygen Project\"},\"image\":{\"@id\":\"https:\\\/\\\/www.theoxygenproject.com\\\/es\\\/#\\\/schema\\\/logo\\\/image\\\/\"},\"sameAs\":[\"https:\\\/\\\/www.facebook.com\\\/theoxygenproj\",\"https:\\\/\\\/x.com\\\/theoxygenproj\"]},{\"@type\":\"Person\",\"@id\":\"https:\\\/\\\/www.theoxygenproject.com\\\/es\\\/#\\\/schema\\\/person\\\/fd1d50a727859a9283fdd988aca8d8fb\",\"name\":\"Pilar R\u00edos\",\"image\":{\"@type\":\"ImageObject\",\"inLanguage\":\"en-US\",\"@id\":\"https:\\\/\\\/secure.gravatar.com\\\/avatar\\\/cb4cf509d6c8cf9193108e3149294241c2397964dbeb5a2a6e6b0a4a4127fc37?s=96&d=mm&r=g\",\"url\":\"https:\\\/\\\/secure.gravatar.com\\\/avatar\\\/cb4cf509d6c8cf9193108e3149294241c2397964dbeb5a2a6e6b0a4a4127fc37?s=96&d=mm&r=g\",\"contentUrl\":\"https:\\\/\\\/secure.gravatar.com\\\/avatar\\\/cb4cf509d6c8cf9193108e3149294241c2397964dbeb5a2a6e6b0a4a4127fc37?s=96&d=mm&r=g\",\"caption\":\"Pilar R\u00edos\"},\"url\":\"https:\\\/\\\/www.theoxygenproject.com\\\/es\\\/author\\\/admin-2\\\/\"}]}<\/script>\n<!-- \/ Yoast SEO plugin. -->","yoast_head_json":{"title":"Martina \u00c1lvarez: de la visi\u00f3n egocentrica a la coexistencia - The Oxygen Project","robots":{"index":"index","follow":"follow","max-snippet":"max-snippet:-1","max-image-preview":"max-image-preview:large","max-video-preview":"max-video-preview:-1"},"canonical":"https:\/\/www.theoxygenproject.com\/es\/martina-alvarez-de-la-vision-egocentrica-a-la-coexistencia\/","og_locale":"en_US","og_type":"article","og_title":"Martina \u00c1lvarez: de la visi\u00f3n egocentrica a la coexistencia - The Oxygen Project","og_description":"Martina \u00c1lvarez, es argentina pero se define como su propia casa, siempre junto al mar. Para esta periodista ambiental, instructora de buceo, y conservacionista de tiburones, su prop\u00f3sito es crear...","og_url":"https:\/\/www.theoxygenproject.com\/es\/martina-alvarez-de-la-vision-egocentrica-a-la-coexistencia\/","og_site_name":"The Oxygen Project","article_publisher":"https:\/\/www.facebook.com\/theoxygenproj","article_published_time":"2022-07-02T17:07:07+00:00","og_image":[{"width":500,"height":625,"url":"https:\/\/www.theoxygenproject.com\/es\/wp-content\/uploads\/2022\/07\/227479379_693076468197007_4277285300671199084_n-e1656781706354.jpg","type":"image\/jpeg"}],"author":"Pilar R\u00edos","twitter_card":"summary_large_image","twitter_creator":"@theoxygenproj","twitter_site":"@theoxygenproj","twitter_misc":{"Written by":"Pilar R\u00edos"},"schema":{"@context":"https:\/\/schema.org","@graph":[{"@type":"Article","@id":"https:\/\/www.theoxygenproject.com\/es\/martina-alvarez-de-la-vision-egocentrica-a-la-coexistencia\/#article","isPartOf":{"@id":"https:\/\/www.theoxygenproject.com\/es\/martina-alvarez-de-la-vision-egocentrica-a-la-coexistencia\/"},"author":{"name":"Pilar R\u00edos","@id":"https:\/\/www.theoxygenproject.com\/es\/#\/schema\/person\/fd1d50a727859a9283fdd988aca8d8fb"},"headline":"Martina \u00c1lvarez: de la visi\u00f3n egocentrica a la coexistencia","datePublished":"2022-07-02T17:07:07+00:00","mainEntityOfPage":{"@id":"https:\/\/www.theoxygenproject.com\/es\/martina-alvarez-de-la-vision-egocentrica-a-la-coexistencia\/"},"wordCount":97,"publisher":{"@id":"https:\/\/www.theoxygenproject.com\/es\/#organization"},"image":{"@id":"https:\/\/www.theoxygenproject.com\/es\/martina-alvarez-de-la-vision-egocentrica-a-la-coexistencia\/#primaryimage"},"thumbnailUrl":"https:\/\/www.theoxygenproject.com\/es\/wp-content\/uploads\/2022\/07\/227479379_693076468197007_4277285300671199084_n-e1656781706354.jpg","articleSection":["Acci\u00f3n Clim\u00e1tica","Defensores"],"inLanguage":"en-US"},{"@type":"WebPage","@id":"https:\/\/www.theoxygenproject.com\/es\/martina-alvarez-de-la-vision-egocentrica-a-la-coexistencia\/","url":"https:\/\/www.theoxygenproject.com\/es\/martina-alvarez-de-la-vision-egocentrica-a-la-coexistencia\/","name":"Martina \u00c1lvarez: de la visi\u00f3n egocentrica a la coexistencia - The Oxygen Project","isPartOf":{"@id":"https:\/\/www.theoxygenproject.com\/es\/#website"},"primaryImageOfPage":{"@id":"https:\/\/www.theoxygenproject.com\/es\/martina-alvarez-de-la-vision-egocentrica-a-la-coexistencia\/#primaryimage"},"image":{"@id":"https:\/\/www.theoxygenproject.com\/es\/martina-alvarez-de-la-vision-egocentrica-a-la-coexistencia\/#primaryimage"},"thumbnailUrl":"https:\/\/www.theoxygenproject.com\/es\/wp-content\/uploads\/2022\/07\/227479379_693076468197007_4277285300671199084_n-e1656781706354.jpg","datePublished":"2022-07-02T17:07:07+00:00","breadcrumb":{"@id":"https:\/\/www.theoxygenproject.com\/es\/martina-alvarez-de-la-vision-egocentrica-a-la-coexistencia\/#breadcrumb"},"inLanguage":"en-US","potentialAction":[{"@type":"ReadAction","target":["https:\/\/www.theoxygenproject.com\/es\/martina-alvarez-de-la-vision-egocentrica-a-la-coexistencia\/"]}]},{"@type":"ImageObject","inLanguage":"en-US","@id":"https:\/\/www.theoxygenproject.com\/es\/martina-alvarez-de-la-vision-egocentrica-a-la-coexistencia\/#primaryimage","url":"https:\/\/www.theoxygenproject.com\/es\/wp-content\/uploads\/2022\/07\/227479379_693076468197007_4277285300671199084_n-e1656781706354.jpg","contentUrl":"https:\/\/www.theoxygenproject.com\/es\/wp-content\/uploads\/2022\/07\/227479379_693076468197007_4277285300671199084_n-e1656781706354.jpg","width":500,"height":625},{"@type":"BreadcrumbList","@id":"https:\/\/www.theoxygenproject.com\/es\/martina-alvarez-de-la-vision-egocentrica-a-la-coexistencia\/#breadcrumb","itemListElement":[{"@type":"ListItem","position":1,"name":"Home","item":"https:\/\/www.theoxygenproject.com\/es\/"},{"@type":"ListItem","position":2,"name":"Martina \u00c1lvarez: de la visi\u00f3n egocentrica a la coexistencia"}]},{"@type":"WebSite","@id":"https:\/\/www.theoxygenproject.com\/es\/#website","url":"https:\/\/www.theoxygenproject.com\/es\/","name":"The Oxygen Project","description":"","publisher":{"@id":"https:\/\/www.theoxygenproject.com\/es\/#organization"},"potentialAction":[{"@type":"SearchAction","target":{"@type":"EntryPoint","urlTemplate":"https:\/\/www.theoxygenproject.com\/es\/?s={search_term_string}"},"query-input":{"@type":"PropertyValueSpecification","valueRequired":true,"valueName":"search_term_string"}}],"inLanguage":"en-US"},{"@type":"Organization","@id":"https:\/\/www.theoxygenproject.com\/es\/#organization","name":"The Oxygen Project","url":"https:\/\/www.theoxygenproject.com\/es\/","logo":{"@type":"ImageObject","inLanguage":"en-US","@id":"https:\/\/www.theoxygenproject.com\/es\/#\/schema\/logo\/image\/","url":"https:\/\/www.theoxygenproject.com\/es\/wp-content\/uploads\/2024\/05\/top-logo-dark.png","contentUrl":"https:\/\/www.theoxygenproject.com\/es\/wp-content\/uploads\/2024\/05\/top-logo-dark.png","width":384,"height":256,"caption":"The Oxygen Project"},"image":{"@id":"https:\/\/www.theoxygenproject.com\/es\/#\/schema\/logo\/image\/"},"sameAs":["https:\/\/www.facebook.com\/theoxygenproj","https:\/\/x.com\/theoxygenproj"]},{"@type":"Person","@id":"https:\/\/www.theoxygenproject.com\/es\/#\/schema\/person\/fd1d50a727859a9283fdd988aca8d8fb","name":"Pilar R\u00edos","image":{"@type":"ImageObject","inLanguage":"en-US","@id":"https:\/\/secure.gravatar.com\/avatar\/cb4cf509d6c8cf9193108e3149294241c2397964dbeb5a2a6e6b0a4a4127fc37?s=96&d=mm&r=g","url":"https:\/\/secure.gravatar.com\/avatar\/cb4cf509d6c8cf9193108e3149294241c2397964dbeb5a2a6e6b0a4a4127fc37?s=96&d=mm&r=g","contentUrl":"https:\/\/secure.gravatar.com\/avatar\/cb4cf509d6c8cf9193108e3149294241c2397964dbeb5a2a6e6b0a4a4127fc37?s=96&d=mm&r=g","caption":"Pilar R\u00edos"},"url":"https:\/\/www.theoxygenproject.com\/es\/author\/admin-2\/"}]}},"_links":{"self":[{"href":"https:\/\/www.theoxygenproject.com\/es\/wp-json\/wp\/v2\/posts\/1573","targetHints":{"allow":["GET"]}}],"collection":[{"href":"https:\/\/www.theoxygenproject.com\/es\/wp-json\/wp\/v2\/posts"}],"about":[{"href":"https:\/\/www.theoxygenproject.com\/es\/wp-json\/wp\/v2\/types\/post"}],"author":[{"embeddable":true,"href":"https:\/\/www.theoxygenproject.com\/es\/wp-json\/wp\/v2\/users\/3"}],"replies":[{"embeddable":true,"href":"https:\/\/www.theoxygenproject.com\/es\/wp-json\/wp\/v2\/comments?post=1573"}],"version-history":[{"count":0,"href":"https:\/\/www.theoxygenproject.com\/es\/wp-json\/wp\/v2\/posts\/1573\/revisions"}],"wp:featuredmedia":[{"embeddable":true,"href":"https:\/\/www.theoxygenproject.com\/es\/wp-json\/wp\/v2\/media\/1580"}],"wp:attachment":[{"href":"https:\/\/www.theoxygenproject.com\/es\/wp-json\/wp\/v2\/media?parent=1573"}],"wp:term":[{"taxonomy":"category","embeddable":true,"href":"https:\/\/www.theoxygenproject.com\/es\/wp-json\/wp\/v2\/categories?post=1573"},{"taxonomy":"post_tag","embeddable":true,"href":"https:\/\/www.theoxygenproject.com\/es\/wp-json\/wp\/v2\/tags?post=1573"}],"curies":[{"name":"wp","href":"https:\/\/api.w.org\/{rel}","templated":true}]}}