{"id":1508,"date":"2022-03-04T18:12:48","date_gmt":"2022-03-04T15:12:48","guid":{"rendered":"https:\/\/www.theoxygenproject.com\/es\/?p=1508"},"modified":"2022-03-04T18:12:48","modified_gmt":"2022-03-04T15:12:48","slug":"nos-esta-respirando-de-frente-pero-solo-a-nosotrxs-sobre-crisis-climatica-y-justicia-ambiental","status":"publish","type":"post","link":"https:\/\/www.theoxygenproject.com\/es\/nos-esta-respirando-de-frente-pero-solo-a-nosotrxs-sobre-crisis-climatica-y-justicia-ambiental\/","title":{"rendered":"Nos est\u00e1 respirando de frente, pero s\u00f3lo a nosotrxs: sobre crisis clim\u00e1tica y justicia ambiental"},"content":{"rendered":"<p>&nbsp;<\/p>\n<p><span style=\"font-weight: 400;\">\u00bfQu\u00e9 nos diferencia en medio de conflictos b\u00e9licos internacionales, una crisis sanitaria global, y la crisis clim\u00e1tica?, parece ser una pregunta recurrente en las plataformas de redes sociales durante estos \u00faltimos d\u00edas. Los acontecimientos han llevado a una diversidad inconmensurable de usuarios a preguntarse por las consecuencias de una posible guerra, qui\u00e9nes se ver\u00edan directamente involucrados, en qu\u00e9 lugares, hacia d\u00f3nde podr\u00edan redirigirse las fuerzas, entre otras. Por su parte, las respuestas, opiniones, como el sin fin de cr\u00edticas -junto al miedo-, ponen de relieve lo que una y otra vez se nos presenta en las distintas luchas alrededor del mundo: la profunda herida de la desigualdad, la carencia de justicia no discriminatoria. Todas las crisis nos respiran de frente, cuando no estamos en igualdad de condiciones.<\/span><\/p>\n","protected":false},"excerpt":{"rendered":"<p>&nbsp; \u00bfQu\u00e9 nos diferencia en medio de conflictos b\u00e9licos internacionales, una crisis sanitaria global, y la crisis clim\u00e1tica?, parece ser una pregunta recurrente en las plataformas de redes sociales durante&#8230;<\/p>\n","protected":false},"author":9,"featured_media":1509,"comment_status":"closed","ping_status":"closed","sticky":false,"template":"","format":"standard","meta":{"_mo_disable_npp":"","footnotes":""},"categories":[3,14,10,5,11],"tags":[],"class_list":["post-1508","post","type-post","status-publish","format-standard","has-post-thumbnail","hentry","category-accion-climatica","category-agricultura","category-agua","category-cambio-climatico","category-politica"],"yoast_head":"<!-- This site is optimized with the Yoast SEO plugin v28.3 - https:\/\/yoast.com\/product\/yoast-seo-wordpress\/ -->\n<title>Nos est\u00e1 respirando de frente, pero s\u00f3lo a nosotrxs: sobre crisis clim\u00e1tica y justicia ambiental - The Oxygen Project<\/title>\n<meta name=\"robots\" content=\"index, follow, max-snippet:-1, max-image-preview:large, max-video-preview:-1\" \/>\n<link rel=\"canonical\" href=\"https:\/\/www.theoxygenproject.com\/es\/nos-esta-respirando-de-frente-pero-solo-a-nosotrxs-sobre-crisis-climatica-y-justicia-ambiental\/\" \/>\n<meta property=\"og:locale\" content=\"en_US\" \/>\n<meta property=\"og:type\" content=\"article\" \/>\n<meta property=\"og:title\" content=\"Nos est\u00e1 respirando de frente, pero s\u00f3lo a nosotrxs: sobre crisis clim\u00e1tica y justicia ambiental - The Oxygen Project\" \/>\n<meta property=\"og:description\" content=\"&nbsp; \u00bfQu\u00e9 nos diferencia en medio de conflictos b\u00e9licos internacionales, una crisis sanitaria global, y la crisis clim\u00e1tica?, parece ser una pregunta recurrente en las plataformas de redes sociales durante...\" \/>\n<meta property=\"og:url\" content=\"https:\/\/www.theoxygenproject.com\/es\/nos-esta-respirando-de-frente-pero-solo-a-nosotrxs-sobre-crisis-climatica-y-justicia-ambiental\/\" \/>\n<meta property=\"og:site_name\" content=\"The Oxygen Project\" \/>\n<meta property=\"article:publisher\" content=\"https:\/\/www.facebook.com\/theoxygenproj\" \/>\n<meta property=\"article:published_time\" content=\"2022-03-04T15:12:48+00:00\" \/>\n<meta property=\"og:image\" content=\"https:\/\/www.theoxygenproject.com\/es\/wp-content\/uploads\/2022\/03\/foto-chancho-blog.png\" \/>\n\t<meta property=\"og:image:width\" content=\"472\" \/>\n\t<meta property=\"og:image:height\" content=\"471\" \/>\n\t<meta property=\"og:image:type\" content=\"image\/png\" \/>\n<meta name=\"author\" content=\"Camila Rivera\" \/>\n<meta name=\"twitter:card\" content=\"summary_large_image\" \/>\n<meta name=\"twitter:creator\" content=\"@theoxygenproj\" \/>\n<meta name=\"twitter:site\" content=\"@theoxygenproj\" \/>\n<meta name=\"twitter:label1\" content=\"Written by\" \/>\n\t<meta name=\"twitter:data1\" content=\"Camila Rivera\" \/>\n\t<meta name=\"twitter:label2\" content=\"Est. reading time\" \/>\n\t<meta name=\"twitter:data2\" content=\"1 minute\" \/>\n<script type=\"application\/ld+json\" class=\"yoast-schema-graph\">{\"@context\":\"https:\\\/\\\/schema.org\",\"@graph\":[{\"@type\":\"Article\",\"@id\":\"https:\\\/\\\/www.theoxygenproject.com\\\/es\\\/nos-esta-respirando-de-frente-pero-solo-a-nosotrxs-sobre-crisis-climatica-y-justicia-ambiental\\\/#article\",\"isPartOf\":{\"@id\":\"https:\\\/\\\/www.theoxygenproject.com\\\/es\\\/nos-esta-respirando-de-frente-pero-solo-a-nosotrxs-sobre-crisis-climatica-y-justicia-ambiental\\\/\"},\"author\":{\"name\":\"Camila Rivera\",\"@id\":\"https:\\\/\\\/www.theoxygenproject.com\\\/es\\\/#\\\/schema\\\/person\\\/ffbd9a5c2a9f16969e591cb8ce8b208b\"},\"headline\":\"Nos est\u00e1 respirando de frente, pero s\u00f3lo a nosotrxs: sobre crisis clim\u00e1tica y justicia ambiental\",\"datePublished\":\"2022-03-04T15:12:48+00:00\",\"mainEntityOfPage\":{\"@id\":\"https:\\\/\\\/www.theoxygenproject.com\\\/es\\\/nos-esta-respirando-de-frente-pero-solo-a-nosotrxs-sobre-crisis-climatica-y-justicia-ambiental\\\/\"},\"wordCount\":153,\"publisher\":{\"@id\":\"https:\\\/\\\/www.theoxygenproject.com\\\/es\\\/#organization\"},\"image\":{\"@id\":\"https:\\\/\\\/www.theoxygenproject.com\\\/es\\\/nos-esta-respirando-de-frente-pero-solo-a-nosotrxs-sobre-crisis-climatica-y-justicia-ambiental\\\/#primaryimage\"},\"thumbnailUrl\":\"https:\\\/\\\/www.theoxygenproject.com\\\/es\\\/wp-content\\\/uploads\\\/2022\\\/03\\\/foto-chancho-blog.png\",\"articleSection\":[\"Acci\u00f3n Clim\u00e1tica\",\"Agricultura\",\"Agua\",\"Cambio clim\u00e1tico\",\"pol\u00edtica\"],\"inLanguage\":\"en-US\"},{\"@type\":\"WebPage\",\"@id\":\"https:\\\/\\\/www.theoxygenproject.com\\\/es\\\/nos-esta-respirando-de-frente-pero-solo-a-nosotrxs-sobre-crisis-climatica-y-justicia-ambiental\\\/\",\"url\":\"https:\\\/\\\/www.theoxygenproject.com\\\/es\\\/nos-esta-respirando-de-frente-pero-solo-a-nosotrxs-sobre-crisis-climatica-y-justicia-ambiental\\\/\",\"name\":\"Nos est\u00e1 respirando de frente, pero s\u00f3lo a nosotrxs: sobre crisis clim\u00e1tica y justicia ambiental - The Oxygen Project\",\"isPartOf\":{\"@id\":\"https:\\\/\\\/www.theoxygenproject.com\\\/es\\\/#website\"},\"primaryImageOfPage\":{\"@id\":\"https:\\\/\\\/www.theoxygenproject.com\\\/es\\\/nos-esta-respirando-de-frente-pero-solo-a-nosotrxs-sobre-crisis-climatica-y-justicia-ambiental\\\/#primaryimage\"},\"image\":{\"@id\":\"https:\\\/\\\/www.theoxygenproject.com\\\/es\\\/nos-esta-respirando-de-frente-pero-solo-a-nosotrxs-sobre-crisis-climatica-y-justicia-ambiental\\\/#primaryimage\"},\"thumbnailUrl\":\"https:\\\/\\\/www.theoxygenproject.com\\\/es\\\/wp-content\\\/uploads\\\/2022\\\/03\\\/foto-chancho-blog.png\",\"datePublished\":\"2022-03-04T15:12:48+00:00\",\"breadcrumb\":{\"@id\":\"https:\\\/\\\/www.theoxygenproject.com\\\/es\\\/nos-esta-respirando-de-frente-pero-solo-a-nosotrxs-sobre-crisis-climatica-y-justicia-ambiental\\\/#breadcrumb\"},\"inLanguage\":\"en-US\",\"potentialAction\":[{\"@type\":\"ReadAction\",\"target\":[\"https:\\\/\\\/www.theoxygenproject.com\\\/es\\\/nos-esta-respirando-de-frente-pero-solo-a-nosotrxs-sobre-crisis-climatica-y-justicia-ambiental\\\/\"]}]},{\"@type\":\"ImageObject\",\"inLanguage\":\"en-US\",\"@id\":\"https:\\\/\\\/www.theoxygenproject.com\\\/es\\\/nos-esta-respirando-de-frente-pero-solo-a-nosotrxs-sobre-crisis-climatica-y-justicia-ambiental\\\/#primaryimage\",\"url\":\"https:\\\/\\\/www.theoxygenproject.com\\\/es\\\/wp-content\\\/uploads\\\/2022\\\/03\\\/foto-chancho-blog.png\",\"contentUrl\":\"https:\\\/\\\/www.theoxygenproject.com\\\/es\\\/wp-content\\\/uploads\\\/2022\\\/03\\\/foto-chancho-blog.png\",\"width\":472,\"height\":471},{\"@type\":\"BreadcrumbList\",\"@id\":\"https:\\\/\\\/www.theoxygenproject.com\\\/es\\\/nos-esta-respirando-de-frente-pero-solo-a-nosotrxs-sobre-crisis-climatica-y-justicia-ambiental\\\/#breadcrumb\",\"itemListElement\":[{\"@type\":\"ListItem\",\"position\":1,\"name\":\"Home\",\"item\":\"https:\\\/\\\/www.theoxygenproject.com\\\/es\\\/\"},{\"@type\":\"ListItem\",\"position\":2,\"name\":\"Nos est\u00e1 respirando de frente, pero s\u00f3lo a nosotrxs: sobre crisis clim\u00e1tica y justicia ambiental\"}]},{\"@type\":\"WebSite\",\"@id\":\"https:\\\/\\\/www.theoxygenproject.com\\\/es\\\/#website\",\"url\":\"https:\\\/\\\/www.theoxygenproject.com\\\/es\\\/\",\"name\":\"The Oxygen Project\",\"description\":\"\",\"publisher\":{\"@id\":\"https:\\\/\\\/www.theoxygenproject.com\\\/es\\\/#organization\"},\"potentialAction\":[{\"@type\":\"SearchAction\",\"target\":{\"@type\":\"EntryPoint\",\"urlTemplate\":\"https:\\\/\\\/www.theoxygenproject.com\\\/es\\\/?s={search_term_string}\"},\"query-input\":{\"@type\":\"PropertyValueSpecification\",\"valueRequired\":true,\"valueName\":\"search_term_string\"}}],\"inLanguage\":\"en-US\"},{\"@type\":\"Organization\",\"@id\":\"https:\\\/\\\/www.theoxygenproject.com\\\/es\\\/#organization\",\"name\":\"The Oxygen Project\",\"url\":\"https:\\\/\\\/www.theoxygenproject.com\\\/es\\\/\",\"logo\":{\"@type\":\"ImageObject\",\"inLanguage\":\"en-US\",\"@id\":\"https:\\\/\\\/www.theoxygenproject.com\\\/es\\\/#\\\/schema\\\/logo\\\/image\\\/\",\"url\":\"https:\\\/\\\/www.theoxygenproject.com\\\/es\\\/wp-content\\\/uploads\\\/2024\\\/05\\\/top-logo-dark.png\",\"contentUrl\":\"https:\\\/\\\/www.theoxygenproject.com\\\/es\\\/wp-content\\\/uploads\\\/2024\\\/05\\\/top-logo-dark.png\",\"width\":384,\"height\":256,\"caption\":\"The Oxygen Project\"},\"image\":{\"@id\":\"https:\\\/\\\/www.theoxygenproject.com\\\/es\\\/#\\\/schema\\\/logo\\\/image\\\/\"},\"sameAs\":[\"https:\\\/\\\/www.facebook.com\\\/theoxygenproj\",\"https:\\\/\\\/x.com\\\/theoxygenproj\"]},{\"@type\":\"Person\",\"@id\":\"https:\\\/\\\/www.theoxygenproject.com\\\/es\\\/#\\\/schema\\\/person\\\/ffbd9a5c2a9f16969e591cb8ce8b208b\",\"name\":\"Camila Rivera\",\"image\":{\"@type\":\"ImageObject\",\"inLanguage\":\"en-US\",\"@id\":\"https:\\\/\\\/secure.gravatar.com\\\/avatar\\\/084f44d284516172876d0a3f4d0c63edece3fc14fe4252a524b657bb74d544bd?s=96&d=mm&r=g\",\"url\":\"https:\\\/\\\/secure.gravatar.com\\\/avatar\\\/084f44d284516172876d0a3f4d0c63edece3fc14fe4252a524b657bb74d544bd?s=96&d=mm&r=g\",\"contentUrl\":\"https:\\\/\\\/secure.gravatar.com\\\/avatar\\\/084f44d284516172876d0a3f4d0c63edece3fc14fe4252a524b657bb74d544bd?s=96&d=mm&r=g\",\"caption\":\"Camila Rivera\"},\"url\":\"https:\\\/\\\/www.theoxygenproject.com\\\/es\\\/author\\\/camila-rivera\\\/\"}]}<\/script>\n<!-- \/ Yoast SEO plugin. -->","yoast_head_json":{"title":"Nos est\u00e1 respirando de frente, pero s\u00f3lo a nosotrxs: sobre crisis clim\u00e1tica y justicia ambiental - The Oxygen Project","robots":{"index":"index","follow":"follow","max-snippet":"max-snippet:-1","max-image-preview":"max-image-preview:large","max-video-preview":"max-video-preview:-1"},"canonical":"https:\/\/www.theoxygenproject.com\/es\/nos-esta-respirando-de-frente-pero-solo-a-nosotrxs-sobre-crisis-climatica-y-justicia-ambiental\/","og_locale":"en_US","og_type":"article","og_title":"Nos est\u00e1 respirando de frente, pero s\u00f3lo a nosotrxs: sobre crisis clim\u00e1tica y justicia ambiental - The Oxygen Project","og_description":"&nbsp; \u00bfQu\u00e9 nos diferencia en medio de conflictos b\u00e9licos internacionales, una crisis sanitaria global, y la crisis clim\u00e1tica?, parece ser una pregunta recurrente en las plataformas de redes sociales durante...","og_url":"https:\/\/www.theoxygenproject.com\/es\/nos-esta-respirando-de-frente-pero-solo-a-nosotrxs-sobre-crisis-climatica-y-justicia-ambiental\/","og_site_name":"The Oxygen Project","article_publisher":"https:\/\/www.facebook.com\/theoxygenproj","article_published_time":"2022-03-04T15:12:48+00:00","og_image":[{"width":472,"height":471,"url":"https:\/\/www.theoxygenproject.com\/es\/wp-content\/uploads\/2022\/03\/foto-chancho-blog.png","type":"image\/png"}],"author":"Camila Rivera","twitter_card":"summary_large_image","twitter_creator":"@theoxygenproj","twitter_site":"@theoxygenproj","twitter_misc":{"Written by":"Camila Rivera","Est. reading time":"1 minute"},"schema":{"@context":"https:\/\/schema.org","@graph":[{"@type":"Article","@id":"https:\/\/www.theoxygenproject.com\/es\/nos-esta-respirando-de-frente-pero-solo-a-nosotrxs-sobre-crisis-climatica-y-justicia-ambiental\/#article","isPartOf":{"@id":"https:\/\/www.theoxygenproject.com\/es\/nos-esta-respirando-de-frente-pero-solo-a-nosotrxs-sobre-crisis-climatica-y-justicia-ambiental\/"},"author":{"name":"Camila Rivera","@id":"https:\/\/www.theoxygenproject.com\/es\/#\/schema\/person\/ffbd9a5c2a9f16969e591cb8ce8b208b"},"headline":"Nos est\u00e1 respirando de frente, pero s\u00f3lo a nosotrxs: sobre crisis clim\u00e1tica y justicia ambiental","datePublished":"2022-03-04T15:12:48+00:00","mainEntityOfPage":{"@id":"https:\/\/www.theoxygenproject.com\/es\/nos-esta-respirando-de-frente-pero-solo-a-nosotrxs-sobre-crisis-climatica-y-justicia-ambiental\/"},"wordCount":153,"publisher":{"@id":"https:\/\/www.theoxygenproject.com\/es\/#organization"},"image":{"@id":"https:\/\/www.theoxygenproject.com\/es\/nos-esta-respirando-de-frente-pero-solo-a-nosotrxs-sobre-crisis-climatica-y-justicia-ambiental\/#primaryimage"},"thumbnailUrl":"https:\/\/www.theoxygenproject.com\/es\/wp-content\/uploads\/2022\/03\/foto-chancho-blog.png","articleSection":["Acci\u00f3n Clim\u00e1tica","Agricultura","Agua","Cambio clim\u00e1tico","pol\u00edtica"],"inLanguage":"en-US"},{"@type":"WebPage","@id":"https:\/\/www.theoxygenproject.com\/es\/nos-esta-respirando-de-frente-pero-solo-a-nosotrxs-sobre-crisis-climatica-y-justicia-ambiental\/","url":"https:\/\/www.theoxygenproject.com\/es\/nos-esta-respirando-de-frente-pero-solo-a-nosotrxs-sobre-crisis-climatica-y-justicia-ambiental\/","name":"Nos est\u00e1 respirando de frente, pero s\u00f3lo a nosotrxs: sobre crisis clim\u00e1tica y justicia ambiental - The Oxygen Project","isPartOf":{"@id":"https:\/\/www.theoxygenproject.com\/es\/#website"},"primaryImageOfPage":{"@id":"https:\/\/www.theoxygenproject.com\/es\/nos-esta-respirando-de-frente-pero-solo-a-nosotrxs-sobre-crisis-climatica-y-justicia-ambiental\/#primaryimage"},"image":{"@id":"https:\/\/www.theoxygenproject.com\/es\/nos-esta-respirando-de-frente-pero-solo-a-nosotrxs-sobre-crisis-climatica-y-justicia-ambiental\/#primaryimage"},"thumbnailUrl":"https:\/\/www.theoxygenproject.com\/es\/wp-content\/uploads\/2022\/03\/foto-chancho-blog.png","datePublished":"2022-03-04T15:12:48+00:00","breadcrumb":{"@id":"https:\/\/www.theoxygenproject.com\/es\/nos-esta-respirando-de-frente-pero-solo-a-nosotrxs-sobre-crisis-climatica-y-justicia-ambiental\/#breadcrumb"},"inLanguage":"en-US","potentialAction":[{"@type":"ReadAction","target":["https:\/\/www.theoxygenproject.com\/es\/nos-esta-respirando-de-frente-pero-solo-a-nosotrxs-sobre-crisis-climatica-y-justicia-ambiental\/"]}]},{"@type":"ImageObject","inLanguage":"en-US","@id":"https:\/\/www.theoxygenproject.com\/es\/nos-esta-respirando-de-frente-pero-solo-a-nosotrxs-sobre-crisis-climatica-y-justicia-ambiental\/#primaryimage","url":"https:\/\/www.theoxygenproject.com\/es\/wp-content\/uploads\/2022\/03\/foto-chancho-blog.png","contentUrl":"https:\/\/www.theoxygenproject.com\/es\/wp-content\/uploads\/2022\/03\/foto-chancho-blog.png","width":472,"height":471},{"@type":"BreadcrumbList","@id":"https:\/\/www.theoxygenproject.com\/es\/nos-esta-respirando-de-frente-pero-solo-a-nosotrxs-sobre-crisis-climatica-y-justicia-ambiental\/#breadcrumb","itemListElement":[{"@type":"ListItem","position":1,"name":"Home","item":"https:\/\/www.theoxygenproject.com\/es\/"},{"@type":"ListItem","position":2,"name":"Nos est\u00e1 respirando de frente, pero s\u00f3lo a nosotrxs: sobre crisis clim\u00e1tica y justicia ambiental"}]},{"@type":"WebSite","@id":"https:\/\/www.theoxygenproject.com\/es\/#website","url":"https:\/\/www.theoxygenproject.com\/es\/","name":"The Oxygen Project","description":"","publisher":{"@id":"https:\/\/www.theoxygenproject.com\/es\/#organization"},"potentialAction":[{"@type":"SearchAction","target":{"@type":"EntryPoint","urlTemplate":"https:\/\/www.theoxygenproject.com\/es\/?s={search_term_string}"},"query-input":{"@type":"PropertyValueSpecification","valueRequired":true,"valueName":"search_term_string"}}],"inLanguage":"en-US"},{"@type":"Organization","@id":"https:\/\/www.theoxygenproject.com\/es\/#organization","name":"The Oxygen Project","url":"https:\/\/www.theoxygenproject.com\/es\/","logo":{"@type":"ImageObject","inLanguage":"en-US","@id":"https:\/\/www.theoxygenproject.com\/es\/#\/schema\/logo\/image\/","url":"https:\/\/www.theoxygenproject.com\/es\/wp-content\/uploads\/2024\/05\/top-logo-dark.png","contentUrl":"https:\/\/www.theoxygenproject.com\/es\/wp-content\/uploads\/2024\/05\/top-logo-dark.png","width":384,"height":256,"caption":"The Oxygen Project"},"image":{"@id":"https:\/\/www.theoxygenproject.com\/es\/#\/schema\/logo\/image\/"},"sameAs":["https:\/\/www.facebook.com\/theoxygenproj","https:\/\/x.com\/theoxygenproj"]},{"@type":"Person","@id":"https:\/\/www.theoxygenproject.com\/es\/#\/schema\/person\/ffbd9a5c2a9f16969e591cb8ce8b208b","name":"Camila Rivera","image":{"@type":"ImageObject","inLanguage":"en-US","@id":"https:\/\/secure.gravatar.com\/avatar\/084f44d284516172876d0a3f4d0c63edece3fc14fe4252a524b657bb74d544bd?s=96&d=mm&r=g","url":"https:\/\/secure.gravatar.com\/avatar\/084f44d284516172876d0a3f4d0c63edece3fc14fe4252a524b657bb74d544bd?s=96&d=mm&r=g","contentUrl":"https:\/\/secure.gravatar.com\/avatar\/084f44d284516172876d0a3f4d0c63edece3fc14fe4252a524b657bb74d544bd?s=96&d=mm&r=g","caption":"Camila Rivera"},"url":"https:\/\/www.theoxygenproject.com\/es\/author\/camila-rivera\/"}]}},"_links":{"self":[{"href":"https:\/\/www.theoxygenproject.com\/es\/wp-json\/wp\/v2\/posts\/1508","targetHints":{"allow":["GET"]}}],"collection":[{"href":"https:\/\/www.theoxygenproject.com\/es\/wp-json\/wp\/v2\/posts"}],"about":[{"href":"https:\/\/www.theoxygenproject.com\/es\/wp-json\/wp\/v2\/types\/post"}],"author":[{"embeddable":true,"href":"https:\/\/www.theoxygenproject.com\/es\/wp-json\/wp\/v2\/users\/9"}],"replies":[{"embeddable":true,"href":"https:\/\/www.theoxygenproject.com\/es\/wp-json\/wp\/v2\/comments?post=1508"}],"version-history":[{"count":0,"href":"https:\/\/www.theoxygenproject.com\/es\/wp-json\/wp\/v2\/posts\/1508\/revisions"}],"wp:featuredmedia":[{"embeddable":true,"href":"https:\/\/www.theoxygenproject.com\/es\/wp-json\/wp\/v2\/media\/1509"}],"wp:attachment":[{"href":"https:\/\/www.theoxygenproject.com\/es\/wp-json\/wp\/v2\/media?parent=1508"}],"wp:term":[{"taxonomy":"category","embeddable":true,"href":"https:\/\/www.theoxygenproject.com\/es\/wp-json\/wp\/v2\/categories?post=1508"},{"taxonomy":"post_tag","embeddable":true,"href":"https:\/\/www.theoxygenproject.com\/es\/wp-json\/wp\/v2\/tags?post=1508"}],"curies":[{"name":"wp","href":"https:\/\/api.w.org\/{rel}","templated":true}]}}