{"id":1482,"date":"2022-02-25T19:55:14","date_gmt":"2022-02-25T16:55:14","guid":{"rendered":"https:\/\/www.theoxygenproject.com\/es\/?p=1482"},"modified":"2022-02-25T19:55:14","modified_gmt":"2022-02-25T16:55:14","slug":"estamos-en-llamas-uno-de-los-mayores-humedales-de-sudamerica-se-quema","status":"publish","type":"post","link":"https:\/\/www.theoxygenproject.com\/es\/estamos-en-llamas-uno-de-los-mayores-humedales-de-sudamerica-se-quema\/","title":{"rendered":"\u00a1Estamos en llamas! Uno de los mayores humedales de Sudam\u00e9rica se quema"},"content":{"rendered":"<p>&nbsp;<\/p>\n<p><span style=\"font-weight: 400;\">Con olor a quemado se levantan hace 2 meses en Corrientes, una provincia ubicada en el Norte Grande argentino, la sequ\u00eda extrema gener\u00f3 <\/span><span style=\"font-weight: 400;\">las llamas que hoy devoran la reserva natural de los Esteros del Iber\u00e1, el mayor humedal de Argentina y el segundo de Sudam\u00e9rica. <\/span><span style=\"font-weight: 400;\">Casi el 9% de la provincia argentina de Corrientes, m\u00e1s de 900.000 hect\u00e1reas, han sido arrasada por el fuego. <\/span><\/p>\n","protected":false},"excerpt":{"rendered":"<p>&nbsp; Con olor a quemado se levantan hace 2 meses en Corrientes, una provincia ubicada en el Norte Grande argentino, la sequ\u00eda extrema gener\u00f3 las llamas que hoy devoran la&#8230;<\/p>\n","protected":false},"author":3,"featured_media":1489,"comment_status":"closed","ping_status":"closed","sticky":false,"template":"","format":"standard","meta":{"_mo_disable_npp":"","footnotes":""},"categories":[3,10,5,12,8,11,6],"tags":[],"class_list":["post-1482","post","type-post","status-publish","format-standard","has-post-thumbnail","hentry","category-accion-climatica","category-agua","category-cambio-climatico","category-deforestacion","category-fauna-silvestre","category-politica","category-land"],"yoast_head":"<!-- This site is optimized with the Yoast SEO plugin v28.3 - https:\/\/yoast.com\/product\/yoast-seo-wordpress\/ -->\n<title>\u00a1Estamos en llamas! Uno de los mayores humedales de Sudam\u00e9rica se quema - The Oxygen Project<\/title>\n<meta name=\"robots\" content=\"index, follow, max-snippet:-1, max-image-preview:large, max-video-preview:-1\" \/>\n<link rel=\"canonical\" href=\"https:\/\/www.theoxygenproject.com\/es\/estamos-en-llamas-uno-de-los-mayores-humedales-de-sudamerica-se-quema\/\" \/>\n<meta property=\"og:locale\" content=\"en_US\" \/>\n<meta property=\"og:type\" content=\"article\" \/>\n<meta property=\"og:title\" content=\"\u00a1Estamos en llamas! Uno de los mayores humedales de Sudam\u00e9rica se quema - The Oxygen Project\" \/>\n<meta property=\"og:description\" content=\"&nbsp; Con olor a quemado se levantan hace 2 meses en Corrientes, una provincia ubicada en el Norte Grande argentino, la sequ\u00eda extrema gener\u00f3 las llamas que hoy devoran la...\" \/>\n<meta property=\"og:url\" content=\"https:\/\/www.theoxygenproject.com\/es\/estamos-en-llamas-uno-de-los-mayores-humedales-de-sudamerica-se-quema\/\" \/>\n<meta property=\"og:site_name\" content=\"The Oxygen Project\" \/>\n<meta property=\"article:publisher\" content=\"https:\/\/www.facebook.com\/theoxygenproj\" \/>\n<meta property=\"article:published_time\" content=\"2022-02-25T16:55:14+00:00\" \/>\n<meta property=\"og:image\" content=\"https:\/\/www.theoxygenproject.com\/es\/wp-content\/uploads\/2022\/02\/fuegs.jpeg\" \/>\n\t<meta property=\"og:image:width\" content=\"720\" \/>\n\t<meta property=\"og:image:height\" content=\"404\" \/>\n\t<meta property=\"og:image:type\" content=\"image\/jpeg\" \/>\n<meta name=\"author\" content=\"Pilar R\u00edos\" \/>\n<meta name=\"twitter:card\" content=\"summary_large_image\" \/>\n<meta name=\"twitter:creator\" content=\"@theoxygenproj\" \/>\n<meta name=\"twitter:site\" content=\"@theoxygenproj\" \/>\n<meta name=\"twitter:label1\" content=\"Written by\" \/>\n\t<meta name=\"twitter:data1\" content=\"Pilar R\u00edos\" \/>\n<script type=\"application\/ld+json\" class=\"yoast-schema-graph\">{\"@context\":\"https:\\\/\\\/schema.org\",\"@graph\":[{\"@type\":\"Article\",\"@id\":\"https:\\\/\\\/www.theoxygenproject.com\\\/es\\\/estamos-en-llamas-uno-de-los-mayores-humedales-de-sudamerica-se-quema\\\/#article\",\"isPartOf\":{\"@id\":\"https:\\\/\\\/www.theoxygenproject.com\\\/es\\\/estamos-en-llamas-uno-de-los-mayores-humedales-de-sudamerica-se-quema\\\/\"},\"author\":{\"name\":\"Pilar R\u00edos\",\"@id\":\"https:\\\/\\\/www.theoxygenproject.com\\\/es\\\/#\\\/schema\\\/person\\\/fd1d50a727859a9283fdd988aca8d8fb\"},\"headline\":\"\u00a1Estamos en llamas! Uno de los mayores humedales de Sudam\u00e9rica se quema\",\"datePublished\":\"2022-02-25T16:55:14+00:00\",\"mainEntityOfPage\":{\"@id\":\"https:\\\/\\\/www.theoxygenproject.com\\\/es\\\/estamos-en-llamas-uno-de-los-mayores-humedales-de-sudamerica-se-quema\\\/\"},\"wordCount\":80,\"publisher\":{\"@id\":\"https:\\\/\\\/www.theoxygenproject.com\\\/es\\\/#organization\"},\"image\":{\"@id\":\"https:\\\/\\\/www.theoxygenproject.com\\\/es\\\/estamos-en-llamas-uno-de-los-mayores-humedales-de-sudamerica-se-quema\\\/#primaryimage\"},\"thumbnailUrl\":\"https:\\\/\\\/www.theoxygenproject.com\\\/es\\\/wp-content\\\/uploads\\\/2022\\\/02\\\/fuegs.jpeg\",\"articleSection\":[\"Acci\u00f3n Clim\u00e1tica\",\"Agua\",\"Cambio clim\u00e1tico\",\"Deforestaci\u00f3n\",\"Fauna silvestre\",\"pol\u00edtica\",\"Regeneraci\u00f3n\"],\"inLanguage\":\"en-US\"},{\"@type\":\"WebPage\",\"@id\":\"https:\\\/\\\/www.theoxygenproject.com\\\/es\\\/estamos-en-llamas-uno-de-los-mayores-humedales-de-sudamerica-se-quema\\\/\",\"url\":\"https:\\\/\\\/www.theoxygenproject.com\\\/es\\\/estamos-en-llamas-uno-de-los-mayores-humedales-de-sudamerica-se-quema\\\/\",\"name\":\"\u00a1Estamos en llamas! Uno de los mayores humedales de Sudam\u00e9rica se quema - The Oxygen Project\",\"isPartOf\":{\"@id\":\"https:\\\/\\\/www.theoxygenproject.com\\\/es\\\/#website\"},\"primaryImageOfPage\":{\"@id\":\"https:\\\/\\\/www.theoxygenproject.com\\\/es\\\/estamos-en-llamas-uno-de-los-mayores-humedales-de-sudamerica-se-quema\\\/#primaryimage\"},\"image\":{\"@id\":\"https:\\\/\\\/www.theoxygenproject.com\\\/es\\\/estamos-en-llamas-uno-de-los-mayores-humedales-de-sudamerica-se-quema\\\/#primaryimage\"},\"thumbnailUrl\":\"https:\\\/\\\/www.theoxygenproject.com\\\/es\\\/wp-content\\\/uploads\\\/2022\\\/02\\\/fuegs.jpeg\",\"datePublished\":\"2022-02-25T16:55:14+00:00\",\"breadcrumb\":{\"@id\":\"https:\\\/\\\/www.theoxygenproject.com\\\/es\\\/estamos-en-llamas-uno-de-los-mayores-humedales-de-sudamerica-se-quema\\\/#breadcrumb\"},\"inLanguage\":\"en-US\",\"potentialAction\":[{\"@type\":\"ReadAction\",\"target\":[\"https:\\\/\\\/www.theoxygenproject.com\\\/es\\\/estamos-en-llamas-uno-de-los-mayores-humedales-de-sudamerica-se-quema\\\/\"]}]},{\"@type\":\"ImageObject\",\"inLanguage\":\"en-US\",\"@id\":\"https:\\\/\\\/www.theoxygenproject.com\\\/es\\\/estamos-en-llamas-uno-de-los-mayores-humedales-de-sudamerica-se-quema\\\/#primaryimage\",\"url\":\"https:\\\/\\\/www.theoxygenproject.com\\\/es\\\/wp-content\\\/uploads\\\/2022\\\/02\\\/fuegs.jpeg\",\"contentUrl\":\"https:\\\/\\\/www.theoxygenproject.com\\\/es\\\/wp-content\\\/uploads\\\/2022\\\/02\\\/fuegs.jpeg\",\"width\":720,\"height\":404},{\"@type\":\"BreadcrumbList\",\"@id\":\"https:\\\/\\\/www.theoxygenproject.com\\\/es\\\/estamos-en-llamas-uno-de-los-mayores-humedales-de-sudamerica-se-quema\\\/#breadcrumb\",\"itemListElement\":[{\"@type\":\"ListItem\",\"position\":1,\"name\":\"Home\",\"item\":\"https:\\\/\\\/www.theoxygenproject.com\\\/es\\\/\"},{\"@type\":\"ListItem\",\"position\":2,\"name\":\"\u00a1Estamos en llamas! Uno de los mayores humedales de Sudam\u00e9rica se quema\"}]},{\"@type\":\"WebSite\",\"@id\":\"https:\\\/\\\/www.theoxygenproject.com\\\/es\\\/#website\",\"url\":\"https:\\\/\\\/www.theoxygenproject.com\\\/es\\\/\",\"name\":\"The Oxygen Project\",\"description\":\"\",\"publisher\":{\"@id\":\"https:\\\/\\\/www.theoxygenproject.com\\\/es\\\/#organization\"},\"potentialAction\":[{\"@type\":\"SearchAction\",\"target\":{\"@type\":\"EntryPoint\",\"urlTemplate\":\"https:\\\/\\\/www.theoxygenproject.com\\\/es\\\/?s={search_term_string}\"},\"query-input\":{\"@type\":\"PropertyValueSpecification\",\"valueRequired\":true,\"valueName\":\"search_term_string\"}}],\"inLanguage\":\"en-US\"},{\"@type\":\"Organization\",\"@id\":\"https:\\\/\\\/www.theoxygenproject.com\\\/es\\\/#organization\",\"name\":\"The Oxygen Project\",\"url\":\"https:\\\/\\\/www.theoxygenproject.com\\\/es\\\/\",\"logo\":{\"@type\":\"ImageObject\",\"inLanguage\":\"en-US\",\"@id\":\"https:\\\/\\\/www.theoxygenproject.com\\\/es\\\/#\\\/schema\\\/logo\\\/image\\\/\",\"url\":\"https:\\\/\\\/www.theoxygenproject.com\\\/es\\\/wp-content\\\/uploads\\\/2024\\\/05\\\/top-logo-dark.png\",\"contentUrl\":\"https:\\\/\\\/www.theoxygenproject.com\\\/es\\\/wp-content\\\/uploads\\\/2024\\\/05\\\/top-logo-dark.png\",\"width\":384,\"height\":256,\"caption\":\"The Oxygen Project\"},\"image\":{\"@id\":\"https:\\\/\\\/www.theoxygenproject.com\\\/es\\\/#\\\/schema\\\/logo\\\/image\\\/\"},\"sameAs\":[\"https:\\\/\\\/www.facebook.com\\\/theoxygenproj\",\"https:\\\/\\\/x.com\\\/theoxygenproj\"]},{\"@type\":\"Person\",\"@id\":\"https:\\\/\\\/www.theoxygenproject.com\\\/es\\\/#\\\/schema\\\/person\\\/fd1d50a727859a9283fdd988aca8d8fb\",\"name\":\"Pilar R\u00edos\",\"image\":{\"@type\":\"ImageObject\",\"inLanguage\":\"en-US\",\"@id\":\"https:\\\/\\\/secure.gravatar.com\\\/avatar\\\/cb4cf509d6c8cf9193108e3149294241c2397964dbeb5a2a6e6b0a4a4127fc37?s=96&d=mm&r=g\",\"url\":\"https:\\\/\\\/secure.gravatar.com\\\/avatar\\\/cb4cf509d6c8cf9193108e3149294241c2397964dbeb5a2a6e6b0a4a4127fc37?s=96&d=mm&r=g\",\"contentUrl\":\"https:\\\/\\\/secure.gravatar.com\\\/avatar\\\/cb4cf509d6c8cf9193108e3149294241c2397964dbeb5a2a6e6b0a4a4127fc37?s=96&d=mm&r=g\",\"caption\":\"Pilar R\u00edos\"},\"url\":\"https:\\\/\\\/www.theoxygenproject.com\\\/es\\\/author\\\/admin-2\\\/\"}]}<\/script>\n<!-- \/ Yoast SEO plugin. -->","yoast_head_json":{"title":"\u00a1Estamos en llamas! Uno de los mayores humedales de Sudam\u00e9rica se quema - The Oxygen Project","robots":{"index":"index","follow":"follow","max-snippet":"max-snippet:-1","max-image-preview":"max-image-preview:large","max-video-preview":"max-video-preview:-1"},"canonical":"https:\/\/www.theoxygenproject.com\/es\/estamos-en-llamas-uno-de-los-mayores-humedales-de-sudamerica-se-quema\/","og_locale":"en_US","og_type":"article","og_title":"\u00a1Estamos en llamas! Uno de los mayores humedales de Sudam\u00e9rica se quema - The Oxygen Project","og_description":"&nbsp; Con olor a quemado se levantan hace 2 meses en Corrientes, una provincia ubicada en el Norte Grande argentino, la sequ\u00eda extrema gener\u00f3 las llamas que hoy devoran la...","og_url":"https:\/\/www.theoxygenproject.com\/es\/estamos-en-llamas-uno-de-los-mayores-humedales-de-sudamerica-se-quema\/","og_site_name":"The Oxygen Project","article_publisher":"https:\/\/www.facebook.com\/theoxygenproj","article_published_time":"2022-02-25T16:55:14+00:00","og_image":[{"width":720,"height":404,"url":"https:\/\/www.theoxygenproject.com\/es\/wp-content\/uploads\/2022\/02\/fuegs.jpeg","type":"image\/jpeg"}],"author":"Pilar R\u00edos","twitter_card":"summary_large_image","twitter_creator":"@theoxygenproj","twitter_site":"@theoxygenproj","twitter_misc":{"Written by":"Pilar R\u00edos"},"schema":{"@context":"https:\/\/schema.org","@graph":[{"@type":"Article","@id":"https:\/\/www.theoxygenproject.com\/es\/estamos-en-llamas-uno-de-los-mayores-humedales-de-sudamerica-se-quema\/#article","isPartOf":{"@id":"https:\/\/www.theoxygenproject.com\/es\/estamos-en-llamas-uno-de-los-mayores-humedales-de-sudamerica-se-quema\/"},"author":{"name":"Pilar R\u00edos","@id":"https:\/\/www.theoxygenproject.com\/es\/#\/schema\/person\/fd1d50a727859a9283fdd988aca8d8fb"},"headline":"\u00a1Estamos en llamas! Uno de los mayores humedales de Sudam\u00e9rica se quema","datePublished":"2022-02-25T16:55:14+00:00","mainEntityOfPage":{"@id":"https:\/\/www.theoxygenproject.com\/es\/estamos-en-llamas-uno-de-los-mayores-humedales-de-sudamerica-se-quema\/"},"wordCount":80,"publisher":{"@id":"https:\/\/www.theoxygenproject.com\/es\/#organization"},"image":{"@id":"https:\/\/www.theoxygenproject.com\/es\/estamos-en-llamas-uno-de-los-mayores-humedales-de-sudamerica-se-quema\/#primaryimage"},"thumbnailUrl":"https:\/\/www.theoxygenproject.com\/es\/wp-content\/uploads\/2022\/02\/fuegs.jpeg","articleSection":["Acci\u00f3n Clim\u00e1tica","Agua","Cambio clim\u00e1tico","Deforestaci\u00f3n","Fauna silvestre","pol\u00edtica","Regeneraci\u00f3n"],"inLanguage":"en-US"},{"@type":"WebPage","@id":"https:\/\/www.theoxygenproject.com\/es\/estamos-en-llamas-uno-de-los-mayores-humedales-de-sudamerica-se-quema\/","url":"https:\/\/www.theoxygenproject.com\/es\/estamos-en-llamas-uno-de-los-mayores-humedales-de-sudamerica-se-quema\/","name":"\u00a1Estamos en llamas! Uno de los mayores humedales de Sudam\u00e9rica se quema - The Oxygen Project","isPartOf":{"@id":"https:\/\/www.theoxygenproject.com\/es\/#website"},"primaryImageOfPage":{"@id":"https:\/\/www.theoxygenproject.com\/es\/estamos-en-llamas-uno-de-los-mayores-humedales-de-sudamerica-se-quema\/#primaryimage"},"image":{"@id":"https:\/\/www.theoxygenproject.com\/es\/estamos-en-llamas-uno-de-los-mayores-humedales-de-sudamerica-se-quema\/#primaryimage"},"thumbnailUrl":"https:\/\/www.theoxygenproject.com\/es\/wp-content\/uploads\/2022\/02\/fuegs.jpeg","datePublished":"2022-02-25T16:55:14+00:00","breadcrumb":{"@id":"https:\/\/www.theoxygenproject.com\/es\/estamos-en-llamas-uno-de-los-mayores-humedales-de-sudamerica-se-quema\/#breadcrumb"},"inLanguage":"en-US","potentialAction":[{"@type":"ReadAction","target":["https:\/\/www.theoxygenproject.com\/es\/estamos-en-llamas-uno-de-los-mayores-humedales-de-sudamerica-se-quema\/"]}]},{"@type":"ImageObject","inLanguage":"en-US","@id":"https:\/\/www.theoxygenproject.com\/es\/estamos-en-llamas-uno-de-los-mayores-humedales-de-sudamerica-se-quema\/#primaryimage","url":"https:\/\/www.theoxygenproject.com\/es\/wp-content\/uploads\/2022\/02\/fuegs.jpeg","contentUrl":"https:\/\/www.theoxygenproject.com\/es\/wp-content\/uploads\/2022\/02\/fuegs.jpeg","width":720,"height":404},{"@type":"BreadcrumbList","@id":"https:\/\/www.theoxygenproject.com\/es\/estamos-en-llamas-uno-de-los-mayores-humedales-de-sudamerica-se-quema\/#breadcrumb","itemListElement":[{"@type":"ListItem","position":1,"name":"Home","item":"https:\/\/www.theoxygenproject.com\/es\/"},{"@type":"ListItem","position":2,"name":"\u00a1Estamos en llamas! Uno de los mayores humedales de Sudam\u00e9rica se quema"}]},{"@type":"WebSite","@id":"https:\/\/www.theoxygenproject.com\/es\/#website","url":"https:\/\/www.theoxygenproject.com\/es\/","name":"The Oxygen Project","description":"","publisher":{"@id":"https:\/\/www.theoxygenproject.com\/es\/#organization"},"potentialAction":[{"@type":"SearchAction","target":{"@type":"EntryPoint","urlTemplate":"https:\/\/www.theoxygenproject.com\/es\/?s={search_term_string}"},"query-input":{"@type":"PropertyValueSpecification","valueRequired":true,"valueName":"search_term_string"}}],"inLanguage":"en-US"},{"@type":"Organization","@id":"https:\/\/www.theoxygenproject.com\/es\/#organization","name":"The Oxygen Project","url":"https:\/\/www.theoxygenproject.com\/es\/","logo":{"@type":"ImageObject","inLanguage":"en-US","@id":"https:\/\/www.theoxygenproject.com\/es\/#\/schema\/logo\/image\/","url":"https:\/\/www.theoxygenproject.com\/es\/wp-content\/uploads\/2024\/05\/top-logo-dark.png","contentUrl":"https:\/\/www.theoxygenproject.com\/es\/wp-content\/uploads\/2024\/05\/top-logo-dark.png","width":384,"height":256,"caption":"The Oxygen Project"},"image":{"@id":"https:\/\/www.theoxygenproject.com\/es\/#\/schema\/logo\/image\/"},"sameAs":["https:\/\/www.facebook.com\/theoxygenproj","https:\/\/x.com\/theoxygenproj"]},{"@type":"Person","@id":"https:\/\/www.theoxygenproject.com\/es\/#\/schema\/person\/fd1d50a727859a9283fdd988aca8d8fb","name":"Pilar R\u00edos","image":{"@type":"ImageObject","inLanguage":"en-US","@id":"https:\/\/secure.gravatar.com\/avatar\/cb4cf509d6c8cf9193108e3149294241c2397964dbeb5a2a6e6b0a4a4127fc37?s=96&d=mm&r=g","url":"https:\/\/secure.gravatar.com\/avatar\/cb4cf509d6c8cf9193108e3149294241c2397964dbeb5a2a6e6b0a4a4127fc37?s=96&d=mm&r=g","contentUrl":"https:\/\/secure.gravatar.com\/avatar\/cb4cf509d6c8cf9193108e3149294241c2397964dbeb5a2a6e6b0a4a4127fc37?s=96&d=mm&r=g","caption":"Pilar R\u00edos"},"url":"https:\/\/www.theoxygenproject.com\/es\/author\/admin-2\/"}]}},"_links":{"self":[{"href":"https:\/\/www.theoxygenproject.com\/es\/wp-json\/wp\/v2\/posts\/1482","targetHints":{"allow":["GET"]}}],"collection":[{"href":"https:\/\/www.theoxygenproject.com\/es\/wp-json\/wp\/v2\/posts"}],"about":[{"href":"https:\/\/www.theoxygenproject.com\/es\/wp-json\/wp\/v2\/types\/post"}],"author":[{"embeddable":true,"href":"https:\/\/www.theoxygenproject.com\/es\/wp-json\/wp\/v2\/users\/3"}],"replies":[{"embeddable":true,"href":"https:\/\/www.theoxygenproject.com\/es\/wp-json\/wp\/v2\/comments?post=1482"}],"version-history":[{"count":0,"href":"https:\/\/www.theoxygenproject.com\/es\/wp-json\/wp\/v2\/posts\/1482\/revisions"}],"wp:featuredmedia":[{"embeddable":true,"href":"https:\/\/www.theoxygenproject.com\/es\/wp-json\/wp\/v2\/media\/1489"}],"wp:attachment":[{"href":"https:\/\/www.theoxygenproject.com\/es\/wp-json\/wp\/v2\/media?parent=1482"}],"wp:term":[{"taxonomy":"category","embeddable":true,"href":"https:\/\/www.theoxygenproject.com\/es\/wp-json\/wp\/v2\/categories?post=1482"},{"taxonomy":"post_tag","embeddable":true,"href":"https:\/\/www.theoxygenproject.com\/es\/wp-json\/wp\/v2\/tags?post=1482"}],"curies":[{"name":"wp","href":"https:\/\/api.w.org\/{rel}","templated":true}]}}