{"id":1458,"date":"2022-02-04T18:40:04","date_gmt":"2022-02-04T15:40:04","guid":{"rendered":"https:\/\/www.theoxygenproject.com\/es\/?p=1458"},"modified":"2022-02-04T18:40:04","modified_gmt":"2022-02-04T15:40:04","slug":"las-voces-de-esperanza-del-sur-contra-los-espejismos-del-carbon-verde-en-el-norte","status":"publish","type":"post","link":"https:\/\/www.theoxygenproject.com\/es\/las-voces-de-esperanza-del-sur-contra-los-espejismos-del-carbon-verde-en-el-norte\/","title":{"rendered":"Las voces de esperanza del Sur contra los espejismos del carb\u00f3n verde en el Norte"},"content":{"rendered":"<p>&nbsp;<\/p>\n<p><span style=\"font-weight: 400;\">La crisis clim\u00e1tica y ecol\u00f3gica se ha convertido -con justa raz\u00f3n- en una de las prioridades de la agenda global internacional, esto debido al hostil panorama que se ha proyectado durante la \u00faltima d\u00e9cada, donde hemos evidenciado los efectos del Cambio Clim\u00e1tico en distintas regiones del mundo, un ejemplo de ello son las ic\u00f3nicas im\u00e1genes que nos dej\u00f3 el 2021 en los medios: la ferocidad de incendios forestales incontrolables al norte y sur del planeta, las inundaciones en el sistema de metro en China o la concentraci\u00f3n de temperaturas extremas nunca antes registradas en la historia reciente de la humanidad.<\/span><\/p>\n<p><span style=\"font-weight: 400;\">Es en este escenario donde se resienten los oscuros pron\u00f3sticos para el correr de este siglo, as\u00ed lo demuestra la evidencia cient\u00edfica del <\/span><a href=\"https:\/\/www.ipcc.ch\/report\/ar6\/wg1\/\"><span style=\"font-weight: 400;\">\u00faltimo informe publicado por el IPCC (AR6)<\/span><\/a><span style=\"font-weight: 400;\">. El Grupo I de expertos tras registrar las \u201cBases F\u00edsicas del Cambio Clim\u00e1tico\u201d, no solo apuntan a este estado de emergencia, sino que a su vez disipan cualquier duda existente acerca de la &#8211; otrora casi obvia &#8211; responsabilidad humana frente a las emisiones de gases contaminantes de Efecto Invernadero (GEI), abriendo paso a la urgente necesidad de una acci\u00f3n efectiva e inmediata para la mitigaci\u00f3n y adaptaci\u00f3n a esta crisis global.\u00a0<\/span><\/p>\n<p><span style=\"font-weight: 400;\">Pero \u00bfqu\u00e9 acci\u00f3n se ha planteado?, contrarrestar este progresivo deterioro viene gest\u00e1ndose hace d\u00e9cadas sin resultados efectivos, la implementaci\u00f3n de iniciativas del Norte global, es decir, los pa\u00edses ya desarrollados, con la creaci\u00f3n de cumbres, organizaciones especializadas, protocolos y acuerdos, ha desarrollado una serie de medidas transformadoras que -a pesar de contener algunos avances en pa\u00edses desarrollados-, no han sido los suficientes para hacer frente a la problem\u00e1tica socioambiental en todas sus dimensiones. <\/span><\/p>\n","protected":false},"excerpt":{"rendered":"<p>&nbsp; La crisis clim\u00e1tica y ecol\u00f3gica se ha convertido -con justa raz\u00f3n- en una de las prioridades de la agenda global internacional, esto debido al hostil panorama que se ha&#8230;<\/p>\n","protected":false},"author":9,"featured_media":1459,"comment_status":"closed","ping_status":"closed","sticky":false,"template":"","format":"standard","meta":{"_mo_disable_npp":"","footnotes":""},"categories":[3,14,5,11],"tags":[],"class_list":["post-1458","post","type-post","status-publish","format-standard","has-post-thumbnail","hentry","category-accion-climatica","category-agricultura","category-cambio-climatico","category-politica"],"yoast_head":"<!-- This site is optimized with the Yoast SEO plugin v28.3 - https:\/\/yoast.com\/product\/yoast-seo-wordpress\/ -->\n<title>Las voces de esperanza del Sur contra los espejismos del carb\u00f3n verde en el Norte - The Oxygen Project<\/title>\n<meta name=\"robots\" content=\"index, follow, max-snippet:-1, max-image-preview:large, max-video-preview:-1\" \/>\n<link rel=\"canonical\" href=\"https:\/\/www.theoxygenproject.com\/es\/las-voces-de-esperanza-del-sur-contra-los-espejismos-del-carbon-verde-en-el-norte\/\" \/>\n<meta property=\"og:locale\" content=\"en_US\" \/>\n<meta property=\"og:type\" content=\"article\" \/>\n<meta property=\"og:title\" content=\"Las voces de esperanza del Sur contra los espejismos del carb\u00f3n verde en el Norte - The Oxygen Project\" \/>\n<meta property=\"og:description\" content=\"&nbsp; La crisis clim\u00e1tica y ecol\u00f3gica se ha convertido -con justa raz\u00f3n- en una de las prioridades de la agenda global internacional, esto debido al hostil panorama que se ha...\" \/>\n<meta property=\"og:url\" content=\"https:\/\/www.theoxygenproject.com\/es\/las-voces-de-esperanza-del-sur-contra-los-espejismos-del-carbon-verde-en-el-norte\/\" \/>\n<meta property=\"og:site_name\" content=\"The Oxygen Project\" \/>\n<meta property=\"article:publisher\" content=\"https:\/\/www.facebook.com\/theoxygenproj\" \/>\n<meta property=\"article:published_time\" content=\"2022-02-04T15:40:04+00:00\" \/>\n<meta property=\"og:image\" content=\"https:\/\/www.theoxygenproject.com\/es\/wp-content\/uploads\/2022\/02\/latam.jpeg\" \/>\n\t<meta property=\"og:image:width\" content=\"600\" \/>\n\t<meta property=\"og:image:height\" content=\"400\" \/>\n\t<meta property=\"og:image:type\" content=\"image\/jpeg\" \/>\n<meta name=\"author\" content=\"Camila Rivera\" \/>\n<meta name=\"twitter:card\" content=\"summary_large_image\" \/>\n<meta name=\"twitter:creator\" content=\"@theoxygenproj\" \/>\n<meta name=\"twitter:site\" content=\"@theoxygenproj\" \/>\n<meta name=\"twitter:label1\" content=\"Written by\" \/>\n\t<meta name=\"twitter:data1\" content=\"Camila Rivera\" \/>\n\t<meta name=\"twitter:label2\" content=\"Est. reading time\" \/>\n\t<meta name=\"twitter:data2\" content=\"1 minute\" \/>\n<script type=\"application\/ld+json\" class=\"yoast-schema-graph\">{\"@context\":\"https:\\\/\\\/schema.org\",\"@graph\":[{\"@type\":\"Article\",\"@id\":\"https:\\\/\\\/www.theoxygenproject.com\\\/es\\\/las-voces-de-esperanza-del-sur-contra-los-espejismos-del-carbon-verde-en-el-norte\\\/#article\",\"isPartOf\":{\"@id\":\"https:\\\/\\\/www.theoxygenproject.com\\\/es\\\/las-voces-de-esperanza-del-sur-contra-los-espejismos-del-carbon-verde-en-el-norte\\\/\"},\"author\":{\"name\":\"Camila Rivera\",\"@id\":\"https:\\\/\\\/www.theoxygenproject.com\\\/es\\\/#\\\/schema\\\/person\\\/ffbd9a5c2a9f16969e591cb8ce8b208b\"},\"headline\":\"Las voces de esperanza del Sur contra los espejismos del carb\u00f3n verde en el Norte\",\"datePublished\":\"2022-02-04T15:40:04+00:00\",\"mainEntityOfPage\":{\"@id\":\"https:\\\/\\\/www.theoxygenproject.com\\\/es\\\/las-voces-de-esperanza-del-sur-contra-los-espejismos-del-carbon-verde-en-el-norte\\\/\"},\"wordCount\":314,\"publisher\":{\"@id\":\"https:\\\/\\\/www.theoxygenproject.com\\\/es\\\/#organization\"},\"image\":{\"@id\":\"https:\\\/\\\/www.theoxygenproject.com\\\/es\\\/las-voces-de-esperanza-del-sur-contra-los-espejismos-del-carbon-verde-en-el-norte\\\/#primaryimage\"},\"thumbnailUrl\":\"https:\\\/\\\/www.theoxygenproject.com\\\/es\\\/wp-content\\\/uploads\\\/2022\\\/02\\\/latam.jpeg\",\"articleSection\":[\"Acci\u00f3n Clim\u00e1tica\",\"Agricultura\",\"Cambio clim\u00e1tico\",\"pol\u00edtica\"],\"inLanguage\":\"en-US\"},{\"@type\":\"WebPage\",\"@id\":\"https:\\\/\\\/www.theoxygenproject.com\\\/es\\\/las-voces-de-esperanza-del-sur-contra-los-espejismos-del-carbon-verde-en-el-norte\\\/\",\"url\":\"https:\\\/\\\/www.theoxygenproject.com\\\/es\\\/las-voces-de-esperanza-del-sur-contra-los-espejismos-del-carbon-verde-en-el-norte\\\/\",\"name\":\"Las voces de esperanza del Sur contra los espejismos del carb\u00f3n verde en el Norte - The Oxygen Project\",\"isPartOf\":{\"@id\":\"https:\\\/\\\/www.theoxygenproject.com\\\/es\\\/#website\"},\"primaryImageOfPage\":{\"@id\":\"https:\\\/\\\/www.theoxygenproject.com\\\/es\\\/las-voces-de-esperanza-del-sur-contra-los-espejismos-del-carbon-verde-en-el-norte\\\/#primaryimage\"},\"image\":{\"@id\":\"https:\\\/\\\/www.theoxygenproject.com\\\/es\\\/las-voces-de-esperanza-del-sur-contra-los-espejismos-del-carbon-verde-en-el-norte\\\/#primaryimage\"},\"thumbnailUrl\":\"https:\\\/\\\/www.theoxygenproject.com\\\/es\\\/wp-content\\\/uploads\\\/2022\\\/02\\\/latam.jpeg\",\"datePublished\":\"2022-02-04T15:40:04+00:00\",\"breadcrumb\":{\"@id\":\"https:\\\/\\\/www.theoxygenproject.com\\\/es\\\/las-voces-de-esperanza-del-sur-contra-los-espejismos-del-carbon-verde-en-el-norte\\\/#breadcrumb\"},\"inLanguage\":\"en-US\",\"potentialAction\":[{\"@type\":\"ReadAction\",\"target\":[\"https:\\\/\\\/www.theoxygenproject.com\\\/es\\\/las-voces-de-esperanza-del-sur-contra-los-espejismos-del-carbon-verde-en-el-norte\\\/\"]}]},{\"@type\":\"ImageObject\",\"inLanguage\":\"en-US\",\"@id\":\"https:\\\/\\\/www.theoxygenproject.com\\\/es\\\/las-voces-de-esperanza-del-sur-contra-los-espejismos-del-carbon-verde-en-el-norte\\\/#primaryimage\",\"url\":\"https:\\\/\\\/www.theoxygenproject.com\\\/es\\\/wp-content\\\/uploads\\\/2022\\\/02\\\/latam.jpeg\",\"contentUrl\":\"https:\\\/\\\/www.theoxygenproject.com\\\/es\\\/wp-content\\\/uploads\\\/2022\\\/02\\\/latam.jpeg\",\"width\":600,\"height\":400,\"caption\":\"Latinoam\u00e9rica es una de las reciones m\u00e1s afectadas por el cambio clim\u00e1tico\"},{\"@type\":\"BreadcrumbList\",\"@id\":\"https:\\\/\\\/www.theoxygenproject.com\\\/es\\\/las-voces-de-esperanza-del-sur-contra-los-espejismos-del-carbon-verde-en-el-norte\\\/#breadcrumb\",\"itemListElement\":[{\"@type\":\"ListItem\",\"position\":1,\"name\":\"Home\",\"item\":\"https:\\\/\\\/www.theoxygenproject.com\\\/es\\\/\"},{\"@type\":\"ListItem\",\"position\":2,\"name\":\"Las voces de esperanza del Sur contra los espejismos del carb\u00f3n verde en el Norte\"}]},{\"@type\":\"WebSite\",\"@id\":\"https:\\\/\\\/www.theoxygenproject.com\\\/es\\\/#website\",\"url\":\"https:\\\/\\\/www.theoxygenproject.com\\\/es\\\/\",\"name\":\"The Oxygen Project\",\"description\":\"\",\"publisher\":{\"@id\":\"https:\\\/\\\/www.theoxygenproject.com\\\/es\\\/#organization\"},\"potentialAction\":[{\"@type\":\"SearchAction\",\"target\":{\"@type\":\"EntryPoint\",\"urlTemplate\":\"https:\\\/\\\/www.theoxygenproject.com\\\/es\\\/?s={search_term_string}\"},\"query-input\":{\"@type\":\"PropertyValueSpecification\",\"valueRequired\":true,\"valueName\":\"search_term_string\"}}],\"inLanguage\":\"en-US\"},{\"@type\":\"Organization\",\"@id\":\"https:\\\/\\\/www.theoxygenproject.com\\\/es\\\/#organization\",\"name\":\"The Oxygen Project\",\"url\":\"https:\\\/\\\/www.theoxygenproject.com\\\/es\\\/\",\"logo\":{\"@type\":\"ImageObject\",\"inLanguage\":\"en-US\",\"@id\":\"https:\\\/\\\/www.theoxygenproject.com\\\/es\\\/#\\\/schema\\\/logo\\\/image\\\/\",\"url\":\"https:\\\/\\\/www.theoxygenproject.com\\\/es\\\/wp-content\\\/uploads\\\/2024\\\/05\\\/top-logo-dark.png\",\"contentUrl\":\"https:\\\/\\\/www.theoxygenproject.com\\\/es\\\/wp-content\\\/uploads\\\/2024\\\/05\\\/top-logo-dark.png\",\"width\":384,\"height\":256,\"caption\":\"The Oxygen Project\"},\"image\":{\"@id\":\"https:\\\/\\\/www.theoxygenproject.com\\\/es\\\/#\\\/schema\\\/logo\\\/image\\\/\"},\"sameAs\":[\"https:\\\/\\\/www.facebook.com\\\/theoxygenproj\",\"https:\\\/\\\/x.com\\\/theoxygenproj\"]},{\"@type\":\"Person\",\"@id\":\"https:\\\/\\\/www.theoxygenproject.com\\\/es\\\/#\\\/schema\\\/person\\\/ffbd9a5c2a9f16969e591cb8ce8b208b\",\"name\":\"Camila Rivera\",\"image\":{\"@type\":\"ImageObject\",\"inLanguage\":\"en-US\",\"@id\":\"https:\\\/\\\/secure.gravatar.com\\\/avatar\\\/084f44d284516172876d0a3f4d0c63edece3fc14fe4252a524b657bb74d544bd?s=96&d=mm&r=g\",\"url\":\"https:\\\/\\\/secure.gravatar.com\\\/avatar\\\/084f44d284516172876d0a3f4d0c63edece3fc14fe4252a524b657bb74d544bd?s=96&d=mm&r=g\",\"contentUrl\":\"https:\\\/\\\/secure.gravatar.com\\\/avatar\\\/084f44d284516172876d0a3f4d0c63edece3fc14fe4252a524b657bb74d544bd?s=96&d=mm&r=g\",\"caption\":\"Camila Rivera\"},\"url\":\"https:\\\/\\\/www.theoxygenproject.com\\\/es\\\/author\\\/camila-rivera\\\/\"}]}<\/script>\n<!-- \/ Yoast SEO plugin. -->","yoast_head_json":{"title":"Las voces de esperanza del Sur contra los espejismos del carb\u00f3n verde en el Norte - The Oxygen Project","robots":{"index":"index","follow":"follow","max-snippet":"max-snippet:-1","max-image-preview":"max-image-preview:large","max-video-preview":"max-video-preview:-1"},"canonical":"https:\/\/www.theoxygenproject.com\/es\/las-voces-de-esperanza-del-sur-contra-los-espejismos-del-carbon-verde-en-el-norte\/","og_locale":"en_US","og_type":"article","og_title":"Las voces de esperanza del Sur contra los espejismos del carb\u00f3n verde en el Norte - The Oxygen Project","og_description":"&nbsp; La crisis clim\u00e1tica y ecol\u00f3gica se ha convertido -con justa raz\u00f3n- en una de las prioridades de la agenda global internacional, esto debido al hostil panorama que se ha...","og_url":"https:\/\/www.theoxygenproject.com\/es\/las-voces-de-esperanza-del-sur-contra-los-espejismos-del-carbon-verde-en-el-norte\/","og_site_name":"The Oxygen Project","article_publisher":"https:\/\/www.facebook.com\/theoxygenproj","article_published_time":"2022-02-04T15:40:04+00:00","og_image":[{"width":600,"height":400,"url":"https:\/\/www.theoxygenproject.com\/es\/wp-content\/uploads\/2022\/02\/latam.jpeg","type":"image\/jpeg"}],"author":"Camila Rivera","twitter_card":"summary_large_image","twitter_creator":"@theoxygenproj","twitter_site":"@theoxygenproj","twitter_misc":{"Written by":"Camila Rivera","Est. reading time":"1 minute"},"schema":{"@context":"https:\/\/schema.org","@graph":[{"@type":"Article","@id":"https:\/\/www.theoxygenproject.com\/es\/las-voces-de-esperanza-del-sur-contra-los-espejismos-del-carbon-verde-en-el-norte\/#article","isPartOf":{"@id":"https:\/\/www.theoxygenproject.com\/es\/las-voces-de-esperanza-del-sur-contra-los-espejismos-del-carbon-verde-en-el-norte\/"},"author":{"name":"Camila Rivera","@id":"https:\/\/www.theoxygenproject.com\/es\/#\/schema\/person\/ffbd9a5c2a9f16969e591cb8ce8b208b"},"headline":"Las voces de esperanza del Sur contra los espejismos del carb\u00f3n verde en el Norte","datePublished":"2022-02-04T15:40:04+00:00","mainEntityOfPage":{"@id":"https:\/\/www.theoxygenproject.com\/es\/las-voces-de-esperanza-del-sur-contra-los-espejismos-del-carbon-verde-en-el-norte\/"},"wordCount":314,"publisher":{"@id":"https:\/\/www.theoxygenproject.com\/es\/#organization"},"image":{"@id":"https:\/\/www.theoxygenproject.com\/es\/las-voces-de-esperanza-del-sur-contra-los-espejismos-del-carbon-verde-en-el-norte\/#primaryimage"},"thumbnailUrl":"https:\/\/www.theoxygenproject.com\/es\/wp-content\/uploads\/2022\/02\/latam.jpeg","articleSection":["Acci\u00f3n Clim\u00e1tica","Agricultura","Cambio clim\u00e1tico","pol\u00edtica"],"inLanguage":"en-US"},{"@type":"WebPage","@id":"https:\/\/www.theoxygenproject.com\/es\/las-voces-de-esperanza-del-sur-contra-los-espejismos-del-carbon-verde-en-el-norte\/","url":"https:\/\/www.theoxygenproject.com\/es\/las-voces-de-esperanza-del-sur-contra-los-espejismos-del-carbon-verde-en-el-norte\/","name":"Las voces de esperanza del Sur contra los espejismos del carb\u00f3n verde en el Norte - The Oxygen Project","isPartOf":{"@id":"https:\/\/www.theoxygenproject.com\/es\/#website"},"primaryImageOfPage":{"@id":"https:\/\/www.theoxygenproject.com\/es\/las-voces-de-esperanza-del-sur-contra-los-espejismos-del-carbon-verde-en-el-norte\/#primaryimage"},"image":{"@id":"https:\/\/www.theoxygenproject.com\/es\/las-voces-de-esperanza-del-sur-contra-los-espejismos-del-carbon-verde-en-el-norte\/#primaryimage"},"thumbnailUrl":"https:\/\/www.theoxygenproject.com\/es\/wp-content\/uploads\/2022\/02\/latam.jpeg","datePublished":"2022-02-04T15:40:04+00:00","breadcrumb":{"@id":"https:\/\/www.theoxygenproject.com\/es\/las-voces-de-esperanza-del-sur-contra-los-espejismos-del-carbon-verde-en-el-norte\/#breadcrumb"},"inLanguage":"en-US","potentialAction":[{"@type":"ReadAction","target":["https:\/\/www.theoxygenproject.com\/es\/las-voces-de-esperanza-del-sur-contra-los-espejismos-del-carbon-verde-en-el-norte\/"]}]},{"@type":"ImageObject","inLanguage":"en-US","@id":"https:\/\/www.theoxygenproject.com\/es\/las-voces-de-esperanza-del-sur-contra-los-espejismos-del-carbon-verde-en-el-norte\/#primaryimage","url":"https:\/\/www.theoxygenproject.com\/es\/wp-content\/uploads\/2022\/02\/latam.jpeg","contentUrl":"https:\/\/www.theoxygenproject.com\/es\/wp-content\/uploads\/2022\/02\/latam.jpeg","width":600,"height":400,"caption":"Latinoam\u00e9rica es una de las reciones m\u00e1s afectadas por el cambio clim\u00e1tico"},{"@type":"BreadcrumbList","@id":"https:\/\/www.theoxygenproject.com\/es\/las-voces-de-esperanza-del-sur-contra-los-espejismos-del-carbon-verde-en-el-norte\/#breadcrumb","itemListElement":[{"@type":"ListItem","position":1,"name":"Home","item":"https:\/\/www.theoxygenproject.com\/es\/"},{"@type":"ListItem","position":2,"name":"Las voces de esperanza del Sur contra los espejismos del carb\u00f3n verde en el Norte"}]},{"@type":"WebSite","@id":"https:\/\/www.theoxygenproject.com\/es\/#website","url":"https:\/\/www.theoxygenproject.com\/es\/","name":"The Oxygen Project","description":"","publisher":{"@id":"https:\/\/www.theoxygenproject.com\/es\/#organization"},"potentialAction":[{"@type":"SearchAction","target":{"@type":"EntryPoint","urlTemplate":"https:\/\/www.theoxygenproject.com\/es\/?s={search_term_string}"},"query-input":{"@type":"PropertyValueSpecification","valueRequired":true,"valueName":"search_term_string"}}],"inLanguage":"en-US"},{"@type":"Organization","@id":"https:\/\/www.theoxygenproject.com\/es\/#organization","name":"The Oxygen Project","url":"https:\/\/www.theoxygenproject.com\/es\/","logo":{"@type":"ImageObject","inLanguage":"en-US","@id":"https:\/\/www.theoxygenproject.com\/es\/#\/schema\/logo\/image\/","url":"https:\/\/www.theoxygenproject.com\/es\/wp-content\/uploads\/2024\/05\/top-logo-dark.png","contentUrl":"https:\/\/www.theoxygenproject.com\/es\/wp-content\/uploads\/2024\/05\/top-logo-dark.png","width":384,"height":256,"caption":"The Oxygen Project"},"image":{"@id":"https:\/\/www.theoxygenproject.com\/es\/#\/schema\/logo\/image\/"},"sameAs":["https:\/\/www.facebook.com\/theoxygenproj","https:\/\/x.com\/theoxygenproj"]},{"@type":"Person","@id":"https:\/\/www.theoxygenproject.com\/es\/#\/schema\/person\/ffbd9a5c2a9f16969e591cb8ce8b208b","name":"Camila Rivera","image":{"@type":"ImageObject","inLanguage":"en-US","@id":"https:\/\/secure.gravatar.com\/avatar\/084f44d284516172876d0a3f4d0c63edece3fc14fe4252a524b657bb74d544bd?s=96&d=mm&r=g","url":"https:\/\/secure.gravatar.com\/avatar\/084f44d284516172876d0a3f4d0c63edece3fc14fe4252a524b657bb74d544bd?s=96&d=mm&r=g","contentUrl":"https:\/\/secure.gravatar.com\/avatar\/084f44d284516172876d0a3f4d0c63edece3fc14fe4252a524b657bb74d544bd?s=96&d=mm&r=g","caption":"Camila Rivera"},"url":"https:\/\/www.theoxygenproject.com\/es\/author\/camila-rivera\/"}]}},"_links":{"self":[{"href":"https:\/\/www.theoxygenproject.com\/es\/wp-json\/wp\/v2\/posts\/1458","targetHints":{"allow":["GET"]}}],"collection":[{"href":"https:\/\/www.theoxygenproject.com\/es\/wp-json\/wp\/v2\/posts"}],"about":[{"href":"https:\/\/www.theoxygenproject.com\/es\/wp-json\/wp\/v2\/types\/post"}],"author":[{"embeddable":true,"href":"https:\/\/www.theoxygenproject.com\/es\/wp-json\/wp\/v2\/users\/9"}],"replies":[{"embeddable":true,"href":"https:\/\/www.theoxygenproject.com\/es\/wp-json\/wp\/v2\/comments?post=1458"}],"version-history":[{"count":0,"href":"https:\/\/www.theoxygenproject.com\/es\/wp-json\/wp\/v2\/posts\/1458\/revisions"}],"wp:featuredmedia":[{"embeddable":true,"href":"https:\/\/www.theoxygenproject.com\/es\/wp-json\/wp\/v2\/media\/1459"}],"wp:attachment":[{"href":"https:\/\/www.theoxygenproject.com\/es\/wp-json\/wp\/v2\/media?parent=1458"}],"wp:term":[{"taxonomy":"category","embeddable":true,"href":"https:\/\/www.theoxygenproject.com\/es\/wp-json\/wp\/v2\/categories?post=1458"},{"taxonomy":"post_tag","embeddable":true,"href":"https:\/\/www.theoxygenproject.com\/es\/wp-json\/wp\/v2\/tags?post=1458"}],"curies":[{"name":"wp","href":"https:\/\/api.w.org\/{rel}","templated":true}]}}