{"id":1432,"date":"2021-11-25T22:30:27","date_gmt":"2021-11-25T19:30:27","guid":{"rendered":"https:\/\/www.theoxygenproject.com\/es\/?p=1432"},"modified":"2021-11-25T22:30:27","modified_gmt":"2021-11-25T19:30:27","slug":"el-proximo-desastre-climatico-del-que-nadie-habla-es-el-tema-a-posicionar","status":"publish","type":"post","link":"https:\/\/www.theoxygenproject.com\/es\/el-proximo-desastre-climatico-del-que-nadie-habla-es-el-tema-a-posicionar\/","title":{"rendered":"El Pr\u00f3ximo Desastre Clim\u00e1tico del que Nadie Habla es el Tema a Posicionar"},"content":{"rendered":"<p>&nbsp;<\/p>\n<p><span style=\"font-weight: 400;\">Daniel C\u00e1ceres se define como un agente de cambio,\u00a0 un joven que est\u00e1 buscando hacer del planeta un mejor lugar para todos los seres vivos que habitan en \u00e9l. Representante regional de Sustainable Ocean Alliance en Latinoam\u00e9rica (SOA), es parte de la delegaci\u00f3n de Per\u00fa en la categor\u00eda de observador en\u00a0 La Conferencia de las Naciones Unidas sobre el Cambio Clim\u00e1tico (COP26).<\/span><\/p>\n","protected":false},"excerpt":{"rendered":"<p>&nbsp; Daniel C\u00e1ceres se define como un agente de cambio,\u00a0 un joven que est\u00e1 buscando hacer del planeta un mejor lugar para todos los seres vivos que habitan en \u00e9l&#8230;.<\/p>\n","protected":false},"author":3,"featured_media":1429,"comment_status":"closed","ping_status":"closed","sticky":false,"template":"","format":"standard","meta":{"_mo_disable_npp":"","footnotes":""},"categories":[3,10,7,8],"tags":[],"class_list":["post-1432","post","type-post","status-publish","format-standard","has-post-thumbnail","hentry","category-accion-climatica","category-agua","category-fondo-marino","category-fauna-silvestre"],"yoast_head":"<!-- This site is optimized with the Yoast SEO plugin v28.3 - https:\/\/yoast.com\/product\/yoast-seo-wordpress\/ -->\n<title>El Pr\u00f3ximo Desastre Clim\u00e1tico del que Nadie Habla es el Tema a Posicionar - The Oxygen Project<\/title>\n<meta name=\"robots\" content=\"index, follow, max-snippet:-1, max-image-preview:large, max-video-preview:-1\" \/>\n<link rel=\"canonical\" href=\"https:\/\/www.theoxygenproject.com\/es\/el-proximo-desastre-climatico-del-que-nadie-habla-es-el-tema-a-posicionar\/\" \/>\n<meta property=\"og:locale\" content=\"en_US\" \/>\n<meta property=\"og:type\" content=\"article\" \/>\n<meta property=\"og:title\" content=\"El Pr\u00f3ximo Desastre Clim\u00e1tico del que Nadie Habla es el Tema a Posicionar - The Oxygen Project\" \/>\n<meta property=\"og:description\" content=\"&nbsp; Daniel C\u00e1ceres se define como un agente de cambio,\u00a0 un joven que est\u00e1 buscando hacer del planeta un mejor lugar para todos los seres vivos que habitan en \u00e9l....\" \/>\n<meta property=\"og:url\" content=\"https:\/\/www.theoxygenproject.com\/es\/el-proximo-desastre-climatico-del-que-nadie-habla-es-el-tema-a-posicionar\/\" \/>\n<meta property=\"og:site_name\" content=\"The Oxygen Project\" \/>\n<meta property=\"article:publisher\" content=\"https:\/\/www.facebook.com\/theoxygenproj\" \/>\n<meta property=\"article:published_time\" content=\"2021-11-25T19:30:27+00:00\" \/>\n<meta property=\"og:image\" content=\"https:\/\/www.theoxygenproject.com\/es\/wp-content\/uploads\/2021\/11\/Captura-de-pantalla-2021-11-25-a-las-15.36.46.png\" \/>\n\t<meta property=\"og:image:width\" content=\"477\" \/>\n\t<meta property=\"og:image:height\" content=\"338\" \/>\n\t<meta property=\"og:image:type\" content=\"image\/png\" \/>\n<meta name=\"author\" content=\"Pilar R\u00edos\" \/>\n<meta name=\"twitter:card\" content=\"summary_large_image\" \/>\n<meta name=\"twitter:creator\" content=\"@theoxygenproj\" \/>\n<meta name=\"twitter:site\" content=\"@theoxygenproj\" \/>\n<meta name=\"twitter:label1\" content=\"Written by\" \/>\n\t<meta name=\"twitter:data1\" content=\"Pilar R\u00edos\" \/>\n<script type=\"application\/ld+json\" class=\"yoast-schema-graph\">{\"@context\":\"https:\\\/\\\/schema.org\",\"@graph\":[{\"@type\":\"Article\",\"@id\":\"https:\\\/\\\/www.theoxygenproject.com\\\/es\\\/el-proximo-desastre-climatico-del-que-nadie-habla-es-el-tema-a-posicionar\\\/#article\",\"isPartOf\":{\"@id\":\"https:\\\/\\\/www.theoxygenproject.com\\\/es\\\/el-proximo-desastre-climatico-del-que-nadie-habla-es-el-tema-a-posicionar\\\/\"},\"author\":{\"name\":\"Pilar R\u00edos\",\"@id\":\"https:\\\/\\\/www.theoxygenproject.com\\\/es\\\/#\\\/schema\\\/person\\\/fd1d50a727859a9283fdd988aca8d8fb\"},\"headline\":\"El Pr\u00f3ximo Desastre Clim\u00e1tico del que Nadie Habla es el Tema a Posicionar\",\"datePublished\":\"2021-11-25T19:30:27+00:00\",\"mainEntityOfPage\":{\"@id\":\"https:\\\/\\\/www.theoxygenproject.com\\\/es\\\/el-proximo-desastre-climatico-del-que-nadie-habla-es-el-tema-a-posicionar\\\/\"},\"wordCount\":83,\"publisher\":{\"@id\":\"https:\\\/\\\/www.theoxygenproject.com\\\/es\\\/#organization\"},\"image\":{\"@id\":\"https:\\\/\\\/www.theoxygenproject.com\\\/es\\\/el-proximo-desastre-climatico-del-que-nadie-habla-es-el-tema-a-posicionar\\\/#primaryimage\"},\"thumbnailUrl\":\"https:\\\/\\\/www.theoxygenproject.com\\\/es\\\/wp-content\\\/uploads\\\/2021\\\/11\\\/Captura-de-pantalla-2021-11-25-a-las-15.36.46.png\",\"articleSection\":[\"Acci\u00f3n Clim\u00e1tica\",\"Agua\",\"Defend The Deep\",\"Fauna silvestre\"],\"inLanguage\":\"en-US\"},{\"@type\":\"WebPage\",\"@id\":\"https:\\\/\\\/www.theoxygenproject.com\\\/es\\\/el-proximo-desastre-climatico-del-que-nadie-habla-es-el-tema-a-posicionar\\\/\",\"url\":\"https:\\\/\\\/www.theoxygenproject.com\\\/es\\\/el-proximo-desastre-climatico-del-que-nadie-habla-es-el-tema-a-posicionar\\\/\",\"name\":\"El Pr\u00f3ximo Desastre Clim\u00e1tico del que Nadie Habla es el Tema a Posicionar - The Oxygen Project\",\"isPartOf\":{\"@id\":\"https:\\\/\\\/www.theoxygenproject.com\\\/es\\\/#website\"},\"primaryImageOfPage\":{\"@id\":\"https:\\\/\\\/www.theoxygenproject.com\\\/es\\\/el-proximo-desastre-climatico-del-que-nadie-habla-es-el-tema-a-posicionar\\\/#primaryimage\"},\"image\":{\"@id\":\"https:\\\/\\\/www.theoxygenproject.com\\\/es\\\/el-proximo-desastre-climatico-del-que-nadie-habla-es-el-tema-a-posicionar\\\/#primaryimage\"},\"thumbnailUrl\":\"https:\\\/\\\/www.theoxygenproject.com\\\/es\\\/wp-content\\\/uploads\\\/2021\\\/11\\\/Captura-de-pantalla-2021-11-25-a-las-15.36.46.png\",\"datePublished\":\"2021-11-25T19:30:27+00:00\",\"breadcrumb\":{\"@id\":\"https:\\\/\\\/www.theoxygenproject.com\\\/es\\\/el-proximo-desastre-climatico-del-que-nadie-habla-es-el-tema-a-posicionar\\\/#breadcrumb\"},\"inLanguage\":\"en-US\",\"potentialAction\":[{\"@type\":\"ReadAction\",\"target\":[\"https:\\\/\\\/www.theoxygenproject.com\\\/es\\\/el-proximo-desastre-climatico-del-que-nadie-habla-es-el-tema-a-posicionar\\\/\"]}]},{\"@type\":\"ImageObject\",\"inLanguage\":\"en-US\",\"@id\":\"https:\\\/\\\/www.theoxygenproject.com\\\/es\\\/el-proximo-desastre-climatico-del-que-nadie-habla-es-el-tema-a-posicionar\\\/#primaryimage\",\"url\":\"https:\\\/\\\/www.theoxygenproject.com\\\/es\\\/wp-content\\\/uploads\\\/2021\\\/11\\\/Captura-de-pantalla-2021-11-25-a-las-15.36.46.png\",\"contentUrl\":\"https:\\\/\\\/www.theoxygenproject.com\\\/es\\\/wp-content\\\/uploads\\\/2021\\\/11\\\/Captura-de-pantalla-2021-11-25-a-las-15.36.46.png\",\"width\":477,\"height\":338},{\"@type\":\"BreadcrumbList\",\"@id\":\"https:\\\/\\\/www.theoxygenproject.com\\\/es\\\/el-proximo-desastre-climatico-del-que-nadie-habla-es-el-tema-a-posicionar\\\/#breadcrumb\",\"itemListElement\":[{\"@type\":\"ListItem\",\"position\":1,\"name\":\"Home\",\"item\":\"https:\\\/\\\/www.theoxygenproject.com\\\/es\\\/\"},{\"@type\":\"ListItem\",\"position\":2,\"name\":\"El Pr\u00f3ximo Desastre Clim\u00e1tico del que Nadie Habla es el Tema a Posicionar\"}]},{\"@type\":\"WebSite\",\"@id\":\"https:\\\/\\\/www.theoxygenproject.com\\\/es\\\/#website\",\"url\":\"https:\\\/\\\/www.theoxygenproject.com\\\/es\\\/\",\"name\":\"The Oxygen Project\",\"description\":\"\",\"publisher\":{\"@id\":\"https:\\\/\\\/www.theoxygenproject.com\\\/es\\\/#organization\"},\"potentialAction\":[{\"@type\":\"SearchAction\",\"target\":{\"@type\":\"EntryPoint\",\"urlTemplate\":\"https:\\\/\\\/www.theoxygenproject.com\\\/es\\\/?s={search_term_string}\"},\"query-input\":{\"@type\":\"PropertyValueSpecification\",\"valueRequired\":true,\"valueName\":\"search_term_string\"}}],\"inLanguage\":\"en-US\"},{\"@type\":\"Organization\",\"@id\":\"https:\\\/\\\/www.theoxygenproject.com\\\/es\\\/#organization\",\"name\":\"The Oxygen Project\",\"url\":\"https:\\\/\\\/www.theoxygenproject.com\\\/es\\\/\",\"logo\":{\"@type\":\"ImageObject\",\"inLanguage\":\"en-US\",\"@id\":\"https:\\\/\\\/www.theoxygenproject.com\\\/es\\\/#\\\/schema\\\/logo\\\/image\\\/\",\"url\":\"https:\\\/\\\/www.theoxygenproject.com\\\/es\\\/wp-content\\\/uploads\\\/2024\\\/05\\\/top-logo-dark.png\",\"contentUrl\":\"https:\\\/\\\/www.theoxygenproject.com\\\/es\\\/wp-content\\\/uploads\\\/2024\\\/05\\\/top-logo-dark.png\",\"width\":384,\"height\":256,\"caption\":\"The Oxygen Project\"},\"image\":{\"@id\":\"https:\\\/\\\/www.theoxygenproject.com\\\/es\\\/#\\\/schema\\\/logo\\\/image\\\/\"},\"sameAs\":[\"https:\\\/\\\/www.facebook.com\\\/theoxygenproj\",\"https:\\\/\\\/x.com\\\/theoxygenproj\"]},{\"@type\":\"Person\",\"@id\":\"https:\\\/\\\/www.theoxygenproject.com\\\/es\\\/#\\\/schema\\\/person\\\/fd1d50a727859a9283fdd988aca8d8fb\",\"name\":\"Pilar R\u00edos\",\"image\":{\"@type\":\"ImageObject\",\"inLanguage\":\"en-US\",\"@id\":\"https:\\\/\\\/secure.gravatar.com\\\/avatar\\\/cb4cf509d6c8cf9193108e3149294241c2397964dbeb5a2a6e6b0a4a4127fc37?s=96&d=mm&r=g\",\"url\":\"https:\\\/\\\/secure.gravatar.com\\\/avatar\\\/cb4cf509d6c8cf9193108e3149294241c2397964dbeb5a2a6e6b0a4a4127fc37?s=96&d=mm&r=g\",\"contentUrl\":\"https:\\\/\\\/secure.gravatar.com\\\/avatar\\\/cb4cf509d6c8cf9193108e3149294241c2397964dbeb5a2a6e6b0a4a4127fc37?s=96&d=mm&r=g\",\"caption\":\"Pilar R\u00edos\"},\"url\":\"https:\\\/\\\/www.theoxygenproject.com\\\/es\\\/author\\\/admin-2\\\/\"}]}<\/script>\n<!-- \/ Yoast SEO plugin. -->","yoast_head_json":{"title":"El Pr\u00f3ximo Desastre Clim\u00e1tico del que Nadie Habla es el Tema a Posicionar - The Oxygen Project","robots":{"index":"index","follow":"follow","max-snippet":"max-snippet:-1","max-image-preview":"max-image-preview:large","max-video-preview":"max-video-preview:-1"},"canonical":"https:\/\/www.theoxygenproject.com\/es\/el-proximo-desastre-climatico-del-que-nadie-habla-es-el-tema-a-posicionar\/","og_locale":"en_US","og_type":"article","og_title":"El Pr\u00f3ximo Desastre Clim\u00e1tico del que Nadie Habla es el Tema a Posicionar - The Oxygen Project","og_description":"&nbsp; Daniel C\u00e1ceres se define como un agente de cambio,\u00a0 un joven que est\u00e1 buscando hacer del planeta un mejor lugar para todos los seres vivos que habitan en \u00e9l....","og_url":"https:\/\/www.theoxygenproject.com\/es\/el-proximo-desastre-climatico-del-que-nadie-habla-es-el-tema-a-posicionar\/","og_site_name":"The Oxygen Project","article_publisher":"https:\/\/www.facebook.com\/theoxygenproj","article_published_time":"2021-11-25T19:30:27+00:00","og_image":[{"width":477,"height":338,"url":"https:\/\/www.theoxygenproject.com\/es\/wp-content\/uploads\/2021\/11\/Captura-de-pantalla-2021-11-25-a-las-15.36.46.png","type":"image\/png"}],"author":"Pilar R\u00edos","twitter_card":"summary_large_image","twitter_creator":"@theoxygenproj","twitter_site":"@theoxygenproj","twitter_misc":{"Written by":"Pilar R\u00edos"},"schema":{"@context":"https:\/\/schema.org","@graph":[{"@type":"Article","@id":"https:\/\/www.theoxygenproject.com\/es\/el-proximo-desastre-climatico-del-que-nadie-habla-es-el-tema-a-posicionar\/#article","isPartOf":{"@id":"https:\/\/www.theoxygenproject.com\/es\/el-proximo-desastre-climatico-del-que-nadie-habla-es-el-tema-a-posicionar\/"},"author":{"name":"Pilar R\u00edos","@id":"https:\/\/www.theoxygenproject.com\/es\/#\/schema\/person\/fd1d50a727859a9283fdd988aca8d8fb"},"headline":"El Pr\u00f3ximo Desastre Clim\u00e1tico del que Nadie Habla es el Tema a Posicionar","datePublished":"2021-11-25T19:30:27+00:00","mainEntityOfPage":{"@id":"https:\/\/www.theoxygenproject.com\/es\/el-proximo-desastre-climatico-del-que-nadie-habla-es-el-tema-a-posicionar\/"},"wordCount":83,"publisher":{"@id":"https:\/\/www.theoxygenproject.com\/es\/#organization"},"image":{"@id":"https:\/\/www.theoxygenproject.com\/es\/el-proximo-desastre-climatico-del-que-nadie-habla-es-el-tema-a-posicionar\/#primaryimage"},"thumbnailUrl":"https:\/\/www.theoxygenproject.com\/es\/wp-content\/uploads\/2021\/11\/Captura-de-pantalla-2021-11-25-a-las-15.36.46.png","articleSection":["Acci\u00f3n Clim\u00e1tica","Agua","Defend The Deep","Fauna silvestre"],"inLanguage":"en-US"},{"@type":"WebPage","@id":"https:\/\/www.theoxygenproject.com\/es\/el-proximo-desastre-climatico-del-que-nadie-habla-es-el-tema-a-posicionar\/","url":"https:\/\/www.theoxygenproject.com\/es\/el-proximo-desastre-climatico-del-que-nadie-habla-es-el-tema-a-posicionar\/","name":"El Pr\u00f3ximo Desastre Clim\u00e1tico del que Nadie Habla es el Tema a Posicionar - The Oxygen Project","isPartOf":{"@id":"https:\/\/www.theoxygenproject.com\/es\/#website"},"primaryImageOfPage":{"@id":"https:\/\/www.theoxygenproject.com\/es\/el-proximo-desastre-climatico-del-que-nadie-habla-es-el-tema-a-posicionar\/#primaryimage"},"image":{"@id":"https:\/\/www.theoxygenproject.com\/es\/el-proximo-desastre-climatico-del-que-nadie-habla-es-el-tema-a-posicionar\/#primaryimage"},"thumbnailUrl":"https:\/\/www.theoxygenproject.com\/es\/wp-content\/uploads\/2021\/11\/Captura-de-pantalla-2021-11-25-a-las-15.36.46.png","datePublished":"2021-11-25T19:30:27+00:00","breadcrumb":{"@id":"https:\/\/www.theoxygenproject.com\/es\/el-proximo-desastre-climatico-del-que-nadie-habla-es-el-tema-a-posicionar\/#breadcrumb"},"inLanguage":"en-US","potentialAction":[{"@type":"ReadAction","target":["https:\/\/www.theoxygenproject.com\/es\/el-proximo-desastre-climatico-del-que-nadie-habla-es-el-tema-a-posicionar\/"]}]},{"@type":"ImageObject","inLanguage":"en-US","@id":"https:\/\/www.theoxygenproject.com\/es\/el-proximo-desastre-climatico-del-que-nadie-habla-es-el-tema-a-posicionar\/#primaryimage","url":"https:\/\/www.theoxygenproject.com\/es\/wp-content\/uploads\/2021\/11\/Captura-de-pantalla-2021-11-25-a-las-15.36.46.png","contentUrl":"https:\/\/www.theoxygenproject.com\/es\/wp-content\/uploads\/2021\/11\/Captura-de-pantalla-2021-11-25-a-las-15.36.46.png","width":477,"height":338},{"@type":"BreadcrumbList","@id":"https:\/\/www.theoxygenproject.com\/es\/el-proximo-desastre-climatico-del-que-nadie-habla-es-el-tema-a-posicionar\/#breadcrumb","itemListElement":[{"@type":"ListItem","position":1,"name":"Home","item":"https:\/\/www.theoxygenproject.com\/es\/"},{"@type":"ListItem","position":2,"name":"El Pr\u00f3ximo Desastre Clim\u00e1tico del que Nadie Habla es el Tema a Posicionar"}]},{"@type":"WebSite","@id":"https:\/\/www.theoxygenproject.com\/es\/#website","url":"https:\/\/www.theoxygenproject.com\/es\/","name":"The Oxygen Project","description":"","publisher":{"@id":"https:\/\/www.theoxygenproject.com\/es\/#organization"},"potentialAction":[{"@type":"SearchAction","target":{"@type":"EntryPoint","urlTemplate":"https:\/\/www.theoxygenproject.com\/es\/?s={search_term_string}"},"query-input":{"@type":"PropertyValueSpecification","valueRequired":true,"valueName":"search_term_string"}}],"inLanguage":"en-US"},{"@type":"Organization","@id":"https:\/\/www.theoxygenproject.com\/es\/#organization","name":"The Oxygen Project","url":"https:\/\/www.theoxygenproject.com\/es\/","logo":{"@type":"ImageObject","inLanguage":"en-US","@id":"https:\/\/www.theoxygenproject.com\/es\/#\/schema\/logo\/image\/","url":"https:\/\/www.theoxygenproject.com\/es\/wp-content\/uploads\/2024\/05\/top-logo-dark.png","contentUrl":"https:\/\/www.theoxygenproject.com\/es\/wp-content\/uploads\/2024\/05\/top-logo-dark.png","width":384,"height":256,"caption":"The Oxygen Project"},"image":{"@id":"https:\/\/www.theoxygenproject.com\/es\/#\/schema\/logo\/image\/"},"sameAs":["https:\/\/www.facebook.com\/theoxygenproj","https:\/\/x.com\/theoxygenproj"]},{"@type":"Person","@id":"https:\/\/www.theoxygenproject.com\/es\/#\/schema\/person\/fd1d50a727859a9283fdd988aca8d8fb","name":"Pilar R\u00edos","image":{"@type":"ImageObject","inLanguage":"en-US","@id":"https:\/\/secure.gravatar.com\/avatar\/cb4cf509d6c8cf9193108e3149294241c2397964dbeb5a2a6e6b0a4a4127fc37?s=96&d=mm&r=g","url":"https:\/\/secure.gravatar.com\/avatar\/cb4cf509d6c8cf9193108e3149294241c2397964dbeb5a2a6e6b0a4a4127fc37?s=96&d=mm&r=g","contentUrl":"https:\/\/secure.gravatar.com\/avatar\/cb4cf509d6c8cf9193108e3149294241c2397964dbeb5a2a6e6b0a4a4127fc37?s=96&d=mm&r=g","caption":"Pilar R\u00edos"},"url":"https:\/\/www.theoxygenproject.com\/es\/author\/admin-2\/"}]}},"_links":{"self":[{"href":"https:\/\/www.theoxygenproject.com\/es\/wp-json\/wp\/v2\/posts\/1432","targetHints":{"allow":["GET"]}}],"collection":[{"href":"https:\/\/www.theoxygenproject.com\/es\/wp-json\/wp\/v2\/posts"}],"about":[{"href":"https:\/\/www.theoxygenproject.com\/es\/wp-json\/wp\/v2\/types\/post"}],"author":[{"embeddable":true,"href":"https:\/\/www.theoxygenproject.com\/es\/wp-json\/wp\/v2\/users\/3"}],"replies":[{"embeddable":true,"href":"https:\/\/www.theoxygenproject.com\/es\/wp-json\/wp\/v2\/comments?post=1432"}],"version-history":[{"count":0,"href":"https:\/\/www.theoxygenproject.com\/es\/wp-json\/wp\/v2\/posts\/1432\/revisions"}],"wp:attachment":[{"href":"https:\/\/www.theoxygenproject.com\/es\/wp-json\/wp\/v2\/media?parent=1432"}],"wp:term":[{"taxonomy":"category","embeddable":true,"href":"https:\/\/www.theoxygenproject.com\/es\/wp-json\/wp\/v2\/categories?post=1432"},{"taxonomy":"post_tag","embeddable":true,"href":"https:\/\/www.theoxygenproject.com\/es\/wp-json\/wp\/v2\/tags?post=1432"}],"curies":[{"name":"wp","href":"https:\/\/api.w.org\/{rel}","templated":true}]}}